{"id":453,"date":"2022-07-27T16:20:00","date_gmt":"2022-07-27T16:20:00","guid":{"rendered":"https:\/\/saltoecologico.es\/?p=453"},"modified":"2025-04-13T16:20:52","modified_gmt":"2025-04-13T16:20:52","slug":"europa-y-los-puertos","status":"publish","type":"post","link":"https:\/\/saltoecologico.es\/index.php\/2022\/07\/27\/europa-y-los-puertos\/","title":{"rendered":"Europa y los puertos"},"content":{"rendered":"\n<p class=\"wp-block-paragraph\">Como ya es p\u00fablico y notorio, la empresa <strong>Totisa tiene previsto instalar sendas plantas de gas natural licuado (GNL) en los muelles de Santa Cruz de Tenerife y Las Palmas de Gran Canaria<\/strong>, as\u00ed como <strong>sendas plantas de generaci\u00f3n el\u00e9ctrica de 70 MW alimentadas por el mismo combustible<\/strong>.<\/p>\n\n\n\n<p class=\"wp-block-paragraph\">Seg\u00fan las administraciones y distintos colectivos que defienden estas instalaciones, la <strong>raz\u00f3n \u00faltima que las justifica<\/strong> es que, desde Europa, <strong>nos exigen tener instalaciones de GNL y suministro de electricidad desde tierra para los barcos que lleguen a nuestros puertos<\/strong>.<\/p>\n\n\n\n<p class=\"wp-block-paragraph\">Es cierto que existe una directiva, concretamente la <strong>2014\/94\/UE<\/strong>, que literalmente dice en su art\u00edculo 6:<br><strong>\u201cLos Estados miembros dispondr\u00e1n lo necesario, a trav\u00e9s de sus marcos de acci\u00f3n nacionales, para que exista un n\u00famero adecuado de puntos de repostaje de GNL en los puertos mar\u00edtimos, a fin de que las embarcaciones de GNL de navegaci\u00f3n interior o mar\u00edtimas puedan circular a trav\u00e9s de la red b\u00e1sica de la RTE-T el 31 de diciembre de 2025 a m\u00e1s tardar.\u201d<\/strong><br>Pero no es menos cierto que en el mismo art\u00edculo se a\u00f1ade el siguiente literal:<br><strong>\u201cLos Estados miembros designar\u00e1n en sus marcos de acci\u00f3n nacionales los puertos mar\u00edtimos e interiores que deban ofrecer acceso a los puntos de repostaje de GNL a los que se refieren los apartados 1 y 2, teniendo tambi\u00e9n en cuenta las necesidades reales del mercado.\u201d<\/strong><\/p>\n\n\n\n<p class=\"wp-block-paragraph\">Es precisamente en este \u00faltimo texto donde <strong>se desmonta todo el argumento inicial<\/strong>, porque el legislador europeo, <strong>con muy buen criterio, vincula la normativa a \u201clas necesidades reales del mercado\u201d<\/strong> y a d\u00eda de hoy esas necesidades dejan en mal lugar, desde un punto de vista de la viabilidad del proyecto empresarial, estas iniciativas. <strong>En la actualidad hay 221 barcos en operaci\u00f3n propulsados por GNL<\/strong>, mientras que en 2018 <strong>la flota mundial de buques mercantes estaba compuesta por 58.329 unidades<\/strong>. En otras palabras, <strong>considerando datos del 2018, la proporci\u00f3n de barcos que usan GNL es del 0,4%<\/strong>.<\/p>\n\n\n\n<p class=\"wp-block-paragraph\">Para m\u00e1s inri, en la parte de considerandos de la misma directiva se expone lo siguiente:<br><strong>\u201cLa decisi\u00f3n sobre la ubicaci\u00f3n de los puntos de repostaje de GNL en los puertos debe basarse en un an\u00e1lisis coste-beneficio que incluya un examen de los beneficios medioambientales. Deben tenerse tambi\u00e9n en cuenta las disposiciones aplicables en materia de seguridad. La implantaci\u00f3n de una infraestructura para el GNL contemplada en la presente Directiva no debe frenar el desarrollo de otros combustibles alternativos energ\u00e9ticamente eficientes que puedan aparecer.\u201d<\/strong><br>Por lo dicho anteriormente, <strong>no parece que los proyectos puedan soportar un adecuado an\u00e1lisis costes-beneficios y mucho menos desde el punto de vista medioambiental<\/strong>. Adem\u00e1s, <strong>un combustible como el amoniaco<\/strong>, tan bien considerado en <strong>las estrategias del ITC para el Gobierno de Canarias<\/strong>, <strong>sufrir\u00eda un varapalo importante en su desarrollo<\/strong>.<\/p>\n\n\n\n<p class=\"wp-block-paragraph\"><strong>\u00bfEntonces estamos ante un proyecto empresarial sin fundamento econ\u00f3mico?<\/strong> Para nada. <strong>La aut\u00e9ntica rentabilidad de los proyectos radica en la planta de generaci\u00f3n el\u00e9ctrica<\/strong>, que <strong>contrariamente a lo que se dice<\/strong>, con toda probabilidad, <strong>se conectar\u00e1 a la red el\u00e9ctrica de cada isla, funcionando a su potencia nominal de 70 MW durante todo el tiempo<\/strong>, con los consiguientes ingresos que ello acarrea. Adem\u00e1s, <strong>dado el \u00faltimo giro que han tomado las altas instancias europeas<\/strong>, en el sentido de <strong>considerar al gas y a las nucleares como energ\u00eda verdes a efectos de financiaci\u00f3n<\/strong>, estas instalaciones <strong>se podr\u00e1n favorecer de fondos europeos<\/strong>, y <strong>no descartamos que se est\u00e9 barajando la posibilidad de que puedan acceder al \u201cR\u00e9gimen Econ\u00f3mico de las Energ\u00edas Renovables\u201d<\/strong>, con lo que <strong>los ingresos se disparar\u00edan<\/strong>, al poder acceder a <strong>retribuciones por inversi\u00f3n, por mantenimiento y operaci\u00f3n, aparte de por la venta de energ\u00eda<\/strong>.<\/p>\n\n\n\n<p class=\"wp-block-paragraph\"><strong>Una vez m\u00e1s constatamos c\u00f3mo algunos empresarios y algunas administraciones ponen por delante el beneficio econ\u00f3mico a las necesidades medioambientales<\/strong> y <strong>una vez m\u00e1s constatamos c\u00f3mo una norma que nace con la idea de reducir la contaminaci\u00f3n y favorecer los combustibles alternativos, es retorcida torticeramente por cuestiones puramente de lucro y ego\u00edsmo empresarial<\/strong>.<\/p>\n\n\n\n<hr class=\"wp-block-separator has-alpha-channel-opacity\"\/>\n\n\n\n<p class=\"wp-block-paragraph\"><\/p>\n","protected":false},"excerpt":{"rendered":"<p>Como ya es p\u00fablico y notorio, la empresa Totisa tiene previsto instalar sendas plantas de gas natural licuado (GNL) en los muelles de Santa Cruz de Tenerife y Las Palmas de Gran Canaria, as\u00ed como sendas plantas de generaci\u00f3n el\u00e9ctrica de 70 MW alimentadas por el mismo combustible. Seg\u00fan las administraciones y distintos colectivos que [&hellip;]<\/p>\n","protected":false},"author":1,"featured_media":454,"comment_status":"open","ping_status":"open","sticky":false,"template":"","format":"standard","meta":{"footnotes":""},"categories":[49,33],"tags":[],"class_list":["post-453","post","type-post","status-publish","format-standard","has-post-thumbnail","category-g_totisa","category-gnl"],"yoast_head":"<!-- This site is optimized with the Yoast SEO plugin v28.2 - https:\/\/yoast.com\/product\/yoast-seo-wordpress\/ -->\n<title>Europa y los puertos - Salto Ecol\u00f3gico<\/title>\n<meta name=\"robots\" content=\"index, follow, max-snippet:-1, max-image-preview:large, max-video-preview:-1\" \/>\n<link rel=\"canonical\" href=\"https:\/\/saltoecologico.es\/index.php\/2022\/07\/27\/europa-y-los-puertos\/\" \/>\n<meta property=\"og:locale\" content=\"es_ES\" \/>\n<meta property=\"og:type\" content=\"article\" \/>\n<meta property=\"og:title\" content=\"Europa y los puertos - Salto Ecol\u00f3gico\" \/>\n<meta property=\"og:description\" content=\"Como ya es p\u00fablico y notorio, la empresa Totisa tiene previsto instalar sendas plantas de gas natural licuado (GNL) en los muelles de Santa Cruz de Tenerife y Las Palmas de Gran Canaria, as\u00ed como sendas plantas de generaci\u00f3n el\u00e9ctrica de 70 MW alimentadas por el mismo combustible. Seg\u00fan las administraciones y distintos colectivos que [&hellip;]\" \/>\n<meta property=\"og:url\" content=\"https:\/\/saltoecologico.es\/index.php\/2022\/07\/27\/europa-y-los-puertos\/\" \/>\n<meta property=\"og:site_name\" content=\"Salto Ecol\u00f3gico\" \/>\n<meta property=\"article:publisher\" content=\"https:\/\/www.facebook.com\/Saltotransicionecologica\" \/>\n<meta property=\"article:published_time\" content=\"2022-07-27T16:20:00+00:00\" \/>\n<meta property=\"article:modified_time\" content=\"2025-04-13T16:20:52+00:00\" \/>\n<meta property=\"og:image\" content=\"https:\/\/saltoecologico.es\/wp-content\/uploads\/2025\/04\/GNL4.jpg\" \/>\n\t<meta property=\"og:image:width\" content=\"1024\" \/>\n\t<meta property=\"og:image:height\" content=\"575\" \/>\n\t<meta property=\"og:image:type\" content=\"image\/jpeg\" \/>\n<meta name=\"author\" content=\"admin\" \/>\n<meta name=\"twitter:card\" content=\"summary_large_image\" \/>\n<meta name=\"twitter:label1\" content=\"Escrito por\" \/>\n\t<meta name=\"twitter:data1\" content=\"admin\" \/>\n\t<meta name=\"twitter:label2\" content=\"Tiempo de lectura\" \/>\n\t<meta name=\"twitter:data2\" content=\"4 minutos\" \/>\n<script type=\"application\/ld+json\" class=\"yoast-schema-graph\">{\"@context\":\"https:\\\/\\\/schema.org\",\"@graph\":[{\"@type\":\"Article\",\"@id\":\"https:\\\/\\\/saltoecologico.es\\\/index.php\\\/2022\\\/07\\\/27\\\/europa-y-los-puertos\\\/#article\",\"isPartOf\":{\"@id\":\"https:\\\/\\\/saltoecologico.es\\\/index.php\\\/2022\\\/07\\\/27\\\/europa-y-los-puertos\\\/\"},\"author\":{\"name\":\"admin\",\"@id\":\"https:\\\/\\\/saltoecologico.es\\\/#\\\/schema\\\/person\\\/7175eec4b3c123d86c675313c3a01a0b\"},\"headline\":\"Europa y los puertos\",\"datePublished\":\"2022-07-27T16:20:00+00:00\",\"dateModified\":\"2025-04-13T16:20:52+00:00\",\"mainEntityOfPage\":{\"@id\":\"https:\\\/\\\/saltoecologico.es\\\/index.php\\\/2022\\\/07\\\/27\\\/europa-y-los-puertos\\\/\"},\"wordCount\":706,\"commentCount\":0,\"publisher\":{\"@id\":\"https:\\\/\\\/saltoecologico.es\\\/#organization\"},\"image\":{\"@id\":\"https:\\\/\\\/saltoecologico.es\\\/index.php\\\/2022\\\/07\\\/27\\\/europa-y-los-puertos\\\/#primaryimage\"},\"thumbnailUrl\":\"https:\\\/\\\/saltoecologico.es\\\/wp-content\\\/uploads\\\/2025\\\/04\\\/GNL4.jpg\",\"articleSection\":[\"G_Totisa\",\"GNL\"],\"inLanguage\":\"es\",\"potentialAction\":[{\"@type\":\"CommentAction\",\"name\":\"Comment\",\"target\":[\"https:\\\/\\\/saltoecologico.es\\\/index.php\\\/2022\\\/07\\\/27\\\/europa-y-los-puertos\\\/#respond\"]}]},{\"@type\":\"WebPage\",\"@id\":\"https:\\\/\\\/saltoecologico.es\\\/index.php\\\/2022\\\/07\\\/27\\\/europa-y-los-puertos\\\/\",\"url\":\"https:\\\/\\\/saltoecologico.es\\\/index.php\\\/2022\\\/07\\\/27\\\/europa-y-los-puertos\\\/\",\"name\":\"Europa y los puertos - Salto Ecol\u00f3gico\",\"isPartOf\":{\"@id\":\"https:\\\/\\\/saltoecologico.es\\\/#website\"},\"primaryImageOfPage\":{\"@id\":\"https:\\\/\\\/saltoecologico.es\\\/index.php\\\/2022\\\/07\\\/27\\\/europa-y-los-puertos\\\/#primaryimage\"},\"image\":{\"@id\":\"https:\\\/\\\/saltoecologico.es\\\/index.php\\\/2022\\\/07\\\/27\\\/europa-y-los-puertos\\\/#primaryimage\"},\"thumbnailUrl\":\"https:\\\/\\\/saltoecologico.es\\\/wp-content\\\/uploads\\\/2025\\\/04\\\/GNL4.jpg\",\"datePublished\":\"2022-07-27T16:20:00+00:00\",\"dateModified\":\"2025-04-13T16:20:52+00:00\",\"breadcrumb\":{\"@id\":\"https:\\\/\\\/saltoecologico.es\\\/index.php\\\/2022\\\/07\\\/27\\\/europa-y-los-puertos\\\/#breadcrumb\"},\"inLanguage\":\"es\",\"potentialAction\":[{\"@type\":\"ReadAction\",\"target\":[\"https:\\\/\\\/saltoecologico.es\\\/index.php\\\/2022\\\/07\\\/27\\\/europa-y-los-puertos\\\/\"]}]},{\"@type\":\"ImageObject\",\"inLanguage\":\"es\",\"@id\":\"https:\\\/\\\/saltoecologico.es\\\/index.php\\\/2022\\\/07\\\/27\\\/europa-y-los-puertos\\\/#primaryimage\",\"url\":\"https:\\\/\\\/saltoecologico.es\\\/wp-content\\\/uploads\\\/2025\\\/04\\\/GNL4.jpg\",\"contentUrl\":\"https:\\\/\\\/saltoecologico.es\\\/wp-content\\\/uploads\\\/2025\\\/04\\\/GNL4.jpg\",\"width\":1024,\"height\":575,\"caption\":\"Gas storage sphere tank in petrochemical industry zone with oil and gas refinery factory plant petrochemical industry and oil storage tank background, Oil refinery at twilight.\"},{\"@type\":\"BreadcrumbList\",\"@id\":\"https:\\\/\\\/saltoecologico.es\\\/index.php\\\/2022\\\/07\\\/27\\\/europa-y-los-puertos\\\/#breadcrumb\",\"itemListElement\":[{\"@type\":\"ListItem\",\"position\":1,\"name\":\"Portada\",\"item\":\"https:\\\/\\\/saltoecologico.es\\\/\"},{\"@type\":\"ListItem\",\"position\":2,\"name\":\"Europa y los puertos\"}]},{\"@type\":\"WebSite\",\"@id\":\"https:\\\/\\\/saltoecologico.es\\\/#website\",\"url\":\"https:\\\/\\\/saltoecologico.es\\\/\",\"name\":\"Salto Ecol\u00f3gico\",\"description\":\"\",\"publisher\":{\"@id\":\"https:\\\/\\\/saltoecologico.es\\\/#organization\"},\"potentialAction\":[{\"@type\":\"SearchAction\",\"target\":{\"@type\":\"EntryPoint\",\"urlTemplate\":\"https:\\\/\\\/saltoecologico.es\\\/?s={search_term_string}\"},\"query-input\":{\"@type\":\"PropertyValueSpecification\",\"valueRequired\":true,\"valueName\":\"search_term_string\"}}],\"inLanguage\":\"es\"},{\"@type\":\"Organization\",\"@id\":\"https:\\\/\\\/saltoecologico.es\\\/#organization\",\"name\":\"Salto a la Transici\u00f3n Ecol\u00f3gica\",\"url\":\"https:\\\/\\\/saltoecologico.es\\\/\",\"logo\":{\"@type\":\"ImageObject\",\"inLanguage\":\"es\",\"@id\":\"https:\\\/\\\/saltoecologico.es\\\/#\\\/schema\\\/logo\\\/image\\\/\",\"url\":\"https:\\\/\\\/saltoecologico.es\\\/wp-content\\\/uploads\\\/2025\\\/04\\\/Logo-STE.jpg\",\"contentUrl\":\"https:\\\/\\\/saltoecologico.es\\\/wp-content\\\/uploads\\\/2025\\\/04\\\/Logo-STE.jpg\",\"width\":435,\"height\":435,\"caption\":\"Salto a la Transici\u00f3n Ecol\u00f3gica\"},\"image\":{\"@id\":\"https:\\\/\\\/saltoecologico.es\\\/#\\\/schema\\\/logo\\\/image\\\/\"},\"sameAs\":[\"https:\\\/\\\/www.facebook.com\\\/Saltotransicionecologica\"]},{\"@type\":\"Person\",\"@id\":\"https:\\\/\\\/saltoecologico.es\\\/#\\\/schema\\\/person\\\/7175eec4b3c123d86c675313c3a01a0b\",\"name\":\"admin\",\"image\":{\"@type\":\"ImageObject\",\"inLanguage\":\"es\",\"@id\":\"https:\\\/\\\/secure.gravatar.com\\\/avatar\\\/4c215dc57bbc7b2f2f470ac9bd197f3f112636a584e575a732d0206a2d9c9806?s=96&d=mm&r=g\",\"url\":\"https:\\\/\\\/secure.gravatar.com\\\/avatar\\\/4c215dc57bbc7b2f2f470ac9bd197f3f112636a584e575a732d0206a2d9c9806?s=96&d=mm&r=g\",\"contentUrl\":\"https:\\\/\\\/secure.gravatar.com\\\/avatar\\\/4c215dc57bbc7b2f2f470ac9bd197f3f112636a584e575a732d0206a2d9c9806?s=96&d=mm&r=g\",\"caption\":\"admin\"},\"sameAs\":[\"https:\\\/\\\/saltoecologico.es\"],\"url\":\"https:\\\/\\\/saltoecologico.es\\\/index.php\\\/author\\\/saltoecologico\\\/\"}]}<\/script>\n<!-- \/ Yoast SEO plugin. -->","yoast_head_json":{"title":"Europa y los puertos - Salto Ecol\u00f3gico","robots":{"index":"index","follow":"follow","max-snippet":"max-snippet:-1","max-image-preview":"max-image-preview:large","max-video-preview":"max-video-preview:-1"},"canonical":"https:\/\/saltoecologico.es\/index.php\/2022\/07\/27\/europa-y-los-puertos\/","og_locale":"es_ES","og_type":"article","og_title":"Europa y los puertos - Salto Ecol\u00f3gico","og_description":"Como ya es p\u00fablico y notorio, la empresa Totisa tiene previsto instalar sendas plantas de gas natural licuado (GNL) en los muelles de Santa Cruz de Tenerife y Las Palmas de Gran Canaria, as\u00ed como sendas plantas de generaci\u00f3n el\u00e9ctrica de 70 MW alimentadas por el mismo combustible. Seg\u00fan las administraciones y distintos colectivos que [&hellip;]","og_url":"https:\/\/saltoecologico.es\/index.php\/2022\/07\/27\/europa-y-los-puertos\/","og_site_name":"Salto Ecol\u00f3gico","article_publisher":"https:\/\/www.facebook.com\/Saltotransicionecologica","article_published_time":"2022-07-27T16:20:00+00:00","article_modified_time":"2025-04-13T16:20:52+00:00","og_image":[{"width":1024,"height":575,"url":"https:\/\/saltoecologico.es\/wp-content\/uploads\/2025\/04\/GNL4.jpg","type":"image\/jpeg"}],"author":"admin","twitter_card":"summary_large_image","twitter_misc":{"Escrito por":"admin","Tiempo de lectura":"4 minutos"},"schema":{"@context":"https:\/\/schema.org","@graph":[{"@type":"Article","@id":"https:\/\/saltoecologico.es\/index.php\/2022\/07\/27\/europa-y-los-puertos\/#article","isPartOf":{"@id":"https:\/\/saltoecologico.es\/index.php\/2022\/07\/27\/europa-y-los-puertos\/"},"author":{"name":"admin","@id":"https:\/\/saltoecologico.es\/#\/schema\/person\/7175eec4b3c123d86c675313c3a01a0b"},"headline":"Europa y los puertos","datePublished":"2022-07-27T16:20:00+00:00","dateModified":"2025-04-13T16:20:52+00:00","mainEntityOfPage":{"@id":"https:\/\/saltoecologico.es\/index.php\/2022\/07\/27\/europa-y-los-puertos\/"},"wordCount":706,"commentCount":0,"publisher":{"@id":"https:\/\/saltoecologico.es\/#organization"},"image":{"@id":"https:\/\/saltoecologico.es\/index.php\/2022\/07\/27\/europa-y-los-puertos\/#primaryimage"},"thumbnailUrl":"https:\/\/saltoecologico.es\/wp-content\/uploads\/2025\/04\/GNL4.jpg","articleSection":["G_Totisa","GNL"],"inLanguage":"es","potentialAction":[{"@type":"CommentAction","name":"Comment","target":["https:\/\/saltoecologico.es\/index.php\/2022\/07\/27\/europa-y-los-puertos\/#respond"]}]},{"@type":"WebPage","@id":"https:\/\/saltoecologico.es\/index.php\/2022\/07\/27\/europa-y-los-puertos\/","url":"https:\/\/saltoecologico.es\/index.php\/2022\/07\/27\/europa-y-los-puertos\/","name":"Europa y los puertos - Salto Ecol\u00f3gico","isPartOf":{"@id":"https:\/\/saltoecologico.es\/#website"},"primaryImageOfPage":{"@id":"https:\/\/saltoecologico.es\/index.php\/2022\/07\/27\/europa-y-los-puertos\/#primaryimage"},"image":{"@id":"https:\/\/saltoecologico.es\/index.php\/2022\/07\/27\/europa-y-los-puertos\/#primaryimage"},"thumbnailUrl":"https:\/\/saltoecologico.es\/wp-content\/uploads\/2025\/04\/GNL4.jpg","datePublished":"2022-07-27T16:20:00+00:00","dateModified":"2025-04-13T16:20:52+00:00","breadcrumb":{"@id":"https:\/\/saltoecologico.es\/index.php\/2022\/07\/27\/europa-y-los-puertos\/#breadcrumb"},"inLanguage":"es","potentialAction":[{"@type":"ReadAction","target":["https:\/\/saltoecologico.es\/index.php\/2022\/07\/27\/europa-y-los-puertos\/"]}]},{"@type":"ImageObject","inLanguage":"es","@id":"https:\/\/saltoecologico.es\/index.php\/2022\/07\/27\/europa-y-los-puertos\/#primaryimage","url":"https:\/\/saltoecologico.es\/wp-content\/uploads\/2025\/04\/GNL4.jpg","contentUrl":"https:\/\/saltoecologico.es\/wp-content\/uploads\/2025\/04\/GNL4.jpg","width":1024,"height":575,"caption":"Gas storage sphere tank in petrochemical industry zone with oil and gas refinery factory plant petrochemical industry and oil storage tank background, Oil refinery at twilight."},{"@type":"BreadcrumbList","@id":"https:\/\/saltoecologico.es\/index.php\/2022\/07\/27\/europa-y-los-puertos\/#breadcrumb","itemListElement":[{"@type":"ListItem","position":1,"name":"Portada","item":"https:\/\/saltoecologico.es\/"},{"@type":"ListItem","position":2,"name":"Europa y los puertos"}]},{"@type":"WebSite","@id":"https:\/\/saltoecologico.es\/#website","url":"https:\/\/saltoecologico.es\/","name":"Salto Ecol\u00f3gico","description":"","publisher":{"@id":"https:\/\/saltoecologico.es\/#organization"},"potentialAction":[{"@type":"SearchAction","target":{"@type":"EntryPoint","urlTemplate":"https:\/\/saltoecologico.es\/?s={search_term_string}"},"query-input":{"@type":"PropertyValueSpecification","valueRequired":true,"valueName":"search_term_string"}}],"inLanguage":"es"},{"@type":"Organization","@id":"https:\/\/saltoecologico.es\/#organization","name":"Salto a la Transici\u00f3n Ecol\u00f3gica","url":"https:\/\/saltoecologico.es\/","logo":{"@type":"ImageObject","inLanguage":"es","@id":"https:\/\/saltoecologico.es\/#\/schema\/logo\/image\/","url":"https:\/\/saltoecologico.es\/wp-content\/uploads\/2025\/04\/Logo-STE.jpg","contentUrl":"https:\/\/saltoecologico.es\/wp-content\/uploads\/2025\/04\/Logo-STE.jpg","width":435,"height":435,"caption":"Salto a la Transici\u00f3n Ecol\u00f3gica"},"image":{"@id":"https:\/\/saltoecologico.es\/#\/schema\/logo\/image\/"},"sameAs":["https:\/\/www.facebook.com\/Saltotransicionecologica"]},{"@type":"Person","@id":"https:\/\/saltoecologico.es\/#\/schema\/person\/7175eec4b3c123d86c675313c3a01a0b","name":"admin","image":{"@type":"ImageObject","inLanguage":"es","@id":"https:\/\/secure.gravatar.com\/avatar\/4c215dc57bbc7b2f2f470ac9bd197f3f112636a584e575a732d0206a2d9c9806?s=96&d=mm&r=g","url":"https:\/\/secure.gravatar.com\/avatar\/4c215dc57bbc7b2f2f470ac9bd197f3f112636a584e575a732d0206a2d9c9806?s=96&d=mm&r=g","contentUrl":"https:\/\/secure.gravatar.com\/avatar\/4c215dc57bbc7b2f2f470ac9bd197f3f112636a584e575a732d0206a2d9c9806?s=96&d=mm&r=g","caption":"admin"},"sameAs":["https:\/\/saltoecologico.es"],"url":"https:\/\/saltoecologico.es\/index.php\/author\/saltoecologico\/"}]}},"_links":{"self":[{"href":"https:\/\/saltoecologico.es\/index.php\/wp-json\/wp\/v2\/posts\/453","targetHints":{"allow":["GET"]}}],"collection":[{"href":"https:\/\/saltoecologico.es\/index.php\/wp-json\/wp\/v2\/posts"}],"about":[{"href":"https:\/\/saltoecologico.es\/index.php\/wp-json\/wp\/v2\/types\/post"}],"author":[{"embeddable":true,"href":"https:\/\/saltoecologico.es\/index.php\/wp-json\/wp\/v2\/users\/1"}],"replies":[{"embeddable":true,"href":"https:\/\/saltoecologico.es\/index.php\/wp-json\/wp\/v2\/comments?post=453"}],"version-history":[{"count":1,"href":"https:\/\/saltoecologico.es\/index.php\/wp-json\/wp\/v2\/posts\/453\/revisions"}],"predecessor-version":[{"id":455,"href":"https:\/\/saltoecologico.es\/index.php\/wp-json\/wp\/v2\/posts\/453\/revisions\/455"}],"wp:featuredmedia":[{"embeddable":true,"href":"https:\/\/saltoecologico.es\/index.php\/wp-json\/wp\/v2\/media\/454"}],"wp:attachment":[{"href":"https:\/\/saltoecologico.es\/index.php\/wp-json\/wp\/v2\/media?parent=453"}],"wp:term":[{"taxonomy":"category","embeddable":true,"href":"https:\/\/saltoecologico.es\/index.php\/wp-json\/wp\/v2\/categories?post=453"},{"taxonomy":"post_tag","embeddable":true,"href":"https:\/\/saltoecologico.es\/index.php\/wp-json\/wp\/v2\/tags?post=453"}],"curies":[{"name":"wp","href":"https:\/\/api.w.org\/{rel}","templated":true}]}}