{"id":456,"date":"2022-07-31T16:25:00","date_gmt":"2022-07-31T16:25:00","guid":{"rendered":"https:\/\/saltoecologico.es\/?p=456"},"modified":"2025-04-13T16:26:05","modified_gmt":"2025-04-13T16:26:05","slug":"no-es-lo-mismo","status":"publish","type":"post","link":"https:\/\/saltoecologico.es\/index.php\/2022\/07\/31\/no-es-lo-mismo\/","title":{"rendered":"No es lo mismo"},"content":{"rendered":"\n<p class=\"wp-block-paragraph\">Ante la convocatoria de manifestaci\u00f3n del 22 de octubre con el lema <strong>\u201cSalvar Canarias, salvar Gran Canaria\u201d<\/strong>, en la que entre otras cosas se quiere <strong>reivindicar la oposici\u00f3n a la construcci\u00f3n del proyecto Cuna del Alma<\/strong> en el Puertito de Adeje, en la isla de Tenerife, desde <strong>Salto a la Transici\u00f3n Ecol\u00f3gica<\/strong> queremos aclarar que <strong>estamos totalmente en contra de macroproyectos tur\u00edsticos como el que amenaza el Puertito de Adeje<\/strong> y <strong>apoyamos sin fisuras a todos los colectivos que se oponen a su construcci\u00f3n<\/strong>. Dicho lo anterior, tenemos que manifestar <strong>nuestro total desacuerdo a que se equiparen macroproyectos como el mencionado con el proyecto del Salto de Chira<\/strong>, dado que <strong>los principios y finalidades de ambos proyectos son radicalmente distintos<\/strong>.<\/p>\n\n\n\n<p class=\"wp-block-paragraph\">Desde los colectivos que se oponen a la construcci\u00f3n del proyecto de bombeo <strong>dan una serie de razones t\u00e9cnicas que para nada se ajustan a la realidad<\/strong>, y que entendemos <strong>se hacen desde una falta de informaci\u00f3n adecuada<\/strong>, porque de no ser as\u00ed, <strong>ser\u00edan muy graves sus afirmaciones<\/strong>.<\/p>\n\n\n\n<p class=\"wp-block-paragraph\"><strong>En primer lugar<\/strong>, se afirma que <strong>\u201ces una tecnolog\u00eda obsoleta que no ayuda a aumentar la penetraci\u00f3n (suponemos que de renovables), solo contribuye a nivelar la red mediante el mercado de compraventa de energ\u00eda\u201d<\/strong>. Si bien cuando surgieron este tipo de dispositivos y en sistemas grandes como el peninsular esa podr\u00eda ser una de sus funciones, hace tiempo que <strong>los sistemas hidr\u00e1ulicos reversibles pasaron a tener otras muchas funciones<\/strong>. En el caso de los <strong>sistemas aislados<\/strong>, ni por asomo se dise\u00f1an para esa tarea. Si se hubiese tenido un poquito de inter\u00e9s en recabar informaci\u00f3n correcta, simplemente con ir a la web del <strong>sistema el\u00e9ctrico de El Hierro<\/strong>, se puede ver c\u00f3mo, en ning\u00fan momento se bombea por la noche y se turbina por el d\u00eda, <strong>sino que las condiciones del bombeo y el turbinado lo dicta el viento existente<\/strong>. Y s\u00ed, naturalmente hablamos de <strong>Gorona del Viento<\/strong>, ese \u201cbodrio\u201d de instalaci\u00f3n que muchos tachan de fracaso total, olvidando que <strong>ha sido un laboratorio formidable para que el operador del sistema pudiera probar, en un sistema real, todas las t\u00e9cnicas y funcionamientos que ahora van a ser aplicados en el Salto de Chira<\/strong>.<\/p>\n\n\n\n<p class=\"wp-block-paragraph\">El <strong>Salto de Chira<\/strong> tendr\u00e1 varias <strong>caracter\u00edsticas funcionales de car\u00e1cter principal<\/strong> en su d\u00eda a d\u00eda:<\/p>\n\n\n\n<ul class=\"wp-block-list\">\n<li>Ser\u00e1 <strong>una pila de dimensiones colosales para guardar los excedentes de las renovables<\/strong> cuando no quepan en la red.<\/li>\n\n\n\n<li>A medida que aumente la penetraci\u00f3n de renovables, ser\u00e1 <strong>el sistema encargado de proporcionar la necesaria gestionabilidad, a la e\u00f3lica y a la fotovoltaica<\/strong>, que por definici\u00f3n <strong>no son gestionables<\/strong>.<\/li>\n\n\n\n<li>Al igual que <strong>Gorona del Viento ha permitido estar 25 d\u00edas con una penetraci\u00f3n del 100% de renovables<\/strong>, el <strong>Salto de Chira llevar\u00e1 al m\u00e1ximo de penetraci\u00f3n las energ\u00edas renovables en Gran Canaria<\/strong>, permitiendo, a corto plazo y al igual que el sistema herre\u00f1o, <strong>muchos d\u00edas en que la isla se abastezca solo con renovables completamente<\/strong>. En el futuro, y con apoyo de m\u00e1s bombeos, <strong>se conseguir\u00e1 un sistema totalmente sostenible y verde<\/strong>.<\/li>\n\n\n\n<li>Funcionar\u00e1 como un <strong>generador tipo A<\/strong>, que <strong>proporcionar\u00e1 las condiciones adecuadas para solventar reg\u00edmenes transitorios e inestables<\/strong>, propios de momentos con incidencias.<\/li>\n<\/ul>\n\n\n\n<p class=\"wp-block-paragraph\"><strong>En segundo lugar<\/strong>, se dice que <strong>\u201cno contribuye a la descarbonizaci\u00f3n. No tiene nada que ver con el cambio clim\u00e1tico\u201d<\/strong>. Decir que un sistema que <strong>abre la puerta a una penetraci\u00f3n del 100% de renovables<\/strong>, que <strong>permite eliminar la quema de una sola gota de combustible f\u00f3sil<\/strong> en nuestra isla y que <strong>garantiza un sistema verde y sostenible<\/strong>, <strong>\u201cno contribuye a la descarbonizaci\u00f3n\u201d<\/strong>, es <strong>un argumento que se descalifica por s\u00ed solo<\/strong>.<\/p>\n\n\n\n<p class=\"wp-block-paragraph\"><strong>En tercer lugar<\/strong>, <strong>\u201cla capacidad de almacenamiento de Chira es irrelevante e innecesaria\u201d<\/strong>. Al parecer esto se debe a que si se compara con las presas peninsulares, <strong>la nuestra se queda muy corta<\/strong>, obviando un dato categ\u00f3rico: mientras <strong>el sistema peninsular tiene una punta de unos 32.000 MW<\/strong>, la <strong>punta de Gran Canaria es de apenas 490 MW<\/strong>. Para hacernos una idea m\u00e1s clara, hace poco se inaugur\u00f3 <strong>una de las centrales hidroel\u00e9ctricas reversibles mayores de Europa<\/strong>, <strong>Nant de Dance<\/strong>, en el cant\u00f3n de Valais, Suiza, <strong>con una potencia instalada de 900 MW<\/strong>. Pues bien, si esta instalaci\u00f3n estuviera en Espa\u00f1a la relaci\u00f3n ser\u00eda de 35,6 veces, mientras que <strong>en el caso grancanario la relaci\u00f3n es de 2,45<\/strong>. Obviamente, a pesar de ser netamente menor, <strong>su impacto en el sistema que se integra es infinitamente mayor<\/strong>.<\/p>\n\n\n\n<p class=\"wp-block-paragraph\"><strong>En cuarto lugar<\/strong>, <strong>\u201cla desalaci\u00f3n y el bombeo encarecen los costos de la central y la salmuera afecta a la costa de Arguinegu\u00edn\u201d<\/strong>. Aqu\u00ed es donde <strong>el desconocimiento del funcionamiento a futuro de este dispositivo aparece en su grado m\u00e1ximo<\/strong>. Al parecer <strong>se tiene interiorizado que el sistema bombea el agua que se desala<\/strong>, obviando que <strong>para el llenado de la presa inferior se tarda \u201cm\u00e1s de un a\u00f1o\u201d<\/strong>.<\/p>\n\n\n\n<p class=\"wp-block-paragraph\">El sistema <strong>idealmente funciona como un circuito cerrado<\/strong> donde <strong>el agua que se turbina y bombea es la misma una y otra vez, hasta el infinito<\/strong>. Obviamente en la realidad hay p\u00e9rdidas, filtraciones, evaporaciones, am\u00e9n del agua para riego, y son estas deficiencias las que cubre la desaladora. Si se paran a pensar las personas que esgrimen este argumento, comprender\u00e1n que <strong>el simple hecho de plantearlo los deja en un mal lugar desde el punto de vista intelectual y t\u00e9cnico<\/strong>.<\/p>\n\n\n\n<p class=\"wp-block-paragraph\"><strong>En quinto lugar<\/strong>, <strong>\u201capostamos por un modelo energ\u00e9tico distribuido\u201d<\/strong>. En esto coincidimos, salvo que nosotros <strong>no queremos grupos de combustible f\u00f3sil, aunque sean peque\u00f1os<\/strong>, <strong>no queremos ingentes cantidades de bater\u00edas de litio distribuidas por doquier<\/strong>, y <strong>tenemos la certeza de que un sistema basado en e\u00f3lica y fotovoltaica sin bombeos est\u00e1 condenado al fracaso<\/strong> y a <strong>perpetuar el combustible f\u00f3sil en nuestra generaci\u00f3n<\/strong>.<\/p>\n\n\n\n<p class=\"wp-block-paragraph\">Por \u00faltimo, queda la cuesti\u00f3n del <strong>impacto ambiental<\/strong> ocasionado, que evidentemente existe, <strong>como el que se dio en su d\u00eda cuando se construyeron las presas de Chira y de Soria<\/strong>. Pero en este punto, visto todo lo comentado y <strong>viendo venir los efectos del cambio clim\u00e1tico antropog\u00e9nico<\/strong>, es necesario <strong>tomar medidas urgentes que erradiquen de una manera absoluta las emisiones de CO\u2082 de nuestro modelo productivo<\/strong>, y el <strong>sistema el\u00e9ctrico es uno de los focos contaminantes m\u00e1s importantes<\/strong>.<\/p>\n\n\n\n<p class=\"wp-block-paragraph\"><strong>Los que est\u00e1n en contra del Salto de Chira no acceden al impacto medioambiental que originar\u00e1 esta obra a cambio de mantener grupos de combustibles f\u00f3siles en el sistema el\u00e9ctrico<\/strong>. Nosotros <strong>no queremos mantener ni una gota de combustible f\u00f3sil en nuestro sistema el\u00e9ctrico a cambio de permitir el impacto ambiental en un barranco en concreto y de una manera controlada y limitada<\/strong>. <strong>Pongamos todos en una balanza ambas posiciones y veamos hacia d\u00f3nde se inclina<\/strong>.<\/p>\n\n\n\n<hr class=\"wp-block-separator has-alpha-channel-opacity\"\/>\n\n\n\n<p class=\"wp-block-paragraph\"><\/p>\n","protected":false},"excerpt":{"rendered":"<p>Ante la convocatoria de manifestaci\u00f3n del 22 de octubre con el lema \u201cSalvar Canarias, salvar Gran Canaria\u201d, en la que entre otras cosas se quiere reivindicar la oposici\u00f3n a la construcci\u00f3n del proyecto Cuna del Alma en el Puertito de Adeje, en la isla de Tenerife, desde Salto a la Transici\u00f3n Ecol\u00f3gica queremos aclarar que [&hellip;]<\/p>\n","protected":false},"author":1,"featured_media":457,"comment_status":"open","ping_status":"open","sticky":false,"template":"","format":"standard","meta":{"footnotes":""},"categories":[46,31],"tags":[],"class_list":["post-456","post","type-post","status-publish","format-standard","has-post-thumbnail","category-b_conceptos","category-bombeos"],"yoast_head":"<!-- This site is optimized with the Yoast SEO plugin v28.2 - https:\/\/yoast.com\/product\/yoast-seo-wordpress\/ -->\n<title>No es lo mismo - Salto Ecol\u00f3gico<\/title>\n<meta name=\"robots\" content=\"index, follow, max-snippet:-1, max-image-preview:large, max-video-preview:-1\" \/>\n<link rel=\"canonical\" href=\"https:\/\/saltoecologico.es\/index.php\/2022\/07\/31\/no-es-lo-mismo\/\" \/>\n<meta property=\"og:locale\" content=\"es_ES\" \/>\n<meta property=\"og:type\" content=\"article\" \/>\n<meta property=\"og:title\" content=\"No es lo mismo - Salto Ecol\u00f3gico\" \/>\n<meta property=\"og:description\" content=\"Ante la convocatoria de manifestaci\u00f3n del 22 de octubre con el lema \u201cSalvar Canarias, salvar Gran Canaria\u201d, en la que entre otras cosas se quiere reivindicar la oposici\u00f3n a la construcci\u00f3n del proyecto Cuna del Alma en el Puertito de Adeje, en la isla de Tenerife, desde Salto a la Transici\u00f3n Ecol\u00f3gica queremos aclarar que [&hellip;]\" \/>\n<meta property=\"og:url\" content=\"https:\/\/saltoecologico.es\/index.php\/2022\/07\/31\/no-es-lo-mismo\/\" \/>\n<meta property=\"og:site_name\" content=\"Salto Ecol\u00f3gico\" \/>\n<meta property=\"article:publisher\" content=\"https:\/\/www.facebook.com\/Saltotransicionecologica\" \/>\n<meta property=\"article:published_time\" content=\"2022-07-31T16:25:00+00:00\" \/>\n<meta property=\"article:modified_time\" content=\"2025-04-13T16:26:05+00:00\" \/>\n<meta property=\"og:image\" content=\"https:\/\/saltoecologico.es\/wp-content\/uploads\/2025\/04\/Salto-4.jpg\" \/>\n\t<meta property=\"og:image:width\" content=\"1024\" \/>\n\t<meta property=\"og:image:height\" content=\"683\" \/>\n\t<meta property=\"og:image:type\" content=\"image\/jpeg\" \/>\n<meta name=\"author\" content=\"admin\" \/>\n<meta name=\"twitter:card\" content=\"summary_large_image\" \/>\n<meta name=\"twitter:label1\" content=\"Escrito por\" \/>\n\t<meta name=\"twitter:data1\" content=\"admin\" \/>\n\t<meta name=\"twitter:label2\" content=\"Tiempo de lectura\" \/>\n\t<meta name=\"twitter:data2\" content=\"6 minutos\" \/>\n<script type=\"application\/ld+json\" class=\"yoast-schema-graph\">{\"@context\":\"https:\\\/\\\/schema.org\",\"@graph\":[{\"@type\":\"Article\",\"@id\":\"https:\\\/\\\/saltoecologico.es\\\/index.php\\\/2022\\\/07\\\/31\\\/no-es-lo-mismo\\\/#article\",\"isPartOf\":{\"@id\":\"https:\\\/\\\/saltoecologico.es\\\/index.php\\\/2022\\\/07\\\/31\\\/no-es-lo-mismo\\\/\"},\"author\":{\"name\":\"admin\",\"@id\":\"https:\\\/\\\/saltoecologico.es\\\/#\\\/schema\\\/person\\\/7175eec4b3c123d86c675313c3a01a0b\"},\"headline\":\"No es lo mismo\",\"datePublished\":\"2022-07-31T16:25:00+00:00\",\"dateModified\":\"2025-04-13T16:26:05+00:00\",\"mainEntityOfPage\":{\"@id\":\"https:\\\/\\\/saltoecologico.es\\\/index.php\\\/2022\\\/07\\\/31\\\/no-es-lo-mismo\\\/\"},\"wordCount\":1173,\"commentCount\":0,\"publisher\":{\"@id\":\"https:\\\/\\\/saltoecologico.es\\\/#organization\"},\"image\":{\"@id\":\"https:\\\/\\\/saltoecologico.es\\\/index.php\\\/2022\\\/07\\\/31\\\/no-es-lo-mismo\\\/#primaryimage\"},\"thumbnailUrl\":\"https:\\\/\\\/saltoecologico.es\\\/wp-content\\\/uploads\\\/2025\\\/04\\\/Salto-4.jpg\",\"articleSection\":[\"B_Conceptos\",\"Bombeos\"],\"inLanguage\":\"es\",\"potentialAction\":[{\"@type\":\"CommentAction\",\"name\":\"Comment\",\"target\":[\"https:\\\/\\\/saltoecologico.es\\\/index.php\\\/2022\\\/07\\\/31\\\/no-es-lo-mismo\\\/#respond\"]}]},{\"@type\":\"WebPage\",\"@id\":\"https:\\\/\\\/saltoecologico.es\\\/index.php\\\/2022\\\/07\\\/31\\\/no-es-lo-mismo\\\/\",\"url\":\"https:\\\/\\\/saltoecologico.es\\\/index.php\\\/2022\\\/07\\\/31\\\/no-es-lo-mismo\\\/\",\"name\":\"No es lo mismo - Salto Ecol\u00f3gico\",\"isPartOf\":{\"@id\":\"https:\\\/\\\/saltoecologico.es\\\/#website\"},\"primaryImageOfPage\":{\"@id\":\"https:\\\/\\\/saltoecologico.es\\\/index.php\\\/2022\\\/07\\\/31\\\/no-es-lo-mismo\\\/#primaryimage\"},\"image\":{\"@id\":\"https:\\\/\\\/saltoecologico.es\\\/index.php\\\/2022\\\/07\\\/31\\\/no-es-lo-mismo\\\/#primaryimage\"},\"thumbnailUrl\":\"https:\\\/\\\/saltoecologico.es\\\/wp-content\\\/uploads\\\/2025\\\/04\\\/Salto-4.jpg\",\"datePublished\":\"2022-07-31T16:25:00+00:00\",\"dateModified\":\"2025-04-13T16:26:05+00:00\",\"breadcrumb\":{\"@id\":\"https:\\\/\\\/saltoecologico.es\\\/index.php\\\/2022\\\/07\\\/31\\\/no-es-lo-mismo\\\/#breadcrumb\"},\"inLanguage\":\"es\",\"potentialAction\":[{\"@type\":\"ReadAction\",\"target\":[\"https:\\\/\\\/saltoecologico.es\\\/index.php\\\/2022\\\/07\\\/31\\\/no-es-lo-mismo\\\/\"]}]},{\"@type\":\"ImageObject\",\"inLanguage\":\"es\",\"@id\":\"https:\\\/\\\/saltoecologico.es\\\/index.php\\\/2022\\\/07\\\/31\\\/no-es-lo-mismo\\\/#primaryimage\",\"url\":\"https:\\\/\\\/saltoecologico.es\\\/wp-content\\\/uploads\\\/2025\\\/04\\\/Salto-4.jpg\",\"contentUrl\":\"https:\\\/\\\/saltoecologico.es\\\/wp-content\\\/uploads\\\/2025\\\/04\\\/Salto-4.jpg\",\"width\":1024,\"height\":683,\"caption\":\"A majestic view of a dam spillway on the side of a mountain, with the tranquil waters of a lake below\"},{\"@type\":\"BreadcrumbList\",\"@id\":\"https:\\\/\\\/saltoecologico.es\\\/index.php\\\/2022\\\/07\\\/31\\\/no-es-lo-mismo\\\/#breadcrumb\",\"itemListElement\":[{\"@type\":\"ListItem\",\"position\":1,\"name\":\"Portada\",\"item\":\"https:\\\/\\\/saltoecologico.es\\\/\"},{\"@type\":\"ListItem\",\"position\":2,\"name\":\"No es lo mismo\"}]},{\"@type\":\"WebSite\",\"@id\":\"https:\\\/\\\/saltoecologico.es\\\/#website\",\"url\":\"https:\\\/\\\/saltoecologico.es\\\/\",\"name\":\"Salto Ecol\u00f3gico\",\"description\":\"\",\"publisher\":{\"@id\":\"https:\\\/\\\/saltoecologico.es\\\/#organization\"},\"potentialAction\":[{\"@type\":\"SearchAction\",\"target\":{\"@type\":\"EntryPoint\",\"urlTemplate\":\"https:\\\/\\\/saltoecologico.es\\\/?s={search_term_string}\"},\"query-input\":{\"@type\":\"PropertyValueSpecification\",\"valueRequired\":true,\"valueName\":\"search_term_string\"}}],\"inLanguage\":\"es\"},{\"@type\":\"Organization\",\"@id\":\"https:\\\/\\\/saltoecologico.es\\\/#organization\",\"name\":\"Salto a la Transici\u00f3n Ecol\u00f3gica\",\"url\":\"https:\\\/\\\/saltoecologico.es\\\/\",\"logo\":{\"@type\":\"ImageObject\",\"inLanguage\":\"es\",\"@id\":\"https:\\\/\\\/saltoecologico.es\\\/#\\\/schema\\\/logo\\\/image\\\/\",\"url\":\"https:\\\/\\\/saltoecologico.es\\\/wp-content\\\/uploads\\\/2025\\\/04\\\/Logo-STE.jpg\",\"contentUrl\":\"https:\\\/\\\/saltoecologico.es\\\/wp-content\\\/uploads\\\/2025\\\/04\\\/Logo-STE.jpg\",\"width\":435,\"height\":435,\"caption\":\"Salto a la Transici\u00f3n Ecol\u00f3gica\"},\"image\":{\"@id\":\"https:\\\/\\\/saltoecologico.es\\\/#\\\/schema\\\/logo\\\/image\\\/\"},\"sameAs\":[\"https:\\\/\\\/www.facebook.com\\\/Saltotransicionecologica\"]},{\"@type\":\"Person\",\"@id\":\"https:\\\/\\\/saltoecologico.es\\\/#\\\/schema\\\/person\\\/7175eec4b3c123d86c675313c3a01a0b\",\"name\":\"admin\",\"image\":{\"@type\":\"ImageObject\",\"inLanguage\":\"es\",\"@id\":\"https:\\\/\\\/secure.gravatar.com\\\/avatar\\\/4c215dc57bbc7b2f2f470ac9bd197f3f112636a584e575a732d0206a2d9c9806?s=96&d=mm&r=g\",\"url\":\"https:\\\/\\\/secure.gravatar.com\\\/avatar\\\/4c215dc57bbc7b2f2f470ac9bd197f3f112636a584e575a732d0206a2d9c9806?s=96&d=mm&r=g\",\"contentUrl\":\"https:\\\/\\\/secure.gravatar.com\\\/avatar\\\/4c215dc57bbc7b2f2f470ac9bd197f3f112636a584e575a732d0206a2d9c9806?s=96&d=mm&r=g\",\"caption\":\"admin\"},\"sameAs\":[\"https:\\\/\\\/saltoecologico.es\"],\"url\":\"https:\\\/\\\/saltoecologico.es\\\/index.php\\\/author\\\/saltoecologico\\\/\"}]}<\/script>\n<!-- \/ Yoast SEO plugin. -->","yoast_head_json":{"title":"No es lo mismo - Salto Ecol\u00f3gico","robots":{"index":"index","follow":"follow","max-snippet":"max-snippet:-1","max-image-preview":"max-image-preview:large","max-video-preview":"max-video-preview:-1"},"canonical":"https:\/\/saltoecologico.es\/index.php\/2022\/07\/31\/no-es-lo-mismo\/","og_locale":"es_ES","og_type":"article","og_title":"No es lo mismo - Salto Ecol\u00f3gico","og_description":"Ante la convocatoria de manifestaci\u00f3n del 22 de octubre con el lema \u201cSalvar Canarias, salvar Gran Canaria\u201d, en la que entre otras cosas se quiere reivindicar la oposici\u00f3n a la construcci\u00f3n del proyecto Cuna del Alma en el Puertito de Adeje, en la isla de Tenerife, desde Salto a la Transici\u00f3n Ecol\u00f3gica queremos aclarar que [&hellip;]","og_url":"https:\/\/saltoecologico.es\/index.php\/2022\/07\/31\/no-es-lo-mismo\/","og_site_name":"Salto Ecol\u00f3gico","article_publisher":"https:\/\/www.facebook.com\/Saltotransicionecologica","article_published_time":"2022-07-31T16:25:00+00:00","article_modified_time":"2025-04-13T16:26:05+00:00","og_image":[{"width":1024,"height":683,"url":"https:\/\/saltoecologico.es\/wp-content\/uploads\/2025\/04\/Salto-4.jpg","type":"image\/jpeg"}],"author":"admin","twitter_card":"summary_large_image","twitter_misc":{"Escrito por":"admin","Tiempo de lectura":"6 minutos"},"schema":{"@context":"https:\/\/schema.org","@graph":[{"@type":"Article","@id":"https:\/\/saltoecologico.es\/index.php\/2022\/07\/31\/no-es-lo-mismo\/#article","isPartOf":{"@id":"https:\/\/saltoecologico.es\/index.php\/2022\/07\/31\/no-es-lo-mismo\/"},"author":{"name":"admin","@id":"https:\/\/saltoecologico.es\/#\/schema\/person\/7175eec4b3c123d86c675313c3a01a0b"},"headline":"No es lo mismo","datePublished":"2022-07-31T16:25:00+00:00","dateModified":"2025-04-13T16:26:05+00:00","mainEntityOfPage":{"@id":"https:\/\/saltoecologico.es\/index.php\/2022\/07\/31\/no-es-lo-mismo\/"},"wordCount":1173,"commentCount":0,"publisher":{"@id":"https:\/\/saltoecologico.es\/#organization"},"image":{"@id":"https:\/\/saltoecologico.es\/index.php\/2022\/07\/31\/no-es-lo-mismo\/#primaryimage"},"thumbnailUrl":"https:\/\/saltoecologico.es\/wp-content\/uploads\/2025\/04\/Salto-4.jpg","articleSection":["B_Conceptos","Bombeos"],"inLanguage":"es","potentialAction":[{"@type":"CommentAction","name":"Comment","target":["https:\/\/saltoecologico.es\/index.php\/2022\/07\/31\/no-es-lo-mismo\/#respond"]}]},{"@type":"WebPage","@id":"https:\/\/saltoecologico.es\/index.php\/2022\/07\/31\/no-es-lo-mismo\/","url":"https:\/\/saltoecologico.es\/index.php\/2022\/07\/31\/no-es-lo-mismo\/","name":"No es lo mismo - Salto Ecol\u00f3gico","isPartOf":{"@id":"https:\/\/saltoecologico.es\/#website"},"primaryImageOfPage":{"@id":"https:\/\/saltoecologico.es\/index.php\/2022\/07\/31\/no-es-lo-mismo\/#primaryimage"},"image":{"@id":"https:\/\/saltoecologico.es\/index.php\/2022\/07\/31\/no-es-lo-mismo\/#primaryimage"},"thumbnailUrl":"https:\/\/saltoecologico.es\/wp-content\/uploads\/2025\/04\/Salto-4.jpg","datePublished":"2022-07-31T16:25:00+00:00","dateModified":"2025-04-13T16:26:05+00:00","breadcrumb":{"@id":"https:\/\/saltoecologico.es\/index.php\/2022\/07\/31\/no-es-lo-mismo\/#breadcrumb"},"inLanguage":"es","potentialAction":[{"@type":"ReadAction","target":["https:\/\/saltoecologico.es\/index.php\/2022\/07\/31\/no-es-lo-mismo\/"]}]},{"@type":"ImageObject","inLanguage":"es","@id":"https:\/\/saltoecologico.es\/index.php\/2022\/07\/31\/no-es-lo-mismo\/#primaryimage","url":"https:\/\/saltoecologico.es\/wp-content\/uploads\/2025\/04\/Salto-4.jpg","contentUrl":"https:\/\/saltoecologico.es\/wp-content\/uploads\/2025\/04\/Salto-4.jpg","width":1024,"height":683,"caption":"A majestic view of a dam spillway on the side of a mountain, with the tranquil waters of a lake below"},{"@type":"BreadcrumbList","@id":"https:\/\/saltoecologico.es\/index.php\/2022\/07\/31\/no-es-lo-mismo\/#breadcrumb","itemListElement":[{"@type":"ListItem","position":1,"name":"Portada","item":"https:\/\/saltoecologico.es\/"},{"@type":"ListItem","position":2,"name":"No es lo mismo"}]},{"@type":"WebSite","@id":"https:\/\/saltoecologico.es\/#website","url":"https:\/\/saltoecologico.es\/","name":"Salto Ecol\u00f3gico","description":"","publisher":{"@id":"https:\/\/saltoecologico.es\/#organization"},"potentialAction":[{"@type":"SearchAction","target":{"@type":"EntryPoint","urlTemplate":"https:\/\/saltoecologico.es\/?s={search_term_string}"},"query-input":{"@type":"PropertyValueSpecification","valueRequired":true,"valueName":"search_term_string"}}],"inLanguage":"es"},{"@type":"Organization","@id":"https:\/\/saltoecologico.es\/#organization","name":"Salto a la Transici\u00f3n Ecol\u00f3gica","url":"https:\/\/saltoecologico.es\/","logo":{"@type":"ImageObject","inLanguage":"es","@id":"https:\/\/saltoecologico.es\/#\/schema\/logo\/image\/","url":"https:\/\/saltoecologico.es\/wp-content\/uploads\/2025\/04\/Logo-STE.jpg","contentUrl":"https:\/\/saltoecologico.es\/wp-content\/uploads\/2025\/04\/Logo-STE.jpg","width":435,"height":435,"caption":"Salto a la Transici\u00f3n Ecol\u00f3gica"},"image":{"@id":"https:\/\/saltoecologico.es\/#\/schema\/logo\/image\/"},"sameAs":["https:\/\/www.facebook.com\/Saltotransicionecologica"]},{"@type":"Person","@id":"https:\/\/saltoecologico.es\/#\/schema\/person\/7175eec4b3c123d86c675313c3a01a0b","name":"admin","image":{"@type":"ImageObject","inLanguage":"es","@id":"https:\/\/secure.gravatar.com\/avatar\/4c215dc57bbc7b2f2f470ac9bd197f3f112636a584e575a732d0206a2d9c9806?s=96&d=mm&r=g","url":"https:\/\/secure.gravatar.com\/avatar\/4c215dc57bbc7b2f2f470ac9bd197f3f112636a584e575a732d0206a2d9c9806?s=96&d=mm&r=g","contentUrl":"https:\/\/secure.gravatar.com\/avatar\/4c215dc57bbc7b2f2f470ac9bd197f3f112636a584e575a732d0206a2d9c9806?s=96&d=mm&r=g","caption":"admin"},"sameAs":["https:\/\/saltoecologico.es"],"url":"https:\/\/saltoecologico.es\/index.php\/author\/saltoecologico\/"}]}},"_links":{"self":[{"href":"https:\/\/saltoecologico.es\/index.php\/wp-json\/wp\/v2\/posts\/456","targetHints":{"allow":["GET"]}}],"collection":[{"href":"https:\/\/saltoecologico.es\/index.php\/wp-json\/wp\/v2\/posts"}],"about":[{"href":"https:\/\/saltoecologico.es\/index.php\/wp-json\/wp\/v2\/types\/post"}],"author":[{"embeddable":true,"href":"https:\/\/saltoecologico.es\/index.php\/wp-json\/wp\/v2\/users\/1"}],"replies":[{"embeddable":true,"href":"https:\/\/saltoecologico.es\/index.php\/wp-json\/wp\/v2\/comments?post=456"}],"version-history":[{"count":1,"href":"https:\/\/saltoecologico.es\/index.php\/wp-json\/wp\/v2\/posts\/456\/revisions"}],"predecessor-version":[{"id":458,"href":"https:\/\/saltoecologico.es\/index.php\/wp-json\/wp\/v2\/posts\/456\/revisions\/458"}],"wp:featuredmedia":[{"embeddable":true,"href":"https:\/\/saltoecologico.es\/index.php\/wp-json\/wp\/v2\/media\/457"}],"wp:attachment":[{"href":"https:\/\/saltoecologico.es\/index.php\/wp-json\/wp\/v2\/media?parent=456"}],"wp:term":[{"taxonomy":"category","embeddable":true,"href":"https:\/\/saltoecologico.es\/index.php\/wp-json\/wp\/v2\/categories?post=456"},{"taxonomy":"post_tag","embeddable":true,"href":"https:\/\/saltoecologico.es\/index.php\/wp-json\/wp\/v2\/tags?post=456"}],"curies":[{"name":"wp","href":"https:\/\/api.w.org\/{rel}","templated":true}]}}