{"id":459,"date":"2022-08-01T16:29:00","date_gmt":"2022-08-01T16:29:00","guid":{"rendered":"https:\/\/saltoecologico.es\/?p=459"},"modified":"2025-04-13T16:29:54","modified_gmt":"2025-04-13T16:29:54","slug":"el-partido-popular","status":"publish","type":"post","link":"https:\/\/saltoecologico.es\/index.php\/2022\/08\/01\/el-partido-popular\/","title":{"rendered":"El Partido Popular"},"content":{"rendered":"\n<p class=\"wp-block-paragraph\">Creemos que el <strong>Partido Popular<\/strong>, en boca de <strong>Do\u00f1a Luz Rever\u00f3n<\/strong>, diputada en el Parlamento auton\u00f3mico, ha tenido un <strong>peque\u00f1o desliz a la hora de cuantificar la descarbonizaci\u00f3n del archipi\u00e9lago<\/strong>, promovida por el ejecutivo actual, <strong>al cifrarla en 40.130 millones de euros<\/strong>. Si nos vamos al documento que a\u00fan se encuentra en estado de borrador de la <strong>Estrategia Canaria de Acci\u00f3n Clim\u00e1tica<\/strong>, se puede encontrar una <strong>valoraci\u00f3n econ\u00f3mica de todo el proceso desglosado por a\u00f1os que asciende a la cantidad de 11.300 millones de euros<\/strong>.<\/p>\n\n\n\n<p class=\"wp-block-paragraph\">No obstante, <strong>las cantidades solo se convierten en pretexto cuando la pol\u00edtica de fondo va por otros derroteros de los que marca la opci\u00f3n pol\u00edtica contraria<\/strong>.<\/p>\n\n\n\n<p class=\"wp-block-paragraph\">A lo largo de la historia, el Partido Popular <strong>siempre se ha caracterizado por tener cierta distancia con el tema del Cambio Clim\u00e1tico antropog\u00e9nico<\/strong> y las acciones que para mitigar sus efectos se deber\u00edan tomar. Desde el ya m\u00edtico <strong>primo de Rajoy con sus dudas acerca de las predicciones de los organismos cient\u00edficos<\/strong>, hasta el <strong>impuesto al sol<\/strong>, pasando por <strong>un apoyo incondicional a la introducci\u00f3n del gas en la econom\u00eda canaria<\/strong>, ponen de manifiesto una <strong>pol\u00edtica medioambiental que niega la necesidad inmediata de tomar medidas contra la emisi\u00f3n de gases de efecto invernadero<\/strong>, o <strong>niega poner en pr\u00e1ctica pol\u00edticas resilientes con los posibles efectos del aumento de las temperaturas a nivel global<\/strong>.<\/p>\n\n\n\n<p class=\"wp-block-paragraph\">Por tanto, el llamamiento que se hace desde esta organizaci\u00f3n pol\u00edtica para <strong>\u201cabrir una reflexi\u00f3n sobre el modelo energ\u00e9tico por el que est\u00e1 apostando y que va a suponer una nueva carga sobre la econom\u00eda de las familias canarias, que ya est\u00e1n muy castigadas por la inflaci\u00f3n y el aumento del coste de la vida\u201d<\/strong> nada tiene que ver con la coyuntura actual, sino <strong>responde a un convencimiento certero de que las pol\u00edticas medioambientalistas son pol\u00edticas que reivindican ciertos sectores marginales de la sociedad<\/strong>, y que, <strong>no correspondi\u00e9ndose con la realidad, van en contra del crecimiento y desarrollo de la econom\u00eda<\/strong>.<\/p>\n\n\n\n<p class=\"wp-block-paragraph\"><strong>En contra de lo que el Partido Popular cree<\/strong>, apostar por la descarbonizaci\u00f3n significa <strong>apostar por un nuevo modelo productivo<\/strong>, donde <strong>la independencia energ\u00e9tica del exterior sea su se\u00f1a de identidad<\/strong>, donde <strong>la eficiencia y la generaci\u00f3n sostenible de energ\u00eda sea su plan director<\/strong>, donde <strong>la apuesta por el I+D+i se convierta en la aut\u00e9ntica br\u00fajula que marque un futuro distinto<\/strong>, alejado de lo que ha sido hasta ahora.<\/p>\n\n\n\n<p class=\"wp-block-paragraph\">En definitiva, <strong>apostar por la descarbonizaci\u00f3n no significa en absoluto plantear una serie de medidas derrochadoras del patrimonio com\u00fan<\/strong>, sino <strong>abrir una puerta a la esperanza de que una nueva manera de desarrollo econ\u00f3mico, sostenible, renovable y verde es posible<\/strong>.<\/p>\n\n\n\n<hr class=\"wp-block-separator has-alpha-channel-opacity\"\/>\n\n\n\n<p class=\"wp-block-paragraph\"><\/p>\n","protected":false},"excerpt":{"rendered":"<p>Creemos que el Partido Popular, en boca de Do\u00f1a Luz Rever\u00f3n, diputada en el Parlamento auton\u00f3mico, ha tenido un peque\u00f1o desliz a la hora de cuantificar la descarbonizaci\u00f3n del archipi\u00e9lago, promovida por el ejecutivo actual, al cifrarla en 40.130 millones de euros. Si nos vamos al documento que a\u00fan se encuentra en estado de borrador [&hellip;]<\/p>\n","protected":false},"author":1,"featured_media":370,"comment_status":"open","ping_status":"open","sticky":false,"template":"","format":"standard","meta":{"footnotes":""},"categories":[52,30],"tags":[],"class_list":["post-459","post","type-post","status-publish","format-standard","has-post-thumbnail","category-t_varios","category-transicion"],"yoast_head":"<!-- This site is optimized with the Yoast SEO plugin v28.2 - https:\/\/yoast.com\/product\/yoast-seo-wordpress\/ -->\n<title>El Partido Popular - Salto Ecol\u00f3gico<\/title>\n<meta name=\"robots\" content=\"index, follow, max-snippet:-1, max-image-preview:large, max-video-preview:-1\" \/>\n<link rel=\"canonical\" href=\"https:\/\/saltoecologico.es\/index.php\/2022\/08\/01\/el-partido-popular\/\" \/>\n<meta property=\"og:locale\" content=\"es_ES\" \/>\n<meta property=\"og:type\" content=\"article\" \/>\n<meta property=\"og:title\" content=\"El Partido Popular - Salto Ecol\u00f3gico\" \/>\n<meta property=\"og:description\" content=\"Creemos que el Partido Popular, en boca de Do\u00f1a Luz Rever\u00f3n, diputada en el Parlamento auton\u00f3mico, ha tenido un peque\u00f1o desliz a la hora de cuantificar la descarbonizaci\u00f3n del archipi\u00e9lago, promovida por el ejecutivo actual, al cifrarla en 40.130 millones de euros. Si nos vamos al documento que a\u00fan se encuentra en estado de borrador [&hellip;]\" \/>\n<meta property=\"og:url\" content=\"https:\/\/saltoecologico.es\/index.php\/2022\/08\/01\/el-partido-popular\/\" \/>\n<meta property=\"og:site_name\" content=\"Salto Ecol\u00f3gico\" \/>\n<meta property=\"article:publisher\" content=\"https:\/\/www.facebook.com\/Saltotransicionecologica\" \/>\n<meta property=\"article:published_time\" content=\"2022-08-01T16:29:00+00:00\" \/>\n<meta property=\"article:modified_time\" content=\"2025-04-13T16:29:54+00:00\" \/>\n<meta property=\"og:image\" content=\"https:\/\/saltoecologico.es\/wp-content\/uploads\/2022\/04\/Oso-polar.jpg\" \/>\n\t<meta property=\"og:image:width\" content=\"1024\" \/>\n\t<meta property=\"og:image:height\" content=\"507\" \/>\n\t<meta property=\"og:image:type\" content=\"image\/jpeg\" \/>\n<meta name=\"author\" content=\"admin\" \/>\n<meta name=\"twitter:card\" content=\"summary_large_image\" \/>\n<meta name=\"twitter:label1\" content=\"Escrito por\" \/>\n\t<meta name=\"twitter:data1\" content=\"admin\" \/>\n\t<meta name=\"twitter:label2\" content=\"Tiempo de lectura\" \/>\n\t<meta name=\"twitter:data2\" content=\"3 minutos\" \/>\n<script type=\"application\/ld+json\" class=\"yoast-schema-graph\">{\"@context\":\"https:\\\/\\\/schema.org\",\"@graph\":[{\"@type\":\"Article\",\"@id\":\"https:\\\/\\\/saltoecologico.es\\\/index.php\\\/2022\\\/08\\\/01\\\/el-partido-popular\\\/#article\",\"isPartOf\":{\"@id\":\"https:\\\/\\\/saltoecologico.es\\\/index.php\\\/2022\\\/08\\\/01\\\/el-partido-popular\\\/\"},\"author\":{\"name\":\"admin\",\"@id\":\"https:\\\/\\\/saltoecologico.es\\\/#\\\/schema\\\/person\\\/7175eec4b3c123d86c675313c3a01a0b\"},\"headline\":\"El Partido Popular\",\"datePublished\":\"2022-08-01T16:29:00+00:00\",\"dateModified\":\"2025-04-13T16:29:54+00:00\",\"mainEntityOfPage\":{\"@id\":\"https:\\\/\\\/saltoecologico.es\\\/index.php\\\/2022\\\/08\\\/01\\\/el-partido-popular\\\/\"},\"wordCount\":484,\"commentCount\":0,\"publisher\":{\"@id\":\"https:\\\/\\\/saltoecologico.es\\\/#organization\"},\"image\":{\"@id\":\"https:\\\/\\\/saltoecologico.es\\\/index.php\\\/2022\\\/08\\\/01\\\/el-partido-popular\\\/#primaryimage\"},\"thumbnailUrl\":\"https:\\\/\\\/saltoecologico.es\\\/wp-content\\\/uploads\\\/2022\\\/04\\\/Oso-polar.jpg\",\"articleSection\":[\"T_Varios\",\"Transici\u00f3n\"],\"inLanguage\":\"es\",\"potentialAction\":[{\"@type\":\"CommentAction\",\"name\":\"Comment\",\"target\":[\"https:\\\/\\\/saltoecologico.es\\\/index.php\\\/2022\\\/08\\\/01\\\/el-partido-popular\\\/#respond\"]}]},{\"@type\":\"WebPage\",\"@id\":\"https:\\\/\\\/saltoecologico.es\\\/index.php\\\/2022\\\/08\\\/01\\\/el-partido-popular\\\/\",\"url\":\"https:\\\/\\\/saltoecologico.es\\\/index.php\\\/2022\\\/08\\\/01\\\/el-partido-popular\\\/\",\"name\":\"El Partido Popular - Salto Ecol\u00f3gico\",\"isPartOf\":{\"@id\":\"https:\\\/\\\/saltoecologico.es\\\/#website\"},\"primaryImageOfPage\":{\"@id\":\"https:\\\/\\\/saltoecologico.es\\\/index.php\\\/2022\\\/08\\\/01\\\/el-partido-popular\\\/#primaryimage\"},\"image\":{\"@id\":\"https:\\\/\\\/saltoecologico.es\\\/index.php\\\/2022\\\/08\\\/01\\\/el-partido-popular\\\/#primaryimage\"},\"thumbnailUrl\":\"https:\\\/\\\/saltoecologico.es\\\/wp-content\\\/uploads\\\/2022\\\/04\\\/Oso-polar.jpg\",\"datePublished\":\"2022-08-01T16:29:00+00:00\",\"dateModified\":\"2025-04-13T16:29:54+00:00\",\"breadcrumb\":{\"@id\":\"https:\\\/\\\/saltoecologico.es\\\/index.php\\\/2022\\\/08\\\/01\\\/el-partido-popular\\\/#breadcrumb\"},\"inLanguage\":\"es\",\"potentialAction\":[{\"@type\":\"ReadAction\",\"target\":[\"https:\\\/\\\/saltoecologico.es\\\/index.php\\\/2022\\\/08\\\/01\\\/el-partido-popular\\\/\"]}]},{\"@type\":\"ImageObject\",\"inLanguage\":\"es\",\"@id\":\"https:\\\/\\\/saltoecologico.es\\\/index.php\\\/2022\\\/08\\\/01\\\/el-partido-popular\\\/#primaryimage\",\"url\":\"https:\\\/\\\/saltoecologico.es\\\/wp-content\\\/uploads\\\/2022\\\/04\\\/Oso-polar.jpg\",\"contentUrl\":\"https:\\\/\\\/saltoecologico.es\\\/wp-content\\\/uploads\\\/2022\\\/04\\\/Oso-polar.jpg\",\"width\":1024,\"height\":507,\"caption\":\"Polar bear on ice floe. Melting iceberg and global warming. Climate change\"},{\"@type\":\"BreadcrumbList\",\"@id\":\"https:\\\/\\\/saltoecologico.es\\\/index.php\\\/2022\\\/08\\\/01\\\/el-partido-popular\\\/#breadcrumb\",\"itemListElement\":[{\"@type\":\"ListItem\",\"position\":1,\"name\":\"Portada\",\"item\":\"https:\\\/\\\/saltoecologico.es\\\/\"},{\"@type\":\"ListItem\",\"position\":2,\"name\":\"El Partido Popular\"}]},{\"@type\":\"WebSite\",\"@id\":\"https:\\\/\\\/saltoecologico.es\\\/#website\",\"url\":\"https:\\\/\\\/saltoecologico.es\\\/\",\"name\":\"Salto Ecol\u00f3gico\",\"description\":\"\",\"publisher\":{\"@id\":\"https:\\\/\\\/saltoecologico.es\\\/#organization\"},\"potentialAction\":[{\"@type\":\"SearchAction\",\"target\":{\"@type\":\"EntryPoint\",\"urlTemplate\":\"https:\\\/\\\/saltoecologico.es\\\/?s={search_term_string}\"},\"query-input\":{\"@type\":\"PropertyValueSpecification\",\"valueRequired\":true,\"valueName\":\"search_term_string\"}}],\"inLanguage\":\"es\"},{\"@type\":\"Organization\",\"@id\":\"https:\\\/\\\/saltoecologico.es\\\/#organization\",\"name\":\"Salto a la Transici\u00f3n Ecol\u00f3gica\",\"url\":\"https:\\\/\\\/saltoecologico.es\\\/\",\"logo\":{\"@type\":\"ImageObject\",\"inLanguage\":\"es\",\"@id\":\"https:\\\/\\\/saltoecologico.es\\\/#\\\/schema\\\/logo\\\/image\\\/\",\"url\":\"https:\\\/\\\/saltoecologico.es\\\/wp-content\\\/uploads\\\/2025\\\/04\\\/Logo-STE.jpg\",\"contentUrl\":\"https:\\\/\\\/saltoecologico.es\\\/wp-content\\\/uploads\\\/2025\\\/04\\\/Logo-STE.jpg\",\"width\":435,\"height\":435,\"caption\":\"Salto a la Transici\u00f3n Ecol\u00f3gica\"},\"image\":{\"@id\":\"https:\\\/\\\/saltoecologico.es\\\/#\\\/schema\\\/logo\\\/image\\\/\"},\"sameAs\":[\"https:\\\/\\\/www.facebook.com\\\/Saltotransicionecologica\"]},{\"@type\":\"Person\",\"@id\":\"https:\\\/\\\/saltoecologico.es\\\/#\\\/schema\\\/person\\\/7175eec4b3c123d86c675313c3a01a0b\",\"name\":\"admin\",\"image\":{\"@type\":\"ImageObject\",\"inLanguage\":\"es\",\"@id\":\"https:\\\/\\\/secure.gravatar.com\\\/avatar\\\/4c215dc57bbc7b2f2f470ac9bd197f3f112636a584e575a732d0206a2d9c9806?s=96&d=mm&r=g\",\"url\":\"https:\\\/\\\/secure.gravatar.com\\\/avatar\\\/4c215dc57bbc7b2f2f470ac9bd197f3f112636a584e575a732d0206a2d9c9806?s=96&d=mm&r=g\",\"contentUrl\":\"https:\\\/\\\/secure.gravatar.com\\\/avatar\\\/4c215dc57bbc7b2f2f470ac9bd197f3f112636a584e575a732d0206a2d9c9806?s=96&d=mm&r=g\",\"caption\":\"admin\"},\"sameAs\":[\"https:\\\/\\\/saltoecologico.es\"],\"url\":\"https:\\\/\\\/saltoecologico.es\\\/index.php\\\/author\\\/saltoecologico\\\/\"}]}<\/script>\n<!-- \/ Yoast SEO plugin. -->","yoast_head_json":{"title":"El Partido Popular - Salto Ecol\u00f3gico","robots":{"index":"index","follow":"follow","max-snippet":"max-snippet:-1","max-image-preview":"max-image-preview:large","max-video-preview":"max-video-preview:-1"},"canonical":"https:\/\/saltoecologico.es\/index.php\/2022\/08\/01\/el-partido-popular\/","og_locale":"es_ES","og_type":"article","og_title":"El Partido Popular - Salto Ecol\u00f3gico","og_description":"Creemos que el Partido Popular, en boca de Do\u00f1a Luz Rever\u00f3n, diputada en el Parlamento auton\u00f3mico, ha tenido un peque\u00f1o desliz a la hora de cuantificar la descarbonizaci\u00f3n del archipi\u00e9lago, promovida por el ejecutivo actual, al cifrarla en 40.130 millones de euros. Si nos vamos al documento que a\u00fan se encuentra en estado de borrador [&hellip;]","og_url":"https:\/\/saltoecologico.es\/index.php\/2022\/08\/01\/el-partido-popular\/","og_site_name":"Salto Ecol\u00f3gico","article_publisher":"https:\/\/www.facebook.com\/Saltotransicionecologica","article_published_time":"2022-08-01T16:29:00+00:00","article_modified_time":"2025-04-13T16:29:54+00:00","og_image":[{"width":1024,"height":507,"url":"https:\/\/saltoecologico.es\/wp-content\/uploads\/2022\/04\/Oso-polar.jpg","type":"image\/jpeg"}],"author":"admin","twitter_card":"summary_large_image","twitter_misc":{"Escrito por":"admin","Tiempo de lectura":"3 minutos"},"schema":{"@context":"https:\/\/schema.org","@graph":[{"@type":"Article","@id":"https:\/\/saltoecologico.es\/index.php\/2022\/08\/01\/el-partido-popular\/#article","isPartOf":{"@id":"https:\/\/saltoecologico.es\/index.php\/2022\/08\/01\/el-partido-popular\/"},"author":{"name":"admin","@id":"https:\/\/saltoecologico.es\/#\/schema\/person\/7175eec4b3c123d86c675313c3a01a0b"},"headline":"El Partido Popular","datePublished":"2022-08-01T16:29:00+00:00","dateModified":"2025-04-13T16:29:54+00:00","mainEntityOfPage":{"@id":"https:\/\/saltoecologico.es\/index.php\/2022\/08\/01\/el-partido-popular\/"},"wordCount":484,"commentCount":0,"publisher":{"@id":"https:\/\/saltoecologico.es\/#organization"},"image":{"@id":"https:\/\/saltoecologico.es\/index.php\/2022\/08\/01\/el-partido-popular\/#primaryimage"},"thumbnailUrl":"https:\/\/saltoecologico.es\/wp-content\/uploads\/2022\/04\/Oso-polar.jpg","articleSection":["T_Varios","Transici\u00f3n"],"inLanguage":"es","potentialAction":[{"@type":"CommentAction","name":"Comment","target":["https:\/\/saltoecologico.es\/index.php\/2022\/08\/01\/el-partido-popular\/#respond"]}]},{"@type":"WebPage","@id":"https:\/\/saltoecologico.es\/index.php\/2022\/08\/01\/el-partido-popular\/","url":"https:\/\/saltoecologico.es\/index.php\/2022\/08\/01\/el-partido-popular\/","name":"El Partido Popular - Salto Ecol\u00f3gico","isPartOf":{"@id":"https:\/\/saltoecologico.es\/#website"},"primaryImageOfPage":{"@id":"https:\/\/saltoecologico.es\/index.php\/2022\/08\/01\/el-partido-popular\/#primaryimage"},"image":{"@id":"https:\/\/saltoecologico.es\/index.php\/2022\/08\/01\/el-partido-popular\/#primaryimage"},"thumbnailUrl":"https:\/\/saltoecologico.es\/wp-content\/uploads\/2022\/04\/Oso-polar.jpg","datePublished":"2022-08-01T16:29:00+00:00","dateModified":"2025-04-13T16:29:54+00:00","breadcrumb":{"@id":"https:\/\/saltoecologico.es\/index.php\/2022\/08\/01\/el-partido-popular\/#breadcrumb"},"inLanguage":"es","potentialAction":[{"@type":"ReadAction","target":["https:\/\/saltoecologico.es\/index.php\/2022\/08\/01\/el-partido-popular\/"]}]},{"@type":"ImageObject","inLanguage":"es","@id":"https:\/\/saltoecologico.es\/index.php\/2022\/08\/01\/el-partido-popular\/#primaryimage","url":"https:\/\/saltoecologico.es\/wp-content\/uploads\/2022\/04\/Oso-polar.jpg","contentUrl":"https:\/\/saltoecologico.es\/wp-content\/uploads\/2022\/04\/Oso-polar.jpg","width":1024,"height":507,"caption":"Polar bear on ice floe. Melting iceberg and global warming. Climate change"},{"@type":"BreadcrumbList","@id":"https:\/\/saltoecologico.es\/index.php\/2022\/08\/01\/el-partido-popular\/#breadcrumb","itemListElement":[{"@type":"ListItem","position":1,"name":"Portada","item":"https:\/\/saltoecologico.es\/"},{"@type":"ListItem","position":2,"name":"El Partido Popular"}]},{"@type":"WebSite","@id":"https:\/\/saltoecologico.es\/#website","url":"https:\/\/saltoecologico.es\/","name":"Salto Ecol\u00f3gico","description":"","publisher":{"@id":"https:\/\/saltoecologico.es\/#organization"},"potentialAction":[{"@type":"SearchAction","target":{"@type":"EntryPoint","urlTemplate":"https:\/\/saltoecologico.es\/?s={search_term_string}"},"query-input":{"@type":"PropertyValueSpecification","valueRequired":true,"valueName":"search_term_string"}}],"inLanguage":"es"},{"@type":"Organization","@id":"https:\/\/saltoecologico.es\/#organization","name":"Salto a la Transici\u00f3n Ecol\u00f3gica","url":"https:\/\/saltoecologico.es\/","logo":{"@type":"ImageObject","inLanguage":"es","@id":"https:\/\/saltoecologico.es\/#\/schema\/logo\/image\/","url":"https:\/\/saltoecologico.es\/wp-content\/uploads\/2025\/04\/Logo-STE.jpg","contentUrl":"https:\/\/saltoecologico.es\/wp-content\/uploads\/2025\/04\/Logo-STE.jpg","width":435,"height":435,"caption":"Salto a la Transici\u00f3n Ecol\u00f3gica"},"image":{"@id":"https:\/\/saltoecologico.es\/#\/schema\/logo\/image\/"},"sameAs":["https:\/\/www.facebook.com\/Saltotransicionecologica"]},{"@type":"Person","@id":"https:\/\/saltoecologico.es\/#\/schema\/person\/7175eec4b3c123d86c675313c3a01a0b","name":"admin","image":{"@type":"ImageObject","inLanguage":"es","@id":"https:\/\/secure.gravatar.com\/avatar\/4c215dc57bbc7b2f2f470ac9bd197f3f112636a584e575a732d0206a2d9c9806?s=96&d=mm&r=g","url":"https:\/\/secure.gravatar.com\/avatar\/4c215dc57bbc7b2f2f470ac9bd197f3f112636a584e575a732d0206a2d9c9806?s=96&d=mm&r=g","contentUrl":"https:\/\/secure.gravatar.com\/avatar\/4c215dc57bbc7b2f2f470ac9bd197f3f112636a584e575a732d0206a2d9c9806?s=96&d=mm&r=g","caption":"admin"},"sameAs":["https:\/\/saltoecologico.es"],"url":"https:\/\/saltoecologico.es\/index.php\/author\/saltoecologico\/"}]}},"_links":{"self":[{"href":"https:\/\/saltoecologico.es\/index.php\/wp-json\/wp\/v2\/posts\/459","targetHints":{"allow":["GET"]}}],"collection":[{"href":"https:\/\/saltoecologico.es\/index.php\/wp-json\/wp\/v2\/posts"}],"about":[{"href":"https:\/\/saltoecologico.es\/index.php\/wp-json\/wp\/v2\/types\/post"}],"author":[{"embeddable":true,"href":"https:\/\/saltoecologico.es\/index.php\/wp-json\/wp\/v2\/users\/1"}],"replies":[{"embeddable":true,"href":"https:\/\/saltoecologico.es\/index.php\/wp-json\/wp\/v2\/comments?post=459"}],"version-history":[{"count":1,"href":"https:\/\/saltoecologico.es\/index.php\/wp-json\/wp\/v2\/posts\/459\/revisions"}],"predecessor-version":[{"id":460,"href":"https:\/\/saltoecologico.es\/index.php\/wp-json\/wp\/v2\/posts\/459\/revisions\/460"}],"wp:featuredmedia":[{"embeddable":true,"href":"https:\/\/saltoecologico.es\/index.php\/wp-json\/wp\/v2\/media\/370"}],"wp:attachment":[{"href":"https:\/\/saltoecologico.es\/index.php\/wp-json\/wp\/v2\/media?parent=459"}],"wp:term":[{"taxonomy":"category","embeddable":true,"href":"https:\/\/saltoecologico.es\/index.php\/wp-json\/wp\/v2\/categories?post=459"},{"taxonomy":"post_tag","embeddable":true,"href":"https:\/\/saltoecologico.es\/index.php\/wp-json\/wp\/v2\/tags?post=459"}],"curies":[{"name":"wp","href":"https:\/\/api.w.org\/{rel}","templated":true}]}}