{"id":461,"date":"2022-08-08T16:33:00","date_gmt":"2022-08-08T16:33:00","guid":{"rendered":"https:\/\/saltoecologico.es\/?p=461"},"modified":"2025-04-13T16:40:19","modified_gmt":"2025-04-13T16:40:19","slug":"dna-silvia-fernandez","status":"publish","type":"post","link":"https:\/\/saltoecologico.es\/index.php\/2022\/08\/08\/dna-silvia-fernandez\/","title":{"rendered":"D\u00f1a. Silvia Fern\u00e1ndez"},"content":{"rendered":"\n<p class=\"wp-block-paragraph\">No llama poderosamente la atenci\u00f3n la opini\u00f3n de <strong>Do\u00f1a Silvia Fern\u00e1ndez<\/strong> en el <strong>Canarias 7 del viernes 5 de agosto<\/strong>, en la que <strong>se queja amargamente de las ventajas estrat\u00e9gicas que hubiese supuesto para Canarias el poseer sendas regasificadoras en Arinaga y en Granadilla<\/strong>, al igual que la que tiene en la actualidad <strong>la de El Musel en Gij\u00f3n<\/strong>.<\/p>\n\n\n\n<p class=\"wp-block-paragraph\">Nuestra estimada se\u00f1ora abunda el comentario argumentando:<br><strong>\u201cLa regasificadora de Enag\u00e1s en Gij\u00f3n se encargar\u00e1 de abastecer de gas con buques metaneros al norte de Europa en un invierno que se prev\u00e9 muy complicado en suministro energ\u00e9tico para los pa\u00edses del entorno, ayudando a paliar la situaci\u00f3n ante el previsible recorte de gas ruso. Se prev\u00e9 que cada a\u00f1o puedan cargar y descargar m\u00e1s de 100 barcos de GNL en la planta asturiana\u201d<\/strong>.<\/p>\n\n\n\n<p class=\"wp-block-paragraph\">En cuanto al funcionamiento que va a tener la planta de Gij\u00f3n, y por la informaci\u00f3n que nosotros tenemos, es <strong>tal y como indica esta se\u00f1ora<\/strong>, pero <strong>es la comparativa con el uso que se les hubiese dado a las plantas canarias donde nos chirr\u00eda un poco el argumento<\/strong>.<\/p>\n\n\n\n<p class=\"wp-block-paragraph\">Hasta donde nosotros sabemos, <strong>la pen\u00ednsula recibe gas mediante buques metaneros y mediante gaseoductos<\/strong>. A los buques metaneros <strong>solo hay que proporcionarles avituallamiento y poco m\u00e1s<\/strong>, para que <strong>contin\u00faen su ruta hacia los pa\u00edses del norte de Europa<\/strong>. Es en cambio, <strong>el gas que llega en gaseoductos el que va a tener que ser tratado para convertirlo en gas natural licuado<\/strong>, que posteriormente ser\u00e1 <strong>trasvasado a los metaneros<\/strong>, para que lo <strong>distribuyan adecuadamente a los pa\u00edses necesitados del continente<\/strong>.<\/p>\n\n\n\n<p class=\"wp-block-paragraph\">Ante estos hechos, <strong>no comprendemos c\u00f3mo unas regasificadoras<\/strong>, cuya <strong>misi\u00f3n fundamental es volver a convertir en gas el gas natural licuado<\/strong>, pueda intervenir en este proceso, <strong>dado que las islas no est\u00e1n interconectadas mediante gaseoductos con ning\u00fan otro sitio del continente<\/strong>.<\/p>\n\n\n\n<p class=\"wp-block-paragraph\">Tal y como nosotros lo vemos, <strong>la introducci\u00f3n del gas natural en Canarias no contribuye ni contribuir\u00e1 a la geoestrategia gas\u00edstica de Europa<\/strong>, pero s\u00ed supondr\u00e1 <strong>un par\u00f3n muy importante para la penetraci\u00f3n de renovables y, por ende, para la descarbonizaci\u00f3n del archipi\u00e9lago<\/strong>. Si bien el gas natural, cuando se quema, produce un <strong>20% menos de contaminaci\u00f3n<\/strong>, si analizamos <strong>todo el proceso productivo y de transporte de este combustible<\/strong>, y tenemos en cuenta <strong>las grandes cantidades de emisiones de metano que se producen<\/strong>, <strong>se puede concluir que el gas natural no aporta nada en la lucha contra el cambio clim\u00e1tico, sino todo lo contrario<\/strong>.<\/p>\n\n\n\n<hr class=\"wp-block-separator has-alpha-channel-opacity\"\/>\n\n\n\n<p class=\"wp-block-paragraph\"><\/p>\n","protected":false},"excerpt":{"rendered":"<p>No llama poderosamente la atenci\u00f3n la opini\u00f3n de Do\u00f1a Silvia Fern\u00e1ndez en el Canarias 7 del viernes 5 de agosto, en la que se queja amargamente de las ventajas estrat\u00e9gicas que hubiese supuesto para Canarias el poseer sendas regasificadoras en Arinaga y en Granadilla, al igual que la que tiene en la actualidad la de [&hellip;]<\/p>\n","protected":false},"author":1,"featured_media":462,"comment_status":"open","ping_status":"open","sticky":false,"template":"","format":"standard","meta":{"footnotes":""},"categories":[44,33],"tags":[],"class_list":["post-461","post","type-post","status-publish","format-standard","has-post-thumbnail","category-g_varios","category-gnl"],"yoast_head":"<!-- This site is optimized with the Yoast SEO plugin v28.2 - https:\/\/yoast.com\/product\/yoast-seo-wordpress\/ -->\n<title>D\u00f1a. Silvia Fern\u00e1ndez - Salto Ecol\u00f3gico<\/title>\n<meta name=\"robots\" content=\"index, follow, max-snippet:-1, max-image-preview:large, max-video-preview:-1\" \/>\n<link rel=\"canonical\" href=\"https:\/\/saltoecologico.es\/index.php\/2022\/08\/08\/dna-silvia-fernandez\/\" \/>\n<meta property=\"og:locale\" content=\"es_ES\" \/>\n<meta property=\"og:type\" content=\"article\" \/>\n<meta property=\"og:title\" content=\"D\u00f1a. Silvia Fern\u00e1ndez - Salto Ecol\u00f3gico\" \/>\n<meta property=\"og:description\" content=\"No llama poderosamente la atenci\u00f3n la opini\u00f3n de Do\u00f1a Silvia Fern\u00e1ndez en el Canarias 7 del viernes 5 de agosto, en la que se queja amargamente de las ventajas estrat\u00e9gicas que hubiese supuesto para Canarias el poseer sendas regasificadoras en Arinaga y en Granadilla, al igual que la que tiene en la actualidad la de [&hellip;]\" \/>\n<meta property=\"og:url\" content=\"https:\/\/saltoecologico.es\/index.php\/2022\/08\/08\/dna-silvia-fernandez\/\" \/>\n<meta property=\"og:site_name\" content=\"Salto Ecol\u00f3gico\" \/>\n<meta property=\"article:publisher\" content=\"https:\/\/www.facebook.com\/Saltotransicionecologica\" \/>\n<meta property=\"article:published_time\" content=\"2022-08-08T16:33:00+00:00\" \/>\n<meta property=\"article:modified_time\" content=\"2025-04-13T16:40:19+00:00\" \/>\n<meta property=\"og:image\" content=\"https:\/\/saltoecologico.es\/wp-content\/uploads\/2025\/04\/GNL6.jpg\" \/>\n\t<meta property=\"og:image:width\" content=\"1024\" \/>\n\t<meta property=\"og:image:height\" content=\"683\" \/>\n\t<meta property=\"og:image:type\" content=\"image\/jpeg\" \/>\n<meta name=\"author\" content=\"admin\" \/>\n<meta name=\"twitter:card\" content=\"summary_large_image\" \/>\n<meta name=\"twitter:label1\" content=\"Escrito por\" \/>\n\t<meta name=\"twitter:data1\" content=\"admin\" \/>\n\t<meta name=\"twitter:label2\" content=\"Tiempo de lectura\" \/>\n\t<meta name=\"twitter:data2\" content=\"3 minutos\" \/>\n<script type=\"application\/ld+json\" class=\"yoast-schema-graph\">{\"@context\":\"https:\\\/\\\/schema.org\",\"@graph\":[{\"@type\":\"Article\",\"@id\":\"https:\\\/\\\/saltoecologico.es\\\/index.php\\\/2022\\\/08\\\/08\\\/dna-silvia-fernandez\\\/#article\",\"isPartOf\":{\"@id\":\"https:\\\/\\\/saltoecologico.es\\\/index.php\\\/2022\\\/08\\\/08\\\/dna-silvia-fernandez\\\/\"},\"author\":{\"name\":\"admin\",\"@id\":\"https:\\\/\\\/saltoecologico.es\\\/#\\\/schema\\\/person\\\/7175eec4b3c123d86c675313c3a01a0b\"},\"headline\":\"D\u00f1a. Silvia Fern\u00e1ndez\",\"datePublished\":\"2022-08-08T16:33:00+00:00\",\"dateModified\":\"2025-04-13T16:40:19+00:00\",\"mainEntityOfPage\":{\"@id\":\"https:\\\/\\\/saltoecologico.es\\\/index.php\\\/2022\\\/08\\\/08\\\/dna-silvia-fernandez\\\/\"},\"wordCount\":441,\"commentCount\":0,\"publisher\":{\"@id\":\"https:\\\/\\\/saltoecologico.es\\\/#organization\"},\"image\":{\"@id\":\"https:\\\/\\\/saltoecologico.es\\\/index.php\\\/2022\\\/08\\\/08\\\/dna-silvia-fernandez\\\/#primaryimage\"},\"thumbnailUrl\":\"https:\\\/\\\/saltoecologico.es\\\/wp-content\\\/uploads\\\/2025\\\/04\\\/GNL6.jpg\",\"articleSection\":[\"G_Varios\",\"GNL\"],\"inLanguage\":\"es\",\"potentialAction\":[{\"@type\":\"CommentAction\",\"name\":\"Comment\",\"target\":[\"https:\\\/\\\/saltoecologico.es\\\/index.php\\\/2022\\\/08\\\/08\\\/dna-silvia-fernandez\\\/#respond\"]}]},{\"@type\":\"WebPage\",\"@id\":\"https:\\\/\\\/saltoecologico.es\\\/index.php\\\/2022\\\/08\\\/08\\\/dna-silvia-fernandez\\\/\",\"url\":\"https:\\\/\\\/saltoecologico.es\\\/index.php\\\/2022\\\/08\\\/08\\\/dna-silvia-fernandez\\\/\",\"name\":\"D\u00f1a. Silvia Fern\u00e1ndez - Salto Ecol\u00f3gico\",\"isPartOf\":{\"@id\":\"https:\\\/\\\/saltoecologico.es\\\/#website\"},\"primaryImageOfPage\":{\"@id\":\"https:\\\/\\\/saltoecologico.es\\\/index.php\\\/2022\\\/08\\\/08\\\/dna-silvia-fernandez\\\/#primaryimage\"},\"image\":{\"@id\":\"https:\\\/\\\/saltoecologico.es\\\/index.php\\\/2022\\\/08\\\/08\\\/dna-silvia-fernandez\\\/#primaryimage\"},\"thumbnailUrl\":\"https:\\\/\\\/saltoecologico.es\\\/wp-content\\\/uploads\\\/2025\\\/04\\\/GNL6.jpg\",\"datePublished\":\"2022-08-08T16:33:00+00:00\",\"dateModified\":\"2025-04-13T16:40:19+00:00\",\"breadcrumb\":{\"@id\":\"https:\\\/\\\/saltoecologico.es\\\/index.php\\\/2022\\\/08\\\/08\\\/dna-silvia-fernandez\\\/#breadcrumb\"},\"inLanguage\":\"es\",\"potentialAction\":[{\"@type\":\"ReadAction\",\"target\":[\"https:\\\/\\\/saltoecologico.es\\\/index.php\\\/2022\\\/08\\\/08\\\/dna-silvia-fernandez\\\/\"]}]},{\"@type\":\"ImageObject\",\"inLanguage\":\"es\",\"@id\":\"https:\\\/\\\/saltoecologico.es\\\/index.php\\\/2022\\\/08\\\/08\\\/dna-silvia-fernandez\\\/#primaryimage\",\"url\":\"https:\\\/\\\/saltoecologico.es\\\/wp-content\\\/uploads\\\/2025\\\/04\\\/GNL6.jpg\",\"contentUrl\":\"https:\\\/\\\/saltoecologico.es\\\/wp-content\\\/uploads\\\/2025\\\/04\\\/GNL6.jpg\",\"width\":1024,\"height\":683,\"caption\":\"Engineers inspect the completed air conditioning and water systems to continue verifying their functionality.\"},{\"@type\":\"BreadcrumbList\",\"@id\":\"https:\\\/\\\/saltoecologico.es\\\/index.php\\\/2022\\\/08\\\/08\\\/dna-silvia-fernandez\\\/#breadcrumb\",\"itemListElement\":[{\"@type\":\"ListItem\",\"position\":1,\"name\":\"Portada\",\"item\":\"https:\\\/\\\/saltoecologico.es\\\/\"},{\"@type\":\"ListItem\",\"position\":2,\"name\":\"D\u00f1a. Silvia Fern\u00e1ndez\"}]},{\"@type\":\"WebSite\",\"@id\":\"https:\\\/\\\/saltoecologico.es\\\/#website\",\"url\":\"https:\\\/\\\/saltoecologico.es\\\/\",\"name\":\"Salto Ecol\u00f3gico\",\"description\":\"\",\"publisher\":{\"@id\":\"https:\\\/\\\/saltoecologico.es\\\/#organization\"},\"potentialAction\":[{\"@type\":\"SearchAction\",\"target\":{\"@type\":\"EntryPoint\",\"urlTemplate\":\"https:\\\/\\\/saltoecologico.es\\\/?s={search_term_string}\"},\"query-input\":{\"@type\":\"PropertyValueSpecification\",\"valueRequired\":true,\"valueName\":\"search_term_string\"}}],\"inLanguage\":\"es\"},{\"@type\":\"Organization\",\"@id\":\"https:\\\/\\\/saltoecologico.es\\\/#organization\",\"name\":\"Salto a la Transici\u00f3n Ecol\u00f3gica\",\"url\":\"https:\\\/\\\/saltoecologico.es\\\/\",\"logo\":{\"@type\":\"ImageObject\",\"inLanguage\":\"es\",\"@id\":\"https:\\\/\\\/saltoecologico.es\\\/#\\\/schema\\\/logo\\\/image\\\/\",\"url\":\"https:\\\/\\\/saltoecologico.es\\\/wp-content\\\/uploads\\\/2025\\\/04\\\/Logo-STE.jpg\",\"contentUrl\":\"https:\\\/\\\/saltoecologico.es\\\/wp-content\\\/uploads\\\/2025\\\/04\\\/Logo-STE.jpg\",\"width\":435,\"height\":435,\"caption\":\"Salto a la Transici\u00f3n Ecol\u00f3gica\"},\"image\":{\"@id\":\"https:\\\/\\\/saltoecologico.es\\\/#\\\/schema\\\/logo\\\/image\\\/\"},\"sameAs\":[\"https:\\\/\\\/www.facebook.com\\\/Saltotransicionecologica\"]},{\"@type\":\"Person\",\"@id\":\"https:\\\/\\\/saltoecologico.es\\\/#\\\/schema\\\/person\\\/7175eec4b3c123d86c675313c3a01a0b\",\"name\":\"admin\",\"image\":{\"@type\":\"ImageObject\",\"inLanguage\":\"es\",\"@id\":\"https:\\\/\\\/secure.gravatar.com\\\/avatar\\\/4c215dc57bbc7b2f2f470ac9bd197f3f112636a584e575a732d0206a2d9c9806?s=96&d=mm&r=g\",\"url\":\"https:\\\/\\\/secure.gravatar.com\\\/avatar\\\/4c215dc57bbc7b2f2f470ac9bd197f3f112636a584e575a732d0206a2d9c9806?s=96&d=mm&r=g\",\"contentUrl\":\"https:\\\/\\\/secure.gravatar.com\\\/avatar\\\/4c215dc57bbc7b2f2f470ac9bd197f3f112636a584e575a732d0206a2d9c9806?s=96&d=mm&r=g\",\"caption\":\"admin\"},\"sameAs\":[\"https:\\\/\\\/saltoecologico.es\"],\"url\":\"https:\\\/\\\/saltoecologico.es\\\/index.php\\\/author\\\/saltoecologico\\\/\"}]}<\/script>\n<!-- \/ Yoast SEO plugin. -->","yoast_head_json":{"title":"D\u00f1a. Silvia Fern\u00e1ndez - Salto Ecol\u00f3gico","robots":{"index":"index","follow":"follow","max-snippet":"max-snippet:-1","max-image-preview":"max-image-preview:large","max-video-preview":"max-video-preview:-1"},"canonical":"https:\/\/saltoecologico.es\/index.php\/2022\/08\/08\/dna-silvia-fernandez\/","og_locale":"es_ES","og_type":"article","og_title":"D\u00f1a. Silvia Fern\u00e1ndez - Salto Ecol\u00f3gico","og_description":"No llama poderosamente la atenci\u00f3n la opini\u00f3n de Do\u00f1a Silvia Fern\u00e1ndez en el Canarias 7 del viernes 5 de agosto, en la que se queja amargamente de las ventajas estrat\u00e9gicas que hubiese supuesto para Canarias el poseer sendas regasificadoras en Arinaga y en Granadilla, al igual que la que tiene en la actualidad la de [&hellip;]","og_url":"https:\/\/saltoecologico.es\/index.php\/2022\/08\/08\/dna-silvia-fernandez\/","og_site_name":"Salto Ecol\u00f3gico","article_publisher":"https:\/\/www.facebook.com\/Saltotransicionecologica","article_published_time":"2022-08-08T16:33:00+00:00","article_modified_time":"2025-04-13T16:40:19+00:00","og_image":[{"width":1024,"height":683,"url":"https:\/\/saltoecologico.es\/wp-content\/uploads\/2025\/04\/GNL6.jpg","type":"image\/jpeg"}],"author":"admin","twitter_card":"summary_large_image","twitter_misc":{"Escrito por":"admin","Tiempo de lectura":"3 minutos"},"schema":{"@context":"https:\/\/schema.org","@graph":[{"@type":"Article","@id":"https:\/\/saltoecologico.es\/index.php\/2022\/08\/08\/dna-silvia-fernandez\/#article","isPartOf":{"@id":"https:\/\/saltoecologico.es\/index.php\/2022\/08\/08\/dna-silvia-fernandez\/"},"author":{"name":"admin","@id":"https:\/\/saltoecologico.es\/#\/schema\/person\/7175eec4b3c123d86c675313c3a01a0b"},"headline":"D\u00f1a. Silvia Fern\u00e1ndez","datePublished":"2022-08-08T16:33:00+00:00","dateModified":"2025-04-13T16:40:19+00:00","mainEntityOfPage":{"@id":"https:\/\/saltoecologico.es\/index.php\/2022\/08\/08\/dna-silvia-fernandez\/"},"wordCount":441,"commentCount":0,"publisher":{"@id":"https:\/\/saltoecologico.es\/#organization"},"image":{"@id":"https:\/\/saltoecologico.es\/index.php\/2022\/08\/08\/dna-silvia-fernandez\/#primaryimage"},"thumbnailUrl":"https:\/\/saltoecologico.es\/wp-content\/uploads\/2025\/04\/GNL6.jpg","articleSection":["G_Varios","GNL"],"inLanguage":"es","potentialAction":[{"@type":"CommentAction","name":"Comment","target":["https:\/\/saltoecologico.es\/index.php\/2022\/08\/08\/dna-silvia-fernandez\/#respond"]}]},{"@type":"WebPage","@id":"https:\/\/saltoecologico.es\/index.php\/2022\/08\/08\/dna-silvia-fernandez\/","url":"https:\/\/saltoecologico.es\/index.php\/2022\/08\/08\/dna-silvia-fernandez\/","name":"D\u00f1a. Silvia Fern\u00e1ndez - Salto Ecol\u00f3gico","isPartOf":{"@id":"https:\/\/saltoecologico.es\/#website"},"primaryImageOfPage":{"@id":"https:\/\/saltoecologico.es\/index.php\/2022\/08\/08\/dna-silvia-fernandez\/#primaryimage"},"image":{"@id":"https:\/\/saltoecologico.es\/index.php\/2022\/08\/08\/dna-silvia-fernandez\/#primaryimage"},"thumbnailUrl":"https:\/\/saltoecologico.es\/wp-content\/uploads\/2025\/04\/GNL6.jpg","datePublished":"2022-08-08T16:33:00+00:00","dateModified":"2025-04-13T16:40:19+00:00","breadcrumb":{"@id":"https:\/\/saltoecologico.es\/index.php\/2022\/08\/08\/dna-silvia-fernandez\/#breadcrumb"},"inLanguage":"es","potentialAction":[{"@type":"ReadAction","target":["https:\/\/saltoecologico.es\/index.php\/2022\/08\/08\/dna-silvia-fernandez\/"]}]},{"@type":"ImageObject","inLanguage":"es","@id":"https:\/\/saltoecologico.es\/index.php\/2022\/08\/08\/dna-silvia-fernandez\/#primaryimage","url":"https:\/\/saltoecologico.es\/wp-content\/uploads\/2025\/04\/GNL6.jpg","contentUrl":"https:\/\/saltoecologico.es\/wp-content\/uploads\/2025\/04\/GNL6.jpg","width":1024,"height":683,"caption":"Engineers inspect the completed air conditioning and water systems to continue verifying their functionality."},{"@type":"BreadcrumbList","@id":"https:\/\/saltoecologico.es\/index.php\/2022\/08\/08\/dna-silvia-fernandez\/#breadcrumb","itemListElement":[{"@type":"ListItem","position":1,"name":"Portada","item":"https:\/\/saltoecologico.es\/"},{"@type":"ListItem","position":2,"name":"D\u00f1a. Silvia Fern\u00e1ndez"}]},{"@type":"WebSite","@id":"https:\/\/saltoecologico.es\/#website","url":"https:\/\/saltoecologico.es\/","name":"Salto Ecol\u00f3gico","description":"","publisher":{"@id":"https:\/\/saltoecologico.es\/#organization"},"potentialAction":[{"@type":"SearchAction","target":{"@type":"EntryPoint","urlTemplate":"https:\/\/saltoecologico.es\/?s={search_term_string}"},"query-input":{"@type":"PropertyValueSpecification","valueRequired":true,"valueName":"search_term_string"}}],"inLanguage":"es"},{"@type":"Organization","@id":"https:\/\/saltoecologico.es\/#organization","name":"Salto a la Transici\u00f3n Ecol\u00f3gica","url":"https:\/\/saltoecologico.es\/","logo":{"@type":"ImageObject","inLanguage":"es","@id":"https:\/\/saltoecologico.es\/#\/schema\/logo\/image\/","url":"https:\/\/saltoecologico.es\/wp-content\/uploads\/2025\/04\/Logo-STE.jpg","contentUrl":"https:\/\/saltoecologico.es\/wp-content\/uploads\/2025\/04\/Logo-STE.jpg","width":435,"height":435,"caption":"Salto a la Transici\u00f3n Ecol\u00f3gica"},"image":{"@id":"https:\/\/saltoecologico.es\/#\/schema\/logo\/image\/"},"sameAs":["https:\/\/www.facebook.com\/Saltotransicionecologica"]},{"@type":"Person","@id":"https:\/\/saltoecologico.es\/#\/schema\/person\/7175eec4b3c123d86c675313c3a01a0b","name":"admin","image":{"@type":"ImageObject","inLanguage":"es","@id":"https:\/\/secure.gravatar.com\/avatar\/4c215dc57bbc7b2f2f470ac9bd197f3f112636a584e575a732d0206a2d9c9806?s=96&d=mm&r=g","url":"https:\/\/secure.gravatar.com\/avatar\/4c215dc57bbc7b2f2f470ac9bd197f3f112636a584e575a732d0206a2d9c9806?s=96&d=mm&r=g","contentUrl":"https:\/\/secure.gravatar.com\/avatar\/4c215dc57bbc7b2f2f470ac9bd197f3f112636a584e575a732d0206a2d9c9806?s=96&d=mm&r=g","caption":"admin"},"sameAs":["https:\/\/saltoecologico.es"],"url":"https:\/\/saltoecologico.es\/index.php\/author\/saltoecologico\/"}]}},"_links":{"self":[{"href":"https:\/\/saltoecologico.es\/index.php\/wp-json\/wp\/v2\/posts\/461","targetHints":{"allow":["GET"]}}],"collection":[{"href":"https:\/\/saltoecologico.es\/index.php\/wp-json\/wp\/v2\/posts"}],"about":[{"href":"https:\/\/saltoecologico.es\/index.php\/wp-json\/wp\/v2\/types\/post"}],"author":[{"embeddable":true,"href":"https:\/\/saltoecologico.es\/index.php\/wp-json\/wp\/v2\/users\/1"}],"replies":[{"embeddable":true,"href":"https:\/\/saltoecologico.es\/index.php\/wp-json\/wp\/v2\/comments?post=461"}],"version-history":[{"count":1,"href":"https:\/\/saltoecologico.es\/index.php\/wp-json\/wp\/v2\/posts\/461\/revisions"}],"predecessor-version":[{"id":463,"href":"https:\/\/saltoecologico.es\/index.php\/wp-json\/wp\/v2\/posts\/461\/revisions\/463"}],"wp:featuredmedia":[{"embeddable":true,"href":"https:\/\/saltoecologico.es\/index.php\/wp-json\/wp\/v2\/media\/462"}],"wp:attachment":[{"href":"https:\/\/saltoecologico.es\/index.php\/wp-json\/wp\/v2\/media?parent=461"}],"wp:term":[{"taxonomy":"category","embeddable":true,"href":"https:\/\/saltoecologico.es\/index.php\/wp-json\/wp\/v2\/categories?post=461"},{"taxonomy":"post_tag","embeddable":true,"href":"https:\/\/saltoecologico.es\/index.php\/wp-json\/wp\/v2\/tags?post=461"}],"curies":[{"name":"wp","href":"https:\/\/api.w.org\/{rel}","templated":true}]}}