{"id":464,"date":"2022-08-09T16:50:00","date_gmt":"2022-08-09T16:50:00","guid":{"rendered":"https:\/\/saltoecologico.es\/?p=464"},"modified":"2025-04-13T16:50:43","modified_gmt":"2025-04-13T16:50:43","slug":"informacion-partidista","status":"publish","type":"post","link":"https:\/\/saltoecologico.es\/index.php\/2022\/08\/09\/informacion-partidista\/","title":{"rendered":"Informaci\u00f3n partidista"},"content":{"rendered":"\n<p class=\"wp-block-paragraph\"><strong>No cabe duda que en una sociedad de la informaci\u00f3n<\/strong>, como en la que estamos inmersos, <strong>la cantidad de esta es tan variada y abundante<\/strong>, que, por higiene mental, tendemos a <strong>simplificar los procesos de asimilaci\u00f3n<\/strong> y mayoritariamente <strong>acudimos a la opini\u00f3n publicada para formarnos nuestra propia opini\u00f3n<\/strong>. Esta actitud, b\u00e1sicamente adoptada por una <strong>econom\u00eda de costes y esfuerzos<\/strong>, lleva asociada <strong>un peligro innato<\/strong>: que <strong>esta opini\u00f3n publicada deje de ser objetiva y se vuelva partidista<\/strong>, dependiendo de <strong>los emporios medi\u00e1ticos y los intereses que los mueven<\/strong>.<\/p>\n\n\n\n<p class=\"wp-block-paragraph\">Pues bien, todo parece indicar que, en el tema de <strong>las medidas de sostenibilidad econ\u00f3mica adoptadas por el gobierno en el consejo de ministros del 1 de agosto<\/strong> y que se materializan en la publicaci\u00f3n en el BOE del <strong>Real Decreto-ley 14\/2022, de 1 de agosto<\/strong>, ha ocurrido exactamente esto. En el imaginario colectivo ha quedado tan solo que <strong>el gobierno pretende \u201csubir el aire acondicionado, bajar la calefacci\u00f3n, gratuidad en los trenes de cercan\u00edas y quitarse las corbatas\u201d<\/strong>. Obviamente, si estas fueran las medidas, <strong>un Real Decreto como el enunciado, con 83 p\u00e1ginas, se antoja demasiado extenso para legislar tan pocas cuestiones<\/strong>.<\/p>\n\n\n\n<p class=\"wp-block-paragraph\">Este Real Decreto-ley se estructura en <strong>una parte expositiva y una parte dispositiva<\/strong>, conformada por <strong>cinco t\u00edtulos<\/strong>, divididos, a su vez, en <strong>treinta y cuatro art\u00edculos<\/strong> y una parte final integrada por <strong>dos disposiciones adicionales, dos transitorias, una derogatoria y diecisiete disposiciones finales<\/strong>.<\/p>\n\n\n\n<ul class=\"wp-block-list\">\n<li>El <strong>t\u00edtulo I<\/strong> contempla <strong>medidas en materia de transporte terrestre<\/strong>, estructuradas en tres cap\u00edtulos:\n<ul class=\"wp-block-list\">\n<li>El <strong>cap\u00edtulo I<\/strong> recoge <strong>medidas de sostenibilidad del transporte de mercanc\u00edas por carretera<\/strong>.<\/li>\n\n\n\n<li>El <strong>cap\u00edtulo II<\/strong> incluye <strong>medidas de apoyo al tejido econ\u00f3mico y empresarial del transporte terrestre<\/strong>, con un suplemento de cr\u00e9dito por <strong>450 millones de euros<\/strong> para <strong>reforzar la liquidez de empresas y aut\u00f3nomos<\/strong>.<\/li>\n\n\n\n<li>El <strong>cap\u00edtulo III<\/strong> establece <strong>medidas de fomento del transporte p\u00fablico colectivo<\/strong>, como <strong>la bonificaci\u00f3n hasta el 100% de los servicios de Cercan\u00edas, Rodalies y Media Distancia<\/strong> declarados como obligaci\u00f3n de servicio p\u00fablico.<\/li>\n<\/ul>\n<\/li>\n\n\n\n<li>El <strong>t\u00edtulo II<\/strong> contempla <strong>medidas en materia de transporte a\u00e9reo<\/strong>, fomentando la <strong>colaboraci\u00f3n de AENA con el Ministerio del Interior<\/strong> en el <strong>control de pasajeros<\/strong>, especialmente en contextos como la pandemia.<\/li>\n\n\n\n<li>El <strong>t\u00edtulo III<\/strong> recoge <strong>medidas en materia de transporte mar\u00edtimo<\/strong>, entre ellas:\n<ul class=\"wp-block-list\">\n<li>Apoyo a ciudadanos ucranianos y al <strong>transporte mar\u00edtimo nacional e internacional<\/strong>, afectado por <strong>la escasez de personal mar\u00edtimo<\/strong>, especialmente en la categor\u00eda de oficiales.<\/li>\n<\/ul>\n<\/li>\n\n\n\n<li>El <strong>t\u00edtulo IV<\/strong> establece <strong>medidas econ\u00f3micas en materia de becas y ayudas al estudio<\/strong>:\n<ul class=\"wp-block-list\">\n<li><strong>100 euros mensuales complementarios<\/strong> entre septiembre y diciembre de 2022 para beneficiarios de las becas generales y de apoyo educativo para el curso 2022-2023.<\/li>\n<\/ul>\n<\/li>\n\n\n\n<li>El <strong>t\u00edtulo V<\/strong> incluye <strong>medidas de fomento del ahorro y la eficiencia energ\u00e9tica<\/strong>, as\u00ed como de <strong>fomento de la electrificaci\u00f3n y el despliegue de energ\u00edas renovables<\/strong>, distribuidas en dos cap\u00edtulos:\n<ul class=\"wp-block-list\">\n<li>Se <strong>modifican los l\u00edmites de temperatura<\/strong> en calefacci\u00f3n y refrigeraci\u00f3n (19 y 27 \u00baC, respectivamente), con excepciones justificadas.<\/li>\n\n\n\n<li><strong>Obligatoriedad de cierres autom\u00e1ticos de puertas<\/strong> en locales y edificios.<\/li>\n\n\n\n<li><strong>Facilitaci\u00f3n de instalaci\u00f3n de autoconsumos<\/strong>, autorizaciones el\u00e9ctricas y <strong>bombeos en instalaciones existentes<\/strong>.<\/li>\n\n\n\n<li><strong>Modificaciones regulatorias<\/strong> para <strong>facilitar la inyecci\u00f3n de biog\u00e1s e hidr\u00f3geno en redes de gas natural<\/strong>.<\/li>\n<\/ul>\n<\/li>\n<\/ul>\n\n\n\n<p class=\"wp-block-paragraph\">Como se puede apreciar, <strong>el tema de la corbata es simplemente una an\u00e9cdota<\/strong> dentro del <strong>elenco de medidas que desarrolla este Real Decreto<\/strong>.<\/p>\n\n\n\n<p class=\"wp-block-paragraph\">Por nuestra parte, <strong>no podemos sino estar de acuerdo con todo lo expuesto en esta normativa<\/strong> y esperamos que <strong>en las iniciativas legislativas siguientes se contin\u00fae por la buena senda iniciada<\/strong>, porque <strong>entendemos que esto debe ser tan solo el comienzo de acciones mucho m\u00e1s importantes y de calado<\/strong>.<\/p>\n\n\n\n<p class=\"wp-block-paragraph\">Tan solo nos queda manifestar <strong>nuestra pesadumbre de que estas medidas se hayan tomado ante una situaci\u00f3n coyuntural de una guerra<\/strong>, mientras que <strong>una situaci\u00f3n end\u00e9mica como es el cambio clim\u00e1tico antropog\u00e9nico, no haya tenido una respuesta, al menos, similar<\/strong>.<\/p>\n\n\n\n<hr class=\"wp-block-separator has-alpha-channel-opacity\"\/>\n\n\n\n<p class=\"wp-block-paragraph\"><\/p>\n","protected":false},"excerpt":{"rendered":"<p>No cabe duda que en una sociedad de la informaci\u00f3n, como en la que estamos inmersos, la cantidad de esta es tan variada y abundante, que, por higiene mental, tendemos a simplificar los procesos de asimilaci\u00f3n y mayoritariamente acudimos a la opini\u00f3n publicada para formarnos nuestra propia opini\u00f3n. Esta actitud, b\u00e1sicamente adoptada por una econom\u00eda [&hellip;]<\/p>\n","protected":false},"author":1,"featured_media":465,"comment_status":"open","ping_status":"open","sticky":false,"template":"","format":"standard","meta":{"footnotes":""},"categories":[55],"tags":[],"class_list":["post-464","post","type-post","status-publish","format-standard","has-post-thumbnail","category-general"],"yoast_head":"<!-- This site is optimized with the Yoast SEO plugin v28.2 - https:\/\/yoast.com\/product\/yoast-seo-wordpress\/ -->\n<title>Informaci\u00f3n partidista - Salto Ecol\u00f3gico<\/title>\n<meta name=\"robots\" content=\"index, follow, max-snippet:-1, max-image-preview:large, max-video-preview:-1\" \/>\n<link rel=\"canonical\" href=\"https:\/\/saltoecologico.es\/index.php\/2022\/08\/09\/informacion-partidista\/\" \/>\n<meta property=\"og:locale\" content=\"es_ES\" \/>\n<meta property=\"og:type\" content=\"article\" \/>\n<meta property=\"og:title\" content=\"Informaci\u00f3n partidista - Salto Ecol\u00f3gico\" \/>\n<meta property=\"og:description\" content=\"No cabe duda que en una sociedad de la informaci\u00f3n, como en la que estamos inmersos, la cantidad de esta es tan variada y abundante, que, por higiene mental, tendemos a simplificar los procesos de asimilaci\u00f3n y mayoritariamente acudimos a la opini\u00f3n publicada para formarnos nuestra propia opini\u00f3n. Esta actitud, b\u00e1sicamente adoptada por una econom\u00eda [&hellip;]\" \/>\n<meta property=\"og:url\" content=\"https:\/\/saltoecologico.es\/index.php\/2022\/08\/09\/informacion-partidista\/\" \/>\n<meta property=\"og:site_name\" content=\"Salto Ecol\u00f3gico\" \/>\n<meta property=\"article:publisher\" content=\"https:\/\/www.facebook.com\/Saltotransicionecologica\" \/>\n<meta property=\"article:published_time\" content=\"2022-08-09T16:50:00+00:00\" \/>\n<meta property=\"article:modified_time\" content=\"2025-04-13T16:50:43+00:00\" \/>\n<meta property=\"og:image\" content=\"https:\/\/saltoecologico.es\/wp-content\/uploads\/2025\/04\/Fotovoltaica-2.jpg\" \/>\n\t<meta property=\"og:image:width\" content=\"1024\" \/>\n\t<meta property=\"og:image:height\" content=\"683\" \/>\n\t<meta property=\"og:image:type\" content=\"image\/jpeg\" \/>\n<meta name=\"author\" content=\"admin\" \/>\n<meta name=\"twitter:card\" content=\"summary_large_image\" \/>\n<meta name=\"twitter:label1\" content=\"Escrito por\" \/>\n\t<meta name=\"twitter:data1\" content=\"admin\" \/>\n\t<meta name=\"twitter:label2\" content=\"Tiempo de lectura\" \/>\n\t<meta name=\"twitter:data2\" content=\"4 minutos\" \/>\n<script type=\"application\/ld+json\" class=\"yoast-schema-graph\">{\"@context\":\"https:\\\/\\\/schema.org\",\"@graph\":[{\"@type\":\"Article\",\"@id\":\"https:\\\/\\\/saltoecologico.es\\\/index.php\\\/2022\\\/08\\\/09\\\/informacion-partidista\\\/#article\",\"isPartOf\":{\"@id\":\"https:\\\/\\\/saltoecologico.es\\\/index.php\\\/2022\\\/08\\\/09\\\/informacion-partidista\\\/\"},\"author\":{\"name\":\"admin\",\"@id\":\"https:\\\/\\\/saltoecologico.es\\\/#\\\/schema\\\/person\\\/7175eec4b3c123d86c675313c3a01a0b\"},\"headline\":\"Informaci\u00f3n partidista\",\"datePublished\":\"2022-08-09T16:50:00+00:00\",\"dateModified\":\"2025-04-13T16:50:43+00:00\",\"mainEntityOfPage\":{\"@id\":\"https:\\\/\\\/saltoecologico.es\\\/index.php\\\/2022\\\/08\\\/09\\\/informacion-partidista\\\/\"},\"wordCount\":682,\"commentCount\":0,\"publisher\":{\"@id\":\"https:\\\/\\\/saltoecologico.es\\\/#organization\"},\"image\":{\"@id\":\"https:\\\/\\\/saltoecologico.es\\\/index.php\\\/2022\\\/08\\\/09\\\/informacion-partidista\\\/#primaryimage\"},\"thumbnailUrl\":\"https:\\\/\\\/saltoecologico.es\\\/wp-content\\\/uploads\\\/2025\\\/04\\\/Fotovoltaica-2.jpg\",\"articleSection\":[\"General\"],\"inLanguage\":\"es\",\"potentialAction\":[{\"@type\":\"CommentAction\",\"name\":\"Comment\",\"target\":[\"https:\\\/\\\/saltoecologico.es\\\/index.php\\\/2022\\\/08\\\/09\\\/informacion-partidista\\\/#respond\"]}]},{\"@type\":\"WebPage\",\"@id\":\"https:\\\/\\\/saltoecologico.es\\\/index.php\\\/2022\\\/08\\\/09\\\/informacion-partidista\\\/\",\"url\":\"https:\\\/\\\/saltoecologico.es\\\/index.php\\\/2022\\\/08\\\/09\\\/informacion-partidista\\\/\",\"name\":\"Informaci\u00f3n partidista - Salto Ecol\u00f3gico\",\"isPartOf\":{\"@id\":\"https:\\\/\\\/saltoecologico.es\\\/#website\"},\"primaryImageOfPage\":{\"@id\":\"https:\\\/\\\/saltoecologico.es\\\/index.php\\\/2022\\\/08\\\/09\\\/informacion-partidista\\\/#primaryimage\"},\"image\":{\"@id\":\"https:\\\/\\\/saltoecologico.es\\\/index.php\\\/2022\\\/08\\\/09\\\/informacion-partidista\\\/#primaryimage\"},\"thumbnailUrl\":\"https:\\\/\\\/saltoecologico.es\\\/wp-content\\\/uploads\\\/2025\\\/04\\\/Fotovoltaica-2.jpg\",\"datePublished\":\"2022-08-09T16:50:00+00:00\",\"dateModified\":\"2025-04-13T16:50:43+00:00\",\"breadcrumb\":{\"@id\":\"https:\\\/\\\/saltoecologico.es\\\/index.php\\\/2022\\\/08\\\/09\\\/informacion-partidista\\\/#breadcrumb\"},\"inLanguage\":\"es\",\"potentialAction\":[{\"@type\":\"ReadAction\",\"target\":[\"https:\\\/\\\/saltoecologico.es\\\/index.php\\\/2022\\\/08\\\/09\\\/informacion-partidista\\\/\"]}]},{\"@type\":\"ImageObject\",\"inLanguage\":\"es\",\"@id\":\"https:\\\/\\\/saltoecologico.es\\\/index.php\\\/2022\\\/08\\\/09\\\/informacion-partidista\\\/#primaryimage\",\"url\":\"https:\\\/\\\/saltoecologico.es\\\/wp-content\\\/uploads\\\/2025\\\/04\\\/Fotovoltaica-2.jpg\",\"contentUrl\":\"https:\\\/\\\/saltoecologico.es\\\/wp-content\\\/uploads\\\/2025\\\/04\\\/Fotovoltaica-2.jpg\",\"width\":1024,\"height\":683,\"caption\":\"2 maintenance girl engineer carry tool box routine maintenance at greenery solar farm in village\"},{\"@type\":\"BreadcrumbList\",\"@id\":\"https:\\\/\\\/saltoecologico.es\\\/index.php\\\/2022\\\/08\\\/09\\\/informacion-partidista\\\/#breadcrumb\",\"itemListElement\":[{\"@type\":\"ListItem\",\"position\":1,\"name\":\"Portada\",\"item\":\"https:\\\/\\\/saltoecologico.es\\\/\"},{\"@type\":\"ListItem\",\"position\":2,\"name\":\"Informaci\u00f3n partidista\"}]},{\"@type\":\"WebSite\",\"@id\":\"https:\\\/\\\/saltoecologico.es\\\/#website\",\"url\":\"https:\\\/\\\/saltoecologico.es\\\/\",\"name\":\"Salto Ecol\u00f3gico\",\"description\":\"\",\"publisher\":{\"@id\":\"https:\\\/\\\/saltoecologico.es\\\/#organization\"},\"potentialAction\":[{\"@type\":\"SearchAction\",\"target\":{\"@type\":\"EntryPoint\",\"urlTemplate\":\"https:\\\/\\\/saltoecologico.es\\\/?s={search_term_string}\"},\"query-input\":{\"@type\":\"PropertyValueSpecification\",\"valueRequired\":true,\"valueName\":\"search_term_string\"}}],\"inLanguage\":\"es\"},{\"@type\":\"Organization\",\"@id\":\"https:\\\/\\\/saltoecologico.es\\\/#organization\",\"name\":\"Salto a la Transici\u00f3n Ecol\u00f3gica\",\"url\":\"https:\\\/\\\/saltoecologico.es\\\/\",\"logo\":{\"@type\":\"ImageObject\",\"inLanguage\":\"es\",\"@id\":\"https:\\\/\\\/saltoecologico.es\\\/#\\\/schema\\\/logo\\\/image\\\/\",\"url\":\"https:\\\/\\\/saltoecologico.es\\\/wp-content\\\/uploads\\\/2025\\\/04\\\/Logo-STE.jpg\",\"contentUrl\":\"https:\\\/\\\/saltoecologico.es\\\/wp-content\\\/uploads\\\/2025\\\/04\\\/Logo-STE.jpg\",\"width\":435,\"height\":435,\"caption\":\"Salto a la Transici\u00f3n Ecol\u00f3gica\"},\"image\":{\"@id\":\"https:\\\/\\\/saltoecologico.es\\\/#\\\/schema\\\/logo\\\/image\\\/\"},\"sameAs\":[\"https:\\\/\\\/www.facebook.com\\\/Saltotransicionecologica\"]},{\"@type\":\"Person\",\"@id\":\"https:\\\/\\\/saltoecologico.es\\\/#\\\/schema\\\/person\\\/7175eec4b3c123d86c675313c3a01a0b\",\"name\":\"admin\",\"image\":{\"@type\":\"ImageObject\",\"inLanguage\":\"es\",\"@id\":\"https:\\\/\\\/secure.gravatar.com\\\/avatar\\\/4c215dc57bbc7b2f2f470ac9bd197f3f112636a584e575a732d0206a2d9c9806?s=96&d=mm&r=g\",\"url\":\"https:\\\/\\\/secure.gravatar.com\\\/avatar\\\/4c215dc57bbc7b2f2f470ac9bd197f3f112636a584e575a732d0206a2d9c9806?s=96&d=mm&r=g\",\"contentUrl\":\"https:\\\/\\\/secure.gravatar.com\\\/avatar\\\/4c215dc57bbc7b2f2f470ac9bd197f3f112636a584e575a732d0206a2d9c9806?s=96&d=mm&r=g\",\"caption\":\"admin\"},\"sameAs\":[\"https:\\\/\\\/saltoecologico.es\"],\"url\":\"https:\\\/\\\/saltoecologico.es\\\/index.php\\\/author\\\/saltoecologico\\\/\"}]}<\/script>\n<!-- \/ Yoast SEO plugin. -->","yoast_head_json":{"title":"Informaci\u00f3n partidista - Salto Ecol\u00f3gico","robots":{"index":"index","follow":"follow","max-snippet":"max-snippet:-1","max-image-preview":"max-image-preview:large","max-video-preview":"max-video-preview:-1"},"canonical":"https:\/\/saltoecologico.es\/index.php\/2022\/08\/09\/informacion-partidista\/","og_locale":"es_ES","og_type":"article","og_title":"Informaci\u00f3n partidista - Salto Ecol\u00f3gico","og_description":"No cabe duda que en una sociedad de la informaci\u00f3n, como en la que estamos inmersos, la cantidad de esta es tan variada y abundante, que, por higiene mental, tendemos a simplificar los procesos de asimilaci\u00f3n y mayoritariamente acudimos a la opini\u00f3n publicada para formarnos nuestra propia opini\u00f3n. Esta actitud, b\u00e1sicamente adoptada por una econom\u00eda [&hellip;]","og_url":"https:\/\/saltoecologico.es\/index.php\/2022\/08\/09\/informacion-partidista\/","og_site_name":"Salto Ecol\u00f3gico","article_publisher":"https:\/\/www.facebook.com\/Saltotransicionecologica","article_published_time":"2022-08-09T16:50:00+00:00","article_modified_time":"2025-04-13T16:50:43+00:00","og_image":[{"width":1024,"height":683,"url":"https:\/\/saltoecologico.es\/wp-content\/uploads\/2025\/04\/Fotovoltaica-2.jpg","type":"image\/jpeg"}],"author":"admin","twitter_card":"summary_large_image","twitter_misc":{"Escrito por":"admin","Tiempo de lectura":"4 minutos"},"schema":{"@context":"https:\/\/schema.org","@graph":[{"@type":"Article","@id":"https:\/\/saltoecologico.es\/index.php\/2022\/08\/09\/informacion-partidista\/#article","isPartOf":{"@id":"https:\/\/saltoecologico.es\/index.php\/2022\/08\/09\/informacion-partidista\/"},"author":{"name":"admin","@id":"https:\/\/saltoecologico.es\/#\/schema\/person\/7175eec4b3c123d86c675313c3a01a0b"},"headline":"Informaci\u00f3n partidista","datePublished":"2022-08-09T16:50:00+00:00","dateModified":"2025-04-13T16:50:43+00:00","mainEntityOfPage":{"@id":"https:\/\/saltoecologico.es\/index.php\/2022\/08\/09\/informacion-partidista\/"},"wordCount":682,"commentCount":0,"publisher":{"@id":"https:\/\/saltoecologico.es\/#organization"},"image":{"@id":"https:\/\/saltoecologico.es\/index.php\/2022\/08\/09\/informacion-partidista\/#primaryimage"},"thumbnailUrl":"https:\/\/saltoecologico.es\/wp-content\/uploads\/2025\/04\/Fotovoltaica-2.jpg","articleSection":["General"],"inLanguage":"es","potentialAction":[{"@type":"CommentAction","name":"Comment","target":["https:\/\/saltoecologico.es\/index.php\/2022\/08\/09\/informacion-partidista\/#respond"]}]},{"@type":"WebPage","@id":"https:\/\/saltoecologico.es\/index.php\/2022\/08\/09\/informacion-partidista\/","url":"https:\/\/saltoecologico.es\/index.php\/2022\/08\/09\/informacion-partidista\/","name":"Informaci\u00f3n partidista - Salto Ecol\u00f3gico","isPartOf":{"@id":"https:\/\/saltoecologico.es\/#website"},"primaryImageOfPage":{"@id":"https:\/\/saltoecologico.es\/index.php\/2022\/08\/09\/informacion-partidista\/#primaryimage"},"image":{"@id":"https:\/\/saltoecologico.es\/index.php\/2022\/08\/09\/informacion-partidista\/#primaryimage"},"thumbnailUrl":"https:\/\/saltoecologico.es\/wp-content\/uploads\/2025\/04\/Fotovoltaica-2.jpg","datePublished":"2022-08-09T16:50:00+00:00","dateModified":"2025-04-13T16:50:43+00:00","breadcrumb":{"@id":"https:\/\/saltoecologico.es\/index.php\/2022\/08\/09\/informacion-partidista\/#breadcrumb"},"inLanguage":"es","potentialAction":[{"@type":"ReadAction","target":["https:\/\/saltoecologico.es\/index.php\/2022\/08\/09\/informacion-partidista\/"]}]},{"@type":"ImageObject","inLanguage":"es","@id":"https:\/\/saltoecologico.es\/index.php\/2022\/08\/09\/informacion-partidista\/#primaryimage","url":"https:\/\/saltoecologico.es\/wp-content\/uploads\/2025\/04\/Fotovoltaica-2.jpg","contentUrl":"https:\/\/saltoecologico.es\/wp-content\/uploads\/2025\/04\/Fotovoltaica-2.jpg","width":1024,"height":683,"caption":"2 maintenance girl engineer carry tool box routine maintenance at greenery solar farm in village"},{"@type":"BreadcrumbList","@id":"https:\/\/saltoecologico.es\/index.php\/2022\/08\/09\/informacion-partidista\/#breadcrumb","itemListElement":[{"@type":"ListItem","position":1,"name":"Portada","item":"https:\/\/saltoecologico.es\/"},{"@type":"ListItem","position":2,"name":"Informaci\u00f3n partidista"}]},{"@type":"WebSite","@id":"https:\/\/saltoecologico.es\/#website","url":"https:\/\/saltoecologico.es\/","name":"Salto Ecol\u00f3gico","description":"","publisher":{"@id":"https:\/\/saltoecologico.es\/#organization"},"potentialAction":[{"@type":"SearchAction","target":{"@type":"EntryPoint","urlTemplate":"https:\/\/saltoecologico.es\/?s={search_term_string}"},"query-input":{"@type":"PropertyValueSpecification","valueRequired":true,"valueName":"search_term_string"}}],"inLanguage":"es"},{"@type":"Organization","@id":"https:\/\/saltoecologico.es\/#organization","name":"Salto a la Transici\u00f3n Ecol\u00f3gica","url":"https:\/\/saltoecologico.es\/","logo":{"@type":"ImageObject","inLanguage":"es","@id":"https:\/\/saltoecologico.es\/#\/schema\/logo\/image\/","url":"https:\/\/saltoecologico.es\/wp-content\/uploads\/2025\/04\/Logo-STE.jpg","contentUrl":"https:\/\/saltoecologico.es\/wp-content\/uploads\/2025\/04\/Logo-STE.jpg","width":435,"height":435,"caption":"Salto a la Transici\u00f3n Ecol\u00f3gica"},"image":{"@id":"https:\/\/saltoecologico.es\/#\/schema\/logo\/image\/"},"sameAs":["https:\/\/www.facebook.com\/Saltotransicionecologica"]},{"@type":"Person","@id":"https:\/\/saltoecologico.es\/#\/schema\/person\/7175eec4b3c123d86c675313c3a01a0b","name":"admin","image":{"@type":"ImageObject","inLanguage":"es","@id":"https:\/\/secure.gravatar.com\/avatar\/4c215dc57bbc7b2f2f470ac9bd197f3f112636a584e575a732d0206a2d9c9806?s=96&d=mm&r=g","url":"https:\/\/secure.gravatar.com\/avatar\/4c215dc57bbc7b2f2f470ac9bd197f3f112636a584e575a732d0206a2d9c9806?s=96&d=mm&r=g","contentUrl":"https:\/\/secure.gravatar.com\/avatar\/4c215dc57bbc7b2f2f470ac9bd197f3f112636a584e575a732d0206a2d9c9806?s=96&d=mm&r=g","caption":"admin"},"sameAs":["https:\/\/saltoecologico.es"],"url":"https:\/\/saltoecologico.es\/index.php\/author\/saltoecologico\/"}]}},"_links":{"self":[{"href":"https:\/\/saltoecologico.es\/index.php\/wp-json\/wp\/v2\/posts\/464","targetHints":{"allow":["GET"]}}],"collection":[{"href":"https:\/\/saltoecologico.es\/index.php\/wp-json\/wp\/v2\/posts"}],"about":[{"href":"https:\/\/saltoecologico.es\/index.php\/wp-json\/wp\/v2\/types\/post"}],"author":[{"embeddable":true,"href":"https:\/\/saltoecologico.es\/index.php\/wp-json\/wp\/v2\/users\/1"}],"replies":[{"embeddable":true,"href":"https:\/\/saltoecologico.es\/index.php\/wp-json\/wp\/v2\/comments?post=464"}],"version-history":[{"count":1,"href":"https:\/\/saltoecologico.es\/index.php\/wp-json\/wp\/v2\/posts\/464\/revisions"}],"predecessor-version":[{"id":466,"href":"https:\/\/saltoecologico.es\/index.php\/wp-json\/wp\/v2\/posts\/464\/revisions\/466"}],"wp:featuredmedia":[{"embeddable":true,"href":"https:\/\/saltoecologico.es\/index.php\/wp-json\/wp\/v2\/media\/465"}],"wp:attachment":[{"href":"https:\/\/saltoecologico.es\/index.php\/wp-json\/wp\/v2\/media?parent=464"}],"wp:term":[{"taxonomy":"category","embeddable":true,"href":"https:\/\/saltoecologico.es\/index.php\/wp-json\/wp\/v2\/categories?post=464"},{"taxonomy":"post_tag","embeddable":true,"href":"https:\/\/saltoecologico.es\/index.php\/wp-json\/wp\/v2\/tags?post=464"}],"curies":[{"name":"wp","href":"https:\/\/api.w.org\/{rel}","templated":true}]}}