{"id":467,"date":"2022-08-15T16:54:00","date_gmt":"2022-08-15T16:54:00","guid":{"rendered":"https:\/\/saltoecologico.es\/?p=467"},"modified":"2025-04-13T16:55:23","modified_gmt":"2025-04-13T16:55:23","slug":"retribucion","status":"publish","type":"post","link":"https:\/\/saltoecologico.es\/index.php\/2022\/08\/15\/retribucion\/","title":{"rendered":"Retribuci\u00f3n"},"content":{"rendered":"\n<p class=\"wp-block-paragraph\">\u201c<strong>Red El\u00e9ctrica de Espa\u00f1a S.A.U. (\u201cREE\u201d), en su condici\u00f3n de Operador del Sistema, es titular de la Central Hidr\u00e1ulica Reversible de 200 MW de Chira Soria en Gran Canaria en virtud de la Orden IET\/728\/2014, de 28 de abril, que resolvi\u00f3 aceptar la renuncia presentada por UNELCO a la ejecuci\u00f3n de la citada instalaci\u00f3n y estableci\u00f3 la obligaci\u00f3n de transmitir al Operador del Sistema el proyecto de la referida central, atendiendo a lo dispuesto en la disposici\u00f3n transitoria segunda de la Ley 17\/2013<\/strong>\u201d.<\/p>\n\n\n\n<p class=\"wp-block-paragraph\">En estos t\u00e9rminos comienza el <strong>escrito de alegaciones al proyecto que aprueba la metodolog\u00eda de c\u00e1lculo de retribuci\u00f3n de Chira Soria<\/strong>, que recordemos que <strong>en forma de proyecto de orden ministerial todav\u00eda est\u00e1 en proceso de confecci\u00f3n y aprobaci\u00f3n<\/strong>.<\/p>\n\n\n\n<p class=\"wp-block-paragraph\"><strong>En primer lugar<\/strong>, conviene recordar que <strong>no estamos en un proceso de libre concurrencia<\/strong> en la que se produce una licitaci\u00f3n de la administraci\u00f3n del Estado y a la que acuden distintas empresas, presentando sus respectivas ofertas. <strong>Estamos ante un proceso obligatorio donde el operador del sistema tiene que inexorablemente asumir la construcci\u00f3n de la instalaci\u00f3n<\/strong>.<\/p>\n\n\n\n<p class=\"wp-block-paragraph\"><strong>En segundo lugar<\/strong>, <strong>no estamos ante una adjudicaci\u00f3n por un precio tasado<\/strong>, sino que <strong>estamos en una concesi\u00f3n administrativa<\/strong>, cuyo nivel de retribuci\u00f3n est\u00e1 en fase de confecci\u00f3n mediante la orden ministerial aludida. Esta concesi\u00f3n administrativa consiste en que <strong>la adjudicataria realizar\u00e1 la obra con fondos propios<\/strong> y durante la fase de explotaci\u00f3n ir\u00e1 <strong>recibiendo una remuneraci\u00f3n en base a distintos par\u00e1metros<\/strong>, y <strong>uno de ellos ser\u00e1 la inversi\u00f3n neta realizada<\/strong>.<\/p>\n\n\n\n<p class=\"wp-block-paragraph\"><strong>En cuarto lugar<\/strong>, el <strong>14 de mayo de 2021<\/strong>, REE remiti\u00f3 escrito a la <strong>Direcci\u00f3n General de Pol\u00edtica Energ\u00e9tica y Minas<\/strong> que recog\u00eda la propuesta de los valores indicados, entre ellos el <strong>valor de inversi\u00f3n y del modelo retributivo para la instalaci\u00f3n hidroel\u00e9ctrica de bombeo de Chira-Soria<\/strong>.<\/p>\n\n\n\n<p class=\"wp-block-paragraph\"><strong>En quinto lugar<\/strong>, en 2021 se inici\u00f3 en todo el mundo <strong>una escalada sin precedentes de los precios de las materias primas necesarias para la obra<\/strong>, que ha impactado de forma directa en los procesos de licitaci\u00f3n y adjudicaci\u00f3n de los mismos previstos para marzo de 2022. As\u00ed, por ejemplo:<\/p>\n\n\n\n<ul class=\"wp-block-list\">\n<li>El <strong>acero corrugado<\/strong> ha sufrido un incremento del precio del orden del <strong>70%<\/strong>,<\/li>\n\n\n\n<li>El <strong>aluminio<\/strong>, un <strong>53%<\/strong>,<\/li>\n\n\n\n<li>Los <strong>materiales sint\u00e9ticos y derivados del petr\u00f3leo<\/strong>, un <strong>63%<\/strong>.<\/li>\n<\/ul>\n\n\n\n<p class=\"wp-block-paragraph\"><strong>En sexto lugar<\/strong>, las administraciones p\u00fablicas han sacado <strong>diferentes normas para hacer frente al alza de los precios en las licitaciones realizadas<\/strong>, como es el caso del <strong>Real Decreto-ley 3\/2022, de 1 de marzo<\/strong>, de medidas para la mejora de la sostenibilidad del transporte de mercanc\u00edas por carretera y del funcionamiento de la cadena log\u00edstica, que entre otros recoge el siguiente literal:<br><strong>\u201cDicha circunstancia extraordinaria, excepcional e imprevisible ha generado que la ejecuci\u00f3n de un n\u00famero significativo de contratos p\u00fablicos se haya dificultado notablemente, pues los contratistas han visto c\u00f3mo se alteraba fuertemente y de forma imprevista la econom\u00eda de estos contratos por causa de un incremento extraordinario de ciertos costes, incremento que era imprevisible en el momento de la licitaci\u00f3n y que exceder\u00eda del que pueda ser incluido en el riesgo y ventura que el contratista ha de soportar en todo contrato p\u00fablico\u201d<\/strong>.<\/p>\n\n\n\n<p class=\"wp-block-paragraph\"><strong>En s\u00e9ptimo lugar<\/strong>, el <strong>4 de marzo de 2022<\/strong>, el Operador del Sistema presenta ante el ministerio el escrito titulado:<br><strong>\u201cAlegaciones al proyecto de orden por la que se aprueba la metodolog\u00eda de c\u00e1lculo de la retribuci\u00f3n de la central hidr\u00e1ulica reversible de Chira Soria\u201d<\/strong>, en el que <strong>se actualiza el presupuesto acorde con la realidad de precios actuales<\/strong> y en el que <strong>se desarrolla, entre otras cuestiones, una extensa descripci\u00f3n de la evoluci\u00f3n de los materiales y mano de obra en todas y cada una de las partidas que lo componen<\/strong>.<\/p>\n\n\n\n<p class=\"wp-block-paragraph\">En definitiva, <strong>estamos en un proceso ajustado a derecho, en tiempo y forma<\/strong>, en el que una parte <strong>utiliza una l\u00ednea argumental precisa y motivada de las razones que le llevan a realizar su petici\u00f3n<\/strong>, y ahora lo que compete es que la otra parte, l\u00e9ase <strong>el ministerio<\/strong>, <strong>valore las consideraciones que se le han esgrimido<\/strong> y <strong>tome la decisi\u00f3n, de si la petici\u00f3n es adecuada o si se desestima<\/strong>, tal y como ocurre en <strong>todo estado de derecho como en el que nos encontramos<\/strong>.<\/p>\n\n\n\n<hr class=\"wp-block-separator has-alpha-channel-opacity\"\/>\n\n\n\n<p class=\"wp-block-paragraph\"><\/p>\n","protected":false},"excerpt":{"rendered":"<p>\u201cRed El\u00e9ctrica de Espa\u00f1a S.A.U. (\u201cREE\u201d), en su condici\u00f3n de Operador del Sistema, es titular de la Central Hidr\u00e1ulica Reversible de 200 MW de Chira Soria en Gran Canaria en virtud de la Orden IET\/728\/2014, de 28 de abril, que resolvi\u00f3 aceptar la renuncia presentada por UNELCO a la ejecuci\u00f3n de la citada instalaci\u00f3n y [&hellip;]<\/p>\n","protected":false},"author":1,"featured_media":468,"comment_status":"open","ping_status":"open","sticky":false,"template":"","format":"standard","meta":{"footnotes":""},"categories":[56,31],"tags":[],"class_list":["post-467","post","type-post","status-publish","format-standard","has-post-thumbnail","category-b_salto-de-chira","category-bombeos"],"yoast_head":"<!-- This site is optimized with the Yoast SEO plugin v28.2 - https:\/\/yoast.com\/product\/yoast-seo-wordpress\/ -->\n<title>Retribuci\u00f3n - Salto Ecol\u00f3gico<\/title>\n<meta name=\"robots\" content=\"index, follow, max-snippet:-1, max-image-preview:large, max-video-preview:-1\" \/>\n<link rel=\"canonical\" href=\"https:\/\/saltoecologico.es\/index.php\/2022\/08\/15\/retribucion\/\" \/>\n<meta property=\"og:locale\" content=\"es_ES\" \/>\n<meta property=\"og:type\" content=\"article\" \/>\n<meta property=\"og:title\" content=\"Retribuci\u00f3n - Salto Ecol\u00f3gico\" \/>\n<meta property=\"og:description\" content=\"\u201cRed El\u00e9ctrica de Espa\u00f1a S.A.U. (\u201cREE\u201d), en su condici\u00f3n de Operador del Sistema, es titular de la Central Hidr\u00e1ulica Reversible de 200 MW de Chira Soria en Gran Canaria en virtud de la Orden IET\/728\/2014, de 28 de abril, que resolvi\u00f3 aceptar la renuncia presentada por UNELCO a la ejecuci\u00f3n de la citada instalaci\u00f3n y [&hellip;]\" \/>\n<meta property=\"og:url\" content=\"https:\/\/saltoecologico.es\/index.php\/2022\/08\/15\/retribucion\/\" \/>\n<meta property=\"og:site_name\" content=\"Salto Ecol\u00f3gico\" \/>\n<meta property=\"article:publisher\" content=\"https:\/\/www.facebook.com\/Saltotransicionecologica\" \/>\n<meta property=\"article:published_time\" content=\"2022-08-15T16:54:00+00:00\" \/>\n<meta property=\"article:modified_time\" content=\"2025-04-13T16:55:23+00:00\" \/>\n<meta property=\"og:image\" content=\"https:\/\/saltoecologico.es\/wp-content\/uploads\/2025\/04\/Salto-5.jpg\" \/>\n\t<meta property=\"og:image:width\" content=\"1024\" \/>\n\t<meta property=\"og:image:height\" content=\"576\" \/>\n\t<meta property=\"og:image:type\" content=\"image\/jpeg\" \/>\n<meta name=\"author\" content=\"admin\" \/>\n<meta name=\"twitter:card\" content=\"summary_large_image\" \/>\n<meta name=\"twitter:label1\" content=\"Escrito por\" \/>\n\t<meta name=\"twitter:data1\" content=\"admin\" \/>\n\t<meta name=\"twitter:label2\" content=\"Tiempo de lectura\" \/>\n\t<meta name=\"twitter:data2\" content=\"4 minutos\" \/>\n<script type=\"application\/ld+json\" class=\"yoast-schema-graph\">{\"@context\":\"https:\\\/\\\/schema.org\",\"@graph\":[{\"@type\":\"Article\",\"@id\":\"https:\\\/\\\/saltoecologico.es\\\/index.php\\\/2022\\\/08\\\/15\\\/retribucion\\\/#article\",\"isPartOf\":{\"@id\":\"https:\\\/\\\/saltoecologico.es\\\/index.php\\\/2022\\\/08\\\/15\\\/retribucion\\\/\"},\"author\":{\"name\":\"admin\",\"@id\":\"https:\\\/\\\/saltoecologico.es\\\/#\\\/schema\\\/person\\\/7175eec4b3c123d86c675313c3a01a0b\"},\"headline\":\"Retribuci\u00f3n\",\"datePublished\":\"2022-08-15T16:54:00+00:00\",\"dateModified\":\"2025-04-13T16:55:23+00:00\",\"mainEntityOfPage\":{\"@id\":\"https:\\\/\\\/saltoecologico.es\\\/index.php\\\/2022\\\/08\\\/15\\\/retribucion\\\/\"},\"wordCount\":745,\"commentCount\":0,\"publisher\":{\"@id\":\"https:\\\/\\\/saltoecologico.es\\\/#organization\"},\"image\":{\"@id\":\"https:\\\/\\\/saltoecologico.es\\\/index.php\\\/2022\\\/08\\\/15\\\/retribucion\\\/#primaryimage\"},\"thumbnailUrl\":\"https:\\\/\\\/saltoecologico.es\\\/wp-content\\\/uploads\\\/2025\\\/04\\\/Salto-5.jpg\",\"articleSection\":[\"B_Salto de Chira\",\"Bombeos\"],\"inLanguage\":\"es\",\"potentialAction\":[{\"@type\":\"CommentAction\",\"name\":\"Comment\",\"target\":[\"https:\\\/\\\/saltoecologico.es\\\/index.php\\\/2022\\\/08\\\/15\\\/retribucion\\\/#respond\"]}]},{\"@type\":\"WebPage\",\"@id\":\"https:\\\/\\\/saltoecologico.es\\\/index.php\\\/2022\\\/08\\\/15\\\/retribucion\\\/\",\"url\":\"https:\\\/\\\/saltoecologico.es\\\/index.php\\\/2022\\\/08\\\/15\\\/retribucion\\\/\",\"name\":\"Retribuci\u00f3n - Salto Ecol\u00f3gico\",\"isPartOf\":{\"@id\":\"https:\\\/\\\/saltoecologico.es\\\/#website\"},\"primaryImageOfPage\":{\"@id\":\"https:\\\/\\\/saltoecologico.es\\\/index.php\\\/2022\\\/08\\\/15\\\/retribucion\\\/#primaryimage\"},\"image\":{\"@id\":\"https:\\\/\\\/saltoecologico.es\\\/index.php\\\/2022\\\/08\\\/15\\\/retribucion\\\/#primaryimage\"},\"thumbnailUrl\":\"https:\\\/\\\/saltoecologico.es\\\/wp-content\\\/uploads\\\/2025\\\/04\\\/Salto-5.jpg\",\"datePublished\":\"2022-08-15T16:54:00+00:00\",\"dateModified\":\"2025-04-13T16:55:23+00:00\",\"breadcrumb\":{\"@id\":\"https:\\\/\\\/saltoecologico.es\\\/index.php\\\/2022\\\/08\\\/15\\\/retribucion\\\/#breadcrumb\"},\"inLanguage\":\"es\",\"potentialAction\":[{\"@type\":\"ReadAction\",\"target\":[\"https:\\\/\\\/saltoecologico.es\\\/index.php\\\/2022\\\/08\\\/15\\\/retribucion\\\/\"]}]},{\"@type\":\"ImageObject\",\"inLanguage\":\"es\",\"@id\":\"https:\\\/\\\/saltoecologico.es\\\/index.php\\\/2022\\\/08\\\/15\\\/retribucion\\\/#primaryimage\",\"url\":\"https:\\\/\\\/saltoecologico.es\\\/wp-content\\\/uploads\\\/2025\\\/04\\\/Salto-5.jpg\",\"contentUrl\":\"https:\\\/\\\/saltoecologico.es\\\/wp-content\\\/uploads\\\/2025\\\/04\\\/Salto-5.jpg\",\"width\":1024,\"height\":576,\"caption\":\"A hydroelectric power plant, a water mill\"},{\"@type\":\"BreadcrumbList\",\"@id\":\"https:\\\/\\\/saltoecologico.es\\\/index.php\\\/2022\\\/08\\\/15\\\/retribucion\\\/#breadcrumb\",\"itemListElement\":[{\"@type\":\"ListItem\",\"position\":1,\"name\":\"Portada\",\"item\":\"https:\\\/\\\/saltoecologico.es\\\/\"},{\"@type\":\"ListItem\",\"position\":2,\"name\":\"Retribuci\u00f3n\"}]},{\"@type\":\"WebSite\",\"@id\":\"https:\\\/\\\/saltoecologico.es\\\/#website\",\"url\":\"https:\\\/\\\/saltoecologico.es\\\/\",\"name\":\"Salto Ecol\u00f3gico\",\"description\":\"\",\"publisher\":{\"@id\":\"https:\\\/\\\/saltoecologico.es\\\/#organization\"},\"potentialAction\":[{\"@type\":\"SearchAction\",\"target\":{\"@type\":\"EntryPoint\",\"urlTemplate\":\"https:\\\/\\\/saltoecologico.es\\\/?s={search_term_string}\"},\"query-input\":{\"@type\":\"PropertyValueSpecification\",\"valueRequired\":true,\"valueName\":\"search_term_string\"}}],\"inLanguage\":\"es\"},{\"@type\":\"Organization\",\"@id\":\"https:\\\/\\\/saltoecologico.es\\\/#organization\",\"name\":\"Salto a la Transici\u00f3n Ecol\u00f3gica\",\"url\":\"https:\\\/\\\/saltoecologico.es\\\/\",\"logo\":{\"@type\":\"ImageObject\",\"inLanguage\":\"es\",\"@id\":\"https:\\\/\\\/saltoecologico.es\\\/#\\\/schema\\\/logo\\\/image\\\/\",\"url\":\"https:\\\/\\\/saltoecologico.es\\\/wp-content\\\/uploads\\\/2025\\\/04\\\/Logo-STE.jpg\",\"contentUrl\":\"https:\\\/\\\/saltoecologico.es\\\/wp-content\\\/uploads\\\/2025\\\/04\\\/Logo-STE.jpg\",\"width\":435,\"height\":435,\"caption\":\"Salto a la Transici\u00f3n Ecol\u00f3gica\"},\"image\":{\"@id\":\"https:\\\/\\\/saltoecologico.es\\\/#\\\/schema\\\/logo\\\/image\\\/\"},\"sameAs\":[\"https:\\\/\\\/www.facebook.com\\\/Saltotransicionecologica\"]},{\"@type\":\"Person\",\"@id\":\"https:\\\/\\\/saltoecologico.es\\\/#\\\/schema\\\/person\\\/7175eec4b3c123d86c675313c3a01a0b\",\"name\":\"admin\",\"image\":{\"@type\":\"ImageObject\",\"inLanguage\":\"es\",\"@id\":\"https:\\\/\\\/secure.gravatar.com\\\/avatar\\\/4c215dc57bbc7b2f2f470ac9bd197f3f112636a584e575a732d0206a2d9c9806?s=96&d=mm&r=g\",\"url\":\"https:\\\/\\\/secure.gravatar.com\\\/avatar\\\/4c215dc57bbc7b2f2f470ac9bd197f3f112636a584e575a732d0206a2d9c9806?s=96&d=mm&r=g\",\"contentUrl\":\"https:\\\/\\\/secure.gravatar.com\\\/avatar\\\/4c215dc57bbc7b2f2f470ac9bd197f3f112636a584e575a732d0206a2d9c9806?s=96&d=mm&r=g\",\"caption\":\"admin\"},\"sameAs\":[\"https:\\\/\\\/saltoecologico.es\"],\"url\":\"https:\\\/\\\/saltoecologico.es\\\/index.php\\\/author\\\/saltoecologico\\\/\"}]}<\/script>\n<!-- \/ Yoast SEO plugin. -->","yoast_head_json":{"title":"Retribuci\u00f3n - Salto Ecol\u00f3gico","robots":{"index":"index","follow":"follow","max-snippet":"max-snippet:-1","max-image-preview":"max-image-preview:large","max-video-preview":"max-video-preview:-1"},"canonical":"https:\/\/saltoecologico.es\/index.php\/2022\/08\/15\/retribucion\/","og_locale":"es_ES","og_type":"article","og_title":"Retribuci\u00f3n - Salto Ecol\u00f3gico","og_description":"\u201cRed El\u00e9ctrica de Espa\u00f1a S.A.U. (\u201cREE\u201d), en su condici\u00f3n de Operador del Sistema, es titular de la Central Hidr\u00e1ulica Reversible de 200 MW de Chira Soria en Gran Canaria en virtud de la Orden IET\/728\/2014, de 28 de abril, que resolvi\u00f3 aceptar la renuncia presentada por UNELCO a la ejecuci\u00f3n de la citada instalaci\u00f3n y [&hellip;]","og_url":"https:\/\/saltoecologico.es\/index.php\/2022\/08\/15\/retribucion\/","og_site_name":"Salto Ecol\u00f3gico","article_publisher":"https:\/\/www.facebook.com\/Saltotransicionecologica","article_published_time":"2022-08-15T16:54:00+00:00","article_modified_time":"2025-04-13T16:55:23+00:00","og_image":[{"width":1024,"height":576,"url":"https:\/\/saltoecologico.es\/wp-content\/uploads\/2025\/04\/Salto-5.jpg","type":"image\/jpeg"}],"author":"admin","twitter_card":"summary_large_image","twitter_misc":{"Escrito por":"admin","Tiempo de lectura":"4 minutos"},"schema":{"@context":"https:\/\/schema.org","@graph":[{"@type":"Article","@id":"https:\/\/saltoecologico.es\/index.php\/2022\/08\/15\/retribucion\/#article","isPartOf":{"@id":"https:\/\/saltoecologico.es\/index.php\/2022\/08\/15\/retribucion\/"},"author":{"name":"admin","@id":"https:\/\/saltoecologico.es\/#\/schema\/person\/7175eec4b3c123d86c675313c3a01a0b"},"headline":"Retribuci\u00f3n","datePublished":"2022-08-15T16:54:00+00:00","dateModified":"2025-04-13T16:55:23+00:00","mainEntityOfPage":{"@id":"https:\/\/saltoecologico.es\/index.php\/2022\/08\/15\/retribucion\/"},"wordCount":745,"commentCount":0,"publisher":{"@id":"https:\/\/saltoecologico.es\/#organization"},"image":{"@id":"https:\/\/saltoecologico.es\/index.php\/2022\/08\/15\/retribucion\/#primaryimage"},"thumbnailUrl":"https:\/\/saltoecologico.es\/wp-content\/uploads\/2025\/04\/Salto-5.jpg","articleSection":["B_Salto de Chira","Bombeos"],"inLanguage":"es","potentialAction":[{"@type":"CommentAction","name":"Comment","target":["https:\/\/saltoecologico.es\/index.php\/2022\/08\/15\/retribucion\/#respond"]}]},{"@type":"WebPage","@id":"https:\/\/saltoecologico.es\/index.php\/2022\/08\/15\/retribucion\/","url":"https:\/\/saltoecologico.es\/index.php\/2022\/08\/15\/retribucion\/","name":"Retribuci\u00f3n - Salto Ecol\u00f3gico","isPartOf":{"@id":"https:\/\/saltoecologico.es\/#website"},"primaryImageOfPage":{"@id":"https:\/\/saltoecologico.es\/index.php\/2022\/08\/15\/retribucion\/#primaryimage"},"image":{"@id":"https:\/\/saltoecologico.es\/index.php\/2022\/08\/15\/retribucion\/#primaryimage"},"thumbnailUrl":"https:\/\/saltoecologico.es\/wp-content\/uploads\/2025\/04\/Salto-5.jpg","datePublished":"2022-08-15T16:54:00+00:00","dateModified":"2025-04-13T16:55:23+00:00","breadcrumb":{"@id":"https:\/\/saltoecologico.es\/index.php\/2022\/08\/15\/retribucion\/#breadcrumb"},"inLanguage":"es","potentialAction":[{"@type":"ReadAction","target":["https:\/\/saltoecologico.es\/index.php\/2022\/08\/15\/retribucion\/"]}]},{"@type":"ImageObject","inLanguage":"es","@id":"https:\/\/saltoecologico.es\/index.php\/2022\/08\/15\/retribucion\/#primaryimage","url":"https:\/\/saltoecologico.es\/wp-content\/uploads\/2025\/04\/Salto-5.jpg","contentUrl":"https:\/\/saltoecologico.es\/wp-content\/uploads\/2025\/04\/Salto-5.jpg","width":1024,"height":576,"caption":"A hydroelectric power plant, a water mill"},{"@type":"BreadcrumbList","@id":"https:\/\/saltoecologico.es\/index.php\/2022\/08\/15\/retribucion\/#breadcrumb","itemListElement":[{"@type":"ListItem","position":1,"name":"Portada","item":"https:\/\/saltoecologico.es\/"},{"@type":"ListItem","position":2,"name":"Retribuci\u00f3n"}]},{"@type":"WebSite","@id":"https:\/\/saltoecologico.es\/#website","url":"https:\/\/saltoecologico.es\/","name":"Salto Ecol\u00f3gico","description":"","publisher":{"@id":"https:\/\/saltoecologico.es\/#organization"},"potentialAction":[{"@type":"SearchAction","target":{"@type":"EntryPoint","urlTemplate":"https:\/\/saltoecologico.es\/?s={search_term_string}"},"query-input":{"@type":"PropertyValueSpecification","valueRequired":true,"valueName":"search_term_string"}}],"inLanguage":"es"},{"@type":"Organization","@id":"https:\/\/saltoecologico.es\/#organization","name":"Salto a la Transici\u00f3n Ecol\u00f3gica","url":"https:\/\/saltoecologico.es\/","logo":{"@type":"ImageObject","inLanguage":"es","@id":"https:\/\/saltoecologico.es\/#\/schema\/logo\/image\/","url":"https:\/\/saltoecologico.es\/wp-content\/uploads\/2025\/04\/Logo-STE.jpg","contentUrl":"https:\/\/saltoecologico.es\/wp-content\/uploads\/2025\/04\/Logo-STE.jpg","width":435,"height":435,"caption":"Salto a la Transici\u00f3n Ecol\u00f3gica"},"image":{"@id":"https:\/\/saltoecologico.es\/#\/schema\/logo\/image\/"},"sameAs":["https:\/\/www.facebook.com\/Saltotransicionecologica"]},{"@type":"Person","@id":"https:\/\/saltoecologico.es\/#\/schema\/person\/7175eec4b3c123d86c675313c3a01a0b","name":"admin","image":{"@type":"ImageObject","inLanguage":"es","@id":"https:\/\/secure.gravatar.com\/avatar\/4c215dc57bbc7b2f2f470ac9bd197f3f112636a584e575a732d0206a2d9c9806?s=96&d=mm&r=g","url":"https:\/\/secure.gravatar.com\/avatar\/4c215dc57bbc7b2f2f470ac9bd197f3f112636a584e575a732d0206a2d9c9806?s=96&d=mm&r=g","contentUrl":"https:\/\/secure.gravatar.com\/avatar\/4c215dc57bbc7b2f2f470ac9bd197f3f112636a584e575a732d0206a2d9c9806?s=96&d=mm&r=g","caption":"admin"},"sameAs":["https:\/\/saltoecologico.es"],"url":"https:\/\/saltoecologico.es\/index.php\/author\/saltoecologico\/"}]}},"_links":{"self":[{"href":"https:\/\/saltoecologico.es\/index.php\/wp-json\/wp\/v2\/posts\/467","targetHints":{"allow":["GET"]}}],"collection":[{"href":"https:\/\/saltoecologico.es\/index.php\/wp-json\/wp\/v2\/posts"}],"about":[{"href":"https:\/\/saltoecologico.es\/index.php\/wp-json\/wp\/v2\/types\/post"}],"author":[{"embeddable":true,"href":"https:\/\/saltoecologico.es\/index.php\/wp-json\/wp\/v2\/users\/1"}],"replies":[{"embeddable":true,"href":"https:\/\/saltoecologico.es\/index.php\/wp-json\/wp\/v2\/comments?post=467"}],"version-history":[{"count":1,"href":"https:\/\/saltoecologico.es\/index.php\/wp-json\/wp\/v2\/posts\/467\/revisions"}],"predecessor-version":[{"id":469,"href":"https:\/\/saltoecologico.es\/index.php\/wp-json\/wp\/v2\/posts\/467\/revisions\/469"}],"wp:featuredmedia":[{"embeddable":true,"href":"https:\/\/saltoecologico.es\/index.php\/wp-json\/wp\/v2\/media\/468"}],"wp:attachment":[{"href":"https:\/\/saltoecologico.es\/index.php\/wp-json\/wp\/v2\/media?parent=467"}],"wp:term":[{"taxonomy":"category","embeddable":true,"href":"https:\/\/saltoecologico.es\/index.php\/wp-json\/wp\/v2\/categories?post=467"},{"taxonomy":"post_tag","embeddable":true,"href":"https:\/\/saltoecologico.es\/index.php\/wp-json\/wp\/v2\/tags?post=467"}],"curies":[{"name":"wp","href":"https:\/\/api.w.org\/{rel}","templated":true}]}}