{"id":483,"date":"2022-09-03T09:22:00","date_gmt":"2022-09-03T09:22:00","guid":{"rendered":"https:\/\/saltoecologico.es\/?p=483"},"modified":"2025-04-14T09:23:20","modified_gmt":"2025-04-14T09:23:20","slug":"respuesta-a-eduardo","status":"publish","type":"post","link":"https:\/\/saltoecologico.es\/index.php\/2022\/09\/03\/respuesta-a-eduardo\/","title":{"rendered":"Respuesta a Eduardo"},"content":{"rendered":"\n<p class=\"wp-block-paragraph\"><strong>CHIRA-SORIA, DEPREDADOR TERRITORIAL<\/strong><\/p>\n\n\n\n<p class=\"wp-block-paragraph\">Adem\u00e1s de la cesi\u00f3n que los grancanarios hemos hecho a REE de todas las reservas de nuestras aguas pluviales en las presas de Chira y Soria* durante 50-75 a\u00f1os, existe un aspecto muy importante que no hemos tocado, y es el concerniente a los 200 Km2 del \u00e1rea de afecci\u00f3n del proyecto, que representa un 13% de la superficie total de la isla. En realidad, estos 200 Km2 son solo una peque\u00f1a parte de la verdadera dimensi\u00f3n territorial que requiere el proyecto de Central Hidroel\u00e9ctrica de doble bombeo reversible Chira Soria.<\/p>\n\n\n\n<p class=\"wp-block-paragraph\"><strong>Se da a entender que el proyecto va a afectar negativamente a los 200 km2 cuando en realidad lo que se hace es definir el \u00e1rea de estudio de la declaraci\u00f3n de impacto ambiental a 210,1 km2, para poder realizar una evaluaci\u00f3n extensa de cualquier afecci\u00f3n que pudiera producirse. Por poner un ejemplo el estudio abarca 2 km mar adentro y obviamente en este entorno no se realiza ninguna obra.<\/strong><\/p>\n\n\n\n<p class=\"wp-block-paragraph\">Para poder operar Chira Soria, Gran Canaria necesitar\u00eda aumentar artificialmente la demanda o consumo el\u00e9ctrico actual en un grado considerable. <strong>(Afirmaci\u00f3n totalmente falaz porque incluso con la demanda actual y solo fij\u00e1ndonos en la potencia rodante, ya el Salto de Chira tendr\u00eda plena justificaci\u00f3n)<\/strong>. Esto significa que, en lugar de reducir el consumo, que es lo que predica la UE y el Gobierno de Espa\u00f1a para evitar el derroche energ\u00e9tico y poder as\u00ed combatir los efectos del cambio clim\u00e1tico, Chira-Soria nos obligar\u00eda a aumentarlo. Esto se debe a que la central viene asociada a una estaci\u00f3n desaladora y de bombeo (27 Kms. de distancia y 900 metros de altitud), lo que la hace altamente ineficiente en relaci\u00f3n a cualquier central hidroel\u00e9ctrica del planeta, todas ellas con caudal propio y ninguna -salvo la ineficiente Gorona del Viento- con caudal artificial como es Chira Soria.<\/p>\n\n\n\n<p class=\"wp-block-paragraph\"><strong>Precisamente por esta diferencia en que no tiene caudal fluyente es por lo que la ley le da la titularidad al Operador del Sistema y marca como objetivos de la instalaci\u00f3n la garant\u00eda del suministro, la seguridad del sistema y la integraci\u00f3n de energ\u00edas renovables no gestionables, para los territorios insulares.<\/strong><\/p>\n\n\n\n<p class=\"wp-block-paragraph\">Por este motivo, Chira Soria no es realmente una central hidroel\u00e9ctrica, sino un gigantesco sistema hidr\u00e1ulico con un peque\u00f1o subsistema hidroel\u00e9ctrico que recuperar\u00e1 con suerte el 50% de la energ\u00eda requerida para poder desalar y bombear el agua necesaria para el turbinado hidroel\u00e9ctrico <strong>(Falaz nuevamente, el sistema tendr\u00e1 una eficiencia del 80%)<\/strong>. Es precisamente este factor, el de la eficiencia energ\u00e9tica, el que nos da la clave del principal perjuicio que conlleva la central, que es de \u00edndole territorial. La opini\u00f3n p\u00fablica que apoya el proyecto parece obviar el hecho de que vivimos en una isla de 1560 Km2 y a\u00fan as\u00ed, est\u00e1 dispuesta a tolerar que un 13% de ella sea entregado a REE para su explotaci\u00f3n empresarial. Pero la p\u00e9rdida territorial es mucho mayor que este 13%. <strong>(Explicado anteriormente el porqu\u00e9 de est\u00e1 inexactitud).<\/strong><\/p>\n\n\n\n<p class=\"wp-block-paragraph\">La eficiencia de la central se estima en un 50%. Es decir, que si para recuperar un 50% de energ\u00eda, Chira Soria requiere utilizar un 100%, para recuperar un 100% se requerir\u00e1 generar un 200%. Pura aritm\u00e9tica. \u00bfY esto que significa? Que donde antes se requer\u00eda un aerogenerador o una placa fotovoltaica, ahora se necesitar\u00e1n dos. Calculen todos los aerogeneradores y placas fotovoltaicas que requiere el consumo energ\u00e9tico real en Gran Canaria y multipl\u00edquenlo por dos. Por supuesto, multipliquen tambi\u00e9n por dos el espacio territorial necesario. \u00bfPor qu\u00e9 les pido a Uds. que lo calculen? Porque ese c\u00e1lculo no ha sido mostrado a la ciudadan\u00eda.<\/p>\n\n\n\n<p class=\"wp-block-paragraph\"><strong>Sencillamente porque todo lo dicho es un disparate y a la ciudadan\u00eda no se le presentan disparates. Lo \u00fanico que va a hacer el Salto de Chira es disminuir los vertidos de las renovables que existan en cada momento, siendo absolutamente incierto que provoque sobredimensionar las renovables por ineficiencia.<\/strong><\/p>\n\n\n\n<p class=\"wp-block-paragraph\">Esto, ni m\u00e1s ni menos, es lo que implica Chira Soria. Ahora bien: \u00bfUsted, querido lector, se ha preocupado en preguntar cu\u00e1nto espacio real ocupar\u00e1n todos los aerogeneradores y campos fotovoltaicos para que Chira Soria pueda operar? Mejor a\u00fan, \u00bfha informado clara y cient\u00edficamente el MITECO, el GobCan, el ITC, el Cabildo de Gran Canaria sobre el sacrificio territorial que nos supondr\u00e1 a los grancanarios el alimentar a ese megalod\u00f3n territorial que es Chira Soria?<\/p>\n\n\n\n<p class=\"wp-block-paragraph\"><strong>Repetimos, el Salto de Chira ya podr\u00eda funcionar con los par\u00e1metros actuales y ser\u00eda inmensamente rentables para el sistema y para la ciudadan\u00eda de Gran Canaria y es as\u00ed simplemente por la aplicaci\u00f3n de la ley, al dise\u00f1arse para: GARANTIZAR EL SUMINISTRO, SEGURIDAD DEL SISTEMA E INTEGRACI\u00d3N DE RENOVABLES.<\/strong><\/p>\n\n\n\n<p class=\"wp-block-paragraph\">* Para entender la cantidad de agua de lluvia que los grancanarios han sacrificado para que REE pueda construir Chira-Soria, recomiendo la lectura del siguiente art\u00edculo publicado hace unos d\u00edas por la Plataforma Salvar Chira-Soria:&nbsp;<\/p>\n\n\n\n<p class=\"wp-block-paragraph\"><a href=\"https:\/\/www.facebook.com\/105745711325031\/posts\/556907642875500\">https:\/\/www.facebook.com\/105745711325031\/posts\/556907642875500<\/a><\/p>\n","protected":false},"excerpt":{"rendered":"<p>CHIRA-SORIA, DEPREDADOR TERRITORIAL Adem\u00e1s de la cesi\u00f3n que los grancanarios hemos hecho a REE de todas las reservas de nuestras aguas pluviales en las presas de Chira y Soria* durante 50-75 a\u00f1os, existe un aspecto muy importante que no hemos tocado, y es el concerniente a los 200 Km2 del \u00e1rea de afecci\u00f3n del proyecto, [&hellip;]<\/p>\n","protected":false},"author":1,"featured_media":484,"comment_status":"open","ping_status":"open","sticky":false,"template":"","format":"standard","meta":{"footnotes":""},"categories":[56,31],"tags":[],"class_list":["post-483","post","type-post","status-publish","format-standard","has-post-thumbnail","category-b_salto-de-chira","category-bombeos"],"yoast_head":"<!-- This site is optimized with the Yoast SEO plugin v28.2 - https:\/\/yoast.com\/product\/yoast-seo-wordpress\/ -->\n<title>Respuesta a Eduardo - Salto Ecol\u00f3gico<\/title>\n<meta name=\"robots\" content=\"index, follow, max-snippet:-1, max-image-preview:large, max-video-preview:-1\" \/>\n<link rel=\"canonical\" href=\"https:\/\/saltoecologico.es\/index.php\/2022\/09\/03\/respuesta-a-eduardo\/\" \/>\n<meta property=\"og:locale\" content=\"es_ES\" \/>\n<meta property=\"og:type\" content=\"article\" \/>\n<meta property=\"og:title\" content=\"Respuesta a Eduardo - Salto Ecol\u00f3gico\" \/>\n<meta property=\"og:description\" content=\"CHIRA-SORIA, DEPREDADOR TERRITORIAL Adem\u00e1s de la cesi\u00f3n que los grancanarios hemos hecho a REE de todas las reservas de nuestras aguas pluviales en las presas de Chira y Soria* durante 50-75 a\u00f1os, existe un aspecto muy importante que no hemos tocado, y es el concerniente a los 200 Km2 del \u00e1rea de afecci\u00f3n del proyecto, [&hellip;]\" \/>\n<meta property=\"og:url\" content=\"https:\/\/saltoecologico.es\/index.php\/2022\/09\/03\/respuesta-a-eduardo\/\" \/>\n<meta property=\"og:site_name\" content=\"Salto Ecol\u00f3gico\" \/>\n<meta property=\"article:publisher\" content=\"https:\/\/www.facebook.com\/Saltotransicionecologica\" \/>\n<meta property=\"article:published_time\" content=\"2022-09-03T09:22:00+00:00\" \/>\n<meta property=\"article:modified_time\" content=\"2025-04-14T09:23:20+00:00\" \/>\n<meta property=\"og:image\" content=\"https:\/\/saltoecologico.es\/wp-content\/uploads\/2025\/04\/Salto-8.jpg\" \/>\n\t<meta property=\"og:image:width\" content=\"1024\" \/>\n\t<meta property=\"og:image:height\" content=\"682\" \/>\n\t<meta property=\"og:image:type\" content=\"image\/jpeg\" \/>\n<meta name=\"author\" content=\"admin\" \/>\n<meta name=\"twitter:card\" content=\"summary_large_image\" \/>\n<meta name=\"twitter:label1\" content=\"Escrito por\" \/>\n\t<meta name=\"twitter:data1\" content=\"admin\" \/>\n\t<meta name=\"twitter:label2\" content=\"Tiempo de lectura\" \/>\n\t<meta name=\"twitter:data2\" content=\"4 minutos\" \/>\n<script type=\"application\/ld+json\" class=\"yoast-schema-graph\">{\"@context\":\"https:\\\/\\\/schema.org\",\"@graph\":[{\"@type\":\"Article\",\"@id\":\"https:\\\/\\\/saltoecologico.es\\\/index.php\\\/2022\\\/09\\\/03\\\/respuesta-a-eduardo\\\/#article\",\"isPartOf\":{\"@id\":\"https:\\\/\\\/saltoecologico.es\\\/index.php\\\/2022\\\/09\\\/03\\\/respuesta-a-eduardo\\\/\"},\"author\":{\"name\":\"admin\",\"@id\":\"https:\\\/\\\/saltoecologico.es\\\/#\\\/schema\\\/person\\\/7175eec4b3c123d86c675313c3a01a0b\"},\"headline\":\"Respuesta a Eduardo\",\"datePublished\":\"2022-09-03T09:22:00+00:00\",\"dateModified\":\"2025-04-14T09:23:20+00:00\",\"mainEntityOfPage\":{\"@id\":\"https:\\\/\\\/saltoecologico.es\\\/index.php\\\/2022\\\/09\\\/03\\\/respuesta-a-eduardo\\\/\"},\"wordCount\":861,\"commentCount\":0,\"publisher\":{\"@id\":\"https:\\\/\\\/saltoecologico.es\\\/#organization\"},\"image\":{\"@id\":\"https:\\\/\\\/saltoecologico.es\\\/index.php\\\/2022\\\/09\\\/03\\\/respuesta-a-eduardo\\\/#primaryimage\"},\"thumbnailUrl\":\"https:\\\/\\\/saltoecologico.es\\\/wp-content\\\/uploads\\\/2025\\\/04\\\/Salto-8.jpg\",\"articleSection\":[\"B_Salto de Chira\",\"Bombeos\"],\"inLanguage\":\"es\",\"potentialAction\":[{\"@type\":\"CommentAction\",\"name\":\"Comment\",\"target\":[\"https:\\\/\\\/saltoecologico.es\\\/index.php\\\/2022\\\/09\\\/03\\\/respuesta-a-eduardo\\\/#respond\"]}]},{\"@type\":\"WebPage\",\"@id\":\"https:\\\/\\\/saltoecologico.es\\\/index.php\\\/2022\\\/09\\\/03\\\/respuesta-a-eduardo\\\/\",\"url\":\"https:\\\/\\\/saltoecologico.es\\\/index.php\\\/2022\\\/09\\\/03\\\/respuesta-a-eduardo\\\/\",\"name\":\"Respuesta a Eduardo - Salto Ecol\u00f3gico\",\"isPartOf\":{\"@id\":\"https:\\\/\\\/saltoecologico.es\\\/#website\"},\"primaryImageOfPage\":{\"@id\":\"https:\\\/\\\/saltoecologico.es\\\/index.php\\\/2022\\\/09\\\/03\\\/respuesta-a-eduardo\\\/#primaryimage\"},\"image\":{\"@id\":\"https:\\\/\\\/saltoecologico.es\\\/index.php\\\/2022\\\/09\\\/03\\\/respuesta-a-eduardo\\\/#primaryimage\"},\"thumbnailUrl\":\"https:\\\/\\\/saltoecologico.es\\\/wp-content\\\/uploads\\\/2025\\\/04\\\/Salto-8.jpg\",\"datePublished\":\"2022-09-03T09:22:00+00:00\",\"dateModified\":\"2025-04-14T09:23:20+00:00\",\"breadcrumb\":{\"@id\":\"https:\\\/\\\/saltoecologico.es\\\/index.php\\\/2022\\\/09\\\/03\\\/respuesta-a-eduardo\\\/#breadcrumb\"},\"inLanguage\":\"es\",\"potentialAction\":[{\"@type\":\"ReadAction\",\"target\":[\"https:\\\/\\\/saltoecologico.es\\\/index.php\\\/2022\\\/09\\\/03\\\/respuesta-a-eduardo\\\/\"]}]},{\"@type\":\"ImageObject\",\"inLanguage\":\"es\",\"@id\":\"https:\\\/\\\/saltoecologico.es\\\/index.php\\\/2022\\\/09\\\/03\\\/respuesta-a-eduardo\\\/#primaryimage\",\"url\":\"https:\\\/\\\/saltoecologico.es\\\/wp-content\\\/uploads\\\/2025\\\/04\\\/Salto-8.jpg\",\"contentUrl\":\"https:\\\/\\\/saltoecologico.es\\\/wp-content\\\/uploads\\\/2025\\\/04\\\/Salto-8.jpg\",\"width\":1024,\"height\":682,\"caption\":\"Largest hydroelectric power station on the Dnieper River in Zaporozhye.\"},{\"@type\":\"BreadcrumbList\",\"@id\":\"https:\\\/\\\/saltoecologico.es\\\/index.php\\\/2022\\\/09\\\/03\\\/respuesta-a-eduardo\\\/#breadcrumb\",\"itemListElement\":[{\"@type\":\"ListItem\",\"position\":1,\"name\":\"Portada\",\"item\":\"https:\\\/\\\/saltoecologico.es\\\/\"},{\"@type\":\"ListItem\",\"position\":2,\"name\":\"Respuesta a Eduardo\"}]},{\"@type\":\"WebSite\",\"@id\":\"https:\\\/\\\/saltoecologico.es\\\/#website\",\"url\":\"https:\\\/\\\/saltoecologico.es\\\/\",\"name\":\"Salto Ecol\u00f3gico\",\"description\":\"\",\"publisher\":{\"@id\":\"https:\\\/\\\/saltoecologico.es\\\/#organization\"},\"potentialAction\":[{\"@type\":\"SearchAction\",\"target\":{\"@type\":\"EntryPoint\",\"urlTemplate\":\"https:\\\/\\\/saltoecologico.es\\\/?s={search_term_string}\"},\"query-input\":{\"@type\":\"PropertyValueSpecification\",\"valueRequired\":true,\"valueName\":\"search_term_string\"}}],\"inLanguage\":\"es\"},{\"@type\":\"Organization\",\"@id\":\"https:\\\/\\\/saltoecologico.es\\\/#organization\",\"name\":\"Salto a la Transici\u00f3n Ecol\u00f3gica\",\"url\":\"https:\\\/\\\/saltoecologico.es\\\/\",\"logo\":{\"@type\":\"ImageObject\",\"inLanguage\":\"es\",\"@id\":\"https:\\\/\\\/saltoecologico.es\\\/#\\\/schema\\\/logo\\\/image\\\/\",\"url\":\"https:\\\/\\\/saltoecologico.es\\\/wp-content\\\/uploads\\\/2025\\\/04\\\/Logo-STE.jpg\",\"contentUrl\":\"https:\\\/\\\/saltoecologico.es\\\/wp-content\\\/uploads\\\/2025\\\/04\\\/Logo-STE.jpg\",\"width\":435,\"height\":435,\"caption\":\"Salto a la Transici\u00f3n Ecol\u00f3gica\"},\"image\":{\"@id\":\"https:\\\/\\\/saltoecologico.es\\\/#\\\/schema\\\/logo\\\/image\\\/\"},\"sameAs\":[\"https:\\\/\\\/www.facebook.com\\\/Saltotransicionecologica\"]},{\"@type\":\"Person\",\"@id\":\"https:\\\/\\\/saltoecologico.es\\\/#\\\/schema\\\/person\\\/7175eec4b3c123d86c675313c3a01a0b\",\"name\":\"admin\",\"image\":{\"@type\":\"ImageObject\",\"inLanguage\":\"es\",\"@id\":\"https:\\\/\\\/secure.gravatar.com\\\/avatar\\\/4c215dc57bbc7b2f2f470ac9bd197f3f112636a584e575a732d0206a2d9c9806?s=96&d=mm&r=g\",\"url\":\"https:\\\/\\\/secure.gravatar.com\\\/avatar\\\/4c215dc57bbc7b2f2f470ac9bd197f3f112636a584e575a732d0206a2d9c9806?s=96&d=mm&r=g\",\"contentUrl\":\"https:\\\/\\\/secure.gravatar.com\\\/avatar\\\/4c215dc57bbc7b2f2f470ac9bd197f3f112636a584e575a732d0206a2d9c9806?s=96&d=mm&r=g\",\"caption\":\"admin\"},\"sameAs\":[\"https:\\\/\\\/saltoecologico.es\"],\"url\":\"https:\\\/\\\/saltoecologico.es\\\/index.php\\\/author\\\/saltoecologico\\\/\"}]}<\/script>\n<!-- \/ Yoast SEO plugin. -->","yoast_head_json":{"title":"Respuesta a Eduardo - Salto Ecol\u00f3gico","robots":{"index":"index","follow":"follow","max-snippet":"max-snippet:-1","max-image-preview":"max-image-preview:large","max-video-preview":"max-video-preview:-1"},"canonical":"https:\/\/saltoecologico.es\/index.php\/2022\/09\/03\/respuesta-a-eduardo\/","og_locale":"es_ES","og_type":"article","og_title":"Respuesta a Eduardo - Salto Ecol\u00f3gico","og_description":"CHIRA-SORIA, DEPREDADOR TERRITORIAL Adem\u00e1s de la cesi\u00f3n que los grancanarios hemos hecho a REE de todas las reservas de nuestras aguas pluviales en las presas de Chira y Soria* durante 50-75 a\u00f1os, existe un aspecto muy importante que no hemos tocado, y es el concerniente a los 200 Km2 del \u00e1rea de afecci\u00f3n del proyecto, [&hellip;]","og_url":"https:\/\/saltoecologico.es\/index.php\/2022\/09\/03\/respuesta-a-eduardo\/","og_site_name":"Salto Ecol\u00f3gico","article_publisher":"https:\/\/www.facebook.com\/Saltotransicionecologica","article_published_time":"2022-09-03T09:22:00+00:00","article_modified_time":"2025-04-14T09:23:20+00:00","og_image":[{"width":1024,"height":682,"url":"https:\/\/saltoecologico.es\/wp-content\/uploads\/2025\/04\/Salto-8.jpg","type":"image\/jpeg"}],"author":"admin","twitter_card":"summary_large_image","twitter_misc":{"Escrito por":"admin","Tiempo de lectura":"4 minutos"},"schema":{"@context":"https:\/\/schema.org","@graph":[{"@type":"Article","@id":"https:\/\/saltoecologico.es\/index.php\/2022\/09\/03\/respuesta-a-eduardo\/#article","isPartOf":{"@id":"https:\/\/saltoecologico.es\/index.php\/2022\/09\/03\/respuesta-a-eduardo\/"},"author":{"name":"admin","@id":"https:\/\/saltoecologico.es\/#\/schema\/person\/7175eec4b3c123d86c675313c3a01a0b"},"headline":"Respuesta a Eduardo","datePublished":"2022-09-03T09:22:00+00:00","dateModified":"2025-04-14T09:23:20+00:00","mainEntityOfPage":{"@id":"https:\/\/saltoecologico.es\/index.php\/2022\/09\/03\/respuesta-a-eduardo\/"},"wordCount":861,"commentCount":0,"publisher":{"@id":"https:\/\/saltoecologico.es\/#organization"},"image":{"@id":"https:\/\/saltoecologico.es\/index.php\/2022\/09\/03\/respuesta-a-eduardo\/#primaryimage"},"thumbnailUrl":"https:\/\/saltoecologico.es\/wp-content\/uploads\/2025\/04\/Salto-8.jpg","articleSection":["B_Salto de Chira","Bombeos"],"inLanguage":"es","potentialAction":[{"@type":"CommentAction","name":"Comment","target":["https:\/\/saltoecologico.es\/index.php\/2022\/09\/03\/respuesta-a-eduardo\/#respond"]}]},{"@type":"WebPage","@id":"https:\/\/saltoecologico.es\/index.php\/2022\/09\/03\/respuesta-a-eduardo\/","url":"https:\/\/saltoecologico.es\/index.php\/2022\/09\/03\/respuesta-a-eduardo\/","name":"Respuesta a Eduardo - Salto Ecol\u00f3gico","isPartOf":{"@id":"https:\/\/saltoecologico.es\/#website"},"primaryImageOfPage":{"@id":"https:\/\/saltoecologico.es\/index.php\/2022\/09\/03\/respuesta-a-eduardo\/#primaryimage"},"image":{"@id":"https:\/\/saltoecologico.es\/index.php\/2022\/09\/03\/respuesta-a-eduardo\/#primaryimage"},"thumbnailUrl":"https:\/\/saltoecologico.es\/wp-content\/uploads\/2025\/04\/Salto-8.jpg","datePublished":"2022-09-03T09:22:00+00:00","dateModified":"2025-04-14T09:23:20+00:00","breadcrumb":{"@id":"https:\/\/saltoecologico.es\/index.php\/2022\/09\/03\/respuesta-a-eduardo\/#breadcrumb"},"inLanguage":"es","potentialAction":[{"@type":"ReadAction","target":["https:\/\/saltoecologico.es\/index.php\/2022\/09\/03\/respuesta-a-eduardo\/"]}]},{"@type":"ImageObject","inLanguage":"es","@id":"https:\/\/saltoecologico.es\/index.php\/2022\/09\/03\/respuesta-a-eduardo\/#primaryimage","url":"https:\/\/saltoecologico.es\/wp-content\/uploads\/2025\/04\/Salto-8.jpg","contentUrl":"https:\/\/saltoecologico.es\/wp-content\/uploads\/2025\/04\/Salto-8.jpg","width":1024,"height":682,"caption":"Largest hydroelectric power station on the Dnieper River in Zaporozhye."},{"@type":"BreadcrumbList","@id":"https:\/\/saltoecologico.es\/index.php\/2022\/09\/03\/respuesta-a-eduardo\/#breadcrumb","itemListElement":[{"@type":"ListItem","position":1,"name":"Portada","item":"https:\/\/saltoecologico.es\/"},{"@type":"ListItem","position":2,"name":"Respuesta a Eduardo"}]},{"@type":"WebSite","@id":"https:\/\/saltoecologico.es\/#website","url":"https:\/\/saltoecologico.es\/","name":"Salto Ecol\u00f3gico","description":"","publisher":{"@id":"https:\/\/saltoecologico.es\/#organization"},"potentialAction":[{"@type":"SearchAction","target":{"@type":"EntryPoint","urlTemplate":"https:\/\/saltoecologico.es\/?s={search_term_string}"},"query-input":{"@type":"PropertyValueSpecification","valueRequired":true,"valueName":"search_term_string"}}],"inLanguage":"es"},{"@type":"Organization","@id":"https:\/\/saltoecologico.es\/#organization","name":"Salto a la Transici\u00f3n Ecol\u00f3gica","url":"https:\/\/saltoecologico.es\/","logo":{"@type":"ImageObject","inLanguage":"es","@id":"https:\/\/saltoecologico.es\/#\/schema\/logo\/image\/","url":"https:\/\/saltoecologico.es\/wp-content\/uploads\/2025\/04\/Logo-STE.jpg","contentUrl":"https:\/\/saltoecologico.es\/wp-content\/uploads\/2025\/04\/Logo-STE.jpg","width":435,"height":435,"caption":"Salto a la Transici\u00f3n Ecol\u00f3gica"},"image":{"@id":"https:\/\/saltoecologico.es\/#\/schema\/logo\/image\/"},"sameAs":["https:\/\/www.facebook.com\/Saltotransicionecologica"]},{"@type":"Person","@id":"https:\/\/saltoecologico.es\/#\/schema\/person\/7175eec4b3c123d86c675313c3a01a0b","name":"admin","image":{"@type":"ImageObject","inLanguage":"es","@id":"https:\/\/secure.gravatar.com\/avatar\/4c215dc57bbc7b2f2f470ac9bd197f3f112636a584e575a732d0206a2d9c9806?s=96&d=mm&r=g","url":"https:\/\/secure.gravatar.com\/avatar\/4c215dc57bbc7b2f2f470ac9bd197f3f112636a584e575a732d0206a2d9c9806?s=96&d=mm&r=g","contentUrl":"https:\/\/secure.gravatar.com\/avatar\/4c215dc57bbc7b2f2f470ac9bd197f3f112636a584e575a732d0206a2d9c9806?s=96&d=mm&r=g","caption":"admin"},"sameAs":["https:\/\/saltoecologico.es"],"url":"https:\/\/saltoecologico.es\/index.php\/author\/saltoecologico\/"}]}},"_links":{"self":[{"href":"https:\/\/saltoecologico.es\/index.php\/wp-json\/wp\/v2\/posts\/483","targetHints":{"allow":["GET"]}}],"collection":[{"href":"https:\/\/saltoecologico.es\/index.php\/wp-json\/wp\/v2\/posts"}],"about":[{"href":"https:\/\/saltoecologico.es\/index.php\/wp-json\/wp\/v2\/types\/post"}],"author":[{"embeddable":true,"href":"https:\/\/saltoecologico.es\/index.php\/wp-json\/wp\/v2\/users\/1"}],"replies":[{"embeddable":true,"href":"https:\/\/saltoecologico.es\/index.php\/wp-json\/wp\/v2\/comments?post=483"}],"version-history":[{"count":1,"href":"https:\/\/saltoecologico.es\/index.php\/wp-json\/wp\/v2\/posts\/483\/revisions"}],"predecessor-version":[{"id":485,"href":"https:\/\/saltoecologico.es\/index.php\/wp-json\/wp\/v2\/posts\/483\/revisions\/485"}],"wp:featuredmedia":[{"embeddable":true,"href":"https:\/\/saltoecologico.es\/index.php\/wp-json\/wp\/v2\/media\/484"}],"wp:attachment":[{"href":"https:\/\/saltoecologico.es\/index.php\/wp-json\/wp\/v2\/media?parent=483"}],"wp:term":[{"taxonomy":"category","embeddable":true,"href":"https:\/\/saltoecologico.es\/index.php\/wp-json\/wp\/v2\/categories?post=483"},{"taxonomy":"post_tag","embeddable":true,"href":"https:\/\/saltoecologico.es\/index.php\/wp-json\/wp\/v2\/tags?post=483"}],"curies":[{"name":"wp","href":"https:\/\/api.w.org\/{rel}","templated":true}]}}