{"id":486,"date":"2022-09-03T09:32:00","date_gmt":"2022-09-03T09:32:00","guid":{"rendered":"https:\/\/saltoecologico.es\/?p=486"},"modified":"2025-04-14T09:33:12","modified_gmt":"2025-04-14T09:33:12","slug":"medidas-contundentes","status":"publish","type":"post","link":"https:\/\/saltoecologico.es\/index.php\/2022\/09\/03\/medidas-contundentes\/","title":{"rendered":"Medidas contundentes"},"content":{"rendered":"\n<p class=\"wp-block-paragraph\">En plena crisis energ\u00e9tica y metidos en una vor\u00e1gine de ahorro a toda costa de la energ\u00eda, hay veces que perdemos la perspectiva y los arboles nos impide ver el bosque.<\/p>\n\n\n\n<p class=\"wp-block-paragraph\">Hace pocos meses el gobierno central se descolg\u00f3 con un real decreto de medidas urgentes por la guerra de Ucrania, en el que se colaba por la puerta de atr\u00e1s, una disposici\u00f3n que pr\u00e1cticamente liberalizaba el uso del gas natural en Canarias, donde hasta la fecha se desconoc\u00eda su uso. Efectivamente hablamos de ese gas natural que se ha convertido en el nudo gordiano de la geopol\u00edtica internacional. De ese mismo gas natural que el se\u00f1or Putin esgrime como amenaza de corte a los pa\u00edses del centro de Europa. De ese mismo gas natural que ha servido de represalia por parte de Argelia por el viraje de la pol\u00edtica hacia el pueblo saharaui del gobierno espa\u00f1ol. Y ese ese mismo gas, con su dependencia casi claustrof\u00f3bica de los pa\u00edses productores, el que quieren introducir en Canarias.<\/p>\n\n\n\n<p class=\"wp-block-paragraph\">Y decimos que se pierde la perspectiva porque en las medidas de ahorro no se puede ir al trazo fino de medidas coyunturales y acotadas en el tiempo porque Europa nos lo ha dicho. Porque con todo el tema de la guerra hemos perdido completamente la perspectiva de la realidad, porque tarde o temprano la guerra terminar\u00e1, pero entonces volveremos a caer en que hab\u00eda un peligro inmensamente mayor que se llamaba cambio clim\u00e1tico antropom\u00f3rfico y contra ese hay que ir con el trazo grueso de medidas contundentes y dr\u00e1sticas, mucho m\u00e1s all\u00e1 de medidas circunstanciales y cosm\u00e9ticas.<\/p>\n\n\n\n<p class=\"wp-block-paragraph\">Por poner sobre la mesa una serie de cifras y datos concretos. En el a\u00f1o 2020 y en las centrales el\u00e9ctricas de Gran Canaria, se quemaron 1.175.266 toneladas de combustible f\u00f3siles (datos del anuario energ\u00e9tico de Canarias 2020), lo que supuso la friolera de alrededor de 410 millones de euros, solo en esta partida. Si se tiene en cuenta que el gasto total de ese a\u00f1o para generar la electricidad de la isla fue de unos 520 millones de euros, nos sale que cerca del 80% de ese gasto correspondi\u00f3 al apartado de los combustibles. Si nosotros fu\u00e9ramos capaces de tener un sistema 100% renovables que no consuma ni una gota de estos compuestos, \u00bfCu\u00e1nto dinero nos ahorrar\u00edamos anualmente?.<\/p>\n\n\n\n<p class=\"wp-block-paragraph\">Por otro lado, para paliar que una ca\u00edda de un grupo en las centrales lleve aparejados apagones a los usuarios, se ech\u00f3 mano del concepto de potencia rodante, que b\u00e1sicamente significa que tenemos m\u00e1quinas funcionando en el m\u00ednimo t\u00e9cnico, dispuestas a coger la carga de la ca\u00edda de otro grupo. Pues bien, mediante c\u00e1lculos estimativos, este hecho singular nos cuesta a todos los espa\u00f1oles la friolera de unos 20 millones de euros y solo por estas pr\u00e1cticas en la isla de Gran Canaria. Si nosotros tuvi\u00e9ramos funcionando el Salto de Chira, no tendr\u00edamos que gastar absolutamente nada en potencia rodante, porque solo con abrir una compuerta tendr\u00edamos inmediatamente 200 MW disponibles.<\/p>\n\n\n\n<p class=\"wp-block-paragraph\">Estas son las aut\u00e9nticas medidas de calado que se precisan en este momento para abordar la crisis puntual de la guerra, pero sobre todo la crisis sist\u00e9mica del cambio clim\u00e1tico. Necesitamos que el gobierno de Canarias se crea sus propias estrategias, se ponga las pilas y lleve a cabo una transici\u00f3n acelerada hacia las renovables que tengan como piedra angular a los bombeos. Necesitamos a un gobierno central que no haga malabares con el gas en Canarias, sino que apueste decididamente por las iniciativas del gobierno auton\u00f3mico. Necesitamos a una sociedad civil que trascienda del ecologismo del paisaje y afronte los aut\u00e9nticos retos medioambientales, porque si no lo hacemos, nos quedaremos sin paisajes que admirar.<\/p>\n","protected":false},"excerpt":{"rendered":"<p>En plena crisis energ\u00e9tica y metidos en una vor\u00e1gine de ahorro a toda costa de la energ\u00eda, hay veces que perdemos la perspectiva y los arboles nos impide ver el bosque. Hace pocos meses el gobierno central se descolg\u00f3 con un real decreto de medidas urgentes por la guerra de Ucrania, en el que se [&hellip;]<\/p>\n","protected":false},"author":1,"featured_media":487,"comment_status":"open","ping_status":"open","sticky":false,"template":"","format":"standard","meta":{"footnotes":""},"categories":[55],"tags":[],"class_list":["post-486","post","type-post","status-publish","format-standard","has-post-thumbnail","category-general"],"yoast_head":"<!-- This site is optimized with the Yoast SEO plugin v28.2 - https:\/\/yoast.com\/product\/yoast-seo-wordpress\/ -->\n<title>Medidas contundentes - Salto Ecol\u00f3gico<\/title>\n<meta name=\"robots\" content=\"index, follow, max-snippet:-1, max-image-preview:large, max-video-preview:-1\" \/>\n<link rel=\"canonical\" href=\"https:\/\/saltoecologico.es\/index.php\/2022\/09\/03\/medidas-contundentes\/\" \/>\n<meta property=\"og:locale\" content=\"es_ES\" \/>\n<meta property=\"og:type\" content=\"article\" \/>\n<meta property=\"og:title\" content=\"Medidas contundentes - Salto Ecol\u00f3gico\" \/>\n<meta property=\"og:description\" content=\"En plena crisis energ\u00e9tica y metidos en una vor\u00e1gine de ahorro a toda costa de la energ\u00eda, hay veces que perdemos la perspectiva y los arboles nos impide ver el bosque. Hace pocos meses el gobierno central se descolg\u00f3 con un real decreto de medidas urgentes por la guerra de Ucrania, en el que se [&hellip;]\" \/>\n<meta property=\"og:url\" content=\"https:\/\/saltoecologico.es\/index.php\/2022\/09\/03\/medidas-contundentes\/\" \/>\n<meta property=\"og:site_name\" content=\"Salto Ecol\u00f3gico\" \/>\n<meta property=\"article:publisher\" content=\"https:\/\/www.facebook.com\/Saltotransicionecologica\" \/>\n<meta property=\"article:published_time\" content=\"2022-09-03T09:32:00+00:00\" \/>\n<meta property=\"article:modified_time\" content=\"2025-04-14T09:33:12+00:00\" \/>\n<meta property=\"og:image\" content=\"https:\/\/saltoecologico.es\/wp-content\/uploads\/2025\/04\/Fosiles6.jpg\" \/>\n\t<meta property=\"og:image:width\" content=\"1024\" \/>\n\t<meta property=\"og:image:height\" content=\"683\" \/>\n\t<meta property=\"og:image:type\" content=\"image\/jpeg\" \/>\n<meta name=\"author\" content=\"admin\" \/>\n<meta name=\"twitter:card\" content=\"summary_large_image\" \/>\n<meta name=\"twitter:label1\" content=\"Escrito por\" \/>\n\t<meta name=\"twitter:data1\" content=\"admin\" \/>\n\t<meta name=\"twitter:label2\" content=\"Tiempo de lectura\" \/>\n\t<meta name=\"twitter:data2\" content=\"3 minutos\" \/>\n<script type=\"application\/ld+json\" class=\"yoast-schema-graph\">{\"@context\":\"https:\\\/\\\/schema.org\",\"@graph\":[{\"@type\":\"Article\",\"@id\":\"https:\\\/\\\/saltoecologico.es\\\/index.php\\\/2022\\\/09\\\/03\\\/medidas-contundentes\\\/#article\",\"isPartOf\":{\"@id\":\"https:\\\/\\\/saltoecologico.es\\\/index.php\\\/2022\\\/09\\\/03\\\/medidas-contundentes\\\/\"},\"author\":{\"name\":\"admin\",\"@id\":\"https:\\\/\\\/saltoecologico.es\\\/#\\\/schema\\\/person\\\/7175eec4b3c123d86c675313c3a01a0b\"},\"headline\":\"Medidas contundentes\",\"datePublished\":\"2022-09-03T09:32:00+00:00\",\"dateModified\":\"2025-04-14T09:33:12+00:00\",\"mainEntityOfPage\":{\"@id\":\"https:\\\/\\\/saltoecologico.es\\\/index.php\\\/2022\\\/09\\\/03\\\/medidas-contundentes\\\/\"},\"wordCount\":649,\"commentCount\":0,\"publisher\":{\"@id\":\"https:\\\/\\\/saltoecologico.es\\\/#organization\"},\"image\":{\"@id\":\"https:\\\/\\\/saltoecologico.es\\\/index.php\\\/2022\\\/09\\\/03\\\/medidas-contundentes\\\/#primaryimage\"},\"thumbnailUrl\":\"https:\\\/\\\/saltoecologico.es\\\/wp-content\\\/uploads\\\/2025\\\/04\\\/Fosiles6.jpg\",\"articleSection\":[\"General\"],\"inLanguage\":\"es\",\"potentialAction\":[{\"@type\":\"CommentAction\",\"name\":\"Comment\",\"target\":[\"https:\\\/\\\/saltoecologico.es\\\/index.php\\\/2022\\\/09\\\/03\\\/medidas-contundentes\\\/#respond\"]}]},{\"@type\":\"WebPage\",\"@id\":\"https:\\\/\\\/saltoecologico.es\\\/index.php\\\/2022\\\/09\\\/03\\\/medidas-contundentes\\\/\",\"url\":\"https:\\\/\\\/saltoecologico.es\\\/index.php\\\/2022\\\/09\\\/03\\\/medidas-contundentes\\\/\",\"name\":\"Medidas contundentes - Salto Ecol\u00f3gico\",\"isPartOf\":{\"@id\":\"https:\\\/\\\/saltoecologico.es\\\/#website\"},\"primaryImageOfPage\":{\"@id\":\"https:\\\/\\\/saltoecologico.es\\\/index.php\\\/2022\\\/09\\\/03\\\/medidas-contundentes\\\/#primaryimage\"},\"image\":{\"@id\":\"https:\\\/\\\/saltoecologico.es\\\/index.php\\\/2022\\\/09\\\/03\\\/medidas-contundentes\\\/#primaryimage\"},\"thumbnailUrl\":\"https:\\\/\\\/saltoecologico.es\\\/wp-content\\\/uploads\\\/2025\\\/04\\\/Fosiles6.jpg\",\"datePublished\":\"2022-09-03T09:32:00+00:00\",\"dateModified\":\"2025-04-14T09:33:12+00:00\",\"breadcrumb\":{\"@id\":\"https:\\\/\\\/saltoecologico.es\\\/index.php\\\/2022\\\/09\\\/03\\\/medidas-contundentes\\\/#breadcrumb\"},\"inLanguage\":\"es\",\"potentialAction\":[{\"@type\":\"ReadAction\",\"target\":[\"https:\\\/\\\/saltoecologico.es\\\/index.php\\\/2022\\\/09\\\/03\\\/medidas-contundentes\\\/\"]}]},{\"@type\":\"ImageObject\",\"inLanguage\":\"es\",\"@id\":\"https:\\\/\\\/saltoecologico.es\\\/index.php\\\/2022\\\/09\\\/03\\\/medidas-contundentes\\\/#primaryimage\",\"url\":\"https:\\\/\\\/saltoecologico.es\\\/wp-content\\\/uploads\\\/2025\\\/04\\\/Fosiles6.jpg\",\"contentUrl\":\"https:\\\/\\\/saltoecologico.es\\\/wp-content\\\/uploads\\\/2025\\\/04\\\/Fosiles6.jpg\",\"width\":1024,\"height\":683},{\"@type\":\"BreadcrumbList\",\"@id\":\"https:\\\/\\\/saltoecologico.es\\\/index.php\\\/2022\\\/09\\\/03\\\/medidas-contundentes\\\/#breadcrumb\",\"itemListElement\":[{\"@type\":\"ListItem\",\"position\":1,\"name\":\"Portada\",\"item\":\"https:\\\/\\\/saltoecologico.es\\\/\"},{\"@type\":\"ListItem\",\"position\":2,\"name\":\"Medidas contundentes\"}]},{\"@type\":\"WebSite\",\"@id\":\"https:\\\/\\\/saltoecologico.es\\\/#website\",\"url\":\"https:\\\/\\\/saltoecologico.es\\\/\",\"name\":\"Salto Ecol\u00f3gico\",\"description\":\"\",\"publisher\":{\"@id\":\"https:\\\/\\\/saltoecologico.es\\\/#organization\"},\"potentialAction\":[{\"@type\":\"SearchAction\",\"target\":{\"@type\":\"EntryPoint\",\"urlTemplate\":\"https:\\\/\\\/saltoecologico.es\\\/?s={search_term_string}\"},\"query-input\":{\"@type\":\"PropertyValueSpecification\",\"valueRequired\":true,\"valueName\":\"search_term_string\"}}],\"inLanguage\":\"es\"},{\"@type\":\"Organization\",\"@id\":\"https:\\\/\\\/saltoecologico.es\\\/#organization\",\"name\":\"Salto a la Transici\u00f3n Ecol\u00f3gica\",\"url\":\"https:\\\/\\\/saltoecologico.es\\\/\",\"logo\":{\"@type\":\"ImageObject\",\"inLanguage\":\"es\",\"@id\":\"https:\\\/\\\/saltoecologico.es\\\/#\\\/schema\\\/logo\\\/image\\\/\",\"url\":\"https:\\\/\\\/saltoecologico.es\\\/wp-content\\\/uploads\\\/2025\\\/04\\\/Logo-STE.jpg\",\"contentUrl\":\"https:\\\/\\\/saltoecologico.es\\\/wp-content\\\/uploads\\\/2025\\\/04\\\/Logo-STE.jpg\",\"width\":435,\"height\":435,\"caption\":\"Salto a la Transici\u00f3n Ecol\u00f3gica\"},\"image\":{\"@id\":\"https:\\\/\\\/saltoecologico.es\\\/#\\\/schema\\\/logo\\\/image\\\/\"},\"sameAs\":[\"https:\\\/\\\/www.facebook.com\\\/Saltotransicionecologica\"]},{\"@type\":\"Person\",\"@id\":\"https:\\\/\\\/saltoecologico.es\\\/#\\\/schema\\\/person\\\/7175eec4b3c123d86c675313c3a01a0b\",\"name\":\"admin\",\"image\":{\"@type\":\"ImageObject\",\"inLanguage\":\"es\",\"@id\":\"https:\\\/\\\/secure.gravatar.com\\\/avatar\\\/4c215dc57bbc7b2f2f470ac9bd197f3f112636a584e575a732d0206a2d9c9806?s=96&d=mm&r=g\",\"url\":\"https:\\\/\\\/secure.gravatar.com\\\/avatar\\\/4c215dc57bbc7b2f2f470ac9bd197f3f112636a584e575a732d0206a2d9c9806?s=96&d=mm&r=g\",\"contentUrl\":\"https:\\\/\\\/secure.gravatar.com\\\/avatar\\\/4c215dc57bbc7b2f2f470ac9bd197f3f112636a584e575a732d0206a2d9c9806?s=96&d=mm&r=g\",\"caption\":\"admin\"},\"sameAs\":[\"https:\\\/\\\/saltoecologico.es\"],\"url\":\"https:\\\/\\\/saltoecologico.es\\\/index.php\\\/author\\\/saltoecologico\\\/\"}]}<\/script>\n<!-- \/ Yoast SEO plugin. -->","yoast_head_json":{"title":"Medidas contundentes - Salto Ecol\u00f3gico","robots":{"index":"index","follow":"follow","max-snippet":"max-snippet:-1","max-image-preview":"max-image-preview:large","max-video-preview":"max-video-preview:-1"},"canonical":"https:\/\/saltoecologico.es\/index.php\/2022\/09\/03\/medidas-contundentes\/","og_locale":"es_ES","og_type":"article","og_title":"Medidas contundentes - Salto Ecol\u00f3gico","og_description":"En plena crisis energ\u00e9tica y metidos en una vor\u00e1gine de ahorro a toda costa de la energ\u00eda, hay veces que perdemos la perspectiva y los arboles nos impide ver el bosque. Hace pocos meses el gobierno central se descolg\u00f3 con un real decreto de medidas urgentes por la guerra de Ucrania, en el que se [&hellip;]","og_url":"https:\/\/saltoecologico.es\/index.php\/2022\/09\/03\/medidas-contundentes\/","og_site_name":"Salto Ecol\u00f3gico","article_publisher":"https:\/\/www.facebook.com\/Saltotransicionecologica","article_published_time":"2022-09-03T09:32:00+00:00","article_modified_time":"2025-04-14T09:33:12+00:00","og_image":[{"width":1024,"height":683,"url":"https:\/\/saltoecologico.es\/wp-content\/uploads\/2025\/04\/Fosiles6.jpg","type":"image\/jpeg"}],"author":"admin","twitter_card":"summary_large_image","twitter_misc":{"Escrito por":"admin","Tiempo de lectura":"3 minutos"},"schema":{"@context":"https:\/\/schema.org","@graph":[{"@type":"Article","@id":"https:\/\/saltoecologico.es\/index.php\/2022\/09\/03\/medidas-contundentes\/#article","isPartOf":{"@id":"https:\/\/saltoecologico.es\/index.php\/2022\/09\/03\/medidas-contundentes\/"},"author":{"name":"admin","@id":"https:\/\/saltoecologico.es\/#\/schema\/person\/7175eec4b3c123d86c675313c3a01a0b"},"headline":"Medidas contundentes","datePublished":"2022-09-03T09:32:00+00:00","dateModified":"2025-04-14T09:33:12+00:00","mainEntityOfPage":{"@id":"https:\/\/saltoecologico.es\/index.php\/2022\/09\/03\/medidas-contundentes\/"},"wordCount":649,"commentCount":0,"publisher":{"@id":"https:\/\/saltoecologico.es\/#organization"},"image":{"@id":"https:\/\/saltoecologico.es\/index.php\/2022\/09\/03\/medidas-contundentes\/#primaryimage"},"thumbnailUrl":"https:\/\/saltoecologico.es\/wp-content\/uploads\/2025\/04\/Fosiles6.jpg","articleSection":["General"],"inLanguage":"es","potentialAction":[{"@type":"CommentAction","name":"Comment","target":["https:\/\/saltoecologico.es\/index.php\/2022\/09\/03\/medidas-contundentes\/#respond"]}]},{"@type":"WebPage","@id":"https:\/\/saltoecologico.es\/index.php\/2022\/09\/03\/medidas-contundentes\/","url":"https:\/\/saltoecologico.es\/index.php\/2022\/09\/03\/medidas-contundentes\/","name":"Medidas contundentes - Salto Ecol\u00f3gico","isPartOf":{"@id":"https:\/\/saltoecologico.es\/#website"},"primaryImageOfPage":{"@id":"https:\/\/saltoecologico.es\/index.php\/2022\/09\/03\/medidas-contundentes\/#primaryimage"},"image":{"@id":"https:\/\/saltoecologico.es\/index.php\/2022\/09\/03\/medidas-contundentes\/#primaryimage"},"thumbnailUrl":"https:\/\/saltoecologico.es\/wp-content\/uploads\/2025\/04\/Fosiles6.jpg","datePublished":"2022-09-03T09:32:00+00:00","dateModified":"2025-04-14T09:33:12+00:00","breadcrumb":{"@id":"https:\/\/saltoecologico.es\/index.php\/2022\/09\/03\/medidas-contundentes\/#breadcrumb"},"inLanguage":"es","potentialAction":[{"@type":"ReadAction","target":["https:\/\/saltoecologico.es\/index.php\/2022\/09\/03\/medidas-contundentes\/"]}]},{"@type":"ImageObject","inLanguage":"es","@id":"https:\/\/saltoecologico.es\/index.php\/2022\/09\/03\/medidas-contundentes\/#primaryimage","url":"https:\/\/saltoecologico.es\/wp-content\/uploads\/2025\/04\/Fosiles6.jpg","contentUrl":"https:\/\/saltoecologico.es\/wp-content\/uploads\/2025\/04\/Fosiles6.jpg","width":1024,"height":683},{"@type":"BreadcrumbList","@id":"https:\/\/saltoecologico.es\/index.php\/2022\/09\/03\/medidas-contundentes\/#breadcrumb","itemListElement":[{"@type":"ListItem","position":1,"name":"Portada","item":"https:\/\/saltoecologico.es\/"},{"@type":"ListItem","position":2,"name":"Medidas contundentes"}]},{"@type":"WebSite","@id":"https:\/\/saltoecologico.es\/#website","url":"https:\/\/saltoecologico.es\/","name":"Salto Ecol\u00f3gico","description":"","publisher":{"@id":"https:\/\/saltoecologico.es\/#organization"},"potentialAction":[{"@type":"SearchAction","target":{"@type":"EntryPoint","urlTemplate":"https:\/\/saltoecologico.es\/?s={search_term_string}"},"query-input":{"@type":"PropertyValueSpecification","valueRequired":true,"valueName":"search_term_string"}}],"inLanguage":"es"},{"@type":"Organization","@id":"https:\/\/saltoecologico.es\/#organization","name":"Salto a la Transici\u00f3n Ecol\u00f3gica","url":"https:\/\/saltoecologico.es\/","logo":{"@type":"ImageObject","inLanguage":"es","@id":"https:\/\/saltoecologico.es\/#\/schema\/logo\/image\/","url":"https:\/\/saltoecologico.es\/wp-content\/uploads\/2025\/04\/Logo-STE.jpg","contentUrl":"https:\/\/saltoecologico.es\/wp-content\/uploads\/2025\/04\/Logo-STE.jpg","width":435,"height":435,"caption":"Salto a la Transici\u00f3n Ecol\u00f3gica"},"image":{"@id":"https:\/\/saltoecologico.es\/#\/schema\/logo\/image\/"},"sameAs":["https:\/\/www.facebook.com\/Saltotransicionecologica"]},{"@type":"Person","@id":"https:\/\/saltoecologico.es\/#\/schema\/person\/7175eec4b3c123d86c675313c3a01a0b","name":"admin","image":{"@type":"ImageObject","inLanguage":"es","@id":"https:\/\/secure.gravatar.com\/avatar\/4c215dc57bbc7b2f2f470ac9bd197f3f112636a584e575a732d0206a2d9c9806?s=96&d=mm&r=g","url":"https:\/\/secure.gravatar.com\/avatar\/4c215dc57bbc7b2f2f470ac9bd197f3f112636a584e575a732d0206a2d9c9806?s=96&d=mm&r=g","contentUrl":"https:\/\/secure.gravatar.com\/avatar\/4c215dc57bbc7b2f2f470ac9bd197f3f112636a584e575a732d0206a2d9c9806?s=96&d=mm&r=g","caption":"admin"},"sameAs":["https:\/\/saltoecologico.es"],"url":"https:\/\/saltoecologico.es\/index.php\/author\/saltoecologico\/"}]}},"_links":{"self":[{"href":"https:\/\/saltoecologico.es\/index.php\/wp-json\/wp\/v2\/posts\/486","targetHints":{"allow":["GET"]}}],"collection":[{"href":"https:\/\/saltoecologico.es\/index.php\/wp-json\/wp\/v2\/posts"}],"about":[{"href":"https:\/\/saltoecologico.es\/index.php\/wp-json\/wp\/v2\/types\/post"}],"author":[{"embeddable":true,"href":"https:\/\/saltoecologico.es\/index.php\/wp-json\/wp\/v2\/users\/1"}],"replies":[{"embeddable":true,"href":"https:\/\/saltoecologico.es\/index.php\/wp-json\/wp\/v2\/comments?post=486"}],"version-history":[{"count":1,"href":"https:\/\/saltoecologico.es\/index.php\/wp-json\/wp\/v2\/posts\/486\/revisions"}],"predecessor-version":[{"id":488,"href":"https:\/\/saltoecologico.es\/index.php\/wp-json\/wp\/v2\/posts\/486\/revisions\/488"}],"wp:featuredmedia":[{"embeddable":true,"href":"https:\/\/saltoecologico.es\/index.php\/wp-json\/wp\/v2\/media\/487"}],"wp:attachment":[{"href":"https:\/\/saltoecologico.es\/index.php\/wp-json\/wp\/v2\/media?parent=486"}],"wp:term":[{"taxonomy":"category","embeddable":true,"href":"https:\/\/saltoecologico.es\/index.php\/wp-json\/wp\/v2\/categories?post=486"},{"taxonomy":"post_tag","embeddable":true,"href":"https:\/\/saltoecologico.es\/index.php\/wp-json\/wp\/v2\/tags?post=486"}],"curies":[{"name":"wp","href":"https:\/\/api.w.org\/{rel}","templated":true}]}}