{"id":489,"date":"2022-09-14T09:36:00","date_gmt":"2022-09-14T09:36:00","guid":{"rendered":"https:\/\/saltoecologico.es\/?p=489"},"modified":"2025-04-14T09:36:59","modified_gmt":"2025-04-14T09:36:59","slug":"el-comienzo","status":"publish","type":"post","link":"https:\/\/saltoecologico.es\/index.php\/2022\/09\/14\/el-comienzo\/","title":{"rendered":"El comienzo"},"content":{"rendered":"\n<p class=\"wp-block-paragraph\">Cuando hablamos de Gorona del Viento, hablamos de un complejo dispositivo en la isla del Hierro formado por un parque e\u00f3lico y una central hidroel\u00e9ctrica reversible, que marc\u00f3 un antes y un despu\u00e9s, en la integraci\u00f3n de las energ\u00edas renovables, en sistemas el\u00e9ctricos aislados.<\/p>\n\n\n\n<p class=\"wp-block-paragraph\">El parque e\u00f3lico est\u00e1 compuesto por 5 aerogeneradores Enerc\u00f3n Modelo E-70 E4 con una potencia unitaria de 2,3 MW, lo que le da una potencia nominal al conjunto de 11,32 MW, en una isla cuya potencia punta est\u00e1 en los 7 MW, mientras que el valle est\u00e1 en los 5 MW. En cuanto a los dep\u00f3sitos, tenemos un dep\u00f3sito superior con 500.000 m<sup>3<\/sup> y un dep\u00f3sito inferior con 225.000 m<sup>3<\/sup>. La sala de m\u00e1quinas esta compuesta por la secci\u00f3n de bombeo y la de turbinaci\u00f3n. Para la primera se consta de 2 bombas de 1,5 MW de potencia y 6 bombas de 0,5 MW, lo que ofrece una potencia total de bombeo de 6 MW, con un caudal m\u00e1ximo de 1,45 m<sup>3<\/sup>\/seg. Para la secci\u00f3n de turbinaci\u00f3n se tienen 4 grupos Pelton de potencia unitaria de 2,83 MW, lo que permite disponer de una potencia de turbinado total de 11,32 MW, mediante un caudal m\u00e1ximo de 2 m<sup>3<\/sup>\/seg.<\/p>\n\n\n\n<p class=\"wp-block-paragraph\">Con los datos anteriores se puede calcular que la energ\u00eda acumulada m\u00e1xima de la central hidroel\u00e9ctrica reversible alcanza los 353,75 MWh y esto permitir\u00eda mantener la punta de la isla, durante unas 50 horas y la media del consumo insular durante 59 horas.<\/p>\n\n\n\n<p class=\"wp-block-paragraph\">Del Anuario Energ\u00e9tico de Canarias podemos extraer que las energ\u00edas renovables aportaron en la isla de El Hierro 19.586 MWh en el a\u00f1o 2020, mientras que los motores di\u00e9sel aportaron 28.611 MWh para ese mismo a\u00f1o, lo que supone un total de 48.197 MWh de consumo en ese a\u00f1o, de los cuales el 41% fueron de generaci\u00f3n renovable, consigui\u00e9ndose el hito de estar 25 d\u00edas seguidos con solo generaci\u00f3n renovable.<\/p>\n\n\n\n<p class=\"wp-block-paragraph\">En cuanto a los consumos de combustibles f\u00f3siles, en el a\u00f1o 2013 fueron de 10.758 Toneladas, mientras que en el 2018 se alcanz\u00f3 la cifra de 4.215 toneladas, es decir se ha conseguido una reducci\u00f3n del 61% en el consumo de combustibles f\u00f3siles.<\/p>\n\n\n\n<p class=\"wp-block-paragraph\">En el 2020 la instalaci\u00f3n de renovables, sin tener en cuenta a Gorona del Viento, en el Hierro era de apenas 109 KW de energ\u00eda fotovoltaica, cifra testimonial que, indica a las claras, que los 5 aerogeneradores de Gorona son la \u00fanica instalaci\u00f3n significativa, por lo que podemos determinar el grado de optimizaci\u00f3n y mejora que posee la instalaci\u00f3n. Si tenemos en cuenta que los 5 aerogeneradores de 11,32 MW, podr\u00edan producir 99.163 MWh durante un a\u00f1o, pero dado que no siempre hay viento y por tanto con un factor de capacidad del 20%, nos quedar\u00eda que su producci\u00f3n anual baja a los 19.832 MWh. Si ahora, realizando c\u00e1lculos muy conservadores al descartar la posibilidad de bombear y turbinar a la vez, un ciclo completo de carga y descarga del dep\u00f3sito inferior nos llevar\u00eda unas 100 horas en las que se pueden turbinar 353,75 MWh. A lo largo del a\u00f1o tendremos 88 de esos ciclos, que multiplicado por la energ\u00eda que puede entregar ser\u00edan, 31.130 MWh, con lo cual nos quedar\u00eda a\u00fan un remanente de 11.298 MWh que se podr\u00edan almacenar, lo que equivaldr\u00eda a un parque fotovoltaico de unos 7 MW. Si ahora contemplamos la capacidad de bombear y turbinar a la vez, nos podr\u00edamos ir a un sistema en el que, aparte de lo mencionado, tuvi\u00e9ramos un aerogenerador marino de 10 MW, con lo cual tendr\u00edamos asegurado el suministro de la isla, con el 100% de la energ\u00eda renovables y con excedentes que podr\u00edan utilizarse para fabricar hidr\u00f3geno verde.<\/p>\n\n\n\n<p class=\"wp-block-paragraph\">Gorona del viento no es un fraude, un experimento fallido o un delirio de la t\u00e9cnica, es un proyecto magn\u00edfico que est\u00e1 inacabado, pero que ya ha supuesto, los mimbres fundamentales para poder desarrollar proyectos mayores como es El Salto de Chira, al demostrar fehacientemente que los sistemas aislados pueden funcionar con energ\u00edas renovables en un porcentaje del 100%, lo que es una magn\u00edfica noticia para el medio ambiente de El Hierro en particular y Canarias en general y por supuesto para el cambio clim\u00e1tico a nivel mundial.<\/p>\n","protected":false},"excerpt":{"rendered":"<p>Cuando hablamos de Gorona del Viento, hablamos de un complejo dispositivo en la isla del Hierro formado por un parque e\u00f3lico y una central hidroel\u00e9ctrica reversible, que marc\u00f3 un antes y un despu\u00e9s, en la integraci\u00f3n de las energ\u00edas renovables, en sistemas el\u00e9ctricos aislados. El parque e\u00f3lico est\u00e1 compuesto por 5 aerogeneradores Enerc\u00f3n Modelo E-70 [&hellip;]<\/p>\n","protected":false},"author":1,"featured_media":490,"comment_status":"open","ping_status":"open","sticky":false,"template":"","format":"standard","meta":{"footnotes":""},"categories":[54,31],"tags":[],"class_list":["post-489","post","type-post","status-publish","format-standard","has-post-thumbnail","category-b_varios","category-bombeos"],"yoast_head":"<!-- This site is optimized with the Yoast SEO plugin v28.2 - https:\/\/yoast.com\/product\/yoast-seo-wordpress\/ -->\n<title>El comienzo - Salto Ecol\u00f3gico<\/title>\n<meta name=\"robots\" content=\"index, follow, max-snippet:-1, max-image-preview:large, max-video-preview:-1\" \/>\n<link rel=\"canonical\" href=\"https:\/\/saltoecologico.es\/index.php\/2022\/09\/14\/el-comienzo\/\" \/>\n<meta property=\"og:locale\" content=\"es_ES\" \/>\n<meta property=\"og:type\" content=\"article\" \/>\n<meta property=\"og:title\" content=\"El comienzo - Salto Ecol\u00f3gico\" \/>\n<meta property=\"og:description\" content=\"Cuando hablamos de Gorona del Viento, hablamos de un complejo dispositivo en la isla del Hierro formado por un parque e\u00f3lico y una central hidroel\u00e9ctrica reversible, que marc\u00f3 un antes y un despu\u00e9s, en la integraci\u00f3n de las energ\u00edas renovables, en sistemas el\u00e9ctricos aislados. El parque e\u00f3lico est\u00e1 compuesto por 5 aerogeneradores Enerc\u00f3n Modelo E-70 [&hellip;]\" \/>\n<meta property=\"og:url\" content=\"https:\/\/saltoecologico.es\/index.php\/2022\/09\/14\/el-comienzo\/\" \/>\n<meta property=\"og:site_name\" content=\"Salto Ecol\u00f3gico\" \/>\n<meta property=\"article:publisher\" content=\"https:\/\/www.facebook.com\/Saltotransicionecologica\" \/>\n<meta property=\"article:published_time\" content=\"2022-09-14T09:36:00+00:00\" \/>\n<meta property=\"article:modified_time\" content=\"2025-04-14T09:36:59+00:00\" \/>\n<meta property=\"og:image\" content=\"https:\/\/saltoecologico.es\/wp-content\/uploads\/2025\/04\/Salto-9.jpg\" \/>\n\t<meta property=\"og:image:width\" content=\"1024\" \/>\n\t<meta property=\"og:image:height\" content=\"683\" \/>\n\t<meta property=\"og:image:type\" content=\"image\/jpeg\" \/>\n<meta name=\"author\" content=\"admin\" \/>\n<meta name=\"twitter:card\" content=\"summary_large_image\" \/>\n<meta name=\"twitter:label1\" content=\"Escrito por\" \/>\n\t<meta name=\"twitter:data1\" content=\"admin\" \/>\n\t<meta name=\"twitter:label2\" content=\"Tiempo de lectura\" \/>\n\t<meta name=\"twitter:data2\" content=\"4 minutos\" \/>\n<script type=\"application\/ld+json\" class=\"yoast-schema-graph\">{\"@context\":\"https:\\\/\\\/schema.org\",\"@graph\":[{\"@type\":\"Article\",\"@id\":\"https:\\\/\\\/saltoecologico.es\\\/index.php\\\/2022\\\/09\\\/14\\\/el-comienzo\\\/#article\",\"isPartOf\":{\"@id\":\"https:\\\/\\\/saltoecologico.es\\\/index.php\\\/2022\\\/09\\\/14\\\/el-comienzo\\\/\"},\"author\":{\"name\":\"admin\",\"@id\":\"https:\\\/\\\/saltoecologico.es\\\/#\\\/schema\\\/person\\\/7175eec4b3c123d86c675313c3a01a0b\"},\"headline\":\"El comienzo\",\"datePublished\":\"2022-09-14T09:36:00+00:00\",\"dateModified\":\"2025-04-14T09:36:59+00:00\",\"mainEntityOfPage\":{\"@id\":\"https:\\\/\\\/saltoecologico.es\\\/index.php\\\/2022\\\/09\\\/14\\\/el-comienzo\\\/\"},\"wordCount\":719,\"commentCount\":0,\"publisher\":{\"@id\":\"https:\\\/\\\/saltoecologico.es\\\/#organization\"},\"image\":{\"@id\":\"https:\\\/\\\/saltoecologico.es\\\/index.php\\\/2022\\\/09\\\/14\\\/el-comienzo\\\/#primaryimage\"},\"thumbnailUrl\":\"https:\\\/\\\/saltoecologico.es\\\/wp-content\\\/uploads\\\/2025\\\/04\\\/Salto-9.jpg\",\"articleSection\":[\"B_Varios\",\"Bombeos\"],\"inLanguage\":\"es\",\"potentialAction\":[{\"@type\":\"CommentAction\",\"name\":\"Comment\",\"target\":[\"https:\\\/\\\/saltoecologico.es\\\/index.php\\\/2022\\\/09\\\/14\\\/el-comienzo\\\/#respond\"]}]},{\"@type\":\"WebPage\",\"@id\":\"https:\\\/\\\/saltoecologico.es\\\/index.php\\\/2022\\\/09\\\/14\\\/el-comienzo\\\/\",\"url\":\"https:\\\/\\\/saltoecologico.es\\\/index.php\\\/2022\\\/09\\\/14\\\/el-comienzo\\\/\",\"name\":\"El comienzo - Salto Ecol\u00f3gico\",\"isPartOf\":{\"@id\":\"https:\\\/\\\/saltoecologico.es\\\/#website\"},\"primaryImageOfPage\":{\"@id\":\"https:\\\/\\\/saltoecologico.es\\\/index.php\\\/2022\\\/09\\\/14\\\/el-comienzo\\\/#primaryimage\"},\"image\":{\"@id\":\"https:\\\/\\\/saltoecologico.es\\\/index.php\\\/2022\\\/09\\\/14\\\/el-comienzo\\\/#primaryimage\"},\"thumbnailUrl\":\"https:\\\/\\\/saltoecologico.es\\\/wp-content\\\/uploads\\\/2025\\\/04\\\/Salto-9.jpg\",\"datePublished\":\"2022-09-14T09:36:00+00:00\",\"dateModified\":\"2025-04-14T09:36:59+00:00\",\"breadcrumb\":{\"@id\":\"https:\\\/\\\/saltoecologico.es\\\/index.php\\\/2022\\\/09\\\/14\\\/el-comienzo\\\/#breadcrumb\"},\"inLanguage\":\"es\",\"potentialAction\":[{\"@type\":\"ReadAction\",\"target\":[\"https:\\\/\\\/saltoecologico.es\\\/index.php\\\/2022\\\/09\\\/14\\\/el-comienzo\\\/\"]}]},{\"@type\":\"ImageObject\",\"inLanguage\":\"es\",\"@id\":\"https:\\\/\\\/saltoecologico.es\\\/index.php\\\/2022\\\/09\\\/14\\\/el-comienzo\\\/#primaryimage\",\"url\":\"https:\\\/\\\/saltoecologico.es\\\/wp-content\\\/uploads\\\/2025\\\/04\\\/Salto-9.jpg\",\"contentUrl\":\"https:\\\/\\\/saltoecologico.es\\\/wp-content\\\/uploads\\\/2025\\\/04\\\/Salto-9.jpg\",\"width\":1024,\"height\":683,\"caption\":\"A water discharge on a sunny day\"},{\"@type\":\"BreadcrumbList\",\"@id\":\"https:\\\/\\\/saltoecologico.es\\\/index.php\\\/2022\\\/09\\\/14\\\/el-comienzo\\\/#breadcrumb\",\"itemListElement\":[{\"@type\":\"ListItem\",\"position\":1,\"name\":\"Portada\",\"item\":\"https:\\\/\\\/saltoecologico.es\\\/\"},{\"@type\":\"ListItem\",\"position\":2,\"name\":\"El comienzo\"}]},{\"@type\":\"WebSite\",\"@id\":\"https:\\\/\\\/saltoecologico.es\\\/#website\",\"url\":\"https:\\\/\\\/saltoecologico.es\\\/\",\"name\":\"Salto Ecol\u00f3gico\",\"description\":\"\",\"publisher\":{\"@id\":\"https:\\\/\\\/saltoecologico.es\\\/#organization\"},\"potentialAction\":[{\"@type\":\"SearchAction\",\"target\":{\"@type\":\"EntryPoint\",\"urlTemplate\":\"https:\\\/\\\/saltoecologico.es\\\/?s={search_term_string}\"},\"query-input\":{\"@type\":\"PropertyValueSpecification\",\"valueRequired\":true,\"valueName\":\"search_term_string\"}}],\"inLanguage\":\"es\"},{\"@type\":\"Organization\",\"@id\":\"https:\\\/\\\/saltoecologico.es\\\/#organization\",\"name\":\"Salto a la Transici\u00f3n Ecol\u00f3gica\",\"url\":\"https:\\\/\\\/saltoecologico.es\\\/\",\"logo\":{\"@type\":\"ImageObject\",\"inLanguage\":\"es\",\"@id\":\"https:\\\/\\\/saltoecologico.es\\\/#\\\/schema\\\/logo\\\/image\\\/\",\"url\":\"https:\\\/\\\/saltoecologico.es\\\/wp-content\\\/uploads\\\/2025\\\/04\\\/Logo-STE.jpg\",\"contentUrl\":\"https:\\\/\\\/saltoecologico.es\\\/wp-content\\\/uploads\\\/2025\\\/04\\\/Logo-STE.jpg\",\"width\":435,\"height\":435,\"caption\":\"Salto a la Transici\u00f3n Ecol\u00f3gica\"},\"image\":{\"@id\":\"https:\\\/\\\/saltoecologico.es\\\/#\\\/schema\\\/logo\\\/image\\\/\"},\"sameAs\":[\"https:\\\/\\\/www.facebook.com\\\/Saltotransicionecologica\"]},{\"@type\":\"Person\",\"@id\":\"https:\\\/\\\/saltoecologico.es\\\/#\\\/schema\\\/person\\\/7175eec4b3c123d86c675313c3a01a0b\",\"name\":\"admin\",\"image\":{\"@type\":\"ImageObject\",\"inLanguage\":\"es\",\"@id\":\"https:\\\/\\\/secure.gravatar.com\\\/avatar\\\/4c215dc57bbc7b2f2f470ac9bd197f3f112636a584e575a732d0206a2d9c9806?s=96&d=mm&r=g\",\"url\":\"https:\\\/\\\/secure.gravatar.com\\\/avatar\\\/4c215dc57bbc7b2f2f470ac9bd197f3f112636a584e575a732d0206a2d9c9806?s=96&d=mm&r=g\",\"contentUrl\":\"https:\\\/\\\/secure.gravatar.com\\\/avatar\\\/4c215dc57bbc7b2f2f470ac9bd197f3f112636a584e575a732d0206a2d9c9806?s=96&d=mm&r=g\",\"caption\":\"admin\"},\"sameAs\":[\"https:\\\/\\\/saltoecologico.es\"],\"url\":\"https:\\\/\\\/saltoecologico.es\\\/index.php\\\/author\\\/saltoecologico\\\/\"}]}<\/script>\n<!-- \/ Yoast SEO plugin. -->","yoast_head_json":{"title":"El comienzo - Salto Ecol\u00f3gico","robots":{"index":"index","follow":"follow","max-snippet":"max-snippet:-1","max-image-preview":"max-image-preview:large","max-video-preview":"max-video-preview:-1"},"canonical":"https:\/\/saltoecologico.es\/index.php\/2022\/09\/14\/el-comienzo\/","og_locale":"es_ES","og_type":"article","og_title":"El comienzo - Salto Ecol\u00f3gico","og_description":"Cuando hablamos de Gorona del Viento, hablamos de un complejo dispositivo en la isla del Hierro formado por un parque e\u00f3lico y una central hidroel\u00e9ctrica reversible, que marc\u00f3 un antes y un despu\u00e9s, en la integraci\u00f3n de las energ\u00edas renovables, en sistemas el\u00e9ctricos aislados. El parque e\u00f3lico est\u00e1 compuesto por 5 aerogeneradores Enerc\u00f3n Modelo E-70 [&hellip;]","og_url":"https:\/\/saltoecologico.es\/index.php\/2022\/09\/14\/el-comienzo\/","og_site_name":"Salto Ecol\u00f3gico","article_publisher":"https:\/\/www.facebook.com\/Saltotransicionecologica","article_published_time":"2022-09-14T09:36:00+00:00","article_modified_time":"2025-04-14T09:36:59+00:00","og_image":[{"width":1024,"height":683,"url":"https:\/\/saltoecologico.es\/wp-content\/uploads\/2025\/04\/Salto-9.jpg","type":"image\/jpeg"}],"author":"admin","twitter_card":"summary_large_image","twitter_misc":{"Escrito por":"admin","Tiempo de lectura":"4 minutos"},"schema":{"@context":"https:\/\/schema.org","@graph":[{"@type":"Article","@id":"https:\/\/saltoecologico.es\/index.php\/2022\/09\/14\/el-comienzo\/#article","isPartOf":{"@id":"https:\/\/saltoecologico.es\/index.php\/2022\/09\/14\/el-comienzo\/"},"author":{"name":"admin","@id":"https:\/\/saltoecologico.es\/#\/schema\/person\/7175eec4b3c123d86c675313c3a01a0b"},"headline":"El comienzo","datePublished":"2022-09-14T09:36:00+00:00","dateModified":"2025-04-14T09:36:59+00:00","mainEntityOfPage":{"@id":"https:\/\/saltoecologico.es\/index.php\/2022\/09\/14\/el-comienzo\/"},"wordCount":719,"commentCount":0,"publisher":{"@id":"https:\/\/saltoecologico.es\/#organization"},"image":{"@id":"https:\/\/saltoecologico.es\/index.php\/2022\/09\/14\/el-comienzo\/#primaryimage"},"thumbnailUrl":"https:\/\/saltoecologico.es\/wp-content\/uploads\/2025\/04\/Salto-9.jpg","articleSection":["B_Varios","Bombeos"],"inLanguage":"es","potentialAction":[{"@type":"CommentAction","name":"Comment","target":["https:\/\/saltoecologico.es\/index.php\/2022\/09\/14\/el-comienzo\/#respond"]}]},{"@type":"WebPage","@id":"https:\/\/saltoecologico.es\/index.php\/2022\/09\/14\/el-comienzo\/","url":"https:\/\/saltoecologico.es\/index.php\/2022\/09\/14\/el-comienzo\/","name":"El comienzo - Salto Ecol\u00f3gico","isPartOf":{"@id":"https:\/\/saltoecologico.es\/#website"},"primaryImageOfPage":{"@id":"https:\/\/saltoecologico.es\/index.php\/2022\/09\/14\/el-comienzo\/#primaryimage"},"image":{"@id":"https:\/\/saltoecologico.es\/index.php\/2022\/09\/14\/el-comienzo\/#primaryimage"},"thumbnailUrl":"https:\/\/saltoecologico.es\/wp-content\/uploads\/2025\/04\/Salto-9.jpg","datePublished":"2022-09-14T09:36:00+00:00","dateModified":"2025-04-14T09:36:59+00:00","breadcrumb":{"@id":"https:\/\/saltoecologico.es\/index.php\/2022\/09\/14\/el-comienzo\/#breadcrumb"},"inLanguage":"es","potentialAction":[{"@type":"ReadAction","target":["https:\/\/saltoecologico.es\/index.php\/2022\/09\/14\/el-comienzo\/"]}]},{"@type":"ImageObject","inLanguage":"es","@id":"https:\/\/saltoecologico.es\/index.php\/2022\/09\/14\/el-comienzo\/#primaryimage","url":"https:\/\/saltoecologico.es\/wp-content\/uploads\/2025\/04\/Salto-9.jpg","contentUrl":"https:\/\/saltoecologico.es\/wp-content\/uploads\/2025\/04\/Salto-9.jpg","width":1024,"height":683,"caption":"A water discharge on a sunny day"},{"@type":"BreadcrumbList","@id":"https:\/\/saltoecologico.es\/index.php\/2022\/09\/14\/el-comienzo\/#breadcrumb","itemListElement":[{"@type":"ListItem","position":1,"name":"Portada","item":"https:\/\/saltoecologico.es\/"},{"@type":"ListItem","position":2,"name":"El comienzo"}]},{"@type":"WebSite","@id":"https:\/\/saltoecologico.es\/#website","url":"https:\/\/saltoecologico.es\/","name":"Salto Ecol\u00f3gico","description":"","publisher":{"@id":"https:\/\/saltoecologico.es\/#organization"},"potentialAction":[{"@type":"SearchAction","target":{"@type":"EntryPoint","urlTemplate":"https:\/\/saltoecologico.es\/?s={search_term_string}"},"query-input":{"@type":"PropertyValueSpecification","valueRequired":true,"valueName":"search_term_string"}}],"inLanguage":"es"},{"@type":"Organization","@id":"https:\/\/saltoecologico.es\/#organization","name":"Salto a la Transici\u00f3n Ecol\u00f3gica","url":"https:\/\/saltoecologico.es\/","logo":{"@type":"ImageObject","inLanguage":"es","@id":"https:\/\/saltoecologico.es\/#\/schema\/logo\/image\/","url":"https:\/\/saltoecologico.es\/wp-content\/uploads\/2025\/04\/Logo-STE.jpg","contentUrl":"https:\/\/saltoecologico.es\/wp-content\/uploads\/2025\/04\/Logo-STE.jpg","width":435,"height":435,"caption":"Salto a la Transici\u00f3n Ecol\u00f3gica"},"image":{"@id":"https:\/\/saltoecologico.es\/#\/schema\/logo\/image\/"},"sameAs":["https:\/\/www.facebook.com\/Saltotransicionecologica"]},{"@type":"Person","@id":"https:\/\/saltoecologico.es\/#\/schema\/person\/7175eec4b3c123d86c675313c3a01a0b","name":"admin","image":{"@type":"ImageObject","inLanguage":"es","@id":"https:\/\/secure.gravatar.com\/avatar\/4c215dc57bbc7b2f2f470ac9bd197f3f112636a584e575a732d0206a2d9c9806?s=96&d=mm&r=g","url":"https:\/\/secure.gravatar.com\/avatar\/4c215dc57bbc7b2f2f470ac9bd197f3f112636a584e575a732d0206a2d9c9806?s=96&d=mm&r=g","contentUrl":"https:\/\/secure.gravatar.com\/avatar\/4c215dc57bbc7b2f2f470ac9bd197f3f112636a584e575a732d0206a2d9c9806?s=96&d=mm&r=g","caption":"admin"},"sameAs":["https:\/\/saltoecologico.es"],"url":"https:\/\/saltoecologico.es\/index.php\/author\/saltoecologico\/"}]}},"_links":{"self":[{"href":"https:\/\/saltoecologico.es\/index.php\/wp-json\/wp\/v2\/posts\/489","targetHints":{"allow":["GET"]}}],"collection":[{"href":"https:\/\/saltoecologico.es\/index.php\/wp-json\/wp\/v2\/posts"}],"about":[{"href":"https:\/\/saltoecologico.es\/index.php\/wp-json\/wp\/v2\/types\/post"}],"author":[{"embeddable":true,"href":"https:\/\/saltoecologico.es\/index.php\/wp-json\/wp\/v2\/users\/1"}],"replies":[{"embeddable":true,"href":"https:\/\/saltoecologico.es\/index.php\/wp-json\/wp\/v2\/comments?post=489"}],"version-history":[{"count":1,"href":"https:\/\/saltoecologico.es\/index.php\/wp-json\/wp\/v2\/posts\/489\/revisions"}],"predecessor-version":[{"id":491,"href":"https:\/\/saltoecologico.es\/index.php\/wp-json\/wp\/v2\/posts\/489\/revisions\/491"}],"wp:featuredmedia":[{"embeddable":true,"href":"https:\/\/saltoecologico.es\/index.php\/wp-json\/wp\/v2\/media\/490"}],"wp:attachment":[{"href":"https:\/\/saltoecologico.es\/index.php\/wp-json\/wp\/v2\/media?parent=489"}],"wp:term":[{"taxonomy":"category","embeddable":true,"href":"https:\/\/saltoecologico.es\/index.php\/wp-json\/wp\/v2\/categories?post=489"},{"taxonomy":"post_tag","embeddable":true,"href":"https:\/\/saltoecologico.es\/index.php\/wp-json\/wp\/v2\/tags?post=489"}],"curies":[{"name":"wp","href":"https:\/\/api.w.org\/{rel}","templated":true}]}}