{"id":492,"date":"2022-09-14T09:39:00","date_gmt":"2022-09-14T09:39:00","guid":{"rendered":"https:\/\/saltoecologico.es\/?p=492"},"modified":"2025-04-14T09:40:51","modified_gmt":"2025-04-14T09:40:51","slug":"medidas-coyunturales","status":"publish","type":"post","link":"https:\/\/saltoecologico.es\/index.php\/2022\/09\/14\/medidas-coyunturales\/","title":{"rendered":"Medidas coyunturales"},"content":{"rendered":"\n<p class=\"wp-block-paragraph\">Hay medidas que tomadas en cierto contexto trascienden este para transformarse en la punta de lanza de algo de mayor envergadura de lo que en un principio pudiera parecer. Obviamente estamos hablando de las medidas para abaratar el transporte p\u00fablico, que tomadas en una coyuntura donde es esencial el ahorro energ\u00e9tico, se convierten en unas medidas trascendentales para abrir el camino de la reducci\u00f3n de las emisiones de CO2, en un sector, que por si solo, supone el 50% de las emisiones de gases de efecto invernadero (GEI) del planeta.<\/p>\n\n\n\n<p class=\"wp-block-paragraph\">Efectivamente el transporte en general y el trasporte por carretera en particular, supone uno de los nudos gordianos del calentamiento global que est\u00e1 desencadenando, un cambio clim\u00e1tico sin precedentes, que amenaza la vida sobre la Tierra en las condiciones que las conocemos. Y esto no es debido a cuestiones de imperiosa necesidad, sino a malos h\u00e1bitos adquiridos con el paso del tiempo y la divulgaci\u00f3n de una falsa libertad, que nos ha llevado a considerar como s\u00edmbolo de estatus social e independencia econ\u00f3mica, la movilidad individual, dejando el transporte colectivo, como una soluci\u00f3n para las clases menos pudientes y con menos recursos. Tanto la clase pol\u00edtica como la sociedad en general, tenemos que comenzar a pensar en t\u00e9rminos de sostenibilidad, eficiencia y ahorro energ\u00e9tico, pero ya no por el hecho coyuntural de una guerra en ciernes que se puede dilatar en el tiempo, sino por algo de mucha m\u00e1s envergadura como es la propia supervivencia del planeta.<\/p>\n\n\n\n<p class=\"wp-block-paragraph\">Nos gustar\u00eda que las medidas aprobadas por el gobierno no fueran algo pasajero, sino que hayan venido para quedarse, porque ser\u00eda un mensaje alto y claro a la ciudadan\u00eda de por donde tenemos que empezar a transitar a partir de ahora. La migraci\u00f3n al transporte p\u00fablico se debe de realizar, no ya porque existan miles de informes y estudios justificativos de esta decisi\u00f3n, sino por una cuesti\u00f3n de sentido com\u00fan. En la sociedad actual no podemos permitirnos seg\u00fan que cosas y el uso indiscriminado del veh\u00edculo particular es una de ellas y si no se quiere hacer por conciencia medioambiental, al menos h\u00e1gase por la propia econom\u00eda tal y como atestiguan las tarifas que se adjuntan.<\/p>\n","protected":false},"excerpt":{"rendered":"<p>Hay medidas que tomadas en cierto contexto trascienden este para transformarse en la punta de lanza de algo de mayor envergadura de lo que en un principio pudiera parecer. Obviamente estamos hablando de las medidas para abaratar el transporte p\u00fablico, que tomadas en una coyuntura donde es esencial el ahorro energ\u00e9tico, se convierten en unas [&hellip;]<\/p>\n","protected":false},"author":1,"featured_media":493,"comment_status":"open","ping_status":"open","sticky":false,"template":"","format":"standard","meta":{"footnotes":""},"categories":[52,30],"tags":[],"class_list":["post-492","post","type-post","status-publish","format-standard","has-post-thumbnail","category-t_varios","category-transicion"],"yoast_head":"<!-- This site is optimized with the Yoast SEO plugin v28.2 - https:\/\/yoast.com\/product\/yoast-seo-wordpress\/ -->\n<title>Medidas coyunturales - Salto Ecol\u00f3gico<\/title>\n<meta name=\"robots\" content=\"index, follow, max-snippet:-1, max-image-preview:large, max-video-preview:-1\" \/>\n<link rel=\"canonical\" href=\"https:\/\/saltoecologico.es\/index.php\/2022\/09\/14\/medidas-coyunturales\/\" \/>\n<meta property=\"og:locale\" content=\"es_ES\" \/>\n<meta property=\"og:type\" content=\"article\" \/>\n<meta property=\"og:title\" content=\"Medidas coyunturales - Salto Ecol\u00f3gico\" \/>\n<meta property=\"og:description\" content=\"Hay medidas que tomadas en cierto contexto trascienden este para transformarse en la punta de lanza de algo de mayor envergadura de lo que en un principio pudiera parecer. Obviamente estamos hablando de las medidas para abaratar el transporte p\u00fablico, que tomadas en una coyuntura donde es esencial el ahorro energ\u00e9tico, se convierten en unas [&hellip;]\" \/>\n<meta property=\"og:url\" content=\"https:\/\/saltoecologico.es\/index.php\/2022\/09\/14\/medidas-coyunturales\/\" \/>\n<meta property=\"og:site_name\" content=\"Salto Ecol\u00f3gico\" \/>\n<meta property=\"article:publisher\" content=\"https:\/\/www.facebook.com\/Saltotransicionecologica\" \/>\n<meta property=\"article:published_time\" content=\"2022-09-14T09:39:00+00:00\" \/>\n<meta property=\"article:modified_time\" content=\"2025-04-14T09:40:51+00:00\" \/>\n<meta property=\"og:image\" content=\"https:\/\/saltoecologico.es\/wp-content\/uploads\/2025\/04\/Vehiculo-6.jpg\" \/>\n\t<meta property=\"og:image:width\" content=\"1024\" \/>\n\t<meta property=\"og:image:height\" content=\"683\" \/>\n\t<meta property=\"og:image:type\" content=\"image\/jpeg\" \/>\n<meta name=\"author\" content=\"admin\" \/>\n<meta name=\"twitter:card\" content=\"summary_large_image\" \/>\n<meta name=\"twitter:label1\" content=\"Escrito por\" \/>\n\t<meta name=\"twitter:data1\" content=\"admin\" \/>\n\t<meta name=\"twitter:label2\" content=\"Tiempo de lectura\" \/>\n\t<meta name=\"twitter:data2\" content=\"2 minutos\" \/>\n<script type=\"application\/ld+json\" class=\"yoast-schema-graph\">{\"@context\":\"https:\\\/\\\/schema.org\",\"@graph\":[{\"@type\":\"Article\",\"@id\":\"https:\\\/\\\/saltoecologico.es\\\/index.php\\\/2022\\\/09\\\/14\\\/medidas-coyunturales\\\/#article\",\"isPartOf\":{\"@id\":\"https:\\\/\\\/saltoecologico.es\\\/index.php\\\/2022\\\/09\\\/14\\\/medidas-coyunturales\\\/\"},\"author\":{\"name\":\"admin\",\"@id\":\"https:\\\/\\\/saltoecologico.es\\\/#\\\/schema\\\/person\\\/7175eec4b3c123d86c675313c3a01a0b\"},\"headline\":\"Medidas coyunturales\",\"datePublished\":\"2022-09-14T09:39:00+00:00\",\"dateModified\":\"2025-04-14T09:40:51+00:00\",\"mainEntityOfPage\":{\"@id\":\"https:\\\/\\\/saltoecologico.es\\\/index.php\\\/2022\\\/09\\\/14\\\/medidas-coyunturales\\\/\"},\"wordCount\":389,\"commentCount\":0,\"publisher\":{\"@id\":\"https:\\\/\\\/saltoecologico.es\\\/#organization\"},\"image\":{\"@id\":\"https:\\\/\\\/saltoecologico.es\\\/index.php\\\/2022\\\/09\\\/14\\\/medidas-coyunturales\\\/#primaryimage\"},\"thumbnailUrl\":\"https:\\\/\\\/saltoecologico.es\\\/wp-content\\\/uploads\\\/2025\\\/04\\\/Vehiculo-6.jpg\",\"articleSection\":[\"T_Varios\",\"Transici\u00f3n\"],\"inLanguage\":\"es\",\"potentialAction\":[{\"@type\":\"CommentAction\",\"name\":\"Comment\",\"target\":[\"https:\\\/\\\/saltoecologico.es\\\/index.php\\\/2022\\\/09\\\/14\\\/medidas-coyunturales\\\/#respond\"]}]},{\"@type\":\"WebPage\",\"@id\":\"https:\\\/\\\/saltoecologico.es\\\/index.php\\\/2022\\\/09\\\/14\\\/medidas-coyunturales\\\/\",\"url\":\"https:\\\/\\\/saltoecologico.es\\\/index.php\\\/2022\\\/09\\\/14\\\/medidas-coyunturales\\\/\",\"name\":\"Medidas coyunturales - Salto Ecol\u00f3gico\",\"isPartOf\":{\"@id\":\"https:\\\/\\\/saltoecologico.es\\\/#website\"},\"primaryImageOfPage\":{\"@id\":\"https:\\\/\\\/saltoecologico.es\\\/index.php\\\/2022\\\/09\\\/14\\\/medidas-coyunturales\\\/#primaryimage\"},\"image\":{\"@id\":\"https:\\\/\\\/saltoecologico.es\\\/index.php\\\/2022\\\/09\\\/14\\\/medidas-coyunturales\\\/#primaryimage\"},\"thumbnailUrl\":\"https:\\\/\\\/saltoecologico.es\\\/wp-content\\\/uploads\\\/2025\\\/04\\\/Vehiculo-6.jpg\",\"datePublished\":\"2022-09-14T09:39:00+00:00\",\"dateModified\":\"2025-04-14T09:40:51+00:00\",\"breadcrumb\":{\"@id\":\"https:\\\/\\\/saltoecologico.es\\\/index.php\\\/2022\\\/09\\\/14\\\/medidas-coyunturales\\\/#breadcrumb\"},\"inLanguage\":\"es\",\"potentialAction\":[{\"@type\":\"ReadAction\",\"target\":[\"https:\\\/\\\/saltoecologico.es\\\/index.php\\\/2022\\\/09\\\/14\\\/medidas-coyunturales\\\/\"]}]},{\"@type\":\"ImageObject\",\"inLanguage\":\"es\",\"@id\":\"https:\\\/\\\/saltoecologico.es\\\/index.php\\\/2022\\\/09\\\/14\\\/medidas-coyunturales\\\/#primaryimage\",\"url\":\"https:\\\/\\\/saltoecologico.es\\\/wp-content\\\/uploads\\\/2025\\\/04\\\/Vehiculo-6.jpg\",\"contentUrl\":\"https:\\\/\\\/saltoecologico.es\\\/wp-content\\\/uploads\\\/2025\\\/04\\\/Vehiculo-6.jpg\",\"width\":1024,\"height\":683,\"caption\":\"Young couple man and woman traveling by electric car having stop at charging station. The man taking a suitcase from the trunk. Man talking with girlfriend and she holding mobile phone in hand.\"},{\"@type\":\"BreadcrumbList\",\"@id\":\"https:\\\/\\\/saltoecologico.es\\\/index.php\\\/2022\\\/09\\\/14\\\/medidas-coyunturales\\\/#breadcrumb\",\"itemListElement\":[{\"@type\":\"ListItem\",\"position\":1,\"name\":\"Portada\",\"item\":\"https:\\\/\\\/saltoecologico.es\\\/\"},{\"@type\":\"ListItem\",\"position\":2,\"name\":\"Medidas coyunturales\"}]},{\"@type\":\"WebSite\",\"@id\":\"https:\\\/\\\/saltoecologico.es\\\/#website\",\"url\":\"https:\\\/\\\/saltoecologico.es\\\/\",\"name\":\"Salto Ecol\u00f3gico\",\"description\":\"\",\"publisher\":{\"@id\":\"https:\\\/\\\/saltoecologico.es\\\/#organization\"},\"potentialAction\":[{\"@type\":\"SearchAction\",\"target\":{\"@type\":\"EntryPoint\",\"urlTemplate\":\"https:\\\/\\\/saltoecologico.es\\\/?s={search_term_string}\"},\"query-input\":{\"@type\":\"PropertyValueSpecification\",\"valueRequired\":true,\"valueName\":\"search_term_string\"}}],\"inLanguage\":\"es\"},{\"@type\":\"Organization\",\"@id\":\"https:\\\/\\\/saltoecologico.es\\\/#organization\",\"name\":\"Salto a la Transici\u00f3n Ecol\u00f3gica\",\"url\":\"https:\\\/\\\/saltoecologico.es\\\/\",\"logo\":{\"@type\":\"ImageObject\",\"inLanguage\":\"es\",\"@id\":\"https:\\\/\\\/saltoecologico.es\\\/#\\\/schema\\\/logo\\\/image\\\/\",\"url\":\"https:\\\/\\\/saltoecologico.es\\\/wp-content\\\/uploads\\\/2025\\\/04\\\/Logo-STE.jpg\",\"contentUrl\":\"https:\\\/\\\/saltoecologico.es\\\/wp-content\\\/uploads\\\/2025\\\/04\\\/Logo-STE.jpg\",\"width\":435,\"height\":435,\"caption\":\"Salto a la Transici\u00f3n Ecol\u00f3gica\"},\"image\":{\"@id\":\"https:\\\/\\\/saltoecologico.es\\\/#\\\/schema\\\/logo\\\/image\\\/\"},\"sameAs\":[\"https:\\\/\\\/www.facebook.com\\\/Saltotransicionecologica\"]},{\"@type\":\"Person\",\"@id\":\"https:\\\/\\\/saltoecologico.es\\\/#\\\/schema\\\/person\\\/7175eec4b3c123d86c675313c3a01a0b\",\"name\":\"admin\",\"image\":{\"@type\":\"ImageObject\",\"inLanguage\":\"es\",\"@id\":\"https:\\\/\\\/secure.gravatar.com\\\/avatar\\\/4c215dc57bbc7b2f2f470ac9bd197f3f112636a584e575a732d0206a2d9c9806?s=96&d=mm&r=g\",\"url\":\"https:\\\/\\\/secure.gravatar.com\\\/avatar\\\/4c215dc57bbc7b2f2f470ac9bd197f3f112636a584e575a732d0206a2d9c9806?s=96&d=mm&r=g\",\"contentUrl\":\"https:\\\/\\\/secure.gravatar.com\\\/avatar\\\/4c215dc57bbc7b2f2f470ac9bd197f3f112636a584e575a732d0206a2d9c9806?s=96&d=mm&r=g\",\"caption\":\"admin\"},\"sameAs\":[\"https:\\\/\\\/saltoecologico.es\"],\"url\":\"https:\\\/\\\/saltoecologico.es\\\/index.php\\\/author\\\/saltoecologico\\\/\"}]}<\/script>\n<!-- \/ Yoast SEO plugin. -->","yoast_head_json":{"title":"Medidas coyunturales - Salto Ecol\u00f3gico","robots":{"index":"index","follow":"follow","max-snippet":"max-snippet:-1","max-image-preview":"max-image-preview:large","max-video-preview":"max-video-preview:-1"},"canonical":"https:\/\/saltoecologico.es\/index.php\/2022\/09\/14\/medidas-coyunturales\/","og_locale":"es_ES","og_type":"article","og_title":"Medidas coyunturales - Salto Ecol\u00f3gico","og_description":"Hay medidas que tomadas en cierto contexto trascienden este para transformarse en la punta de lanza de algo de mayor envergadura de lo que en un principio pudiera parecer. Obviamente estamos hablando de las medidas para abaratar el transporte p\u00fablico, que tomadas en una coyuntura donde es esencial el ahorro energ\u00e9tico, se convierten en unas [&hellip;]","og_url":"https:\/\/saltoecologico.es\/index.php\/2022\/09\/14\/medidas-coyunturales\/","og_site_name":"Salto Ecol\u00f3gico","article_publisher":"https:\/\/www.facebook.com\/Saltotransicionecologica","article_published_time":"2022-09-14T09:39:00+00:00","article_modified_time":"2025-04-14T09:40:51+00:00","og_image":[{"width":1024,"height":683,"url":"https:\/\/saltoecologico.es\/wp-content\/uploads\/2025\/04\/Vehiculo-6.jpg","type":"image\/jpeg"}],"author":"admin","twitter_card":"summary_large_image","twitter_misc":{"Escrito por":"admin","Tiempo de lectura":"2 minutos"},"schema":{"@context":"https:\/\/schema.org","@graph":[{"@type":"Article","@id":"https:\/\/saltoecologico.es\/index.php\/2022\/09\/14\/medidas-coyunturales\/#article","isPartOf":{"@id":"https:\/\/saltoecologico.es\/index.php\/2022\/09\/14\/medidas-coyunturales\/"},"author":{"name":"admin","@id":"https:\/\/saltoecologico.es\/#\/schema\/person\/7175eec4b3c123d86c675313c3a01a0b"},"headline":"Medidas coyunturales","datePublished":"2022-09-14T09:39:00+00:00","dateModified":"2025-04-14T09:40:51+00:00","mainEntityOfPage":{"@id":"https:\/\/saltoecologico.es\/index.php\/2022\/09\/14\/medidas-coyunturales\/"},"wordCount":389,"commentCount":0,"publisher":{"@id":"https:\/\/saltoecologico.es\/#organization"},"image":{"@id":"https:\/\/saltoecologico.es\/index.php\/2022\/09\/14\/medidas-coyunturales\/#primaryimage"},"thumbnailUrl":"https:\/\/saltoecologico.es\/wp-content\/uploads\/2025\/04\/Vehiculo-6.jpg","articleSection":["T_Varios","Transici\u00f3n"],"inLanguage":"es","potentialAction":[{"@type":"CommentAction","name":"Comment","target":["https:\/\/saltoecologico.es\/index.php\/2022\/09\/14\/medidas-coyunturales\/#respond"]}]},{"@type":"WebPage","@id":"https:\/\/saltoecologico.es\/index.php\/2022\/09\/14\/medidas-coyunturales\/","url":"https:\/\/saltoecologico.es\/index.php\/2022\/09\/14\/medidas-coyunturales\/","name":"Medidas coyunturales - Salto Ecol\u00f3gico","isPartOf":{"@id":"https:\/\/saltoecologico.es\/#website"},"primaryImageOfPage":{"@id":"https:\/\/saltoecologico.es\/index.php\/2022\/09\/14\/medidas-coyunturales\/#primaryimage"},"image":{"@id":"https:\/\/saltoecologico.es\/index.php\/2022\/09\/14\/medidas-coyunturales\/#primaryimage"},"thumbnailUrl":"https:\/\/saltoecologico.es\/wp-content\/uploads\/2025\/04\/Vehiculo-6.jpg","datePublished":"2022-09-14T09:39:00+00:00","dateModified":"2025-04-14T09:40:51+00:00","breadcrumb":{"@id":"https:\/\/saltoecologico.es\/index.php\/2022\/09\/14\/medidas-coyunturales\/#breadcrumb"},"inLanguage":"es","potentialAction":[{"@type":"ReadAction","target":["https:\/\/saltoecologico.es\/index.php\/2022\/09\/14\/medidas-coyunturales\/"]}]},{"@type":"ImageObject","inLanguage":"es","@id":"https:\/\/saltoecologico.es\/index.php\/2022\/09\/14\/medidas-coyunturales\/#primaryimage","url":"https:\/\/saltoecologico.es\/wp-content\/uploads\/2025\/04\/Vehiculo-6.jpg","contentUrl":"https:\/\/saltoecologico.es\/wp-content\/uploads\/2025\/04\/Vehiculo-6.jpg","width":1024,"height":683,"caption":"Young couple man and woman traveling by electric car having stop at charging station. The man taking a suitcase from the trunk. Man talking with girlfriend and she holding mobile phone in hand."},{"@type":"BreadcrumbList","@id":"https:\/\/saltoecologico.es\/index.php\/2022\/09\/14\/medidas-coyunturales\/#breadcrumb","itemListElement":[{"@type":"ListItem","position":1,"name":"Portada","item":"https:\/\/saltoecologico.es\/"},{"@type":"ListItem","position":2,"name":"Medidas coyunturales"}]},{"@type":"WebSite","@id":"https:\/\/saltoecologico.es\/#website","url":"https:\/\/saltoecologico.es\/","name":"Salto Ecol\u00f3gico","description":"","publisher":{"@id":"https:\/\/saltoecologico.es\/#organization"},"potentialAction":[{"@type":"SearchAction","target":{"@type":"EntryPoint","urlTemplate":"https:\/\/saltoecologico.es\/?s={search_term_string}"},"query-input":{"@type":"PropertyValueSpecification","valueRequired":true,"valueName":"search_term_string"}}],"inLanguage":"es"},{"@type":"Organization","@id":"https:\/\/saltoecologico.es\/#organization","name":"Salto a la Transici\u00f3n Ecol\u00f3gica","url":"https:\/\/saltoecologico.es\/","logo":{"@type":"ImageObject","inLanguage":"es","@id":"https:\/\/saltoecologico.es\/#\/schema\/logo\/image\/","url":"https:\/\/saltoecologico.es\/wp-content\/uploads\/2025\/04\/Logo-STE.jpg","contentUrl":"https:\/\/saltoecologico.es\/wp-content\/uploads\/2025\/04\/Logo-STE.jpg","width":435,"height":435,"caption":"Salto a la Transici\u00f3n Ecol\u00f3gica"},"image":{"@id":"https:\/\/saltoecologico.es\/#\/schema\/logo\/image\/"},"sameAs":["https:\/\/www.facebook.com\/Saltotransicionecologica"]},{"@type":"Person","@id":"https:\/\/saltoecologico.es\/#\/schema\/person\/7175eec4b3c123d86c675313c3a01a0b","name":"admin","image":{"@type":"ImageObject","inLanguage":"es","@id":"https:\/\/secure.gravatar.com\/avatar\/4c215dc57bbc7b2f2f470ac9bd197f3f112636a584e575a732d0206a2d9c9806?s=96&d=mm&r=g","url":"https:\/\/secure.gravatar.com\/avatar\/4c215dc57bbc7b2f2f470ac9bd197f3f112636a584e575a732d0206a2d9c9806?s=96&d=mm&r=g","contentUrl":"https:\/\/secure.gravatar.com\/avatar\/4c215dc57bbc7b2f2f470ac9bd197f3f112636a584e575a732d0206a2d9c9806?s=96&d=mm&r=g","caption":"admin"},"sameAs":["https:\/\/saltoecologico.es"],"url":"https:\/\/saltoecologico.es\/index.php\/author\/saltoecologico\/"}]}},"_links":{"self":[{"href":"https:\/\/saltoecologico.es\/index.php\/wp-json\/wp\/v2\/posts\/492","targetHints":{"allow":["GET"]}}],"collection":[{"href":"https:\/\/saltoecologico.es\/index.php\/wp-json\/wp\/v2\/posts"}],"about":[{"href":"https:\/\/saltoecologico.es\/index.php\/wp-json\/wp\/v2\/types\/post"}],"author":[{"embeddable":true,"href":"https:\/\/saltoecologico.es\/index.php\/wp-json\/wp\/v2\/users\/1"}],"replies":[{"embeddable":true,"href":"https:\/\/saltoecologico.es\/index.php\/wp-json\/wp\/v2\/comments?post=492"}],"version-history":[{"count":1,"href":"https:\/\/saltoecologico.es\/index.php\/wp-json\/wp\/v2\/posts\/492\/revisions"}],"predecessor-version":[{"id":494,"href":"https:\/\/saltoecologico.es\/index.php\/wp-json\/wp\/v2\/posts\/492\/revisions\/494"}],"wp:featuredmedia":[{"embeddable":true,"href":"https:\/\/saltoecologico.es\/index.php\/wp-json\/wp\/v2\/media\/493"}],"wp:attachment":[{"href":"https:\/\/saltoecologico.es\/index.php\/wp-json\/wp\/v2\/media?parent=492"}],"wp:term":[{"taxonomy":"category","embeddable":true,"href":"https:\/\/saltoecologico.es\/index.php\/wp-json\/wp\/v2\/categories?post=492"},{"taxonomy":"post_tag","embeddable":true,"href":"https:\/\/saltoecologico.es\/index.php\/wp-json\/wp\/v2\/tags?post=492"}],"curies":[{"name":"wp","href":"https:\/\/api.w.org\/{rel}","templated":true}]}}