{"id":495,"date":"2022-09-18T09:42:00","date_gmt":"2022-09-18T09:42:00","guid":{"rendered":"https:\/\/saltoecologico.es\/?p=495"},"modified":"2025-04-14T09:43:13","modified_gmt":"2025-04-14T09:43:13","slug":"autoconsumo","status":"publish","type":"post","link":"https:\/\/saltoecologico.es\/index.php\/2022\/09\/18\/autoconsumo\/","title":{"rendered":"Autoconsumo"},"content":{"rendered":"\n<p class=\"wp-block-paragraph\"><strong>AUTOCONSUMO. INTRODUCCI\u00d3N<\/strong><\/p>\n\n\n\n<p class=\"wp-block-paragraph\">El Real Decreto 244\/2019, de 5 de abril, por el que se regulan las condiciones administrativas, t\u00e9cnicas y econ\u00f3micas del autoconsumo de energ\u00eda el\u00e9ctrica, vino a marcar un antes y un despu\u00e9s en esta modalidad de producir y consumir energ\u00eda el\u00e9ctrica, que est\u00e1 llamada a convertirse en un hito, para bien, en cuestiones tan prosaicas como abaratar el consumo en energ\u00eda en las familias o tan importante, como habilitar una herramienta de primer orden para la introducci\u00f3n de las renovables y con ello, mejorar la lucha contra el cambio clim\u00e1tico antropog\u00e9nico. Afortunadamente atr\u00e1s quedaron \u00e9pocas oscuras donde el legislador consideraba que el hecho de que un ciudadano pusiera paneles solares en su vivienda, ten\u00eda que estar grabado con un impuesto y que fue denominado, jocosamente y con acierto, como \u201cel impuesto al sol\u201d.<\/p>\n\n\n\n<p class=\"wp-block-paragraph\">El 244\/2019 abre muchas modalidades importantes, como la posibilidad de que nos sea descontado lo que producimos de nuestra factura o que los excedentes sean compensados de alguna manera. Tambi\u00e9n crea una modalidad novedosa con la aparici\u00f3n del autoconsumo colectivo, que ampl\u00eda la posibilidad del disfrute de esta modalidad, a los edificios y comunidades de propietarios. No obstante, se queda corto en otras aspiraciones de los usuarios como puede ser un dinamismo mayor en las cuotas de reparto de las participaciones del autoconsumo colectivo o el radio en el que se tienen que ubicar producci\u00f3n y consumo, para poder ser considerado dentro de esta modalidad.<\/p>\n\n\n\n<p class=\"wp-block-paragraph\">Desde luego que el autoconsumo supone una manera de popularizar la producci\u00f3n y el consumo de energ\u00eda o una puerta abierta al consumo de electricidad de kil\u00f3metro cero, pero contrariamente de lo que se vende en ciertos sectores del ecologismo mal informado, no supone la eliminaci\u00f3n del sistema el\u00e9ctrico convencional, con sus puntos de generaci\u00f3n centralizados, con sus subestaciones y centros de transformaci\u00f3n y con sus l\u00edneas de transporte y distribuci\u00f3n. Y esto es as\u00ed por un problema de no gestionabilidad de la energ\u00eda fotovoltaica y por una cuesti\u00f3n de practicidad, porque si bien en una vivienda aislada colocar sistemas de acumulaci\u00f3n puede ser factible, en una comunidad esto se vuelve inoperante.<\/p>\n\n\n\n<p class=\"wp-block-paragraph\">&nbsp;A lo largo de una serie de escritos intentaremos desentra\u00f1ar los principales aspectos de esta regulaci\u00f3n normativa que nos abre las puertas de una nueva forma de ver la generaci\u00f3n el\u00e9ctrica a nivel reducido.<\/p>\n\n\n\n<p class=\"wp-block-paragraph\"><strong>AUTOCONSUMO. ASPECTOS GENERALES.<\/strong><\/p>\n\n\n\n<p class=\"wp-block-paragraph\">El t\u00e9rmino de autoconsumo pasa a tener una nueva definici\u00f3n, entendiendo como tal el consumo por parte de uno o varios consumidores de energ\u00eda el\u00e9ctrica proveniente de instalaciones de generaci\u00f3n pr\u00f3ximas a las de consumo y asociadas a las mismas. Adem\u00e1s, las modalidades de autoconsumo se reducen a dos: \u00abautoconsumo sin excedentes\u00bb, que en ning\u00fan momento puede realizar vertidos de energ\u00eda a la red y \u00abautoconsumo con excedentes\u00bb, en el que s\u00ed se pueden realizar vertidos a las redes de distribuci\u00f3n y transporte. Quedan excluidas de todo lo planteado las instalaciones aisladas que no est\u00e1n conectadas a la red en ning\u00fan momento.<\/p>\n\n\n\n<p class=\"wp-block-paragraph\">La modalidad de suministro con autoconsumo sin excedentes lleva aparejada la instalaci\u00f3n de un dispositivo antivertido que impida la inyecci\u00f3n de energ\u00eda excedentaria a la red. En este caso existir\u00e1 un \u00fanico tipo de sujeto que ser\u00e1 el sujeto consumidor.<\/p>\n\n\n\n<p class=\"wp-block-paragraph\">La modalidad de suministro con autoconsumo con excedentes tiene la peculiaridad de que las instalaciones de producci\u00f3n pr\u00f3ximas y asociadas a las de consumo podr\u00e1n, adem\u00e1s de suministrar energ\u00eda para autoconsumo, inyectar energ\u00eda excedentaria en la red. Dentro de esta modalidad tenemos las siguientes divisiones: Modalidad con excedentes acogida a compensaci\u00f3n y modalidad con excedentes no acogida a compensaci\u00f3n. En la modalidad con excedentes acogida a compensaci\u00f3n el consumidor y el productor se acogen a un mecanismo de compensaci\u00f3n de excedentes, es decir, la energ\u00eda que se vuelca a la red se contabiliza para poder ser compensada de la energ\u00eda consumida de la red. En la modalidad con excedentes no acogida a compensaci\u00f3n ser\u00e1 aquellos casos en los que la energ\u00eda excedentaria no se compense, sino que se tenga la posibilidad de venderla directamente.<\/p>\n\n\n\n<p class=\"wp-block-paragraph\">Adicionalmente a las modalidades de autoconsumo se\u00f1aladas, el autoconsumo podr\u00e1 clasificarse en individual o colectivo en funci\u00f3n de si se trata de uno o varios consumidores los que est\u00e9n asociados a las instalaciones de generaci\u00f3n. En el caso de autoconsumo colectivo, todos los consumidores participantes que se encuentren asociados a la misma instalaci\u00f3n de generaci\u00f3n deber\u00e1n pertenecer a la misma modalidad de autoconsumo y deber\u00e1n comunicar de forma individual a la empresa distribuidora como encargado de la lectura, directamente o a trav\u00e9s de la empresa comercializadora, un mismo acuerdo firmado por todos los participantes que recoja los criterios de reparto.<\/p>\n","protected":false},"excerpt":{"rendered":"<p>AUTOCONSUMO. INTRODUCCI\u00d3N El Real Decreto 244\/2019, de 5 de abril, por el que se regulan las condiciones administrativas, t\u00e9cnicas y econ\u00f3micas del autoconsumo de energ\u00eda el\u00e9ctrica, vino a marcar un antes y un despu\u00e9s en esta modalidad de producir y consumir energ\u00eda el\u00e9ctrica, que est\u00e1 llamada a convertirse en un hito, para bien, en cuestiones [&hellip;]<\/p>\n","protected":false},"author":1,"featured_media":496,"comment_status":"open","ping_status":"open","sticky":false,"template":"","format":"standard","meta":{"footnotes":""},"categories":[45,39],"tags":[],"class_list":["post-495","post","type-post","status-publish","format-standard","has-post-thumbnail","category-r_autoconsumo","category-renovables"],"yoast_head":"<!-- This site is optimized with the Yoast SEO plugin v28.2 - https:\/\/yoast.com\/product\/yoast-seo-wordpress\/ -->\n<title>Autoconsumo - Salto Ecol\u00f3gico<\/title>\n<meta name=\"robots\" content=\"index, follow, max-snippet:-1, max-image-preview:large, max-video-preview:-1\" \/>\n<link rel=\"canonical\" href=\"https:\/\/saltoecologico.es\/index.php\/2022\/09\/18\/autoconsumo\/\" \/>\n<meta property=\"og:locale\" content=\"es_ES\" \/>\n<meta property=\"og:type\" content=\"article\" \/>\n<meta property=\"og:title\" content=\"Autoconsumo - Salto Ecol\u00f3gico\" \/>\n<meta property=\"og:description\" content=\"AUTOCONSUMO. INTRODUCCI\u00d3N El Real Decreto 244\/2019, de 5 de abril, por el que se regulan las condiciones administrativas, t\u00e9cnicas y econ\u00f3micas del autoconsumo de energ\u00eda el\u00e9ctrica, vino a marcar un antes y un despu\u00e9s en esta modalidad de producir y consumir energ\u00eda el\u00e9ctrica, que est\u00e1 llamada a convertirse en un hito, para bien, en cuestiones [&hellip;]\" \/>\n<meta property=\"og:url\" content=\"https:\/\/saltoecologico.es\/index.php\/2022\/09\/18\/autoconsumo\/\" \/>\n<meta property=\"og:site_name\" content=\"Salto Ecol\u00f3gico\" \/>\n<meta property=\"article:publisher\" content=\"https:\/\/www.facebook.com\/Saltotransicionecologica\" \/>\n<meta property=\"article:published_time\" content=\"2022-09-18T09:42:00+00:00\" \/>\n<meta property=\"article:modified_time\" content=\"2025-04-14T09:43:13+00:00\" \/>\n<meta property=\"og:image\" content=\"https:\/\/saltoecologico.es\/wp-content\/uploads\/2025\/04\/Fotovoltaica-11.jpg\" \/>\n\t<meta property=\"og:image:width\" content=\"1024\" \/>\n\t<meta property=\"og:image:height\" content=\"683\" \/>\n\t<meta property=\"og:image:type\" content=\"image\/jpeg\" \/>\n<meta name=\"author\" content=\"admin\" \/>\n<meta name=\"twitter:card\" content=\"summary_large_image\" \/>\n<meta name=\"twitter:label1\" content=\"Escrito por\" \/>\n\t<meta name=\"twitter:data1\" content=\"admin\" \/>\n\t<meta name=\"twitter:label2\" content=\"Tiempo de lectura\" \/>\n\t<meta name=\"twitter:data2\" content=\"4 minutos\" \/>\n<script type=\"application\/ld+json\" class=\"yoast-schema-graph\">{\"@context\":\"https:\\\/\\\/schema.org\",\"@graph\":[{\"@type\":\"Article\",\"@id\":\"https:\\\/\\\/saltoecologico.es\\\/index.php\\\/2022\\\/09\\\/18\\\/autoconsumo\\\/#article\",\"isPartOf\":{\"@id\":\"https:\\\/\\\/saltoecologico.es\\\/index.php\\\/2022\\\/09\\\/18\\\/autoconsumo\\\/\"},\"author\":{\"name\":\"admin\",\"@id\":\"https:\\\/\\\/saltoecologico.es\\\/#\\\/schema\\\/person\\\/7175eec4b3c123d86c675313c3a01a0b\"},\"headline\":\"Autoconsumo\",\"datePublished\":\"2022-09-18T09:42:00+00:00\",\"dateModified\":\"2025-04-14T09:43:13+00:00\",\"mainEntityOfPage\":{\"@id\":\"https:\\\/\\\/saltoecologico.es\\\/index.php\\\/2022\\\/09\\\/18\\\/autoconsumo\\\/\"},\"wordCount\":836,\"commentCount\":0,\"publisher\":{\"@id\":\"https:\\\/\\\/saltoecologico.es\\\/#organization\"},\"image\":{\"@id\":\"https:\\\/\\\/saltoecologico.es\\\/index.php\\\/2022\\\/09\\\/18\\\/autoconsumo\\\/#primaryimage\"},\"thumbnailUrl\":\"https:\\\/\\\/saltoecologico.es\\\/wp-content\\\/uploads\\\/2025\\\/04\\\/Fotovoltaica-11.jpg\",\"articleSection\":[\"R_Autoconsumo\",\"Renovables\"],\"inLanguage\":\"es\",\"potentialAction\":[{\"@type\":\"CommentAction\",\"name\":\"Comment\",\"target\":[\"https:\\\/\\\/saltoecologico.es\\\/index.php\\\/2022\\\/09\\\/18\\\/autoconsumo\\\/#respond\"]}]},{\"@type\":\"WebPage\",\"@id\":\"https:\\\/\\\/saltoecologico.es\\\/index.php\\\/2022\\\/09\\\/18\\\/autoconsumo\\\/\",\"url\":\"https:\\\/\\\/saltoecologico.es\\\/index.php\\\/2022\\\/09\\\/18\\\/autoconsumo\\\/\",\"name\":\"Autoconsumo - Salto Ecol\u00f3gico\",\"isPartOf\":{\"@id\":\"https:\\\/\\\/saltoecologico.es\\\/#website\"},\"primaryImageOfPage\":{\"@id\":\"https:\\\/\\\/saltoecologico.es\\\/index.php\\\/2022\\\/09\\\/18\\\/autoconsumo\\\/#primaryimage\"},\"image\":{\"@id\":\"https:\\\/\\\/saltoecologico.es\\\/index.php\\\/2022\\\/09\\\/18\\\/autoconsumo\\\/#primaryimage\"},\"thumbnailUrl\":\"https:\\\/\\\/saltoecologico.es\\\/wp-content\\\/uploads\\\/2025\\\/04\\\/Fotovoltaica-11.jpg\",\"datePublished\":\"2022-09-18T09:42:00+00:00\",\"dateModified\":\"2025-04-14T09:43:13+00:00\",\"breadcrumb\":{\"@id\":\"https:\\\/\\\/saltoecologico.es\\\/index.php\\\/2022\\\/09\\\/18\\\/autoconsumo\\\/#breadcrumb\"},\"inLanguage\":\"es\",\"potentialAction\":[{\"@type\":\"ReadAction\",\"target\":[\"https:\\\/\\\/saltoecologico.es\\\/index.php\\\/2022\\\/09\\\/18\\\/autoconsumo\\\/\"]}]},{\"@type\":\"ImageObject\",\"inLanguage\":\"es\",\"@id\":\"https:\\\/\\\/saltoecologico.es\\\/index.php\\\/2022\\\/09\\\/18\\\/autoconsumo\\\/#primaryimage\",\"url\":\"https:\\\/\\\/saltoecologico.es\\\/wp-content\\\/uploads\\\/2025\\\/04\\\/Fotovoltaica-11.jpg\",\"contentUrl\":\"https:\\\/\\\/saltoecologico.es\\\/wp-content\\\/uploads\\\/2025\\\/04\\\/Fotovoltaica-11.jpg\",\"width\":1024,\"height\":683,\"caption\":\"Service engineer checking solar cell on the roof for maintenance if there is a damaged part. Engineer worker install solar panel. Clean energy concept.\"},{\"@type\":\"BreadcrumbList\",\"@id\":\"https:\\\/\\\/saltoecologico.es\\\/index.php\\\/2022\\\/09\\\/18\\\/autoconsumo\\\/#breadcrumb\",\"itemListElement\":[{\"@type\":\"ListItem\",\"position\":1,\"name\":\"Portada\",\"item\":\"https:\\\/\\\/saltoecologico.es\\\/\"},{\"@type\":\"ListItem\",\"position\":2,\"name\":\"Autoconsumo\"}]},{\"@type\":\"WebSite\",\"@id\":\"https:\\\/\\\/saltoecologico.es\\\/#website\",\"url\":\"https:\\\/\\\/saltoecologico.es\\\/\",\"name\":\"Salto Ecol\u00f3gico\",\"description\":\"\",\"publisher\":{\"@id\":\"https:\\\/\\\/saltoecologico.es\\\/#organization\"},\"potentialAction\":[{\"@type\":\"SearchAction\",\"target\":{\"@type\":\"EntryPoint\",\"urlTemplate\":\"https:\\\/\\\/saltoecologico.es\\\/?s={search_term_string}\"},\"query-input\":{\"@type\":\"PropertyValueSpecification\",\"valueRequired\":true,\"valueName\":\"search_term_string\"}}],\"inLanguage\":\"es\"},{\"@type\":\"Organization\",\"@id\":\"https:\\\/\\\/saltoecologico.es\\\/#organization\",\"name\":\"Salto a la Transici\u00f3n Ecol\u00f3gica\",\"url\":\"https:\\\/\\\/saltoecologico.es\\\/\",\"logo\":{\"@type\":\"ImageObject\",\"inLanguage\":\"es\",\"@id\":\"https:\\\/\\\/saltoecologico.es\\\/#\\\/schema\\\/logo\\\/image\\\/\",\"url\":\"https:\\\/\\\/saltoecologico.es\\\/wp-content\\\/uploads\\\/2025\\\/04\\\/Logo-STE.jpg\",\"contentUrl\":\"https:\\\/\\\/saltoecologico.es\\\/wp-content\\\/uploads\\\/2025\\\/04\\\/Logo-STE.jpg\",\"width\":435,\"height\":435,\"caption\":\"Salto a la Transici\u00f3n Ecol\u00f3gica\"},\"image\":{\"@id\":\"https:\\\/\\\/saltoecologico.es\\\/#\\\/schema\\\/logo\\\/image\\\/\"},\"sameAs\":[\"https:\\\/\\\/www.facebook.com\\\/Saltotransicionecologica\"]},{\"@type\":\"Person\",\"@id\":\"https:\\\/\\\/saltoecologico.es\\\/#\\\/schema\\\/person\\\/7175eec4b3c123d86c675313c3a01a0b\",\"name\":\"admin\",\"image\":{\"@type\":\"ImageObject\",\"inLanguage\":\"es\",\"@id\":\"https:\\\/\\\/secure.gravatar.com\\\/avatar\\\/4c215dc57bbc7b2f2f470ac9bd197f3f112636a584e575a732d0206a2d9c9806?s=96&d=mm&r=g\",\"url\":\"https:\\\/\\\/secure.gravatar.com\\\/avatar\\\/4c215dc57bbc7b2f2f470ac9bd197f3f112636a584e575a732d0206a2d9c9806?s=96&d=mm&r=g\",\"contentUrl\":\"https:\\\/\\\/secure.gravatar.com\\\/avatar\\\/4c215dc57bbc7b2f2f470ac9bd197f3f112636a584e575a732d0206a2d9c9806?s=96&d=mm&r=g\",\"caption\":\"admin\"},\"sameAs\":[\"https:\\\/\\\/saltoecologico.es\"],\"url\":\"https:\\\/\\\/saltoecologico.es\\\/index.php\\\/author\\\/saltoecologico\\\/\"}]}<\/script>\n<!-- \/ Yoast SEO plugin. -->","yoast_head_json":{"title":"Autoconsumo - Salto Ecol\u00f3gico","robots":{"index":"index","follow":"follow","max-snippet":"max-snippet:-1","max-image-preview":"max-image-preview:large","max-video-preview":"max-video-preview:-1"},"canonical":"https:\/\/saltoecologico.es\/index.php\/2022\/09\/18\/autoconsumo\/","og_locale":"es_ES","og_type":"article","og_title":"Autoconsumo - Salto Ecol\u00f3gico","og_description":"AUTOCONSUMO. INTRODUCCI\u00d3N El Real Decreto 244\/2019, de 5 de abril, por el que se regulan las condiciones administrativas, t\u00e9cnicas y econ\u00f3micas del autoconsumo de energ\u00eda el\u00e9ctrica, vino a marcar un antes y un despu\u00e9s en esta modalidad de producir y consumir energ\u00eda el\u00e9ctrica, que est\u00e1 llamada a convertirse en un hito, para bien, en cuestiones [&hellip;]","og_url":"https:\/\/saltoecologico.es\/index.php\/2022\/09\/18\/autoconsumo\/","og_site_name":"Salto Ecol\u00f3gico","article_publisher":"https:\/\/www.facebook.com\/Saltotransicionecologica","article_published_time":"2022-09-18T09:42:00+00:00","article_modified_time":"2025-04-14T09:43:13+00:00","og_image":[{"width":1024,"height":683,"url":"https:\/\/saltoecologico.es\/wp-content\/uploads\/2025\/04\/Fotovoltaica-11.jpg","type":"image\/jpeg"}],"author":"admin","twitter_card":"summary_large_image","twitter_misc":{"Escrito por":"admin","Tiempo de lectura":"4 minutos"},"schema":{"@context":"https:\/\/schema.org","@graph":[{"@type":"Article","@id":"https:\/\/saltoecologico.es\/index.php\/2022\/09\/18\/autoconsumo\/#article","isPartOf":{"@id":"https:\/\/saltoecologico.es\/index.php\/2022\/09\/18\/autoconsumo\/"},"author":{"name":"admin","@id":"https:\/\/saltoecologico.es\/#\/schema\/person\/7175eec4b3c123d86c675313c3a01a0b"},"headline":"Autoconsumo","datePublished":"2022-09-18T09:42:00+00:00","dateModified":"2025-04-14T09:43:13+00:00","mainEntityOfPage":{"@id":"https:\/\/saltoecologico.es\/index.php\/2022\/09\/18\/autoconsumo\/"},"wordCount":836,"commentCount":0,"publisher":{"@id":"https:\/\/saltoecologico.es\/#organization"},"image":{"@id":"https:\/\/saltoecologico.es\/index.php\/2022\/09\/18\/autoconsumo\/#primaryimage"},"thumbnailUrl":"https:\/\/saltoecologico.es\/wp-content\/uploads\/2025\/04\/Fotovoltaica-11.jpg","articleSection":["R_Autoconsumo","Renovables"],"inLanguage":"es","potentialAction":[{"@type":"CommentAction","name":"Comment","target":["https:\/\/saltoecologico.es\/index.php\/2022\/09\/18\/autoconsumo\/#respond"]}]},{"@type":"WebPage","@id":"https:\/\/saltoecologico.es\/index.php\/2022\/09\/18\/autoconsumo\/","url":"https:\/\/saltoecologico.es\/index.php\/2022\/09\/18\/autoconsumo\/","name":"Autoconsumo - Salto Ecol\u00f3gico","isPartOf":{"@id":"https:\/\/saltoecologico.es\/#website"},"primaryImageOfPage":{"@id":"https:\/\/saltoecologico.es\/index.php\/2022\/09\/18\/autoconsumo\/#primaryimage"},"image":{"@id":"https:\/\/saltoecologico.es\/index.php\/2022\/09\/18\/autoconsumo\/#primaryimage"},"thumbnailUrl":"https:\/\/saltoecologico.es\/wp-content\/uploads\/2025\/04\/Fotovoltaica-11.jpg","datePublished":"2022-09-18T09:42:00+00:00","dateModified":"2025-04-14T09:43:13+00:00","breadcrumb":{"@id":"https:\/\/saltoecologico.es\/index.php\/2022\/09\/18\/autoconsumo\/#breadcrumb"},"inLanguage":"es","potentialAction":[{"@type":"ReadAction","target":["https:\/\/saltoecologico.es\/index.php\/2022\/09\/18\/autoconsumo\/"]}]},{"@type":"ImageObject","inLanguage":"es","@id":"https:\/\/saltoecologico.es\/index.php\/2022\/09\/18\/autoconsumo\/#primaryimage","url":"https:\/\/saltoecologico.es\/wp-content\/uploads\/2025\/04\/Fotovoltaica-11.jpg","contentUrl":"https:\/\/saltoecologico.es\/wp-content\/uploads\/2025\/04\/Fotovoltaica-11.jpg","width":1024,"height":683,"caption":"Service engineer checking solar cell on the roof for maintenance if there is a damaged part. Engineer worker install solar panel. Clean energy concept."},{"@type":"BreadcrumbList","@id":"https:\/\/saltoecologico.es\/index.php\/2022\/09\/18\/autoconsumo\/#breadcrumb","itemListElement":[{"@type":"ListItem","position":1,"name":"Portada","item":"https:\/\/saltoecologico.es\/"},{"@type":"ListItem","position":2,"name":"Autoconsumo"}]},{"@type":"WebSite","@id":"https:\/\/saltoecologico.es\/#website","url":"https:\/\/saltoecologico.es\/","name":"Salto Ecol\u00f3gico","description":"","publisher":{"@id":"https:\/\/saltoecologico.es\/#organization"},"potentialAction":[{"@type":"SearchAction","target":{"@type":"EntryPoint","urlTemplate":"https:\/\/saltoecologico.es\/?s={search_term_string}"},"query-input":{"@type":"PropertyValueSpecification","valueRequired":true,"valueName":"search_term_string"}}],"inLanguage":"es"},{"@type":"Organization","@id":"https:\/\/saltoecologico.es\/#organization","name":"Salto a la Transici\u00f3n Ecol\u00f3gica","url":"https:\/\/saltoecologico.es\/","logo":{"@type":"ImageObject","inLanguage":"es","@id":"https:\/\/saltoecologico.es\/#\/schema\/logo\/image\/","url":"https:\/\/saltoecologico.es\/wp-content\/uploads\/2025\/04\/Logo-STE.jpg","contentUrl":"https:\/\/saltoecologico.es\/wp-content\/uploads\/2025\/04\/Logo-STE.jpg","width":435,"height":435,"caption":"Salto a la Transici\u00f3n Ecol\u00f3gica"},"image":{"@id":"https:\/\/saltoecologico.es\/#\/schema\/logo\/image\/"},"sameAs":["https:\/\/www.facebook.com\/Saltotransicionecologica"]},{"@type":"Person","@id":"https:\/\/saltoecologico.es\/#\/schema\/person\/7175eec4b3c123d86c675313c3a01a0b","name":"admin","image":{"@type":"ImageObject","inLanguage":"es","@id":"https:\/\/secure.gravatar.com\/avatar\/4c215dc57bbc7b2f2f470ac9bd197f3f112636a584e575a732d0206a2d9c9806?s=96&d=mm&r=g","url":"https:\/\/secure.gravatar.com\/avatar\/4c215dc57bbc7b2f2f470ac9bd197f3f112636a584e575a732d0206a2d9c9806?s=96&d=mm&r=g","contentUrl":"https:\/\/secure.gravatar.com\/avatar\/4c215dc57bbc7b2f2f470ac9bd197f3f112636a584e575a732d0206a2d9c9806?s=96&d=mm&r=g","caption":"admin"},"sameAs":["https:\/\/saltoecologico.es"],"url":"https:\/\/saltoecologico.es\/index.php\/author\/saltoecologico\/"}]}},"_links":{"self":[{"href":"https:\/\/saltoecologico.es\/index.php\/wp-json\/wp\/v2\/posts\/495","targetHints":{"allow":["GET"]}}],"collection":[{"href":"https:\/\/saltoecologico.es\/index.php\/wp-json\/wp\/v2\/posts"}],"about":[{"href":"https:\/\/saltoecologico.es\/index.php\/wp-json\/wp\/v2\/types\/post"}],"author":[{"embeddable":true,"href":"https:\/\/saltoecologico.es\/index.php\/wp-json\/wp\/v2\/users\/1"}],"replies":[{"embeddable":true,"href":"https:\/\/saltoecologico.es\/index.php\/wp-json\/wp\/v2\/comments?post=495"}],"version-history":[{"count":1,"href":"https:\/\/saltoecologico.es\/index.php\/wp-json\/wp\/v2\/posts\/495\/revisions"}],"predecessor-version":[{"id":497,"href":"https:\/\/saltoecologico.es\/index.php\/wp-json\/wp\/v2\/posts\/495\/revisions\/497"}],"wp:featuredmedia":[{"embeddable":true,"href":"https:\/\/saltoecologico.es\/index.php\/wp-json\/wp\/v2\/media\/496"}],"wp:attachment":[{"href":"https:\/\/saltoecologico.es\/index.php\/wp-json\/wp\/v2\/media?parent=495"}],"wp:term":[{"taxonomy":"category","embeddable":true,"href":"https:\/\/saltoecologico.es\/index.php\/wp-json\/wp\/v2\/categories?post=495"},{"taxonomy":"post_tag","embeddable":true,"href":"https:\/\/saltoecologico.es\/index.php\/wp-json\/wp\/v2\/tags?post=495"}],"curies":[{"name":"wp","href":"https:\/\/api.w.org\/{rel}","templated":true}]}}