{"id":501,"date":"2022-09-19T09:50:00","date_gmt":"2022-09-19T09:50:00","guid":{"rendered":"https:\/\/saltoecologico.es\/?p=501"},"modified":"2025-04-14T09:51:13","modified_gmt":"2025-04-14T09:51:13","slug":"un-doble-discurso","status":"publish","type":"post","link":"https:\/\/saltoecologico.es\/index.php\/2022\/09\/19\/un-doble-discurso\/","title":{"rendered":"Un doble discurso"},"content":{"rendered":"\n<p class=\"wp-block-paragraph\">Que nuestro consejero de Transici\u00f3n Ecol\u00f3gica, Lucha contra el Cambio Clim\u00e1tico y Planificaci\u00f3n Territorial del Gobierno de Canarias, Jos\u00e9 Antonio Valbuena, haga alardes de la estrategia de Canarias del Hidr\u00f3geno Verde, nos congratula sobremanera. Saber que se aboga por una producci\u00f3n de 140.000 tH2 para el transporte pesado por carretera, 60.000 tH2 para producir amoniaco para el transporte mar\u00edtimo, 11.000 tH2 para producir queroseno sint\u00e9tico para el transporte a\u00e9reo o 9.000 tH2 para almacenamiento a gran escala, es una inyecci\u00f3n considerable de optimismo en cuanto a la confianza en nuestros dirigentes de estar en la direcci\u00f3n adecuada para la descarbonizaci\u00f3n de las islas.<\/p>\n\n\n\n<p class=\"wp-block-paragraph\">Todo lo que comenta proviene del documento Estrategia del Hidr\u00f3geno Verde de Canarias que conforman el pack de ocho estrategias que el Instituto Tecnol\u00f3gico de Canarias desarroll\u00f3 para el gobierno de Canarias como antesala al desarrollo del famoso Plan de Transici\u00f3n Energ\u00e9tica de Canarias PTECan-2030, que a\u00fan est\u00e1 en fase de borrador. Estas estrategias constituyen un todo que se retroalimentan unas a otras y que est\u00e1n estrechamente vinculadas.<\/p>\n\n\n\n<p class=\"wp-block-paragraph\">Pues bien, para conseguir el hidr\u00f3geno verde en las cantidades mencionadas, hace falta una instalaci\u00f3n ingente de renovables para el 2040, que mucho nos tememos, no se va a conseguir en vista de las acciones del grupo de gobierno, que ha sido quien lo ha planificado. Poniendo cifras a esta ingente instalaci\u00f3n de renovables, tendr\u00edamos lo siguiente para el 2040: Gran Canaria 4.200 MW, Tenerife 4.600 MW, Lanzarote 1.200 MW, Fuerteventura 1.600 MW, La Palma 310 MW, La Gomera 65 MW y El Hierro 89 MW. Si ahora nos centramos en la potencia instalada de renovables en el 2020 tenemos: Gran Canaria 250 MW, Tenerife 320 MW,<\/p>\n\n\n\n<p class=\"wp-block-paragraph\">Lanzarote 44 MW, Fuerteventura 44 MW, La Palmas 13 MW, La Gomera 1 MW, El Hierro, 11 MW. Teniendo en cuenta los tr\u00e1mites a los que se ven sometidos las instalaciones para comenzar a operar, las infraestructura del sistema el\u00e9ctrico a ejecutar para poder acoger estas nuevas instalaciones y los alrededor de 10 a\u00f1os que cada sistema de bombeo, indispensable para la penetraci\u00f3n de renovables, necesita para su estudio, tramitaci\u00f3n y construcci\u00f3n, nos hace enfrentarnos a la tozuda realidad de que lo planteado por la consejer\u00eda, es solo un canto de sirenas bien encaminado, pero imposible de ejecutar en las condiciones actuales.<\/p>\n\n\n\n<p class=\"wp-block-paragraph\">Si a todo esto le a\u00f1adimos el ambiguo posicionamiento, en contra de sus propias estrategias, con respecto al gas para la producci\u00f3n de energ\u00eda el\u00e9ctrica y suministro a los barcos, que mantiene esa misma consejer\u00eda y que ya ha llevado a que la empresa Totisa, comenzara los tr\u00e1mites para sendas instalaciones en los muelles de La Luz en Las Palmas y el de Santa Cruz de Tenerife de este combustible, as\u00ed como la empresa Sampol, de una central de gas natural en el muelle de Granadilla, nos lleva a pensar que se est\u00e1 manteniendo un doble discurso. Uno populista para acariciar el o\u00eddo de los sectores m\u00e1s amplios de la poblaci\u00f3n que abogan por la transici\u00f3n acelerada hacia una econom\u00eda descarbonizada y otros m\u00e1s involucionista, que pretende contentar a los sectores facticos que abogan por mantener a Canarias en el oscurantismo de los combustibles f\u00f3siles.<\/p>\n\n\n\n<p class=\"wp-block-paragraph\">Sea como sea la sociedad canaria, que de forma mayoritaria espera que desde el gobierno se afronte de forma decidida la emergencia clim\u00e1tica, se merece que no le creen falsas ilusiones, y es justo lo que se hace cuando se le presentan una y otra vez las glorias de un para\u00edso futuro sin emisiones de efecto invernadero, pero se avanza a paso de tortuga en resolver los obst\u00e1culos en la implantaci\u00f3n de renovables y todo lo que conlleva consigo.<\/p>\n","protected":false},"excerpt":{"rendered":"<p>Que nuestro consejero de Transici\u00f3n Ecol\u00f3gica, Lucha contra el Cambio Clim\u00e1tico y Planificaci\u00f3n Territorial del Gobierno de Canarias, Jos\u00e9 Antonio Valbuena, haga alardes de la estrategia de Canarias del Hidr\u00f3geno Verde, nos congratula sobremanera. Saber que se aboga por una producci\u00f3n de 140.000 tH2 para el transporte pesado por carretera, 60.000 tH2 para producir amoniaco [&hellip;]<\/p>\n","protected":false},"author":1,"featured_media":502,"comment_status":"open","ping_status":"open","sticky":false,"template":"","format":"standard","meta":{"footnotes":""},"categories":[48,30],"tags":[],"class_list":["post-501","post","type-post","status-publish","format-standard","has-post-thumbnail","category-t_estrategias","category-transicion"],"yoast_head":"<!-- This site is optimized with the Yoast SEO plugin v28.2 - https:\/\/yoast.com\/product\/yoast-seo-wordpress\/ -->\n<title>Un doble discurso - Salto Ecol\u00f3gico<\/title>\n<meta name=\"robots\" content=\"index, follow, max-snippet:-1, max-image-preview:large, max-video-preview:-1\" \/>\n<link rel=\"canonical\" href=\"https:\/\/saltoecologico.es\/index.php\/2022\/09\/19\/un-doble-discurso\/\" \/>\n<meta property=\"og:locale\" content=\"es_ES\" \/>\n<meta property=\"og:type\" content=\"article\" \/>\n<meta property=\"og:title\" content=\"Un doble discurso - Salto Ecol\u00f3gico\" \/>\n<meta property=\"og:description\" content=\"Que nuestro consejero de Transici\u00f3n Ecol\u00f3gica, Lucha contra el Cambio Clim\u00e1tico y Planificaci\u00f3n Territorial del Gobierno de Canarias, Jos\u00e9 Antonio Valbuena, haga alardes de la estrategia de Canarias del Hidr\u00f3geno Verde, nos congratula sobremanera. Saber que se aboga por una producci\u00f3n de 140.000 tH2 para el transporte pesado por carretera, 60.000 tH2 para producir amoniaco [&hellip;]\" \/>\n<meta property=\"og:url\" content=\"https:\/\/saltoecologico.es\/index.php\/2022\/09\/19\/un-doble-discurso\/\" \/>\n<meta property=\"og:site_name\" content=\"Salto Ecol\u00f3gico\" \/>\n<meta property=\"article:publisher\" content=\"https:\/\/www.facebook.com\/Saltotransicionecologica\" \/>\n<meta property=\"article:published_time\" content=\"2022-09-19T09:50:00+00:00\" \/>\n<meta property=\"article:modified_time\" content=\"2025-04-14T09:51:13+00:00\" \/>\n<meta property=\"og:image\" content=\"https:\/\/saltoecologico.es\/wp-content\/uploads\/2025\/04\/Fotovoltaica-4.jpg\" \/>\n\t<meta property=\"og:image:width\" content=\"1024\" \/>\n\t<meta property=\"og:image:height\" content=\"683\" \/>\n\t<meta property=\"og:image:type\" content=\"image\/jpeg\" \/>\n<meta name=\"author\" content=\"admin\" \/>\n<meta name=\"twitter:card\" content=\"summary_large_image\" \/>\n<meta name=\"twitter:label1\" content=\"Escrito por\" \/>\n\t<meta name=\"twitter:data1\" content=\"admin\" \/>\n\t<meta name=\"twitter:label2\" content=\"Tiempo de lectura\" \/>\n\t<meta name=\"twitter:data2\" content=\"3 minutos\" \/>\n<script type=\"application\/ld+json\" class=\"yoast-schema-graph\">{\"@context\":\"https:\\\/\\\/schema.org\",\"@graph\":[{\"@type\":\"Article\",\"@id\":\"https:\\\/\\\/saltoecologico.es\\\/index.php\\\/2022\\\/09\\\/19\\\/un-doble-discurso\\\/#article\",\"isPartOf\":{\"@id\":\"https:\\\/\\\/saltoecologico.es\\\/index.php\\\/2022\\\/09\\\/19\\\/un-doble-discurso\\\/\"},\"author\":{\"name\":\"admin\",\"@id\":\"https:\\\/\\\/saltoecologico.es\\\/#\\\/schema\\\/person\\\/7175eec4b3c123d86c675313c3a01a0b\"},\"headline\":\"Un doble discurso\",\"datePublished\":\"2022-09-19T09:50:00+00:00\",\"dateModified\":\"2025-04-14T09:51:13+00:00\",\"mainEntityOfPage\":{\"@id\":\"https:\\\/\\\/saltoecologico.es\\\/index.php\\\/2022\\\/09\\\/19\\\/un-doble-discurso\\\/\"},\"wordCount\":631,\"commentCount\":0,\"publisher\":{\"@id\":\"https:\\\/\\\/saltoecologico.es\\\/#organization\"},\"image\":{\"@id\":\"https:\\\/\\\/saltoecologico.es\\\/index.php\\\/2022\\\/09\\\/19\\\/un-doble-discurso\\\/#primaryimage\"},\"thumbnailUrl\":\"https:\\\/\\\/saltoecologico.es\\\/wp-content\\\/uploads\\\/2025\\\/04\\\/Fotovoltaica-4.jpg\",\"articleSection\":[\"T_Estrategias\",\"Transici\u00f3n\"],\"inLanguage\":\"es\",\"potentialAction\":[{\"@type\":\"CommentAction\",\"name\":\"Comment\",\"target\":[\"https:\\\/\\\/saltoecologico.es\\\/index.php\\\/2022\\\/09\\\/19\\\/un-doble-discurso\\\/#respond\"]}]},{\"@type\":\"WebPage\",\"@id\":\"https:\\\/\\\/saltoecologico.es\\\/index.php\\\/2022\\\/09\\\/19\\\/un-doble-discurso\\\/\",\"url\":\"https:\\\/\\\/saltoecologico.es\\\/index.php\\\/2022\\\/09\\\/19\\\/un-doble-discurso\\\/\",\"name\":\"Un doble discurso - Salto Ecol\u00f3gico\",\"isPartOf\":{\"@id\":\"https:\\\/\\\/saltoecologico.es\\\/#website\"},\"primaryImageOfPage\":{\"@id\":\"https:\\\/\\\/saltoecologico.es\\\/index.php\\\/2022\\\/09\\\/19\\\/un-doble-discurso\\\/#primaryimage\"},\"image\":{\"@id\":\"https:\\\/\\\/saltoecologico.es\\\/index.php\\\/2022\\\/09\\\/19\\\/un-doble-discurso\\\/#primaryimage\"},\"thumbnailUrl\":\"https:\\\/\\\/saltoecologico.es\\\/wp-content\\\/uploads\\\/2025\\\/04\\\/Fotovoltaica-4.jpg\",\"datePublished\":\"2022-09-19T09:50:00+00:00\",\"dateModified\":\"2025-04-14T09:51:13+00:00\",\"breadcrumb\":{\"@id\":\"https:\\\/\\\/saltoecologico.es\\\/index.php\\\/2022\\\/09\\\/19\\\/un-doble-discurso\\\/#breadcrumb\"},\"inLanguage\":\"es\",\"potentialAction\":[{\"@type\":\"ReadAction\",\"target\":[\"https:\\\/\\\/saltoecologico.es\\\/index.php\\\/2022\\\/09\\\/19\\\/un-doble-discurso\\\/\"]}]},{\"@type\":\"ImageObject\",\"inLanguage\":\"es\",\"@id\":\"https:\\\/\\\/saltoecologico.es\\\/index.php\\\/2022\\\/09\\\/19\\\/un-doble-discurso\\\/#primaryimage\",\"url\":\"https:\\\/\\\/saltoecologico.es\\\/wp-content\\\/uploads\\\/2025\\\/04\\\/Fotovoltaica-4.jpg\",\"contentUrl\":\"https:\\\/\\\/saltoecologico.es\\\/wp-content\\\/uploads\\\/2025\\\/04\\\/Fotovoltaica-4.jpg\",\"width\":1024,\"height\":683,\"caption\":\"handsome businessman and attractive businesswoman walking near solar energy batteries\"},{\"@type\":\"BreadcrumbList\",\"@id\":\"https:\\\/\\\/saltoecologico.es\\\/index.php\\\/2022\\\/09\\\/19\\\/un-doble-discurso\\\/#breadcrumb\",\"itemListElement\":[{\"@type\":\"ListItem\",\"position\":1,\"name\":\"Portada\",\"item\":\"https:\\\/\\\/saltoecologico.es\\\/\"},{\"@type\":\"ListItem\",\"position\":2,\"name\":\"Un doble discurso\"}]},{\"@type\":\"WebSite\",\"@id\":\"https:\\\/\\\/saltoecologico.es\\\/#website\",\"url\":\"https:\\\/\\\/saltoecologico.es\\\/\",\"name\":\"Salto Ecol\u00f3gico\",\"description\":\"\",\"publisher\":{\"@id\":\"https:\\\/\\\/saltoecologico.es\\\/#organization\"},\"potentialAction\":[{\"@type\":\"SearchAction\",\"target\":{\"@type\":\"EntryPoint\",\"urlTemplate\":\"https:\\\/\\\/saltoecologico.es\\\/?s={search_term_string}\"},\"query-input\":{\"@type\":\"PropertyValueSpecification\",\"valueRequired\":true,\"valueName\":\"search_term_string\"}}],\"inLanguage\":\"es\"},{\"@type\":\"Organization\",\"@id\":\"https:\\\/\\\/saltoecologico.es\\\/#organization\",\"name\":\"Salto a la Transici\u00f3n Ecol\u00f3gica\",\"url\":\"https:\\\/\\\/saltoecologico.es\\\/\",\"logo\":{\"@type\":\"ImageObject\",\"inLanguage\":\"es\",\"@id\":\"https:\\\/\\\/saltoecologico.es\\\/#\\\/schema\\\/logo\\\/image\\\/\",\"url\":\"https:\\\/\\\/saltoecologico.es\\\/wp-content\\\/uploads\\\/2025\\\/04\\\/Logo-STE.jpg\",\"contentUrl\":\"https:\\\/\\\/saltoecologico.es\\\/wp-content\\\/uploads\\\/2025\\\/04\\\/Logo-STE.jpg\",\"width\":435,\"height\":435,\"caption\":\"Salto a la Transici\u00f3n Ecol\u00f3gica\"},\"image\":{\"@id\":\"https:\\\/\\\/saltoecologico.es\\\/#\\\/schema\\\/logo\\\/image\\\/\"},\"sameAs\":[\"https:\\\/\\\/www.facebook.com\\\/Saltotransicionecologica\"]},{\"@type\":\"Person\",\"@id\":\"https:\\\/\\\/saltoecologico.es\\\/#\\\/schema\\\/person\\\/7175eec4b3c123d86c675313c3a01a0b\",\"name\":\"admin\",\"image\":{\"@type\":\"ImageObject\",\"inLanguage\":\"es\",\"@id\":\"https:\\\/\\\/secure.gravatar.com\\\/avatar\\\/4c215dc57bbc7b2f2f470ac9bd197f3f112636a584e575a732d0206a2d9c9806?s=96&d=mm&r=g\",\"url\":\"https:\\\/\\\/secure.gravatar.com\\\/avatar\\\/4c215dc57bbc7b2f2f470ac9bd197f3f112636a584e575a732d0206a2d9c9806?s=96&d=mm&r=g\",\"contentUrl\":\"https:\\\/\\\/secure.gravatar.com\\\/avatar\\\/4c215dc57bbc7b2f2f470ac9bd197f3f112636a584e575a732d0206a2d9c9806?s=96&d=mm&r=g\",\"caption\":\"admin\"},\"sameAs\":[\"https:\\\/\\\/saltoecologico.es\"],\"url\":\"https:\\\/\\\/saltoecologico.es\\\/index.php\\\/author\\\/saltoecologico\\\/\"}]}<\/script>\n<!-- \/ Yoast SEO plugin. -->","yoast_head_json":{"title":"Un doble discurso - Salto Ecol\u00f3gico","robots":{"index":"index","follow":"follow","max-snippet":"max-snippet:-1","max-image-preview":"max-image-preview:large","max-video-preview":"max-video-preview:-1"},"canonical":"https:\/\/saltoecologico.es\/index.php\/2022\/09\/19\/un-doble-discurso\/","og_locale":"es_ES","og_type":"article","og_title":"Un doble discurso - Salto Ecol\u00f3gico","og_description":"Que nuestro consejero de Transici\u00f3n Ecol\u00f3gica, Lucha contra el Cambio Clim\u00e1tico y Planificaci\u00f3n Territorial del Gobierno de Canarias, Jos\u00e9 Antonio Valbuena, haga alardes de la estrategia de Canarias del Hidr\u00f3geno Verde, nos congratula sobremanera. Saber que se aboga por una producci\u00f3n de 140.000 tH2 para el transporte pesado por carretera, 60.000 tH2 para producir amoniaco [&hellip;]","og_url":"https:\/\/saltoecologico.es\/index.php\/2022\/09\/19\/un-doble-discurso\/","og_site_name":"Salto Ecol\u00f3gico","article_publisher":"https:\/\/www.facebook.com\/Saltotransicionecologica","article_published_time":"2022-09-19T09:50:00+00:00","article_modified_time":"2025-04-14T09:51:13+00:00","og_image":[{"width":1024,"height":683,"url":"https:\/\/saltoecologico.es\/wp-content\/uploads\/2025\/04\/Fotovoltaica-4.jpg","type":"image\/jpeg"}],"author":"admin","twitter_card":"summary_large_image","twitter_misc":{"Escrito por":"admin","Tiempo de lectura":"3 minutos"},"schema":{"@context":"https:\/\/schema.org","@graph":[{"@type":"Article","@id":"https:\/\/saltoecologico.es\/index.php\/2022\/09\/19\/un-doble-discurso\/#article","isPartOf":{"@id":"https:\/\/saltoecologico.es\/index.php\/2022\/09\/19\/un-doble-discurso\/"},"author":{"name":"admin","@id":"https:\/\/saltoecologico.es\/#\/schema\/person\/7175eec4b3c123d86c675313c3a01a0b"},"headline":"Un doble discurso","datePublished":"2022-09-19T09:50:00+00:00","dateModified":"2025-04-14T09:51:13+00:00","mainEntityOfPage":{"@id":"https:\/\/saltoecologico.es\/index.php\/2022\/09\/19\/un-doble-discurso\/"},"wordCount":631,"commentCount":0,"publisher":{"@id":"https:\/\/saltoecologico.es\/#organization"},"image":{"@id":"https:\/\/saltoecologico.es\/index.php\/2022\/09\/19\/un-doble-discurso\/#primaryimage"},"thumbnailUrl":"https:\/\/saltoecologico.es\/wp-content\/uploads\/2025\/04\/Fotovoltaica-4.jpg","articleSection":["T_Estrategias","Transici\u00f3n"],"inLanguage":"es","potentialAction":[{"@type":"CommentAction","name":"Comment","target":["https:\/\/saltoecologico.es\/index.php\/2022\/09\/19\/un-doble-discurso\/#respond"]}]},{"@type":"WebPage","@id":"https:\/\/saltoecologico.es\/index.php\/2022\/09\/19\/un-doble-discurso\/","url":"https:\/\/saltoecologico.es\/index.php\/2022\/09\/19\/un-doble-discurso\/","name":"Un doble discurso - Salto Ecol\u00f3gico","isPartOf":{"@id":"https:\/\/saltoecologico.es\/#website"},"primaryImageOfPage":{"@id":"https:\/\/saltoecologico.es\/index.php\/2022\/09\/19\/un-doble-discurso\/#primaryimage"},"image":{"@id":"https:\/\/saltoecologico.es\/index.php\/2022\/09\/19\/un-doble-discurso\/#primaryimage"},"thumbnailUrl":"https:\/\/saltoecologico.es\/wp-content\/uploads\/2025\/04\/Fotovoltaica-4.jpg","datePublished":"2022-09-19T09:50:00+00:00","dateModified":"2025-04-14T09:51:13+00:00","breadcrumb":{"@id":"https:\/\/saltoecologico.es\/index.php\/2022\/09\/19\/un-doble-discurso\/#breadcrumb"},"inLanguage":"es","potentialAction":[{"@type":"ReadAction","target":["https:\/\/saltoecologico.es\/index.php\/2022\/09\/19\/un-doble-discurso\/"]}]},{"@type":"ImageObject","inLanguage":"es","@id":"https:\/\/saltoecologico.es\/index.php\/2022\/09\/19\/un-doble-discurso\/#primaryimage","url":"https:\/\/saltoecologico.es\/wp-content\/uploads\/2025\/04\/Fotovoltaica-4.jpg","contentUrl":"https:\/\/saltoecologico.es\/wp-content\/uploads\/2025\/04\/Fotovoltaica-4.jpg","width":1024,"height":683,"caption":"handsome businessman and attractive businesswoman walking near solar energy batteries"},{"@type":"BreadcrumbList","@id":"https:\/\/saltoecologico.es\/index.php\/2022\/09\/19\/un-doble-discurso\/#breadcrumb","itemListElement":[{"@type":"ListItem","position":1,"name":"Portada","item":"https:\/\/saltoecologico.es\/"},{"@type":"ListItem","position":2,"name":"Un doble discurso"}]},{"@type":"WebSite","@id":"https:\/\/saltoecologico.es\/#website","url":"https:\/\/saltoecologico.es\/","name":"Salto Ecol\u00f3gico","description":"","publisher":{"@id":"https:\/\/saltoecologico.es\/#organization"},"potentialAction":[{"@type":"SearchAction","target":{"@type":"EntryPoint","urlTemplate":"https:\/\/saltoecologico.es\/?s={search_term_string}"},"query-input":{"@type":"PropertyValueSpecification","valueRequired":true,"valueName":"search_term_string"}}],"inLanguage":"es"},{"@type":"Organization","@id":"https:\/\/saltoecologico.es\/#organization","name":"Salto a la Transici\u00f3n Ecol\u00f3gica","url":"https:\/\/saltoecologico.es\/","logo":{"@type":"ImageObject","inLanguage":"es","@id":"https:\/\/saltoecologico.es\/#\/schema\/logo\/image\/","url":"https:\/\/saltoecologico.es\/wp-content\/uploads\/2025\/04\/Logo-STE.jpg","contentUrl":"https:\/\/saltoecologico.es\/wp-content\/uploads\/2025\/04\/Logo-STE.jpg","width":435,"height":435,"caption":"Salto a la Transici\u00f3n Ecol\u00f3gica"},"image":{"@id":"https:\/\/saltoecologico.es\/#\/schema\/logo\/image\/"},"sameAs":["https:\/\/www.facebook.com\/Saltotransicionecologica"]},{"@type":"Person","@id":"https:\/\/saltoecologico.es\/#\/schema\/person\/7175eec4b3c123d86c675313c3a01a0b","name":"admin","image":{"@type":"ImageObject","inLanguage":"es","@id":"https:\/\/secure.gravatar.com\/avatar\/4c215dc57bbc7b2f2f470ac9bd197f3f112636a584e575a732d0206a2d9c9806?s=96&d=mm&r=g","url":"https:\/\/secure.gravatar.com\/avatar\/4c215dc57bbc7b2f2f470ac9bd197f3f112636a584e575a732d0206a2d9c9806?s=96&d=mm&r=g","contentUrl":"https:\/\/secure.gravatar.com\/avatar\/4c215dc57bbc7b2f2f470ac9bd197f3f112636a584e575a732d0206a2d9c9806?s=96&d=mm&r=g","caption":"admin"},"sameAs":["https:\/\/saltoecologico.es"],"url":"https:\/\/saltoecologico.es\/index.php\/author\/saltoecologico\/"}]}},"_links":{"self":[{"href":"https:\/\/saltoecologico.es\/index.php\/wp-json\/wp\/v2\/posts\/501","targetHints":{"allow":["GET"]}}],"collection":[{"href":"https:\/\/saltoecologico.es\/index.php\/wp-json\/wp\/v2\/posts"}],"about":[{"href":"https:\/\/saltoecologico.es\/index.php\/wp-json\/wp\/v2\/types\/post"}],"author":[{"embeddable":true,"href":"https:\/\/saltoecologico.es\/index.php\/wp-json\/wp\/v2\/users\/1"}],"replies":[{"embeddable":true,"href":"https:\/\/saltoecologico.es\/index.php\/wp-json\/wp\/v2\/comments?post=501"}],"version-history":[{"count":1,"href":"https:\/\/saltoecologico.es\/index.php\/wp-json\/wp\/v2\/posts\/501\/revisions"}],"predecessor-version":[{"id":503,"href":"https:\/\/saltoecologico.es\/index.php\/wp-json\/wp\/v2\/posts\/501\/revisions\/503"}],"wp:featuredmedia":[{"embeddable":true,"href":"https:\/\/saltoecologico.es\/index.php\/wp-json\/wp\/v2\/media\/502"}],"wp:attachment":[{"href":"https:\/\/saltoecologico.es\/index.php\/wp-json\/wp\/v2\/media?parent=501"}],"wp:term":[{"taxonomy":"category","embeddable":true,"href":"https:\/\/saltoecologico.es\/index.php\/wp-json\/wp\/v2\/categories?post=501"},{"taxonomy":"post_tag","embeddable":true,"href":"https:\/\/saltoecologico.es\/index.php\/wp-json\/wp\/v2\/tags?post=501"}],"curies":[{"name":"wp","href":"https:\/\/api.w.org\/{rel}","templated":true}]}}