{"id":504,"date":"2022-10-03T09:53:00","date_gmt":"2022-10-03T09:53:00","guid":{"rendered":"https:\/\/saltoecologico.es\/?p=504"},"modified":"2025-04-14T09:54:20","modified_gmt":"2025-04-14T09:54:20","slug":"desmentidos","status":"publish","type":"post","link":"https:\/\/saltoecologico.es\/index.php\/2022\/10\/03\/desmentidos\/","title":{"rendered":"Desmentidos"},"content":{"rendered":"\n<p class=\"wp-block-paragraph\"><strong>UNA OPORTUNIDAD PARA LOS DESMENTIDOS (I).<\/strong><\/p>\n\n\n\n<p class=\"wp-block-paragraph\">No dudamos que la inmensa mayor\u00eda de las personas que se oponen al proyecto del Salto de Chira lo hacen con la mejor voluntad del mundo y en base a una serie de informaciones que ha recibido de distintas fuentes. Existe sin embargo un peque\u00f1o colectivo, que, aprovechando el posible tir\u00f3n del tema, intentan refundar, no se sabe bien, que nuevo movimiento ecologista e incluso, alguna que otra formaci\u00f3n pol\u00edtica. Pues bien, somos conscientes que con los segundos poco podemos hacer, pero en cambio con respecto a los primeros, si nos gustar\u00eda coger las principales ideas fuerzas que han conseguido imbuirles, a base de repetirlas hasta la saciedad y darles nuestra visi\u00f3n de cada una de ellas. Estas ideas fuerzas ser\u00edan las siguientes:<\/p>\n\n\n\n<ul class=\"wp-block-list\">\n<li>El Salto de Chira es un proyecto ilegal.<\/li>\n\n\n\n<li>Es una tecnolog\u00eda obsoleta que no ayuda a aumentar la penetraci\u00f3n, solo contribuye a nivelar la red mediante el mercadeo de compraventa de energ\u00eda.<\/li>\n\n\n\n<li>No contribuye a la descarbonizaci\u00f3n. No tiene nada que ver con el cambio clim\u00e1tico.<\/li>\n\n\n\n<li>Causar\u00e1 enormes da\u00f1os ambientales.<\/li>\n\n\n\n<li>Afectar\u00e1 a la salud de los vecinos del barranco.<\/li>\n\n\n\n<li>Las presas son inseguras y contienen lodos.<\/li>\n\n\n\n<li>La capacidad de almacenamiento de Chira es irrelevante e innecesaria.<\/li>\n\n\n\n<li>La desalaci\u00f3n y el bombeo encarecen los costos de la central y la salmuera afecta a la costa de Arguinegu\u00edn.<\/li>\n\n\n\n<li>Es muy poco probable que pueda destinarse al riego agr\u00edcola.<\/li>\n\n\n\n<li>Exigimos que se ejecute el Plan Hidrol\u00f3gico.<\/li>\n\n\n\n<li>Apostamos por un modelo energ\u00e9tico distribuido.<\/li>\n<\/ul>\n\n\n\n<p class=\"wp-block-paragraph\">A lo largo de las siguientes entregas desarrollaremos cada una de estas cuestiones, d\u00e1ndoles una visi\u00f3n objetiva y transparente de cada una de ellas con un an\u00e1lisis profundo y sosegado, alejado de todo atisbo de panfleto y pancarta, con la idea de que se contraste lo que aqu\u00ed se expone y sirva para tomar un posicionamiento m\u00e1s informado de la cuesti\u00f3n de El Salto de Chira.<\/p>\n\n\n\n<p class=\"wp-block-paragraph\"><strong>UNA OPORTUNIDAD PARA LOS DESMENTIDOS (II). UN PROYECTO COMPLETAMENTE LEGAL.<\/strong><\/p>\n\n\n\n<p class=\"wp-block-paragraph\">La tramitaci\u00f3n administrativa del proyecto de construcci\u00f3n de las instalaciones correspondientes a la Central Hidroel\u00e9ctrica de Bombeo de Chira-Soria fue iniciada por UNELCO Generaci\u00f3n en 2013, siguiendo la tramitaci\u00f3n iniciada en 2007 con la presentaci\u00f3n del anteproyecto de la instalaci\u00f3n.<\/p>\n\n\n\n<p class=\"wp-block-paragraph\">El 6 de mayo de 2014 fue publicada en el Bolet\u00edn Oficial del Estado la Orden IET\/728\/2014, de 28 de abril, del Ministerio de Industria, Energ\u00eda y Turismo, por la que se resuelve aceptar la renuncia presentada por UNELCO a la ejecuci\u00f3n de la Central Hidroel\u00e9ctrica de Bombeo de Chira &#8211; Soria e imponerle la obligaci\u00f3n de transmitir al Operador del Sistema El\u00e9ctrico el Proyecto y, en su caso, las instalaciones de la referida central.<\/p>\n\n\n\n<p class=\"wp-block-paragraph\">En virtud de lo establecido en la Ley 17\/2013, de 29 de octubre, y en la citada Orden Ministerial IET\/728\/2014, el 23 de enero de 2015 UNELCO y Red El\u00e9ctrica de Espa\u00f1a formalizaron un acuerdo para la transmisi\u00f3n del citado proyecto a REE que, a partir de ese momento, inici\u00f3 la adaptaci\u00f3n del proyecto transmitido a lo requerido en el art\u00edculo 5 de la Ley 17\/2013, esto es, que en los sistemas el\u00e9ctricos insulares y extrapeninsulares, las instalaciones de bombeo cuya titularidad corresponda al Operador del Sistema El\u00e9ctrico, deben tener como finalidades principales la garant\u00eda del suministro, la seguridad del sistema y la integraci\u00f3n de energ\u00edas renovables no gestionables.<\/p>\n\n\n\n<p class=\"wp-block-paragraph\">El 17 julio 2015 la Junta de Gobierno del Consejo Insular de Aguas de Gran Canaria adopt\u00f3 acuerdo por el que acepta la subrogaci\u00f3n como concesionaria de REE en la Concesi\u00f3n Administrativa de las \u201cAguas Embalsadas y Vaso de la Presa de Chira con fines Hidroel\u00e9ctricos\u201d. El 15 octubre 2015 se celebr\u00f3 el acto de firma de la cesi\u00f3n por parte de UNELCO a REE ante el CIAGC.<\/p>\n\n\n\n<p class=\"wp-block-paragraph\">Ya en el 5 de junio de 2019 se aprueba la Directiva (UE) 2019\/944 del Parlamento Europeo y del Consejo, sobre normas comunes para el mercado interior de la electricidad y por la que se modifica la Directiva 2012\/27\/UE. En esta directiva en su art\u00edculo 54, en el apartado 1 se dice: \u201cLos gestores de redes de transporte no poseer\u00e1n, desarrollar\u00e1n, gestionar\u00e1n o explotar\u00e1n instalaciones de almacenamiento de energ\u00eda\u201d.<\/p>\n\n\n\n<p class=\"wp-block-paragraph\">Este es el famoso redactado al que se acogen los detractores del proyecto para decir que es ilegal y as\u00ed ser\u00eda si no fuera porque existe un apartado 2 que expone: \u201cComo excepci\u00f3n a lo dispuesto en el apartado 1, los Estados miembros podr\u00e1n autorizar a los gestores de redes de transporte a poseer, desarrollar, gestionar o explotar instalaciones de almacenamiento de energ\u00eda, cuando sean componentes de red plenamente integrados y las autoridades reguladoras hayan concedido su aprobaci\u00f3n\u2026\u2026\u2026\u2026..\u201d.<\/p>\n\n\n\n<p class=\"wp-block-paragraph\">Obviamente esta cuesti\u00f3n se podr\u00eda prestar a interpretaciones y en una de ellas, se podr\u00eda concluir que como la directiva es posterior a la Ley de 2013 y es de rango superior, la deroga. Pero afortunadamente la propia informaci\u00f3n de la directiva, nos remite a lo que considera su transposici\u00f3n y que es el Real Decreto-ley 23\/2020, de 23 de junio, por el que se aprueban medidas en materia de energ\u00eda y en otros \u00e1mbitos para la reactivaci\u00f3n econ\u00f3mica. Pues bien, en el T\u00edtulo II, art\u00edculo 4 titulado: Modificaci\u00f3n de la Ley 24\/2013, de 26 de diciembre, del Sector El\u00e9ctrico, se recoge en el apartado tres el siguiente literal:<\/p>\n\n\n\n<p class=\"wp-block-paragraph\">\u201cSe a\u00f1aden tres ep\u00edgrafes h), i) y j) al apartado 1 del art\u00edculo 6, con el siguiente tenor literal: \u00abh) Los titulares de instalaciones de almacenamiento, que son las personas f\u00edsicas o jur\u00eddicas que poseen instalaciones en las que se difiere el uso final de electricidad a un momento posterior a cuando fue generada, o que realizan la conversi\u00f3n de energ\u00eda el\u00e9ctrica en una forma de energ\u00eda que se pueda almacenar para la subsiguiente reconversi\u00f3n de dicha energ\u00eda en energ\u00eda el\u00e9ctrica.<\/p>\n\n\n\n<p class=\"wp-block-paragraph\">Todo ello sin perjuicio de lo previsto en el art\u00edculo 5 de la Ley 17\/2013, de 29 de octubre, para la garant\u00eda del suministro e incremento de la competencia en los sistemas el\u00e9ctricos insulares y extrapeninsulares, y de la posibilidad de que los sujetos productores, consumidores o titulares de redes de transporte y distribuci\u00f3n puedan poseer este tipo de instalaciones sin perder su condici\u00f3n.<\/p>\n\n\n\n<p class=\"wp-block-paragraph\">\u2026\u2026\u2026\u2026\u2026\u2026\u2026\u2026\u2026\u2026\u2026\u2026\u2026\u2026\u2026\u2026\u2026.\u201d.<\/p>\n\n\n\n<p class=\"wp-block-paragraph\">Recordando que el art\u00edculo 5 de la Ley 17\/2013 dice: \u201cEn los sistemas el\u00e9ctricos insulares y extrapeninsulares las instalaciones de bombeo tendr\u00e1n como finalidades principales la garant\u00eda del suministro, la seguridad del sistema y la integraci\u00f3n de energ\u00edas renovables no gestionables. En estos casos, la titularidad de las instalaciones de bombeo deber\u00e1 corresponder al operador del sistema\u201d.<\/p>\n\n\n\n<p class=\"wp-block-paragraph\">Por tanto a d\u00eda de hoy la titularidad de REE en el Salto de Chira est\u00e1 consagrada legalmente por el RD 23\/2020 con el que se traspone la Directiva 2019\/944 y en el que se salvaguarda y ratifica lo expresado en la Ley 17\/2013.<\/p>\n","protected":false},"excerpt":{"rendered":"<p>UNA OPORTUNIDAD PARA LOS DESMENTIDOS (I). No dudamos que la inmensa mayor\u00eda de las personas que se oponen al proyecto del Salto de Chira lo hacen con la mejor voluntad del mundo y en base a una serie de informaciones que ha recibido de distintas fuentes. Existe sin embargo un peque\u00f1o colectivo, que, aprovechando el [&hellip;]<\/p>\n","protected":false},"author":1,"featured_media":505,"comment_status":"open","ping_status":"open","sticky":false,"template":"","format":"standard","meta":{"footnotes":""},"categories":[56],"tags":[],"class_list":["post-504","post","type-post","status-publish","format-standard","has-post-thumbnail","category-b_salto-de-chira"],"yoast_head":"<!-- This site is optimized with the Yoast SEO plugin v28.2 - https:\/\/yoast.com\/product\/yoast-seo-wordpress\/ -->\n<title>Desmentidos - Salto Ecol\u00f3gico<\/title>\n<meta name=\"robots\" content=\"index, follow, max-snippet:-1, max-image-preview:large, max-video-preview:-1\" \/>\n<link rel=\"canonical\" href=\"https:\/\/saltoecologico.es\/index.php\/2022\/10\/03\/desmentidos\/\" \/>\n<meta property=\"og:locale\" content=\"es_ES\" \/>\n<meta property=\"og:type\" content=\"article\" \/>\n<meta property=\"og:title\" content=\"Desmentidos - Salto Ecol\u00f3gico\" \/>\n<meta property=\"og:description\" content=\"UNA OPORTUNIDAD PARA LOS DESMENTIDOS (I). No dudamos que la inmensa mayor\u00eda de las personas que se oponen al proyecto del Salto de Chira lo hacen con la mejor voluntad del mundo y en base a una serie de informaciones que ha recibido de distintas fuentes. Existe sin embargo un peque\u00f1o colectivo, que, aprovechando el [&hellip;]\" \/>\n<meta property=\"og:url\" content=\"https:\/\/saltoecologico.es\/index.php\/2022\/10\/03\/desmentidos\/\" \/>\n<meta property=\"og:site_name\" content=\"Salto Ecol\u00f3gico\" \/>\n<meta property=\"article:publisher\" content=\"https:\/\/www.facebook.com\/Saltotransicionecologica\" \/>\n<meta property=\"article:published_time\" content=\"2022-10-03T09:53:00+00:00\" \/>\n<meta property=\"article:modified_time\" content=\"2025-04-14T09:54:20+00:00\" \/>\n<meta property=\"og:image\" content=\"https:\/\/saltoecologico.es\/wp-content\/uploads\/2025\/04\/Salto-11.jpg\" \/>\n\t<meta property=\"og:image:width\" content=\"1024\" \/>\n\t<meta property=\"og:image:height\" content=\"683\" \/>\n\t<meta property=\"og:image:type\" content=\"image\/jpeg\" \/>\n<meta name=\"author\" content=\"admin\" \/>\n<meta name=\"twitter:card\" content=\"summary_large_image\" \/>\n<meta name=\"twitter:label1\" content=\"Escrito por\" \/>\n\t<meta name=\"twitter:data1\" content=\"admin\" \/>\n\t<meta name=\"twitter:label2\" content=\"Tiempo de lectura\" \/>\n\t<meta name=\"twitter:data2\" content=\"6 minutos\" \/>\n<script type=\"application\/ld+json\" class=\"yoast-schema-graph\">{\"@context\":\"https:\\\/\\\/schema.org\",\"@graph\":[{\"@type\":\"Article\",\"@id\":\"https:\\\/\\\/saltoecologico.es\\\/index.php\\\/2022\\\/10\\\/03\\\/desmentidos\\\/#article\",\"isPartOf\":{\"@id\":\"https:\\\/\\\/saltoecologico.es\\\/index.php\\\/2022\\\/10\\\/03\\\/desmentidos\\\/\"},\"author\":{\"name\":\"admin\",\"@id\":\"https:\\\/\\\/saltoecologico.es\\\/#\\\/schema\\\/person\\\/7175eec4b3c123d86c675313c3a01a0b\"},\"headline\":\"Desmentidos\",\"datePublished\":\"2022-10-03T09:53:00+00:00\",\"dateModified\":\"2025-04-14T09:54:20+00:00\",\"mainEntityOfPage\":{\"@id\":\"https:\\\/\\\/saltoecologico.es\\\/index.php\\\/2022\\\/10\\\/03\\\/desmentidos\\\/\"},\"wordCount\":1180,\"commentCount\":0,\"publisher\":{\"@id\":\"https:\\\/\\\/saltoecologico.es\\\/#organization\"},\"image\":{\"@id\":\"https:\\\/\\\/saltoecologico.es\\\/index.php\\\/2022\\\/10\\\/03\\\/desmentidos\\\/#primaryimage\"},\"thumbnailUrl\":\"https:\\\/\\\/saltoecologico.es\\\/wp-content\\\/uploads\\\/2025\\\/04\\\/Salto-11.jpg\",\"articleSection\":[\"B_Salto de Chira\"],\"inLanguage\":\"es\",\"potentialAction\":[{\"@type\":\"CommentAction\",\"name\":\"Comment\",\"target\":[\"https:\\\/\\\/saltoecologico.es\\\/index.php\\\/2022\\\/10\\\/03\\\/desmentidos\\\/#respond\"]}]},{\"@type\":\"WebPage\",\"@id\":\"https:\\\/\\\/saltoecologico.es\\\/index.php\\\/2022\\\/10\\\/03\\\/desmentidos\\\/\",\"url\":\"https:\\\/\\\/saltoecologico.es\\\/index.php\\\/2022\\\/10\\\/03\\\/desmentidos\\\/\",\"name\":\"Desmentidos - Salto Ecol\u00f3gico\",\"isPartOf\":{\"@id\":\"https:\\\/\\\/saltoecologico.es\\\/#website\"},\"primaryImageOfPage\":{\"@id\":\"https:\\\/\\\/saltoecologico.es\\\/index.php\\\/2022\\\/10\\\/03\\\/desmentidos\\\/#primaryimage\"},\"image\":{\"@id\":\"https:\\\/\\\/saltoecologico.es\\\/index.php\\\/2022\\\/10\\\/03\\\/desmentidos\\\/#primaryimage\"},\"thumbnailUrl\":\"https:\\\/\\\/saltoecologico.es\\\/wp-content\\\/uploads\\\/2025\\\/04\\\/Salto-11.jpg\",\"datePublished\":\"2022-10-03T09:53:00+00:00\",\"dateModified\":\"2025-04-14T09:54:20+00:00\",\"breadcrumb\":{\"@id\":\"https:\\\/\\\/saltoecologico.es\\\/index.php\\\/2022\\\/10\\\/03\\\/desmentidos\\\/#breadcrumb\"},\"inLanguage\":\"es\",\"potentialAction\":[{\"@type\":\"ReadAction\",\"target\":[\"https:\\\/\\\/saltoecologico.es\\\/index.php\\\/2022\\\/10\\\/03\\\/desmentidos\\\/\"]}]},{\"@type\":\"ImageObject\",\"inLanguage\":\"es\",\"@id\":\"https:\\\/\\\/saltoecologico.es\\\/index.php\\\/2022\\\/10\\\/03\\\/desmentidos\\\/#primaryimage\",\"url\":\"https:\\\/\\\/saltoecologico.es\\\/wp-content\\\/uploads\\\/2025\\\/04\\\/Salto-11.jpg\",\"contentUrl\":\"https:\\\/\\\/saltoecologico.es\\\/wp-content\\\/uploads\\\/2025\\\/04\\\/Salto-11.jpg\",\"width\":1024,\"height\":683,\"caption\":\"Gates at a dam\"},{\"@type\":\"BreadcrumbList\",\"@id\":\"https:\\\/\\\/saltoecologico.es\\\/index.php\\\/2022\\\/10\\\/03\\\/desmentidos\\\/#breadcrumb\",\"itemListElement\":[{\"@type\":\"ListItem\",\"position\":1,\"name\":\"Portada\",\"item\":\"https:\\\/\\\/saltoecologico.es\\\/\"},{\"@type\":\"ListItem\",\"position\":2,\"name\":\"Desmentidos\"}]},{\"@type\":\"WebSite\",\"@id\":\"https:\\\/\\\/saltoecologico.es\\\/#website\",\"url\":\"https:\\\/\\\/saltoecologico.es\\\/\",\"name\":\"Salto Ecol\u00f3gico\",\"description\":\"\",\"publisher\":{\"@id\":\"https:\\\/\\\/saltoecologico.es\\\/#organization\"},\"potentialAction\":[{\"@type\":\"SearchAction\",\"target\":{\"@type\":\"EntryPoint\",\"urlTemplate\":\"https:\\\/\\\/saltoecologico.es\\\/?s={search_term_string}\"},\"query-input\":{\"@type\":\"PropertyValueSpecification\",\"valueRequired\":true,\"valueName\":\"search_term_string\"}}],\"inLanguage\":\"es\"},{\"@type\":\"Organization\",\"@id\":\"https:\\\/\\\/saltoecologico.es\\\/#organization\",\"name\":\"Salto a la Transici\u00f3n Ecol\u00f3gica\",\"url\":\"https:\\\/\\\/saltoecologico.es\\\/\",\"logo\":{\"@type\":\"ImageObject\",\"inLanguage\":\"es\",\"@id\":\"https:\\\/\\\/saltoecologico.es\\\/#\\\/schema\\\/logo\\\/image\\\/\",\"url\":\"https:\\\/\\\/saltoecologico.es\\\/wp-content\\\/uploads\\\/2025\\\/04\\\/Logo-STE.jpg\",\"contentUrl\":\"https:\\\/\\\/saltoecologico.es\\\/wp-content\\\/uploads\\\/2025\\\/04\\\/Logo-STE.jpg\",\"width\":435,\"height\":435,\"caption\":\"Salto a la Transici\u00f3n Ecol\u00f3gica\"},\"image\":{\"@id\":\"https:\\\/\\\/saltoecologico.es\\\/#\\\/schema\\\/logo\\\/image\\\/\"},\"sameAs\":[\"https:\\\/\\\/www.facebook.com\\\/Saltotransicionecologica\"]},{\"@type\":\"Person\",\"@id\":\"https:\\\/\\\/saltoecologico.es\\\/#\\\/schema\\\/person\\\/7175eec4b3c123d86c675313c3a01a0b\",\"name\":\"admin\",\"image\":{\"@type\":\"ImageObject\",\"inLanguage\":\"es\",\"@id\":\"https:\\\/\\\/secure.gravatar.com\\\/avatar\\\/4c215dc57bbc7b2f2f470ac9bd197f3f112636a584e575a732d0206a2d9c9806?s=96&d=mm&r=g\",\"url\":\"https:\\\/\\\/secure.gravatar.com\\\/avatar\\\/4c215dc57bbc7b2f2f470ac9bd197f3f112636a584e575a732d0206a2d9c9806?s=96&d=mm&r=g\",\"contentUrl\":\"https:\\\/\\\/secure.gravatar.com\\\/avatar\\\/4c215dc57bbc7b2f2f470ac9bd197f3f112636a584e575a732d0206a2d9c9806?s=96&d=mm&r=g\",\"caption\":\"admin\"},\"sameAs\":[\"https:\\\/\\\/saltoecologico.es\"],\"url\":\"https:\\\/\\\/saltoecologico.es\\\/index.php\\\/author\\\/saltoecologico\\\/\"}]}<\/script>\n<!-- \/ Yoast SEO plugin. -->","yoast_head_json":{"title":"Desmentidos - Salto Ecol\u00f3gico","robots":{"index":"index","follow":"follow","max-snippet":"max-snippet:-1","max-image-preview":"max-image-preview:large","max-video-preview":"max-video-preview:-1"},"canonical":"https:\/\/saltoecologico.es\/index.php\/2022\/10\/03\/desmentidos\/","og_locale":"es_ES","og_type":"article","og_title":"Desmentidos - Salto Ecol\u00f3gico","og_description":"UNA OPORTUNIDAD PARA LOS DESMENTIDOS (I). No dudamos que la inmensa mayor\u00eda de las personas que se oponen al proyecto del Salto de Chira lo hacen con la mejor voluntad del mundo y en base a una serie de informaciones que ha recibido de distintas fuentes. Existe sin embargo un peque\u00f1o colectivo, que, aprovechando el [&hellip;]","og_url":"https:\/\/saltoecologico.es\/index.php\/2022\/10\/03\/desmentidos\/","og_site_name":"Salto Ecol\u00f3gico","article_publisher":"https:\/\/www.facebook.com\/Saltotransicionecologica","article_published_time":"2022-10-03T09:53:00+00:00","article_modified_time":"2025-04-14T09:54:20+00:00","og_image":[{"width":1024,"height":683,"url":"https:\/\/saltoecologico.es\/wp-content\/uploads\/2025\/04\/Salto-11.jpg","type":"image\/jpeg"}],"author":"admin","twitter_card":"summary_large_image","twitter_misc":{"Escrito por":"admin","Tiempo de lectura":"6 minutos"},"schema":{"@context":"https:\/\/schema.org","@graph":[{"@type":"Article","@id":"https:\/\/saltoecologico.es\/index.php\/2022\/10\/03\/desmentidos\/#article","isPartOf":{"@id":"https:\/\/saltoecologico.es\/index.php\/2022\/10\/03\/desmentidos\/"},"author":{"name":"admin","@id":"https:\/\/saltoecologico.es\/#\/schema\/person\/7175eec4b3c123d86c675313c3a01a0b"},"headline":"Desmentidos","datePublished":"2022-10-03T09:53:00+00:00","dateModified":"2025-04-14T09:54:20+00:00","mainEntityOfPage":{"@id":"https:\/\/saltoecologico.es\/index.php\/2022\/10\/03\/desmentidos\/"},"wordCount":1180,"commentCount":0,"publisher":{"@id":"https:\/\/saltoecologico.es\/#organization"},"image":{"@id":"https:\/\/saltoecologico.es\/index.php\/2022\/10\/03\/desmentidos\/#primaryimage"},"thumbnailUrl":"https:\/\/saltoecologico.es\/wp-content\/uploads\/2025\/04\/Salto-11.jpg","articleSection":["B_Salto de Chira"],"inLanguage":"es","potentialAction":[{"@type":"CommentAction","name":"Comment","target":["https:\/\/saltoecologico.es\/index.php\/2022\/10\/03\/desmentidos\/#respond"]}]},{"@type":"WebPage","@id":"https:\/\/saltoecologico.es\/index.php\/2022\/10\/03\/desmentidos\/","url":"https:\/\/saltoecologico.es\/index.php\/2022\/10\/03\/desmentidos\/","name":"Desmentidos - Salto Ecol\u00f3gico","isPartOf":{"@id":"https:\/\/saltoecologico.es\/#website"},"primaryImageOfPage":{"@id":"https:\/\/saltoecologico.es\/index.php\/2022\/10\/03\/desmentidos\/#primaryimage"},"image":{"@id":"https:\/\/saltoecologico.es\/index.php\/2022\/10\/03\/desmentidos\/#primaryimage"},"thumbnailUrl":"https:\/\/saltoecologico.es\/wp-content\/uploads\/2025\/04\/Salto-11.jpg","datePublished":"2022-10-03T09:53:00+00:00","dateModified":"2025-04-14T09:54:20+00:00","breadcrumb":{"@id":"https:\/\/saltoecologico.es\/index.php\/2022\/10\/03\/desmentidos\/#breadcrumb"},"inLanguage":"es","potentialAction":[{"@type":"ReadAction","target":["https:\/\/saltoecologico.es\/index.php\/2022\/10\/03\/desmentidos\/"]}]},{"@type":"ImageObject","inLanguage":"es","@id":"https:\/\/saltoecologico.es\/index.php\/2022\/10\/03\/desmentidos\/#primaryimage","url":"https:\/\/saltoecologico.es\/wp-content\/uploads\/2025\/04\/Salto-11.jpg","contentUrl":"https:\/\/saltoecologico.es\/wp-content\/uploads\/2025\/04\/Salto-11.jpg","width":1024,"height":683,"caption":"Gates at a dam"},{"@type":"BreadcrumbList","@id":"https:\/\/saltoecologico.es\/index.php\/2022\/10\/03\/desmentidos\/#breadcrumb","itemListElement":[{"@type":"ListItem","position":1,"name":"Portada","item":"https:\/\/saltoecologico.es\/"},{"@type":"ListItem","position":2,"name":"Desmentidos"}]},{"@type":"WebSite","@id":"https:\/\/saltoecologico.es\/#website","url":"https:\/\/saltoecologico.es\/","name":"Salto Ecol\u00f3gico","description":"","publisher":{"@id":"https:\/\/saltoecologico.es\/#organization"},"potentialAction":[{"@type":"SearchAction","target":{"@type":"EntryPoint","urlTemplate":"https:\/\/saltoecologico.es\/?s={search_term_string}"},"query-input":{"@type":"PropertyValueSpecification","valueRequired":true,"valueName":"search_term_string"}}],"inLanguage":"es"},{"@type":"Organization","@id":"https:\/\/saltoecologico.es\/#organization","name":"Salto a la Transici\u00f3n Ecol\u00f3gica","url":"https:\/\/saltoecologico.es\/","logo":{"@type":"ImageObject","inLanguage":"es","@id":"https:\/\/saltoecologico.es\/#\/schema\/logo\/image\/","url":"https:\/\/saltoecologico.es\/wp-content\/uploads\/2025\/04\/Logo-STE.jpg","contentUrl":"https:\/\/saltoecologico.es\/wp-content\/uploads\/2025\/04\/Logo-STE.jpg","width":435,"height":435,"caption":"Salto a la Transici\u00f3n Ecol\u00f3gica"},"image":{"@id":"https:\/\/saltoecologico.es\/#\/schema\/logo\/image\/"},"sameAs":["https:\/\/www.facebook.com\/Saltotransicionecologica"]},{"@type":"Person","@id":"https:\/\/saltoecologico.es\/#\/schema\/person\/7175eec4b3c123d86c675313c3a01a0b","name":"admin","image":{"@type":"ImageObject","inLanguage":"es","@id":"https:\/\/secure.gravatar.com\/avatar\/4c215dc57bbc7b2f2f470ac9bd197f3f112636a584e575a732d0206a2d9c9806?s=96&d=mm&r=g","url":"https:\/\/secure.gravatar.com\/avatar\/4c215dc57bbc7b2f2f470ac9bd197f3f112636a584e575a732d0206a2d9c9806?s=96&d=mm&r=g","contentUrl":"https:\/\/secure.gravatar.com\/avatar\/4c215dc57bbc7b2f2f470ac9bd197f3f112636a584e575a732d0206a2d9c9806?s=96&d=mm&r=g","caption":"admin"},"sameAs":["https:\/\/saltoecologico.es"],"url":"https:\/\/saltoecologico.es\/index.php\/author\/saltoecologico\/"}]}},"_links":{"self":[{"href":"https:\/\/saltoecologico.es\/index.php\/wp-json\/wp\/v2\/posts\/504","targetHints":{"allow":["GET"]}}],"collection":[{"href":"https:\/\/saltoecologico.es\/index.php\/wp-json\/wp\/v2\/posts"}],"about":[{"href":"https:\/\/saltoecologico.es\/index.php\/wp-json\/wp\/v2\/types\/post"}],"author":[{"embeddable":true,"href":"https:\/\/saltoecologico.es\/index.php\/wp-json\/wp\/v2\/users\/1"}],"replies":[{"embeddable":true,"href":"https:\/\/saltoecologico.es\/index.php\/wp-json\/wp\/v2\/comments?post=504"}],"version-history":[{"count":1,"href":"https:\/\/saltoecologico.es\/index.php\/wp-json\/wp\/v2\/posts\/504\/revisions"}],"predecessor-version":[{"id":506,"href":"https:\/\/saltoecologico.es\/index.php\/wp-json\/wp\/v2\/posts\/504\/revisions\/506"}],"wp:featuredmedia":[{"embeddable":true,"href":"https:\/\/saltoecologico.es\/index.php\/wp-json\/wp\/v2\/media\/505"}],"wp:attachment":[{"href":"https:\/\/saltoecologico.es\/index.php\/wp-json\/wp\/v2\/media?parent=504"}],"wp:term":[{"taxonomy":"category","embeddable":true,"href":"https:\/\/saltoecologico.es\/index.php\/wp-json\/wp\/v2\/categories?post=504"},{"taxonomy":"post_tag","embeddable":true,"href":"https:\/\/saltoecologico.es\/index.php\/wp-json\/wp\/v2\/tags?post=504"}],"curies":[{"name":"wp","href":"https:\/\/api.w.org\/{rel}","templated":true}]}}