{"id":507,"date":"2022-10-14T09:59:00","date_gmt":"2022-10-14T09:59:00","guid":{"rendered":"https:\/\/saltoecologico.es\/?p=507"},"modified":"2025-04-14T10:00:19","modified_gmt":"2025-04-14T10:00:19","slug":"sistema-electrico","status":"publish","type":"post","link":"https:\/\/saltoecologico.es\/index.php\/2022\/10\/14\/sistema-electrico\/","title":{"rendered":"Sistema el\u00e9ctrico"},"content":{"rendered":"\n<p class=\"wp-block-paragraph\"><strong>PROBLEMAS DEL SISTEMA EL\u00c9CTRICO DE CANARIAS. INTRODUCCI\u00d3N<\/strong><\/p>\n\n\n\n<p class=\"wp-block-paragraph\">El sector el\u00e9ctrico y su eficiencia es uno de los mayores retos que se tiene que plantear una sociedad madura y desarrollada puesto que en la mayor\u00eda de ocasiones, la soluci\u00f3n no pasa por tener m\u00e1s o menos recursos, sino por gestionar de manera m\u00e1s eficiente los ya disponibles. Esa necesaria gesti\u00f3n eficiente, viene dada por dos cuestiones primordiales: en primer lugar, la econ\u00f3mica, para que el desarrollo energ\u00e9tico no acabe provocando un verdadero derroche financiero a quien tenga que costearlo; y en segundo lugar, la medioambiental, para reducir al m\u00e1ximo el impacto sobre la naturaleza y el medio natural que nos rodea.<\/p>\n\n\n\n<p class=\"wp-block-paragraph\">Uno de los mejores ejemplos de la falta de eficiencia en el sector el\u00e9ctrico es el caso canario. Un archipi\u00e9lago que, por su propia idiosincrasia, hist\u00f3ricamente ha generado un modelo energ\u00e9tico que le ha creado no solo una merecida cr\u00edtica por la dependencia del resto de Espa\u00f1a, sino tambi\u00e9n la permanencia en unas din\u00e1micas obsoletas y nada sostenibles.<\/p>\n\n\n\n<p class=\"wp-block-paragraph\">Los problemas del modelo energ\u00e9tico de Canarias en general y de su sistema el\u00e9ctrico en particular, se resumen en cuatro factores: el aislamiento geogr\u00e1fico del propio archipi\u00e9lago, la excesiva dependencia del petr\u00f3leo y los sobrecostes econ\u00f3micos y medioambientales que genera.<\/p>\n\n\n\n<p class=\"wp-block-paragraph\">A partir de las pr\u00f3ximas entregas iremos desarrollando estos aspectos de una manera somera y simplificada porque cualquiera de ellos nos dar\u00eda para hablar largo y tendido.<\/p>\n\n\n\n<p class=\"wp-block-paragraph\"><strong>PROBLEMAS DEL SISTEMA EL\u00c9CTRICO DE CANARIAS. AISLAMIENTO GEOGR\u00c1FICO.<\/strong><\/p>\n\n\n\n<p class=\"wp-block-paragraph\">El mayor problema al que se enfrenta el sistema el\u00e9ctrico de Canarias es su aislamiento geogr\u00e1fico, puesto que dista m\u00e1s de 1.000 kil\u00f3metros de la Pen\u00ednsula, una distancia que se torna insalvable en todos los sentidos. Y es que, as\u00ed como el resto de las comunidades aut\u00f3nomas pueden aprovecharse de la uni\u00f3n territorial a nivel nacional para compartir infraestructuras y conexiones, las islas son pr\u00e1cticamente un oasis aislado que depende de s\u00ed mismo. Para mayor inri, el sistema el\u00e9ctrico canario como tal no existe, pues en realidad existen seis subsistemas (dos de las islas, Fuerteventura y Lanzarote, est\u00e1n conectadas entre s\u00ed), que est\u00e1n el\u00e9ctricamente aislados y que son de un tama\u00f1o muy peque\u00f1o comparados con el peninsular.<\/p>\n\n\n\n<p class=\"wp-block-paragraph\">La consecuencia de esta falta de conexi\u00f3n es tan evidente como gravosa. Cada isla del archipi\u00e9lago necesita implementar una red equivalente a la nacional en cuanto a infraestructuras y producci\u00f3n de energ\u00eda, con la multiplicaci\u00f3n de esfuerzos y estructuras que ello conlleva. Estas peque\u00f1as dimensiones hacen que estos sistemas sean menos estables y seguros que los grandes sistemas interconectados en los que es posible garantizar el suministro ante picos de demanda o ante determinadas situaciones de falta de generaci\u00f3n, como puede ser la escasez de viento en algunos momentos para la producci\u00f3n de energ\u00eda e\u00f3lica o por fallos e indisponibilidades de elementos de la red.<\/p>\n\n\n\n<p class=\"wp-block-paragraph\"><strong>PROBLEMAS DEL SISTEMA EL\u00c9CTRICO DE CANARIAS. LA DEPENDENCIA DEL PETROLEO.<\/strong><\/p>\n\n\n\n<p class=\"wp-block-paragraph\">La dependencia del petr\u00f3leo es otro de los grandes problemas del archipi\u00e9lago, la energ\u00eda el\u00e9ctrica en Canarias se gener\u00f3 en el 2020 con un 83% de productos f\u00f3siles derivados del petr\u00f3leo y solo un 17% de energ\u00edas renovables, lo que se traduce en un sistema el\u00e9ctrico muy dependiente del exterior, contaminante y muy caro. Es evidente que con este grado de dependencia del petr\u00f3leo y con el hecho de que Canarias no posee este recurso natural, la seguridad energ\u00e9tica se ve penalizada enormemente y esto se refleja muy a las claras, al comprobar un balance de energ\u00eda primaria en el archipi\u00e9lago tal y como se muestra en la tabla adjunta, extra\u00edda del Anuario Energ\u00e9tico de Canarias del A\u00f1o 2020. Se observa que la producci\u00f3n interior representa una parte muy reducida de la energ\u00eda primaria, siendo dicha cifra la aportaci\u00f3n conjunta de todas las energ\u00edas renovables en el Archipi\u00e9lago (e\u00f3lica, fotovoltaica, solar t\u00e9rmica, hidroe\u00f3lica, minihidr\u00e1ulica y biog\u00e1s de vertedero). Subordinada a las condiciones meteorol\u00f3gicas, su aportaci\u00f3n total est\u00e1 pr\u00e1cticamente paralizada desde hace a\u00f1os situ\u00e1ndose en torno al 4 % en el a\u00f1o 2020.<\/p>\n\n\n\n<p class=\"wp-block-paragraph\">No cabe duda que esta dependencia de los combustibles f\u00f3siles crea una debilidad manifiesta de nuestra econom\u00eda con respecto a los vaivenes de la geopol\u00edtica exterior, creando demasiadas incertidumbres, para un territorio que hay que importarlo casi todo y en el que el aspecto energ\u00e9tico es clave con respecto al desarrollo econ\u00f3mico de una econom\u00eda occidental y del primer mundo.<\/p>\n\n\n\n<p class=\"wp-block-paragraph\">Recientemente hemos podido comprobar como desde el ejecutivo canario se han dado pasos en el sentido de sentar las bases de un cambio de paradigma al crear una estrategia de descarbonizaci\u00f3n del archipi\u00e9lago para el a\u00f1o 2040, que entre otras cosas, permitir\u00eda una mayor independencia energ\u00e9tica, pero sobre estas buenas noticias, se vuelven a cernir los nubarrones de la introducci\u00f3n del gas natural como combustible para nuestras centrales el\u00e9ctricas, dejando en un segundo t\u00e9rmino, la tan ansiada descarbonizaci\u00f3n.<\/p>\n","protected":false},"excerpt":{"rendered":"<p>PROBLEMAS DEL SISTEMA EL\u00c9CTRICO DE CANARIAS. INTRODUCCI\u00d3N El sector el\u00e9ctrico y su eficiencia es uno de los mayores retos que se tiene que plantear una sociedad madura y desarrollada puesto que en la mayor\u00eda de ocasiones, la soluci\u00f3n no pasa por tener m\u00e1s o menos recursos, sino por gestionar de manera m\u00e1s eficiente los ya [&hellip;]<\/p>\n","protected":false},"author":1,"featured_media":508,"comment_status":"open","ping_status":"open","sticky":false,"template":"","format":"standard","meta":{"footnotes":""},"categories":[36],"tags":[],"class_list":["post-507","post","type-post","status-publish","format-standard","has-post-thumbnail","category-sistema-electrico"],"yoast_head":"<!-- This site is optimized with the Yoast SEO plugin v28.2 - https:\/\/yoast.com\/product\/yoast-seo-wordpress\/ -->\n<title>Sistema el\u00e9ctrico - Salto Ecol\u00f3gico<\/title>\n<meta name=\"robots\" content=\"index, follow, max-snippet:-1, max-image-preview:large, max-video-preview:-1\" \/>\n<link rel=\"canonical\" href=\"https:\/\/saltoecologico.es\/index.php\/2022\/10\/14\/sistema-electrico\/\" \/>\n<meta property=\"og:locale\" content=\"es_ES\" \/>\n<meta property=\"og:type\" content=\"article\" \/>\n<meta property=\"og:title\" content=\"Sistema el\u00e9ctrico - Salto Ecol\u00f3gico\" \/>\n<meta property=\"og:description\" content=\"PROBLEMAS DEL SISTEMA EL\u00c9CTRICO DE CANARIAS. INTRODUCCI\u00d3N El sector el\u00e9ctrico y su eficiencia es uno de los mayores retos que se tiene que plantear una sociedad madura y desarrollada puesto que en la mayor\u00eda de ocasiones, la soluci\u00f3n no pasa por tener m\u00e1s o menos recursos, sino por gestionar de manera m\u00e1s eficiente los ya [&hellip;]\" \/>\n<meta property=\"og:url\" content=\"https:\/\/saltoecologico.es\/index.php\/2022\/10\/14\/sistema-electrico\/\" \/>\n<meta property=\"og:site_name\" content=\"Salto Ecol\u00f3gico\" \/>\n<meta property=\"article:publisher\" content=\"https:\/\/www.facebook.com\/Saltotransicionecologica\" \/>\n<meta property=\"article:published_time\" content=\"2022-10-14T09:59:00+00:00\" \/>\n<meta property=\"article:modified_time\" content=\"2025-04-14T10:00:19+00:00\" \/>\n<meta property=\"og:image\" content=\"https:\/\/saltoecologico.es\/wp-content\/uploads\/2025\/04\/Fosiles8.jpg\" \/>\n\t<meta property=\"og:image:width\" content=\"1024\" \/>\n\t<meta property=\"og:image:height\" content=\"683\" \/>\n\t<meta property=\"og:image:type\" content=\"image\/jpeg\" \/>\n<meta name=\"author\" content=\"admin\" \/>\n<meta name=\"twitter:card\" content=\"summary_large_image\" \/>\n<meta name=\"twitter:label1\" content=\"Escrito por\" \/>\n\t<meta name=\"twitter:data1\" content=\"admin\" \/>\n\t<meta name=\"twitter:label2\" content=\"Tiempo de lectura\" \/>\n\t<meta name=\"twitter:data2\" content=\"4 minutos\" \/>\n<script type=\"application\/ld+json\" class=\"yoast-schema-graph\">{\"@context\":\"https:\\\/\\\/schema.org\",\"@graph\":[{\"@type\":\"Article\",\"@id\":\"https:\\\/\\\/saltoecologico.es\\\/index.php\\\/2022\\\/10\\\/14\\\/sistema-electrico\\\/#article\",\"isPartOf\":{\"@id\":\"https:\\\/\\\/saltoecologico.es\\\/index.php\\\/2022\\\/10\\\/14\\\/sistema-electrico\\\/\"},\"author\":{\"name\":\"admin\",\"@id\":\"https:\\\/\\\/saltoecologico.es\\\/#\\\/schema\\\/person\\\/7175eec4b3c123d86c675313c3a01a0b\"},\"headline\":\"Sistema el\u00e9ctrico\",\"datePublished\":\"2022-10-14T09:59:00+00:00\",\"dateModified\":\"2025-04-14T10:00:19+00:00\",\"mainEntityOfPage\":{\"@id\":\"https:\\\/\\\/saltoecologico.es\\\/index.php\\\/2022\\\/10\\\/14\\\/sistema-electrico\\\/\"},\"wordCount\":889,\"commentCount\":0,\"publisher\":{\"@id\":\"https:\\\/\\\/saltoecologico.es\\\/#organization\"},\"image\":{\"@id\":\"https:\\\/\\\/saltoecologico.es\\\/index.php\\\/2022\\\/10\\\/14\\\/sistema-electrico\\\/#primaryimage\"},\"thumbnailUrl\":\"https:\\\/\\\/saltoecologico.es\\\/wp-content\\\/uploads\\\/2025\\\/04\\\/Fosiles8.jpg\",\"articleSection\":[\"Sistema el\u00e9ctrico\"],\"inLanguage\":\"es\",\"potentialAction\":[{\"@type\":\"CommentAction\",\"name\":\"Comment\",\"target\":[\"https:\\\/\\\/saltoecologico.es\\\/index.php\\\/2022\\\/10\\\/14\\\/sistema-electrico\\\/#respond\"]}]},{\"@type\":\"WebPage\",\"@id\":\"https:\\\/\\\/saltoecologico.es\\\/index.php\\\/2022\\\/10\\\/14\\\/sistema-electrico\\\/\",\"url\":\"https:\\\/\\\/saltoecologico.es\\\/index.php\\\/2022\\\/10\\\/14\\\/sistema-electrico\\\/\",\"name\":\"Sistema el\u00e9ctrico - Salto Ecol\u00f3gico\",\"isPartOf\":{\"@id\":\"https:\\\/\\\/saltoecologico.es\\\/#website\"},\"primaryImageOfPage\":{\"@id\":\"https:\\\/\\\/saltoecologico.es\\\/index.php\\\/2022\\\/10\\\/14\\\/sistema-electrico\\\/#primaryimage\"},\"image\":{\"@id\":\"https:\\\/\\\/saltoecologico.es\\\/index.php\\\/2022\\\/10\\\/14\\\/sistema-electrico\\\/#primaryimage\"},\"thumbnailUrl\":\"https:\\\/\\\/saltoecologico.es\\\/wp-content\\\/uploads\\\/2025\\\/04\\\/Fosiles8.jpg\",\"datePublished\":\"2022-10-14T09:59:00+00:00\",\"dateModified\":\"2025-04-14T10:00:19+00:00\",\"breadcrumb\":{\"@id\":\"https:\\\/\\\/saltoecologico.es\\\/index.php\\\/2022\\\/10\\\/14\\\/sistema-electrico\\\/#breadcrumb\"},\"inLanguage\":\"es\",\"potentialAction\":[{\"@type\":\"ReadAction\",\"target\":[\"https:\\\/\\\/saltoecologico.es\\\/index.php\\\/2022\\\/10\\\/14\\\/sistema-electrico\\\/\"]}]},{\"@type\":\"ImageObject\",\"inLanguage\":\"es\",\"@id\":\"https:\\\/\\\/saltoecologico.es\\\/index.php\\\/2022\\\/10\\\/14\\\/sistema-electrico\\\/#primaryimage\",\"url\":\"https:\\\/\\\/saltoecologico.es\\\/wp-content\\\/uploads\\\/2025\\\/04\\\/Fosiles8.jpg\",\"contentUrl\":\"https:\\\/\\\/saltoecologico.es\\\/wp-content\\\/uploads\\\/2025\\\/04\\\/Fosiles8.jpg\",\"width\":1024,\"height\":683,\"caption\":\"Aerial view of coal power plant high pipes with black smokestack polluting atmosphere. Electricity production with fossil fuel concept.\"},{\"@type\":\"BreadcrumbList\",\"@id\":\"https:\\\/\\\/saltoecologico.es\\\/index.php\\\/2022\\\/10\\\/14\\\/sistema-electrico\\\/#breadcrumb\",\"itemListElement\":[{\"@type\":\"ListItem\",\"position\":1,\"name\":\"Portada\",\"item\":\"https:\\\/\\\/saltoecologico.es\\\/\"},{\"@type\":\"ListItem\",\"position\":2,\"name\":\"Sistema el\u00e9ctrico\"}]},{\"@type\":\"WebSite\",\"@id\":\"https:\\\/\\\/saltoecologico.es\\\/#website\",\"url\":\"https:\\\/\\\/saltoecologico.es\\\/\",\"name\":\"Salto Ecol\u00f3gico\",\"description\":\"\",\"publisher\":{\"@id\":\"https:\\\/\\\/saltoecologico.es\\\/#organization\"},\"potentialAction\":[{\"@type\":\"SearchAction\",\"target\":{\"@type\":\"EntryPoint\",\"urlTemplate\":\"https:\\\/\\\/saltoecologico.es\\\/?s={search_term_string}\"},\"query-input\":{\"@type\":\"PropertyValueSpecification\",\"valueRequired\":true,\"valueName\":\"search_term_string\"}}],\"inLanguage\":\"es\"},{\"@type\":\"Organization\",\"@id\":\"https:\\\/\\\/saltoecologico.es\\\/#organization\",\"name\":\"Salto a la Transici\u00f3n Ecol\u00f3gica\",\"url\":\"https:\\\/\\\/saltoecologico.es\\\/\",\"logo\":{\"@type\":\"ImageObject\",\"inLanguage\":\"es\",\"@id\":\"https:\\\/\\\/saltoecologico.es\\\/#\\\/schema\\\/logo\\\/image\\\/\",\"url\":\"https:\\\/\\\/saltoecologico.es\\\/wp-content\\\/uploads\\\/2025\\\/04\\\/Logo-STE.jpg\",\"contentUrl\":\"https:\\\/\\\/saltoecologico.es\\\/wp-content\\\/uploads\\\/2025\\\/04\\\/Logo-STE.jpg\",\"width\":435,\"height\":435,\"caption\":\"Salto a la Transici\u00f3n Ecol\u00f3gica\"},\"image\":{\"@id\":\"https:\\\/\\\/saltoecologico.es\\\/#\\\/schema\\\/logo\\\/image\\\/\"},\"sameAs\":[\"https:\\\/\\\/www.facebook.com\\\/Saltotransicionecologica\"]},{\"@type\":\"Person\",\"@id\":\"https:\\\/\\\/saltoecologico.es\\\/#\\\/schema\\\/person\\\/7175eec4b3c123d86c675313c3a01a0b\",\"name\":\"admin\",\"image\":{\"@type\":\"ImageObject\",\"inLanguage\":\"es\",\"@id\":\"https:\\\/\\\/secure.gravatar.com\\\/avatar\\\/4c215dc57bbc7b2f2f470ac9bd197f3f112636a584e575a732d0206a2d9c9806?s=96&d=mm&r=g\",\"url\":\"https:\\\/\\\/secure.gravatar.com\\\/avatar\\\/4c215dc57bbc7b2f2f470ac9bd197f3f112636a584e575a732d0206a2d9c9806?s=96&d=mm&r=g\",\"contentUrl\":\"https:\\\/\\\/secure.gravatar.com\\\/avatar\\\/4c215dc57bbc7b2f2f470ac9bd197f3f112636a584e575a732d0206a2d9c9806?s=96&d=mm&r=g\",\"caption\":\"admin\"},\"sameAs\":[\"https:\\\/\\\/saltoecologico.es\"],\"url\":\"https:\\\/\\\/saltoecologico.es\\\/index.php\\\/author\\\/saltoecologico\\\/\"}]}<\/script>\n<!-- \/ Yoast SEO plugin. -->","yoast_head_json":{"title":"Sistema el\u00e9ctrico - Salto Ecol\u00f3gico","robots":{"index":"index","follow":"follow","max-snippet":"max-snippet:-1","max-image-preview":"max-image-preview:large","max-video-preview":"max-video-preview:-1"},"canonical":"https:\/\/saltoecologico.es\/index.php\/2022\/10\/14\/sistema-electrico\/","og_locale":"es_ES","og_type":"article","og_title":"Sistema el\u00e9ctrico - Salto Ecol\u00f3gico","og_description":"PROBLEMAS DEL SISTEMA EL\u00c9CTRICO DE CANARIAS. INTRODUCCI\u00d3N El sector el\u00e9ctrico y su eficiencia es uno de los mayores retos que se tiene que plantear una sociedad madura y desarrollada puesto que en la mayor\u00eda de ocasiones, la soluci\u00f3n no pasa por tener m\u00e1s o menos recursos, sino por gestionar de manera m\u00e1s eficiente los ya [&hellip;]","og_url":"https:\/\/saltoecologico.es\/index.php\/2022\/10\/14\/sistema-electrico\/","og_site_name":"Salto Ecol\u00f3gico","article_publisher":"https:\/\/www.facebook.com\/Saltotransicionecologica","article_published_time":"2022-10-14T09:59:00+00:00","article_modified_time":"2025-04-14T10:00:19+00:00","og_image":[{"width":1024,"height":683,"url":"https:\/\/saltoecologico.es\/wp-content\/uploads\/2025\/04\/Fosiles8.jpg","type":"image\/jpeg"}],"author":"admin","twitter_card":"summary_large_image","twitter_misc":{"Escrito por":"admin","Tiempo de lectura":"4 minutos"},"schema":{"@context":"https:\/\/schema.org","@graph":[{"@type":"Article","@id":"https:\/\/saltoecologico.es\/index.php\/2022\/10\/14\/sistema-electrico\/#article","isPartOf":{"@id":"https:\/\/saltoecologico.es\/index.php\/2022\/10\/14\/sistema-electrico\/"},"author":{"name":"admin","@id":"https:\/\/saltoecologico.es\/#\/schema\/person\/7175eec4b3c123d86c675313c3a01a0b"},"headline":"Sistema el\u00e9ctrico","datePublished":"2022-10-14T09:59:00+00:00","dateModified":"2025-04-14T10:00:19+00:00","mainEntityOfPage":{"@id":"https:\/\/saltoecologico.es\/index.php\/2022\/10\/14\/sistema-electrico\/"},"wordCount":889,"commentCount":0,"publisher":{"@id":"https:\/\/saltoecologico.es\/#organization"},"image":{"@id":"https:\/\/saltoecologico.es\/index.php\/2022\/10\/14\/sistema-electrico\/#primaryimage"},"thumbnailUrl":"https:\/\/saltoecologico.es\/wp-content\/uploads\/2025\/04\/Fosiles8.jpg","articleSection":["Sistema el\u00e9ctrico"],"inLanguage":"es","potentialAction":[{"@type":"CommentAction","name":"Comment","target":["https:\/\/saltoecologico.es\/index.php\/2022\/10\/14\/sistema-electrico\/#respond"]}]},{"@type":"WebPage","@id":"https:\/\/saltoecologico.es\/index.php\/2022\/10\/14\/sistema-electrico\/","url":"https:\/\/saltoecologico.es\/index.php\/2022\/10\/14\/sistema-electrico\/","name":"Sistema el\u00e9ctrico - Salto Ecol\u00f3gico","isPartOf":{"@id":"https:\/\/saltoecologico.es\/#website"},"primaryImageOfPage":{"@id":"https:\/\/saltoecologico.es\/index.php\/2022\/10\/14\/sistema-electrico\/#primaryimage"},"image":{"@id":"https:\/\/saltoecologico.es\/index.php\/2022\/10\/14\/sistema-electrico\/#primaryimage"},"thumbnailUrl":"https:\/\/saltoecologico.es\/wp-content\/uploads\/2025\/04\/Fosiles8.jpg","datePublished":"2022-10-14T09:59:00+00:00","dateModified":"2025-04-14T10:00:19+00:00","breadcrumb":{"@id":"https:\/\/saltoecologico.es\/index.php\/2022\/10\/14\/sistema-electrico\/#breadcrumb"},"inLanguage":"es","potentialAction":[{"@type":"ReadAction","target":["https:\/\/saltoecologico.es\/index.php\/2022\/10\/14\/sistema-electrico\/"]}]},{"@type":"ImageObject","inLanguage":"es","@id":"https:\/\/saltoecologico.es\/index.php\/2022\/10\/14\/sistema-electrico\/#primaryimage","url":"https:\/\/saltoecologico.es\/wp-content\/uploads\/2025\/04\/Fosiles8.jpg","contentUrl":"https:\/\/saltoecologico.es\/wp-content\/uploads\/2025\/04\/Fosiles8.jpg","width":1024,"height":683,"caption":"Aerial view of coal power plant high pipes with black smokestack polluting atmosphere. Electricity production with fossil fuel concept."},{"@type":"BreadcrumbList","@id":"https:\/\/saltoecologico.es\/index.php\/2022\/10\/14\/sistema-electrico\/#breadcrumb","itemListElement":[{"@type":"ListItem","position":1,"name":"Portada","item":"https:\/\/saltoecologico.es\/"},{"@type":"ListItem","position":2,"name":"Sistema el\u00e9ctrico"}]},{"@type":"WebSite","@id":"https:\/\/saltoecologico.es\/#website","url":"https:\/\/saltoecologico.es\/","name":"Salto Ecol\u00f3gico","description":"","publisher":{"@id":"https:\/\/saltoecologico.es\/#organization"},"potentialAction":[{"@type":"SearchAction","target":{"@type":"EntryPoint","urlTemplate":"https:\/\/saltoecologico.es\/?s={search_term_string}"},"query-input":{"@type":"PropertyValueSpecification","valueRequired":true,"valueName":"search_term_string"}}],"inLanguage":"es"},{"@type":"Organization","@id":"https:\/\/saltoecologico.es\/#organization","name":"Salto a la Transici\u00f3n Ecol\u00f3gica","url":"https:\/\/saltoecologico.es\/","logo":{"@type":"ImageObject","inLanguage":"es","@id":"https:\/\/saltoecologico.es\/#\/schema\/logo\/image\/","url":"https:\/\/saltoecologico.es\/wp-content\/uploads\/2025\/04\/Logo-STE.jpg","contentUrl":"https:\/\/saltoecologico.es\/wp-content\/uploads\/2025\/04\/Logo-STE.jpg","width":435,"height":435,"caption":"Salto a la Transici\u00f3n Ecol\u00f3gica"},"image":{"@id":"https:\/\/saltoecologico.es\/#\/schema\/logo\/image\/"},"sameAs":["https:\/\/www.facebook.com\/Saltotransicionecologica"]},{"@type":"Person","@id":"https:\/\/saltoecologico.es\/#\/schema\/person\/7175eec4b3c123d86c675313c3a01a0b","name":"admin","image":{"@type":"ImageObject","inLanguage":"es","@id":"https:\/\/secure.gravatar.com\/avatar\/4c215dc57bbc7b2f2f470ac9bd197f3f112636a584e575a732d0206a2d9c9806?s=96&d=mm&r=g","url":"https:\/\/secure.gravatar.com\/avatar\/4c215dc57bbc7b2f2f470ac9bd197f3f112636a584e575a732d0206a2d9c9806?s=96&d=mm&r=g","contentUrl":"https:\/\/secure.gravatar.com\/avatar\/4c215dc57bbc7b2f2f470ac9bd197f3f112636a584e575a732d0206a2d9c9806?s=96&d=mm&r=g","caption":"admin"},"sameAs":["https:\/\/saltoecologico.es"],"url":"https:\/\/saltoecologico.es\/index.php\/author\/saltoecologico\/"}]}},"_links":{"self":[{"href":"https:\/\/saltoecologico.es\/index.php\/wp-json\/wp\/v2\/posts\/507","targetHints":{"allow":["GET"]}}],"collection":[{"href":"https:\/\/saltoecologico.es\/index.php\/wp-json\/wp\/v2\/posts"}],"about":[{"href":"https:\/\/saltoecologico.es\/index.php\/wp-json\/wp\/v2\/types\/post"}],"author":[{"embeddable":true,"href":"https:\/\/saltoecologico.es\/index.php\/wp-json\/wp\/v2\/users\/1"}],"replies":[{"embeddable":true,"href":"https:\/\/saltoecologico.es\/index.php\/wp-json\/wp\/v2\/comments?post=507"}],"version-history":[{"count":1,"href":"https:\/\/saltoecologico.es\/index.php\/wp-json\/wp\/v2\/posts\/507\/revisions"}],"predecessor-version":[{"id":509,"href":"https:\/\/saltoecologico.es\/index.php\/wp-json\/wp\/v2\/posts\/507\/revisions\/509"}],"wp:featuredmedia":[{"embeddable":true,"href":"https:\/\/saltoecologico.es\/index.php\/wp-json\/wp\/v2\/media\/508"}],"wp:attachment":[{"href":"https:\/\/saltoecologico.es\/index.php\/wp-json\/wp\/v2\/media?parent=507"}],"wp:term":[{"taxonomy":"category","embeddable":true,"href":"https:\/\/saltoecologico.es\/index.php\/wp-json\/wp\/v2\/categories?post=507"},{"taxonomy":"post_tag","embeddable":true,"href":"https:\/\/saltoecologico.es\/index.php\/wp-json\/wp\/v2\/tags?post=507"}],"curies":[{"name":"wp","href":"https:\/\/api.w.org\/{rel}","templated":true}]}}