{"id":510,"date":"2022-10-12T10:01:00","date_gmt":"2022-10-12T10:01:00","guid":{"rendered":"https:\/\/saltoecologico.es\/?p=510"},"modified":"2025-04-14T10:02:47","modified_gmt":"2025-04-14T10:02:47","slug":"desencanto","status":"publish","type":"post","link":"https:\/\/saltoecologico.es\/index.php\/2022\/10\/12\/desencanto\/","title":{"rendered":"Desencanto"},"content":{"rendered":"\n<p class=\"wp-block-paragraph\">Recientemente se ha producido un echo inusitado por lo llamativo, en el seno del Gobierno de Canarias, donde dos consejer\u00edas se enfrentan por una cuesti\u00f3n de un tercero, que tiene vital importancia para el conjunto de los canarios en general y de los ciudadanos de Las Palmas de Gran Canaria en particular. Hablamos de la llegada del gas a Canarias y en concreto, de la instalaci\u00f3n de la empresa TOTISA Holding S.A. en el puerto de la luz, que incluir\u00e1 dep\u00f3sitos de GNL (gas natural licuado), as\u00ed como cuatro motores de gas natural, para la producci\u00f3n de energ\u00eda el\u00e9ctrica, con una potencia instalada de 70 MW.<\/p>\n\n\n\n<p class=\"wp-block-paragraph\">Por un lado tenemos a la Viceconsejer\u00eda de Lucha Contra el Cambio Clim\u00e1tico y Transici\u00f3n Ecol\u00f3gica, que tiende una alfombra roja a la empresa TOTISA, que con la informaci\u00f3n inicial aportada por esta empresa, concluye que es una actividad carente de efectos adversos significativos sobre el medio ambiente, y por consiguiente, sometido a un procedimiento de autorizaci\u00f3n ambiental SIMPLIFICADA y no a uno de evaluaci\u00f3n de impacto ambiental ordinaria (decir que esta calificaci\u00f3n reduce enormemente los plazos y los tr\u00e1mites a realizar).<\/p>\n\n\n\n<p class=\"wp-block-paragraph\">El 20 de julio de 2022 se requiere a la Direcci\u00f3n General de Salud P\u00fablica del Servicio Canario de Salud, la emisi\u00f3n de un informe sanitario referido al proyecto de TOTISA, remiti\u00e9ndole la informaci\u00f3n aportada por esta.<\/p>\n\n\n\n<p class=\"wp-block-paragraph\">El 16 de agosto de 2022, la Direcci\u00f3n General de Salud P\u00fablica, informa desfavorablemente el proyecto presentado, en un informe sanitario motivado, ante la falta de informaci\u00f3n precisa aportada por el promotor en el documento ambiental, la naturaleza, complejidad, ubicaci\u00f3n y dimensi\u00f3n del proyecto. Bajo estas mismas premisas, se estima que el proyecto deber\u00eda someterse al procedimiento de evaluaci\u00f3n ambiental ORDINARIA. En este informe hay un p\u00e1rrafo destacado en negritas que es demoledor: \u201cLa calidad del aire, junto al riesgo de accidente, incendio y explosi\u00f3n, por sus consecuencias catastr\u00f3ficas, son los de mayor peso para la salud p\u00fablica por la proximidad de la poblaci\u00f3n\u201d.<\/p>\n\n\n\n<p class=\"wp-block-paragraph\">Ante esto, de nuevo la Viceconsejer\u00eda de Lucha Contra el Cambio Clim\u00e1tico y Transici\u00f3n Ecol\u00f3gica, vuelve a mostrar su predisposici\u00f3n, al darle un plazo de un mes para que la empresa haga sus alegaciones, pero cuando estas llegan, tan solo le da cinco d\u00edas a Salud P\u00fablica para que emita un nuevo informe. A pesar de esta deslealtad institucional, se responde en tiempo y forma de manera contundente: \u201cEn consecuencia, ante la ausencia de alegaciones fundamentadas t\u00e9cnicamente por el promotor sobre el contenido del informe sanitario emitido el pasado 16\/08\/2022, la Direcci\u00f3n General de Salud P\u00fablica en el plazo de (5) d\u00edas requerido, se ratifica en el contenido del mismo, e informa motivadamente, que el referido proyecto en la ubicaci\u00f3n propuesta, supondr\u00e1 un impacto local permanente para la ciudad con efectos negativos para la salud de la poblaci\u00f3n de la ciudad de Las Palmas de Gran Canaria\u201d.<\/p>\n\n\n\n<p class=\"wp-block-paragraph\">Como comprender\u00e1 el lector, desde Salto a la Transici\u00f3n Ecol\u00f3gica no hemos quedado de piedra, cuando despu\u00e9s de aplaudir la publicaci\u00f3n de las estrategias para la descarbonizaci\u00f3n de Canarias en el 2040, precisamente por la Consejer\u00eda del se\u00f1or Valbuena y en las que no se menciona, por innecesario, el gas por ning\u00fan lado, nos encontramos con una actitud connivente con una empresa privada, en contra de los intereses de los ciudadanos y desdici\u00e9ndose de la apuesta elaborada y que se ha publicado a los cuatro vientos. Pero a\u00f1adiendo m\u00e1s le\u00f1a al fuego, nos encontramos con que el autor de esas estrategias, l\u00e9ase el Instituto Tecnol\u00f3gico de Canarias, aparece en el informe, en la parte de la documentaci\u00f3n aportada por la empresa como autor de: \u201cUn an\u00e1lisis DE PARTE realizado por el Instituto Tecnol\u00f3gico de Canarias del impacto de la central el\u00e9ctrica TOTISA en el sistema el\u00e9ctrico de Gran Canaria\u201d.<\/p>\n\n\n\n<p class=\"wp-block-paragraph\">Todo parece indicar que tenemos al lobo cuidando de las ovejas, dado que nadie puede negar que el gas natural es un combustible f\u00f3sil, que contamina de una manera importante y que es nocivo para ser instalado en las inmediaciones de lugares fuertemente habitados y ante esto, todo un viceconsejero de Lucha Contra el Cambio Clim\u00e1tico y Transici\u00f3n Ecol\u00f3gica, incurra en el desprestigio personal de ir contra las evidencias cient\u00edficas, y declare una instalaci\u00f3n de ese calibre \u201cUna actividad carente de efectos adversos significativos sobre el medio ambiente, y por consiguiente, sometido a un procedimiento de autorizaci\u00f3n ambiental SIMPLIFICADA\u201d, es directamente de juzgado de guardia.<\/p>\n\n\n\n<p class=\"wp-block-paragraph\">Mucho nos tememos que volvemos a estar ante una operaci\u00f3n pol\u00edtica en que los actores de turno no dudan en vendernos una cosa para engrandecer su imagen, pero sin embargo cuando hay otros intereses menos claros por medio, arriman su sardina a las ascuas que m\u00e1s llama tienen.<\/p>\n\n\n\n<p class=\"wp-block-paragraph\">Al menos nos quedamos con el buen hacer de los integrantes de la Direcci\u00f3n General de Salud P\u00fablica, que han sabido mantener el tipo y poner por delante de otras consideraciones, el bienestar de la ciudadan\u00eda, el inter\u00e9s p\u00fablico y su profesionalidad, que ha quedado marcada de manera indeleble.<\/p>\n","protected":false},"excerpt":{"rendered":"<p>Recientemente se ha producido un echo inusitado por lo llamativo, en el seno del Gobierno de Canarias, donde dos consejer\u00edas se enfrentan por una cuesti\u00f3n de un tercero, que tiene vital importancia para el conjunto de los canarios en general y de los ciudadanos de Las Palmas de Gran Canaria en particular. Hablamos de la [&hellip;]<\/p>\n","protected":false},"author":1,"featured_media":511,"comment_status":"open","ping_status":"open","sticky":false,"template":"","format":"standard","meta":{"footnotes":""},"categories":[49,33],"tags":[],"class_list":["post-510","post","type-post","status-publish","format-standard","has-post-thumbnail","category-g_totisa","category-gnl"],"yoast_head":"<!-- This site is optimized with the Yoast SEO plugin v28.2 - https:\/\/yoast.com\/product\/yoast-seo-wordpress\/ -->\n<title>Desencanto - Salto Ecol\u00f3gico<\/title>\n<meta name=\"robots\" content=\"index, follow, max-snippet:-1, max-image-preview:large, max-video-preview:-1\" \/>\n<link rel=\"canonical\" href=\"https:\/\/saltoecologico.es\/index.php\/2022\/10\/12\/desencanto\/\" \/>\n<meta property=\"og:locale\" content=\"es_ES\" \/>\n<meta property=\"og:type\" content=\"article\" \/>\n<meta property=\"og:title\" content=\"Desencanto - Salto Ecol\u00f3gico\" \/>\n<meta property=\"og:description\" content=\"Recientemente se ha producido un echo inusitado por lo llamativo, en el seno del Gobierno de Canarias, donde dos consejer\u00edas se enfrentan por una cuesti\u00f3n de un tercero, que tiene vital importancia para el conjunto de los canarios en general y de los ciudadanos de Las Palmas de Gran Canaria en particular. Hablamos de la [&hellip;]\" \/>\n<meta property=\"og:url\" content=\"https:\/\/saltoecologico.es\/index.php\/2022\/10\/12\/desencanto\/\" \/>\n<meta property=\"og:site_name\" content=\"Salto Ecol\u00f3gico\" \/>\n<meta property=\"article:publisher\" content=\"https:\/\/www.facebook.com\/Saltotransicionecologica\" \/>\n<meta property=\"article:published_time\" content=\"2022-10-12T10:01:00+00:00\" \/>\n<meta property=\"article:modified_time\" content=\"2025-04-14T10:02:47+00:00\" \/>\n<meta property=\"og:image\" content=\"https:\/\/saltoecologico.es\/wp-content\/uploads\/2025\/04\/GNL7.jpg\" \/>\n\t<meta property=\"og:image:width\" content=\"1024\" \/>\n\t<meta property=\"og:image:height\" content=\"576\" \/>\n\t<meta property=\"og:image:type\" content=\"image\/jpeg\" \/>\n<meta name=\"author\" content=\"admin\" \/>\n<meta name=\"twitter:card\" content=\"summary_large_image\" \/>\n<meta name=\"twitter:label1\" content=\"Escrito por\" \/>\n\t<meta name=\"twitter:data1\" content=\"admin\" \/>\n\t<meta name=\"twitter:label2\" content=\"Tiempo de lectura\" \/>\n\t<meta name=\"twitter:data2\" content=\"4 minutos\" \/>\n<script type=\"application\/ld+json\" class=\"yoast-schema-graph\">{\"@context\":\"https:\\\/\\\/schema.org\",\"@graph\":[{\"@type\":\"Article\",\"@id\":\"https:\\\/\\\/saltoecologico.es\\\/index.php\\\/2022\\\/10\\\/12\\\/desencanto\\\/#article\",\"isPartOf\":{\"@id\":\"https:\\\/\\\/saltoecologico.es\\\/index.php\\\/2022\\\/10\\\/12\\\/desencanto\\\/\"},\"author\":{\"name\":\"admin\",\"@id\":\"https:\\\/\\\/saltoecologico.es\\\/#\\\/schema\\\/person\\\/7175eec4b3c123d86c675313c3a01a0b\"},\"headline\":\"Desencanto\",\"datePublished\":\"2022-10-12T10:01:00+00:00\",\"dateModified\":\"2025-04-14T10:02:47+00:00\",\"mainEntityOfPage\":{\"@id\":\"https:\\\/\\\/saltoecologico.es\\\/index.php\\\/2022\\\/10\\\/12\\\/desencanto\\\/\"},\"wordCount\":901,\"commentCount\":0,\"publisher\":{\"@id\":\"https:\\\/\\\/saltoecologico.es\\\/#organization\"},\"image\":{\"@id\":\"https:\\\/\\\/saltoecologico.es\\\/index.php\\\/2022\\\/10\\\/12\\\/desencanto\\\/#primaryimage\"},\"thumbnailUrl\":\"https:\\\/\\\/saltoecologico.es\\\/wp-content\\\/uploads\\\/2025\\\/04\\\/GNL7.jpg\",\"articleSection\":[\"G_Totisa\",\"GNL\"],\"inLanguage\":\"es\",\"potentialAction\":[{\"@type\":\"CommentAction\",\"name\":\"Comment\",\"target\":[\"https:\\\/\\\/saltoecologico.es\\\/index.php\\\/2022\\\/10\\\/12\\\/desencanto\\\/#respond\"]}]},{\"@type\":\"WebPage\",\"@id\":\"https:\\\/\\\/saltoecologico.es\\\/index.php\\\/2022\\\/10\\\/12\\\/desencanto\\\/\",\"url\":\"https:\\\/\\\/saltoecologico.es\\\/index.php\\\/2022\\\/10\\\/12\\\/desencanto\\\/\",\"name\":\"Desencanto - Salto Ecol\u00f3gico\",\"isPartOf\":{\"@id\":\"https:\\\/\\\/saltoecologico.es\\\/#website\"},\"primaryImageOfPage\":{\"@id\":\"https:\\\/\\\/saltoecologico.es\\\/index.php\\\/2022\\\/10\\\/12\\\/desencanto\\\/#primaryimage\"},\"image\":{\"@id\":\"https:\\\/\\\/saltoecologico.es\\\/index.php\\\/2022\\\/10\\\/12\\\/desencanto\\\/#primaryimage\"},\"thumbnailUrl\":\"https:\\\/\\\/saltoecologico.es\\\/wp-content\\\/uploads\\\/2025\\\/04\\\/GNL7.jpg\",\"datePublished\":\"2022-10-12T10:01:00+00:00\",\"dateModified\":\"2025-04-14T10:02:47+00:00\",\"breadcrumb\":{\"@id\":\"https:\\\/\\\/saltoecologico.es\\\/index.php\\\/2022\\\/10\\\/12\\\/desencanto\\\/#breadcrumb\"},\"inLanguage\":\"es\",\"potentialAction\":[{\"@type\":\"ReadAction\",\"target\":[\"https:\\\/\\\/saltoecologico.es\\\/index.php\\\/2022\\\/10\\\/12\\\/desencanto\\\/\"]}]},{\"@type\":\"ImageObject\",\"inLanguage\":\"es\",\"@id\":\"https:\\\/\\\/saltoecologico.es\\\/index.php\\\/2022\\\/10\\\/12\\\/desencanto\\\/#primaryimage\",\"url\":\"https:\\\/\\\/saltoecologico.es\\\/wp-content\\\/uploads\\\/2025\\\/04\\\/GNL7.jpg\",\"contentUrl\":\"https:\\\/\\\/saltoecologico.es\\\/wp-content\\\/uploads\\\/2025\\\/04\\\/GNL7.jpg\",\"width\":1024,\"height\":576,\"caption\":\"LNG (Liquified Natural Gas) tanker anchored in Gas terminal gas tanks for storage. Oil Crude Gas Tanker Ship. LPG at Tanker Bay Petroleum Chemical or Methane freighter export import transportation\"},{\"@type\":\"BreadcrumbList\",\"@id\":\"https:\\\/\\\/saltoecologico.es\\\/index.php\\\/2022\\\/10\\\/12\\\/desencanto\\\/#breadcrumb\",\"itemListElement\":[{\"@type\":\"ListItem\",\"position\":1,\"name\":\"Portada\",\"item\":\"https:\\\/\\\/saltoecologico.es\\\/\"},{\"@type\":\"ListItem\",\"position\":2,\"name\":\"Desencanto\"}]},{\"@type\":\"WebSite\",\"@id\":\"https:\\\/\\\/saltoecologico.es\\\/#website\",\"url\":\"https:\\\/\\\/saltoecologico.es\\\/\",\"name\":\"Salto Ecol\u00f3gico\",\"description\":\"\",\"publisher\":{\"@id\":\"https:\\\/\\\/saltoecologico.es\\\/#organization\"},\"potentialAction\":[{\"@type\":\"SearchAction\",\"target\":{\"@type\":\"EntryPoint\",\"urlTemplate\":\"https:\\\/\\\/saltoecologico.es\\\/?s={search_term_string}\"},\"query-input\":{\"@type\":\"PropertyValueSpecification\",\"valueRequired\":true,\"valueName\":\"search_term_string\"}}],\"inLanguage\":\"es\"},{\"@type\":\"Organization\",\"@id\":\"https:\\\/\\\/saltoecologico.es\\\/#organization\",\"name\":\"Salto a la Transici\u00f3n Ecol\u00f3gica\",\"url\":\"https:\\\/\\\/saltoecologico.es\\\/\",\"logo\":{\"@type\":\"ImageObject\",\"inLanguage\":\"es\",\"@id\":\"https:\\\/\\\/saltoecologico.es\\\/#\\\/schema\\\/logo\\\/image\\\/\",\"url\":\"https:\\\/\\\/saltoecologico.es\\\/wp-content\\\/uploads\\\/2025\\\/04\\\/Logo-STE.jpg\",\"contentUrl\":\"https:\\\/\\\/saltoecologico.es\\\/wp-content\\\/uploads\\\/2025\\\/04\\\/Logo-STE.jpg\",\"width\":435,\"height\":435,\"caption\":\"Salto a la Transici\u00f3n Ecol\u00f3gica\"},\"image\":{\"@id\":\"https:\\\/\\\/saltoecologico.es\\\/#\\\/schema\\\/logo\\\/image\\\/\"},\"sameAs\":[\"https:\\\/\\\/www.facebook.com\\\/Saltotransicionecologica\"]},{\"@type\":\"Person\",\"@id\":\"https:\\\/\\\/saltoecologico.es\\\/#\\\/schema\\\/person\\\/7175eec4b3c123d86c675313c3a01a0b\",\"name\":\"admin\",\"image\":{\"@type\":\"ImageObject\",\"inLanguage\":\"es\",\"@id\":\"https:\\\/\\\/secure.gravatar.com\\\/avatar\\\/4c215dc57bbc7b2f2f470ac9bd197f3f112636a584e575a732d0206a2d9c9806?s=96&d=mm&r=g\",\"url\":\"https:\\\/\\\/secure.gravatar.com\\\/avatar\\\/4c215dc57bbc7b2f2f470ac9bd197f3f112636a584e575a732d0206a2d9c9806?s=96&d=mm&r=g\",\"contentUrl\":\"https:\\\/\\\/secure.gravatar.com\\\/avatar\\\/4c215dc57bbc7b2f2f470ac9bd197f3f112636a584e575a732d0206a2d9c9806?s=96&d=mm&r=g\",\"caption\":\"admin\"},\"sameAs\":[\"https:\\\/\\\/saltoecologico.es\"],\"url\":\"https:\\\/\\\/saltoecologico.es\\\/index.php\\\/author\\\/saltoecologico\\\/\"}]}<\/script>\n<!-- \/ Yoast SEO plugin. -->","yoast_head_json":{"title":"Desencanto - Salto Ecol\u00f3gico","robots":{"index":"index","follow":"follow","max-snippet":"max-snippet:-1","max-image-preview":"max-image-preview:large","max-video-preview":"max-video-preview:-1"},"canonical":"https:\/\/saltoecologico.es\/index.php\/2022\/10\/12\/desencanto\/","og_locale":"es_ES","og_type":"article","og_title":"Desencanto - Salto Ecol\u00f3gico","og_description":"Recientemente se ha producido un echo inusitado por lo llamativo, en el seno del Gobierno de Canarias, donde dos consejer\u00edas se enfrentan por una cuesti\u00f3n de un tercero, que tiene vital importancia para el conjunto de los canarios en general y de los ciudadanos de Las Palmas de Gran Canaria en particular. Hablamos de la [&hellip;]","og_url":"https:\/\/saltoecologico.es\/index.php\/2022\/10\/12\/desencanto\/","og_site_name":"Salto Ecol\u00f3gico","article_publisher":"https:\/\/www.facebook.com\/Saltotransicionecologica","article_published_time":"2022-10-12T10:01:00+00:00","article_modified_time":"2025-04-14T10:02:47+00:00","og_image":[{"width":1024,"height":576,"url":"https:\/\/saltoecologico.es\/wp-content\/uploads\/2025\/04\/GNL7.jpg","type":"image\/jpeg"}],"author":"admin","twitter_card":"summary_large_image","twitter_misc":{"Escrito por":"admin","Tiempo de lectura":"4 minutos"},"schema":{"@context":"https:\/\/schema.org","@graph":[{"@type":"Article","@id":"https:\/\/saltoecologico.es\/index.php\/2022\/10\/12\/desencanto\/#article","isPartOf":{"@id":"https:\/\/saltoecologico.es\/index.php\/2022\/10\/12\/desencanto\/"},"author":{"name":"admin","@id":"https:\/\/saltoecologico.es\/#\/schema\/person\/7175eec4b3c123d86c675313c3a01a0b"},"headline":"Desencanto","datePublished":"2022-10-12T10:01:00+00:00","dateModified":"2025-04-14T10:02:47+00:00","mainEntityOfPage":{"@id":"https:\/\/saltoecologico.es\/index.php\/2022\/10\/12\/desencanto\/"},"wordCount":901,"commentCount":0,"publisher":{"@id":"https:\/\/saltoecologico.es\/#organization"},"image":{"@id":"https:\/\/saltoecologico.es\/index.php\/2022\/10\/12\/desencanto\/#primaryimage"},"thumbnailUrl":"https:\/\/saltoecologico.es\/wp-content\/uploads\/2025\/04\/GNL7.jpg","articleSection":["G_Totisa","GNL"],"inLanguage":"es","potentialAction":[{"@type":"CommentAction","name":"Comment","target":["https:\/\/saltoecologico.es\/index.php\/2022\/10\/12\/desencanto\/#respond"]}]},{"@type":"WebPage","@id":"https:\/\/saltoecologico.es\/index.php\/2022\/10\/12\/desencanto\/","url":"https:\/\/saltoecologico.es\/index.php\/2022\/10\/12\/desencanto\/","name":"Desencanto - Salto Ecol\u00f3gico","isPartOf":{"@id":"https:\/\/saltoecologico.es\/#website"},"primaryImageOfPage":{"@id":"https:\/\/saltoecologico.es\/index.php\/2022\/10\/12\/desencanto\/#primaryimage"},"image":{"@id":"https:\/\/saltoecologico.es\/index.php\/2022\/10\/12\/desencanto\/#primaryimage"},"thumbnailUrl":"https:\/\/saltoecologico.es\/wp-content\/uploads\/2025\/04\/GNL7.jpg","datePublished":"2022-10-12T10:01:00+00:00","dateModified":"2025-04-14T10:02:47+00:00","breadcrumb":{"@id":"https:\/\/saltoecologico.es\/index.php\/2022\/10\/12\/desencanto\/#breadcrumb"},"inLanguage":"es","potentialAction":[{"@type":"ReadAction","target":["https:\/\/saltoecologico.es\/index.php\/2022\/10\/12\/desencanto\/"]}]},{"@type":"ImageObject","inLanguage":"es","@id":"https:\/\/saltoecologico.es\/index.php\/2022\/10\/12\/desencanto\/#primaryimage","url":"https:\/\/saltoecologico.es\/wp-content\/uploads\/2025\/04\/GNL7.jpg","contentUrl":"https:\/\/saltoecologico.es\/wp-content\/uploads\/2025\/04\/GNL7.jpg","width":1024,"height":576,"caption":"LNG (Liquified Natural Gas) tanker anchored in Gas terminal gas tanks for storage. Oil Crude Gas Tanker Ship. LPG at Tanker Bay Petroleum Chemical or Methane freighter export import transportation"},{"@type":"BreadcrumbList","@id":"https:\/\/saltoecologico.es\/index.php\/2022\/10\/12\/desencanto\/#breadcrumb","itemListElement":[{"@type":"ListItem","position":1,"name":"Portada","item":"https:\/\/saltoecologico.es\/"},{"@type":"ListItem","position":2,"name":"Desencanto"}]},{"@type":"WebSite","@id":"https:\/\/saltoecologico.es\/#website","url":"https:\/\/saltoecologico.es\/","name":"Salto Ecol\u00f3gico","description":"","publisher":{"@id":"https:\/\/saltoecologico.es\/#organization"},"potentialAction":[{"@type":"SearchAction","target":{"@type":"EntryPoint","urlTemplate":"https:\/\/saltoecologico.es\/?s={search_term_string}"},"query-input":{"@type":"PropertyValueSpecification","valueRequired":true,"valueName":"search_term_string"}}],"inLanguage":"es"},{"@type":"Organization","@id":"https:\/\/saltoecologico.es\/#organization","name":"Salto a la Transici\u00f3n Ecol\u00f3gica","url":"https:\/\/saltoecologico.es\/","logo":{"@type":"ImageObject","inLanguage":"es","@id":"https:\/\/saltoecologico.es\/#\/schema\/logo\/image\/","url":"https:\/\/saltoecologico.es\/wp-content\/uploads\/2025\/04\/Logo-STE.jpg","contentUrl":"https:\/\/saltoecologico.es\/wp-content\/uploads\/2025\/04\/Logo-STE.jpg","width":435,"height":435,"caption":"Salto a la Transici\u00f3n Ecol\u00f3gica"},"image":{"@id":"https:\/\/saltoecologico.es\/#\/schema\/logo\/image\/"},"sameAs":["https:\/\/www.facebook.com\/Saltotransicionecologica"]},{"@type":"Person","@id":"https:\/\/saltoecologico.es\/#\/schema\/person\/7175eec4b3c123d86c675313c3a01a0b","name":"admin","image":{"@type":"ImageObject","inLanguage":"es","@id":"https:\/\/secure.gravatar.com\/avatar\/4c215dc57bbc7b2f2f470ac9bd197f3f112636a584e575a732d0206a2d9c9806?s=96&d=mm&r=g","url":"https:\/\/secure.gravatar.com\/avatar\/4c215dc57bbc7b2f2f470ac9bd197f3f112636a584e575a732d0206a2d9c9806?s=96&d=mm&r=g","contentUrl":"https:\/\/secure.gravatar.com\/avatar\/4c215dc57bbc7b2f2f470ac9bd197f3f112636a584e575a732d0206a2d9c9806?s=96&d=mm&r=g","caption":"admin"},"sameAs":["https:\/\/saltoecologico.es"],"url":"https:\/\/saltoecologico.es\/index.php\/author\/saltoecologico\/"}]}},"_links":{"self":[{"href":"https:\/\/saltoecologico.es\/index.php\/wp-json\/wp\/v2\/posts\/510","targetHints":{"allow":["GET"]}}],"collection":[{"href":"https:\/\/saltoecologico.es\/index.php\/wp-json\/wp\/v2\/posts"}],"about":[{"href":"https:\/\/saltoecologico.es\/index.php\/wp-json\/wp\/v2\/types\/post"}],"author":[{"embeddable":true,"href":"https:\/\/saltoecologico.es\/index.php\/wp-json\/wp\/v2\/users\/1"}],"replies":[{"embeddable":true,"href":"https:\/\/saltoecologico.es\/index.php\/wp-json\/wp\/v2\/comments?post=510"}],"version-history":[{"count":1,"href":"https:\/\/saltoecologico.es\/index.php\/wp-json\/wp\/v2\/posts\/510\/revisions"}],"predecessor-version":[{"id":512,"href":"https:\/\/saltoecologico.es\/index.php\/wp-json\/wp\/v2\/posts\/510\/revisions\/512"}],"wp:featuredmedia":[{"embeddable":true,"href":"https:\/\/saltoecologico.es\/index.php\/wp-json\/wp\/v2\/media\/511"}],"wp:attachment":[{"href":"https:\/\/saltoecologico.es\/index.php\/wp-json\/wp\/v2\/media?parent=510"}],"wp:term":[{"taxonomy":"category","embeddable":true,"href":"https:\/\/saltoecologico.es\/index.php\/wp-json\/wp\/v2\/categories?post=510"},{"taxonomy":"post_tag","embeddable":true,"href":"https:\/\/saltoecologico.es\/index.php\/wp-json\/wp\/v2\/tags?post=510"}],"curies":[{"name":"wp","href":"https:\/\/api.w.org\/{rel}","templated":true}]}}