{"id":513,"date":"2022-11-07T10:09:00","date_gmt":"2022-11-07T10:09:00","guid":{"rendered":"https:\/\/saltoecologico.es\/?p=513"},"modified":"2025-04-14T10:12:11","modified_gmt":"2025-04-14T10:12:11","slug":"todos-o-ninguno","status":"publish","type":"post","link":"https:\/\/saltoecologico.es\/index.php\/2022\/11\/07\/todos-o-ninguno\/","title":{"rendered":"Todos o ninguno"},"content":{"rendered":"\n<p class=\"wp-block-paragraph\">La forma en que intitulamos uno de nuestros \u00faltimos art\u00edculos \u201clas multinacionales tambi\u00e9n aportan buenas noticias\u201d, soliviant\u00f3 a algunas personas y organizaciones de izquierda. En dicho art\u00edculo mostr\u00e1bamos nuestra satisfacci\u00f3n ante las prospecciones geot\u00e9rmicas de Repsol en Gran Canaria. Para nosotros reconocer esta actuaci\u00f3n como positiva sin ning\u00fan tipo de reparo ideol\u00f3gico, es el resultado de un proceso de reflexi\u00f3n sobre la tarea que nos embarga de hacer frente a la emergencia clim\u00e1tica que queremos compartir con todos ustedes.<\/p>\n\n\n\n<p class=\"wp-block-paragraph\">Para la cultura de izquierda, resulta muy atrayentes conceptos como democratizaci\u00f3n de la generaci\u00f3n de la energ\u00eda, empresas p\u00fablicas de la energ\u00eda, distribuci\u00f3n de la riqueza energ\u00e9tica, socializaci\u00f3n de las fuentes energ\u00e9ticas, etc., discursos que evidencian una manera de entender las aspiraciones de una parte de la sociedad que trata de trasladar al sector energ\u00e9tico, una concepci\u00f3n ideol\u00f3gica de la organizaci\u00f3n pretendida de la vida estructurada de los seres humanos, es decir, una concepci\u00f3n m\u00e1s keynesiana de la distribuci\u00f3n de los recursos de un territorio, donde la participaci\u00f3n del estado y la b\u00fasqueda del bien com\u00fan son esenciales. Pero no debemos de olvidar que tambi\u00e9n existe una buena parte de la sociedad, que abraza otra forma de entender la sociedad y la econom\u00eda y antepone la libertad individual y econ\u00f3mica y la competencia a otros valores, que cree nociva la intervenci\u00f3n del Estado en la econom\u00eda y que considera que los impuestos deben tender siempre a la baja, en suma, coloca las bondades del libre mercado por encima de otras consideraciones<\/p>\n\n\n\n<p class=\"wp-block-paragraph\">Si esto es as\u00ed y tuvi\u00e9ramos que enfrentarnos a un problema cuya resoluci\u00f3n tuviera que contar con la participaci\u00f3n de todos o al menos, con la mayor cantidad de personas posibles, pareciera evidente que lo primero que hay que conseguir es abordar la cuesti\u00f3n buscando puntos de consenso, que aglutine sensibilidades y permita una acci\u00f3n com\u00fan y coordinada. Si a esto le a\u00f1adi\u00e9ramos la urgencia y trascendencia de abordar el problema en cuesti\u00f3n, pareciera l\u00f3gico que habr\u00eda que enfrentar la cuesti\u00f3n con acciones quir\u00fargicas, as\u00e9pticas desde un punto de vista ideol\u00f3gico y que tuvieran una r\u00e1pida implantaci\u00f3n.<\/p>\n\n\n\n<p class=\"wp-block-paragraph\">Pues bien, estamos ante un problema de las caracter\u00edsticas descritas, EL CAMBIO CLIMATICO ANTROPOG\u00c9NICO. Efectivamente, estamos ante una cuesti\u00f3n de tal trascendencia que, de no afrontarla correctamente, ya no es que perdamos las comodidades de nuestra sociedad occidental, sino que nuestro planeta adquirir\u00e1 unas condiciones dantescas que har\u00e1 imposible nuestra supervivencia como especie.<\/p>\n\n\n\n<p class=\"wp-block-paragraph\">Ya se ha evidenciado en muchas ocasiones, pero no por ello deja de ser cierto, el axioma de que \u201csomos la primera generaci\u00f3n en constatar la crudeza de lo que se nos avecina y la \u00faltima que puede hacer algo para remediarlo\u201d. Es por esta raz\u00f3n que ya no podemos invertir ni un segundo en discusiones bizantinas para acordar un modelo econ\u00f3mico y social en torno a la energ\u00eda, que se antojan est\u00e9riles, teniendo en cuenta que llevamos para dos siglos discutiendo entre estado y mercado, sin alcanzar puntos de acuerdo, es m\u00e1s, las posiciones cada vez est\u00e1n m\u00e1s enconadas y la sociedad m\u00e1s polarizada. No podemos esperar alcanzar un acuerdo para una transici\u00f3n que cambie el modelo, porque sencillamente ya no hay tiempo para ninguna transici\u00f3n.<\/p>\n\n\n\n<p class=\"wp-block-paragraph\">Si convenimos que en lo expresado hasta ahora hay alguna pisca de lucidez intelectual, deber\u00edamos de convenir que lo que toca es, eliminar cualquier consumo de combustibles f\u00f3siles en nuestros sistemas energ\u00e9ticos. Los gases de efecto invernadero que salen de las chimeneas de nuestras centrales el\u00e9ctricas, de los tubos de escape de nuestros autom\u00f3viles, de la quema de fuel en los barcos o de la quema del queroseno de nuestros aviones, entre otros, deben de cesar cuanto antes y tenemos que implantar, para ayer, una econom\u00eda completamente descarbonizada.<\/p>\n\n\n\n<p class=\"wp-block-paragraph\">En este contexto, m\u00e1s que agudizar una polarizaci\u00f3n entre pol\u00edticas de izquierda y derecha, tenemos que alcanzar la masa cr\u00edtica de la opini\u00f3n p\u00fablica&nbsp; y otros agentes econ\u00f3micos y sociales para llevar a cabo una agenda radical de actuaciones ante los problemas del cambio clim\u00e1tic0, pues estancarnos en este inacabable conflicto entre socialismo y mercado no deja de ser un fracaso estrepitoso de todos aquellos que estamos concienciados de la hecatombe que se cierne sobre nosotros, porque para salir de ella no basta con una parte de la sociedad, porque la realidad es que, O ESTAMOS JUNTOS EN ESTO O NOS HUNDIMOS DE MANERA AISLADA.<\/p>\n","protected":false},"excerpt":{"rendered":"<p>La forma en que intitulamos uno de nuestros \u00faltimos art\u00edculos \u201clas multinacionales tambi\u00e9n aportan buenas noticias\u201d, soliviant\u00f3 a algunas personas y organizaciones de izquierda. En dicho art\u00edculo mostr\u00e1bamos nuestra satisfacci\u00f3n ante las prospecciones geot\u00e9rmicas de Repsol en Gran Canaria. Para nosotros reconocer esta actuaci\u00f3n como positiva sin ning\u00fan tipo de reparo ideol\u00f3gico, es el resultado [&hellip;]<\/p>\n","protected":false},"author":1,"featured_media":514,"comment_status":"open","ping_status":"open","sticky":false,"template":"","format":"standard","meta":{"footnotes":""},"categories":[55],"tags":[],"class_list":["post-513","post","type-post","status-publish","format-standard","has-post-thumbnail","category-general"],"yoast_head":"<!-- This site is optimized with the Yoast SEO plugin v28.2 - https:\/\/yoast.com\/product\/yoast-seo-wordpress\/ -->\n<title>Todos o ninguno - Salto Ecol\u00f3gico<\/title>\n<meta name=\"robots\" content=\"index, follow, max-snippet:-1, max-image-preview:large, max-video-preview:-1\" \/>\n<link rel=\"canonical\" href=\"https:\/\/saltoecologico.es\/index.php\/2022\/11\/07\/todos-o-ninguno\/\" \/>\n<meta property=\"og:locale\" content=\"es_ES\" \/>\n<meta property=\"og:type\" content=\"article\" \/>\n<meta property=\"og:title\" content=\"Todos o ninguno - Salto Ecol\u00f3gico\" \/>\n<meta property=\"og:description\" content=\"La forma en que intitulamos uno de nuestros \u00faltimos art\u00edculos \u201clas multinacionales tambi\u00e9n aportan buenas noticias\u201d, soliviant\u00f3 a algunas personas y organizaciones de izquierda. En dicho art\u00edculo mostr\u00e1bamos nuestra satisfacci\u00f3n ante las prospecciones geot\u00e9rmicas de Repsol en Gran Canaria. Para nosotros reconocer esta actuaci\u00f3n como positiva sin ning\u00fan tipo de reparo ideol\u00f3gico, es el resultado [&hellip;]\" \/>\n<meta property=\"og:url\" content=\"https:\/\/saltoecologico.es\/index.php\/2022\/11\/07\/todos-o-ninguno\/\" \/>\n<meta property=\"og:site_name\" content=\"Salto Ecol\u00f3gico\" \/>\n<meta property=\"article:publisher\" content=\"https:\/\/www.facebook.com\/Saltotransicionecologica\" \/>\n<meta property=\"article:published_time\" content=\"2022-11-07T10:09:00+00:00\" \/>\n<meta property=\"article:modified_time\" content=\"2025-04-14T10:12:11+00:00\" \/>\n<meta property=\"og:image\" content=\"https:\/\/saltoecologico.es\/wp-content\/uploads\/2025\/04\/Fotovoltaica-5.jpg\" \/>\n\t<meta property=\"og:image:width\" content=\"1024\" \/>\n\t<meta property=\"og:image:height\" content=\"683\" \/>\n\t<meta property=\"og:image:type\" content=\"image\/jpeg\" \/>\n<meta name=\"author\" content=\"admin\" \/>\n<meta name=\"twitter:card\" content=\"summary_large_image\" \/>\n<meta name=\"twitter:label1\" content=\"Escrito por\" \/>\n\t<meta name=\"twitter:data1\" content=\"admin\" \/>\n\t<meta name=\"twitter:label2\" content=\"Tiempo de lectura\" \/>\n\t<meta name=\"twitter:data2\" content=\"4 minutos\" \/>\n<script type=\"application\/ld+json\" class=\"yoast-schema-graph\">{\"@context\":\"https:\\\/\\\/schema.org\",\"@graph\":[{\"@type\":\"Article\",\"@id\":\"https:\\\/\\\/saltoecologico.es\\\/index.php\\\/2022\\\/11\\\/07\\\/todos-o-ninguno\\\/#article\",\"isPartOf\":{\"@id\":\"https:\\\/\\\/saltoecologico.es\\\/index.php\\\/2022\\\/11\\\/07\\\/todos-o-ninguno\\\/\"},\"author\":{\"name\":\"admin\",\"@id\":\"https:\\\/\\\/saltoecologico.es\\\/#\\\/schema\\\/person\\\/7175eec4b3c123d86c675313c3a01a0b\"},\"headline\":\"Todos o ninguno\",\"datePublished\":\"2022-11-07T10:09:00+00:00\",\"dateModified\":\"2025-04-14T10:12:11+00:00\",\"mainEntityOfPage\":{\"@id\":\"https:\\\/\\\/saltoecologico.es\\\/index.php\\\/2022\\\/11\\\/07\\\/todos-o-ninguno\\\/\"},\"wordCount\":804,\"commentCount\":0,\"publisher\":{\"@id\":\"https:\\\/\\\/saltoecologico.es\\\/#organization\"},\"image\":{\"@id\":\"https:\\\/\\\/saltoecologico.es\\\/index.php\\\/2022\\\/11\\\/07\\\/todos-o-ninguno\\\/#primaryimage\"},\"thumbnailUrl\":\"https:\\\/\\\/saltoecologico.es\\\/wp-content\\\/uploads\\\/2025\\\/04\\\/Fotovoltaica-5.jpg\",\"articleSection\":[\"General\"],\"inLanguage\":\"es\",\"potentialAction\":[{\"@type\":\"CommentAction\",\"name\":\"Comment\",\"target\":[\"https:\\\/\\\/saltoecologico.es\\\/index.php\\\/2022\\\/11\\\/07\\\/todos-o-ninguno\\\/#respond\"]}]},{\"@type\":\"WebPage\",\"@id\":\"https:\\\/\\\/saltoecologico.es\\\/index.php\\\/2022\\\/11\\\/07\\\/todos-o-ninguno\\\/\",\"url\":\"https:\\\/\\\/saltoecologico.es\\\/index.php\\\/2022\\\/11\\\/07\\\/todos-o-ninguno\\\/\",\"name\":\"Todos o ninguno - Salto Ecol\u00f3gico\",\"isPartOf\":{\"@id\":\"https:\\\/\\\/saltoecologico.es\\\/#website\"},\"primaryImageOfPage\":{\"@id\":\"https:\\\/\\\/saltoecologico.es\\\/index.php\\\/2022\\\/11\\\/07\\\/todos-o-ninguno\\\/#primaryimage\"},\"image\":{\"@id\":\"https:\\\/\\\/saltoecologico.es\\\/index.php\\\/2022\\\/11\\\/07\\\/todos-o-ninguno\\\/#primaryimage\"},\"thumbnailUrl\":\"https:\\\/\\\/saltoecologico.es\\\/wp-content\\\/uploads\\\/2025\\\/04\\\/Fotovoltaica-5.jpg\",\"datePublished\":\"2022-11-07T10:09:00+00:00\",\"dateModified\":\"2025-04-14T10:12:11+00:00\",\"breadcrumb\":{\"@id\":\"https:\\\/\\\/saltoecologico.es\\\/index.php\\\/2022\\\/11\\\/07\\\/todos-o-ninguno\\\/#breadcrumb\"},\"inLanguage\":\"es\",\"potentialAction\":[{\"@type\":\"ReadAction\",\"target\":[\"https:\\\/\\\/saltoecologico.es\\\/index.php\\\/2022\\\/11\\\/07\\\/todos-o-ninguno\\\/\"]}]},{\"@type\":\"ImageObject\",\"inLanguage\":\"es\",\"@id\":\"https:\\\/\\\/saltoecologico.es\\\/index.php\\\/2022\\\/11\\\/07\\\/todos-o-ninguno\\\/#primaryimage\",\"url\":\"https:\\\/\\\/saltoecologico.es\\\/wp-content\\\/uploads\\\/2025\\\/04\\\/Fotovoltaica-5.jpg\",\"contentUrl\":\"https:\\\/\\\/saltoecologico.es\\\/wp-content\\\/uploads\\\/2025\\\/04\\\/Fotovoltaica-5.jpg\",\"width\":1024,\"height\":683,\"caption\":\"Service engineer checking solar cell on the roof for maintenance if there is a damaged part. Engineer worker install solar panel. Clean energy concept.\"},{\"@type\":\"BreadcrumbList\",\"@id\":\"https:\\\/\\\/saltoecologico.es\\\/index.php\\\/2022\\\/11\\\/07\\\/todos-o-ninguno\\\/#breadcrumb\",\"itemListElement\":[{\"@type\":\"ListItem\",\"position\":1,\"name\":\"Portada\",\"item\":\"https:\\\/\\\/saltoecologico.es\\\/\"},{\"@type\":\"ListItem\",\"position\":2,\"name\":\"Todos o ninguno\"}]},{\"@type\":\"WebSite\",\"@id\":\"https:\\\/\\\/saltoecologico.es\\\/#website\",\"url\":\"https:\\\/\\\/saltoecologico.es\\\/\",\"name\":\"Salto Ecol\u00f3gico\",\"description\":\"\",\"publisher\":{\"@id\":\"https:\\\/\\\/saltoecologico.es\\\/#organization\"},\"potentialAction\":[{\"@type\":\"SearchAction\",\"target\":{\"@type\":\"EntryPoint\",\"urlTemplate\":\"https:\\\/\\\/saltoecologico.es\\\/?s={search_term_string}\"},\"query-input\":{\"@type\":\"PropertyValueSpecification\",\"valueRequired\":true,\"valueName\":\"search_term_string\"}}],\"inLanguage\":\"es\"},{\"@type\":\"Organization\",\"@id\":\"https:\\\/\\\/saltoecologico.es\\\/#organization\",\"name\":\"Salto a la Transici\u00f3n Ecol\u00f3gica\",\"url\":\"https:\\\/\\\/saltoecologico.es\\\/\",\"logo\":{\"@type\":\"ImageObject\",\"inLanguage\":\"es\",\"@id\":\"https:\\\/\\\/saltoecologico.es\\\/#\\\/schema\\\/logo\\\/image\\\/\",\"url\":\"https:\\\/\\\/saltoecologico.es\\\/wp-content\\\/uploads\\\/2025\\\/04\\\/Logo-STE.jpg\",\"contentUrl\":\"https:\\\/\\\/saltoecologico.es\\\/wp-content\\\/uploads\\\/2025\\\/04\\\/Logo-STE.jpg\",\"width\":435,\"height\":435,\"caption\":\"Salto a la Transici\u00f3n Ecol\u00f3gica\"},\"image\":{\"@id\":\"https:\\\/\\\/saltoecologico.es\\\/#\\\/schema\\\/logo\\\/image\\\/\"},\"sameAs\":[\"https:\\\/\\\/www.facebook.com\\\/Saltotransicionecologica\"]},{\"@type\":\"Person\",\"@id\":\"https:\\\/\\\/saltoecologico.es\\\/#\\\/schema\\\/person\\\/7175eec4b3c123d86c675313c3a01a0b\",\"name\":\"admin\",\"image\":{\"@type\":\"ImageObject\",\"inLanguage\":\"es\",\"@id\":\"https:\\\/\\\/secure.gravatar.com\\\/avatar\\\/4c215dc57bbc7b2f2f470ac9bd197f3f112636a584e575a732d0206a2d9c9806?s=96&d=mm&r=g\",\"url\":\"https:\\\/\\\/secure.gravatar.com\\\/avatar\\\/4c215dc57bbc7b2f2f470ac9bd197f3f112636a584e575a732d0206a2d9c9806?s=96&d=mm&r=g\",\"contentUrl\":\"https:\\\/\\\/secure.gravatar.com\\\/avatar\\\/4c215dc57bbc7b2f2f470ac9bd197f3f112636a584e575a732d0206a2d9c9806?s=96&d=mm&r=g\",\"caption\":\"admin\"},\"sameAs\":[\"https:\\\/\\\/saltoecologico.es\"],\"url\":\"https:\\\/\\\/saltoecologico.es\\\/index.php\\\/author\\\/saltoecologico\\\/\"}]}<\/script>\n<!-- \/ Yoast SEO plugin. -->","yoast_head_json":{"title":"Todos o ninguno - Salto Ecol\u00f3gico","robots":{"index":"index","follow":"follow","max-snippet":"max-snippet:-1","max-image-preview":"max-image-preview:large","max-video-preview":"max-video-preview:-1"},"canonical":"https:\/\/saltoecologico.es\/index.php\/2022\/11\/07\/todos-o-ninguno\/","og_locale":"es_ES","og_type":"article","og_title":"Todos o ninguno - Salto Ecol\u00f3gico","og_description":"La forma en que intitulamos uno de nuestros \u00faltimos art\u00edculos \u201clas multinacionales tambi\u00e9n aportan buenas noticias\u201d, soliviant\u00f3 a algunas personas y organizaciones de izquierda. En dicho art\u00edculo mostr\u00e1bamos nuestra satisfacci\u00f3n ante las prospecciones geot\u00e9rmicas de Repsol en Gran Canaria. Para nosotros reconocer esta actuaci\u00f3n como positiva sin ning\u00fan tipo de reparo ideol\u00f3gico, es el resultado [&hellip;]","og_url":"https:\/\/saltoecologico.es\/index.php\/2022\/11\/07\/todos-o-ninguno\/","og_site_name":"Salto Ecol\u00f3gico","article_publisher":"https:\/\/www.facebook.com\/Saltotransicionecologica","article_published_time":"2022-11-07T10:09:00+00:00","article_modified_time":"2025-04-14T10:12:11+00:00","og_image":[{"width":1024,"height":683,"url":"https:\/\/saltoecologico.es\/wp-content\/uploads\/2025\/04\/Fotovoltaica-5.jpg","type":"image\/jpeg"}],"author":"admin","twitter_card":"summary_large_image","twitter_misc":{"Escrito por":"admin","Tiempo de lectura":"4 minutos"},"schema":{"@context":"https:\/\/schema.org","@graph":[{"@type":"Article","@id":"https:\/\/saltoecologico.es\/index.php\/2022\/11\/07\/todos-o-ninguno\/#article","isPartOf":{"@id":"https:\/\/saltoecologico.es\/index.php\/2022\/11\/07\/todos-o-ninguno\/"},"author":{"name":"admin","@id":"https:\/\/saltoecologico.es\/#\/schema\/person\/7175eec4b3c123d86c675313c3a01a0b"},"headline":"Todos o ninguno","datePublished":"2022-11-07T10:09:00+00:00","dateModified":"2025-04-14T10:12:11+00:00","mainEntityOfPage":{"@id":"https:\/\/saltoecologico.es\/index.php\/2022\/11\/07\/todos-o-ninguno\/"},"wordCount":804,"commentCount":0,"publisher":{"@id":"https:\/\/saltoecologico.es\/#organization"},"image":{"@id":"https:\/\/saltoecologico.es\/index.php\/2022\/11\/07\/todos-o-ninguno\/#primaryimage"},"thumbnailUrl":"https:\/\/saltoecologico.es\/wp-content\/uploads\/2025\/04\/Fotovoltaica-5.jpg","articleSection":["General"],"inLanguage":"es","potentialAction":[{"@type":"CommentAction","name":"Comment","target":["https:\/\/saltoecologico.es\/index.php\/2022\/11\/07\/todos-o-ninguno\/#respond"]}]},{"@type":"WebPage","@id":"https:\/\/saltoecologico.es\/index.php\/2022\/11\/07\/todos-o-ninguno\/","url":"https:\/\/saltoecologico.es\/index.php\/2022\/11\/07\/todos-o-ninguno\/","name":"Todos o ninguno - Salto Ecol\u00f3gico","isPartOf":{"@id":"https:\/\/saltoecologico.es\/#website"},"primaryImageOfPage":{"@id":"https:\/\/saltoecologico.es\/index.php\/2022\/11\/07\/todos-o-ninguno\/#primaryimage"},"image":{"@id":"https:\/\/saltoecologico.es\/index.php\/2022\/11\/07\/todos-o-ninguno\/#primaryimage"},"thumbnailUrl":"https:\/\/saltoecologico.es\/wp-content\/uploads\/2025\/04\/Fotovoltaica-5.jpg","datePublished":"2022-11-07T10:09:00+00:00","dateModified":"2025-04-14T10:12:11+00:00","breadcrumb":{"@id":"https:\/\/saltoecologico.es\/index.php\/2022\/11\/07\/todos-o-ninguno\/#breadcrumb"},"inLanguage":"es","potentialAction":[{"@type":"ReadAction","target":["https:\/\/saltoecologico.es\/index.php\/2022\/11\/07\/todos-o-ninguno\/"]}]},{"@type":"ImageObject","inLanguage":"es","@id":"https:\/\/saltoecologico.es\/index.php\/2022\/11\/07\/todos-o-ninguno\/#primaryimage","url":"https:\/\/saltoecologico.es\/wp-content\/uploads\/2025\/04\/Fotovoltaica-5.jpg","contentUrl":"https:\/\/saltoecologico.es\/wp-content\/uploads\/2025\/04\/Fotovoltaica-5.jpg","width":1024,"height":683,"caption":"Service engineer checking solar cell on the roof for maintenance if there is a damaged part. Engineer worker install solar panel. Clean energy concept."},{"@type":"BreadcrumbList","@id":"https:\/\/saltoecologico.es\/index.php\/2022\/11\/07\/todos-o-ninguno\/#breadcrumb","itemListElement":[{"@type":"ListItem","position":1,"name":"Portada","item":"https:\/\/saltoecologico.es\/"},{"@type":"ListItem","position":2,"name":"Todos o ninguno"}]},{"@type":"WebSite","@id":"https:\/\/saltoecologico.es\/#website","url":"https:\/\/saltoecologico.es\/","name":"Salto Ecol\u00f3gico","description":"","publisher":{"@id":"https:\/\/saltoecologico.es\/#organization"},"potentialAction":[{"@type":"SearchAction","target":{"@type":"EntryPoint","urlTemplate":"https:\/\/saltoecologico.es\/?s={search_term_string}"},"query-input":{"@type":"PropertyValueSpecification","valueRequired":true,"valueName":"search_term_string"}}],"inLanguage":"es"},{"@type":"Organization","@id":"https:\/\/saltoecologico.es\/#organization","name":"Salto a la Transici\u00f3n Ecol\u00f3gica","url":"https:\/\/saltoecologico.es\/","logo":{"@type":"ImageObject","inLanguage":"es","@id":"https:\/\/saltoecologico.es\/#\/schema\/logo\/image\/","url":"https:\/\/saltoecologico.es\/wp-content\/uploads\/2025\/04\/Logo-STE.jpg","contentUrl":"https:\/\/saltoecologico.es\/wp-content\/uploads\/2025\/04\/Logo-STE.jpg","width":435,"height":435,"caption":"Salto a la Transici\u00f3n Ecol\u00f3gica"},"image":{"@id":"https:\/\/saltoecologico.es\/#\/schema\/logo\/image\/"},"sameAs":["https:\/\/www.facebook.com\/Saltotransicionecologica"]},{"@type":"Person","@id":"https:\/\/saltoecologico.es\/#\/schema\/person\/7175eec4b3c123d86c675313c3a01a0b","name":"admin","image":{"@type":"ImageObject","inLanguage":"es","@id":"https:\/\/secure.gravatar.com\/avatar\/4c215dc57bbc7b2f2f470ac9bd197f3f112636a584e575a732d0206a2d9c9806?s=96&d=mm&r=g","url":"https:\/\/secure.gravatar.com\/avatar\/4c215dc57bbc7b2f2f470ac9bd197f3f112636a584e575a732d0206a2d9c9806?s=96&d=mm&r=g","contentUrl":"https:\/\/secure.gravatar.com\/avatar\/4c215dc57bbc7b2f2f470ac9bd197f3f112636a584e575a732d0206a2d9c9806?s=96&d=mm&r=g","caption":"admin"},"sameAs":["https:\/\/saltoecologico.es"],"url":"https:\/\/saltoecologico.es\/index.php\/author\/saltoecologico\/"}]}},"_links":{"self":[{"href":"https:\/\/saltoecologico.es\/index.php\/wp-json\/wp\/v2\/posts\/513","targetHints":{"allow":["GET"]}}],"collection":[{"href":"https:\/\/saltoecologico.es\/index.php\/wp-json\/wp\/v2\/posts"}],"about":[{"href":"https:\/\/saltoecologico.es\/index.php\/wp-json\/wp\/v2\/types\/post"}],"author":[{"embeddable":true,"href":"https:\/\/saltoecologico.es\/index.php\/wp-json\/wp\/v2\/users\/1"}],"replies":[{"embeddable":true,"href":"https:\/\/saltoecologico.es\/index.php\/wp-json\/wp\/v2\/comments?post=513"}],"version-history":[{"count":1,"href":"https:\/\/saltoecologico.es\/index.php\/wp-json\/wp\/v2\/posts\/513\/revisions"}],"predecessor-version":[{"id":515,"href":"https:\/\/saltoecologico.es\/index.php\/wp-json\/wp\/v2\/posts\/513\/revisions\/515"}],"wp:featuredmedia":[{"embeddable":true,"href":"https:\/\/saltoecologico.es\/index.php\/wp-json\/wp\/v2\/media\/514"}],"wp:attachment":[{"href":"https:\/\/saltoecologico.es\/index.php\/wp-json\/wp\/v2\/media?parent=513"}],"wp:term":[{"taxonomy":"category","embeddable":true,"href":"https:\/\/saltoecologico.es\/index.php\/wp-json\/wp\/v2\/categories?post=513"},{"taxonomy":"post_tag","embeddable":true,"href":"https:\/\/saltoecologico.es\/index.php\/wp-json\/wp\/v2\/tags?post=513"}],"curies":[{"name":"wp","href":"https:\/\/api.w.org\/{rel}","templated":true}]}}