{"id":516,"date":"2022-11-17T10:11:00","date_gmt":"2022-11-17T10:11:00","guid":{"rendered":"https:\/\/saltoecologico.es\/?p=516"},"modified":"2025-04-14T10:12:39","modified_gmt":"2025-04-14T10:12:39","slug":"dependencia-inasumible","status":"publish","type":"post","link":"https:\/\/saltoecologico.es\/index.php\/2022\/11\/17\/dependencia-inasumible\/","title":{"rendered":"Dependencia inasumible"},"content":{"rendered":"\n<p class=\"wp-block-paragraph\">Cuando desde Salto a la Transici\u00f3n Ecol\u00f3gica abogamos por una transici\u00f3n acelerada a sistemas el\u00e9ctricos 100% renovables, lo hacemos desde una perspectiva realista de las posibilidades tecnol\u00f3gicas, lo hacemos desde una perspectiva medioambiental como la que supone el que ya no haya tiempo para estar con pa\u00f1os calientes con el cambio clim\u00e1tico antropog\u00e9nico, lo hacemos desde el punto de vista de parar esta sangr\u00eda econ\u00f3mica que supone generar electricidad en Canarias con las centrales de fuel convencionales, pero tambi\u00e9n lo hacemos desde una perspectiva ego\u00edsta de querer para nuestra tierra, la independencia energ\u00e9tica, que supone, el no tener que importar combustibles f\u00f3siles, para generar un motor fundamental de nuestro funcionamiento como sociedad occidental, como es la electricidad.<\/p>\n\n\n\n<p class=\"wp-block-paragraph\">La dependencia de combustibles f\u00f3siles de nuestra econom\u00eda supone que estemos al albur de las situaciones geoestrat\u00e9gicas mundiales en las que poso o nada podemos incidir, pero que terminan determinando cual es el grado de debilidad en el que se asienta nuestra calidad de vida en un momento dado.<\/p>\n\n\n\n<p class=\"wp-block-paragraph\">Recientemente, en eldiario.es, hemos podido leer la advertencia de la Empresa Endesa de que, debido a la guerra de Ucrania y la carest\u00eda de los combustibles f\u00f3siles, las centrales el\u00e9ctricas de Canarias, se podr\u00edan quedar sin suministro de gasoil, combustible que constituye un pilar b\u00e1sico de muchos de los grupos generadores, que las componen y que constituye un ataque frontal a la esencia misma de los sistemas el\u00e9ctricos del archipi\u00e9lago.<\/p>\n\n\n\n<p class=\"wp-block-paragraph\">No es de recibo, que unas islas que gozan de recursos en abundancia en sol y en viento, se vean sometidas a estas cuestiones azarosas de los vaivenes internacionales, sin que se hayan planteado, mucho tiempo atr\u00e1s, dar un giro de tim\u00f3n en toda la planificaci\u00f3n, el\u00e9ctrica en particular y energ\u00e9tica en general, que hoy en d\u00eda le permitiera tener una situaci\u00f3n m\u00e1s pl\u00e1cida, m\u00e1s eficiente y m\u00e1s ecol\u00f3gica que lo que estamos viendo que tenemos.<\/p>\n\n\n\n<p class=\"wp-block-paragraph\">Es ante estas situaciones sobrevenidas, que ciertos colectivos que abogan por mantener esta situaci\u00f3n de dependencia suicida del exterior en temas energ\u00e9ticos, al considerar el gas natural como apuesta de futuro, que deber\u00edan ampliar sus puntos de vista y plantearse seriamente si queremos que nuestras islas contin\u00faen sometidas a los vaivenes internacionales al menos, durante 50 a\u00f1os m\u00e1s.<\/p>\n\n\n\n<p class=\"wp-block-paragraph\">Tambi\u00e9n aquellos colectivos que apuntan como soluci\u00f3n a los problemas de los sistemas el\u00e9ctricos, la incorporaci\u00f3n de grupos peque\u00f1os pero alimentados con combustibles f\u00f3siles, deber\u00edan encend\u00e9rsele todas las luces de alarma, de lo que supone, nuevamente, alargar la dependencia energ\u00e9tica en esos t\u00e9rminos.<\/p>\n\n\n\n<p class=\"wp-block-paragraph\">Aunque tenemos algunos reparos en determinadas cuestiones, en l\u00edneas generales, creemos que la hoja de ruta est\u00e1 trazada por el excelente trabajo realizado por el ITC para el Gobierno de Canarias, con las estrategias de desarrollo del PTECAN, en el que se marca la descarbonizaci\u00f3n del sistema energ\u00e9tico del archipi\u00e9lago en el horizonte del 2040. El coctel es di\u00e1fano y concreto basado en tecnolog\u00edas como la e\u00f3lica (terrestre y marina) y la fotovoltaica, que son reconducidas a la gestionabilidad mediante los bombeos. Los excedentes que se produzcan ir\u00e1n destinados a la hidr\u00f3lisis del agua para conseguir hidr\u00f3geno verde, que ser\u00e1 el vector energ\u00e9tico que se utilizar\u00e1 para el transporte pesado, para fabricar amoniaco como combustible de los barcos, para fabricar queroseno sint\u00e9tico para los aviones, para combustible de las turbinas de respaldo en las centrales o para pilas de combustible.<\/p>\n\n\n\n<p class=\"wp-block-paragraph\">Los problemas que aquejan a nuestro sistema energ\u00e9tico est\u00e1n ampliamente se\u00f1alados y contrastados. La hoja de ruta que resuelve esos problemas est\u00e1 explicitada, desmenuzada y explicada hasta la saciedad con todo lujo de detales y aclaraciones. Solo queda que nuestros pol\u00edticos se dediquen a hacer lo m\u00e1s sencillo, llevarla a cabo.<\/p>\n","protected":false},"excerpt":{"rendered":"<p>Cuando desde Salto a la Transici\u00f3n Ecol\u00f3gica abogamos por una transici\u00f3n acelerada a sistemas el\u00e9ctricos 100% renovables, lo hacemos desde una perspectiva realista de las posibilidades tecnol\u00f3gicas, lo hacemos desde una perspectiva medioambiental como la que supone el que ya no haya tiempo para estar con pa\u00f1os calientes con el cambio clim\u00e1tico antropog\u00e9nico, lo hacemos [&hellip;]<\/p>\n","protected":false},"author":1,"featured_media":517,"comment_status":"open","ping_status":"open","sticky":false,"template":"","format":"standard","meta":{"footnotes":""},"categories":[42],"tags":[],"class_list":["post-516","post","type-post","status-publish","format-standard","has-post-thumbnail","category-fosiles"],"yoast_head":"<!-- This site is optimized with the Yoast SEO plugin v28.2 - https:\/\/yoast.com\/product\/yoast-seo-wordpress\/ -->\n<title>Dependencia inasumible - Salto Ecol\u00f3gico<\/title>\n<meta name=\"robots\" content=\"index, follow, max-snippet:-1, max-image-preview:large, max-video-preview:-1\" \/>\n<link rel=\"canonical\" href=\"https:\/\/saltoecologico.es\/index.php\/2022\/11\/17\/dependencia-inasumible\/\" \/>\n<meta property=\"og:locale\" content=\"es_ES\" \/>\n<meta property=\"og:type\" content=\"article\" \/>\n<meta property=\"og:title\" content=\"Dependencia inasumible - Salto Ecol\u00f3gico\" \/>\n<meta property=\"og:description\" content=\"Cuando desde Salto a la Transici\u00f3n Ecol\u00f3gica abogamos por una transici\u00f3n acelerada a sistemas el\u00e9ctricos 100% renovables, lo hacemos desde una perspectiva realista de las posibilidades tecnol\u00f3gicas, lo hacemos desde una perspectiva medioambiental como la que supone el que ya no haya tiempo para estar con pa\u00f1os calientes con el cambio clim\u00e1tico antropog\u00e9nico, lo hacemos [&hellip;]\" \/>\n<meta property=\"og:url\" content=\"https:\/\/saltoecologico.es\/index.php\/2022\/11\/17\/dependencia-inasumible\/\" \/>\n<meta property=\"og:site_name\" content=\"Salto Ecol\u00f3gico\" \/>\n<meta property=\"article:publisher\" content=\"https:\/\/www.facebook.com\/Saltotransicionecologica\" \/>\n<meta property=\"article:published_time\" content=\"2022-11-17T10:11:00+00:00\" \/>\n<meta property=\"article:modified_time\" content=\"2025-04-14T10:12:39+00:00\" \/>\n<meta property=\"og:image\" content=\"https:\/\/saltoecologico.es\/wp-content\/uploads\/2025\/04\/Fosiles9.jpg\" \/>\n\t<meta property=\"og:image:width\" content=\"1024\" \/>\n\t<meta property=\"og:image:height\" content=\"683\" \/>\n\t<meta property=\"og:image:type\" content=\"image\/jpeg\" \/>\n<meta name=\"author\" content=\"admin\" \/>\n<meta name=\"twitter:card\" content=\"summary_large_image\" \/>\n<meta name=\"twitter:label1\" content=\"Escrito por\" \/>\n\t<meta name=\"twitter:data1\" content=\"admin\" \/>\n\t<meta name=\"twitter:label2\" content=\"Tiempo de lectura\" \/>\n\t<meta name=\"twitter:data2\" content=\"3 minutos\" \/>\n<script type=\"application\/ld+json\" class=\"yoast-schema-graph\">{\"@context\":\"https:\\\/\\\/schema.org\",\"@graph\":[{\"@type\":\"Article\",\"@id\":\"https:\\\/\\\/saltoecologico.es\\\/index.php\\\/2022\\\/11\\\/17\\\/dependencia-inasumible\\\/#article\",\"isPartOf\":{\"@id\":\"https:\\\/\\\/saltoecologico.es\\\/index.php\\\/2022\\\/11\\\/17\\\/dependencia-inasumible\\\/\"},\"author\":{\"name\":\"admin\",\"@id\":\"https:\\\/\\\/saltoecologico.es\\\/#\\\/schema\\\/person\\\/7175eec4b3c123d86c675313c3a01a0b\"},\"headline\":\"Dependencia inasumible\",\"datePublished\":\"2022-11-17T10:11:00+00:00\",\"dateModified\":\"2025-04-14T10:12:39+00:00\",\"mainEntityOfPage\":{\"@id\":\"https:\\\/\\\/saltoecologico.es\\\/index.php\\\/2022\\\/11\\\/17\\\/dependencia-inasumible\\\/\"},\"wordCount\":673,\"commentCount\":0,\"publisher\":{\"@id\":\"https:\\\/\\\/saltoecologico.es\\\/#organization\"},\"image\":{\"@id\":\"https:\\\/\\\/saltoecologico.es\\\/index.php\\\/2022\\\/11\\\/17\\\/dependencia-inasumible\\\/#primaryimage\"},\"thumbnailUrl\":\"https:\\\/\\\/saltoecologico.es\\\/wp-content\\\/uploads\\\/2025\\\/04\\\/Fosiles9.jpg\",\"articleSection\":[\"F\u00f3siles\"],\"inLanguage\":\"es\",\"potentialAction\":[{\"@type\":\"CommentAction\",\"name\":\"Comment\",\"target\":[\"https:\\\/\\\/saltoecologico.es\\\/index.php\\\/2022\\\/11\\\/17\\\/dependencia-inasumible\\\/#respond\"]}]},{\"@type\":\"WebPage\",\"@id\":\"https:\\\/\\\/saltoecologico.es\\\/index.php\\\/2022\\\/11\\\/17\\\/dependencia-inasumible\\\/\",\"url\":\"https:\\\/\\\/saltoecologico.es\\\/index.php\\\/2022\\\/11\\\/17\\\/dependencia-inasumible\\\/\",\"name\":\"Dependencia inasumible - Salto Ecol\u00f3gico\",\"isPartOf\":{\"@id\":\"https:\\\/\\\/saltoecologico.es\\\/#website\"},\"primaryImageOfPage\":{\"@id\":\"https:\\\/\\\/saltoecologico.es\\\/index.php\\\/2022\\\/11\\\/17\\\/dependencia-inasumible\\\/#primaryimage\"},\"image\":{\"@id\":\"https:\\\/\\\/saltoecologico.es\\\/index.php\\\/2022\\\/11\\\/17\\\/dependencia-inasumible\\\/#primaryimage\"},\"thumbnailUrl\":\"https:\\\/\\\/saltoecologico.es\\\/wp-content\\\/uploads\\\/2025\\\/04\\\/Fosiles9.jpg\",\"datePublished\":\"2022-11-17T10:11:00+00:00\",\"dateModified\":\"2025-04-14T10:12:39+00:00\",\"breadcrumb\":{\"@id\":\"https:\\\/\\\/saltoecologico.es\\\/index.php\\\/2022\\\/11\\\/17\\\/dependencia-inasumible\\\/#breadcrumb\"},\"inLanguage\":\"es\",\"potentialAction\":[{\"@type\":\"ReadAction\",\"target\":[\"https:\\\/\\\/saltoecologico.es\\\/index.php\\\/2022\\\/11\\\/17\\\/dependencia-inasumible\\\/\"]}]},{\"@type\":\"ImageObject\",\"inLanguage\":\"es\",\"@id\":\"https:\\\/\\\/saltoecologico.es\\\/index.php\\\/2022\\\/11\\\/17\\\/dependencia-inasumible\\\/#primaryimage\",\"url\":\"https:\\\/\\\/saltoecologico.es\\\/wp-content\\\/uploads\\\/2025\\\/04\\\/Fosiles9.jpg\",\"contentUrl\":\"https:\\\/\\\/saltoecologico.es\\\/wp-content\\\/uploads\\\/2025\\\/04\\\/Fosiles9.jpg\",\"width\":1024,\"height\":683,\"caption\":\"Aerial view of coal power plant high pipes with black smoke moving up polluting atmosphere at sunrise.\"},{\"@type\":\"BreadcrumbList\",\"@id\":\"https:\\\/\\\/saltoecologico.es\\\/index.php\\\/2022\\\/11\\\/17\\\/dependencia-inasumible\\\/#breadcrumb\",\"itemListElement\":[{\"@type\":\"ListItem\",\"position\":1,\"name\":\"Portada\",\"item\":\"https:\\\/\\\/saltoecologico.es\\\/\"},{\"@type\":\"ListItem\",\"position\":2,\"name\":\"Dependencia inasumible\"}]},{\"@type\":\"WebSite\",\"@id\":\"https:\\\/\\\/saltoecologico.es\\\/#website\",\"url\":\"https:\\\/\\\/saltoecologico.es\\\/\",\"name\":\"Salto Ecol\u00f3gico\",\"description\":\"\",\"publisher\":{\"@id\":\"https:\\\/\\\/saltoecologico.es\\\/#organization\"},\"potentialAction\":[{\"@type\":\"SearchAction\",\"target\":{\"@type\":\"EntryPoint\",\"urlTemplate\":\"https:\\\/\\\/saltoecologico.es\\\/?s={search_term_string}\"},\"query-input\":{\"@type\":\"PropertyValueSpecification\",\"valueRequired\":true,\"valueName\":\"search_term_string\"}}],\"inLanguage\":\"es\"},{\"@type\":\"Organization\",\"@id\":\"https:\\\/\\\/saltoecologico.es\\\/#organization\",\"name\":\"Salto a la Transici\u00f3n Ecol\u00f3gica\",\"url\":\"https:\\\/\\\/saltoecologico.es\\\/\",\"logo\":{\"@type\":\"ImageObject\",\"inLanguage\":\"es\",\"@id\":\"https:\\\/\\\/saltoecologico.es\\\/#\\\/schema\\\/logo\\\/image\\\/\",\"url\":\"https:\\\/\\\/saltoecologico.es\\\/wp-content\\\/uploads\\\/2025\\\/04\\\/Logo-STE.jpg\",\"contentUrl\":\"https:\\\/\\\/saltoecologico.es\\\/wp-content\\\/uploads\\\/2025\\\/04\\\/Logo-STE.jpg\",\"width\":435,\"height\":435,\"caption\":\"Salto a la Transici\u00f3n Ecol\u00f3gica\"},\"image\":{\"@id\":\"https:\\\/\\\/saltoecologico.es\\\/#\\\/schema\\\/logo\\\/image\\\/\"},\"sameAs\":[\"https:\\\/\\\/www.facebook.com\\\/Saltotransicionecologica\"]},{\"@type\":\"Person\",\"@id\":\"https:\\\/\\\/saltoecologico.es\\\/#\\\/schema\\\/person\\\/7175eec4b3c123d86c675313c3a01a0b\",\"name\":\"admin\",\"image\":{\"@type\":\"ImageObject\",\"inLanguage\":\"es\",\"@id\":\"https:\\\/\\\/secure.gravatar.com\\\/avatar\\\/4c215dc57bbc7b2f2f470ac9bd197f3f112636a584e575a732d0206a2d9c9806?s=96&d=mm&r=g\",\"url\":\"https:\\\/\\\/secure.gravatar.com\\\/avatar\\\/4c215dc57bbc7b2f2f470ac9bd197f3f112636a584e575a732d0206a2d9c9806?s=96&d=mm&r=g\",\"contentUrl\":\"https:\\\/\\\/secure.gravatar.com\\\/avatar\\\/4c215dc57bbc7b2f2f470ac9bd197f3f112636a584e575a732d0206a2d9c9806?s=96&d=mm&r=g\",\"caption\":\"admin\"},\"sameAs\":[\"https:\\\/\\\/saltoecologico.es\"],\"url\":\"https:\\\/\\\/saltoecologico.es\\\/index.php\\\/author\\\/saltoecologico\\\/\"}]}<\/script>\n<!-- \/ Yoast SEO plugin. -->","yoast_head_json":{"title":"Dependencia inasumible - Salto Ecol\u00f3gico","robots":{"index":"index","follow":"follow","max-snippet":"max-snippet:-1","max-image-preview":"max-image-preview:large","max-video-preview":"max-video-preview:-1"},"canonical":"https:\/\/saltoecologico.es\/index.php\/2022\/11\/17\/dependencia-inasumible\/","og_locale":"es_ES","og_type":"article","og_title":"Dependencia inasumible - Salto Ecol\u00f3gico","og_description":"Cuando desde Salto a la Transici\u00f3n Ecol\u00f3gica abogamos por una transici\u00f3n acelerada a sistemas el\u00e9ctricos 100% renovables, lo hacemos desde una perspectiva realista de las posibilidades tecnol\u00f3gicas, lo hacemos desde una perspectiva medioambiental como la que supone el que ya no haya tiempo para estar con pa\u00f1os calientes con el cambio clim\u00e1tico antropog\u00e9nico, lo hacemos [&hellip;]","og_url":"https:\/\/saltoecologico.es\/index.php\/2022\/11\/17\/dependencia-inasumible\/","og_site_name":"Salto Ecol\u00f3gico","article_publisher":"https:\/\/www.facebook.com\/Saltotransicionecologica","article_published_time":"2022-11-17T10:11:00+00:00","article_modified_time":"2025-04-14T10:12:39+00:00","og_image":[{"width":1024,"height":683,"url":"https:\/\/saltoecologico.es\/wp-content\/uploads\/2025\/04\/Fosiles9.jpg","type":"image\/jpeg"}],"author":"admin","twitter_card":"summary_large_image","twitter_misc":{"Escrito por":"admin","Tiempo de lectura":"3 minutos"},"schema":{"@context":"https:\/\/schema.org","@graph":[{"@type":"Article","@id":"https:\/\/saltoecologico.es\/index.php\/2022\/11\/17\/dependencia-inasumible\/#article","isPartOf":{"@id":"https:\/\/saltoecologico.es\/index.php\/2022\/11\/17\/dependencia-inasumible\/"},"author":{"name":"admin","@id":"https:\/\/saltoecologico.es\/#\/schema\/person\/7175eec4b3c123d86c675313c3a01a0b"},"headline":"Dependencia inasumible","datePublished":"2022-11-17T10:11:00+00:00","dateModified":"2025-04-14T10:12:39+00:00","mainEntityOfPage":{"@id":"https:\/\/saltoecologico.es\/index.php\/2022\/11\/17\/dependencia-inasumible\/"},"wordCount":673,"commentCount":0,"publisher":{"@id":"https:\/\/saltoecologico.es\/#organization"},"image":{"@id":"https:\/\/saltoecologico.es\/index.php\/2022\/11\/17\/dependencia-inasumible\/#primaryimage"},"thumbnailUrl":"https:\/\/saltoecologico.es\/wp-content\/uploads\/2025\/04\/Fosiles9.jpg","articleSection":["F\u00f3siles"],"inLanguage":"es","potentialAction":[{"@type":"CommentAction","name":"Comment","target":["https:\/\/saltoecologico.es\/index.php\/2022\/11\/17\/dependencia-inasumible\/#respond"]}]},{"@type":"WebPage","@id":"https:\/\/saltoecologico.es\/index.php\/2022\/11\/17\/dependencia-inasumible\/","url":"https:\/\/saltoecologico.es\/index.php\/2022\/11\/17\/dependencia-inasumible\/","name":"Dependencia inasumible - Salto Ecol\u00f3gico","isPartOf":{"@id":"https:\/\/saltoecologico.es\/#website"},"primaryImageOfPage":{"@id":"https:\/\/saltoecologico.es\/index.php\/2022\/11\/17\/dependencia-inasumible\/#primaryimage"},"image":{"@id":"https:\/\/saltoecologico.es\/index.php\/2022\/11\/17\/dependencia-inasumible\/#primaryimage"},"thumbnailUrl":"https:\/\/saltoecologico.es\/wp-content\/uploads\/2025\/04\/Fosiles9.jpg","datePublished":"2022-11-17T10:11:00+00:00","dateModified":"2025-04-14T10:12:39+00:00","breadcrumb":{"@id":"https:\/\/saltoecologico.es\/index.php\/2022\/11\/17\/dependencia-inasumible\/#breadcrumb"},"inLanguage":"es","potentialAction":[{"@type":"ReadAction","target":["https:\/\/saltoecologico.es\/index.php\/2022\/11\/17\/dependencia-inasumible\/"]}]},{"@type":"ImageObject","inLanguage":"es","@id":"https:\/\/saltoecologico.es\/index.php\/2022\/11\/17\/dependencia-inasumible\/#primaryimage","url":"https:\/\/saltoecologico.es\/wp-content\/uploads\/2025\/04\/Fosiles9.jpg","contentUrl":"https:\/\/saltoecologico.es\/wp-content\/uploads\/2025\/04\/Fosiles9.jpg","width":1024,"height":683,"caption":"Aerial view of coal power plant high pipes with black smoke moving up polluting atmosphere at sunrise."},{"@type":"BreadcrumbList","@id":"https:\/\/saltoecologico.es\/index.php\/2022\/11\/17\/dependencia-inasumible\/#breadcrumb","itemListElement":[{"@type":"ListItem","position":1,"name":"Portada","item":"https:\/\/saltoecologico.es\/"},{"@type":"ListItem","position":2,"name":"Dependencia inasumible"}]},{"@type":"WebSite","@id":"https:\/\/saltoecologico.es\/#website","url":"https:\/\/saltoecologico.es\/","name":"Salto Ecol\u00f3gico","description":"","publisher":{"@id":"https:\/\/saltoecologico.es\/#organization"},"potentialAction":[{"@type":"SearchAction","target":{"@type":"EntryPoint","urlTemplate":"https:\/\/saltoecologico.es\/?s={search_term_string}"},"query-input":{"@type":"PropertyValueSpecification","valueRequired":true,"valueName":"search_term_string"}}],"inLanguage":"es"},{"@type":"Organization","@id":"https:\/\/saltoecologico.es\/#organization","name":"Salto a la Transici\u00f3n Ecol\u00f3gica","url":"https:\/\/saltoecologico.es\/","logo":{"@type":"ImageObject","inLanguage":"es","@id":"https:\/\/saltoecologico.es\/#\/schema\/logo\/image\/","url":"https:\/\/saltoecologico.es\/wp-content\/uploads\/2025\/04\/Logo-STE.jpg","contentUrl":"https:\/\/saltoecologico.es\/wp-content\/uploads\/2025\/04\/Logo-STE.jpg","width":435,"height":435,"caption":"Salto a la Transici\u00f3n Ecol\u00f3gica"},"image":{"@id":"https:\/\/saltoecologico.es\/#\/schema\/logo\/image\/"},"sameAs":["https:\/\/www.facebook.com\/Saltotransicionecologica"]},{"@type":"Person","@id":"https:\/\/saltoecologico.es\/#\/schema\/person\/7175eec4b3c123d86c675313c3a01a0b","name":"admin","image":{"@type":"ImageObject","inLanguage":"es","@id":"https:\/\/secure.gravatar.com\/avatar\/4c215dc57bbc7b2f2f470ac9bd197f3f112636a584e575a732d0206a2d9c9806?s=96&d=mm&r=g","url":"https:\/\/secure.gravatar.com\/avatar\/4c215dc57bbc7b2f2f470ac9bd197f3f112636a584e575a732d0206a2d9c9806?s=96&d=mm&r=g","contentUrl":"https:\/\/secure.gravatar.com\/avatar\/4c215dc57bbc7b2f2f470ac9bd197f3f112636a584e575a732d0206a2d9c9806?s=96&d=mm&r=g","caption":"admin"},"sameAs":["https:\/\/saltoecologico.es"],"url":"https:\/\/saltoecologico.es\/index.php\/author\/saltoecologico\/"}]}},"_links":{"self":[{"href":"https:\/\/saltoecologico.es\/index.php\/wp-json\/wp\/v2\/posts\/516","targetHints":{"allow":["GET"]}}],"collection":[{"href":"https:\/\/saltoecologico.es\/index.php\/wp-json\/wp\/v2\/posts"}],"about":[{"href":"https:\/\/saltoecologico.es\/index.php\/wp-json\/wp\/v2\/types\/post"}],"author":[{"embeddable":true,"href":"https:\/\/saltoecologico.es\/index.php\/wp-json\/wp\/v2\/users\/1"}],"replies":[{"embeddable":true,"href":"https:\/\/saltoecologico.es\/index.php\/wp-json\/wp\/v2\/comments?post=516"}],"version-history":[{"count":1,"href":"https:\/\/saltoecologico.es\/index.php\/wp-json\/wp\/v2\/posts\/516\/revisions"}],"predecessor-version":[{"id":518,"href":"https:\/\/saltoecologico.es\/index.php\/wp-json\/wp\/v2\/posts\/516\/revisions\/518"}],"wp:featuredmedia":[{"embeddable":true,"href":"https:\/\/saltoecologico.es\/index.php\/wp-json\/wp\/v2\/media\/517"}],"wp:attachment":[{"href":"https:\/\/saltoecologico.es\/index.php\/wp-json\/wp\/v2\/media?parent=516"}],"wp:term":[{"taxonomy":"category","embeddable":true,"href":"https:\/\/saltoecologico.es\/index.php\/wp-json\/wp\/v2\/categories?post=516"},{"taxonomy":"post_tag","embeddable":true,"href":"https:\/\/saltoecologico.es\/index.php\/wp-json\/wp\/v2\/tags?post=516"}],"curies":[{"name":"wp","href":"https:\/\/api.w.org\/{rel}","templated":true}]}}