{"id":519,"date":"2022-11-19T10:14:00","date_gmt":"2022-11-19T10:14:00","guid":{"rendered":"https:\/\/saltoecologico.es\/?p=519"},"modified":"2025-04-14T10:14:57","modified_gmt":"2025-04-14T10:14:57","slug":"tiempo-de-descuento","status":"publish","type":"post","link":"https:\/\/saltoecologico.es\/index.php\/2022\/11\/19\/tiempo-de-descuento\/","title":{"rendered":"Tiempo de descuento"},"content":{"rendered":"\n<p class=\"wp-block-paragraph\">\u201cEstamos preocupados sobre lo que hemos o\u00eddo en las \u00faltimas horas porque podr\u00eda indicar pasos atr\u00e1s en la ambici\u00f3n clim\u00e1tica\u201d. Con estas palabras el vicepresidente de la Comisi\u00f3n Europea, Franz Timmermans alzaba la voz de alarma, el s\u00e1bado 19 de noviembre, despu\u00e9s de toda una noche de negociaciones en la COP27. Efectivamente, si por algo se a caracterizado esta cumbre es porque las voces que abogan por no ser tan exigentes con el cambio de paradigma energ\u00e9tico, ya no se ruborizan en exponer sus ideas, de crear incertidumbres en contra del cambio clim\u00e1tico antropog\u00e9nico, en intentar, en definitiva, alargar la vida de los combustibles f\u00f3siles en nuestras econom\u00edas. No en vano en esta cumbre, se ha dado la mayor presencia de lobbies de las grandes energ\u00e9ticas del petr\u00f3leo y sus derivados, con el benepl\u00e1cito de las instituciones encargadas de su organizaci\u00f3n.<\/p>\n\n\n\n<p class=\"wp-block-paragraph\">Que estos comportamientos se den por parte de estas corporaciones es cuando menos, cuestionable. Que estos comportamientos sean permitidos por las instituciones responsables es execrable, pero que ciertos sectores radicales del ecologismo se plantee aunar la lucha clim\u00e1tica con toda una serie de reivindicaciones hist\u00f3ricas de la sociedad, aun sabiendo que esto lo que supone es paralizar y ralentizar la lucha principal, es bastante frustrante. Es como si tienes una herida sangrando y no le pones un ap\u00f3sito inmediatamente porque no se consigue ninguno de fabricaci\u00f3n natural, ecol\u00f3gico o kil\u00f3metro cero, prefiriendo que el paciente se desangre mientras se busca un producto adecuado.<\/p>\n\n\n\n<p class=\"wp-block-paragraph\">La crisis clim\u00e1tica es el mayor embate al que se ha enfrentado nunca la humanidad. En su lucha no cabe ambages ideol\u00f3gicos, por muy bien intencionados que sean, porque simplemente no hay tiempo, repetimos NO HAY TIEMPO. Un se\u00f1or de izquierdas no va a reducir mas CO2 que uno de derechas, por el simple hecho de pensar que su ideolog\u00eda es moral y \u00e9ticamente superior. Un ecologista no va a parar las emisiones de efecto invernadero, permitiendo que grupos actuales de fuel sean sustituidos por otros m\u00e1s peque\u00f1os, tambi\u00e9n de fuel. Un empresario no va a mejorar sus perspectivas econ\u00f3micas abogando por la introducci\u00f3n del gas, si la econom\u00eda en su conjunto va a sufrir reveses clim\u00e1ticos cada vez m\u00e1s catastr\u00f3ficos.<\/p>\n\n\n\n<p class=\"wp-block-paragraph\">Los cient\u00edficos han demostrado fehacientemente que se est\u00e1 produciendo un cambio clim\u00e1tico acelerado y que su principal manifestaci\u00f3n es el aumento de temperatura en todo el planeta. Tambi\u00e9n han determinado que este aumento de temperatura se debe a que los gases de efecto invernadero han aumentado considerablemente en las \u00faltimas d\u00e9cadas, con lo que el efecto invernadero se ha potenciado, llev\u00e1ndonos a que, en pocos a\u00f1os los fen\u00f3menos meteorol\u00f3gicos adversos, la desertizaci\u00f3n de grandes zonas del planeta, la subida del nivel del mar o la galopante escasez de agua, se conviertan en una realidad inminente.<\/p>\n\n\n\n<p class=\"wp-block-paragraph\">Por todo eso lo \u00fanico que cabe es parar, primero, el aumento y posteriormente, comenzar su reducci\u00f3n de los GEI. Para ello tendremos que emplear los medios m\u00e1s eficaces que tengamos a nuestro alcance, porque la alternativa no es una opci\u00f3n.<\/p>\n","protected":false},"excerpt":{"rendered":"<p>\u201cEstamos preocupados sobre lo que hemos o\u00eddo en las \u00faltimas horas porque podr\u00eda indicar pasos atr\u00e1s en la ambici\u00f3n clim\u00e1tica\u201d. Con estas palabras el vicepresidente de la Comisi\u00f3n Europea, Franz Timmermans alzaba la voz de alarma, el s\u00e1bado 19 de noviembre, despu\u00e9s de toda una noche de negociaciones en la COP27. Efectivamente, si por algo [&hellip;]<\/p>\n","protected":false},"author":1,"featured_media":520,"comment_status":"open","ping_status":"open","sticky":false,"template":"","format":"standard","meta":{"footnotes":""},"categories":[55],"tags":[],"class_list":["post-519","post","type-post","status-publish","format-standard","has-post-thumbnail","category-general"],"yoast_head":"<!-- This site is optimized with the Yoast SEO plugin v28.2 - https:\/\/yoast.com\/product\/yoast-seo-wordpress\/ -->\n<title>Tiempo de descuento - Salto Ecol\u00f3gico<\/title>\n<meta name=\"robots\" content=\"index, follow, max-snippet:-1, max-image-preview:large, max-video-preview:-1\" \/>\n<link rel=\"canonical\" href=\"https:\/\/saltoecologico.es\/index.php\/2022\/11\/19\/tiempo-de-descuento\/\" \/>\n<meta property=\"og:locale\" content=\"es_ES\" \/>\n<meta property=\"og:type\" content=\"article\" \/>\n<meta property=\"og:title\" content=\"Tiempo de descuento - Salto Ecol\u00f3gico\" \/>\n<meta property=\"og:description\" content=\"\u201cEstamos preocupados sobre lo que hemos o\u00eddo en las \u00faltimas horas porque podr\u00eda indicar pasos atr\u00e1s en la ambici\u00f3n clim\u00e1tica\u201d. Con estas palabras el vicepresidente de la Comisi\u00f3n Europea, Franz Timmermans alzaba la voz de alarma, el s\u00e1bado 19 de noviembre, despu\u00e9s de toda una noche de negociaciones en la COP27. Efectivamente, si por algo [&hellip;]\" \/>\n<meta property=\"og:url\" content=\"https:\/\/saltoecologico.es\/index.php\/2022\/11\/19\/tiempo-de-descuento\/\" \/>\n<meta property=\"og:site_name\" content=\"Salto Ecol\u00f3gico\" \/>\n<meta property=\"article:publisher\" content=\"https:\/\/www.facebook.com\/Saltotransicionecologica\" \/>\n<meta property=\"article:published_time\" content=\"2022-11-19T10:14:00+00:00\" \/>\n<meta property=\"article:modified_time\" content=\"2025-04-14T10:14:57+00:00\" \/>\n<meta property=\"og:image\" content=\"https:\/\/saltoecologico.es\/wp-content\/uploads\/2025\/04\/Fosiles10.jpg\" \/>\n\t<meta property=\"og:image:width\" content=\"1024\" \/>\n\t<meta property=\"og:image:height\" content=\"683\" \/>\n\t<meta property=\"og:image:type\" content=\"image\/jpeg\" \/>\n<meta name=\"author\" content=\"admin\" \/>\n<meta name=\"twitter:card\" content=\"summary_large_image\" \/>\n<meta name=\"twitter:label1\" content=\"Escrito por\" \/>\n\t<meta name=\"twitter:data1\" content=\"admin\" \/>\n\t<meta name=\"twitter:label2\" content=\"Tiempo de lectura\" \/>\n\t<meta name=\"twitter:data2\" content=\"3 minutos\" \/>\n<script type=\"application\/ld+json\" class=\"yoast-schema-graph\">{\"@context\":\"https:\\\/\\\/schema.org\",\"@graph\":[{\"@type\":\"Article\",\"@id\":\"https:\\\/\\\/saltoecologico.es\\\/index.php\\\/2022\\\/11\\\/19\\\/tiempo-de-descuento\\\/#article\",\"isPartOf\":{\"@id\":\"https:\\\/\\\/saltoecologico.es\\\/index.php\\\/2022\\\/11\\\/19\\\/tiempo-de-descuento\\\/\"},\"author\":{\"name\":\"admin\",\"@id\":\"https:\\\/\\\/saltoecologico.es\\\/#\\\/schema\\\/person\\\/7175eec4b3c123d86c675313c3a01a0b\"},\"headline\":\"Tiempo de descuento\",\"datePublished\":\"2022-11-19T10:14:00+00:00\",\"dateModified\":\"2025-04-14T10:14:57+00:00\",\"mainEntityOfPage\":{\"@id\":\"https:\\\/\\\/saltoecologico.es\\\/index.php\\\/2022\\\/11\\\/19\\\/tiempo-de-descuento\\\/\"},\"wordCount\":552,\"commentCount\":0,\"publisher\":{\"@id\":\"https:\\\/\\\/saltoecologico.es\\\/#organization\"},\"image\":{\"@id\":\"https:\\\/\\\/saltoecologico.es\\\/index.php\\\/2022\\\/11\\\/19\\\/tiempo-de-descuento\\\/#primaryimage\"},\"thumbnailUrl\":\"https:\\\/\\\/saltoecologico.es\\\/wp-content\\\/uploads\\\/2025\\\/04\\\/Fosiles10.jpg\",\"articleSection\":[\"General\"],\"inLanguage\":\"es\",\"potentialAction\":[{\"@type\":\"CommentAction\",\"name\":\"Comment\",\"target\":[\"https:\\\/\\\/saltoecologico.es\\\/index.php\\\/2022\\\/11\\\/19\\\/tiempo-de-descuento\\\/#respond\"]}]},{\"@type\":\"WebPage\",\"@id\":\"https:\\\/\\\/saltoecologico.es\\\/index.php\\\/2022\\\/11\\\/19\\\/tiempo-de-descuento\\\/\",\"url\":\"https:\\\/\\\/saltoecologico.es\\\/index.php\\\/2022\\\/11\\\/19\\\/tiempo-de-descuento\\\/\",\"name\":\"Tiempo de descuento - Salto Ecol\u00f3gico\",\"isPartOf\":{\"@id\":\"https:\\\/\\\/saltoecologico.es\\\/#website\"},\"primaryImageOfPage\":{\"@id\":\"https:\\\/\\\/saltoecologico.es\\\/index.php\\\/2022\\\/11\\\/19\\\/tiempo-de-descuento\\\/#primaryimage\"},\"image\":{\"@id\":\"https:\\\/\\\/saltoecologico.es\\\/index.php\\\/2022\\\/11\\\/19\\\/tiempo-de-descuento\\\/#primaryimage\"},\"thumbnailUrl\":\"https:\\\/\\\/saltoecologico.es\\\/wp-content\\\/uploads\\\/2025\\\/04\\\/Fosiles10.jpg\",\"datePublished\":\"2022-11-19T10:14:00+00:00\",\"dateModified\":\"2025-04-14T10:14:57+00:00\",\"breadcrumb\":{\"@id\":\"https:\\\/\\\/saltoecologico.es\\\/index.php\\\/2022\\\/11\\\/19\\\/tiempo-de-descuento\\\/#breadcrumb\"},\"inLanguage\":\"es\",\"potentialAction\":[{\"@type\":\"ReadAction\",\"target\":[\"https:\\\/\\\/saltoecologico.es\\\/index.php\\\/2022\\\/11\\\/19\\\/tiempo-de-descuento\\\/\"]}]},{\"@type\":\"ImageObject\",\"inLanguage\":\"es\",\"@id\":\"https:\\\/\\\/saltoecologico.es\\\/index.php\\\/2022\\\/11\\\/19\\\/tiempo-de-descuento\\\/#primaryimage\",\"url\":\"https:\\\/\\\/saltoecologico.es\\\/wp-content\\\/uploads\\\/2025\\\/04\\\/Fosiles10.jpg\",\"contentUrl\":\"https:\\\/\\\/saltoecologico.es\\\/wp-content\\\/uploads\\\/2025\\\/04\\\/Fosiles10.jpg\",\"width\":1024,\"height\":683,\"caption\":\"Aerial view of coal power plant high pipes with black smoke moving up polluting atmosphere at sunrise.\"},{\"@type\":\"BreadcrumbList\",\"@id\":\"https:\\\/\\\/saltoecologico.es\\\/index.php\\\/2022\\\/11\\\/19\\\/tiempo-de-descuento\\\/#breadcrumb\",\"itemListElement\":[{\"@type\":\"ListItem\",\"position\":1,\"name\":\"Portada\",\"item\":\"https:\\\/\\\/saltoecologico.es\\\/\"},{\"@type\":\"ListItem\",\"position\":2,\"name\":\"Tiempo de descuento\"}]},{\"@type\":\"WebSite\",\"@id\":\"https:\\\/\\\/saltoecologico.es\\\/#website\",\"url\":\"https:\\\/\\\/saltoecologico.es\\\/\",\"name\":\"Salto Ecol\u00f3gico\",\"description\":\"\",\"publisher\":{\"@id\":\"https:\\\/\\\/saltoecologico.es\\\/#organization\"},\"potentialAction\":[{\"@type\":\"SearchAction\",\"target\":{\"@type\":\"EntryPoint\",\"urlTemplate\":\"https:\\\/\\\/saltoecologico.es\\\/?s={search_term_string}\"},\"query-input\":{\"@type\":\"PropertyValueSpecification\",\"valueRequired\":true,\"valueName\":\"search_term_string\"}}],\"inLanguage\":\"es\"},{\"@type\":\"Organization\",\"@id\":\"https:\\\/\\\/saltoecologico.es\\\/#organization\",\"name\":\"Salto a la Transici\u00f3n Ecol\u00f3gica\",\"url\":\"https:\\\/\\\/saltoecologico.es\\\/\",\"logo\":{\"@type\":\"ImageObject\",\"inLanguage\":\"es\",\"@id\":\"https:\\\/\\\/saltoecologico.es\\\/#\\\/schema\\\/logo\\\/image\\\/\",\"url\":\"https:\\\/\\\/saltoecologico.es\\\/wp-content\\\/uploads\\\/2025\\\/04\\\/Logo-STE.jpg\",\"contentUrl\":\"https:\\\/\\\/saltoecologico.es\\\/wp-content\\\/uploads\\\/2025\\\/04\\\/Logo-STE.jpg\",\"width\":435,\"height\":435,\"caption\":\"Salto a la Transici\u00f3n Ecol\u00f3gica\"},\"image\":{\"@id\":\"https:\\\/\\\/saltoecologico.es\\\/#\\\/schema\\\/logo\\\/image\\\/\"},\"sameAs\":[\"https:\\\/\\\/www.facebook.com\\\/Saltotransicionecologica\"]},{\"@type\":\"Person\",\"@id\":\"https:\\\/\\\/saltoecologico.es\\\/#\\\/schema\\\/person\\\/7175eec4b3c123d86c675313c3a01a0b\",\"name\":\"admin\",\"image\":{\"@type\":\"ImageObject\",\"inLanguage\":\"es\",\"@id\":\"https:\\\/\\\/secure.gravatar.com\\\/avatar\\\/4c215dc57bbc7b2f2f470ac9bd197f3f112636a584e575a732d0206a2d9c9806?s=96&d=mm&r=g\",\"url\":\"https:\\\/\\\/secure.gravatar.com\\\/avatar\\\/4c215dc57bbc7b2f2f470ac9bd197f3f112636a584e575a732d0206a2d9c9806?s=96&d=mm&r=g\",\"contentUrl\":\"https:\\\/\\\/secure.gravatar.com\\\/avatar\\\/4c215dc57bbc7b2f2f470ac9bd197f3f112636a584e575a732d0206a2d9c9806?s=96&d=mm&r=g\",\"caption\":\"admin\"},\"sameAs\":[\"https:\\\/\\\/saltoecologico.es\"],\"url\":\"https:\\\/\\\/saltoecologico.es\\\/index.php\\\/author\\\/saltoecologico\\\/\"}]}<\/script>\n<!-- \/ Yoast SEO plugin. -->","yoast_head_json":{"title":"Tiempo de descuento - Salto Ecol\u00f3gico","robots":{"index":"index","follow":"follow","max-snippet":"max-snippet:-1","max-image-preview":"max-image-preview:large","max-video-preview":"max-video-preview:-1"},"canonical":"https:\/\/saltoecologico.es\/index.php\/2022\/11\/19\/tiempo-de-descuento\/","og_locale":"es_ES","og_type":"article","og_title":"Tiempo de descuento - Salto Ecol\u00f3gico","og_description":"\u201cEstamos preocupados sobre lo que hemos o\u00eddo en las \u00faltimas horas porque podr\u00eda indicar pasos atr\u00e1s en la ambici\u00f3n clim\u00e1tica\u201d. Con estas palabras el vicepresidente de la Comisi\u00f3n Europea, Franz Timmermans alzaba la voz de alarma, el s\u00e1bado 19 de noviembre, despu\u00e9s de toda una noche de negociaciones en la COP27. Efectivamente, si por algo [&hellip;]","og_url":"https:\/\/saltoecologico.es\/index.php\/2022\/11\/19\/tiempo-de-descuento\/","og_site_name":"Salto Ecol\u00f3gico","article_publisher":"https:\/\/www.facebook.com\/Saltotransicionecologica","article_published_time":"2022-11-19T10:14:00+00:00","article_modified_time":"2025-04-14T10:14:57+00:00","og_image":[{"width":1024,"height":683,"url":"https:\/\/saltoecologico.es\/wp-content\/uploads\/2025\/04\/Fosiles10.jpg","type":"image\/jpeg"}],"author":"admin","twitter_card":"summary_large_image","twitter_misc":{"Escrito por":"admin","Tiempo de lectura":"3 minutos"},"schema":{"@context":"https:\/\/schema.org","@graph":[{"@type":"Article","@id":"https:\/\/saltoecologico.es\/index.php\/2022\/11\/19\/tiempo-de-descuento\/#article","isPartOf":{"@id":"https:\/\/saltoecologico.es\/index.php\/2022\/11\/19\/tiempo-de-descuento\/"},"author":{"name":"admin","@id":"https:\/\/saltoecologico.es\/#\/schema\/person\/7175eec4b3c123d86c675313c3a01a0b"},"headline":"Tiempo de descuento","datePublished":"2022-11-19T10:14:00+00:00","dateModified":"2025-04-14T10:14:57+00:00","mainEntityOfPage":{"@id":"https:\/\/saltoecologico.es\/index.php\/2022\/11\/19\/tiempo-de-descuento\/"},"wordCount":552,"commentCount":0,"publisher":{"@id":"https:\/\/saltoecologico.es\/#organization"},"image":{"@id":"https:\/\/saltoecologico.es\/index.php\/2022\/11\/19\/tiempo-de-descuento\/#primaryimage"},"thumbnailUrl":"https:\/\/saltoecologico.es\/wp-content\/uploads\/2025\/04\/Fosiles10.jpg","articleSection":["General"],"inLanguage":"es","potentialAction":[{"@type":"CommentAction","name":"Comment","target":["https:\/\/saltoecologico.es\/index.php\/2022\/11\/19\/tiempo-de-descuento\/#respond"]}]},{"@type":"WebPage","@id":"https:\/\/saltoecologico.es\/index.php\/2022\/11\/19\/tiempo-de-descuento\/","url":"https:\/\/saltoecologico.es\/index.php\/2022\/11\/19\/tiempo-de-descuento\/","name":"Tiempo de descuento - Salto Ecol\u00f3gico","isPartOf":{"@id":"https:\/\/saltoecologico.es\/#website"},"primaryImageOfPage":{"@id":"https:\/\/saltoecologico.es\/index.php\/2022\/11\/19\/tiempo-de-descuento\/#primaryimage"},"image":{"@id":"https:\/\/saltoecologico.es\/index.php\/2022\/11\/19\/tiempo-de-descuento\/#primaryimage"},"thumbnailUrl":"https:\/\/saltoecologico.es\/wp-content\/uploads\/2025\/04\/Fosiles10.jpg","datePublished":"2022-11-19T10:14:00+00:00","dateModified":"2025-04-14T10:14:57+00:00","breadcrumb":{"@id":"https:\/\/saltoecologico.es\/index.php\/2022\/11\/19\/tiempo-de-descuento\/#breadcrumb"},"inLanguage":"es","potentialAction":[{"@type":"ReadAction","target":["https:\/\/saltoecologico.es\/index.php\/2022\/11\/19\/tiempo-de-descuento\/"]}]},{"@type":"ImageObject","inLanguage":"es","@id":"https:\/\/saltoecologico.es\/index.php\/2022\/11\/19\/tiempo-de-descuento\/#primaryimage","url":"https:\/\/saltoecologico.es\/wp-content\/uploads\/2025\/04\/Fosiles10.jpg","contentUrl":"https:\/\/saltoecologico.es\/wp-content\/uploads\/2025\/04\/Fosiles10.jpg","width":1024,"height":683,"caption":"Aerial view of coal power plant high pipes with black smoke moving up polluting atmosphere at sunrise."},{"@type":"BreadcrumbList","@id":"https:\/\/saltoecologico.es\/index.php\/2022\/11\/19\/tiempo-de-descuento\/#breadcrumb","itemListElement":[{"@type":"ListItem","position":1,"name":"Portada","item":"https:\/\/saltoecologico.es\/"},{"@type":"ListItem","position":2,"name":"Tiempo de descuento"}]},{"@type":"WebSite","@id":"https:\/\/saltoecologico.es\/#website","url":"https:\/\/saltoecologico.es\/","name":"Salto Ecol\u00f3gico","description":"","publisher":{"@id":"https:\/\/saltoecologico.es\/#organization"},"potentialAction":[{"@type":"SearchAction","target":{"@type":"EntryPoint","urlTemplate":"https:\/\/saltoecologico.es\/?s={search_term_string}"},"query-input":{"@type":"PropertyValueSpecification","valueRequired":true,"valueName":"search_term_string"}}],"inLanguage":"es"},{"@type":"Organization","@id":"https:\/\/saltoecologico.es\/#organization","name":"Salto a la Transici\u00f3n Ecol\u00f3gica","url":"https:\/\/saltoecologico.es\/","logo":{"@type":"ImageObject","inLanguage":"es","@id":"https:\/\/saltoecologico.es\/#\/schema\/logo\/image\/","url":"https:\/\/saltoecologico.es\/wp-content\/uploads\/2025\/04\/Logo-STE.jpg","contentUrl":"https:\/\/saltoecologico.es\/wp-content\/uploads\/2025\/04\/Logo-STE.jpg","width":435,"height":435,"caption":"Salto a la Transici\u00f3n Ecol\u00f3gica"},"image":{"@id":"https:\/\/saltoecologico.es\/#\/schema\/logo\/image\/"},"sameAs":["https:\/\/www.facebook.com\/Saltotransicionecologica"]},{"@type":"Person","@id":"https:\/\/saltoecologico.es\/#\/schema\/person\/7175eec4b3c123d86c675313c3a01a0b","name":"admin","image":{"@type":"ImageObject","inLanguage":"es","@id":"https:\/\/secure.gravatar.com\/avatar\/4c215dc57bbc7b2f2f470ac9bd197f3f112636a584e575a732d0206a2d9c9806?s=96&d=mm&r=g","url":"https:\/\/secure.gravatar.com\/avatar\/4c215dc57bbc7b2f2f470ac9bd197f3f112636a584e575a732d0206a2d9c9806?s=96&d=mm&r=g","contentUrl":"https:\/\/secure.gravatar.com\/avatar\/4c215dc57bbc7b2f2f470ac9bd197f3f112636a584e575a732d0206a2d9c9806?s=96&d=mm&r=g","caption":"admin"},"sameAs":["https:\/\/saltoecologico.es"],"url":"https:\/\/saltoecologico.es\/index.php\/author\/saltoecologico\/"}]}},"_links":{"self":[{"href":"https:\/\/saltoecologico.es\/index.php\/wp-json\/wp\/v2\/posts\/519","targetHints":{"allow":["GET"]}}],"collection":[{"href":"https:\/\/saltoecologico.es\/index.php\/wp-json\/wp\/v2\/posts"}],"about":[{"href":"https:\/\/saltoecologico.es\/index.php\/wp-json\/wp\/v2\/types\/post"}],"author":[{"embeddable":true,"href":"https:\/\/saltoecologico.es\/index.php\/wp-json\/wp\/v2\/users\/1"}],"replies":[{"embeddable":true,"href":"https:\/\/saltoecologico.es\/index.php\/wp-json\/wp\/v2\/comments?post=519"}],"version-history":[{"count":1,"href":"https:\/\/saltoecologico.es\/index.php\/wp-json\/wp\/v2\/posts\/519\/revisions"}],"predecessor-version":[{"id":521,"href":"https:\/\/saltoecologico.es\/index.php\/wp-json\/wp\/v2\/posts\/519\/revisions\/521"}],"wp:featuredmedia":[{"embeddable":true,"href":"https:\/\/saltoecologico.es\/index.php\/wp-json\/wp\/v2\/media\/520"}],"wp:attachment":[{"href":"https:\/\/saltoecologico.es\/index.php\/wp-json\/wp\/v2\/media?parent=519"}],"wp:term":[{"taxonomy":"category","embeddable":true,"href":"https:\/\/saltoecologico.es\/index.php\/wp-json\/wp\/v2\/categories?post=519"},{"taxonomy":"post_tag","embeddable":true,"href":"https:\/\/saltoecologico.es\/index.php\/wp-json\/wp\/v2\/tags?post=519"}],"curies":[{"name":"wp","href":"https:\/\/api.w.org\/{rel}","templated":true}]}}