{"id":526,"date":"2022-12-04T17:25:00","date_gmt":"2022-12-04T17:25:00","guid":{"rendered":"https:\/\/saltoecologico.es\/?p=526"},"modified":"2025-04-14T17:26:27","modified_gmt":"2025-04-14T17:26:27","slug":"grupos-pequenos","status":"publish","type":"post","link":"https:\/\/saltoecologico.es\/index.php\/2022\/12\/04\/grupos-pequenos\/","title":{"rendered":"Grupos peque\u00f1os"},"content":{"rendered":"\n<p class=\"wp-block-paragraph\">En el proceso actual de integraci\u00f3n de renovables en los sistemas el\u00e9ctricos de Canarias, se ha extendido la idea de que se necesita una generaci\u00f3n convencional flexible para adaptarse a la variabilidad de la e\u00f3lica y fotovoltaica, dada su no gestionabilidad. Concretamente, se argumenta, que esta generaci\u00f3n convencional deber\u00eda estar formada por grupos peque\u00f1os de respuesta r\u00e1pida, que permitan la m\u00e1xima integraci\u00f3n posible de aquellas. Este argumento, que en principio pudiera parecer plausible, es cuando menos inexacto, porque se olvida un concepto primordial que es el de \u201cm\u00ednimo t\u00e9cnico\u201d, entendiendo como este, aquella cantidad m\u00ednima de generaci\u00f3n que tiene que dar un grupo, para mantener un funcionamiento estable.<\/p>\n\n\n\n<p class=\"wp-block-paragraph\">En condiciones normales de funcionamiento de la generaci\u00f3n e\u00f3lica y fotovoltaica, deben de existir otros generadores gestionables arrancados y acoplados a la red, para que en caso de que las primeras cesen, estos puedan asumir la p\u00e9rdida de generaci\u00f3n producida, dado que el \u201capag\u00f3n\u201d a determinados consumidores es inasumible. A esta situaci\u00f3n de generadores de respaldo es a lo que se conoce como potencia rodante.<\/p>\n\n\n\n<p class=\"wp-block-paragraph\">Pues bien, esta potencia rodante, ser\u00e1 tanto m\u00e1s eficaz en tanto en cuanto su m\u00ednimo t\u00e9cnico sea m\u00e1s bajo, porque significar\u00e1 que la potencia extra que podr\u00e1 asumir ser\u00e1 mayor. Si tenemos un grupo de 20 MW con un m\u00ednimo t\u00e9cnico del 70%, significar\u00e1 que el grupo tendr\u00e1 que funcionar con un m\u00ednimo de 14 MW, dejando un margen de tan solo 6 MW de respaldo como potencia rodante. 25 grupos de estas caracter\u00edsticas funcionar\u00e1n con 350 MW, dejando tan solo 150 MW de potencia rodante, que ser\u00eda la m\u00e1xima penetraci\u00f3n de renovables en un sistema y en un momento, que demandara 500 MW.<\/p>\n\n\n\n<p class=\"wp-block-paragraph\">Adem\u00e1s, cabr\u00eda a\u00f1adir que el funcionamiento de un grupo en su m\u00ednimo t\u00e9cnico, si bien es estable, es terriblemente ineficiente desde el punto de vista econ\u00f3mico y de consumo de combustible, dado que todos estos dispositivos est\u00e1n dise\u00f1ados para que su eficiencia \u00f3ptima se consiga funcionando a su potencia nominal.<\/p>\n\n\n\n<p class=\"wp-block-paragraph\">A t\u00edtulo de curiosidad, cabe mencionar, que los grupos peque\u00f1os de nuestras centrales poseen un m\u00ednimo t\u00e9cnico por encima del 60%, encontr\u00e1ndose el intervalo de este valor de los grupos de las centrales canarias entre el 40% y el 70%. En otras palabras, suponiendo que consigamos en el mercado, grupos peque\u00f1os, de respuesta r\u00e1pida y con un m\u00ednimo t\u00e9cnico del 40%, la m\u00e1xima penetraci\u00f3n de renovables ser\u00eda del 60%, a costa de mantener a un conjunto de dispositivos funcionando deficientemente y contaminando por encima de lo que ser\u00eda deseable.<\/p>\n\n\n\n<p class=\"wp-block-paragraph\">Lo deseable ser\u00eda poder utilizar como potencia rodante dispositivos que no consumieran combustibles f\u00f3siles, que tuvieran una respuesta ultrarr\u00e1pida, que tuvieran un m\u00ednimo t\u00e9cnico cercano al 0% y que en este estado no tuvieran un funcionamiento ineficiente. Pero \u00bfexiste alg\u00fan dispositivo que sea capaz de darnos estas prestaciones?. Pues existe un dispositivo que nos da estas caracter\u00edsticas, entre otras muchas, y que son las centrales hidroel\u00e9ctricas reversibles de bombeo puro, que son conocidas com\u00fanmente como bombeos.<\/p>\n","protected":false},"excerpt":{"rendered":"<p>En el proceso actual de integraci\u00f3n de renovables en los sistemas el\u00e9ctricos de Canarias, se ha extendido la idea de que se necesita una generaci\u00f3n convencional flexible para adaptarse a la variabilidad de la e\u00f3lica y fotovoltaica, dada su no gestionabilidad. Concretamente, se argumenta, que esta generaci\u00f3n convencional deber\u00eda estar formada por grupos peque\u00f1os de [&hellip;]<\/p>\n","protected":false},"author":1,"featured_media":527,"comment_status":"open","ping_status":"open","sticky":false,"template":"","format":"standard","meta":{"footnotes":""},"categories":[36],"tags":[],"class_list":["post-526","post","type-post","status-publish","format-standard","has-post-thumbnail","category-sistema-electrico"],"yoast_head":"<!-- This site is optimized with the Yoast SEO plugin v28.2 - https:\/\/yoast.com\/product\/yoast-seo-wordpress\/ -->\n<title>Grupos peque\u00f1os - Salto Ecol\u00f3gico<\/title>\n<meta name=\"robots\" content=\"index, follow, max-snippet:-1, max-image-preview:large, max-video-preview:-1\" \/>\n<link rel=\"canonical\" href=\"https:\/\/saltoecologico.es\/index.php\/2022\/12\/04\/grupos-pequenos\/\" \/>\n<meta property=\"og:locale\" content=\"es_ES\" \/>\n<meta property=\"og:type\" content=\"article\" \/>\n<meta property=\"og:title\" content=\"Grupos peque\u00f1os - Salto Ecol\u00f3gico\" \/>\n<meta property=\"og:description\" content=\"En el proceso actual de integraci\u00f3n de renovables en los sistemas el\u00e9ctricos de Canarias, se ha extendido la idea de que se necesita una generaci\u00f3n convencional flexible para adaptarse a la variabilidad de la e\u00f3lica y fotovoltaica, dada su no gestionabilidad. Concretamente, se argumenta, que esta generaci\u00f3n convencional deber\u00eda estar formada por grupos peque\u00f1os de [&hellip;]\" \/>\n<meta property=\"og:url\" content=\"https:\/\/saltoecologico.es\/index.php\/2022\/12\/04\/grupos-pequenos\/\" \/>\n<meta property=\"og:site_name\" content=\"Salto Ecol\u00f3gico\" \/>\n<meta property=\"article:publisher\" content=\"https:\/\/www.facebook.com\/Saltotransicionecologica\" \/>\n<meta property=\"article:published_time\" content=\"2022-12-04T17:25:00+00:00\" \/>\n<meta property=\"article:modified_time\" content=\"2025-04-14T17:26:27+00:00\" \/>\n<meta property=\"og:image\" content=\"https:\/\/saltoecologico.es\/wp-content\/uploads\/2025\/04\/Fosiles11.jpg\" \/>\n\t<meta property=\"og:image:width\" content=\"1024\" \/>\n\t<meta property=\"og:image:height\" content=\"682\" \/>\n\t<meta property=\"og:image:type\" content=\"image\/jpeg\" \/>\n<meta name=\"author\" content=\"admin\" \/>\n<meta name=\"twitter:card\" content=\"summary_large_image\" \/>\n<meta name=\"twitter:label1\" content=\"Escrito por\" \/>\n\t<meta name=\"twitter:data1\" content=\"admin\" \/>\n\t<meta name=\"twitter:label2\" content=\"Tiempo de lectura\" \/>\n\t<meta name=\"twitter:data2\" content=\"3 minutos\" \/>\n<script type=\"application\/ld+json\" class=\"yoast-schema-graph\">{\"@context\":\"https:\\\/\\\/schema.org\",\"@graph\":[{\"@type\":\"Article\",\"@id\":\"https:\\\/\\\/saltoecologico.es\\\/index.php\\\/2022\\\/12\\\/04\\\/grupos-pequenos\\\/#article\",\"isPartOf\":{\"@id\":\"https:\\\/\\\/saltoecologico.es\\\/index.php\\\/2022\\\/12\\\/04\\\/grupos-pequenos\\\/\"},\"author\":{\"name\":\"admin\",\"@id\":\"https:\\\/\\\/saltoecologico.es\\\/#\\\/schema\\\/person\\\/7175eec4b3c123d86c675313c3a01a0b\"},\"headline\":\"Grupos peque\u00f1os\",\"datePublished\":\"2022-12-04T17:25:00+00:00\",\"dateModified\":\"2025-04-14T17:26:27+00:00\",\"mainEntityOfPage\":{\"@id\":\"https:\\\/\\\/saltoecologico.es\\\/index.php\\\/2022\\\/12\\\/04\\\/grupos-pequenos\\\/\"},\"wordCount\":543,\"commentCount\":0,\"publisher\":{\"@id\":\"https:\\\/\\\/saltoecologico.es\\\/#organization\"},\"image\":{\"@id\":\"https:\\\/\\\/saltoecologico.es\\\/index.php\\\/2022\\\/12\\\/04\\\/grupos-pequenos\\\/#primaryimage\"},\"thumbnailUrl\":\"https:\\\/\\\/saltoecologico.es\\\/wp-content\\\/uploads\\\/2025\\\/04\\\/Fosiles11.jpg\",\"articleSection\":[\"Sistema el\u00e9ctrico\"],\"inLanguage\":\"es\",\"potentialAction\":[{\"@type\":\"CommentAction\",\"name\":\"Comment\",\"target\":[\"https:\\\/\\\/saltoecologico.es\\\/index.php\\\/2022\\\/12\\\/04\\\/grupos-pequenos\\\/#respond\"]}]},{\"@type\":\"WebPage\",\"@id\":\"https:\\\/\\\/saltoecologico.es\\\/index.php\\\/2022\\\/12\\\/04\\\/grupos-pequenos\\\/\",\"url\":\"https:\\\/\\\/saltoecologico.es\\\/index.php\\\/2022\\\/12\\\/04\\\/grupos-pequenos\\\/\",\"name\":\"Grupos peque\u00f1os - Salto Ecol\u00f3gico\",\"isPartOf\":{\"@id\":\"https:\\\/\\\/saltoecologico.es\\\/#website\"},\"primaryImageOfPage\":{\"@id\":\"https:\\\/\\\/saltoecologico.es\\\/index.php\\\/2022\\\/12\\\/04\\\/grupos-pequenos\\\/#primaryimage\"},\"image\":{\"@id\":\"https:\\\/\\\/saltoecologico.es\\\/index.php\\\/2022\\\/12\\\/04\\\/grupos-pequenos\\\/#primaryimage\"},\"thumbnailUrl\":\"https:\\\/\\\/saltoecologico.es\\\/wp-content\\\/uploads\\\/2025\\\/04\\\/Fosiles11.jpg\",\"datePublished\":\"2022-12-04T17:25:00+00:00\",\"dateModified\":\"2025-04-14T17:26:27+00:00\",\"breadcrumb\":{\"@id\":\"https:\\\/\\\/saltoecologico.es\\\/index.php\\\/2022\\\/12\\\/04\\\/grupos-pequenos\\\/#breadcrumb\"},\"inLanguage\":\"es\",\"potentialAction\":[{\"@type\":\"ReadAction\",\"target\":[\"https:\\\/\\\/saltoecologico.es\\\/index.php\\\/2022\\\/12\\\/04\\\/grupos-pequenos\\\/\"]}]},{\"@type\":\"ImageObject\",\"inLanguage\":\"es\",\"@id\":\"https:\\\/\\\/saltoecologico.es\\\/index.php\\\/2022\\\/12\\\/04\\\/grupos-pequenos\\\/#primaryimage\",\"url\":\"https:\\\/\\\/saltoecologico.es\\\/wp-content\\\/uploads\\\/2025\\\/04\\\/Fosiles11.jpg\",\"contentUrl\":\"https:\\\/\\\/saltoecologico.es\\\/wp-content\\\/uploads\\\/2025\\\/04\\\/Fosiles11.jpg\",\"width\":1024,\"height\":682,\"caption\":\"Aerial view of coal power plant high pipes with black smoke moving up polluting atmosphere at sunset.\"},{\"@type\":\"BreadcrumbList\",\"@id\":\"https:\\\/\\\/saltoecologico.es\\\/index.php\\\/2022\\\/12\\\/04\\\/grupos-pequenos\\\/#breadcrumb\",\"itemListElement\":[{\"@type\":\"ListItem\",\"position\":1,\"name\":\"Portada\",\"item\":\"https:\\\/\\\/saltoecologico.es\\\/\"},{\"@type\":\"ListItem\",\"position\":2,\"name\":\"Grupos peque\u00f1os\"}]},{\"@type\":\"WebSite\",\"@id\":\"https:\\\/\\\/saltoecologico.es\\\/#website\",\"url\":\"https:\\\/\\\/saltoecologico.es\\\/\",\"name\":\"Salto Ecol\u00f3gico\",\"description\":\"\",\"publisher\":{\"@id\":\"https:\\\/\\\/saltoecologico.es\\\/#organization\"},\"potentialAction\":[{\"@type\":\"SearchAction\",\"target\":{\"@type\":\"EntryPoint\",\"urlTemplate\":\"https:\\\/\\\/saltoecologico.es\\\/?s={search_term_string}\"},\"query-input\":{\"@type\":\"PropertyValueSpecification\",\"valueRequired\":true,\"valueName\":\"search_term_string\"}}],\"inLanguage\":\"es\"},{\"@type\":\"Organization\",\"@id\":\"https:\\\/\\\/saltoecologico.es\\\/#organization\",\"name\":\"Salto a la Transici\u00f3n Ecol\u00f3gica\",\"url\":\"https:\\\/\\\/saltoecologico.es\\\/\",\"logo\":{\"@type\":\"ImageObject\",\"inLanguage\":\"es\",\"@id\":\"https:\\\/\\\/saltoecologico.es\\\/#\\\/schema\\\/logo\\\/image\\\/\",\"url\":\"https:\\\/\\\/saltoecologico.es\\\/wp-content\\\/uploads\\\/2025\\\/04\\\/Logo-STE.jpg\",\"contentUrl\":\"https:\\\/\\\/saltoecologico.es\\\/wp-content\\\/uploads\\\/2025\\\/04\\\/Logo-STE.jpg\",\"width\":435,\"height\":435,\"caption\":\"Salto a la Transici\u00f3n Ecol\u00f3gica\"},\"image\":{\"@id\":\"https:\\\/\\\/saltoecologico.es\\\/#\\\/schema\\\/logo\\\/image\\\/\"},\"sameAs\":[\"https:\\\/\\\/www.facebook.com\\\/Saltotransicionecologica\"]},{\"@type\":\"Person\",\"@id\":\"https:\\\/\\\/saltoecologico.es\\\/#\\\/schema\\\/person\\\/7175eec4b3c123d86c675313c3a01a0b\",\"name\":\"admin\",\"image\":{\"@type\":\"ImageObject\",\"inLanguage\":\"es\",\"@id\":\"https:\\\/\\\/secure.gravatar.com\\\/avatar\\\/4c215dc57bbc7b2f2f470ac9bd197f3f112636a584e575a732d0206a2d9c9806?s=96&d=mm&r=g\",\"url\":\"https:\\\/\\\/secure.gravatar.com\\\/avatar\\\/4c215dc57bbc7b2f2f470ac9bd197f3f112636a584e575a732d0206a2d9c9806?s=96&d=mm&r=g\",\"contentUrl\":\"https:\\\/\\\/secure.gravatar.com\\\/avatar\\\/4c215dc57bbc7b2f2f470ac9bd197f3f112636a584e575a732d0206a2d9c9806?s=96&d=mm&r=g\",\"caption\":\"admin\"},\"sameAs\":[\"https:\\\/\\\/saltoecologico.es\"],\"url\":\"https:\\\/\\\/saltoecologico.es\\\/index.php\\\/author\\\/saltoecologico\\\/\"}]}<\/script>\n<!-- \/ Yoast SEO plugin. -->","yoast_head_json":{"title":"Grupos peque\u00f1os - Salto Ecol\u00f3gico","robots":{"index":"index","follow":"follow","max-snippet":"max-snippet:-1","max-image-preview":"max-image-preview:large","max-video-preview":"max-video-preview:-1"},"canonical":"https:\/\/saltoecologico.es\/index.php\/2022\/12\/04\/grupos-pequenos\/","og_locale":"es_ES","og_type":"article","og_title":"Grupos peque\u00f1os - Salto Ecol\u00f3gico","og_description":"En el proceso actual de integraci\u00f3n de renovables en los sistemas el\u00e9ctricos de Canarias, se ha extendido la idea de que se necesita una generaci\u00f3n convencional flexible para adaptarse a la variabilidad de la e\u00f3lica y fotovoltaica, dada su no gestionabilidad. Concretamente, se argumenta, que esta generaci\u00f3n convencional deber\u00eda estar formada por grupos peque\u00f1os de [&hellip;]","og_url":"https:\/\/saltoecologico.es\/index.php\/2022\/12\/04\/grupos-pequenos\/","og_site_name":"Salto Ecol\u00f3gico","article_publisher":"https:\/\/www.facebook.com\/Saltotransicionecologica","article_published_time":"2022-12-04T17:25:00+00:00","article_modified_time":"2025-04-14T17:26:27+00:00","og_image":[{"width":1024,"height":682,"url":"https:\/\/saltoecologico.es\/wp-content\/uploads\/2025\/04\/Fosiles11.jpg","type":"image\/jpeg"}],"author":"admin","twitter_card":"summary_large_image","twitter_misc":{"Escrito por":"admin","Tiempo de lectura":"3 minutos"},"schema":{"@context":"https:\/\/schema.org","@graph":[{"@type":"Article","@id":"https:\/\/saltoecologico.es\/index.php\/2022\/12\/04\/grupos-pequenos\/#article","isPartOf":{"@id":"https:\/\/saltoecologico.es\/index.php\/2022\/12\/04\/grupos-pequenos\/"},"author":{"name":"admin","@id":"https:\/\/saltoecologico.es\/#\/schema\/person\/7175eec4b3c123d86c675313c3a01a0b"},"headline":"Grupos peque\u00f1os","datePublished":"2022-12-04T17:25:00+00:00","dateModified":"2025-04-14T17:26:27+00:00","mainEntityOfPage":{"@id":"https:\/\/saltoecologico.es\/index.php\/2022\/12\/04\/grupos-pequenos\/"},"wordCount":543,"commentCount":0,"publisher":{"@id":"https:\/\/saltoecologico.es\/#organization"},"image":{"@id":"https:\/\/saltoecologico.es\/index.php\/2022\/12\/04\/grupos-pequenos\/#primaryimage"},"thumbnailUrl":"https:\/\/saltoecologico.es\/wp-content\/uploads\/2025\/04\/Fosiles11.jpg","articleSection":["Sistema el\u00e9ctrico"],"inLanguage":"es","potentialAction":[{"@type":"CommentAction","name":"Comment","target":["https:\/\/saltoecologico.es\/index.php\/2022\/12\/04\/grupos-pequenos\/#respond"]}]},{"@type":"WebPage","@id":"https:\/\/saltoecologico.es\/index.php\/2022\/12\/04\/grupos-pequenos\/","url":"https:\/\/saltoecologico.es\/index.php\/2022\/12\/04\/grupos-pequenos\/","name":"Grupos peque\u00f1os - Salto Ecol\u00f3gico","isPartOf":{"@id":"https:\/\/saltoecologico.es\/#website"},"primaryImageOfPage":{"@id":"https:\/\/saltoecologico.es\/index.php\/2022\/12\/04\/grupos-pequenos\/#primaryimage"},"image":{"@id":"https:\/\/saltoecologico.es\/index.php\/2022\/12\/04\/grupos-pequenos\/#primaryimage"},"thumbnailUrl":"https:\/\/saltoecologico.es\/wp-content\/uploads\/2025\/04\/Fosiles11.jpg","datePublished":"2022-12-04T17:25:00+00:00","dateModified":"2025-04-14T17:26:27+00:00","breadcrumb":{"@id":"https:\/\/saltoecologico.es\/index.php\/2022\/12\/04\/grupos-pequenos\/#breadcrumb"},"inLanguage":"es","potentialAction":[{"@type":"ReadAction","target":["https:\/\/saltoecologico.es\/index.php\/2022\/12\/04\/grupos-pequenos\/"]}]},{"@type":"ImageObject","inLanguage":"es","@id":"https:\/\/saltoecologico.es\/index.php\/2022\/12\/04\/grupos-pequenos\/#primaryimage","url":"https:\/\/saltoecologico.es\/wp-content\/uploads\/2025\/04\/Fosiles11.jpg","contentUrl":"https:\/\/saltoecologico.es\/wp-content\/uploads\/2025\/04\/Fosiles11.jpg","width":1024,"height":682,"caption":"Aerial view of coal power plant high pipes with black smoke moving up polluting atmosphere at sunset."},{"@type":"BreadcrumbList","@id":"https:\/\/saltoecologico.es\/index.php\/2022\/12\/04\/grupos-pequenos\/#breadcrumb","itemListElement":[{"@type":"ListItem","position":1,"name":"Portada","item":"https:\/\/saltoecologico.es\/"},{"@type":"ListItem","position":2,"name":"Grupos peque\u00f1os"}]},{"@type":"WebSite","@id":"https:\/\/saltoecologico.es\/#website","url":"https:\/\/saltoecologico.es\/","name":"Salto Ecol\u00f3gico","description":"","publisher":{"@id":"https:\/\/saltoecologico.es\/#organization"},"potentialAction":[{"@type":"SearchAction","target":{"@type":"EntryPoint","urlTemplate":"https:\/\/saltoecologico.es\/?s={search_term_string}"},"query-input":{"@type":"PropertyValueSpecification","valueRequired":true,"valueName":"search_term_string"}}],"inLanguage":"es"},{"@type":"Organization","@id":"https:\/\/saltoecologico.es\/#organization","name":"Salto a la Transici\u00f3n Ecol\u00f3gica","url":"https:\/\/saltoecologico.es\/","logo":{"@type":"ImageObject","inLanguage":"es","@id":"https:\/\/saltoecologico.es\/#\/schema\/logo\/image\/","url":"https:\/\/saltoecologico.es\/wp-content\/uploads\/2025\/04\/Logo-STE.jpg","contentUrl":"https:\/\/saltoecologico.es\/wp-content\/uploads\/2025\/04\/Logo-STE.jpg","width":435,"height":435,"caption":"Salto a la Transici\u00f3n Ecol\u00f3gica"},"image":{"@id":"https:\/\/saltoecologico.es\/#\/schema\/logo\/image\/"},"sameAs":["https:\/\/www.facebook.com\/Saltotransicionecologica"]},{"@type":"Person","@id":"https:\/\/saltoecologico.es\/#\/schema\/person\/7175eec4b3c123d86c675313c3a01a0b","name":"admin","image":{"@type":"ImageObject","inLanguage":"es","@id":"https:\/\/secure.gravatar.com\/avatar\/4c215dc57bbc7b2f2f470ac9bd197f3f112636a584e575a732d0206a2d9c9806?s=96&d=mm&r=g","url":"https:\/\/secure.gravatar.com\/avatar\/4c215dc57bbc7b2f2f470ac9bd197f3f112636a584e575a732d0206a2d9c9806?s=96&d=mm&r=g","contentUrl":"https:\/\/secure.gravatar.com\/avatar\/4c215dc57bbc7b2f2f470ac9bd197f3f112636a584e575a732d0206a2d9c9806?s=96&d=mm&r=g","caption":"admin"},"sameAs":["https:\/\/saltoecologico.es"],"url":"https:\/\/saltoecologico.es\/index.php\/author\/saltoecologico\/"}]}},"_links":{"self":[{"href":"https:\/\/saltoecologico.es\/index.php\/wp-json\/wp\/v2\/posts\/526","targetHints":{"allow":["GET"]}}],"collection":[{"href":"https:\/\/saltoecologico.es\/index.php\/wp-json\/wp\/v2\/posts"}],"about":[{"href":"https:\/\/saltoecologico.es\/index.php\/wp-json\/wp\/v2\/types\/post"}],"author":[{"embeddable":true,"href":"https:\/\/saltoecologico.es\/index.php\/wp-json\/wp\/v2\/users\/1"}],"replies":[{"embeddable":true,"href":"https:\/\/saltoecologico.es\/index.php\/wp-json\/wp\/v2\/comments?post=526"}],"version-history":[{"count":1,"href":"https:\/\/saltoecologico.es\/index.php\/wp-json\/wp\/v2\/posts\/526\/revisions"}],"predecessor-version":[{"id":528,"href":"https:\/\/saltoecologico.es\/index.php\/wp-json\/wp\/v2\/posts\/526\/revisions\/528"}],"wp:featuredmedia":[{"embeddable":true,"href":"https:\/\/saltoecologico.es\/index.php\/wp-json\/wp\/v2\/media\/527"}],"wp:attachment":[{"href":"https:\/\/saltoecologico.es\/index.php\/wp-json\/wp\/v2\/media?parent=526"}],"wp:term":[{"taxonomy":"category","embeddable":true,"href":"https:\/\/saltoecologico.es\/index.php\/wp-json\/wp\/v2\/categories?post=526"},{"taxonomy":"post_tag","embeddable":true,"href":"https:\/\/saltoecologico.es\/index.php\/wp-json\/wp\/v2\/tags?post=526"}],"curies":[{"name":"wp","href":"https:\/\/api.w.org\/{rel}","templated":true}]}}