{"id":529,"date":"2022-12-04T17:34:00","date_gmt":"2022-12-04T17:34:00","guid":{"rendered":"https:\/\/saltoecologico.es\/?p=529"},"modified":"2025-04-14T17:35:25","modified_gmt":"2025-04-14T17:35:25","slug":"geotermica","status":"publish","type":"post","link":"https:\/\/saltoecologico.es\/index.php\/2022\/12\/04\/geotermica\/","title":{"rendered":"Geot\u00e9rmica"},"content":{"rendered":"\n<p class=\"wp-block-paragraph\">De los estudios realizados y publicados hasta la fecha de la posible existencia de recursos geot\u00e9rmicos de alta entalpia en las islas, solo se pod\u00eda desprender la esperanza de esta existencia en las islas de Tenerife y La Palma. Recientemente hemos podido conocer que hay suficientes indicios de que est\u00e1 posibilidad tambi\u00e9n se de en la isla de Gran Canaria. En efecto, esta buena noticia, de la que nos alegramos profundamente, proviene de fuentes de la compa\u00f1\u00eda Repsol, que est\u00e1 llevando a cabo un necesario estudio en tierras de esta isla.<\/p>\n\n\n\n<p class=\"wp-block-paragraph\">El t\u00e9rmino geotermia se utiliza, entre otras acepciones, para denominar al conjunto de procesos industriales que permiten aprovechar en calor interno de la tierra para producir energ\u00eda. Si el recurso encontrado esta por encima de los 150 grados cent\u00edgrados, se denomina \u201cde alta entalp\u00eda\u201d y es el que se puede utilizar para generar electricidad. Si la temperatura se encuentra entre 100 y 150 grados, se denomina \u201cde media entalp\u00eda\u201d y aunque se podr\u00eda generar electricidad, t\u00e9cnicamente es m\u00e1s problem\u00e1tico, utiliz\u00e1ndose fundamentalmente para generar calor, al igual que los recursos \u201cde baja entalp\u00eda\u201d, que son los que se encuentran por debajo de los 100 grados cent\u00edgrados.<\/p>\n\n\n\n<p class=\"wp-block-paragraph\">Descrito muy sucintamente, el proceso consiste en realizar una perforaci\u00f3n en el lugar donde exista un recurso geot\u00e9rmico, para \u201cpinchar\u201d el reservorio en el que se encuentra vapor de agua, para que ascienda a la superficie, por diferencia de presiones, utiliz\u00e1ndose este, una vez purificado, para incidir en los \u00e1labes de una turbina, que mover\u00e1 el generador que producir\u00e1 la energ\u00eda el\u00e9ctrica. Una vez que realiza su funci\u00f3n, el vapor de agua se enfr\u00eda pasando a fase l\u00edquida y devolvi\u00e9ndose al reservorio original por otro orificio. Se puede dar el caso de que exista el yacimiento, pero sin fluido en su interior. En ese caso se puede utilizar el denominado \u201csistema geot\u00e9rmico estimulado\u201d o \u201cde roca seca\u201d inyectando un fluido y recuperarlo a la temperatura del yacimiento.<\/p>\n\n\n\n<p class=\"wp-block-paragraph\">La generaci\u00f3n as\u00ed obtenida tiene un valor may\u00fasculo porque dada sus caracter\u00edsticas, cumple perfectamente con las exigencias para ser catalogada como generaci\u00f3n de Tipo A y adem\u00e1s renovable, con todo lo que ello significa para un futuro sistema 100% renovable.<\/p>\n\n\n\n<p class=\"wp-block-paragraph\">En los datos dados a conocer se habla de la posibilidad de una central geot\u00e9rmica que puede alcanzar los 50 MW de potencia instalada, que, si bien significa un avance considerable para la descarbonizaci\u00f3n de la isla, se queda muy lejos de los m\u00e1s de 800 MW de generaci\u00f3n Tipo A que se indican como recomendables para Gran Canaria, en la \u201cEstrategia de la Generaci\u00f3n Gestionable\u201d, realizada para la confecci\u00f3n del PTECAN, por el Instituto Tecnol\u00f3gico de Canarias, para el Gobierno Aut\u00f3nomo.<\/p>\n\n\n\n<p class=\"wp-block-paragraph\">Por tanto, tenemos que fijar nuestra estrategia inexcusablemente, en el desarrollo de centrales hidroel\u00e9ctricas reversibles del tipo \u201cEl Salto de Chira\u201d, que nos permita dotar al sistema de generaci\u00f3n de Tipo A compatible con sistemas 100% renovables. Cualquier otra alternativa pasa por renunciar a la total descarbonizaci\u00f3n de la isla, hecho que es inadmisible desde cualquier \u00f3ptica.<\/p>\n","protected":false},"excerpt":{"rendered":"<p>De los estudios realizados y publicados hasta la fecha de la posible existencia de recursos geot\u00e9rmicos de alta entalpia en las islas, solo se pod\u00eda desprender la esperanza de esta existencia en las islas de Tenerife y La Palma. Recientemente hemos podido conocer que hay suficientes indicios de que est\u00e1 posibilidad tambi\u00e9n se de en [&hellip;]<\/p>\n","protected":false},"author":1,"featured_media":530,"comment_status":"open","ping_status":"open","sticky":false,"template":"","format":"standard","meta":{"footnotes":""},"categories":[57,39],"tags":[],"class_list":["post-529","post","type-post","status-publish","format-standard","has-post-thumbnail","category-r_geotermica","category-renovables"],"yoast_head":"<!-- This site is optimized with the Yoast SEO plugin v28.2 - https:\/\/yoast.com\/product\/yoast-seo-wordpress\/ -->\n<title>Geot\u00e9rmica - Salto Ecol\u00f3gico<\/title>\n<meta name=\"robots\" content=\"index, follow, max-snippet:-1, max-image-preview:large, max-video-preview:-1\" \/>\n<link rel=\"canonical\" href=\"https:\/\/saltoecologico.es\/index.php\/2022\/12\/04\/geotermica\/\" \/>\n<meta property=\"og:locale\" content=\"es_ES\" \/>\n<meta property=\"og:type\" content=\"article\" \/>\n<meta property=\"og:title\" content=\"Geot\u00e9rmica - Salto Ecol\u00f3gico\" \/>\n<meta property=\"og:description\" content=\"De los estudios realizados y publicados hasta la fecha de la posible existencia de recursos geot\u00e9rmicos de alta entalpia en las islas, solo se pod\u00eda desprender la esperanza de esta existencia en las islas de Tenerife y La Palma. Recientemente hemos podido conocer que hay suficientes indicios de que est\u00e1 posibilidad tambi\u00e9n se de en [&hellip;]\" \/>\n<meta property=\"og:url\" content=\"https:\/\/saltoecologico.es\/index.php\/2022\/12\/04\/geotermica\/\" \/>\n<meta property=\"og:site_name\" content=\"Salto Ecol\u00f3gico\" \/>\n<meta property=\"article:publisher\" content=\"https:\/\/www.facebook.com\/Saltotransicionecologica\" \/>\n<meta property=\"article:published_time\" content=\"2022-12-04T17:34:00+00:00\" \/>\n<meta property=\"article:modified_time\" content=\"2025-04-14T17:35:25+00:00\" \/>\n<meta property=\"og:image\" content=\"https:\/\/saltoecologico.es\/wp-content\/uploads\/2025\/04\/Geotermica-1.jpg\" \/>\n\t<meta property=\"og:image:width\" content=\"1024\" \/>\n\t<meta property=\"og:image:height\" content=\"680\" \/>\n\t<meta property=\"og:image:type\" content=\"image\/jpeg\" \/>\n<meta name=\"author\" content=\"admin\" \/>\n<meta name=\"twitter:card\" content=\"summary_large_image\" \/>\n<meta name=\"twitter:label1\" content=\"Escrito por\" \/>\n\t<meta name=\"twitter:data1\" content=\"admin\" \/>\n\t<meta name=\"twitter:label2\" content=\"Tiempo de lectura\" \/>\n\t<meta name=\"twitter:data2\" content=\"3 minutos\" \/>\n<script type=\"application\/ld+json\" class=\"yoast-schema-graph\">{\"@context\":\"https:\\\/\\\/schema.org\",\"@graph\":[{\"@type\":\"Article\",\"@id\":\"https:\\\/\\\/saltoecologico.es\\\/index.php\\\/2022\\\/12\\\/04\\\/geotermica\\\/#article\",\"isPartOf\":{\"@id\":\"https:\\\/\\\/saltoecologico.es\\\/index.php\\\/2022\\\/12\\\/04\\\/geotermica\\\/\"},\"author\":{\"name\":\"admin\",\"@id\":\"https:\\\/\\\/saltoecologico.es\\\/#\\\/schema\\\/person\\\/7175eec4b3c123d86c675313c3a01a0b\"},\"headline\":\"Geot\u00e9rmica\",\"datePublished\":\"2022-12-04T17:34:00+00:00\",\"dateModified\":\"2025-04-14T17:35:25+00:00\",\"mainEntityOfPage\":{\"@id\":\"https:\\\/\\\/saltoecologico.es\\\/index.php\\\/2022\\\/12\\\/04\\\/geotermica\\\/\"},\"wordCount\":538,\"commentCount\":0,\"publisher\":{\"@id\":\"https:\\\/\\\/saltoecologico.es\\\/#organization\"},\"image\":{\"@id\":\"https:\\\/\\\/saltoecologico.es\\\/index.php\\\/2022\\\/12\\\/04\\\/geotermica\\\/#primaryimage\"},\"thumbnailUrl\":\"https:\\\/\\\/saltoecologico.es\\\/wp-content\\\/uploads\\\/2025\\\/04\\\/Geotermica-1.jpg\",\"articleSection\":[\"R_Geot\u00e9rmica\",\"Renovables\"],\"inLanguage\":\"es\",\"potentialAction\":[{\"@type\":\"CommentAction\",\"name\":\"Comment\",\"target\":[\"https:\\\/\\\/saltoecologico.es\\\/index.php\\\/2022\\\/12\\\/04\\\/geotermica\\\/#respond\"]}]},{\"@type\":\"WebPage\",\"@id\":\"https:\\\/\\\/saltoecologico.es\\\/index.php\\\/2022\\\/12\\\/04\\\/geotermica\\\/\",\"url\":\"https:\\\/\\\/saltoecologico.es\\\/index.php\\\/2022\\\/12\\\/04\\\/geotermica\\\/\",\"name\":\"Geot\u00e9rmica - Salto Ecol\u00f3gico\",\"isPartOf\":{\"@id\":\"https:\\\/\\\/saltoecologico.es\\\/#website\"},\"primaryImageOfPage\":{\"@id\":\"https:\\\/\\\/saltoecologico.es\\\/index.php\\\/2022\\\/12\\\/04\\\/geotermica\\\/#primaryimage\"},\"image\":{\"@id\":\"https:\\\/\\\/saltoecologico.es\\\/index.php\\\/2022\\\/12\\\/04\\\/geotermica\\\/#primaryimage\"},\"thumbnailUrl\":\"https:\\\/\\\/saltoecologico.es\\\/wp-content\\\/uploads\\\/2025\\\/04\\\/Geotermica-1.jpg\",\"datePublished\":\"2022-12-04T17:34:00+00:00\",\"dateModified\":\"2025-04-14T17:35:25+00:00\",\"breadcrumb\":{\"@id\":\"https:\\\/\\\/saltoecologico.es\\\/index.php\\\/2022\\\/12\\\/04\\\/geotermica\\\/#breadcrumb\"},\"inLanguage\":\"es\",\"potentialAction\":[{\"@type\":\"ReadAction\",\"target\":[\"https:\\\/\\\/saltoecologico.es\\\/index.php\\\/2022\\\/12\\\/04\\\/geotermica\\\/\"]}]},{\"@type\":\"ImageObject\",\"inLanguage\":\"es\",\"@id\":\"https:\\\/\\\/saltoecologico.es\\\/index.php\\\/2022\\\/12\\\/04\\\/geotermica\\\/#primaryimage\",\"url\":\"https:\\\/\\\/saltoecologico.es\\\/wp-content\\\/uploads\\\/2025\\\/04\\\/Geotermica-1.jpg\",\"contentUrl\":\"https:\\\/\\\/saltoecologico.es\\\/wp-content\\\/uploads\\\/2025\\\/04\\\/Geotermica-1.jpg\",\"width\":1024,\"height\":680,\"caption\":\"Myvatn geothermal power plant in the north of Iceland.\"},{\"@type\":\"BreadcrumbList\",\"@id\":\"https:\\\/\\\/saltoecologico.es\\\/index.php\\\/2022\\\/12\\\/04\\\/geotermica\\\/#breadcrumb\",\"itemListElement\":[{\"@type\":\"ListItem\",\"position\":1,\"name\":\"Portada\",\"item\":\"https:\\\/\\\/saltoecologico.es\\\/\"},{\"@type\":\"ListItem\",\"position\":2,\"name\":\"Geot\u00e9rmica\"}]},{\"@type\":\"WebSite\",\"@id\":\"https:\\\/\\\/saltoecologico.es\\\/#website\",\"url\":\"https:\\\/\\\/saltoecologico.es\\\/\",\"name\":\"Salto Ecol\u00f3gico\",\"description\":\"\",\"publisher\":{\"@id\":\"https:\\\/\\\/saltoecologico.es\\\/#organization\"},\"potentialAction\":[{\"@type\":\"SearchAction\",\"target\":{\"@type\":\"EntryPoint\",\"urlTemplate\":\"https:\\\/\\\/saltoecologico.es\\\/?s={search_term_string}\"},\"query-input\":{\"@type\":\"PropertyValueSpecification\",\"valueRequired\":true,\"valueName\":\"search_term_string\"}}],\"inLanguage\":\"es\"},{\"@type\":\"Organization\",\"@id\":\"https:\\\/\\\/saltoecologico.es\\\/#organization\",\"name\":\"Salto a la Transici\u00f3n Ecol\u00f3gica\",\"url\":\"https:\\\/\\\/saltoecologico.es\\\/\",\"logo\":{\"@type\":\"ImageObject\",\"inLanguage\":\"es\",\"@id\":\"https:\\\/\\\/saltoecologico.es\\\/#\\\/schema\\\/logo\\\/image\\\/\",\"url\":\"https:\\\/\\\/saltoecologico.es\\\/wp-content\\\/uploads\\\/2025\\\/04\\\/Logo-STE.jpg\",\"contentUrl\":\"https:\\\/\\\/saltoecologico.es\\\/wp-content\\\/uploads\\\/2025\\\/04\\\/Logo-STE.jpg\",\"width\":435,\"height\":435,\"caption\":\"Salto a la Transici\u00f3n Ecol\u00f3gica\"},\"image\":{\"@id\":\"https:\\\/\\\/saltoecologico.es\\\/#\\\/schema\\\/logo\\\/image\\\/\"},\"sameAs\":[\"https:\\\/\\\/www.facebook.com\\\/Saltotransicionecologica\"]},{\"@type\":\"Person\",\"@id\":\"https:\\\/\\\/saltoecologico.es\\\/#\\\/schema\\\/person\\\/7175eec4b3c123d86c675313c3a01a0b\",\"name\":\"admin\",\"image\":{\"@type\":\"ImageObject\",\"inLanguage\":\"es\",\"@id\":\"https:\\\/\\\/secure.gravatar.com\\\/avatar\\\/4c215dc57bbc7b2f2f470ac9bd197f3f112636a584e575a732d0206a2d9c9806?s=96&d=mm&r=g\",\"url\":\"https:\\\/\\\/secure.gravatar.com\\\/avatar\\\/4c215dc57bbc7b2f2f470ac9bd197f3f112636a584e575a732d0206a2d9c9806?s=96&d=mm&r=g\",\"contentUrl\":\"https:\\\/\\\/secure.gravatar.com\\\/avatar\\\/4c215dc57bbc7b2f2f470ac9bd197f3f112636a584e575a732d0206a2d9c9806?s=96&d=mm&r=g\",\"caption\":\"admin\"},\"sameAs\":[\"https:\\\/\\\/saltoecologico.es\"],\"url\":\"https:\\\/\\\/saltoecologico.es\\\/index.php\\\/author\\\/saltoecologico\\\/\"}]}<\/script>\n<!-- \/ Yoast SEO plugin. -->","yoast_head_json":{"title":"Geot\u00e9rmica - Salto Ecol\u00f3gico","robots":{"index":"index","follow":"follow","max-snippet":"max-snippet:-1","max-image-preview":"max-image-preview:large","max-video-preview":"max-video-preview:-1"},"canonical":"https:\/\/saltoecologico.es\/index.php\/2022\/12\/04\/geotermica\/","og_locale":"es_ES","og_type":"article","og_title":"Geot\u00e9rmica - Salto Ecol\u00f3gico","og_description":"De los estudios realizados y publicados hasta la fecha de la posible existencia de recursos geot\u00e9rmicos de alta entalpia en las islas, solo se pod\u00eda desprender la esperanza de esta existencia en las islas de Tenerife y La Palma. Recientemente hemos podido conocer que hay suficientes indicios de que est\u00e1 posibilidad tambi\u00e9n se de en [&hellip;]","og_url":"https:\/\/saltoecologico.es\/index.php\/2022\/12\/04\/geotermica\/","og_site_name":"Salto Ecol\u00f3gico","article_publisher":"https:\/\/www.facebook.com\/Saltotransicionecologica","article_published_time":"2022-12-04T17:34:00+00:00","article_modified_time":"2025-04-14T17:35:25+00:00","og_image":[{"width":1024,"height":680,"url":"https:\/\/saltoecologico.es\/wp-content\/uploads\/2025\/04\/Geotermica-1.jpg","type":"image\/jpeg"}],"author":"admin","twitter_card":"summary_large_image","twitter_misc":{"Escrito por":"admin","Tiempo de lectura":"3 minutos"},"schema":{"@context":"https:\/\/schema.org","@graph":[{"@type":"Article","@id":"https:\/\/saltoecologico.es\/index.php\/2022\/12\/04\/geotermica\/#article","isPartOf":{"@id":"https:\/\/saltoecologico.es\/index.php\/2022\/12\/04\/geotermica\/"},"author":{"name":"admin","@id":"https:\/\/saltoecologico.es\/#\/schema\/person\/7175eec4b3c123d86c675313c3a01a0b"},"headline":"Geot\u00e9rmica","datePublished":"2022-12-04T17:34:00+00:00","dateModified":"2025-04-14T17:35:25+00:00","mainEntityOfPage":{"@id":"https:\/\/saltoecologico.es\/index.php\/2022\/12\/04\/geotermica\/"},"wordCount":538,"commentCount":0,"publisher":{"@id":"https:\/\/saltoecologico.es\/#organization"},"image":{"@id":"https:\/\/saltoecologico.es\/index.php\/2022\/12\/04\/geotermica\/#primaryimage"},"thumbnailUrl":"https:\/\/saltoecologico.es\/wp-content\/uploads\/2025\/04\/Geotermica-1.jpg","articleSection":["R_Geot\u00e9rmica","Renovables"],"inLanguage":"es","potentialAction":[{"@type":"CommentAction","name":"Comment","target":["https:\/\/saltoecologico.es\/index.php\/2022\/12\/04\/geotermica\/#respond"]}]},{"@type":"WebPage","@id":"https:\/\/saltoecologico.es\/index.php\/2022\/12\/04\/geotermica\/","url":"https:\/\/saltoecologico.es\/index.php\/2022\/12\/04\/geotermica\/","name":"Geot\u00e9rmica - Salto Ecol\u00f3gico","isPartOf":{"@id":"https:\/\/saltoecologico.es\/#website"},"primaryImageOfPage":{"@id":"https:\/\/saltoecologico.es\/index.php\/2022\/12\/04\/geotermica\/#primaryimage"},"image":{"@id":"https:\/\/saltoecologico.es\/index.php\/2022\/12\/04\/geotermica\/#primaryimage"},"thumbnailUrl":"https:\/\/saltoecologico.es\/wp-content\/uploads\/2025\/04\/Geotermica-1.jpg","datePublished":"2022-12-04T17:34:00+00:00","dateModified":"2025-04-14T17:35:25+00:00","breadcrumb":{"@id":"https:\/\/saltoecologico.es\/index.php\/2022\/12\/04\/geotermica\/#breadcrumb"},"inLanguage":"es","potentialAction":[{"@type":"ReadAction","target":["https:\/\/saltoecologico.es\/index.php\/2022\/12\/04\/geotermica\/"]}]},{"@type":"ImageObject","inLanguage":"es","@id":"https:\/\/saltoecologico.es\/index.php\/2022\/12\/04\/geotermica\/#primaryimage","url":"https:\/\/saltoecologico.es\/wp-content\/uploads\/2025\/04\/Geotermica-1.jpg","contentUrl":"https:\/\/saltoecologico.es\/wp-content\/uploads\/2025\/04\/Geotermica-1.jpg","width":1024,"height":680,"caption":"Myvatn geothermal power plant in the north of Iceland."},{"@type":"BreadcrumbList","@id":"https:\/\/saltoecologico.es\/index.php\/2022\/12\/04\/geotermica\/#breadcrumb","itemListElement":[{"@type":"ListItem","position":1,"name":"Portada","item":"https:\/\/saltoecologico.es\/"},{"@type":"ListItem","position":2,"name":"Geot\u00e9rmica"}]},{"@type":"WebSite","@id":"https:\/\/saltoecologico.es\/#website","url":"https:\/\/saltoecologico.es\/","name":"Salto Ecol\u00f3gico","description":"","publisher":{"@id":"https:\/\/saltoecologico.es\/#organization"},"potentialAction":[{"@type":"SearchAction","target":{"@type":"EntryPoint","urlTemplate":"https:\/\/saltoecologico.es\/?s={search_term_string}"},"query-input":{"@type":"PropertyValueSpecification","valueRequired":true,"valueName":"search_term_string"}}],"inLanguage":"es"},{"@type":"Organization","@id":"https:\/\/saltoecologico.es\/#organization","name":"Salto a la Transici\u00f3n Ecol\u00f3gica","url":"https:\/\/saltoecologico.es\/","logo":{"@type":"ImageObject","inLanguage":"es","@id":"https:\/\/saltoecologico.es\/#\/schema\/logo\/image\/","url":"https:\/\/saltoecologico.es\/wp-content\/uploads\/2025\/04\/Logo-STE.jpg","contentUrl":"https:\/\/saltoecologico.es\/wp-content\/uploads\/2025\/04\/Logo-STE.jpg","width":435,"height":435,"caption":"Salto a la Transici\u00f3n Ecol\u00f3gica"},"image":{"@id":"https:\/\/saltoecologico.es\/#\/schema\/logo\/image\/"},"sameAs":["https:\/\/www.facebook.com\/Saltotransicionecologica"]},{"@type":"Person","@id":"https:\/\/saltoecologico.es\/#\/schema\/person\/7175eec4b3c123d86c675313c3a01a0b","name":"admin","image":{"@type":"ImageObject","inLanguage":"es","@id":"https:\/\/secure.gravatar.com\/avatar\/4c215dc57bbc7b2f2f470ac9bd197f3f112636a584e575a732d0206a2d9c9806?s=96&d=mm&r=g","url":"https:\/\/secure.gravatar.com\/avatar\/4c215dc57bbc7b2f2f470ac9bd197f3f112636a584e575a732d0206a2d9c9806?s=96&d=mm&r=g","contentUrl":"https:\/\/secure.gravatar.com\/avatar\/4c215dc57bbc7b2f2f470ac9bd197f3f112636a584e575a732d0206a2d9c9806?s=96&d=mm&r=g","caption":"admin"},"sameAs":["https:\/\/saltoecologico.es"],"url":"https:\/\/saltoecologico.es\/index.php\/author\/saltoecologico\/"}]}},"_links":{"self":[{"href":"https:\/\/saltoecologico.es\/index.php\/wp-json\/wp\/v2\/posts\/529","targetHints":{"allow":["GET"]}}],"collection":[{"href":"https:\/\/saltoecologico.es\/index.php\/wp-json\/wp\/v2\/posts"}],"about":[{"href":"https:\/\/saltoecologico.es\/index.php\/wp-json\/wp\/v2\/types\/post"}],"author":[{"embeddable":true,"href":"https:\/\/saltoecologico.es\/index.php\/wp-json\/wp\/v2\/users\/1"}],"replies":[{"embeddable":true,"href":"https:\/\/saltoecologico.es\/index.php\/wp-json\/wp\/v2\/comments?post=529"}],"version-history":[{"count":1,"href":"https:\/\/saltoecologico.es\/index.php\/wp-json\/wp\/v2\/posts\/529\/revisions"}],"predecessor-version":[{"id":531,"href":"https:\/\/saltoecologico.es\/index.php\/wp-json\/wp\/v2\/posts\/529\/revisions\/531"}],"wp:featuredmedia":[{"embeddable":true,"href":"https:\/\/saltoecologico.es\/index.php\/wp-json\/wp\/v2\/media\/530"}],"wp:attachment":[{"href":"https:\/\/saltoecologico.es\/index.php\/wp-json\/wp\/v2\/media?parent=529"}],"wp:term":[{"taxonomy":"category","embeddable":true,"href":"https:\/\/saltoecologico.es\/index.php\/wp-json\/wp\/v2\/categories?post=529"},{"taxonomy":"post_tag","embeddable":true,"href":"https:\/\/saltoecologico.es\/index.php\/wp-json\/wp\/v2\/tags?post=529"}],"curies":[{"name":"wp","href":"https:\/\/api.w.org\/{rel}","templated":true}]}}