{"id":532,"date":"2022-12-16T17:38:00","date_gmt":"2022-12-16T17:38:00","guid":{"rendered":"https:\/\/saltoecologico.es\/?p=532"},"modified":"2025-04-14T17:38:55","modified_gmt":"2025-04-14T17:38:55","slug":"autentica-pena","status":"publish","type":"post","link":"https:\/\/saltoecologico.es\/index.php\/2022\/12\/16\/autentica-pena\/","title":{"rendered":"Aut\u00e9ntica pena"},"content":{"rendered":"\n<p class=\"wp-block-paragraph\">En la Estrategia de Almacenamiento Energ\u00e9tico de Canarias desarrollada por el Instituto Tecnol\u00f3gico de Canarias para el Gobierno de Canarias, en el marco del PTECAN, se contemplan una serie de propuestas de centrales hidroel\u00e9ctricas reversibles ubicadas en presas tales como la ya en construcci\u00f3n Chira-Soria u otras tales como Cueva de las Ni\u00f1as-Soria, Cueva de las Ni\u00f1as-El Mulato, El Parralillo-Siberio, El Parralillo-El Caidero de las Ni\u00f1as o La Candelaria-El Parralillo, entre otras, que podr\u00edan proporcionar una energ\u00eda acumulada de alrededor de 8.000 MWh, suficiente para cubrir las necesidades de un sistema, como el de Gran Canaria, en sus aspiraciones por ser 100% renovable.<\/p>\n\n\n\n<p class=\"wp-block-paragraph\">Hay que decir que, si bien este estudio novedoso cuantifica y dimensiona adecuadamente estas instalaciones, ya en la elaboraci\u00f3n inicial del Plan Insular de Ordenaci\u00f3n (PIO), se pod\u00eda leer: \u201cde manera que su r\u00e9gimen de usos sea compatible con el aprovechamiento del recurso hidr\u00e1ulico como fuente generadora de energ\u00eda y las necesarias infraestructuras\u201d, referidas a estas presas. Por ejemplo, en este sentido, se habla de las presas de Chira y de Soria o se ordena a las entidades competentes que categoricen las tres presas del Parque Rural del Nublo, es decir, Parralillo, Siberio y El Caidero, en los t\u00e9rminos ya comentados.<\/p>\n\n\n\n<p class=\"wp-block-paragraph\">Estas dos cuestiones no hacen m\u00e1s que poner en evidencia la unidad de criterio que existe entre el legislador insular y nuestro centro insigne de la tecnolog\u00eda en Canarias. Es que, naturalmente, no pod\u00eda ser de otra manera. Las centrales hidroel\u00e9ctricas reversibles son la piedra angular sobre las que pivotan la materializaci\u00f3n de sistema 100% renovables, como ya han dejado patente sus detractores, al renunciar a la descarbonizaci\u00f3n del sistema el\u00e9ctrico, al proponer una renovaci\u00f3n de los grupos de las centrales el\u00e9ctricas actuales, basados en combustibles f\u00f3siles. Para todos aquellos que consideramos innegociable la eliminaci\u00f3n total del consumo de combustibles f\u00f3siles en la producci\u00f3n el\u00e9ctrica, vemos en los bombeos unos perfectos aliados que nos permitir\u00e1n contribuir de una forma decidida a la eliminaci\u00f3n de la emisi\u00f3n de gases de efectos invernadero por parte de la generaci\u00f3n el\u00e9ctrica, que se antoja, como el vector energ\u00e9tico m\u00e1s importante de un futuro de neutralidad contaminante.<\/p>\n\n\n\n<p class=\"wp-block-paragraph\">Por todo esto, no podemos de dejar de sentir una inmensa pena, cuando vemos a ecologistas muy bien intencionados, pero faltos de una informaci\u00f3n veraz y concluyente, realizando acciones como las que se est\u00e1n produciendo en las obras del \u201cEl Salto de Chira\u201d y que intentan equiparar estas obras, con aut\u00e9nticos altercados contra el territorio como es \u201cCuna del Alma\u201d, donde solo se pretende un deterioro ambiental para el enriquecimiento de unos pocos.<\/p>\n\n\n\n<p class=\"wp-block-paragraph\">No cabe duda de que en cualquier interacci\u00f3n del ser humano con el medio ambiente hay impacto ambiental. La \u00fanica forma de conseguir que una determinada zona quede al margen de ese impacto, es encerrarla dentro de una burbuja e impedir que cualquier ser humano provoque cualquier injerencia. Como esto no es posible, hay que llevar a cabo un balance entre esas injerencias y los beneficios que se obtienen y en el caso de las centrales hidroel\u00e9ctricas reversibles, al permitir conseguir sistemas 100% renovables, los beneficios son netamente m\u00e1s importante que los posibles deterioros.<\/p>\n\n\n\n<p class=\"wp-block-paragraph\">El cambio clim\u00e1tico generado por las emisiones de los procesos industriales del ser humano es una amenaza que ya la tenemos encima y es por eso por lo que todo lo que hagamos para mitigar sus efectos, nunca ser\u00e1 suficiente, pero al menos podremos conseguir que estos no sean todo lo exacerbados que podr\u00edan ser. Si escondemos la cabeza como los avestruces y nos limitamos a deleitarnos con nuestros intocables paisajes, lo que conseguiremos es que estos desaparezcan por efectos de fen\u00f3menos clim\u00e1ticos totalmente descontrolados.<\/p>\n\n\n\n<p class=\"wp-block-paragraph\">Es una autentica pena como se derrochan ingentes cantidades de esfuerzos en aras de luchas equivocadas, tan solo, por haber accedido a una fuente de informaci\u00f3n equivocada.<\/p>\n","protected":false},"excerpt":{"rendered":"<p>En la Estrategia de Almacenamiento Energ\u00e9tico de Canarias desarrollada por el Instituto Tecnol\u00f3gico de Canarias para el Gobierno de Canarias, en el marco del PTECAN, se contemplan una serie de propuestas de centrales hidroel\u00e9ctricas reversibles ubicadas en presas tales como la ya en construcci\u00f3n Chira-Soria u otras tales como Cueva de las Ni\u00f1as-Soria, Cueva de [&hellip;]<\/p>\n","protected":false},"author":1,"featured_media":533,"comment_status":"open","ping_status":"open","sticky":false,"template":"","format":"standard","meta":{"footnotes":""},"categories":[46,31],"tags":[],"class_list":["post-532","post","type-post","status-publish","format-standard","has-post-thumbnail","category-b_conceptos","category-bombeos"],"yoast_head":"<!-- This site is optimized with the Yoast SEO plugin v28.2 - https:\/\/yoast.com\/product\/yoast-seo-wordpress\/ -->\n<title>Aut\u00e9ntica pena - Salto Ecol\u00f3gico<\/title>\n<meta name=\"robots\" content=\"index, follow, max-snippet:-1, max-image-preview:large, max-video-preview:-1\" \/>\n<link rel=\"canonical\" href=\"https:\/\/saltoecologico.es\/index.php\/2022\/12\/16\/autentica-pena\/\" \/>\n<meta property=\"og:locale\" content=\"es_ES\" \/>\n<meta property=\"og:type\" content=\"article\" \/>\n<meta property=\"og:title\" content=\"Aut\u00e9ntica pena - Salto Ecol\u00f3gico\" \/>\n<meta property=\"og:description\" content=\"En la Estrategia de Almacenamiento Energ\u00e9tico de Canarias desarrollada por el Instituto Tecnol\u00f3gico de Canarias para el Gobierno de Canarias, en el marco del PTECAN, se contemplan una serie de propuestas de centrales hidroel\u00e9ctricas reversibles ubicadas en presas tales como la ya en construcci\u00f3n Chira-Soria u otras tales como Cueva de las Ni\u00f1as-Soria, Cueva de [&hellip;]\" \/>\n<meta property=\"og:url\" content=\"https:\/\/saltoecologico.es\/index.php\/2022\/12\/16\/autentica-pena\/\" \/>\n<meta property=\"og:site_name\" content=\"Salto Ecol\u00f3gico\" \/>\n<meta property=\"article:publisher\" content=\"https:\/\/www.facebook.com\/Saltotransicionecologica\" \/>\n<meta property=\"article:published_time\" content=\"2022-12-16T17:38:00+00:00\" \/>\n<meta property=\"article:modified_time\" content=\"2025-04-14T17:38:55+00:00\" \/>\n<meta property=\"og:image\" content=\"https:\/\/saltoecologico.es\/wp-content\/uploads\/2025\/04\/Salto-12.jpg\" \/>\n\t<meta property=\"og:image:width\" content=\"1024\" \/>\n\t<meta property=\"og:image:height\" content=\"683\" \/>\n\t<meta property=\"og:image:type\" content=\"image\/jpeg\" \/>\n<meta name=\"author\" content=\"admin\" \/>\n<meta name=\"twitter:card\" content=\"summary_large_image\" \/>\n<meta name=\"twitter:label1\" content=\"Escrito por\" \/>\n\t<meta name=\"twitter:data1\" content=\"admin\" \/>\n\t<meta name=\"twitter:label2\" content=\"Tiempo de lectura\" \/>\n\t<meta name=\"twitter:data2\" content=\"4 minutos\" \/>\n<script type=\"application\/ld+json\" class=\"yoast-schema-graph\">{\"@context\":\"https:\\\/\\\/schema.org\",\"@graph\":[{\"@type\":\"Article\",\"@id\":\"https:\\\/\\\/saltoecologico.es\\\/index.php\\\/2022\\\/12\\\/16\\\/autentica-pena\\\/#article\",\"isPartOf\":{\"@id\":\"https:\\\/\\\/saltoecologico.es\\\/index.php\\\/2022\\\/12\\\/16\\\/autentica-pena\\\/\"},\"author\":{\"name\":\"admin\",\"@id\":\"https:\\\/\\\/saltoecologico.es\\\/#\\\/schema\\\/person\\\/7175eec4b3c123d86c675313c3a01a0b\"},\"headline\":\"Aut\u00e9ntica pena\",\"datePublished\":\"2022-12-16T17:38:00+00:00\",\"dateModified\":\"2025-04-14T17:38:55+00:00\",\"mainEntityOfPage\":{\"@id\":\"https:\\\/\\\/saltoecologico.es\\\/index.php\\\/2022\\\/12\\\/16\\\/autentica-pena\\\/\"},\"wordCount\":682,\"commentCount\":0,\"publisher\":{\"@id\":\"https:\\\/\\\/saltoecologico.es\\\/#organization\"},\"image\":{\"@id\":\"https:\\\/\\\/saltoecologico.es\\\/index.php\\\/2022\\\/12\\\/16\\\/autentica-pena\\\/#primaryimage\"},\"thumbnailUrl\":\"https:\\\/\\\/saltoecologico.es\\\/wp-content\\\/uploads\\\/2025\\\/04\\\/Salto-12.jpg\",\"articleSection\":[\"B_Conceptos\",\"Bombeos\"],\"inLanguage\":\"es\",\"potentialAction\":[{\"@type\":\"CommentAction\",\"name\":\"Comment\",\"target\":[\"https:\\\/\\\/saltoecologico.es\\\/index.php\\\/2022\\\/12\\\/16\\\/autentica-pena\\\/#respond\"]}]},{\"@type\":\"WebPage\",\"@id\":\"https:\\\/\\\/saltoecologico.es\\\/index.php\\\/2022\\\/12\\\/16\\\/autentica-pena\\\/\",\"url\":\"https:\\\/\\\/saltoecologico.es\\\/index.php\\\/2022\\\/12\\\/16\\\/autentica-pena\\\/\",\"name\":\"Aut\u00e9ntica pena - Salto Ecol\u00f3gico\",\"isPartOf\":{\"@id\":\"https:\\\/\\\/saltoecologico.es\\\/#website\"},\"primaryImageOfPage\":{\"@id\":\"https:\\\/\\\/saltoecologico.es\\\/index.php\\\/2022\\\/12\\\/16\\\/autentica-pena\\\/#primaryimage\"},\"image\":{\"@id\":\"https:\\\/\\\/saltoecologico.es\\\/index.php\\\/2022\\\/12\\\/16\\\/autentica-pena\\\/#primaryimage\"},\"thumbnailUrl\":\"https:\\\/\\\/saltoecologico.es\\\/wp-content\\\/uploads\\\/2025\\\/04\\\/Salto-12.jpg\",\"datePublished\":\"2022-12-16T17:38:00+00:00\",\"dateModified\":\"2025-04-14T17:38:55+00:00\",\"breadcrumb\":{\"@id\":\"https:\\\/\\\/saltoecologico.es\\\/index.php\\\/2022\\\/12\\\/16\\\/autentica-pena\\\/#breadcrumb\"},\"inLanguage\":\"es\",\"potentialAction\":[{\"@type\":\"ReadAction\",\"target\":[\"https:\\\/\\\/saltoecologico.es\\\/index.php\\\/2022\\\/12\\\/16\\\/autentica-pena\\\/\"]}]},{\"@type\":\"ImageObject\",\"inLanguage\":\"es\",\"@id\":\"https:\\\/\\\/saltoecologico.es\\\/index.php\\\/2022\\\/12\\\/16\\\/autentica-pena\\\/#primaryimage\",\"url\":\"https:\\\/\\\/saltoecologico.es\\\/wp-content\\\/uploads\\\/2025\\\/04\\\/Salto-12.jpg\",\"contentUrl\":\"https:\\\/\\\/saltoecologico.es\\\/wp-content\\\/uploads\\\/2025\\\/04\\\/Salto-12.jpg\",\"width\":1024,\"height\":683,\"caption\":\"Hydroelectric Power Station of Alqueva. In the Alentejo in Alqueva Lake is this piece of modern engineering.\"},{\"@type\":\"BreadcrumbList\",\"@id\":\"https:\\\/\\\/saltoecologico.es\\\/index.php\\\/2022\\\/12\\\/16\\\/autentica-pena\\\/#breadcrumb\",\"itemListElement\":[{\"@type\":\"ListItem\",\"position\":1,\"name\":\"Portada\",\"item\":\"https:\\\/\\\/saltoecologico.es\\\/\"},{\"@type\":\"ListItem\",\"position\":2,\"name\":\"Aut\u00e9ntica pena\"}]},{\"@type\":\"WebSite\",\"@id\":\"https:\\\/\\\/saltoecologico.es\\\/#website\",\"url\":\"https:\\\/\\\/saltoecologico.es\\\/\",\"name\":\"Salto Ecol\u00f3gico\",\"description\":\"\",\"publisher\":{\"@id\":\"https:\\\/\\\/saltoecologico.es\\\/#organization\"},\"potentialAction\":[{\"@type\":\"SearchAction\",\"target\":{\"@type\":\"EntryPoint\",\"urlTemplate\":\"https:\\\/\\\/saltoecologico.es\\\/?s={search_term_string}\"},\"query-input\":{\"@type\":\"PropertyValueSpecification\",\"valueRequired\":true,\"valueName\":\"search_term_string\"}}],\"inLanguage\":\"es\"},{\"@type\":\"Organization\",\"@id\":\"https:\\\/\\\/saltoecologico.es\\\/#organization\",\"name\":\"Salto a la Transici\u00f3n Ecol\u00f3gica\",\"url\":\"https:\\\/\\\/saltoecologico.es\\\/\",\"logo\":{\"@type\":\"ImageObject\",\"inLanguage\":\"es\",\"@id\":\"https:\\\/\\\/saltoecologico.es\\\/#\\\/schema\\\/logo\\\/image\\\/\",\"url\":\"https:\\\/\\\/saltoecologico.es\\\/wp-content\\\/uploads\\\/2025\\\/04\\\/Logo-STE.jpg\",\"contentUrl\":\"https:\\\/\\\/saltoecologico.es\\\/wp-content\\\/uploads\\\/2025\\\/04\\\/Logo-STE.jpg\",\"width\":435,\"height\":435,\"caption\":\"Salto a la Transici\u00f3n Ecol\u00f3gica\"},\"image\":{\"@id\":\"https:\\\/\\\/saltoecologico.es\\\/#\\\/schema\\\/logo\\\/image\\\/\"},\"sameAs\":[\"https:\\\/\\\/www.facebook.com\\\/Saltotransicionecologica\"]},{\"@type\":\"Person\",\"@id\":\"https:\\\/\\\/saltoecologico.es\\\/#\\\/schema\\\/person\\\/7175eec4b3c123d86c675313c3a01a0b\",\"name\":\"admin\",\"image\":{\"@type\":\"ImageObject\",\"inLanguage\":\"es\",\"@id\":\"https:\\\/\\\/secure.gravatar.com\\\/avatar\\\/4c215dc57bbc7b2f2f470ac9bd197f3f112636a584e575a732d0206a2d9c9806?s=96&d=mm&r=g\",\"url\":\"https:\\\/\\\/secure.gravatar.com\\\/avatar\\\/4c215dc57bbc7b2f2f470ac9bd197f3f112636a584e575a732d0206a2d9c9806?s=96&d=mm&r=g\",\"contentUrl\":\"https:\\\/\\\/secure.gravatar.com\\\/avatar\\\/4c215dc57bbc7b2f2f470ac9bd197f3f112636a584e575a732d0206a2d9c9806?s=96&d=mm&r=g\",\"caption\":\"admin\"},\"sameAs\":[\"https:\\\/\\\/saltoecologico.es\"],\"url\":\"https:\\\/\\\/saltoecologico.es\\\/index.php\\\/author\\\/saltoecologico\\\/\"}]}<\/script>\n<!-- \/ Yoast SEO plugin. -->","yoast_head_json":{"title":"Aut\u00e9ntica pena - Salto Ecol\u00f3gico","robots":{"index":"index","follow":"follow","max-snippet":"max-snippet:-1","max-image-preview":"max-image-preview:large","max-video-preview":"max-video-preview:-1"},"canonical":"https:\/\/saltoecologico.es\/index.php\/2022\/12\/16\/autentica-pena\/","og_locale":"es_ES","og_type":"article","og_title":"Aut\u00e9ntica pena - Salto Ecol\u00f3gico","og_description":"En la Estrategia de Almacenamiento Energ\u00e9tico de Canarias desarrollada por el Instituto Tecnol\u00f3gico de Canarias para el Gobierno de Canarias, en el marco del PTECAN, se contemplan una serie de propuestas de centrales hidroel\u00e9ctricas reversibles ubicadas en presas tales como la ya en construcci\u00f3n Chira-Soria u otras tales como Cueva de las Ni\u00f1as-Soria, Cueva de [&hellip;]","og_url":"https:\/\/saltoecologico.es\/index.php\/2022\/12\/16\/autentica-pena\/","og_site_name":"Salto Ecol\u00f3gico","article_publisher":"https:\/\/www.facebook.com\/Saltotransicionecologica","article_published_time":"2022-12-16T17:38:00+00:00","article_modified_time":"2025-04-14T17:38:55+00:00","og_image":[{"width":1024,"height":683,"url":"https:\/\/saltoecologico.es\/wp-content\/uploads\/2025\/04\/Salto-12.jpg","type":"image\/jpeg"}],"author":"admin","twitter_card":"summary_large_image","twitter_misc":{"Escrito por":"admin","Tiempo de lectura":"4 minutos"},"schema":{"@context":"https:\/\/schema.org","@graph":[{"@type":"Article","@id":"https:\/\/saltoecologico.es\/index.php\/2022\/12\/16\/autentica-pena\/#article","isPartOf":{"@id":"https:\/\/saltoecologico.es\/index.php\/2022\/12\/16\/autentica-pena\/"},"author":{"name":"admin","@id":"https:\/\/saltoecologico.es\/#\/schema\/person\/7175eec4b3c123d86c675313c3a01a0b"},"headline":"Aut\u00e9ntica pena","datePublished":"2022-12-16T17:38:00+00:00","dateModified":"2025-04-14T17:38:55+00:00","mainEntityOfPage":{"@id":"https:\/\/saltoecologico.es\/index.php\/2022\/12\/16\/autentica-pena\/"},"wordCount":682,"commentCount":0,"publisher":{"@id":"https:\/\/saltoecologico.es\/#organization"},"image":{"@id":"https:\/\/saltoecologico.es\/index.php\/2022\/12\/16\/autentica-pena\/#primaryimage"},"thumbnailUrl":"https:\/\/saltoecologico.es\/wp-content\/uploads\/2025\/04\/Salto-12.jpg","articleSection":["B_Conceptos","Bombeos"],"inLanguage":"es","potentialAction":[{"@type":"CommentAction","name":"Comment","target":["https:\/\/saltoecologico.es\/index.php\/2022\/12\/16\/autentica-pena\/#respond"]}]},{"@type":"WebPage","@id":"https:\/\/saltoecologico.es\/index.php\/2022\/12\/16\/autentica-pena\/","url":"https:\/\/saltoecologico.es\/index.php\/2022\/12\/16\/autentica-pena\/","name":"Aut\u00e9ntica pena - Salto Ecol\u00f3gico","isPartOf":{"@id":"https:\/\/saltoecologico.es\/#website"},"primaryImageOfPage":{"@id":"https:\/\/saltoecologico.es\/index.php\/2022\/12\/16\/autentica-pena\/#primaryimage"},"image":{"@id":"https:\/\/saltoecologico.es\/index.php\/2022\/12\/16\/autentica-pena\/#primaryimage"},"thumbnailUrl":"https:\/\/saltoecologico.es\/wp-content\/uploads\/2025\/04\/Salto-12.jpg","datePublished":"2022-12-16T17:38:00+00:00","dateModified":"2025-04-14T17:38:55+00:00","breadcrumb":{"@id":"https:\/\/saltoecologico.es\/index.php\/2022\/12\/16\/autentica-pena\/#breadcrumb"},"inLanguage":"es","potentialAction":[{"@type":"ReadAction","target":["https:\/\/saltoecologico.es\/index.php\/2022\/12\/16\/autentica-pena\/"]}]},{"@type":"ImageObject","inLanguage":"es","@id":"https:\/\/saltoecologico.es\/index.php\/2022\/12\/16\/autentica-pena\/#primaryimage","url":"https:\/\/saltoecologico.es\/wp-content\/uploads\/2025\/04\/Salto-12.jpg","contentUrl":"https:\/\/saltoecologico.es\/wp-content\/uploads\/2025\/04\/Salto-12.jpg","width":1024,"height":683,"caption":"Hydroelectric Power Station of Alqueva. In the Alentejo in Alqueva Lake is this piece of modern engineering."},{"@type":"BreadcrumbList","@id":"https:\/\/saltoecologico.es\/index.php\/2022\/12\/16\/autentica-pena\/#breadcrumb","itemListElement":[{"@type":"ListItem","position":1,"name":"Portada","item":"https:\/\/saltoecologico.es\/"},{"@type":"ListItem","position":2,"name":"Aut\u00e9ntica pena"}]},{"@type":"WebSite","@id":"https:\/\/saltoecologico.es\/#website","url":"https:\/\/saltoecologico.es\/","name":"Salto Ecol\u00f3gico","description":"","publisher":{"@id":"https:\/\/saltoecologico.es\/#organization"},"potentialAction":[{"@type":"SearchAction","target":{"@type":"EntryPoint","urlTemplate":"https:\/\/saltoecologico.es\/?s={search_term_string}"},"query-input":{"@type":"PropertyValueSpecification","valueRequired":true,"valueName":"search_term_string"}}],"inLanguage":"es"},{"@type":"Organization","@id":"https:\/\/saltoecologico.es\/#organization","name":"Salto a la Transici\u00f3n Ecol\u00f3gica","url":"https:\/\/saltoecologico.es\/","logo":{"@type":"ImageObject","inLanguage":"es","@id":"https:\/\/saltoecologico.es\/#\/schema\/logo\/image\/","url":"https:\/\/saltoecologico.es\/wp-content\/uploads\/2025\/04\/Logo-STE.jpg","contentUrl":"https:\/\/saltoecologico.es\/wp-content\/uploads\/2025\/04\/Logo-STE.jpg","width":435,"height":435,"caption":"Salto a la Transici\u00f3n Ecol\u00f3gica"},"image":{"@id":"https:\/\/saltoecologico.es\/#\/schema\/logo\/image\/"},"sameAs":["https:\/\/www.facebook.com\/Saltotransicionecologica"]},{"@type":"Person","@id":"https:\/\/saltoecologico.es\/#\/schema\/person\/7175eec4b3c123d86c675313c3a01a0b","name":"admin","image":{"@type":"ImageObject","inLanguage":"es","@id":"https:\/\/secure.gravatar.com\/avatar\/4c215dc57bbc7b2f2f470ac9bd197f3f112636a584e575a732d0206a2d9c9806?s=96&d=mm&r=g","url":"https:\/\/secure.gravatar.com\/avatar\/4c215dc57bbc7b2f2f470ac9bd197f3f112636a584e575a732d0206a2d9c9806?s=96&d=mm&r=g","contentUrl":"https:\/\/secure.gravatar.com\/avatar\/4c215dc57bbc7b2f2f470ac9bd197f3f112636a584e575a732d0206a2d9c9806?s=96&d=mm&r=g","caption":"admin"},"sameAs":["https:\/\/saltoecologico.es"],"url":"https:\/\/saltoecologico.es\/index.php\/author\/saltoecologico\/"}]}},"_links":{"self":[{"href":"https:\/\/saltoecologico.es\/index.php\/wp-json\/wp\/v2\/posts\/532","targetHints":{"allow":["GET"]}}],"collection":[{"href":"https:\/\/saltoecologico.es\/index.php\/wp-json\/wp\/v2\/posts"}],"about":[{"href":"https:\/\/saltoecologico.es\/index.php\/wp-json\/wp\/v2\/types\/post"}],"author":[{"embeddable":true,"href":"https:\/\/saltoecologico.es\/index.php\/wp-json\/wp\/v2\/users\/1"}],"replies":[{"embeddable":true,"href":"https:\/\/saltoecologico.es\/index.php\/wp-json\/wp\/v2\/comments?post=532"}],"version-history":[{"count":1,"href":"https:\/\/saltoecologico.es\/index.php\/wp-json\/wp\/v2\/posts\/532\/revisions"}],"predecessor-version":[{"id":534,"href":"https:\/\/saltoecologico.es\/index.php\/wp-json\/wp\/v2\/posts\/532\/revisions\/534"}],"wp:featuredmedia":[{"embeddable":true,"href":"https:\/\/saltoecologico.es\/index.php\/wp-json\/wp\/v2\/media\/533"}],"wp:attachment":[{"href":"https:\/\/saltoecologico.es\/index.php\/wp-json\/wp\/v2\/media?parent=532"}],"wp:term":[{"taxonomy":"category","embeddable":true,"href":"https:\/\/saltoecologico.es\/index.php\/wp-json\/wp\/v2\/categories?post=532"},{"taxonomy":"post_tag","embeddable":true,"href":"https:\/\/saltoecologico.es\/index.php\/wp-json\/wp\/v2\/tags?post=532"}],"curies":[{"name":"wp","href":"https:\/\/api.w.org\/{rel}","templated":true}]}}