{"id":535,"date":"2022-12-19T17:41:00","date_gmt":"2022-12-19T17:41:00","guid":{"rendered":"https:\/\/saltoecologico.es\/?p=535"},"modified":"2025-04-14T17:42:18","modified_gmt":"2025-04-14T17:42:18","slug":"fake-news","status":"publish","type":"post","link":"https:\/\/saltoecologico.es\/index.php\/2022\/12\/19\/fake-news\/","title":{"rendered":"Fake News"},"content":{"rendered":"\n<p class=\"wp-block-paragraph\">El caso de las centrales hidroel\u00e9ctricas reversibles en Gran Canaria se est\u00e1 convirtiendo en el tema que mayor cantidad de bulos, falsedades y medias verdades a generado en los \u00faltimos tiempos y como era de esperar el tema del agua es tambi\u00e9n protagonista de estos infundios.<\/p>\n\n\n\n<p class=\"wp-block-paragraph\">Recientemente los medios canarios han publicado la previsi\u00f3n que hace el Plan Insular de Ordenaci\u00f3n del Cabildo de Gran Canaria, de considerar determinadas presas de la isla, como susceptibles de ser utilizadas para la generaci\u00f3n hidroel\u00e9ctrica, que, dado el car\u00e1cter de no fluencia permanente de nuestros barrancos, estar\u00edamos hablando de centrales hidroel\u00e9ctricas reversibles con aportaci\u00f3n de agua desalinizada. Pues bien, ya han salido las voces agoreras que bien por desconocimiento o bien por mala fe, se\u00f1alan a los ocupantes actuales del \u00f3rgano rector de la isla, como los protagonistas de un nuevo latrocinio de las aguas de las islas, al plantear esta previsi\u00f3n, por dejar en manos de Red El\u00e9ctrica de Espa\u00f1a el control de dichas aguas, dejando a sus \u201cleg\u00edtimos\u201d usuarios si este preciado bien.<\/p>\n\n\n\n<p class=\"wp-block-paragraph\">Lo primero que hay que decir es que los primeros esbozos de este plan se remontan a principios de siglo y que las diferentes administraciones que han ido ocupando el gobierno del cabildo, han considerado la necesidad de tener en cuenta este aspecto, por cuestiones obvias de necesidad. No es vano el Plan Hidrol\u00f3gico de Tenerife, contempla una serie de ubicaciones para las instalaciones de centrales hidroel\u00e9ctricas reversibles, que van encaminadas a mantener la misma postura que la planteada por el PIO de Gran Canaria.<\/p>\n\n\n\n<p class=\"wp-block-paragraph\">Lo segundo que hay que decir es que el gobierno estatal, el gobierno de Canarias, el cabildo y REE han considerado que cada una de las ubicaciones deben de tener un r\u00e9gimen econ\u00f3mico y funcional concreto y as\u00ed ha salido la Orden Ministerial oportuna para regular estos aspectos en el caso del Salto de Chira. Por tanto, ahora mismo, de lo que se puede hablar sobre el destino de las aguas, es de este caso en concreto y en las \u201cAlegaciones al proyecto de orden por la que se aprueba la metodolog\u00eda de c\u00e1lculo de la retribuci\u00f3n de la central hidr\u00e1ulica reversible de Chira Soria\u201d del 4 de marzo de 2022\u201d, REE hace una serie de consideraciones con respecto a estos excedentes:<\/p>\n\n\n\n<p class=\"wp-block-paragraph\">&#8211; No se produce venta de agua, una figura incompatible con la actividad del Operador del Sistema. Visto desde un punto de vista contable, el resultado de la \u201ccuenta de explotaci\u00f3n de la EDAM\u201d siempre ser\u00e1 cero.<\/p>\n\n\n\n<p class=\"wp-block-paragraph\">&#8211; El modelo retributivo propuesto s\u00f3lo contempla las necesidades de agua requeridas para el funcionamiento de la central, esto es, la necesaria para el llenado inicial de los vasos y la que se precisar\u00e1 para reponer las mermas (p\u00e9rdidas por evaporaci\u00f3n e infiltraci\u00f3n) de las \u201caguas propias de REE\u201d, que se produzcan en los embalses a partir de entonces.<\/p>\n\n\n\n<p class=\"wp-block-paragraph\">&#8211; El Consejo Insular de Aguas tiene derecho a disponer del agua excedentaria disponible haci\u00e9ndose cargo del coste de su producci\u00f3n, lo cual implica que se podr\u00edan dar escenarios en los que esta agua no fuera reclamada o lo fuera en su totalidad y por lo tanto la estaci\u00f3n desalinizadora limitar\u00eda su producci\u00f3n a la estrictamente necesaria para mantener el nivel m\u00ednimo de operaci\u00f3n que garantice en todo momento la plena operatividad de la central.<\/p>\n\n\n\n<p class=\"wp-block-paragraph\">En definitiva, el uso que se hace del agua se reduce escrupulosamente al necesario para el funcionamiento de la central el\u00e9ctrica reversible, siendo este su \u00fanico cometido, excluyendo cualquier otro uso industrial o mercantil que se pudiera dar, entre otras cosas, porque la normativa que regula las actuaciones del operador del sistema lo impiden y proporcionan una raz\u00f3n m\u00e1s para que este sea el que se encargue de realizar la obra y explotarla.<\/p>\n\n\n\n<p class=\"wp-block-paragraph\">Es curioso&nbsp; que los autores de estos bulos reclamen continuamente que no se ha producido un debate en el seno de la sociedad sobre la instalaci\u00f3n de El Salto de Chira y luego se dediquen a difundir falsedades y juicios de valor que carecen del m\u00e1s m\u00ednimo rigor para ser considerados una parte solvente de una postura medianamente sensata.<\/p>\n","protected":false},"excerpt":{"rendered":"<p>El caso de las centrales hidroel\u00e9ctricas reversibles en Gran Canaria se est\u00e1 convirtiendo en el tema que mayor cantidad de bulos, falsedades y medias verdades a generado en los \u00faltimos tiempos y como era de esperar el tema del agua es tambi\u00e9n protagonista de estos infundios. Recientemente los medios canarios han publicado la previsi\u00f3n que [&hellip;]<\/p>\n","protected":false},"author":1,"featured_media":536,"comment_status":"open","ping_status":"open","sticky":false,"template":"","format":"standard","meta":{"footnotes":""},"categories":[46,31],"tags":[],"class_list":["post-535","post","type-post","status-publish","format-standard","has-post-thumbnail","category-b_conceptos","category-bombeos"],"yoast_head":"<!-- This site is optimized with the Yoast SEO plugin v28.2 - https:\/\/yoast.com\/product\/yoast-seo-wordpress\/ -->\n<title>Fake News - Salto Ecol\u00f3gico<\/title>\n<meta name=\"robots\" content=\"index, follow, max-snippet:-1, max-image-preview:large, max-video-preview:-1\" \/>\n<link rel=\"canonical\" href=\"https:\/\/saltoecologico.es\/index.php\/2022\/12\/19\/fake-news\/\" \/>\n<meta property=\"og:locale\" content=\"es_ES\" \/>\n<meta property=\"og:type\" content=\"article\" \/>\n<meta property=\"og:title\" content=\"Fake News - Salto Ecol\u00f3gico\" \/>\n<meta property=\"og:description\" content=\"El caso de las centrales hidroel\u00e9ctricas reversibles en Gran Canaria se est\u00e1 convirtiendo en el tema que mayor cantidad de bulos, falsedades y medias verdades a generado en los \u00faltimos tiempos y como era de esperar el tema del agua es tambi\u00e9n protagonista de estos infundios. Recientemente los medios canarios han publicado la previsi\u00f3n que [&hellip;]\" \/>\n<meta property=\"og:url\" content=\"https:\/\/saltoecologico.es\/index.php\/2022\/12\/19\/fake-news\/\" \/>\n<meta property=\"og:site_name\" content=\"Salto Ecol\u00f3gico\" \/>\n<meta property=\"article:publisher\" content=\"https:\/\/www.facebook.com\/Saltotransicionecologica\" \/>\n<meta property=\"article:published_time\" content=\"2022-12-19T17:41:00+00:00\" \/>\n<meta property=\"article:modified_time\" content=\"2025-04-14T17:42:18+00:00\" \/>\n<meta property=\"og:image\" content=\"https:\/\/saltoecologico.es\/wp-content\/uploads\/2025\/04\/Salto-13.jpg\" \/>\n\t<meta property=\"og:image:width\" content=\"1024\" \/>\n\t<meta property=\"og:image:height\" content=\"683\" \/>\n\t<meta property=\"og:image:type\" content=\"image\/jpeg\" \/>\n<meta name=\"author\" content=\"admin\" \/>\n<meta name=\"twitter:card\" content=\"summary_large_image\" \/>\n<meta name=\"twitter:label1\" content=\"Escrito por\" \/>\n\t<meta name=\"twitter:data1\" content=\"admin\" \/>\n\t<meta name=\"twitter:label2\" content=\"Tiempo de lectura\" \/>\n\t<meta name=\"twitter:data2\" content=\"4 minutos\" \/>\n<script type=\"application\/ld+json\" class=\"yoast-schema-graph\">{\"@context\":\"https:\\\/\\\/schema.org\",\"@graph\":[{\"@type\":\"Article\",\"@id\":\"https:\\\/\\\/saltoecologico.es\\\/index.php\\\/2022\\\/12\\\/19\\\/fake-news\\\/#article\",\"isPartOf\":{\"@id\":\"https:\\\/\\\/saltoecologico.es\\\/index.php\\\/2022\\\/12\\\/19\\\/fake-news\\\/\"},\"author\":{\"name\":\"admin\",\"@id\":\"https:\\\/\\\/saltoecologico.es\\\/#\\\/schema\\\/person\\\/7175eec4b3c123d86c675313c3a01a0b\"},\"headline\":\"Fake News\",\"datePublished\":\"2022-12-19T17:41:00+00:00\",\"dateModified\":\"2025-04-14T17:42:18+00:00\",\"mainEntityOfPage\":{\"@id\":\"https:\\\/\\\/saltoecologico.es\\\/index.php\\\/2022\\\/12\\\/19\\\/fake-news\\\/\"},\"wordCount\":725,\"commentCount\":0,\"publisher\":{\"@id\":\"https:\\\/\\\/saltoecologico.es\\\/#organization\"},\"image\":{\"@id\":\"https:\\\/\\\/saltoecologico.es\\\/index.php\\\/2022\\\/12\\\/19\\\/fake-news\\\/#primaryimage\"},\"thumbnailUrl\":\"https:\\\/\\\/saltoecologico.es\\\/wp-content\\\/uploads\\\/2025\\\/04\\\/Salto-13.jpg\",\"articleSection\":[\"B_Conceptos\",\"Bombeos\"],\"inLanguage\":\"es\",\"potentialAction\":[{\"@type\":\"CommentAction\",\"name\":\"Comment\",\"target\":[\"https:\\\/\\\/saltoecologico.es\\\/index.php\\\/2022\\\/12\\\/19\\\/fake-news\\\/#respond\"]}]},{\"@type\":\"WebPage\",\"@id\":\"https:\\\/\\\/saltoecologico.es\\\/index.php\\\/2022\\\/12\\\/19\\\/fake-news\\\/\",\"url\":\"https:\\\/\\\/saltoecologico.es\\\/index.php\\\/2022\\\/12\\\/19\\\/fake-news\\\/\",\"name\":\"Fake News - Salto Ecol\u00f3gico\",\"isPartOf\":{\"@id\":\"https:\\\/\\\/saltoecologico.es\\\/#website\"},\"primaryImageOfPage\":{\"@id\":\"https:\\\/\\\/saltoecologico.es\\\/index.php\\\/2022\\\/12\\\/19\\\/fake-news\\\/#primaryimage\"},\"image\":{\"@id\":\"https:\\\/\\\/saltoecologico.es\\\/index.php\\\/2022\\\/12\\\/19\\\/fake-news\\\/#primaryimage\"},\"thumbnailUrl\":\"https:\\\/\\\/saltoecologico.es\\\/wp-content\\\/uploads\\\/2025\\\/04\\\/Salto-13.jpg\",\"datePublished\":\"2022-12-19T17:41:00+00:00\",\"dateModified\":\"2025-04-14T17:42:18+00:00\",\"breadcrumb\":{\"@id\":\"https:\\\/\\\/saltoecologico.es\\\/index.php\\\/2022\\\/12\\\/19\\\/fake-news\\\/#breadcrumb\"},\"inLanguage\":\"es\",\"potentialAction\":[{\"@type\":\"ReadAction\",\"target\":[\"https:\\\/\\\/saltoecologico.es\\\/index.php\\\/2022\\\/12\\\/19\\\/fake-news\\\/\"]}]},{\"@type\":\"ImageObject\",\"inLanguage\":\"es\",\"@id\":\"https:\\\/\\\/saltoecologico.es\\\/index.php\\\/2022\\\/12\\\/19\\\/fake-news\\\/#primaryimage\",\"url\":\"https:\\\/\\\/saltoecologico.es\\\/wp-content\\\/uploads\\\/2025\\\/04\\\/Salto-13.jpg\",\"contentUrl\":\"https:\\\/\\\/saltoecologico.es\\\/wp-content\\\/uploads\\\/2025\\\/04\\\/Salto-13.jpg\",\"width\":1024,\"height\":683,\"caption\":\"Aerial view from airplane of a water dam by Hayward Lake. Taken near Mission, East of Vancouver, British Columbia, Canada.\"},{\"@type\":\"BreadcrumbList\",\"@id\":\"https:\\\/\\\/saltoecologico.es\\\/index.php\\\/2022\\\/12\\\/19\\\/fake-news\\\/#breadcrumb\",\"itemListElement\":[{\"@type\":\"ListItem\",\"position\":1,\"name\":\"Portada\",\"item\":\"https:\\\/\\\/saltoecologico.es\\\/\"},{\"@type\":\"ListItem\",\"position\":2,\"name\":\"Fake News\"}]},{\"@type\":\"WebSite\",\"@id\":\"https:\\\/\\\/saltoecologico.es\\\/#website\",\"url\":\"https:\\\/\\\/saltoecologico.es\\\/\",\"name\":\"Salto Ecol\u00f3gico\",\"description\":\"\",\"publisher\":{\"@id\":\"https:\\\/\\\/saltoecologico.es\\\/#organization\"},\"potentialAction\":[{\"@type\":\"SearchAction\",\"target\":{\"@type\":\"EntryPoint\",\"urlTemplate\":\"https:\\\/\\\/saltoecologico.es\\\/?s={search_term_string}\"},\"query-input\":{\"@type\":\"PropertyValueSpecification\",\"valueRequired\":true,\"valueName\":\"search_term_string\"}}],\"inLanguage\":\"es\"},{\"@type\":\"Organization\",\"@id\":\"https:\\\/\\\/saltoecologico.es\\\/#organization\",\"name\":\"Salto a la Transici\u00f3n Ecol\u00f3gica\",\"url\":\"https:\\\/\\\/saltoecologico.es\\\/\",\"logo\":{\"@type\":\"ImageObject\",\"inLanguage\":\"es\",\"@id\":\"https:\\\/\\\/saltoecologico.es\\\/#\\\/schema\\\/logo\\\/image\\\/\",\"url\":\"https:\\\/\\\/saltoecologico.es\\\/wp-content\\\/uploads\\\/2025\\\/04\\\/Logo-STE.jpg\",\"contentUrl\":\"https:\\\/\\\/saltoecologico.es\\\/wp-content\\\/uploads\\\/2025\\\/04\\\/Logo-STE.jpg\",\"width\":435,\"height\":435,\"caption\":\"Salto a la Transici\u00f3n Ecol\u00f3gica\"},\"image\":{\"@id\":\"https:\\\/\\\/saltoecologico.es\\\/#\\\/schema\\\/logo\\\/image\\\/\"},\"sameAs\":[\"https:\\\/\\\/www.facebook.com\\\/Saltotransicionecologica\"]},{\"@type\":\"Person\",\"@id\":\"https:\\\/\\\/saltoecologico.es\\\/#\\\/schema\\\/person\\\/7175eec4b3c123d86c675313c3a01a0b\",\"name\":\"admin\",\"image\":{\"@type\":\"ImageObject\",\"inLanguage\":\"es\",\"@id\":\"https:\\\/\\\/secure.gravatar.com\\\/avatar\\\/4c215dc57bbc7b2f2f470ac9bd197f3f112636a584e575a732d0206a2d9c9806?s=96&d=mm&r=g\",\"url\":\"https:\\\/\\\/secure.gravatar.com\\\/avatar\\\/4c215dc57bbc7b2f2f470ac9bd197f3f112636a584e575a732d0206a2d9c9806?s=96&d=mm&r=g\",\"contentUrl\":\"https:\\\/\\\/secure.gravatar.com\\\/avatar\\\/4c215dc57bbc7b2f2f470ac9bd197f3f112636a584e575a732d0206a2d9c9806?s=96&d=mm&r=g\",\"caption\":\"admin\"},\"sameAs\":[\"https:\\\/\\\/saltoecologico.es\"],\"url\":\"https:\\\/\\\/saltoecologico.es\\\/index.php\\\/author\\\/saltoecologico\\\/\"}]}<\/script>\n<!-- \/ Yoast SEO plugin. -->","yoast_head_json":{"title":"Fake News - Salto Ecol\u00f3gico","robots":{"index":"index","follow":"follow","max-snippet":"max-snippet:-1","max-image-preview":"max-image-preview:large","max-video-preview":"max-video-preview:-1"},"canonical":"https:\/\/saltoecologico.es\/index.php\/2022\/12\/19\/fake-news\/","og_locale":"es_ES","og_type":"article","og_title":"Fake News - Salto Ecol\u00f3gico","og_description":"El caso de las centrales hidroel\u00e9ctricas reversibles en Gran Canaria se est\u00e1 convirtiendo en el tema que mayor cantidad de bulos, falsedades y medias verdades a generado en los \u00faltimos tiempos y como era de esperar el tema del agua es tambi\u00e9n protagonista de estos infundios. Recientemente los medios canarios han publicado la previsi\u00f3n que [&hellip;]","og_url":"https:\/\/saltoecologico.es\/index.php\/2022\/12\/19\/fake-news\/","og_site_name":"Salto Ecol\u00f3gico","article_publisher":"https:\/\/www.facebook.com\/Saltotransicionecologica","article_published_time":"2022-12-19T17:41:00+00:00","article_modified_time":"2025-04-14T17:42:18+00:00","og_image":[{"width":1024,"height":683,"url":"https:\/\/saltoecologico.es\/wp-content\/uploads\/2025\/04\/Salto-13.jpg","type":"image\/jpeg"}],"author":"admin","twitter_card":"summary_large_image","twitter_misc":{"Escrito por":"admin","Tiempo de lectura":"4 minutos"},"schema":{"@context":"https:\/\/schema.org","@graph":[{"@type":"Article","@id":"https:\/\/saltoecologico.es\/index.php\/2022\/12\/19\/fake-news\/#article","isPartOf":{"@id":"https:\/\/saltoecologico.es\/index.php\/2022\/12\/19\/fake-news\/"},"author":{"name":"admin","@id":"https:\/\/saltoecologico.es\/#\/schema\/person\/7175eec4b3c123d86c675313c3a01a0b"},"headline":"Fake News","datePublished":"2022-12-19T17:41:00+00:00","dateModified":"2025-04-14T17:42:18+00:00","mainEntityOfPage":{"@id":"https:\/\/saltoecologico.es\/index.php\/2022\/12\/19\/fake-news\/"},"wordCount":725,"commentCount":0,"publisher":{"@id":"https:\/\/saltoecologico.es\/#organization"},"image":{"@id":"https:\/\/saltoecologico.es\/index.php\/2022\/12\/19\/fake-news\/#primaryimage"},"thumbnailUrl":"https:\/\/saltoecologico.es\/wp-content\/uploads\/2025\/04\/Salto-13.jpg","articleSection":["B_Conceptos","Bombeos"],"inLanguage":"es","potentialAction":[{"@type":"CommentAction","name":"Comment","target":["https:\/\/saltoecologico.es\/index.php\/2022\/12\/19\/fake-news\/#respond"]}]},{"@type":"WebPage","@id":"https:\/\/saltoecologico.es\/index.php\/2022\/12\/19\/fake-news\/","url":"https:\/\/saltoecologico.es\/index.php\/2022\/12\/19\/fake-news\/","name":"Fake News - Salto Ecol\u00f3gico","isPartOf":{"@id":"https:\/\/saltoecologico.es\/#website"},"primaryImageOfPage":{"@id":"https:\/\/saltoecologico.es\/index.php\/2022\/12\/19\/fake-news\/#primaryimage"},"image":{"@id":"https:\/\/saltoecologico.es\/index.php\/2022\/12\/19\/fake-news\/#primaryimage"},"thumbnailUrl":"https:\/\/saltoecologico.es\/wp-content\/uploads\/2025\/04\/Salto-13.jpg","datePublished":"2022-12-19T17:41:00+00:00","dateModified":"2025-04-14T17:42:18+00:00","breadcrumb":{"@id":"https:\/\/saltoecologico.es\/index.php\/2022\/12\/19\/fake-news\/#breadcrumb"},"inLanguage":"es","potentialAction":[{"@type":"ReadAction","target":["https:\/\/saltoecologico.es\/index.php\/2022\/12\/19\/fake-news\/"]}]},{"@type":"ImageObject","inLanguage":"es","@id":"https:\/\/saltoecologico.es\/index.php\/2022\/12\/19\/fake-news\/#primaryimage","url":"https:\/\/saltoecologico.es\/wp-content\/uploads\/2025\/04\/Salto-13.jpg","contentUrl":"https:\/\/saltoecologico.es\/wp-content\/uploads\/2025\/04\/Salto-13.jpg","width":1024,"height":683,"caption":"Aerial view from airplane of a water dam by Hayward Lake. Taken near Mission, East of Vancouver, British Columbia, Canada."},{"@type":"BreadcrumbList","@id":"https:\/\/saltoecologico.es\/index.php\/2022\/12\/19\/fake-news\/#breadcrumb","itemListElement":[{"@type":"ListItem","position":1,"name":"Portada","item":"https:\/\/saltoecologico.es\/"},{"@type":"ListItem","position":2,"name":"Fake News"}]},{"@type":"WebSite","@id":"https:\/\/saltoecologico.es\/#website","url":"https:\/\/saltoecologico.es\/","name":"Salto Ecol\u00f3gico","description":"","publisher":{"@id":"https:\/\/saltoecologico.es\/#organization"},"potentialAction":[{"@type":"SearchAction","target":{"@type":"EntryPoint","urlTemplate":"https:\/\/saltoecologico.es\/?s={search_term_string}"},"query-input":{"@type":"PropertyValueSpecification","valueRequired":true,"valueName":"search_term_string"}}],"inLanguage":"es"},{"@type":"Organization","@id":"https:\/\/saltoecologico.es\/#organization","name":"Salto a la Transici\u00f3n Ecol\u00f3gica","url":"https:\/\/saltoecologico.es\/","logo":{"@type":"ImageObject","inLanguage":"es","@id":"https:\/\/saltoecologico.es\/#\/schema\/logo\/image\/","url":"https:\/\/saltoecologico.es\/wp-content\/uploads\/2025\/04\/Logo-STE.jpg","contentUrl":"https:\/\/saltoecologico.es\/wp-content\/uploads\/2025\/04\/Logo-STE.jpg","width":435,"height":435,"caption":"Salto a la Transici\u00f3n Ecol\u00f3gica"},"image":{"@id":"https:\/\/saltoecologico.es\/#\/schema\/logo\/image\/"},"sameAs":["https:\/\/www.facebook.com\/Saltotransicionecologica"]},{"@type":"Person","@id":"https:\/\/saltoecologico.es\/#\/schema\/person\/7175eec4b3c123d86c675313c3a01a0b","name":"admin","image":{"@type":"ImageObject","inLanguage":"es","@id":"https:\/\/secure.gravatar.com\/avatar\/4c215dc57bbc7b2f2f470ac9bd197f3f112636a584e575a732d0206a2d9c9806?s=96&d=mm&r=g","url":"https:\/\/secure.gravatar.com\/avatar\/4c215dc57bbc7b2f2f470ac9bd197f3f112636a584e575a732d0206a2d9c9806?s=96&d=mm&r=g","contentUrl":"https:\/\/secure.gravatar.com\/avatar\/4c215dc57bbc7b2f2f470ac9bd197f3f112636a584e575a732d0206a2d9c9806?s=96&d=mm&r=g","caption":"admin"},"sameAs":["https:\/\/saltoecologico.es"],"url":"https:\/\/saltoecologico.es\/index.php\/author\/saltoecologico\/"}]}},"_links":{"self":[{"href":"https:\/\/saltoecologico.es\/index.php\/wp-json\/wp\/v2\/posts\/535","targetHints":{"allow":["GET"]}}],"collection":[{"href":"https:\/\/saltoecologico.es\/index.php\/wp-json\/wp\/v2\/posts"}],"about":[{"href":"https:\/\/saltoecologico.es\/index.php\/wp-json\/wp\/v2\/types\/post"}],"author":[{"embeddable":true,"href":"https:\/\/saltoecologico.es\/index.php\/wp-json\/wp\/v2\/users\/1"}],"replies":[{"embeddable":true,"href":"https:\/\/saltoecologico.es\/index.php\/wp-json\/wp\/v2\/comments?post=535"}],"version-history":[{"count":1,"href":"https:\/\/saltoecologico.es\/index.php\/wp-json\/wp\/v2\/posts\/535\/revisions"}],"predecessor-version":[{"id":537,"href":"https:\/\/saltoecologico.es\/index.php\/wp-json\/wp\/v2\/posts\/535\/revisions\/537"}],"wp:featuredmedia":[{"embeddable":true,"href":"https:\/\/saltoecologico.es\/index.php\/wp-json\/wp\/v2\/media\/536"}],"wp:attachment":[{"href":"https:\/\/saltoecologico.es\/index.php\/wp-json\/wp\/v2\/media?parent=535"}],"wp:term":[{"taxonomy":"category","embeddable":true,"href":"https:\/\/saltoecologico.es\/index.php\/wp-json\/wp\/v2\/categories?post=535"},{"taxonomy":"post_tag","embeddable":true,"href":"https:\/\/saltoecologico.es\/index.php\/wp-json\/wp\/v2\/tags?post=535"}],"curies":[{"name":"wp","href":"https:\/\/api.w.org\/{rel}","templated":true}]}}