{"id":538,"date":"2022-12-31T18:25:00","date_gmt":"2022-12-31T18:25:00","guid":{"rendered":"https:\/\/saltoecologico.es\/?p=538"},"modified":"2025-04-14T18:26:05","modified_gmt":"2025-04-14T18:26:05","slug":"se-consumo","status":"publish","type":"post","link":"https:\/\/saltoecologico.es\/index.php\/2022\/12\/31\/se-consumo\/","title":{"rendered":"Se consum\u00f3"},"content":{"rendered":"\n<p class=\"wp-block-paragraph\">En escrito del 16 de mayo ya alert\u00e1bamos de las implicaciones que supon\u00eda el punto 1 de la disposici\u00f3n final cuarta del Real Decreto-Ley 6\/2022, de 29 de marzo, donde se eliminaba de un plumazo, la autorizaci\u00f3n administrativa para la instalaci\u00f3n de plantas de regasificaci\u00f3n destinadas a alimentar la generaci\u00f3n el\u00e9ctrica, a puertos y a buques. En escritos posteriores hemos venido advirtiendo de las intenciones de varias empresas de instalar infraestructuras de almacenamiento de gas natural licuado, as\u00ed como equipos generadores de electricidad basados en este combustible, concretamente en los puertos de Santa Cruz de Tenerife y Las Palmas de Gran Canaria, as\u00ed como en el Pol\u00edgono de Granadilla. Pues bien, a finales del mes de diciembre pasado, se ha aprobado por parte del gobierno de la naci\u00f3n la Orden TED\/1315\/2022 &nbsp;de 23 de diciembre, por la que en ejecuci\u00f3n de la sentencia del Tribunal Supremo de 16 de noviembre de 2021, reca\u00edda en el recurso contencioso-administrativo 301\/2020, se regulan las subastas para el suministro de combustible y determinaci\u00f3n del precio de combustible, se autorizan nuevos combustibles, se establecen los valores unitarios de referencia, aplicable a las instalaciones de producci\u00f3n de energ\u00eda el\u00e9ctrica ubicadas en los territorios no peninsulares con r\u00e9gimen retributivo adicional, y&nbsp; se revisan otras cuestiones t\u00e9cnicas.<\/p>\n\n\n\n<p class=\"wp-block-paragraph\">Esta nueva norma, en su articulado, refleja una nueva situaci\u00f3n que es, bajo nuestro punto de vista, altamente da\u00f1ina para las islas, al recoger en su art\u00edculo 3, el siguiente literal:<\/p>\n\n\n\n<p class=\"wp-block-paragraph\"><em>\u201cSe aprueba el empleo del combustible gas natural en grupos generadores ubicados en los territorios no peninsulares de Canarias y Melilla a efectos del r\u00e9gimen retributivo adicional establecido en el Real Decreto 738\/2015, de 31 de julio\u201d.<\/em><\/p>\n\n\n\n<p class=\"wp-block-paragraph\">Con este redactado se le da el espaldarazo necesario para que la generaci\u00f3n el\u00e9ctrica que use como combustible el gas natural, se convierta en un negocio altamente lucrativo, al verse beneficiado por el denominado \u201cr\u00e9gimen retributivo adicional\u201d, que b\u00e1sicamente consiste en percibir, adem\u00e1s de los emolumentos propios del negocio el\u00e9ctrico, unas cantidades extras por las dificultades a\u00f1adidas de generar electricidad en los territorios extrapeninsulares.<\/p>\n\n\n\n<p class=\"wp-block-paragraph\">En definitiva, con esta Orden el gas natural se convierte de facto en un combustible m\u00e1s de las islas, dando el pistoletazo de salida, para hacer buenos todos aquellos proyectos que estaban en la rec\u00e1mara, pendientes de esta norma, tanto sean de nueva creaci\u00f3n, como de existentes que se adecuen al nuevo combustible.<\/p>\n\n\n\n<p class=\"wp-block-paragraph\">Ahora que esta cuesti\u00f3n es ya una realidad, creo que los habitantes del archipi\u00e9lago estamos completamente legitimados para exigir las responsabilidades oportunas a los titulares de tremenda tropel\u00eda. Pero cuando se empieza a enfocar estas responsabilidades, el panorama es desalentador. Por un lado, tenemos a los miembros del gobierno autores de la norma, en este caso PSOE y Unidas Podemos, por otro tenemos al PP y CC que en m\u00faltiples ocasiones han manifestado sus fervientes deseos de introducir el gas en las islas, por lo que habr\u00e1n aplaudido la medida hasta la extenuaci\u00f3n. Por \u00faltimo, tenemos a NC y ASG que tampoco han realizado una oposici\u00f3n franca a esta medida.<\/p>\n\n\n\n<p class=\"wp-block-paragraph\">Ya sabemos todos lo que va a pasar. Esta norma dormir\u00e1 el sue\u00f1o de los justos hasta que pasen las elecciones de mayo y una vez que esto ocurra se dinamizar\u00e1 de una manera inusitada la instalaci\u00f3n de todos estos proyectos, aprovechando que quedan 4 a\u00f1os de legislatura y los votantes olvidan con facilidad.<\/p>\n\n\n\n<p class=\"wp-block-paragraph\">Lo lamentable de todo esto es que existe alternativa y esa alternativa la ha puesto sobre la mesa el Gobierno de Canarias con el desarrollo del PTECAN y sus estrategias. Esta alternativa consiste en una transici\u00f3n acelerada a las renovables, a la tecnolog\u00eda del hidr\u00f3geno verde y todo conducido por las centrales hidroel\u00e9ctricas reversibles de bombeo puro.<\/p>\n\n\n\n<p class=\"wp-block-paragraph\">Lastima del PTECAN y de la Ley de Cambio Clim\u00e1tico recientemente aprobada por el Parlamento canario que preve\u00eda la descarbonizaci\u00f3n del archipi\u00e9lago en el 2040, porque teniendo en cuenta los tr\u00e1mites y los tiempos de construcci\u00f3n, \u00bfalguien piensa que se van a hacer infraestructuras gas\u00edsticas en las islas para desmantelarlas en diez a\u00f1os?.<\/p>\n","protected":false},"excerpt":{"rendered":"<p>En escrito del 16 de mayo ya alert\u00e1bamos de las implicaciones que supon\u00eda el punto 1 de la disposici\u00f3n final cuarta del Real Decreto-Ley 6\/2022, de 29 de marzo, donde se eliminaba de un plumazo, la autorizaci\u00f3n administrativa para la instalaci\u00f3n de plantas de regasificaci\u00f3n destinadas a alimentar la generaci\u00f3n el\u00e9ctrica, a puertos y a [&hellip;]<\/p>\n","protected":false},"author":1,"featured_media":539,"comment_status":"open","ping_status":"open","sticky":false,"template":"","format":"standard","meta":{"footnotes":""},"categories":[47,33],"tags":[],"class_list":["post-538","post","type-post","status-publish","format-standard","has-post-thumbnail","category-g_legislacion","category-gnl"],"yoast_head":"<!-- This site is optimized with the Yoast SEO plugin v28.2 - https:\/\/yoast.com\/product\/yoast-seo-wordpress\/ -->\n<title>Se consum\u00f3 - Salto Ecol\u00f3gico<\/title>\n<meta name=\"robots\" content=\"index, follow, max-snippet:-1, max-image-preview:large, max-video-preview:-1\" \/>\n<link rel=\"canonical\" href=\"https:\/\/saltoecologico.es\/index.php\/2022\/12\/31\/se-consumo\/\" \/>\n<meta property=\"og:locale\" content=\"es_ES\" \/>\n<meta property=\"og:type\" content=\"article\" \/>\n<meta property=\"og:title\" content=\"Se consum\u00f3 - Salto Ecol\u00f3gico\" \/>\n<meta property=\"og:description\" content=\"En escrito del 16 de mayo ya alert\u00e1bamos de las implicaciones que supon\u00eda el punto 1 de la disposici\u00f3n final cuarta del Real Decreto-Ley 6\/2022, de 29 de marzo, donde se eliminaba de un plumazo, la autorizaci\u00f3n administrativa para la instalaci\u00f3n de plantas de regasificaci\u00f3n destinadas a alimentar la generaci\u00f3n el\u00e9ctrica, a puertos y a [&hellip;]\" \/>\n<meta property=\"og:url\" content=\"https:\/\/saltoecologico.es\/index.php\/2022\/12\/31\/se-consumo\/\" \/>\n<meta property=\"og:site_name\" content=\"Salto Ecol\u00f3gico\" \/>\n<meta property=\"article:publisher\" content=\"https:\/\/www.facebook.com\/Saltotransicionecologica\" \/>\n<meta property=\"article:published_time\" content=\"2022-12-31T18:25:00+00:00\" \/>\n<meta property=\"article:modified_time\" content=\"2025-04-14T18:26:05+00:00\" \/>\n<meta property=\"og:image\" content=\"https:\/\/saltoecologico.es\/wp-content\/uploads\/2025\/04\/GNL8.jpg\" \/>\n\t<meta property=\"og:image:width\" content=\"1024\" \/>\n\t<meta property=\"og:image:height\" content=\"575\" \/>\n\t<meta property=\"og:image:type\" content=\"image\/jpeg\" \/>\n<meta name=\"author\" content=\"admin\" \/>\n<meta name=\"twitter:card\" content=\"summary_large_image\" \/>\n<meta name=\"twitter:label1\" content=\"Escrito por\" \/>\n\t<meta name=\"twitter:data1\" content=\"admin\" \/>\n\t<meta name=\"twitter:label2\" content=\"Tiempo de lectura\" \/>\n\t<meta name=\"twitter:data2\" content=\"4 minutos\" \/>\n<script type=\"application\/ld+json\" class=\"yoast-schema-graph\">{\"@context\":\"https:\\\/\\\/schema.org\",\"@graph\":[{\"@type\":\"Article\",\"@id\":\"https:\\\/\\\/saltoecologico.es\\\/index.php\\\/2022\\\/12\\\/31\\\/se-consumo\\\/#article\",\"isPartOf\":{\"@id\":\"https:\\\/\\\/saltoecologico.es\\\/index.php\\\/2022\\\/12\\\/31\\\/se-consumo\\\/\"},\"author\":{\"name\":\"admin\",\"@id\":\"https:\\\/\\\/saltoecologico.es\\\/#\\\/schema\\\/person\\\/7175eec4b3c123d86c675313c3a01a0b\"},\"headline\":\"Se consum\u00f3\",\"datePublished\":\"2022-12-31T18:25:00+00:00\",\"dateModified\":\"2025-04-14T18:26:05+00:00\",\"mainEntityOfPage\":{\"@id\":\"https:\\\/\\\/saltoecologico.es\\\/index.php\\\/2022\\\/12\\\/31\\\/se-consumo\\\/\"},\"wordCount\":713,\"commentCount\":0,\"publisher\":{\"@id\":\"https:\\\/\\\/saltoecologico.es\\\/#organization\"},\"image\":{\"@id\":\"https:\\\/\\\/saltoecologico.es\\\/index.php\\\/2022\\\/12\\\/31\\\/se-consumo\\\/#primaryimage\"},\"thumbnailUrl\":\"https:\\\/\\\/saltoecologico.es\\\/wp-content\\\/uploads\\\/2025\\\/04\\\/GNL8.jpg\",\"articleSection\":[\"G_Legislaci\u00f3n\",\"GNL\"],\"inLanguage\":\"es\",\"potentialAction\":[{\"@type\":\"CommentAction\",\"name\":\"Comment\",\"target\":[\"https:\\\/\\\/saltoecologico.es\\\/index.php\\\/2022\\\/12\\\/31\\\/se-consumo\\\/#respond\"]}]},{\"@type\":\"WebPage\",\"@id\":\"https:\\\/\\\/saltoecologico.es\\\/index.php\\\/2022\\\/12\\\/31\\\/se-consumo\\\/\",\"url\":\"https:\\\/\\\/saltoecologico.es\\\/index.php\\\/2022\\\/12\\\/31\\\/se-consumo\\\/\",\"name\":\"Se consum\u00f3 - Salto Ecol\u00f3gico\",\"isPartOf\":{\"@id\":\"https:\\\/\\\/saltoecologico.es\\\/#website\"},\"primaryImageOfPage\":{\"@id\":\"https:\\\/\\\/saltoecologico.es\\\/index.php\\\/2022\\\/12\\\/31\\\/se-consumo\\\/#primaryimage\"},\"image\":{\"@id\":\"https:\\\/\\\/saltoecologico.es\\\/index.php\\\/2022\\\/12\\\/31\\\/se-consumo\\\/#primaryimage\"},\"thumbnailUrl\":\"https:\\\/\\\/saltoecologico.es\\\/wp-content\\\/uploads\\\/2025\\\/04\\\/GNL8.jpg\",\"datePublished\":\"2022-12-31T18:25:00+00:00\",\"dateModified\":\"2025-04-14T18:26:05+00:00\",\"breadcrumb\":{\"@id\":\"https:\\\/\\\/saltoecologico.es\\\/index.php\\\/2022\\\/12\\\/31\\\/se-consumo\\\/#breadcrumb\"},\"inLanguage\":\"es\",\"potentialAction\":[{\"@type\":\"ReadAction\",\"target\":[\"https:\\\/\\\/saltoecologico.es\\\/index.php\\\/2022\\\/12\\\/31\\\/se-consumo\\\/\"]}]},{\"@type\":\"ImageObject\",\"inLanguage\":\"es\",\"@id\":\"https:\\\/\\\/saltoecologico.es\\\/index.php\\\/2022\\\/12\\\/31\\\/se-consumo\\\/#primaryimage\",\"url\":\"https:\\\/\\\/saltoecologico.es\\\/wp-content\\\/uploads\\\/2025\\\/04\\\/GNL8.jpg\",\"contentUrl\":\"https:\\\/\\\/saltoecologico.es\\\/wp-content\\\/uploads\\\/2025\\\/04\\\/GNL8.jpg\",\"width\":1024,\"height\":575,\"caption\":\"LNG (Liquefied natural gas) tanker anchored in Gas terminal gas tanks for storage. Oil Crude Gas Tanker Ship. LPG at Tanker Bay Petroleum Chemical or Methane freighter export import transportation\"},{\"@type\":\"BreadcrumbList\",\"@id\":\"https:\\\/\\\/saltoecologico.es\\\/index.php\\\/2022\\\/12\\\/31\\\/se-consumo\\\/#breadcrumb\",\"itemListElement\":[{\"@type\":\"ListItem\",\"position\":1,\"name\":\"Portada\",\"item\":\"https:\\\/\\\/saltoecologico.es\\\/\"},{\"@type\":\"ListItem\",\"position\":2,\"name\":\"Se consum\u00f3\"}]},{\"@type\":\"WebSite\",\"@id\":\"https:\\\/\\\/saltoecologico.es\\\/#website\",\"url\":\"https:\\\/\\\/saltoecologico.es\\\/\",\"name\":\"Salto Ecol\u00f3gico\",\"description\":\"\",\"publisher\":{\"@id\":\"https:\\\/\\\/saltoecologico.es\\\/#organization\"},\"potentialAction\":[{\"@type\":\"SearchAction\",\"target\":{\"@type\":\"EntryPoint\",\"urlTemplate\":\"https:\\\/\\\/saltoecologico.es\\\/?s={search_term_string}\"},\"query-input\":{\"@type\":\"PropertyValueSpecification\",\"valueRequired\":true,\"valueName\":\"search_term_string\"}}],\"inLanguage\":\"es\"},{\"@type\":\"Organization\",\"@id\":\"https:\\\/\\\/saltoecologico.es\\\/#organization\",\"name\":\"Salto a la Transici\u00f3n Ecol\u00f3gica\",\"url\":\"https:\\\/\\\/saltoecologico.es\\\/\",\"logo\":{\"@type\":\"ImageObject\",\"inLanguage\":\"es\",\"@id\":\"https:\\\/\\\/saltoecologico.es\\\/#\\\/schema\\\/logo\\\/image\\\/\",\"url\":\"https:\\\/\\\/saltoecologico.es\\\/wp-content\\\/uploads\\\/2025\\\/04\\\/Logo-STE.jpg\",\"contentUrl\":\"https:\\\/\\\/saltoecologico.es\\\/wp-content\\\/uploads\\\/2025\\\/04\\\/Logo-STE.jpg\",\"width\":435,\"height\":435,\"caption\":\"Salto a la Transici\u00f3n Ecol\u00f3gica\"},\"image\":{\"@id\":\"https:\\\/\\\/saltoecologico.es\\\/#\\\/schema\\\/logo\\\/image\\\/\"},\"sameAs\":[\"https:\\\/\\\/www.facebook.com\\\/Saltotransicionecologica\"]},{\"@type\":\"Person\",\"@id\":\"https:\\\/\\\/saltoecologico.es\\\/#\\\/schema\\\/person\\\/7175eec4b3c123d86c675313c3a01a0b\",\"name\":\"admin\",\"image\":{\"@type\":\"ImageObject\",\"inLanguage\":\"es\",\"@id\":\"https:\\\/\\\/secure.gravatar.com\\\/avatar\\\/4c215dc57bbc7b2f2f470ac9bd197f3f112636a584e575a732d0206a2d9c9806?s=96&d=mm&r=g\",\"url\":\"https:\\\/\\\/secure.gravatar.com\\\/avatar\\\/4c215dc57bbc7b2f2f470ac9bd197f3f112636a584e575a732d0206a2d9c9806?s=96&d=mm&r=g\",\"contentUrl\":\"https:\\\/\\\/secure.gravatar.com\\\/avatar\\\/4c215dc57bbc7b2f2f470ac9bd197f3f112636a584e575a732d0206a2d9c9806?s=96&d=mm&r=g\",\"caption\":\"admin\"},\"sameAs\":[\"https:\\\/\\\/saltoecologico.es\"],\"url\":\"https:\\\/\\\/saltoecologico.es\\\/index.php\\\/author\\\/saltoecologico\\\/\"}]}<\/script>\n<!-- \/ Yoast SEO plugin. -->","yoast_head_json":{"title":"Se consum\u00f3 - Salto Ecol\u00f3gico","robots":{"index":"index","follow":"follow","max-snippet":"max-snippet:-1","max-image-preview":"max-image-preview:large","max-video-preview":"max-video-preview:-1"},"canonical":"https:\/\/saltoecologico.es\/index.php\/2022\/12\/31\/se-consumo\/","og_locale":"es_ES","og_type":"article","og_title":"Se consum\u00f3 - Salto Ecol\u00f3gico","og_description":"En escrito del 16 de mayo ya alert\u00e1bamos de las implicaciones que supon\u00eda el punto 1 de la disposici\u00f3n final cuarta del Real Decreto-Ley 6\/2022, de 29 de marzo, donde se eliminaba de un plumazo, la autorizaci\u00f3n administrativa para la instalaci\u00f3n de plantas de regasificaci\u00f3n destinadas a alimentar la generaci\u00f3n el\u00e9ctrica, a puertos y a [&hellip;]","og_url":"https:\/\/saltoecologico.es\/index.php\/2022\/12\/31\/se-consumo\/","og_site_name":"Salto Ecol\u00f3gico","article_publisher":"https:\/\/www.facebook.com\/Saltotransicionecologica","article_published_time":"2022-12-31T18:25:00+00:00","article_modified_time":"2025-04-14T18:26:05+00:00","og_image":[{"width":1024,"height":575,"url":"https:\/\/saltoecologico.es\/wp-content\/uploads\/2025\/04\/GNL8.jpg","type":"image\/jpeg"}],"author":"admin","twitter_card":"summary_large_image","twitter_misc":{"Escrito por":"admin","Tiempo de lectura":"4 minutos"},"schema":{"@context":"https:\/\/schema.org","@graph":[{"@type":"Article","@id":"https:\/\/saltoecologico.es\/index.php\/2022\/12\/31\/se-consumo\/#article","isPartOf":{"@id":"https:\/\/saltoecologico.es\/index.php\/2022\/12\/31\/se-consumo\/"},"author":{"name":"admin","@id":"https:\/\/saltoecologico.es\/#\/schema\/person\/7175eec4b3c123d86c675313c3a01a0b"},"headline":"Se consum\u00f3","datePublished":"2022-12-31T18:25:00+00:00","dateModified":"2025-04-14T18:26:05+00:00","mainEntityOfPage":{"@id":"https:\/\/saltoecologico.es\/index.php\/2022\/12\/31\/se-consumo\/"},"wordCount":713,"commentCount":0,"publisher":{"@id":"https:\/\/saltoecologico.es\/#organization"},"image":{"@id":"https:\/\/saltoecologico.es\/index.php\/2022\/12\/31\/se-consumo\/#primaryimage"},"thumbnailUrl":"https:\/\/saltoecologico.es\/wp-content\/uploads\/2025\/04\/GNL8.jpg","articleSection":["G_Legislaci\u00f3n","GNL"],"inLanguage":"es","potentialAction":[{"@type":"CommentAction","name":"Comment","target":["https:\/\/saltoecologico.es\/index.php\/2022\/12\/31\/se-consumo\/#respond"]}]},{"@type":"WebPage","@id":"https:\/\/saltoecologico.es\/index.php\/2022\/12\/31\/se-consumo\/","url":"https:\/\/saltoecologico.es\/index.php\/2022\/12\/31\/se-consumo\/","name":"Se consum\u00f3 - Salto Ecol\u00f3gico","isPartOf":{"@id":"https:\/\/saltoecologico.es\/#website"},"primaryImageOfPage":{"@id":"https:\/\/saltoecologico.es\/index.php\/2022\/12\/31\/se-consumo\/#primaryimage"},"image":{"@id":"https:\/\/saltoecologico.es\/index.php\/2022\/12\/31\/se-consumo\/#primaryimage"},"thumbnailUrl":"https:\/\/saltoecologico.es\/wp-content\/uploads\/2025\/04\/GNL8.jpg","datePublished":"2022-12-31T18:25:00+00:00","dateModified":"2025-04-14T18:26:05+00:00","breadcrumb":{"@id":"https:\/\/saltoecologico.es\/index.php\/2022\/12\/31\/se-consumo\/#breadcrumb"},"inLanguage":"es","potentialAction":[{"@type":"ReadAction","target":["https:\/\/saltoecologico.es\/index.php\/2022\/12\/31\/se-consumo\/"]}]},{"@type":"ImageObject","inLanguage":"es","@id":"https:\/\/saltoecologico.es\/index.php\/2022\/12\/31\/se-consumo\/#primaryimage","url":"https:\/\/saltoecologico.es\/wp-content\/uploads\/2025\/04\/GNL8.jpg","contentUrl":"https:\/\/saltoecologico.es\/wp-content\/uploads\/2025\/04\/GNL8.jpg","width":1024,"height":575,"caption":"LNG (Liquefied natural gas) tanker anchored in Gas terminal gas tanks for storage. Oil Crude Gas Tanker Ship. LPG at Tanker Bay Petroleum Chemical or Methane freighter export import transportation"},{"@type":"BreadcrumbList","@id":"https:\/\/saltoecologico.es\/index.php\/2022\/12\/31\/se-consumo\/#breadcrumb","itemListElement":[{"@type":"ListItem","position":1,"name":"Portada","item":"https:\/\/saltoecologico.es\/"},{"@type":"ListItem","position":2,"name":"Se consum\u00f3"}]},{"@type":"WebSite","@id":"https:\/\/saltoecologico.es\/#website","url":"https:\/\/saltoecologico.es\/","name":"Salto Ecol\u00f3gico","description":"","publisher":{"@id":"https:\/\/saltoecologico.es\/#organization"},"potentialAction":[{"@type":"SearchAction","target":{"@type":"EntryPoint","urlTemplate":"https:\/\/saltoecologico.es\/?s={search_term_string}"},"query-input":{"@type":"PropertyValueSpecification","valueRequired":true,"valueName":"search_term_string"}}],"inLanguage":"es"},{"@type":"Organization","@id":"https:\/\/saltoecologico.es\/#organization","name":"Salto a la Transici\u00f3n Ecol\u00f3gica","url":"https:\/\/saltoecologico.es\/","logo":{"@type":"ImageObject","inLanguage":"es","@id":"https:\/\/saltoecologico.es\/#\/schema\/logo\/image\/","url":"https:\/\/saltoecologico.es\/wp-content\/uploads\/2025\/04\/Logo-STE.jpg","contentUrl":"https:\/\/saltoecologico.es\/wp-content\/uploads\/2025\/04\/Logo-STE.jpg","width":435,"height":435,"caption":"Salto a la Transici\u00f3n Ecol\u00f3gica"},"image":{"@id":"https:\/\/saltoecologico.es\/#\/schema\/logo\/image\/"},"sameAs":["https:\/\/www.facebook.com\/Saltotransicionecologica"]},{"@type":"Person","@id":"https:\/\/saltoecologico.es\/#\/schema\/person\/7175eec4b3c123d86c675313c3a01a0b","name":"admin","image":{"@type":"ImageObject","inLanguage":"es","@id":"https:\/\/secure.gravatar.com\/avatar\/4c215dc57bbc7b2f2f470ac9bd197f3f112636a584e575a732d0206a2d9c9806?s=96&d=mm&r=g","url":"https:\/\/secure.gravatar.com\/avatar\/4c215dc57bbc7b2f2f470ac9bd197f3f112636a584e575a732d0206a2d9c9806?s=96&d=mm&r=g","contentUrl":"https:\/\/secure.gravatar.com\/avatar\/4c215dc57bbc7b2f2f470ac9bd197f3f112636a584e575a732d0206a2d9c9806?s=96&d=mm&r=g","caption":"admin"},"sameAs":["https:\/\/saltoecologico.es"],"url":"https:\/\/saltoecologico.es\/index.php\/author\/saltoecologico\/"}]}},"_links":{"self":[{"href":"https:\/\/saltoecologico.es\/index.php\/wp-json\/wp\/v2\/posts\/538","targetHints":{"allow":["GET"]}}],"collection":[{"href":"https:\/\/saltoecologico.es\/index.php\/wp-json\/wp\/v2\/posts"}],"about":[{"href":"https:\/\/saltoecologico.es\/index.php\/wp-json\/wp\/v2\/types\/post"}],"author":[{"embeddable":true,"href":"https:\/\/saltoecologico.es\/index.php\/wp-json\/wp\/v2\/users\/1"}],"replies":[{"embeddable":true,"href":"https:\/\/saltoecologico.es\/index.php\/wp-json\/wp\/v2\/comments?post=538"}],"version-history":[{"count":1,"href":"https:\/\/saltoecologico.es\/index.php\/wp-json\/wp\/v2\/posts\/538\/revisions"}],"predecessor-version":[{"id":540,"href":"https:\/\/saltoecologico.es\/index.php\/wp-json\/wp\/v2\/posts\/538\/revisions\/540"}],"wp:featuredmedia":[{"embeddable":true,"href":"https:\/\/saltoecologico.es\/index.php\/wp-json\/wp\/v2\/media\/539"}],"wp:attachment":[{"href":"https:\/\/saltoecologico.es\/index.php\/wp-json\/wp\/v2\/media?parent=538"}],"wp:term":[{"taxonomy":"category","embeddable":true,"href":"https:\/\/saltoecologico.es\/index.php\/wp-json\/wp\/v2\/categories?post=538"},{"taxonomy":"post_tag","embeddable":true,"href":"https:\/\/saltoecologico.es\/index.php\/wp-json\/wp\/v2\/tags?post=538"}],"curies":[{"name":"wp","href":"https:\/\/api.w.org\/{rel}","templated":true}]}}