{"id":541,"date":"2023-01-11T18:28:00","date_gmt":"2023-01-11T18:28:00","guid":{"rendered":"https:\/\/saltoecologico.es\/?p=541"},"modified":"2025-04-14T18:29:26","modified_gmt":"2025-04-14T18:29:26","slug":"nefasta-entrada-de-ano","status":"publish","type":"post","link":"https:\/\/saltoecologico.es\/index.php\/2023\/01\/11\/nefasta-entrada-de-ano\/","title":{"rendered":"Nefasta entrada de a\u00f1o"},"content":{"rendered":"\n<p class=\"wp-block-paragraph\">Hace pocas fechas escrib\u00edamos acerca de la aprobaci\u00f3n por parte del Gobierno de la Naci\u00f3n de la Orden TED\/1315\/2022 de 23 de diciembre, en la que se terminaba de cerrar el ciclo de los parabienes a la introducci\u00f3n del gas en Canarias. Este espaldarazo definitivo al gas en las islas contrasta con una serie de iniciativas del Gobierno Auton\u00f3mico con el fin de descarbonizar las islas y que culmina con la publicaci\u00f3n, el \u00faltimo d\u00eda del pasado a\u00f1o en el BOC, de la tan controvertida Ley de Cambio Clim\u00e1tico, que, entre otras cosas, refrenda normativamente, la obligatoriedad de descarbonizar el archipi\u00e9lago en el 2040. Ambas circunstancias parecen cuando menos contradictorias dado que algunas instalaciones que componen las infraestructuras gas\u00edsticas, poseen una vida regulatoria de hasta 50 a\u00f1os.<\/p>\n\n\n\n<p class=\"wp-block-paragraph\">Por otro lado pareciera que el orden natural de las cosas fuera que primero se crearan las bases jur\u00eddicas y normativas de un determinado negocio y a posteriori se desarrollaran los proyectos empresariales de ese negocio. Pues bien, en este caso, ese supuesto orden natural no se ha cumplido, porque si bien el aspecto normativo se ha cerrado en estos d\u00edas, hace ya a\u00f1os que venimos conociendo iniciativas que ya realizaban tr\u00e1mites administrativos, que en caso de que la legislaci\u00f3n no fuera la adecuada, resultar\u00edan ruinosos para el futuro de los comentados proyectos.<\/p>\n\n\n\n<p class=\"wp-block-paragraph\">Esos proyectos, de los que ya hemos hablado en otras ocasiones, corresponden a los de la empresa TOTISA HOLDINGS S.A.&nbsp; que tiene intenciones de realizar sendas instalaciones para almacenamiento de gas natural licuado en los puertos de Santa Cruz de Tenerife y Las Palmas de Gran Canaria, compuestas de dos tanques de almacenamiento, las infraestructuras necesarias para abastecer a los barcos, as\u00ed como una planta de generaci\u00f3n el\u00e9ctrica con cuatro motores de 17,5 MW, la subestaci\u00f3n y la l\u00ednea de alta tensi\u00f3n para conectarlas con los sistemas el\u00e9ctricos respectivos.<\/p>\n\n\n\n<p class=\"wp-block-paragraph\">Por otro lado, tenemos el proyecto de Sampol Ingenier\u00eda y Obras S.A. que planea la instalaci\u00f3n de una central el\u00e9ctrica de gas natural en el Pol\u00edgono de Granadilla con una capacidad de 120 MW de potencia con ocho motores de 11,5 MW y cuatro de 7 MW.<\/p>\n\n\n\n<p class=\"wp-block-paragraph\">Por \u00faltimo, tenemos el proyecto de Endesa que pretende atracar en el dique de abrigo de Granadilla una unidad flotante de almacenamiento que le permita enviar gas natural licuado hasta la central existente.<\/p>\n\n\n\n<p class=\"wp-block-paragraph\">Todas estas instalaciones ya han realizado gestiones ante las distintas administraciones portuarias, dando por sentado que la direcci\u00f3n de las soluciones legislativas iban a ser las adecuadas.<\/p>\n\n\n\n<p class=\"wp-block-paragraph\">Desde \u201cSalto a la Transici\u00f3n Ecol\u00f3gica\u201d y ante el atronador silencio que mantienen las administraciones locales y las fuerzas pol\u00edticas del territorio, no podemos dejar de observar, con mucha preocupaci\u00f3n, como los intereses empresariales se superponen a los intereses de la poblaci\u00f3n, al respaldar por omisi\u00f3n, la sublimaci\u00f3n de un combustible f\u00f3sil que, no por contaminar un poco menos, deja de ser nefasto para la salud del planeta y que producir\u00e1 de facto, un retroceso inasumible en la descarbonizaci\u00f3n de las islas, tan necesario para el devenir de nuestros conciudadanos.<\/p>\n\n\n\n<p class=\"wp-block-paragraph\">Para terminar, felicitar a los que propon\u00edan la introducci\u00f3n de grupos peque\u00f1os como alternativa a las centrales hidroel\u00e9ctricas de bombeo, para facilitar la penetraci\u00f3n de renovables, porque han suministrado la coartada perfecta para que el GNL se abra paso en el sector energ\u00e9tico de las islas.<\/p>\n","protected":false},"excerpt":{"rendered":"<p>Hace pocas fechas escrib\u00edamos acerca de la aprobaci\u00f3n por parte del Gobierno de la Naci\u00f3n de la Orden TED\/1315\/2022 de 23 de diciembre, en la que se terminaba de cerrar el ciclo de los parabienes a la introducci\u00f3n del gas en Canarias. Este espaldarazo definitivo al gas en las islas contrasta con una serie de [&hellip;]<\/p>\n","protected":false},"author":1,"featured_media":542,"comment_status":"open","ping_status":"open","sticky":false,"template":"","format":"standard","meta":{"footnotes":""},"categories":[44,33],"tags":[],"class_list":["post-541","post","type-post","status-publish","format-standard","has-post-thumbnail","category-g_varios","category-gnl"],"yoast_head":"<!-- This site is optimized with the Yoast SEO plugin v28.2 - https:\/\/yoast.com\/product\/yoast-seo-wordpress\/ -->\n<title>Nefasta entrada de a\u00f1o - Salto Ecol\u00f3gico<\/title>\n<meta name=\"robots\" content=\"index, follow, max-snippet:-1, max-image-preview:large, max-video-preview:-1\" \/>\n<link rel=\"canonical\" href=\"https:\/\/saltoecologico.es\/index.php\/2023\/01\/11\/nefasta-entrada-de-ano\/\" \/>\n<meta property=\"og:locale\" content=\"es_ES\" \/>\n<meta property=\"og:type\" content=\"article\" \/>\n<meta property=\"og:title\" content=\"Nefasta entrada de a\u00f1o - Salto Ecol\u00f3gico\" \/>\n<meta property=\"og:description\" content=\"Hace pocas fechas escrib\u00edamos acerca de la aprobaci\u00f3n por parte del Gobierno de la Naci\u00f3n de la Orden TED\/1315\/2022 de 23 de diciembre, en la que se terminaba de cerrar el ciclo de los parabienes a la introducci\u00f3n del gas en Canarias. Este espaldarazo definitivo al gas en las islas contrasta con una serie de [&hellip;]\" \/>\n<meta property=\"og:url\" content=\"https:\/\/saltoecologico.es\/index.php\/2023\/01\/11\/nefasta-entrada-de-ano\/\" \/>\n<meta property=\"og:site_name\" content=\"Salto Ecol\u00f3gico\" \/>\n<meta property=\"article:publisher\" content=\"https:\/\/www.facebook.com\/Saltotransicionecologica\" \/>\n<meta property=\"article:published_time\" content=\"2023-01-11T18:28:00+00:00\" \/>\n<meta property=\"article:modified_time\" content=\"2025-04-14T18:29:26+00:00\" \/>\n<meta property=\"og:image\" content=\"https:\/\/saltoecologico.es\/wp-content\/uploads\/2025\/04\/GNL9.jpg\" \/>\n\t<meta property=\"og:image:width\" content=\"1024\" \/>\n\t<meta property=\"og:image:height\" content=\"682\" \/>\n\t<meta property=\"og:image:type\" content=\"image\/jpeg\" \/>\n<meta name=\"author\" content=\"admin\" \/>\n<meta name=\"twitter:card\" content=\"summary_large_image\" \/>\n<meta name=\"twitter:label1\" content=\"Escrito por\" \/>\n\t<meta name=\"twitter:data1\" content=\"admin\" \/>\n\t<meta name=\"twitter:label2\" content=\"Tiempo de lectura\" \/>\n\t<meta name=\"twitter:data2\" content=\"3 minutos\" \/>\n<script type=\"application\/ld+json\" class=\"yoast-schema-graph\">{\"@context\":\"https:\\\/\\\/schema.org\",\"@graph\":[{\"@type\":\"Article\",\"@id\":\"https:\\\/\\\/saltoecologico.es\\\/index.php\\\/2023\\\/01\\\/11\\\/nefasta-entrada-de-ano\\\/#article\",\"isPartOf\":{\"@id\":\"https:\\\/\\\/saltoecologico.es\\\/index.php\\\/2023\\\/01\\\/11\\\/nefasta-entrada-de-ano\\\/\"},\"author\":{\"name\":\"admin\",\"@id\":\"https:\\\/\\\/saltoecologico.es\\\/#\\\/schema\\\/person\\\/7175eec4b3c123d86c675313c3a01a0b\"},\"headline\":\"Nefasta entrada de a\u00f1o\",\"datePublished\":\"2023-01-11T18:28:00+00:00\",\"dateModified\":\"2025-04-14T18:29:26+00:00\",\"mainEntityOfPage\":{\"@id\":\"https:\\\/\\\/saltoecologico.es\\\/index.php\\\/2023\\\/01\\\/11\\\/nefasta-entrada-de-ano\\\/\"},\"wordCount\":597,\"commentCount\":0,\"publisher\":{\"@id\":\"https:\\\/\\\/saltoecologico.es\\\/#organization\"},\"image\":{\"@id\":\"https:\\\/\\\/saltoecologico.es\\\/index.php\\\/2023\\\/01\\\/11\\\/nefasta-entrada-de-ano\\\/#primaryimage\"},\"thumbnailUrl\":\"https:\\\/\\\/saltoecologico.es\\\/wp-content\\\/uploads\\\/2025\\\/04\\\/GNL9.jpg\",\"articleSection\":[\"G_Varios\",\"GNL\"],\"inLanguage\":\"es\",\"potentialAction\":[{\"@type\":\"CommentAction\",\"name\":\"Comment\",\"target\":[\"https:\\\/\\\/saltoecologico.es\\\/index.php\\\/2023\\\/01\\\/11\\\/nefasta-entrada-de-ano\\\/#respond\"]}]},{\"@type\":\"WebPage\",\"@id\":\"https:\\\/\\\/saltoecologico.es\\\/index.php\\\/2023\\\/01\\\/11\\\/nefasta-entrada-de-ano\\\/\",\"url\":\"https:\\\/\\\/saltoecologico.es\\\/index.php\\\/2023\\\/01\\\/11\\\/nefasta-entrada-de-ano\\\/\",\"name\":\"Nefasta entrada de a\u00f1o - Salto Ecol\u00f3gico\",\"isPartOf\":{\"@id\":\"https:\\\/\\\/saltoecologico.es\\\/#website\"},\"primaryImageOfPage\":{\"@id\":\"https:\\\/\\\/saltoecologico.es\\\/index.php\\\/2023\\\/01\\\/11\\\/nefasta-entrada-de-ano\\\/#primaryimage\"},\"image\":{\"@id\":\"https:\\\/\\\/saltoecologico.es\\\/index.php\\\/2023\\\/01\\\/11\\\/nefasta-entrada-de-ano\\\/#primaryimage\"},\"thumbnailUrl\":\"https:\\\/\\\/saltoecologico.es\\\/wp-content\\\/uploads\\\/2025\\\/04\\\/GNL9.jpg\",\"datePublished\":\"2023-01-11T18:28:00+00:00\",\"dateModified\":\"2025-04-14T18:29:26+00:00\",\"breadcrumb\":{\"@id\":\"https:\\\/\\\/saltoecologico.es\\\/index.php\\\/2023\\\/01\\\/11\\\/nefasta-entrada-de-ano\\\/#breadcrumb\"},\"inLanguage\":\"es\",\"potentialAction\":[{\"@type\":\"ReadAction\",\"target\":[\"https:\\\/\\\/saltoecologico.es\\\/index.php\\\/2023\\\/01\\\/11\\\/nefasta-entrada-de-ano\\\/\"]}]},{\"@type\":\"ImageObject\",\"inLanguage\":\"es\",\"@id\":\"https:\\\/\\\/saltoecologico.es\\\/index.php\\\/2023\\\/01\\\/11\\\/nefasta-entrada-de-ano\\\/#primaryimage\",\"url\":\"https:\\\/\\\/saltoecologico.es\\\/wp-content\\\/uploads\\\/2025\\\/04\\\/GNL9.jpg\",\"contentUrl\":\"https:\\\/\\\/saltoecologico.es\\\/wp-content\\\/uploads\\\/2025\\\/04\\\/GNL9.jpg\",\"width\":1024,\"height\":682,\"caption\":\"Massive white storage tanks and crisscrossing pipelines dominate this oil refinery landscape in an aerial daytime view.\"},{\"@type\":\"BreadcrumbList\",\"@id\":\"https:\\\/\\\/saltoecologico.es\\\/index.php\\\/2023\\\/01\\\/11\\\/nefasta-entrada-de-ano\\\/#breadcrumb\",\"itemListElement\":[{\"@type\":\"ListItem\",\"position\":1,\"name\":\"Portada\",\"item\":\"https:\\\/\\\/saltoecologico.es\\\/\"},{\"@type\":\"ListItem\",\"position\":2,\"name\":\"Nefasta entrada de a\u00f1o\"}]},{\"@type\":\"WebSite\",\"@id\":\"https:\\\/\\\/saltoecologico.es\\\/#website\",\"url\":\"https:\\\/\\\/saltoecologico.es\\\/\",\"name\":\"Salto Ecol\u00f3gico\",\"description\":\"\",\"publisher\":{\"@id\":\"https:\\\/\\\/saltoecologico.es\\\/#organization\"},\"potentialAction\":[{\"@type\":\"SearchAction\",\"target\":{\"@type\":\"EntryPoint\",\"urlTemplate\":\"https:\\\/\\\/saltoecologico.es\\\/?s={search_term_string}\"},\"query-input\":{\"@type\":\"PropertyValueSpecification\",\"valueRequired\":true,\"valueName\":\"search_term_string\"}}],\"inLanguage\":\"es\"},{\"@type\":\"Organization\",\"@id\":\"https:\\\/\\\/saltoecologico.es\\\/#organization\",\"name\":\"Salto a la Transici\u00f3n Ecol\u00f3gica\",\"url\":\"https:\\\/\\\/saltoecologico.es\\\/\",\"logo\":{\"@type\":\"ImageObject\",\"inLanguage\":\"es\",\"@id\":\"https:\\\/\\\/saltoecologico.es\\\/#\\\/schema\\\/logo\\\/image\\\/\",\"url\":\"https:\\\/\\\/saltoecologico.es\\\/wp-content\\\/uploads\\\/2025\\\/04\\\/Logo-STE.jpg\",\"contentUrl\":\"https:\\\/\\\/saltoecologico.es\\\/wp-content\\\/uploads\\\/2025\\\/04\\\/Logo-STE.jpg\",\"width\":435,\"height\":435,\"caption\":\"Salto a la Transici\u00f3n Ecol\u00f3gica\"},\"image\":{\"@id\":\"https:\\\/\\\/saltoecologico.es\\\/#\\\/schema\\\/logo\\\/image\\\/\"},\"sameAs\":[\"https:\\\/\\\/www.facebook.com\\\/Saltotransicionecologica\"]},{\"@type\":\"Person\",\"@id\":\"https:\\\/\\\/saltoecologico.es\\\/#\\\/schema\\\/person\\\/7175eec4b3c123d86c675313c3a01a0b\",\"name\":\"admin\",\"image\":{\"@type\":\"ImageObject\",\"inLanguage\":\"es\",\"@id\":\"https:\\\/\\\/secure.gravatar.com\\\/avatar\\\/4c215dc57bbc7b2f2f470ac9bd197f3f112636a584e575a732d0206a2d9c9806?s=96&d=mm&r=g\",\"url\":\"https:\\\/\\\/secure.gravatar.com\\\/avatar\\\/4c215dc57bbc7b2f2f470ac9bd197f3f112636a584e575a732d0206a2d9c9806?s=96&d=mm&r=g\",\"contentUrl\":\"https:\\\/\\\/secure.gravatar.com\\\/avatar\\\/4c215dc57bbc7b2f2f470ac9bd197f3f112636a584e575a732d0206a2d9c9806?s=96&d=mm&r=g\",\"caption\":\"admin\"},\"sameAs\":[\"https:\\\/\\\/saltoecologico.es\"],\"url\":\"https:\\\/\\\/saltoecologico.es\\\/index.php\\\/author\\\/saltoecologico\\\/\"}]}<\/script>\n<!-- \/ Yoast SEO plugin. -->","yoast_head_json":{"title":"Nefasta entrada de a\u00f1o - Salto Ecol\u00f3gico","robots":{"index":"index","follow":"follow","max-snippet":"max-snippet:-1","max-image-preview":"max-image-preview:large","max-video-preview":"max-video-preview:-1"},"canonical":"https:\/\/saltoecologico.es\/index.php\/2023\/01\/11\/nefasta-entrada-de-ano\/","og_locale":"es_ES","og_type":"article","og_title":"Nefasta entrada de a\u00f1o - Salto Ecol\u00f3gico","og_description":"Hace pocas fechas escrib\u00edamos acerca de la aprobaci\u00f3n por parte del Gobierno de la Naci\u00f3n de la Orden TED\/1315\/2022 de 23 de diciembre, en la que se terminaba de cerrar el ciclo de los parabienes a la introducci\u00f3n del gas en Canarias. Este espaldarazo definitivo al gas en las islas contrasta con una serie de [&hellip;]","og_url":"https:\/\/saltoecologico.es\/index.php\/2023\/01\/11\/nefasta-entrada-de-ano\/","og_site_name":"Salto Ecol\u00f3gico","article_publisher":"https:\/\/www.facebook.com\/Saltotransicionecologica","article_published_time":"2023-01-11T18:28:00+00:00","article_modified_time":"2025-04-14T18:29:26+00:00","og_image":[{"width":1024,"height":682,"url":"https:\/\/saltoecologico.es\/wp-content\/uploads\/2025\/04\/GNL9.jpg","type":"image\/jpeg"}],"author":"admin","twitter_card":"summary_large_image","twitter_misc":{"Escrito por":"admin","Tiempo de lectura":"3 minutos"},"schema":{"@context":"https:\/\/schema.org","@graph":[{"@type":"Article","@id":"https:\/\/saltoecologico.es\/index.php\/2023\/01\/11\/nefasta-entrada-de-ano\/#article","isPartOf":{"@id":"https:\/\/saltoecologico.es\/index.php\/2023\/01\/11\/nefasta-entrada-de-ano\/"},"author":{"name":"admin","@id":"https:\/\/saltoecologico.es\/#\/schema\/person\/7175eec4b3c123d86c675313c3a01a0b"},"headline":"Nefasta entrada de a\u00f1o","datePublished":"2023-01-11T18:28:00+00:00","dateModified":"2025-04-14T18:29:26+00:00","mainEntityOfPage":{"@id":"https:\/\/saltoecologico.es\/index.php\/2023\/01\/11\/nefasta-entrada-de-ano\/"},"wordCount":597,"commentCount":0,"publisher":{"@id":"https:\/\/saltoecologico.es\/#organization"},"image":{"@id":"https:\/\/saltoecologico.es\/index.php\/2023\/01\/11\/nefasta-entrada-de-ano\/#primaryimage"},"thumbnailUrl":"https:\/\/saltoecologico.es\/wp-content\/uploads\/2025\/04\/GNL9.jpg","articleSection":["G_Varios","GNL"],"inLanguage":"es","potentialAction":[{"@type":"CommentAction","name":"Comment","target":["https:\/\/saltoecologico.es\/index.php\/2023\/01\/11\/nefasta-entrada-de-ano\/#respond"]}]},{"@type":"WebPage","@id":"https:\/\/saltoecologico.es\/index.php\/2023\/01\/11\/nefasta-entrada-de-ano\/","url":"https:\/\/saltoecologico.es\/index.php\/2023\/01\/11\/nefasta-entrada-de-ano\/","name":"Nefasta entrada de a\u00f1o - Salto Ecol\u00f3gico","isPartOf":{"@id":"https:\/\/saltoecologico.es\/#website"},"primaryImageOfPage":{"@id":"https:\/\/saltoecologico.es\/index.php\/2023\/01\/11\/nefasta-entrada-de-ano\/#primaryimage"},"image":{"@id":"https:\/\/saltoecologico.es\/index.php\/2023\/01\/11\/nefasta-entrada-de-ano\/#primaryimage"},"thumbnailUrl":"https:\/\/saltoecologico.es\/wp-content\/uploads\/2025\/04\/GNL9.jpg","datePublished":"2023-01-11T18:28:00+00:00","dateModified":"2025-04-14T18:29:26+00:00","breadcrumb":{"@id":"https:\/\/saltoecologico.es\/index.php\/2023\/01\/11\/nefasta-entrada-de-ano\/#breadcrumb"},"inLanguage":"es","potentialAction":[{"@type":"ReadAction","target":["https:\/\/saltoecologico.es\/index.php\/2023\/01\/11\/nefasta-entrada-de-ano\/"]}]},{"@type":"ImageObject","inLanguage":"es","@id":"https:\/\/saltoecologico.es\/index.php\/2023\/01\/11\/nefasta-entrada-de-ano\/#primaryimage","url":"https:\/\/saltoecologico.es\/wp-content\/uploads\/2025\/04\/GNL9.jpg","contentUrl":"https:\/\/saltoecologico.es\/wp-content\/uploads\/2025\/04\/GNL9.jpg","width":1024,"height":682,"caption":"Massive white storage tanks and crisscrossing pipelines dominate this oil refinery landscape in an aerial daytime view."},{"@type":"BreadcrumbList","@id":"https:\/\/saltoecologico.es\/index.php\/2023\/01\/11\/nefasta-entrada-de-ano\/#breadcrumb","itemListElement":[{"@type":"ListItem","position":1,"name":"Portada","item":"https:\/\/saltoecologico.es\/"},{"@type":"ListItem","position":2,"name":"Nefasta entrada de a\u00f1o"}]},{"@type":"WebSite","@id":"https:\/\/saltoecologico.es\/#website","url":"https:\/\/saltoecologico.es\/","name":"Salto Ecol\u00f3gico","description":"","publisher":{"@id":"https:\/\/saltoecologico.es\/#organization"},"potentialAction":[{"@type":"SearchAction","target":{"@type":"EntryPoint","urlTemplate":"https:\/\/saltoecologico.es\/?s={search_term_string}"},"query-input":{"@type":"PropertyValueSpecification","valueRequired":true,"valueName":"search_term_string"}}],"inLanguage":"es"},{"@type":"Organization","@id":"https:\/\/saltoecologico.es\/#organization","name":"Salto a la Transici\u00f3n Ecol\u00f3gica","url":"https:\/\/saltoecologico.es\/","logo":{"@type":"ImageObject","inLanguage":"es","@id":"https:\/\/saltoecologico.es\/#\/schema\/logo\/image\/","url":"https:\/\/saltoecologico.es\/wp-content\/uploads\/2025\/04\/Logo-STE.jpg","contentUrl":"https:\/\/saltoecologico.es\/wp-content\/uploads\/2025\/04\/Logo-STE.jpg","width":435,"height":435,"caption":"Salto a la Transici\u00f3n Ecol\u00f3gica"},"image":{"@id":"https:\/\/saltoecologico.es\/#\/schema\/logo\/image\/"},"sameAs":["https:\/\/www.facebook.com\/Saltotransicionecologica"]},{"@type":"Person","@id":"https:\/\/saltoecologico.es\/#\/schema\/person\/7175eec4b3c123d86c675313c3a01a0b","name":"admin","image":{"@type":"ImageObject","inLanguage":"es","@id":"https:\/\/secure.gravatar.com\/avatar\/4c215dc57bbc7b2f2f470ac9bd197f3f112636a584e575a732d0206a2d9c9806?s=96&d=mm&r=g","url":"https:\/\/secure.gravatar.com\/avatar\/4c215dc57bbc7b2f2f470ac9bd197f3f112636a584e575a732d0206a2d9c9806?s=96&d=mm&r=g","contentUrl":"https:\/\/secure.gravatar.com\/avatar\/4c215dc57bbc7b2f2f470ac9bd197f3f112636a584e575a732d0206a2d9c9806?s=96&d=mm&r=g","caption":"admin"},"sameAs":["https:\/\/saltoecologico.es"],"url":"https:\/\/saltoecologico.es\/index.php\/author\/saltoecologico\/"}]}},"_links":{"self":[{"href":"https:\/\/saltoecologico.es\/index.php\/wp-json\/wp\/v2\/posts\/541","targetHints":{"allow":["GET"]}}],"collection":[{"href":"https:\/\/saltoecologico.es\/index.php\/wp-json\/wp\/v2\/posts"}],"about":[{"href":"https:\/\/saltoecologico.es\/index.php\/wp-json\/wp\/v2\/types\/post"}],"author":[{"embeddable":true,"href":"https:\/\/saltoecologico.es\/index.php\/wp-json\/wp\/v2\/users\/1"}],"replies":[{"embeddable":true,"href":"https:\/\/saltoecologico.es\/index.php\/wp-json\/wp\/v2\/comments?post=541"}],"version-history":[{"count":1,"href":"https:\/\/saltoecologico.es\/index.php\/wp-json\/wp\/v2\/posts\/541\/revisions"}],"predecessor-version":[{"id":543,"href":"https:\/\/saltoecologico.es\/index.php\/wp-json\/wp\/v2\/posts\/541\/revisions\/543"}],"wp:featuredmedia":[{"embeddable":true,"href":"https:\/\/saltoecologico.es\/index.php\/wp-json\/wp\/v2\/media\/542"}],"wp:attachment":[{"href":"https:\/\/saltoecologico.es\/index.php\/wp-json\/wp\/v2\/media?parent=541"}],"wp:term":[{"taxonomy":"category","embeddable":true,"href":"https:\/\/saltoecologico.es\/index.php\/wp-json\/wp\/v2\/categories?post=541"},{"taxonomy":"post_tag","embeddable":true,"href":"https:\/\/saltoecologico.es\/index.php\/wp-json\/wp\/v2\/tags?post=541"}],"curies":[{"name":"wp","href":"https:\/\/api.w.org\/{rel}","templated":true}]}}