{"id":544,"date":"2023-01-12T18:31:00","date_gmt":"2023-01-12T18:31:00","guid":{"rendered":"https:\/\/saltoecologico.es\/?p=544"},"modified":"2025-04-14T18:32:01","modified_gmt":"2025-04-14T18:32:01","slug":"pregunta-al-gobierno","status":"publish","type":"post","link":"https:\/\/saltoecologico.es\/index.php\/2023\/01\/12\/pregunta-al-gobierno\/","title":{"rendered":"Pregunta al gobierno"},"content":{"rendered":"\n<p class=\"wp-block-paragraph\">Durante el a\u00f1o 2022 los grupos que apoyan al Gobierno de Canarias han venido siendo protagonistas de una serie de hitos que vienen a respaldar declaraciones institucionales de a\u00f1os anteriores. Entre estos hitos caben resaltar la publicaci\u00f3n de las Estrategias de apoyo al PTECan (Plan de Transici\u00f3n Energ\u00e9tica de Canarias), la publicaci\u00f3n del borrador del propio plan y finalizando con la aprobaci\u00f3n del Parlamento de Canarias de la LEY 6\/2022, de 27 de diciembre, de cambio clim\u00e1tico y transici\u00f3n energ\u00e9tica de Canarias que en su art\u00edculo 34 apartado 4 se puede leer:<\/p>\n\n\n\n<p class=\"wp-block-paragraph\">\u201cEl Plan de Transici\u00f3n Energ\u00e9tica de Canarias promover\u00e1 el desarrollo de un modelo energ\u00e9tico sostenible, basado en la eficiencia energ\u00e9tica y las energ\u00edas renovables e impulsado por la innovaci\u00f3n, investigaci\u00f3n y desarrollo a nivel local, identificando las acciones que contribuir\u00e1n a la descarbonizaci\u00f3n de la econom\u00eda con horizonte 2040\u201d.<\/p>\n\n\n\n<p class=\"wp-block-paragraph\">Esta fecha del 2040 ha sido la piedra angular de todas las declaraciones, proyectos, estudios y normativas que el ejecutivo del archipi\u00e9lago ha venido barajando en toda esta legislatura y que se ha convertido en el buque insignia de su pol\u00edtica clim\u00e1tica a corto y medio plazo.<\/p>\n\n\n\n<p class=\"wp-block-paragraph\">Por otro lado, el gobierno de la naci\u00f3n comenz\u00f3 en el 2022 una cruzada por introducir el gas natural en las islas canarias que comenz\u00f3 con el punto 1 de la disposici\u00f3n final cuarta del Real Decreto-Ley 6\/2022, de 29 de marzo, donde se eliminaba de un plumazo, la autorizaci\u00f3n administrativa para la instalaci\u00f3n de plantas de regasificaci\u00f3n destinadas a alimentar la generaci\u00f3n el\u00e9ctrica, a puertos y a buques y que ha culminado con la Orden TED\/1315\/2022&nbsp; de 23 de diciembre, por la que en ejecuci\u00f3n de la sentencia del Tribunal Supremo de 16 de noviembre de 2021, reca\u00edda en el recurso contencioso-administrativo 301\/2020, se regulan las subastas para el suministro de combustible y determinaci\u00f3n del precio de combustible, se autorizan nuevos combustibles, se establecen los valores unitarios de referencia, aplicable a las instalaciones de producci\u00f3n de energ\u00eda el\u00e9ctrica ubicadas en los territorios no peninsulares con r\u00e9gimen retributivo adicional, y&nbsp; se revisan otras cuestiones t\u00e9cnicas.<\/p>\n\n\n\n<p class=\"wp-block-paragraph\">Esta nueva norma, en su art\u00edculo 3, recoge el siguiente literal:<\/p>\n\n\n\n<p class=\"wp-block-paragraph\">\u201cSe aprueba el empleo del combustible gas natural en grupos generadores ubicados en los territorios no peninsulares de Canarias y Melilla a efectos del r\u00e9gimen retributivo adicional establecido en el Real Decreto 738\/2015, de 31 de julio\u201d.<\/p>\n\n\n\n<p class=\"wp-block-paragraph\">Pues bien, desde nuestro grupo parlamentario y desde una gran mayor\u00eda de la ciudadan\u00eda canaria nos gustar\u00eda saber como se puede compatibilizar la introducci\u00f3n del gas, con instalaciones que algunas de ellas tienen una vida regulatoria de hasta 50 a\u00f1os, con la intenci\u00f3n del gobierno y la mayor\u00eda del parlamento canario, de tener descarbonizadas las islas dentro de 17 a\u00f1os.<\/p>\n","protected":false},"excerpt":{"rendered":"<p>Durante el a\u00f1o 2022 los grupos que apoyan al Gobierno de Canarias han venido siendo protagonistas de una serie de hitos que vienen a respaldar declaraciones institucionales de a\u00f1os anteriores. Entre estos hitos caben resaltar la publicaci\u00f3n de las Estrategias de apoyo al PTECan (Plan de Transici\u00f3n Energ\u00e9tica de Canarias), la publicaci\u00f3n del borrador del [&hellip;]<\/p>\n","protected":false},"author":1,"featured_media":545,"comment_status":"open","ping_status":"open","sticky":false,"template":"","format":"standard","meta":{"footnotes":""},"categories":[55],"tags":[],"class_list":["post-544","post","type-post","status-publish","format-standard","has-post-thumbnail","category-general"],"yoast_head":"<!-- This site is optimized with the Yoast SEO plugin v28.2 - https:\/\/yoast.com\/product\/yoast-seo-wordpress\/ -->\n<title>Pregunta al gobierno - Salto Ecol\u00f3gico<\/title>\n<meta name=\"robots\" content=\"index, follow, max-snippet:-1, max-image-preview:large, max-video-preview:-1\" \/>\n<link rel=\"canonical\" href=\"https:\/\/saltoecologico.es\/index.php\/2023\/01\/12\/pregunta-al-gobierno\/\" \/>\n<meta property=\"og:locale\" content=\"es_ES\" \/>\n<meta property=\"og:type\" content=\"article\" \/>\n<meta property=\"og:title\" content=\"Pregunta al gobierno - Salto Ecol\u00f3gico\" \/>\n<meta property=\"og:description\" content=\"Durante el a\u00f1o 2022 los grupos que apoyan al Gobierno de Canarias han venido siendo protagonistas de una serie de hitos que vienen a respaldar declaraciones institucionales de a\u00f1os anteriores. Entre estos hitos caben resaltar la publicaci\u00f3n de las Estrategias de apoyo al PTECan (Plan de Transici\u00f3n Energ\u00e9tica de Canarias), la publicaci\u00f3n del borrador del [&hellip;]\" \/>\n<meta property=\"og:url\" content=\"https:\/\/saltoecologico.es\/index.php\/2023\/01\/12\/pregunta-al-gobierno\/\" \/>\n<meta property=\"og:site_name\" content=\"Salto Ecol\u00f3gico\" \/>\n<meta property=\"article:publisher\" content=\"https:\/\/www.facebook.com\/Saltotransicionecologica\" \/>\n<meta property=\"article:published_time\" content=\"2023-01-12T18:31:00+00:00\" \/>\n<meta property=\"article:modified_time\" content=\"2025-04-14T18:32:01+00:00\" \/>\n<meta property=\"og:image\" content=\"https:\/\/saltoecologico.es\/wp-content\/uploads\/2025\/04\/GNL10.jpg\" \/>\n\t<meta property=\"og:image:width\" content=\"1024\" \/>\n\t<meta property=\"og:image:height\" content=\"576\" \/>\n\t<meta property=\"og:image:type\" content=\"image\/jpeg\" \/>\n<meta name=\"author\" content=\"admin\" \/>\n<meta name=\"twitter:card\" content=\"summary_large_image\" \/>\n<meta name=\"twitter:label1\" content=\"Escrito por\" \/>\n\t<meta name=\"twitter:data1\" content=\"admin\" \/>\n\t<meta name=\"twitter:label2\" content=\"Tiempo de lectura\" \/>\n\t<meta name=\"twitter:data2\" content=\"3 minutos\" \/>\n<script type=\"application\/ld+json\" class=\"yoast-schema-graph\">{\"@context\":\"https:\\\/\\\/schema.org\",\"@graph\":[{\"@type\":\"Article\",\"@id\":\"https:\\\/\\\/saltoecologico.es\\\/index.php\\\/2023\\\/01\\\/12\\\/pregunta-al-gobierno\\\/#article\",\"isPartOf\":{\"@id\":\"https:\\\/\\\/saltoecologico.es\\\/index.php\\\/2023\\\/01\\\/12\\\/pregunta-al-gobierno\\\/\"},\"author\":{\"name\":\"admin\",\"@id\":\"https:\\\/\\\/saltoecologico.es\\\/#\\\/schema\\\/person\\\/7175eec4b3c123d86c675313c3a01a0b\"},\"headline\":\"Pregunta al gobierno\",\"datePublished\":\"2023-01-12T18:31:00+00:00\",\"dateModified\":\"2025-04-14T18:32:01+00:00\",\"mainEntityOfPage\":{\"@id\":\"https:\\\/\\\/saltoecologico.es\\\/index.php\\\/2023\\\/01\\\/12\\\/pregunta-al-gobierno\\\/\"},\"wordCount\":485,\"commentCount\":0,\"publisher\":{\"@id\":\"https:\\\/\\\/saltoecologico.es\\\/#organization\"},\"image\":{\"@id\":\"https:\\\/\\\/saltoecologico.es\\\/index.php\\\/2023\\\/01\\\/12\\\/pregunta-al-gobierno\\\/#primaryimage\"},\"thumbnailUrl\":\"https:\\\/\\\/saltoecologico.es\\\/wp-content\\\/uploads\\\/2025\\\/04\\\/GNL10.jpg\",\"articleSection\":[\"General\"],\"inLanguage\":\"es\",\"potentialAction\":[{\"@type\":\"CommentAction\",\"name\":\"Comment\",\"target\":[\"https:\\\/\\\/saltoecologico.es\\\/index.php\\\/2023\\\/01\\\/12\\\/pregunta-al-gobierno\\\/#respond\"]}]},{\"@type\":\"WebPage\",\"@id\":\"https:\\\/\\\/saltoecologico.es\\\/index.php\\\/2023\\\/01\\\/12\\\/pregunta-al-gobierno\\\/\",\"url\":\"https:\\\/\\\/saltoecologico.es\\\/index.php\\\/2023\\\/01\\\/12\\\/pregunta-al-gobierno\\\/\",\"name\":\"Pregunta al gobierno - Salto Ecol\u00f3gico\",\"isPartOf\":{\"@id\":\"https:\\\/\\\/saltoecologico.es\\\/#website\"},\"primaryImageOfPage\":{\"@id\":\"https:\\\/\\\/saltoecologico.es\\\/index.php\\\/2023\\\/01\\\/12\\\/pregunta-al-gobierno\\\/#primaryimage\"},\"image\":{\"@id\":\"https:\\\/\\\/saltoecologico.es\\\/index.php\\\/2023\\\/01\\\/12\\\/pregunta-al-gobierno\\\/#primaryimage\"},\"thumbnailUrl\":\"https:\\\/\\\/saltoecologico.es\\\/wp-content\\\/uploads\\\/2025\\\/04\\\/GNL10.jpg\",\"datePublished\":\"2023-01-12T18:31:00+00:00\",\"dateModified\":\"2025-04-14T18:32:01+00:00\",\"breadcrumb\":{\"@id\":\"https:\\\/\\\/saltoecologico.es\\\/index.php\\\/2023\\\/01\\\/12\\\/pregunta-al-gobierno\\\/#breadcrumb\"},\"inLanguage\":\"es\",\"potentialAction\":[{\"@type\":\"ReadAction\",\"target\":[\"https:\\\/\\\/saltoecologico.es\\\/index.php\\\/2023\\\/01\\\/12\\\/pregunta-al-gobierno\\\/\"]}]},{\"@type\":\"ImageObject\",\"inLanguage\":\"es\",\"@id\":\"https:\\\/\\\/saltoecologico.es\\\/index.php\\\/2023\\\/01\\\/12\\\/pregunta-al-gobierno\\\/#primaryimage\",\"url\":\"https:\\\/\\\/saltoecologico.es\\\/wp-content\\\/uploads\\\/2025\\\/04\\\/GNL10.jpg\",\"contentUrl\":\"https:\\\/\\\/saltoecologico.es\\\/wp-content\\\/uploads\\\/2025\\\/04\\\/GNL10.jpg\",\"width\":1024,\"height\":576,\"caption\":\"LNG (Liquified Natural Gas) tanker anchored in Gas terminal gas tanks for storage. Oil Crude Gas Tanker Ship. LPG at Tanker Bay Petroleum Chemical or Methane freighter export import transportation\"},{\"@type\":\"BreadcrumbList\",\"@id\":\"https:\\\/\\\/saltoecologico.es\\\/index.php\\\/2023\\\/01\\\/12\\\/pregunta-al-gobierno\\\/#breadcrumb\",\"itemListElement\":[{\"@type\":\"ListItem\",\"position\":1,\"name\":\"Portada\",\"item\":\"https:\\\/\\\/saltoecologico.es\\\/\"},{\"@type\":\"ListItem\",\"position\":2,\"name\":\"Pregunta al gobierno\"}]},{\"@type\":\"WebSite\",\"@id\":\"https:\\\/\\\/saltoecologico.es\\\/#website\",\"url\":\"https:\\\/\\\/saltoecologico.es\\\/\",\"name\":\"Salto Ecol\u00f3gico\",\"description\":\"\",\"publisher\":{\"@id\":\"https:\\\/\\\/saltoecologico.es\\\/#organization\"},\"potentialAction\":[{\"@type\":\"SearchAction\",\"target\":{\"@type\":\"EntryPoint\",\"urlTemplate\":\"https:\\\/\\\/saltoecologico.es\\\/?s={search_term_string}\"},\"query-input\":{\"@type\":\"PropertyValueSpecification\",\"valueRequired\":true,\"valueName\":\"search_term_string\"}}],\"inLanguage\":\"es\"},{\"@type\":\"Organization\",\"@id\":\"https:\\\/\\\/saltoecologico.es\\\/#organization\",\"name\":\"Salto a la Transici\u00f3n Ecol\u00f3gica\",\"url\":\"https:\\\/\\\/saltoecologico.es\\\/\",\"logo\":{\"@type\":\"ImageObject\",\"inLanguage\":\"es\",\"@id\":\"https:\\\/\\\/saltoecologico.es\\\/#\\\/schema\\\/logo\\\/image\\\/\",\"url\":\"https:\\\/\\\/saltoecologico.es\\\/wp-content\\\/uploads\\\/2025\\\/04\\\/Logo-STE.jpg\",\"contentUrl\":\"https:\\\/\\\/saltoecologico.es\\\/wp-content\\\/uploads\\\/2025\\\/04\\\/Logo-STE.jpg\",\"width\":435,\"height\":435,\"caption\":\"Salto a la Transici\u00f3n Ecol\u00f3gica\"},\"image\":{\"@id\":\"https:\\\/\\\/saltoecologico.es\\\/#\\\/schema\\\/logo\\\/image\\\/\"},\"sameAs\":[\"https:\\\/\\\/www.facebook.com\\\/Saltotransicionecologica\"]},{\"@type\":\"Person\",\"@id\":\"https:\\\/\\\/saltoecologico.es\\\/#\\\/schema\\\/person\\\/7175eec4b3c123d86c675313c3a01a0b\",\"name\":\"admin\",\"image\":{\"@type\":\"ImageObject\",\"inLanguage\":\"es\",\"@id\":\"https:\\\/\\\/secure.gravatar.com\\\/avatar\\\/4c215dc57bbc7b2f2f470ac9bd197f3f112636a584e575a732d0206a2d9c9806?s=96&d=mm&r=g\",\"url\":\"https:\\\/\\\/secure.gravatar.com\\\/avatar\\\/4c215dc57bbc7b2f2f470ac9bd197f3f112636a584e575a732d0206a2d9c9806?s=96&d=mm&r=g\",\"contentUrl\":\"https:\\\/\\\/secure.gravatar.com\\\/avatar\\\/4c215dc57bbc7b2f2f470ac9bd197f3f112636a584e575a732d0206a2d9c9806?s=96&d=mm&r=g\",\"caption\":\"admin\"},\"sameAs\":[\"https:\\\/\\\/saltoecologico.es\"],\"url\":\"https:\\\/\\\/saltoecologico.es\\\/index.php\\\/author\\\/saltoecologico\\\/\"}]}<\/script>\n<!-- \/ Yoast SEO plugin. -->","yoast_head_json":{"title":"Pregunta al gobierno - Salto Ecol\u00f3gico","robots":{"index":"index","follow":"follow","max-snippet":"max-snippet:-1","max-image-preview":"max-image-preview:large","max-video-preview":"max-video-preview:-1"},"canonical":"https:\/\/saltoecologico.es\/index.php\/2023\/01\/12\/pregunta-al-gobierno\/","og_locale":"es_ES","og_type":"article","og_title":"Pregunta al gobierno - Salto Ecol\u00f3gico","og_description":"Durante el a\u00f1o 2022 los grupos que apoyan al Gobierno de Canarias han venido siendo protagonistas de una serie de hitos que vienen a respaldar declaraciones institucionales de a\u00f1os anteriores. Entre estos hitos caben resaltar la publicaci\u00f3n de las Estrategias de apoyo al PTECan (Plan de Transici\u00f3n Energ\u00e9tica de Canarias), la publicaci\u00f3n del borrador del [&hellip;]","og_url":"https:\/\/saltoecologico.es\/index.php\/2023\/01\/12\/pregunta-al-gobierno\/","og_site_name":"Salto Ecol\u00f3gico","article_publisher":"https:\/\/www.facebook.com\/Saltotransicionecologica","article_published_time":"2023-01-12T18:31:00+00:00","article_modified_time":"2025-04-14T18:32:01+00:00","og_image":[{"width":1024,"height":576,"url":"https:\/\/saltoecologico.es\/wp-content\/uploads\/2025\/04\/GNL10.jpg","type":"image\/jpeg"}],"author":"admin","twitter_card":"summary_large_image","twitter_misc":{"Escrito por":"admin","Tiempo de lectura":"3 minutos"},"schema":{"@context":"https:\/\/schema.org","@graph":[{"@type":"Article","@id":"https:\/\/saltoecologico.es\/index.php\/2023\/01\/12\/pregunta-al-gobierno\/#article","isPartOf":{"@id":"https:\/\/saltoecologico.es\/index.php\/2023\/01\/12\/pregunta-al-gobierno\/"},"author":{"name":"admin","@id":"https:\/\/saltoecologico.es\/#\/schema\/person\/7175eec4b3c123d86c675313c3a01a0b"},"headline":"Pregunta al gobierno","datePublished":"2023-01-12T18:31:00+00:00","dateModified":"2025-04-14T18:32:01+00:00","mainEntityOfPage":{"@id":"https:\/\/saltoecologico.es\/index.php\/2023\/01\/12\/pregunta-al-gobierno\/"},"wordCount":485,"commentCount":0,"publisher":{"@id":"https:\/\/saltoecologico.es\/#organization"},"image":{"@id":"https:\/\/saltoecologico.es\/index.php\/2023\/01\/12\/pregunta-al-gobierno\/#primaryimage"},"thumbnailUrl":"https:\/\/saltoecologico.es\/wp-content\/uploads\/2025\/04\/GNL10.jpg","articleSection":["General"],"inLanguage":"es","potentialAction":[{"@type":"CommentAction","name":"Comment","target":["https:\/\/saltoecologico.es\/index.php\/2023\/01\/12\/pregunta-al-gobierno\/#respond"]}]},{"@type":"WebPage","@id":"https:\/\/saltoecologico.es\/index.php\/2023\/01\/12\/pregunta-al-gobierno\/","url":"https:\/\/saltoecologico.es\/index.php\/2023\/01\/12\/pregunta-al-gobierno\/","name":"Pregunta al gobierno - Salto Ecol\u00f3gico","isPartOf":{"@id":"https:\/\/saltoecologico.es\/#website"},"primaryImageOfPage":{"@id":"https:\/\/saltoecologico.es\/index.php\/2023\/01\/12\/pregunta-al-gobierno\/#primaryimage"},"image":{"@id":"https:\/\/saltoecologico.es\/index.php\/2023\/01\/12\/pregunta-al-gobierno\/#primaryimage"},"thumbnailUrl":"https:\/\/saltoecologico.es\/wp-content\/uploads\/2025\/04\/GNL10.jpg","datePublished":"2023-01-12T18:31:00+00:00","dateModified":"2025-04-14T18:32:01+00:00","breadcrumb":{"@id":"https:\/\/saltoecologico.es\/index.php\/2023\/01\/12\/pregunta-al-gobierno\/#breadcrumb"},"inLanguage":"es","potentialAction":[{"@type":"ReadAction","target":["https:\/\/saltoecologico.es\/index.php\/2023\/01\/12\/pregunta-al-gobierno\/"]}]},{"@type":"ImageObject","inLanguage":"es","@id":"https:\/\/saltoecologico.es\/index.php\/2023\/01\/12\/pregunta-al-gobierno\/#primaryimage","url":"https:\/\/saltoecologico.es\/wp-content\/uploads\/2025\/04\/GNL10.jpg","contentUrl":"https:\/\/saltoecologico.es\/wp-content\/uploads\/2025\/04\/GNL10.jpg","width":1024,"height":576,"caption":"LNG (Liquified Natural Gas) tanker anchored in Gas terminal gas tanks for storage. Oil Crude Gas Tanker Ship. LPG at Tanker Bay Petroleum Chemical or Methane freighter export import transportation"},{"@type":"BreadcrumbList","@id":"https:\/\/saltoecologico.es\/index.php\/2023\/01\/12\/pregunta-al-gobierno\/#breadcrumb","itemListElement":[{"@type":"ListItem","position":1,"name":"Portada","item":"https:\/\/saltoecologico.es\/"},{"@type":"ListItem","position":2,"name":"Pregunta al gobierno"}]},{"@type":"WebSite","@id":"https:\/\/saltoecologico.es\/#website","url":"https:\/\/saltoecologico.es\/","name":"Salto Ecol\u00f3gico","description":"","publisher":{"@id":"https:\/\/saltoecologico.es\/#organization"},"potentialAction":[{"@type":"SearchAction","target":{"@type":"EntryPoint","urlTemplate":"https:\/\/saltoecologico.es\/?s={search_term_string}"},"query-input":{"@type":"PropertyValueSpecification","valueRequired":true,"valueName":"search_term_string"}}],"inLanguage":"es"},{"@type":"Organization","@id":"https:\/\/saltoecologico.es\/#organization","name":"Salto a la Transici\u00f3n Ecol\u00f3gica","url":"https:\/\/saltoecologico.es\/","logo":{"@type":"ImageObject","inLanguage":"es","@id":"https:\/\/saltoecologico.es\/#\/schema\/logo\/image\/","url":"https:\/\/saltoecologico.es\/wp-content\/uploads\/2025\/04\/Logo-STE.jpg","contentUrl":"https:\/\/saltoecologico.es\/wp-content\/uploads\/2025\/04\/Logo-STE.jpg","width":435,"height":435,"caption":"Salto a la Transici\u00f3n Ecol\u00f3gica"},"image":{"@id":"https:\/\/saltoecologico.es\/#\/schema\/logo\/image\/"},"sameAs":["https:\/\/www.facebook.com\/Saltotransicionecologica"]},{"@type":"Person","@id":"https:\/\/saltoecologico.es\/#\/schema\/person\/7175eec4b3c123d86c675313c3a01a0b","name":"admin","image":{"@type":"ImageObject","inLanguage":"es","@id":"https:\/\/secure.gravatar.com\/avatar\/4c215dc57bbc7b2f2f470ac9bd197f3f112636a584e575a732d0206a2d9c9806?s=96&d=mm&r=g","url":"https:\/\/secure.gravatar.com\/avatar\/4c215dc57bbc7b2f2f470ac9bd197f3f112636a584e575a732d0206a2d9c9806?s=96&d=mm&r=g","contentUrl":"https:\/\/secure.gravatar.com\/avatar\/4c215dc57bbc7b2f2f470ac9bd197f3f112636a584e575a732d0206a2d9c9806?s=96&d=mm&r=g","caption":"admin"},"sameAs":["https:\/\/saltoecologico.es"],"url":"https:\/\/saltoecologico.es\/index.php\/author\/saltoecologico\/"}]}},"_links":{"self":[{"href":"https:\/\/saltoecologico.es\/index.php\/wp-json\/wp\/v2\/posts\/544","targetHints":{"allow":["GET"]}}],"collection":[{"href":"https:\/\/saltoecologico.es\/index.php\/wp-json\/wp\/v2\/posts"}],"about":[{"href":"https:\/\/saltoecologico.es\/index.php\/wp-json\/wp\/v2\/types\/post"}],"author":[{"embeddable":true,"href":"https:\/\/saltoecologico.es\/index.php\/wp-json\/wp\/v2\/users\/1"}],"replies":[{"embeddable":true,"href":"https:\/\/saltoecologico.es\/index.php\/wp-json\/wp\/v2\/comments?post=544"}],"version-history":[{"count":1,"href":"https:\/\/saltoecologico.es\/index.php\/wp-json\/wp\/v2\/posts\/544\/revisions"}],"predecessor-version":[{"id":546,"href":"https:\/\/saltoecologico.es\/index.php\/wp-json\/wp\/v2\/posts\/544\/revisions\/546"}],"wp:featuredmedia":[{"embeddable":true,"href":"https:\/\/saltoecologico.es\/index.php\/wp-json\/wp\/v2\/media\/545"}],"wp:attachment":[{"href":"https:\/\/saltoecologico.es\/index.php\/wp-json\/wp\/v2\/media?parent=544"}],"wp:term":[{"taxonomy":"category","embeddable":true,"href":"https:\/\/saltoecologico.es\/index.php\/wp-json\/wp\/v2\/categories?post=544"},{"taxonomy":"post_tag","embeddable":true,"href":"https:\/\/saltoecologico.es\/index.php\/wp-json\/wp\/v2\/tags?post=544"}],"curies":[{"name":"wp","href":"https:\/\/api.w.org\/{rel}","templated":true}]}}