{"id":550,"date":"2023-01-23T18:37:00","date_gmt":"2023-01-23T18:37:00","guid":{"rendered":"https:\/\/saltoecologico.es\/?p=550"},"modified":"2025-04-14T18:37:55","modified_gmt":"2025-04-14T18:37:55","slug":"respuesta-a-eduardo-2","status":"publish","type":"post","link":"https:\/\/saltoecologico.es\/index.php\/2023\/01\/23\/respuesta-a-eduardo-2\/","title":{"rendered":"Respuesta a Eduardo"},"content":{"rendered":"\n<p class=\"wp-block-paragraph\">Cuando alguien no domina un determinado tema es demasiado aventurado calificar de \u201cfalsedad\u201d una postura que no es conveniente para sus tesis.<\/p>\n\n\n\n<p class=\"wp-block-paragraph\">En este mismo foro se ha explicado por activa y por pasiva por qu\u00e9 El Salto de Chira es un proyecto \u201cclave e imprescindible\u201d, pero a lo mejor se ha llevado a cabo de una manera demasiado t\u00e9cnica y rigurosa que impide ser entendida por seg\u00fan que personas. Por ese motivo vamos a intentar enfocar la explicaci\u00f3n desde otra perspectiva.<\/p>\n\n\n\n<p class=\"wp-block-paragraph\">En la actualidad la isla de Gran Canaria tiene alrededor de 300 MW de potencia instalada de renovables. Por otro lado, por poner datos concretos, el pasado domingo 22 de enero se tuvo una m\u00e1xima de demanda (punta) de 434 MW a las 20:35 y un m\u00ednimo de la demanda (valle) de 250 MW a las 04:30. El resto del d\u00eda los valores oscilaron entre esas dos cantidades.<\/p>\n\n\n\n<p class=\"wp-block-paragraph\">Debido a la no gestionabilidad de la e\u00f3lica y la fotovoltaica y la necesidad de la que la demanda y la producci\u00f3n est\u00e9n sincronizada en cada momento, no podemos tener en el sistema una generaci\u00f3n 100% de estas renovables sin m\u00e1s. Emp\u00edricamente se ha determinada que el porcentaje \u00f3ptimo entre la generaci\u00f3n no gestionable (e\u00f3lica y fotovoltaica) y la generaci\u00f3n gestionable (combustibles f\u00f3siles en la actualidad), debe de tener un m\u00e1ximo del 50% de no gestionable. Esto implica que, en el caso del domingo se\u00f1alado, en la punta solo podr\u00edan entrar 217 MW y en el valle 125 MW. Obviamente en condiciones \u00f3ptimas de generaci\u00f3n renovables, ya en la actualidad, habr\u00eda que parar instalaciones por no poder absorberla el sistema, lo que se conoce como vertidos energ\u00e9ticos. El resto del d\u00eda se producen igualmente vertidos en cuant\u00edas diferentes seg\u00fan la variaci\u00f3n de la demanda.<\/p>\n\n\n\n<p class=\"wp-block-paragraph\">Supongamos que el pasado 22 de enero el Salto de Chira hubiese estado operativo. Supongamos que el dep\u00f3sito superior est\u00e1 vac\u00edo y que vamos a explotar el sistema de la forma m\u00e1s simple. En esta situaci\u00f3n, los excedentes de renovables se dedican a bombear agua con lo que eliminamos los vertidos. Una vez que tenemos el dep\u00f3sito superior lleno, podemos dedicar los 200MW a turbinar con lo que en la mayor parte del d\u00eda tenemos el 50% de generaci\u00f3n gestionable (no olvidemos que la generaci\u00f3n hidr\u00e1ulica es gestionable) y el otro 50% no gestionable, pero con una notable diferencia, ahora tenemos un sistema 100% renovable, al menos durante 16 horas. Pero es que no siempre va a ser necesario turbinar 200MW, porque por ejemplo en el valle con turbinar 125MW ya alcanzamos el 50% gestionable, por lo que las 16 horas se ampl\u00edan. Simplificando mucho, tendr\u00edamos 24 horas de 100% de penetraci\u00f3n renovables y otras 24 horas del 50% de esta penetraci\u00f3n, mientras se vuelve a llenar Chira. Si lo confrontamos con el m\u00e1ximo del 50% de penetraci\u00f3n de renovables diario que podemos alcanzar ahora, se ve claramente lo peregrino que supone aseverar que con el salto de Chira solo se va a aumentar un 10% de penetraci\u00f3n de renovables.<\/p>\n\n\n\n<p class=\"wp-block-paragraph\">Si a esto le a\u00f1adimos el cortocircuito hidr\u00e1ulico que nos permitir\u00e1 tener grupos bombeando y otros turbinando, la capacidad de gestionabilidad que permite el sistema de bombeo del complejo y otros avances \u00fanicos que aporta este proyecto, que pueden permitir estar varios d\u00eda con un sistema 100% renovable, como ya se ha puesto en evidencia en Gorona del viento, se entiende perfectamente la afirmaci\u00f3n que El Salto de Chira aumentar\u00e1 la penetraci\u00f3n de renovables anualmente de un 20% actual a m\u00e1s del 50% futuro.<\/p>\n\n\n\n<p class=\"wp-block-paragraph\">Entendemos perfectamente que esta exposici\u00f3n no est\u00e1 al alcance de cualquiera, pero convendr\u00eda no ser aut\u00e9nticos kamikazes a la hora de verter ciertas informaciones carentes de todo fundamento, como suele ocurrir en el seno de determinados colectivos.<\/p>\n","protected":false},"excerpt":{"rendered":"<p>Cuando alguien no domina un determinado tema es demasiado aventurado calificar de \u201cfalsedad\u201d una postura que no es conveniente para sus tesis. En este mismo foro se ha explicado por activa y por pasiva por qu\u00e9 El Salto de Chira es un proyecto \u201cclave e imprescindible\u201d, pero a lo mejor se ha llevado a cabo [&hellip;]<\/p>\n","protected":false},"author":1,"featured_media":551,"comment_status":"open","ping_status":"open","sticky":false,"template":"","format":"standard","meta":{"footnotes":""},"categories":[36],"tags":[],"class_list":["post-550","post","type-post","status-publish","format-standard","has-post-thumbnail","category-sistema-electrico"],"yoast_head":"<!-- This site is optimized with the Yoast SEO plugin v28.2 - https:\/\/yoast.com\/product\/yoast-seo-wordpress\/ -->\n<title>Respuesta a Eduardo - Salto Ecol\u00f3gico<\/title>\n<meta name=\"robots\" content=\"index, follow, max-snippet:-1, max-image-preview:large, max-video-preview:-1\" \/>\n<link rel=\"canonical\" href=\"https:\/\/saltoecologico.es\/index.php\/2023\/01\/23\/respuesta-a-eduardo-2\/\" \/>\n<meta property=\"og:locale\" content=\"es_ES\" \/>\n<meta property=\"og:type\" content=\"article\" \/>\n<meta property=\"og:title\" content=\"Respuesta a Eduardo - Salto Ecol\u00f3gico\" \/>\n<meta property=\"og:description\" content=\"Cuando alguien no domina un determinado tema es demasiado aventurado calificar de \u201cfalsedad\u201d una postura que no es conveniente para sus tesis. En este mismo foro se ha explicado por activa y por pasiva por qu\u00e9 El Salto de Chira es un proyecto \u201cclave e imprescindible\u201d, pero a lo mejor se ha llevado a cabo [&hellip;]\" \/>\n<meta property=\"og:url\" content=\"https:\/\/saltoecologico.es\/index.php\/2023\/01\/23\/respuesta-a-eduardo-2\/\" \/>\n<meta property=\"og:site_name\" content=\"Salto Ecol\u00f3gico\" \/>\n<meta property=\"article:publisher\" content=\"https:\/\/www.facebook.com\/Saltotransicionecologica\" \/>\n<meta property=\"article:published_time\" content=\"2023-01-23T18:37:00+00:00\" \/>\n<meta property=\"article:modified_time\" content=\"2025-04-14T18:37:55+00:00\" \/>\n<meta property=\"og:image\" content=\"https:\/\/saltoecologico.es\/wp-content\/uploads\/2025\/04\/Salto-15.jpg\" \/>\n\t<meta property=\"og:image:width\" content=\"1024\" \/>\n\t<meta property=\"og:image:height\" content=\"767\" \/>\n\t<meta property=\"og:image:type\" content=\"image\/jpeg\" \/>\n<meta name=\"author\" content=\"admin\" \/>\n<meta name=\"twitter:card\" content=\"summary_large_image\" \/>\n<meta name=\"twitter:label1\" content=\"Escrito por\" \/>\n\t<meta name=\"twitter:data1\" content=\"admin\" \/>\n\t<meta name=\"twitter:label2\" content=\"Tiempo de lectura\" \/>\n\t<meta name=\"twitter:data2\" content=\"4 minutos\" \/>\n<script type=\"application\/ld+json\" class=\"yoast-schema-graph\">{\"@context\":\"https:\\\/\\\/schema.org\",\"@graph\":[{\"@type\":\"Article\",\"@id\":\"https:\\\/\\\/saltoecologico.es\\\/index.php\\\/2023\\\/01\\\/23\\\/respuesta-a-eduardo-2\\\/#article\",\"isPartOf\":{\"@id\":\"https:\\\/\\\/saltoecologico.es\\\/index.php\\\/2023\\\/01\\\/23\\\/respuesta-a-eduardo-2\\\/\"},\"author\":{\"name\":\"admin\",\"@id\":\"https:\\\/\\\/saltoecologico.es\\\/#\\\/schema\\\/person\\\/7175eec4b3c123d86c675313c3a01a0b\"},\"headline\":\"Respuesta a Eduardo\",\"datePublished\":\"2023-01-23T18:37:00+00:00\",\"dateModified\":\"2025-04-14T18:37:55+00:00\",\"mainEntityOfPage\":{\"@id\":\"https:\\\/\\\/saltoecologico.es\\\/index.php\\\/2023\\\/01\\\/23\\\/respuesta-a-eduardo-2\\\/\"},\"wordCount\":653,\"commentCount\":0,\"publisher\":{\"@id\":\"https:\\\/\\\/saltoecologico.es\\\/#organization\"},\"image\":{\"@id\":\"https:\\\/\\\/saltoecologico.es\\\/index.php\\\/2023\\\/01\\\/23\\\/respuesta-a-eduardo-2\\\/#primaryimage\"},\"thumbnailUrl\":\"https:\\\/\\\/saltoecologico.es\\\/wp-content\\\/uploads\\\/2025\\\/04\\\/Salto-15.jpg\",\"articleSection\":[\"Sistema el\u00e9ctrico\"],\"inLanguage\":\"es\",\"potentialAction\":[{\"@type\":\"CommentAction\",\"name\":\"Comment\",\"target\":[\"https:\\\/\\\/saltoecologico.es\\\/index.php\\\/2023\\\/01\\\/23\\\/respuesta-a-eduardo-2\\\/#respond\"]}]},{\"@type\":\"WebPage\",\"@id\":\"https:\\\/\\\/saltoecologico.es\\\/index.php\\\/2023\\\/01\\\/23\\\/respuesta-a-eduardo-2\\\/\",\"url\":\"https:\\\/\\\/saltoecologico.es\\\/index.php\\\/2023\\\/01\\\/23\\\/respuesta-a-eduardo-2\\\/\",\"name\":\"Respuesta a Eduardo - Salto Ecol\u00f3gico\",\"isPartOf\":{\"@id\":\"https:\\\/\\\/saltoecologico.es\\\/#website\"},\"primaryImageOfPage\":{\"@id\":\"https:\\\/\\\/saltoecologico.es\\\/index.php\\\/2023\\\/01\\\/23\\\/respuesta-a-eduardo-2\\\/#primaryimage\"},\"image\":{\"@id\":\"https:\\\/\\\/saltoecologico.es\\\/index.php\\\/2023\\\/01\\\/23\\\/respuesta-a-eduardo-2\\\/#primaryimage\"},\"thumbnailUrl\":\"https:\\\/\\\/saltoecologico.es\\\/wp-content\\\/uploads\\\/2025\\\/04\\\/Salto-15.jpg\",\"datePublished\":\"2023-01-23T18:37:00+00:00\",\"dateModified\":\"2025-04-14T18:37:55+00:00\",\"breadcrumb\":{\"@id\":\"https:\\\/\\\/saltoecologico.es\\\/index.php\\\/2023\\\/01\\\/23\\\/respuesta-a-eduardo-2\\\/#breadcrumb\"},\"inLanguage\":\"es\",\"potentialAction\":[{\"@type\":\"ReadAction\",\"target\":[\"https:\\\/\\\/saltoecologico.es\\\/index.php\\\/2023\\\/01\\\/23\\\/respuesta-a-eduardo-2\\\/\"]}]},{\"@type\":\"ImageObject\",\"inLanguage\":\"es\",\"@id\":\"https:\\\/\\\/saltoecologico.es\\\/index.php\\\/2023\\\/01\\\/23\\\/respuesta-a-eduardo-2\\\/#primaryimage\",\"url\":\"https:\\\/\\\/saltoecologico.es\\\/wp-content\\\/uploads\\\/2025\\\/04\\\/Salto-15.jpg\",\"contentUrl\":\"https:\\\/\\\/saltoecologico.es\\\/wp-content\\\/uploads\\\/2025\\\/04\\\/Salto-15.jpg\",\"width\":1024,\"height\":767},{\"@type\":\"BreadcrumbList\",\"@id\":\"https:\\\/\\\/saltoecologico.es\\\/index.php\\\/2023\\\/01\\\/23\\\/respuesta-a-eduardo-2\\\/#breadcrumb\",\"itemListElement\":[{\"@type\":\"ListItem\",\"position\":1,\"name\":\"Portada\",\"item\":\"https:\\\/\\\/saltoecologico.es\\\/\"},{\"@type\":\"ListItem\",\"position\":2,\"name\":\"Respuesta a Eduardo\"}]},{\"@type\":\"WebSite\",\"@id\":\"https:\\\/\\\/saltoecologico.es\\\/#website\",\"url\":\"https:\\\/\\\/saltoecologico.es\\\/\",\"name\":\"Salto Ecol\u00f3gico\",\"description\":\"\",\"publisher\":{\"@id\":\"https:\\\/\\\/saltoecologico.es\\\/#organization\"},\"potentialAction\":[{\"@type\":\"SearchAction\",\"target\":{\"@type\":\"EntryPoint\",\"urlTemplate\":\"https:\\\/\\\/saltoecologico.es\\\/?s={search_term_string}\"},\"query-input\":{\"@type\":\"PropertyValueSpecification\",\"valueRequired\":true,\"valueName\":\"search_term_string\"}}],\"inLanguage\":\"es\"},{\"@type\":\"Organization\",\"@id\":\"https:\\\/\\\/saltoecologico.es\\\/#organization\",\"name\":\"Salto a la Transici\u00f3n Ecol\u00f3gica\",\"url\":\"https:\\\/\\\/saltoecologico.es\\\/\",\"logo\":{\"@type\":\"ImageObject\",\"inLanguage\":\"es\",\"@id\":\"https:\\\/\\\/saltoecologico.es\\\/#\\\/schema\\\/logo\\\/image\\\/\",\"url\":\"https:\\\/\\\/saltoecologico.es\\\/wp-content\\\/uploads\\\/2025\\\/04\\\/Logo-STE.jpg\",\"contentUrl\":\"https:\\\/\\\/saltoecologico.es\\\/wp-content\\\/uploads\\\/2025\\\/04\\\/Logo-STE.jpg\",\"width\":435,\"height\":435,\"caption\":\"Salto a la Transici\u00f3n Ecol\u00f3gica\"},\"image\":{\"@id\":\"https:\\\/\\\/saltoecologico.es\\\/#\\\/schema\\\/logo\\\/image\\\/\"},\"sameAs\":[\"https:\\\/\\\/www.facebook.com\\\/Saltotransicionecologica\"]},{\"@type\":\"Person\",\"@id\":\"https:\\\/\\\/saltoecologico.es\\\/#\\\/schema\\\/person\\\/7175eec4b3c123d86c675313c3a01a0b\",\"name\":\"admin\",\"image\":{\"@type\":\"ImageObject\",\"inLanguage\":\"es\",\"@id\":\"https:\\\/\\\/secure.gravatar.com\\\/avatar\\\/4c215dc57bbc7b2f2f470ac9bd197f3f112636a584e575a732d0206a2d9c9806?s=96&d=mm&r=g\",\"url\":\"https:\\\/\\\/secure.gravatar.com\\\/avatar\\\/4c215dc57bbc7b2f2f470ac9bd197f3f112636a584e575a732d0206a2d9c9806?s=96&d=mm&r=g\",\"contentUrl\":\"https:\\\/\\\/secure.gravatar.com\\\/avatar\\\/4c215dc57bbc7b2f2f470ac9bd197f3f112636a584e575a732d0206a2d9c9806?s=96&d=mm&r=g\",\"caption\":\"admin\"},\"sameAs\":[\"https:\\\/\\\/saltoecologico.es\"],\"url\":\"https:\\\/\\\/saltoecologico.es\\\/index.php\\\/author\\\/saltoecologico\\\/\"}]}<\/script>\n<!-- \/ Yoast SEO plugin. -->","yoast_head_json":{"title":"Respuesta a Eduardo - Salto Ecol\u00f3gico","robots":{"index":"index","follow":"follow","max-snippet":"max-snippet:-1","max-image-preview":"max-image-preview:large","max-video-preview":"max-video-preview:-1"},"canonical":"https:\/\/saltoecologico.es\/index.php\/2023\/01\/23\/respuesta-a-eduardo-2\/","og_locale":"es_ES","og_type":"article","og_title":"Respuesta a Eduardo - Salto Ecol\u00f3gico","og_description":"Cuando alguien no domina un determinado tema es demasiado aventurado calificar de \u201cfalsedad\u201d una postura que no es conveniente para sus tesis. En este mismo foro se ha explicado por activa y por pasiva por qu\u00e9 El Salto de Chira es un proyecto \u201cclave e imprescindible\u201d, pero a lo mejor se ha llevado a cabo [&hellip;]","og_url":"https:\/\/saltoecologico.es\/index.php\/2023\/01\/23\/respuesta-a-eduardo-2\/","og_site_name":"Salto Ecol\u00f3gico","article_publisher":"https:\/\/www.facebook.com\/Saltotransicionecologica","article_published_time":"2023-01-23T18:37:00+00:00","article_modified_time":"2025-04-14T18:37:55+00:00","og_image":[{"width":1024,"height":767,"url":"https:\/\/saltoecologico.es\/wp-content\/uploads\/2025\/04\/Salto-15.jpg","type":"image\/jpeg"}],"author":"admin","twitter_card":"summary_large_image","twitter_misc":{"Escrito por":"admin","Tiempo de lectura":"4 minutos"},"schema":{"@context":"https:\/\/schema.org","@graph":[{"@type":"Article","@id":"https:\/\/saltoecologico.es\/index.php\/2023\/01\/23\/respuesta-a-eduardo-2\/#article","isPartOf":{"@id":"https:\/\/saltoecologico.es\/index.php\/2023\/01\/23\/respuesta-a-eduardo-2\/"},"author":{"name":"admin","@id":"https:\/\/saltoecologico.es\/#\/schema\/person\/7175eec4b3c123d86c675313c3a01a0b"},"headline":"Respuesta a Eduardo","datePublished":"2023-01-23T18:37:00+00:00","dateModified":"2025-04-14T18:37:55+00:00","mainEntityOfPage":{"@id":"https:\/\/saltoecologico.es\/index.php\/2023\/01\/23\/respuesta-a-eduardo-2\/"},"wordCount":653,"commentCount":0,"publisher":{"@id":"https:\/\/saltoecologico.es\/#organization"},"image":{"@id":"https:\/\/saltoecologico.es\/index.php\/2023\/01\/23\/respuesta-a-eduardo-2\/#primaryimage"},"thumbnailUrl":"https:\/\/saltoecologico.es\/wp-content\/uploads\/2025\/04\/Salto-15.jpg","articleSection":["Sistema el\u00e9ctrico"],"inLanguage":"es","potentialAction":[{"@type":"CommentAction","name":"Comment","target":["https:\/\/saltoecologico.es\/index.php\/2023\/01\/23\/respuesta-a-eduardo-2\/#respond"]}]},{"@type":"WebPage","@id":"https:\/\/saltoecologico.es\/index.php\/2023\/01\/23\/respuesta-a-eduardo-2\/","url":"https:\/\/saltoecologico.es\/index.php\/2023\/01\/23\/respuesta-a-eduardo-2\/","name":"Respuesta a Eduardo - Salto Ecol\u00f3gico","isPartOf":{"@id":"https:\/\/saltoecologico.es\/#website"},"primaryImageOfPage":{"@id":"https:\/\/saltoecologico.es\/index.php\/2023\/01\/23\/respuesta-a-eduardo-2\/#primaryimage"},"image":{"@id":"https:\/\/saltoecologico.es\/index.php\/2023\/01\/23\/respuesta-a-eduardo-2\/#primaryimage"},"thumbnailUrl":"https:\/\/saltoecologico.es\/wp-content\/uploads\/2025\/04\/Salto-15.jpg","datePublished":"2023-01-23T18:37:00+00:00","dateModified":"2025-04-14T18:37:55+00:00","breadcrumb":{"@id":"https:\/\/saltoecologico.es\/index.php\/2023\/01\/23\/respuesta-a-eduardo-2\/#breadcrumb"},"inLanguage":"es","potentialAction":[{"@type":"ReadAction","target":["https:\/\/saltoecologico.es\/index.php\/2023\/01\/23\/respuesta-a-eduardo-2\/"]}]},{"@type":"ImageObject","inLanguage":"es","@id":"https:\/\/saltoecologico.es\/index.php\/2023\/01\/23\/respuesta-a-eduardo-2\/#primaryimage","url":"https:\/\/saltoecologico.es\/wp-content\/uploads\/2025\/04\/Salto-15.jpg","contentUrl":"https:\/\/saltoecologico.es\/wp-content\/uploads\/2025\/04\/Salto-15.jpg","width":1024,"height":767},{"@type":"BreadcrumbList","@id":"https:\/\/saltoecologico.es\/index.php\/2023\/01\/23\/respuesta-a-eduardo-2\/#breadcrumb","itemListElement":[{"@type":"ListItem","position":1,"name":"Portada","item":"https:\/\/saltoecologico.es\/"},{"@type":"ListItem","position":2,"name":"Respuesta a Eduardo"}]},{"@type":"WebSite","@id":"https:\/\/saltoecologico.es\/#website","url":"https:\/\/saltoecologico.es\/","name":"Salto Ecol\u00f3gico","description":"","publisher":{"@id":"https:\/\/saltoecologico.es\/#organization"},"potentialAction":[{"@type":"SearchAction","target":{"@type":"EntryPoint","urlTemplate":"https:\/\/saltoecologico.es\/?s={search_term_string}"},"query-input":{"@type":"PropertyValueSpecification","valueRequired":true,"valueName":"search_term_string"}}],"inLanguage":"es"},{"@type":"Organization","@id":"https:\/\/saltoecologico.es\/#organization","name":"Salto a la Transici\u00f3n Ecol\u00f3gica","url":"https:\/\/saltoecologico.es\/","logo":{"@type":"ImageObject","inLanguage":"es","@id":"https:\/\/saltoecologico.es\/#\/schema\/logo\/image\/","url":"https:\/\/saltoecologico.es\/wp-content\/uploads\/2025\/04\/Logo-STE.jpg","contentUrl":"https:\/\/saltoecologico.es\/wp-content\/uploads\/2025\/04\/Logo-STE.jpg","width":435,"height":435,"caption":"Salto a la Transici\u00f3n Ecol\u00f3gica"},"image":{"@id":"https:\/\/saltoecologico.es\/#\/schema\/logo\/image\/"},"sameAs":["https:\/\/www.facebook.com\/Saltotransicionecologica"]},{"@type":"Person","@id":"https:\/\/saltoecologico.es\/#\/schema\/person\/7175eec4b3c123d86c675313c3a01a0b","name":"admin","image":{"@type":"ImageObject","inLanguage":"es","@id":"https:\/\/secure.gravatar.com\/avatar\/4c215dc57bbc7b2f2f470ac9bd197f3f112636a584e575a732d0206a2d9c9806?s=96&d=mm&r=g","url":"https:\/\/secure.gravatar.com\/avatar\/4c215dc57bbc7b2f2f470ac9bd197f3f112636a584e575a732d0206a2d9c9806?s=96&d=mm&r=g","contentUrl":"https:\/\/secure.gravatar.com\/avatar\/4c215dc57bbc7b2f2f470ac9bd197f3f112636a584e575a732d0206a2d9c9806?s=96&d=mm&r=g","caption":"admin"},"sameAs":["https:\/\/saltoecologico.es"],"url":"https:\/\/saltoecologico.es\/index.php\/author\/saltoecologico\/"}]}},"_links":{"self":[{"href":"https:\/\/saltoecologico.es\/index.php\/wp-json\/wp\/v2\/posts\/550","targetHints":{"allow":["GET"]}}],"collection":[{"href":"https:\/\/saltoecologico.es\/index.php\/wp-json\/wp\/v2\/posts"}],"about":[{"href":"https:\/\/saltoecologico.es\/index.php\/wp-json\/wp\/v2\/types\/post"}],"author":[{"embeddable":true,"href":"https:\/\/saltoecologico.es\/index.php\/wp-json\/wp\/v2\/users\/1"}],"replies":[{"embeddable":true,"href":"https:\/\/saltoecologico.es\/index.php\/wp-json\/wp\/v2\/comments?post=550"}],"version-history":[{"count":1,"href":"https:\/\/saltoecologico.es\/index.php\/wp-json\/wp\/v2\/posts\/550\/revisions"}],"predecessor-version":[{"id":552,"href":"https:\/\/saltoecologico.es\/index.php\/wp-json\/wp\/v2\/posts\/550\/revisions\/552"}],"wp:featuredmedia":[{"embeddable":true,"href":"https:\/\/saltoecologico.es\/index.php\/wp-json\/wp\/v2\/media\/551"}],"wp:attachment":[{"href":"https:\/\/saltoecologico.es\/index.php\/wp-json\/wp\/v2\/media?parent=550"}],"wp:term":[{"taxonomy":"category","embeddable":true,"href":"https:\/\/saltoecologico.es\/index.php\/wp-json\/wp\/v2\/categories?post=550"},{"taxonomy":"post_tag","embeddable":true,"href":"https:\/\/saltoecologico.es\/index.php\/wp-json\/wp\/v2\/tags?post=550"}],"curies":[{"name":"wp","href":"https:\/\/api.w.org\/{rel}","templated":true}]}}