{"id":553,"date":"2023-01-28T18:40:00","date_gmt":"2023-01-28T18:40:00","guid":{"rendered":"https:\/\/saltoecologico.es\/?p=553"},"modified":"2025-04-14T18:41:08","modified_gmt":"2025-04-14T18:41:08","slug":"renovacion-polemica","status":"publish","type":"post","link":"https:\/\/saltoecologico.es\/index.php\/2023\/01\/28\/renovacion-polemica\/","title":{"rendered":"Renovaci\u00f3n pol\u00e9mica"},"content":{"rendered":"\n<p class=\"wp-block-paragraph\">Recientemente hemos podido conocer por boca del presidente de Canarias, \u00c1ngel V\u00edctor Torres, que el gobierno central y el canario han acordado sacar a concurso p\u00fablico la renovaci\u00f3n de los sistemas el\u00e9ctricos insulares para que en el a\u00f1o 2026 se implanten los nuevos equipos de generaci\u00f3n. Por otro lado durante todo el 2022 hemos venido alertando de los cambios legislativos que se estaban produciendo en el sector energ\u00e9tico de Canarias, que han culminado con la aprobaci\u00f3n de facto, de la entrada del gas natural como combustible para la generaci\u00f3n el\u00e9ctrica. Adem\u00e1s, se da la circunstancia que Europa ha aprobado la denominaci\u00f3n de \u201cverde\u201d a efectos de subvenciones del gas natural y por ende, nada impide que los fondos \u201cNext Generation\u201d puedan ser utilizados para este fin. Por tanto, todo parece indicar que en el 2026 tendremos un desembarco masivo de grupos de generaci\u00f3n el\u00e9ctrica que tendr\u00e1n como combustible el gas natural y todas sus infraestructuras, en los sistemas de generaci\u00f3n canarios.<\/p>\n\n\n\n<p class=\"wp-block-paragraph\">No hace falta decir que el gas natural es un combustible f\u00f3sil. No hace falta decir que el metano, su principal componente, tiene un grado de efecto invernadero de 80 veces el CO2. No hace falta decir que este combustible contamina en su extracci\u00f3n, en su transporte y en su utilizaci\u00f3n. Pero sobre todo no hace falta decir que esto contradice clamorosamente la reciente Ley del Cambio Clim\u00e1tico que fija la descarbonizaci\u00f3n de las islas para el 2040, porque hay infraestructuras del gas natural que tienen una vida regulatoria de 50 a\u00f1os, por lo que hasta 2076 no podremos, por ley, dar de baja esas instalaciones.<\/p>\n\n\n\n<p class=\"wp-block-paragraph\">Hist\u00f3ricamente las instalaciones de generaci\u00f3n el\u00e9ctrica han sido muy longevas. La Central t\u00e9rmica de las Caletillas comenz\u00f3 su servicio en 1967 con los Vapores 1 y 2 ya dados de baja. A fecha de hoy siguen como disponibles grupos cuya puesta en marcha se produjo en 1972. La Central t\u00e9rmica de Granadilla comienza en 1989 con el Gas 1, teniendo en la actualidad grupos disponibles con puesta en marcha en 1995. La primera turbina de la Central t\u00e9rmica de Jinamar data de 1972, teniendo en la actualidad disponibles grupos que comenzaron a operar en 1973. Por \u00faltimo, la Central t\u00e9rmica de Barranco de Tirajana tiene su comienzo en 1992 con el Vapor 1, teniendo hoy en d\u00eda grupos en condici\u00f3n de disponibles de ese a\u00f1o.<\/p>\n\n\n\n<p class=\"wp-block-paragraph\">Teniendo en cuenta la realidad descrita y la normativa existente, \u00bfalguien puede pensar que las empresas que inviertan en la renovaci\u00f3n acordada, van a acatar sin ning\u00fan problema, que grupos con 14 a\u00f1os de vida \u00fatil, sean delegados al ostracismo de dejar de funcionar y por tanto de recibir los sustanciosos emolumentos que significa la generaci\u00f3n en Canarias?.<\/p>\n\n\n\n<p class=\"wp-block-paragraph\">Desde Salto a la Transici\u00f3n Ecol\u00f3gica, que venimos abogando por una transici\u00f3n acelerada a las renovables y que ponemos en el centro de esa transici\u00f3n acelerada a las centrales hidroel\u00e9ctricas reversibles de bombeo puro, por su capacidad de gestionabilidad y ser generadores tipo A, y a la e\u00f3lica Offshore, por su elevado factor de capacidad que triplica a la e\u00f3lica en tierra, nos preguntamos abiertamente si la par\u00e1lisis administrativa que est\u00e1n sufriendo estas dos tecnolog\u00edas, no ha sido una maniobra calculada para conseguir que la entrada del gas en las islas, sea un hecho incontestable por no tener alternativas viables.<\/p>\n\n\n\n<p class=\"wp-block-paragraph\">No nos cansamos de decir que el estudio llevado a cabo por el ITC y encargado por el Gobierno de Canarias, en las estrategias que acompa\u00f1an al PTCAN, es de una calidad, brillantez y solvencia, fuera de toda duda, pero por todo lo indicado en este art\u00edculo, dudamos de la valent\u00eda de la clase pol\u00edtica para ponerlo en pr\u00e1ctica.<\/p>\n\n\n\n<p class=\"wp-block-paragraph\">Ojal\u00e1 que en este lance hist\u00f3rico solo nos jug\u00e1ramos el valor de unos representantes pol\u00edticos, pero la realidad es que con el Cambio Clim\u00e1tico Antropog\u00e9nico que ya tenemos encima, est\u00e1 en juego la propia continuidad de la especie humana y al menos cuando las generaciones venideras pregunten que hizo nuestra generaci\u00f3n para intentar remediarlo, encuentren que algunos lo intent\u00e1bamos.<\/p>\n","protected":false},"excerpt":{"rendered":"<p>Recientemente hemos podido conocer por boca del presidente de Canarias, \u00c1ngel V\u00edctor Torres, que el gobierno central y el canario han acordado sacar a concurso p\u00fablico la renovaci\u00f3n de los sistemas el\u00e9ctricos insulares para que en el a\u00f1o 2026 se implanten los nuevos equipos de generaci\u00f3n. Por otro lado durante todo el 2022 hemos venido [&hellip;]<\/p>\n","protected":false},"author":1,"featured_media":554,"comment_status":"open","ping_status":"open","sticky":false,"template":"","format":"standard","meta":{"footnotes":""},"categories":[55],"tags":[],"class_list":["post-553","post","type-post","status-publish","format-standard","has-post-thumbnail","category-general"],"yoast_head":"<!-- This site is optimized with the Yoast SEO plugin v28.2 - https:\/\/yoast.com\/product\/yoast-seo-wordpress\/ -->\n<title>Renovaci\u00f3n pol\u00e9mica - Salto Ecol\u00f3gico<\/title>\n<meta name=\"robots\" content=\"index, follow, max-snippet:-1, max-image-preview:large, max-video-preview:-1\" \/>\n<link rel=\"canonical\" href=\"https:\/\/saltoecologico.es\/index.php\/2023\/01\/28\/renovacion-polemica\/\" \/>\n<meta property=\"og:locale\" content=\"es_ES\" \/>\n<meta property=\"og:type\" content=\"article\" \/>\n<meta property=\"og:title\" content=\"Renovaci\u00f3n pol\u00e9mica - Salto Ecol\u00f3gico\" \/>\n<meta property=\"og:description\" content=\"Recientemente hemos podido conocer por boca del presidente de Canarias, \u00c1ngel V\u00edctor Torres, que el gobierno central y el canario han acordado sacar a concurso p\u00fablico la renovaci\u00f3n de los sistemas el\u00e9ctricos insulares para que en el a\u00f1o 2026 se implanten los nuevos equipos de generaci\u00f3n. Por otro lado durante todo el 2022 hemos venido [&hellip;]\" \/>\n<meta property=\"og:url\" content=\"https:\/\/saltoecologico.es\/index.php\/2023\/01\/28\/renovacion-polemica\/\" \/>\n<meta property=\"og:site_name\" content=\"Salto Ecol\u00f3gico\" \/>\n<meta property=\"article:publisher\" content=\"https:\/\/www.facebook.com\/Saltotransicionecologica\" \/>\n<meta property=\"article:published_time\" content=\"2023-01-28T18:40:00+00:00\" \/>\n<meta property=\"article:modified_time\" content=\"2025-04-14T18:41:08+00:00\" \/>\n<meta property=\"og:image\" content=\"https:\/\/saltoecologico.es\/wp-content\/uploads\/2025\/04\/Fosiles12.jpg\" \/>\n\t<meta property=\"og:image:width\" content=\"1024\" \/>\n\t<meta property=\"og:image:height\" content=\"683\" \/>\n\t<meta property=\"og:image:type\" content=\"image\/jpeg\" \/>\n<meta name=\"author\" content=\"admin\" \/>\n<meta name=\"twitter:card\" content=\"summary_large_image\" \/>\n<meta name=\"twitter:label1\" content=\"Escrito por\" \/>\n\t<meta name=\"twitter:data1\" content=\"admin\" \/>\n\t<meta name=\"twitter:label2\" content=\"Tiempo de lectura\" \/>\n\t<meta name=\"twitter:data2\" content=\"4 minutos\" \/>\n<script type=\"application\/ld+json\" class=\"yoast-schema-graph\">{\"@context\":\"https:\\\/\\\/schema.org\",\"@graph\":[{\"@type\":\"Article\",\"@id\":\"https:\\\/\\\/saltoecologico.es\\\/index.php\\\/2023\\\/01\\\/28\\\/renovacion-polemica\\\/#article\",\"isPartOf\":{\"@id\":\"https:\\\/\\\/saltoecologico.es\\\/index.php\\\/2023\\\/01\\\/28\\\/renovacion-polemica\\\/\"},\"author\":{\"name\":\"admin\",\"@id\":\"https:\\\/\\\/saltoecologico.es\\\/#\\\/schema\\\/person\\\/7175eec4b3c123d86c675313c3a01a0b\"},\"headline\":\"Renovaci\u00f3n pol\u00e9mica\",\"datePublished\":\"2023-01-28T18:40:00+00:00\",\"dateModified\":\"2025-04-14T18:41:08+00:00\",\"mainEntityOfPage\":{\"@id\":\"https:\\\/\\\/saltoecologico.es\\\/index.php\\\/2023\\\/01\\\/28\\\/renovacion-polemica\\\/\"},\"wordCount\":711,\"commentCount\":0,\"publisher\":{\"@id\":\"https:\\\/\\\/saltoecologico.es\\\/#organization\"},\"image\":{\"@id\":\"https:\\\/\\\/saltoecologico.es\\\/index.php\\\/2023\\\/01\\\/28\\\/renovacion-polemica\\\/#primaryimage\"},\"thumbnailUrl\":\"https:\\\/\\\/saltoecologico.es\\\/wp-content\\\/uploads\\\/2025\\\/04\\\/Fosiles12.jpg\",\"articleSection\":[\"General\"],\"inLanguage\":\"es\",\"potentialAction\":[{\"@type\":\"CommentAction\",\"name\":\"Comment\",\"target\":[\"https:\\\/\\\/saltoecologico.es\\\/index.php\\\/2023\\\/01\\\/28\\\/renovacion-polemica\\\/#respond\"]}]},{\"@type\":\"WebPage\",\"@id\":\"https:\\\/\\\/saltoecologico.es\\\/index.php\\\/2023\\\/01\\\/28\\\/renovacion-polemica\\\/\",\"url\":\"https:\\\/\\\/saltoecologico.es\\\/index.php\\\/2023\\\/01\\\/28\\\/renovacion-polemica\\\/\",\"name\":\"Renovaci\u00f3n pol\u00e9mica - Salto Ecol\u00f3gico\",\"isPartOf\":{\"@id\":\"https:\\\/\\\/saltoecologico.es\\\/#website\"},\"primaryImageOfPage\":{\"@id\":\"https:\\\/\\\/saltoecologico.es\\\/index.php\\\/2023\\\/01\\\/28\\\/renovacion-polemica\\\/#primaryimage\"},\"image\":{\"@id\":\"https:\\\/\\\/saltoecologico.es\\\/index.php\\\/2023\\\/01\\\/28\\\/renovacion-polemica\\\/#primaryimage\"},\"thumbnailUrl\":\"https:\\\/\\\/saltoecologico.es\\\/wp-content\\\/uploads\\\/2025\\\/04\\\/Fosiles12.jpg\",\"datePublished\":\"2023-01-28T18:40:00+00:00\",\"dateModified\":\"2025-04-14T18:41:08+00:00\",\"breadcrumb\":{\"@id\":\"https:\\\/\\\/saltoecologico.es\\\/index.php\\\/2023\\\/01\\\/28\\\/renovacion-polemica\\\/#breadcrumb\"},\"inLanguage\":\"es\",\"potentialAction\":[{\"@type\":\"ReadAction\",\"target\":[\"https:\\\/\\\/saltoecologico.es\\\/index.php\\\/2023\\\/01\\\/28\\\/renovacion-polemica\\\/\"]}]},{\"@type\":\"ImageObject\",\"inLanguage\":\"es\",\"@id\":\"https:\\\/\\\/saltoecologico.es\\\/index.php\\\/2023\\\/01\\\/28\\\/renovacion-polemica\\\/#primaryimage\",\"url\":\"https:\\\/\\\/saltoecologico.es\\\/wp-content\\\/uploads\\\/2025\\\/04\\\/Fosiles12.jpg\",\"contentUrl\":\"https:\\\/\\\/saltoecologico.es\\\/wp-content\\\/uploads\\\/2025\\\/04\\\/Fosiles12.jpg\",\"width\":1024,\"height\":683,\"caption\":\"A factory emitting smoke and polluting the air on the sunset\"},{\"@type\":\"BreadcrumbList\",\"@id\":\"https:\\\/\\\/saltoecologico.es\\\/index.php\\\/2023\\\/01\\\/28\\\/renovacion-polemica\\\/#breadcrumb\",\"itemListElement\":[{\"@type\":\"ListItem\",\"position\":1,\"name\":\"Portada\",\"item\":\"https:\\\/\\\/saltoecologico.es\\\/\"},{\"@type\":\"ListItem\",\"position\":2,\"name\":\"Renovaci\u00f3n pol\u00e9mica\"}]},{\"@type\":\"WebSite\",\"@id\":\"https:\\\/\\\/saltoecologico.es\\\/#website\",\"url\":\"https:\\\/\\\/saltoecologico.es\\\/\",\"name\":\"Salto Ecol\u00f3gico\",\"description\":\"\",\"publisher\":{\"@id\":\"https:\\\/\\\/saltoecologico.es\\\/#organization\"},\"potentialAction\":[{\"@type\":\"SearchAction\",\"target\":{\"@type\":\"EntryPoint\",\"urlTemplate\":\"https:\\\/\\\/saltoecologico.es\\\/?s={search_term_string}\"},\"query-input\":{\"@type\":\"PropertyValueSpecification\",\"valueRequired\":true,\"valueName\":\"search_term_string\"}}],\"inLanguage\":\"es\"},{\"@type\":\"Organization\",\"@id\":\"https:\\\/\\\/saltoecologico.es\\\/#organization\",\"name\":\"Salto a la Transici\u00f3n Ecol\u00f3gica\",\"url\":\"https:\\\/\\\/saltoecologico.es\\\/\",\"logo\":{\"@type\":\"ImageObject\",\"inLanguage\":\"es\",\"@id\":\"https:\\\/\\\/saltoecologico.es\\\/#\\\/schema\\\/logo\\\/image\\\/\",\"url\":\"https:\\\/\\\/saltoecologico.es\\\/wp-content\\\/uploads\\\/2025\\\/04\\\/Logo-STE.jpg\",\"contentUrl\":\"https:\\\/\\\/saltoecologico.es\\\/wp-content\\\/uploads\\\/2025\\\/04\\\/Logo-STE.jpg\",\"width\":435,\"height\":435,\"caption\":\"Salto a la Transici\u00f3n Ecol\u00f3gica\"},\"image\":{\"@id\":\"https:\\\/\\\/saltoecologico.es\\\/#\\\/schema\\\/logo\\\/image\\\/\"},\"sameAs\":[\"https:\\\/\\\/www.facebook.com\\\/Saltotransicionecologica\"]},{\"@type\":\"Person\",\"@id\":\"https:\\\/\\\/saltoecologico.es\\\/#\\\/schema\\\/person\\\/7175eec4b3c123d86c675313c3a01a0b\",\"name\":\"admin\",\"image\":{\"@type\":\"ImageObject\",\"inLanguage\":\"es\",\"@id\":\"https:\\\/\\\/secure.gravatar.com\\\/avatar\\\/4c215dc57bbc7b2f2f470ac9bd197f3f112636a584e575a732d0206a2d9c9806?s=96&d=mm&r=g\",\"url\":\"https:\\\/\\\/secure.gravatar.com\\\/avatar\\\/4c215dc57bbc7b2f2f470ac9bd197f3f112636a584e575a732d0206a2d9c9806?s=96&d=mm&r=g\",\"contentUrl\":\"https:\\\/\\\/secure.gravatar.com\\\/avatar\\\/4c215dc57bbc7b2f2f470ac9bd197f3f112636a584e575a732d0206a2d9c9806?s=96&d=mm&r=g\",\"caption\":\"admin\"},\"sameAs\":[\"https:\\\/\\\/saltoecologico.es\"],\"url\":\"https:\\\/\\\/saltoecologico.es\\\/index.php\\\/author\\\/saltoecologico\\\/\"}]}<\/script>\n<!-- \/ Yoast SEO plugin. -->","yoast_head_json":{"title":"Renovaci\u00f3n pol\u00e9mica - Salto Ecol\u00f3gico","robots":{"index":"index","follow":"follow","max-snippet":"max-snippet:-1","max-image-preview":"max-image-preview:large","max-video-preview":"max-video-preview:-1"},"canonical":"https:\/\/saltoecologico.es\/index.php\/2023\/01\/28\/renovacion-polemica\/","og_locale":"es_ES","og_type":"article","og_title":"Renovaci\u00f3n pol\u00e9mica - Salto Ecol\u00f3gico","og_description":"Recientemente hemos podido conocer por boca del presidente de Canarias, \u00c1ngel V\u00edctor Torres, que el gobierno central y el canario han acordado sacar a concurso p\u00fablico la renovaci\u00f3n de los sistemas el\u00e9ctricos insulares para que en el a\u00f1o 2026 se implanten los nuevos equipos de generaci\u00f3n. Por otro lado durante todo el 2022 hemos venido [&hellip;]","og_url":"https:\/\/saltoecologico.es\/index.php\/2023\/01\/28\/renovacion-polemica\/","og_site_name":"Salto Ecol\u00f3gico","article_publisher":"https:\/\/www.facebook.com\/Saltotransicionecologica","article_published_time":"2023-01-28T18:40:00+00:00","article_modified_time":"2025-04-14T18:41:08+00:00","og_image":[{"width":1024,"height":683,"url":"https:\/\/saltoecologico.es\/wp-content\/uploads\/2025\/04\/Fosiles12.jpg","type":"image\/jpeg"}],"author":"admin","twitter_card":"summary_large_image","twitter_misc":{"Escrito por":"admin","Tiempo de lectura":"4 minutos"},"schema":{"@context":"https:\/\/schema.org","@graph":[{"@type":"Article","@id":"https:\/\/saltoecologico.es\/index.php\/2023\/01\/28\/renovacion-polemica\/#article","isPartOf":{"@id":"https:\/\/saltoecologico.es\/index.php\/2023\/01\/28\/renovacion-polemica\/"},"author":{"name":"admin","@id":"https:\/\/saltoecologico.es\/#\/schema\/person\/7175eec4b3c123d86c675313c3a01a0b"},"headline":"Renovaci\u00f3n pol\u00e9mica","datePublished":"2023-01-28T18:40:00+00:00","dateModified":"2025-04-14T18:41:08+00:00","mainEntityOfPage":{"@id":"https:\/\/saltoecologico.es\/index.php\/2023\/01\/28\/renovacion-polemica\/"},"wordCount":711,"commentCount":0,"publisher":{"@id":"https:\/\/saltoecologico.es\/#organization"},"image":{"@id":"https:\/\/saltoecologico.es\/index.php\/2023\/01\/28\/renovacion-polemica\/#primaryimage"},"thumbnailUrl":"https:\/\/saltoecologico.es\/wp-content\/uploads\/2025\/04\/Fosiles12.jpg","articleSection":["General"],"inLanguage":"es","potentialAction":[{"@type":"CommentAction","name":"Comment","target":["https:\/\/saltoecologico.es\/index.php\/2023\/01\/28\/renovacion-polemica\/#respond"]}]},{"@type":"WebPage","@id":"https:\/\/saltoecologico.es\/index.php\/2023\/01\/28\/renovacion-polemica\/","url":"https:\/\/saltoecologico.es\/index.php\/2023\/01\/28\/renovacion-polemica\/","name":"Renovaci\u00f3n pol\u00e9mica - Salto Ecol\u00f3gico","isPartOf":{"@id":"https:\/\/saltoecologico.es\/#website"},"primaryImageOfPage":{"@id":"https:\/\/saltoecologico.es\/index.php\/2023\/01\/28\/renovacion-polemica\/#primaryimage"},"image":{"@id":"https:\/\/saltoecologico.es\/index.php\/2023\/01\/28\/renovacion-polemica\/#primaryimage"},"thumbnailUrl":"https:\/\/saltoecologico.es\/wp-content\/uploads\/2025\/04\/Fosiles12.jpg","datePublished":"2023-01-28T18:40:00+00:00","dateModified":"2025-04-14T18:41:08+00:00","breadcrumb":{"@id":"https:\/\/saltoecologico.es\/index.php\/2023\/01\/28\/renovacion-polemica\/#breadcrumb"},"inLanguage":"es","potentialAction":[{"@type":"ReadAction","target":["https:\/\/saltoecologico.es\/index.php\/2023\/01\/28\/renovacion-polemica\/"]}]},{"@type":"ImageObject","inLanguage":"es","@id":"https:\/\/saltoecologico.es\/index.php\/2023\/01\/28\/renovacion-polemica\/#primaryimage","url":"https:\/\/saltoecologico.es\/wp-content\/uploads\/2025\/04\/Fosiles12.jpg","contentUrl":"https:\/\/saltoecologico.es\/wp-content\/uploads\/2025\/04\/Fosiles12.jpg","width":1024,"height":683,"caption":"A factory emitting smoke and polluting the air on the sunset"},{"@type":"BreadcrumbList","@id":"https:\/\/saltoecologico.es\/index.php\/2023\/01\/28\/renovacion-polemica\/#breadcrumb","itemListElement":[{"@type":"ListItem","position":1,"name":"Portada","item":"https:\/\/saltoecologico.es\/"},{"@type":"ListItem","position":2,"name":"Renovaci\u00f3n pol\u00e9mica"}]},{"@type":"WebSite","@id":"https:\/\/saltoecologico.es\/#website","url":"https:\/\/saltoecologico.es\/","name":"Salto Ecol\u00f3gico","description":"","publisher":{"@id":"https:\/\/saltoecologico.es\/#organization"},"potentialAction":[{"@type":"SearchAction","target":{"@type":"EntryPoint","urlTemplate":"https:\/\/saltoecologico.es\/?s={search_term_string}"},"query-input":{"@type":"PropertyValueSpecification","valueRequired":true,"valueName":"search_term_string"}}],"inLanguage":"es"},{"@type":"Organization","@id":"https:\/\/saltoecologico.es\/#organization","name":"Salto a la Transici\u00f3n Ecol\u00f3gica","url":"https:\/\/saltoecologico.es\/","logo":{"@type":"ImageObject","inLanguage":"es","@id":"https:\/\/saltoecologico.es\/#\/schema\/logo\/image\/","url":"https:\/\/saltoecologico.es\/wp-content\/uploads\/2025\/04\/Logo-STE.jpg","contentUrl":"https:\/\/saltoecologico.es\/wp-content\/uploads\/2025\/04\/Logo-STE.jpg","width":435,"height":435,"caption":"Salto a la Transici\u00f3n Ecol\u00f3gica"},"image":{"@id":"https:\/\/saltoecologico.es\/#\/schema\/logo\/image\/"},"sameAs":["https:\/\/www.facebook.com\/Saltotransicionecologica"]},{"@type":"Person","@id":"https:\/\/saltoecologico.es\/#\/schema\/person\/7175eec4b3c123d86c675313c3a01a0b","name":"admin","image":{"@type":"ImageObject","inLanguage":"es","@id":"https:\/\/secure.gravatar.com\/avatar\/4c215dc57bbc7b2f2f470ac9bd197f3f112636a584e575a732d0206a2d9c9806?s=96&d=mm&r=g","url":"https:\/\/secure.gravatar.com\/avatar\/4c215dc57bbc7b2f2f470ac9bd197f3f112636a584e575a732d0206a2d9c9806?s=96&d=mm&r=g","contentUrl":"https:\/\/secure.gravatar.com\/avatar\/4c215dc57bbc7b2f2f470ac9bd197f3f112636a584e575a732d0206a2d9c9806?s=96&d=mm&r=g","caption":"admin"},"sameAs":["https:\/\/saltoecologico.es"],"url":"https:\/\/saltoecologico.es\/index.php\/author\/saltoecologico\/"}]}},"_links":{"self":[{"href":"https:\/\/saltoecologico.es\/index.php\/wp-json\/wp\/v2\/posts\/553","targetHints":{"allow":["GET"]}}],"collection":[{"href":"https:\/\/saltoecologico.es\/index.php\/wp-json\/wp\/v2\/posts"}],"about":[{"href":"https:\/\/saltoecologico.es\/index.php\/wp-json\/wp\/v2\/types\/post"}],"author":[{"embeddable":true,"href":"https:\/\/saltoecologico.es\/index.php\/wp-json\/wp\/v2\/users\/1"}],"replies":[{"embeddable":true,"href":"https:\/\/saltoecologico.es\/index.php\/wp-json\/wp\/v2\/comments?post=553"}],"version-history":[{"count":1,"href":"https:\/\/saltoecologico.es\/index.php\/wp-json\/wp\/v2\/posts\/553\/revisions"}],"predecessor-version":[{"id":555,"href":"https:\/\/saltoecologico.es\/index.php\/wp-json\/wp\/v2\/posts\/553\/revisions\/555"}],"wp:featuredmedia":[{"embeddable":true,"href":"https:\/\/saltoecologico.es\/index.php\/wp-json\/wp\/v2\/media\/554"}],"wp:attachment":[{"href":"https:\/\/saltoecologico.es\/index.php\/wp-json\/wp\/v2\/media?parent=553"}],"wp:term":[{"taxonomy":"category","embeddable":true,"href":"https:\/\/saltoecologico.es\/index.php\/wp-json\/wp\/v2\/categories?post=553"},{"taxonomy":"post_tag","embeddable":true,"href":"https:\/\/saltoecologico.es\/index.php\/wp-json\/wp\/v2\/tags?post=553"}],"curies":[{"name":"wp","href":"https:\/\/api.w.org\/{rel}","templated":true}]}}