{"id":562,"date":"2023-02-04T18:52:00","date_gmt":"2023-02-04T18:52:00","guid":{"rendered":"https:\/\/saltoecologico.es\/?p=562"},"modified":"2025-04-14T18:53:09","modified_gmt":"2025-04-14T18:53:09","slug":"concurrencia-competitiva","status":"publish","type":"post","link":"https:\/\/saltoecologico.es\/index.php\/2023\/02\/04\/concurrencia-competitiva\/","title":{"rendered":"Concurrencia competitiva"},"content":{"rendered":"\n<p class=\"wp-block-paragraph\">Recientemente hemos podido conocer la \u201cPropuesta de Resoluci\u00f3n por la que se convoca el Procedimiento de Concurrencia Competitiva para otorgamiento de la Resoluci\u00f3n favorable de Compatibilidad a efectos del Reconocimiento del R\u00e9gimen Retributivo Adicional para los Sistemas El\u00e9ctricos TNP\u201d. Con estos t\u00e9rminos tan rimbombantes lo que se propone es un escrito para promover una especie de subasta donde los interesados puedan presentar sus propuestas para acceder a tener una retribuci\u00f3n especial por instalar grupos de generaci\u00f3n el\u00e9ctrica en los territorios no peninsulares, es decir, Canarias, Baleares, Ceuta y Melilla. Como, adem\u00e1s, los grupos que tengan el gas natural como combustible, son considerados verdes a efectos de subvenciones europeas, lo que se abre a subastar, es la renovaci\u00f3n de cerca de un tercio de toda la flota de grupos de generaci\u00f3n el\u00e9ctrica, mediante grupos de gas natural.<\/p>\n\n\n\n<p class=\"wp-block-paragraph\">Creemos que a estas alturas a nadie se le esconde que introducir el gas natural en Canarias supone perpetuar nuestra dependencia energ\u00e9tica del exterior, agravada con el hecho de ser un combustible altamente vol\u00e1til y perturbador de las econom\u00edas europeas. Tampoco creemos que sea nada nuevo decir que con este combustible perpetuamos y acentuamos el tradicional sobrecoste de la generaci\u00f3n el\u00e9ctrica en el archipi\u00e9lago, m\u00e1xime con un combustible f\u00f3sil que ha sido el desencadenante de toda una carrera alcista de los precios del MWh en todo el continente. Pero lo m\u00e1s importante es que con esta apuesta, renunciamos abiertamente a la descarbonizaci\u00f3n del archipi\u00e9lago, al menos en el horizonte del 2040 tal y como est\u00e1 recogida en la Ley del Cambio Clim\u00e1tico de Canarias. Efectivamente, para utilizar este combustible, necesitaremos importarlo en forma de gas natural licuado (GNL), por lo que, adem\u00e1s, habr\u00e1 que desarrollar toda la infraestructura portuaria para estos trasiegos y seg\u00fan la Circular 9\/2019 de 12 de diciembre de la Comisi\u00f3n Nacional de los Mercados y la Competencia, existen elementos tales como la Cimentaci\u00f3n y Obra Civil asociada a Tanques de GNL, cuya vida \u00fatil regulatoria se va a los 50 a\u00f1os, 50 a\u00f1os durante los cuales nadie le podr\u00e1 negar a sus propietarios que esas instalaciones sigan operando y adem\u00e1s cobrando con el r\u00e9gimen establecido.<\/p>\n\n\n\n<p class=\"wp-block-paragraph\">Desde Salto a la Transici\u00f3n Ecol\u00f3gica siempre hemos procurado actuar con rigor y somos conscientes de la necesidad de generaci\u00f3n que se presenta en nuestro territorio por estar alcanzando muchas de las unidades de generaci\u00f3n el\u00e9ctrica su vida \u00fatil. Pero precisamente por ese rigor que nos caracteriza sabemos identificar un estudio concienzudo y realista como el realizado por el Instituto Tecnol\u00f3gico de Canarias (ITC), en el que se marca de una manera precisa y concreta, un itinerario para que en el 2040 no se consuma ni un solo litro de combustible f\u00f3sil en nuestra econom\u00eda. Hablamos de tan solo 17 a\u00f1os, por lo que, en vez de plantearnos una renuncia a esta senda ilusionante, necesaria y pragm\u00e1tica, debemos de buscar una forma de mantener la situaci\u00f3n actual, mientras transitamos lo planificado en las Estrategias del PTECAN, elaboradas por el ITC.<\/p>\n\n\n\n<p class=\"wp-block-paragraph\">No estamos planteando ninguna locura ni ninguna temeridad, simplemente planteamos lo que se ha venido haciendo hasta ahora y que no es ni m\u00e1s ni menos, que con las puestas apunto adecuadas, prolongar la vida \u00fatil de las m\u00e1quinas existente, al menos hasta que vayan siendo sustituidas por la generaci\u00f3n tipo A que proporcionan las centrales hidroel\u00e9ctricas reversibles de bombeo puro y\/o por la generaci\u00f3n de tipo A que proporcionar\u00e1n grupos que tengan hidr\u00f3geno verde como \u00fanico combustible. Para apuntalar lo que proponemos simplemente veamos algunos datos extra\u00eddos de la estrategia de generaci\u00f3n gestionable del estudio mencionado:<\/p>\n\n\n\n<ul class=\"wp-block-list\">\n<li>Vapor 5 en la Central de Candelaria.<ul><li>Fecha de fin de vida \u00fatil: 2004Producci\u00f3n en 2019: 130.119 MWh.<\/li><\/ul><\/li>\n<\/ul>\n\n\n\n<ul class=\"wp-block-list\">\n<li>Gas 1 en la Central de Jin\u00e1mar (Gran Canaria).<ul><li>Fecha de fin de vida \u00fatil: 2006.Producci\u00f3n en 2019: 912 MWh.<\/li><\/ul><\/li>\n\n\n\n<li><\/li>\n\n\n\n<li>Diesel 1 en la Central de Las Salinas (Fuerteventura).<ul><li>Fecha de fin de vida \u00fatil: 2000.Producci\u00f3n en 2019: 18.688 MWh.<\/li><\/ul><\/li>\n<\/ul>\n\n\n\n<p class=\"wp-block-paragraph\">Efectivamente, con el colch\u00f3n proporcionado por esta actualizaci\u00f3n de los grupos existentes, iremos dando pasos hacia una implantaci\u00f3n de sistemas el\u00e9ctricos 100% renovables y para muestra un bot\u00f3n. El operador del sistema estima que en Gran Canaria para el 2027 se necesitar\u00e1 una renovaci\u00f3n de potencia de unos 400 MW. Con la propuesta planteada ese hecho lo tendr\u00edamos cubierto, pero adem\u00e1s se da la circunstancia de que el Salto de Chira con sus 200 MW ya est\u00e1 en construcci\u00f3n y esta obra facilitar\u00e1 considerablemente la entrada del sistema Las Ni\u00f1as-Soria que nos proporcionar\u00e1 otros 200 MW, con lo que, de darnos premura en los procesos administrativos, tendr\u00edamos los 400 MW de generaci\u00f3n tipo A con sistemas renovables.<\/p>\n\n\n\n<p class=\"wp-block-paragraph\">Somos conscientes de que tendr\u00edamos grupos un poco m\u00e1s contaminantes y que posiblemente tendr\u00edamos que explicarlo en Europa por esas ratios de emisiones, pero serian por mucho menos tiempo que los grupos de gas nuevos y los podr\u00edamos parar en cuanto ya no fueran necesarios.<\/p>\n\n\n\n<p class=\"wp-block-paragraph\">Tenemos una oportunidad hist\u00f3rica ya no solo de hacer nuestra parte con respecto al cambio clim\u00e1tico antropog\u00e9nico sino de convertirnos en la primera regi\u00f3n del mundo con un sistema 100% renovables. Tanto que hablamos de un cambio de paradigma en nuestro sistema econ\u00f3mico, estar\u00eda bien que nuestros pol\u00edticos hagan uso de su imaginaci\u00f3n y descubran las oportunidades econ\u00f3micas, sociales y estrat\u00e9gicas que todo esto nos proporcionar\u00eda.<\/p>\n","protected":false},"excerpt":{"rendered":"<p>Recientemente hemos podido conocer la \u201cPropuesta de Resoluci\u00f3n por la que se convoca el Procedimiento de Concurrencia Competitiva para otorgamiento de la Resoluci\u00f3n favorable de Compatibilidad a efectos del Reconocimiento del R\u00e9gimen Retributivo Adicional para los Sistemas El\u00e9ctricos TNP\u201d. Con estos t\u00e9rminos tan rimbombantes lo que se propone es un escrito para promover una especie [&hellip;]<\/p>\n","protected":false},"author":1,"featured_media":563,"comment_status":"open","ping_status":"open","sticky":false,"template":"","format":"standard","meta":{"footnotes":""},"categories":[58],"tags":[],"class_list":["post-562","post","type-post","status-publish","format-standard","has-post-thumbnail","category-concurrencia-competitiva"],"yoast_head":"<!-- This site is optimized with the Yoast SEO plugin v28.2 - https:\/\/yoast.com\/product\/yoast-seo-wordpress\/ -->\n<title>Concurrencia competitiva - Salto Ecol\u00f3gico<\/title>\n<meta name=\"robots\" content=\"index, follow, max-snippet:-1, max-image-preview:large, max-video-preview:-1\" \/>\n<link rel=\"canonical\" href=\"https:\/\/saltoecologico.es\/index.php\/2023\/02\/04\/concurrencia-competitiva\/\" \/>\n<meta property=\"og:locale\" content=\"es_ES\" \/>\n<meta property=\"og:type\" content=\"article\" \/>\n<meta property=\"og:title\" content=\"Concurrencia competitiva - Salto Ecol\u00f3gico\" \/>\n<meta property=\"og:description\" content=\"Recientemente hemos podido conocer la \u201cPropuesta de Resoluci\u00f3n por la que se convoca el Procedimiento de Concurrencia Competitiva para otorgamiento de la Resoluci\u00f3n favorable de Compatibilidad a efectos del Reconocimiento del R\u00e9gimen Retributivo Adicional para los Sistemas El\u00e9ctricos TNP\u201d. Con estos t\u00e9rminos tan rimbombantes lo que se propone es un escrito para promover una especie [&hellip;]\" \/>\n<meta property=\"og:url\" content=\"https:\/\/saltoecologico.es\/index.php\/2023\/02\/04\/concurrencia-competitiva\/\" \/>\n<meta property=\"og:site_name\" content=\"Salto Ecol\u00f3gico\" \/>\n<meta property=\"article:publisher\" content=\"https:\/\/www.facebook.com\/Saltotransicionecologica\" \/>\n<meta property=\"article:published_time\" content=\"2023-02-04T18:52:00+00:00\" \/>\n<meta property=\"article:modified_time\" content=\"2025-04-14T18:53:09+00:00\" \/>\n<meta property=\"og:image\" content=\"https:\/\/saltoecologico.es\/wp-content\/uploads\/2025\/04\/Fosiles13.jpg\" \/>\n\t<meta property=\"og:image:width\" content=\"1024\" \/>\n\t<meta property=\"og:image:height\" content=\"576\" \/>\n\t<meta property=\"og:image:type\" content=\"image\/jpeg\" \/>\n<meta name=\"author\" content=\"admin\" \/>\n<meta name=\"twitter:card\" content=\"summary_large_image\" \/>\n<meta name=\"twitter:label1\" content=\"Escrito por\" \/>\n\t<meta name=\"twitter:data1\" content=\"admin\" \/>\n\t<meta name=\"twitter:label2\" content=\"Tiempo de lectura\" \/>\n\t<meta name=\"twitter:data2\" content=\"5 minutos\" \/>\n<script type=\"application\/ld+json\" class=\"yoast-schema-graph\">{\"@context\":\"https:\\\/\\\/schema.org\",\"@graph\":[{\"@type\":\"Article\",\"@id\":\"https:\\\/\\\/saltoecologico.es\\\/index.php\\\/2023\\\/02\\\/04\\\/concurrencia-competitiva\\\/#article\",\"isPartOf\":{\"@id\":\"https:\\\/\\\/saltoecologico.es\\\/index.php\\\/2023\\\/02\\\/04\\\/concurrencia-competitiva\\\/\"},\"author\":{\"name\":\"admin\",\"@id\":\"https:\\\/\\\/saltoecologico.es\\\/#\\\/schema\\\/person\\\/7175eec4b3c123d86c675313c3a01a0b\"},\"headline\":\"Concurrencia competitiva\",\"datePublished\":\"2023-02-04T18:52:00+00:00\",\"dateModified\":\"2025-04-14T18:53:09+00:00\",\"mainEntityOfPage\":{\"@id\":\"https:\\\/\\\/saltoecologico.es\\\/index.php\\\/2023\\\/02\\\/04\\\/concurrencia-competitiva\\\/\"},\"wordCount\":941,\"commentCount\":0,\"publisher\":{\"@id\":\"https:\\\/\\\/saltoecologico.es\\\/#organization\"},\"image\":{\"@id\":\"https:\\\/\\\/saltoecologico.es\\\/index.php\\\/2023\\\/02\\\/04\\\/concurrencia-competitiva\\\/#primaryimage\"},\"thumbnailUrl\":\"https:\\\/\\\/saltoecologico.es\\\/wp-content\\\/uploads\\\/2025\\\/04\\\/Fosiles13.jpg\",\"articleSection\":[\"Concurrencia competitiva\"],\"inLanguage\":\"es\",\"potentialAction\":[{\"@type\":\"CommentAction\",\"name\":\"Comment\",\"target\":[\"https:\\\/\\\/saltoecologico.es\\\/index.php\\\/2023\\\/02\\\/04\\\/concurrencia-competitiva\\\/#respond\"]}]},{\"@type\":\"WebPage\",\"@id\":\"https:\\\/\\\/saltoecologico.es\\\/index.php\\\/2023\\\/02\\\/04\\\/concurrencia-competitiva\\\/\",\"url\":\"https:\\\/\\\/saltoecologico.es\\\/index.php\\\/2023\\\/02\\\/04\\\/concurrencia-competitiva\\\/\",\"name\":\"Concurrencia competitiva - Salto Ecol\u00f3gico\",\"isPartOf\":{\"@id\":\"https:\\\/\\\/saltoecologico.es\\\/#website\"},\"primaryImageOfPage\":{\"@id\":\"https:\\\/\\\/saltoecologico.es\\\/index.php\\\/2023\\\/02\\\/04\\\/concurrencia-competitiva\\\/#primaryimage\"},\"image\":{\"@id\":\"https:\\\/\\\/saltoecologico.es\\\/index.php\\\/2023\\\/02\\\/04\\\/concurrencia-competitiva\\\/#primaryimage\"},\"thumbnailUrl\":\"https:\\\/\\\/saltoecologico.es\\\/wp-content\\\/uploads\\\/2025\\\/04\\\/Fosiles13.jpg\",\"datePublished\":\"2023-02-04T18:52:00+00:00\",\"dateModified\":\"2025-04-14T18:53:09+00:00\",\"breadcrumb\":{\"@id\":\"https:\\\/\\\/saltoecologico.es\\\/index.php\\\/2023\\\/02\\\/04\\\/concurrencia-competitiva\\\/#breadcrumb\"},\"inLanguage\":\"es\",\"potentialAction\":[{\"@type\":\"ReadAction\",\"target\":[\"https:\\\/\\\/saltoecologico.es\\\/index.php\\\/2023\\\/02\\\/04\\\/concurrencia-competitiva\\\/\"]}]},{\"@type\":\"ImageObject\",\"inLanguage\":\"es\",\"@id\":\"https:\\\/\\\/saltoecologico.es\\\/index.php\\\/2023\\\/02\\\/04\\\/concurrencia-competitiva\\\/#primaryimage\",\"url\":\"https:\\\/\\\/saltoecologico.es\\\/wp-content\\\/uploads\\\/2025\\\/04\\\/Fosiles13.jpg\",\"contentUrl\":\"https:\\\/\\\/saltoecologico.es\\\/wp-content\\\/uploads\\\/2025\\\/04\\\/Fosiles13.jpg\",\"width\":1024,\"height\":576,\"caption\":\"View of a thermal station in the distance above the clouds, columns of smoke, ecology idea\"},{\"@type\":\"BreadcrumbList\",\"@id\":\"https:\\\/\\\/saltoecologico.es\\\/index.php\\\/2023\\\/02\\\/04\\\/concurrencia-competitiva\\\/#breadcrumb\",\"itemListElement\":[{\"@type\":\"ListItem\",\"position\":1,\"name\":\"Portada\",\"item\":\"https:\\\/\\\/saltoecologico.es\\\/\"},{\"@type\":\"ListItem\",\"position\":2,\"name\":\"Concurrencia competitiva\"}]},{\"@type\":\"WebSite\",\"@id\":\"https:\\\/\\\/saltoecologico.es\\\/#website\",\"url\":\"https:\\\/\\\/saltoecologico.es\\\/\",\"name\":\"Salto Ecol\u00f3gico\",\"description\":\"\",\"publisher\":{\"@id\":\"https:\\\/\\\/saltoecologico.es\\\/#organization\"},\"potentialAction\":[{\"@type\":\"SearchAction\",\"target\":{\"@type\":\"EntryPoint\",\"urlTemplate\":\"https:\\\/\\\/saltoecologico.es\\\/?s={search_term_string}\"},\"query-input\":{\"@type\":\"PropertyValueSpecification\",\"valueRequired\":true,\"valueName\":\"search_term_string\"}}],\"inLanguage\":\"es\"},{\"@type\":\"Organization\",\"@id\":\"https:\\\/\\\/saltoecologico.es\\\/#organization\",\"name\":\"Salto a la Transici\u00f3n Ecol\u00f3gica\",\"url\":\"https:\\\/\\\/saltoecologico.es\\\/\",\"logo\":{\"@type\":\"ImageObject\",\"inLanguage\":\"es\",\"@id\":\"https:\\\/\\\/saltoecologico.es\\\/#\\\/schema\\\/logo\\\/image\\\/\",\"url\":\"https:\\\/\\\/saltoecologico.es\\\/wp-content\\\/uploads\\\/2025\\\/04\\\/Logo-STE.jpg\",\"contentUrl\":\"https:\\\/\\\/saltoecologico.es\\\/wp-content\\\/uploads\\\/2025\\\/04\\\/Logo-STE.jpg\",\"width\":435,\"height\":435,\"caption\":\"Salto a la Transici\u00f3n Ecol\u00f3gica\"},\"image\":{\"@id\":\"https:\\\/\\\/saltoecologico.es\\\/#\\\/schema\\\/logo\\\/image\\\/\"},\"sameAs\":[\"https:\\\/\\\/www.facebook.com\\\/Saltotransicionecologica\"]},{\"@type\":\"Person\",\"@id\":\"https:\\\/\\\/saltoecologico.es\\\/#\\\/schema\\\/person\\\/7175eec4b3c123d86c675313c3a01a0b\",\"name\":\"admin\",\"image\":{\"@type\":\"ImageObject\",\"inLanguage\":\"es\",\"@id\":\"https:\\\/\\\/secure.gravatar.com\\\/avatar\\\/4c215dc57bbc7b2f2f470ac9bd197f3f112636a584e575a732d0206a2d9c9806?s=96&d=mm&r=g\",\"url\":\"https:\\\/\\\/secure.gravatar.com\\\/avatar\\\/4c215dc57bbc7b2f2f470ac9bd197f3f112636a584e575a732d0206a2d9c9806?s=96&d=mm&r=g\",\"contentUrl\":\"https:\\\/\\\/secure.gravatar.com\\\/avatar\\\/4c215dc57bbc7b2f2f470ac9bd197f3f112636a584e575a732d0206a2d9c9806?s=96&d=mm&r=g\",\"caption\":\"admin\"},\"sameAs\":[\"https:\\\/\\\/saltoecologico.es\"],\"url\":\"https:\\\/\\\/saltoecologico.es\\\/index.php\\\/author\\\/saltoecologico\\\/\"}]}<\/script>\n<!-- \/ Yoast SEO plugin. -->","yoast_head_json":{"title":"Concurrencia competitiva - Salto Ecol\u00f3gico","robots":{"index":"index","follow":"follow","max-snippet":"max-snippet:-1","max-image-preview":"max-image-preview:large","max-video-preview":"max-video-preview:-1"},"canonical":"https:\/\/saltoecologico.es\/index.php\/2023\/02\/04\/concurrencia-competitiva\/","og_locale":"es_ES","og_type":"article","og_title":"Concurrencia competitiva - Salto Ecol\u00f3gico","og_description":"Recientemente hemos podido conocer la \u201cPropuesta de Resoluci\u00f3n por la que se convoca el Procedimiento de Concurrencia Competitiva para otorgamiento de la Resoluci\u00f3n favorable de Compatibilidad a efectos del Reconocimiento del R\u00e9gimen Retributivo Adicional para los Sistemas El\u00e9ctricos TNP\u201d. Con estos t\u00e9rminos tan rimbombantes lo que se propone es un escrito para promover una especie [&hellip;]","og_url":"https:\/\/saltoecologico.es\/index.php\/2023\/02\/04\/concurrencia-competitiva\/","og_site_name":"Salto Ecol\u00f3gico","article_publisher":"https:\/\/www.facebook.com\/Saltotransicionecologica","article_published_time":"2023-02-04T18:52:00+00:00","article_modified_time":"2025-04-14T18:53:09+00:00","og_image":[{"width":1024,"height":576,"url":"https:\/\/saltoecologico.es\/wp-content\/uploads\/2025\/04\/Fosiles13.jpg","type":"image\/jpeg"}],"author":"admin","twitter_card":"summary_large_image","twitter_misc":{"Escrito por":"admin","Tiempo de lectura":"5 minutos"},"schema":{"@context":"https:\/\/schema.org","@graph":[{"@type":"Article","@id":"https:\/\/saltoecologico.es\/index.php\/2023\/02\/04\/concurrencia-competitiva\/#article","isPartOf":{"@id":"https:\/\/saltoecologico.es\/index.php\/2023\/02\/04\/concurrencia-competitiva\/"},"author":{"name":"admin","@id":"https:\/\/saltoecologico.es\/#\/schema\/person\/7175eec4b3c123d86c675313c3a01a0b"},"headline":"Concurrencia competitiva","datePublished":"2023-02-04T18:52:00+00:00","dateModified":"2025-04-14T18:53:09+00:00","mainEntityOfPage":{"@id":"https:\/\/saltoecologico.es\/index.php\/2023\/02\/04\/concurrencia-competitiva\/"},"wordCount":941,"commentCount":0,"publisher":{"@id":"https:\/\/saltoecologico.es\/#organization"},"image":{"@id":"https:\/\/saltoecologico.es\/index.php\/2023\/02\/04\/concurrencia-competitiva\/#primaryimage"},"thumbnailUrl":"https:\/\/saltoecologico.es\/wp-content\/uploads\/2025\/04\/Fosiles13.jpg","articleSection":["Concurrencia competitiva"],"inLanguage":"es","potentialAction":[{"@type":"CommentAction","name":"Comment","target":["https:\/\/saltoecologico.es\/index.php\/2023\/02\/04\/concurrencia-competitiva\/#respond"]}]},{"@type":"WebPage","@id":"https:\/\/saltoecologico.es\/index.php\/2023\/02\/04\/concurrencia-competitiva\/","url":"https:\/\/saltoecologico.es\/index.php\/2023\/02\/04\/concurrencia-competitiva\/","name":"Concurrencia competitiva - Salto Ecol\u00f3gico","isPartOf":{"@id":"https:\/\/saltoecologico.es\/#website"},"primaryImageOfPage":{"@id":"https:\/\/saltoecologico.es\/index.php\/2023\/02\/04\/concurrencia-competitiva\/#primaryimage"},"image":{"@id":"https:\/\/saltoecologico.es\/index.php\/2023\/02\/04\/concurrencia-competitiva\/#primaryimage"},"thumbnailUrl":"https:\/\/saltoecologico.es\/wp-content\/uploads\/2025\/04\/Fosiles13.jpg","datePublished":"2023-02-04T18:52:00+00:00","dateModified":"2025-04-14T18:53:09+00:00","breadcrumb":{"@id":"https:\/\/saltoecologico.es\/index.php\/2023\/02\/04\/concurrencia-competitiva\/#breadcrumb"},"inLanguage":"es","potentialAction":[{"@type":"ReadAction","target":["https:\/\/saltoecologico.es\/index.php\/2023\/02\/04\/concurrencia-competitiva\/"]}]},{"@type":"ImageObject","inLanguage":"es","@id":"https:\/\/saltoecologico.es\/index.php\/2023\/02\/04\/concurrencia-competitiva\/#primaryimage","url":"https:\/\/saltoecologico.es\/wp-content\/uploads\/2025\/04\/Fosiles13.jpg","contentUrl":"https:\/\/saltoecologico.es\/wp-content\/uploads\/2025\/04\/Fosiles13.jpg","width":1024,"height":576,"caption":"View of a thermal station in the distance above the clouds, columns of smoke, ecology idea"},{"@type":"BreadcrumbList","@id":"https:\/\/saltoecologico.es\/index.php\/2023\/02\/04\/concurrencia-competitiva\/#breadcrumb","itemListElement":[{"@type":"ListItem","position":1,"name":"Portada","item":"https:\/\/saltoecologico.es\/"},{"@type":"ListItem","position":2,"name":"Concurrencia competitiva"}]},{"@type":"WebSite","@id":"https:\/\/saltoecologico.es\/#website","url":"https:\/\/saltoecologico.es\/","name":"Salto Ecol\u00f3gico","description":"","publisher":{"@id":"https:\/\/saltoecologico.es\/#organization"},"potentialAction":[{"@type":"SearchAction","target":{"@type":"EntryPoint","urlTemplate":"https:\/\/saltoecologico.es\/?s={search_term_string}"},"query-input":{"@type":"PropertyValueSpecification","valueRequired":true,"valueName":"search_term_string"}}],"inLanguage":"es"},{"@type":"Organization","@id":"https:\/\/saltoecologico.es\/#organization","name":"Salto a la Transici\u00f3n Ecol\u00f3gica","url":"https:\/\/saltoecologico.es\/","logo":{"@type":"ImageObject","inLanguage":"es","@id":"https:\/\/saltoecologico.es\/#\/schema\/logo\/image\/","url":"https:\/\/saltoecologico.es\/wp-content\/uploads\/2025\/04\/Logo-STE.jpg","contentUrl":"https:\/\/saltoecologico.es\/wp-content\/uploads\/2025\/04\/Logo-STE.jpg","width":435,"height":435,"caption":"Salto a la Transici\u00f3n Ecol\u00f3gica"},"image":{"@id":"https:\/\/saltoecologico.es\/#\/schema\/logo\/image\/"},"sameAs":["https:\/\/www.facebook.com\/Saltotransicionecologica"]},{"@type":"Person","@id":"https:\/\/saltoecologico.es\/#\/schema\/person\/7175eec4b3c123d86c675313c3a01a0b","name":"admin","image":{"@type":"ImageObject","inLanguage":"es","@id":"https:\/\/secure.gravatar.com\/avatar\/4c215dc57bbc7b2f2f470ac9bd197f3f112636a584e575a732d0206a2d9c9806?s=96&d=mm&r=g","url":"https:\/\/secure.gravatar.com\/avatar\/4c215dc57bbc7b2f2f470ac9bd197f3f112636a584e575a732d0206a2d9c9806?s=96&d=mm&r=g","contentUrl":"https:\/\/secure.gravatar.com\/avatar\/4c215dc57bbc7b2f2f470ac9bd197f3f112636a584e575a732d0206a2d9c9806?s=96&d=mm&r=g","caption":"admin"},"sameAs":["https:\/\/saltoecologico.es"],"url":"https:\/\/saltoecologico.es\/index.php\/author\/saltoecologico\/"}]}},"_links":{"self":[{"href":"https:\/\/saltoecologico.es\/index.php\/wp-json\/wp\/v2\/posts\/562","targetHints":{"allow":["GET"]}}],"collection":[{"href":"https:\/\/saltoecologico.es\/index.php\/wp-json\/wp\/v2\/posts"}],"about":[{"href":"https:\/\/saltoecologico.es\/index.php\/wp-json\/wp\/v2\/types\/post"}],"author":[{"embeddable":true,"href":"https:\/\/saltoecologico.es\/index.php\/wp-json\/wp\/v2\/users\/1"}],"replies":[{"embeddable":true,"href":"https:\/\/saltoecologico.es\/index.php\/wp-json\/wp\/v2\/comments?post=562"}],"version-history":[{"count":1,"href":"https:\/\/saltoecologico.es\/index.php\/wp-json\/wp\/v2\/posts\/562\/revisions"}],"predecessor-version":[{"id":564,"href":"https:\/\/saltoecologico.es\/index.php\/wp-json\/wp\/v2\/posts\/562\/revisions\/564"}],"wp:featuredmedia":[{"embeddable":true,"href":"https:\/\/saltoecologico.es\/index.php\/wp-json\/wp\/v2\/media\/563"}],"wp:attachment":[{"href":"https:\/\/saltoecologico.es\/index.php\/wp-json\/wp\/v2\/media?parent=562"}],"wp:term":[{"taxonomy":"category","embeddable":true,"href":"https:\/\/saltoecologico.es\/index.php\/wp-json\/wp\/v2\/categories?post=562"},{"taxonomy":"post_tag","embeddable":true,"href":"https:\/\/saltoecologico.es\/index.php\/wp-json\/wp\/v2\/tags?post=562"}],"curies":[{"name":"wp","href":"https:\/\/api.w.org\/{rel}","templated":true}]}}