{"id":604,"date":"2023-02-26T07:29:00","date_gmt":"2023-02-26T07:29:00","guid":{"rendered":"https:\/\/saltoecologico.es\/?p=604"},"modified":"2025-04-17T07:35:27","modified_gmt":"2025-04-17T07:35:27","slug":"decadencia-de-principios","status":"publish","type":"post","link":"https:\/\/saltoecologico.es\/index.php\/2023\/02\/26\/decadencia-de-principios\/","title":{"rendered":"Decadencia de principios"},"content":{"rendered":"\n<p class=\"wp-block-paragraph\">En muchas de nuestras intervenciones nos habr\u00e1n o\u00eddo hablar sobre las Estrategias que el Instituto Tecnol\u00f3gico de Canarias ha desarrollado para el Gobierno de Canarias como apoyo al Plan de Transici\u00f3n Energ\u00e9tica de Canarias PTECan-2030. Nuestra insistencia al referirnos a estas estrategias, publicadas en febrero de 2022, consiste en que es el \u00fanico itinerario oficial para cumplir el mandato de la Ley 6\/2022, de 27 de diciembre, de cambio clim\u00e1tico y transici\u00f3n energ\u00e9tica de Canarias, que como mandato principal obliga a las administraciones canarias a conseguir la total descarbonizaci\u00f3n del archipi\u00e9lago en el 2040.<\/p>\n\n\n\n<p class=\"wp-block-paragraph\">El hecho de traer a colaci\u00f3n estas estrategias viene dado porque \u00faltimamente estamos viendo actuaciones que en nada se corresponde con las que en ellas se contemplan y para muestra podemos indicar un bot\u00f3n.<\/p>\n\n\n\n<p class=\"wp-block-paragraph\">En la Estrategia de la generaci\u00f3n gestionable de Canarias se habla de cuatro principios fundamentales en los que se basa todas las propuestas y concretamente el \u201cPrincipio n\u00famero 4\u201d indica: \u201cAsegurar la reducci\u00f3n de la potencia instalada de generaci\u00f3n t\u00e9rmica convencional a medida de que las instalaciones vayan alcanzando el final de su vida \u00fatil regulatoria\u201d. Pues bien, recientemente hemos conocido que desde el gobierno central se est\u00e1n dando los pasos para que en el 2025 y 2026 se produzca una renovaci\u00f3n en la generaci\u00f3n de las islas, mediante, como todo parece indicar, grupos nuevos alimentados por gas natural. Si se analiza la vida \u00fatil regulatoria del parque de generaci\u00f3n actual de las distintas centrales de las islas, se puede comprobar que una parte importante de este parque alcanzan el final de su vida \u00fatil regulatoria para el 2030, con lo que se est\u00e1n sentando las bases para poderlos sustituir.<\/p>\n\n\n\n<p class=\"wp-block-paragraph\">Naturalmente, el aspecto comentado engarza perfectamente con el \u201cPrincipio n\u00famero 1\u201d de la estrategia: \u201cGarantizar la seguridad de suministro el\u00e9ctrico en todos los sectores de la actividad del archipi\u00e9lago canario\u201d, pero como hemos hecho notar no con el que afecta directamente a la descarbonizaci\u00f3n.<\/p>\n\n\n\n<p class=\"wp-block-paragraph\">Se podr\u00eda pensar que el gobierno central nos vuelve a tratar como provincianos y que de espaldas al Gobierno de Canarias se est\u00e1n produciendo estas acciones que van en contra de los intereses canarios, pero lamentablemente esto no es as\u00ed, porque nos consta que estas medidas han sido consensuadas por los dos ejecutivos. Por lo tanto, tenemos que pedir explicaciones a nuestros mandatarios canarios para que nos aclaren a que est\u00e1n jugando y de que sirve desarrollar un marco perfectamente estipulado para la consecuci\u00f3n de unos objetivos, si luego no se sigue el camino trazado. Entendemos perfectamente que para un pol\u00edtico actual el a\u00f1o 2040 queda muy lejos y que lo fundamental es salvar el d\u00eda a d\u00eda de la legislatura en curso, pero entonces deber\u00edan sacarnos de la ilusi\u00f3n de que hab\u00eda llegado una clase pol\u00edtica, que al menos en la cuesti\u00f3n de la lucha contra el Cambio Clim\u00e1tico, ten\u00edan visiones de aut\u00e9nticos estadistas m\u00e1s que simples francotiradores de la pol\u00edtica mediocre a la que \u00faltimamente nos tienen acostumbrados.<\/p>\n","protected":false},"excerpt":{"rendered":"<p>En muchas de nuestras intervenciones nos habr\u00e1n o\u00eddo hablar sobre las Estrategias que el Instituto Tecnol\u00f3gico de Canarias ha desarrollado para el Gobierno de Canarias como apoyo al Plan de Transici\u00f3n Energ\u00e9tica de Canarias PTECan-2030. Nuestra insistencia al referirnos a estas estrategias, publicadas en febrero de 2022, consiste en que es el \u00fanico itinerario oficial [&hellip;]<\/p>\n","protected":false},"author":1,"featured_media":605,"comment_status":"open","ping_status":"open","sticky":false,"template":"","format":"standard","meta":{"footnotes":""},"categories":[48,30],"tags":[],"class_list":["post-604","post","type-post","status-publish","format-standard","has-post-thumbnail","category-t_estrategias","category-transicion"],"yoast_head":"<!-- This site is optimized with the Yoast SEO plugin v28.2 - https:\/\/yoast.com\/product\/yoast-seo-wordpress\/ -->\n<title>Decadencia de principios - Salto Ecol\u00f3gico<\/title>\n<meta name=\"robots\" content=\"index, follow, max-snippet:-1, max-image-preview:large, max-video-preview:-1\" \/>\n<link rel=\"canonical\" href=\"https:\/\/saltoecologico.es\/index.php\/2023\/02\/26\/decadencia-de-principios\/\" \/>\n<meta property=\"og:locale\" content=\"es_ES\" \/>\n<meta property=\"og:type\" content=\"article\" \/>\n<meta property=\"og:title\" content=\"Decadencia de principios - Salto Ecol\u00f3gico\" \/>\n<meta property=\"og:description\" content=\"En muchas de nuestras intervenciones nos habr\u00e1n o\u00eddo hablar sobre las Estrategias que el Instituto Tecnol\u00f3gico de Canarias ha desarrollado para el Gobierno de Canarias como apoyo al Plan de Transici\u00f3n Energ\u00e9tica de Canarias PTECan-2030. Nuestra insistencia al referirnos a estas estrategias, publicadas en febrero de 2022, consiste en que es el \u00fanico itinerario oficial [&hellip;]\" \/>\n<meta property=\"og:url\" content=\"https:\/\/saltoecologico.es\/index.php\/2023\/02\/26\/decadencia-de-principios\/\" \/>\n<meta property=\"og:site_name\" content=\"Salto Ecol\u00f3gico\" \/>\n<meta property=\"article:publisher\" content=\"https:\/\/www.facebook.com\/Saltotransicionecologica\" \/>\n<meta property=\"article:published_time\" content=\"2023-02-26T07:29:00+00:00\" \/>\n<meta property=\"article:modified_time\" content=\"2025-04-17T07:35:27+00:00\" \/>\n<meta property=\"og:image\" content=\"https:\/\/saltoecologico.es\/wp-content\/uploads\/2025\/04\/Fotovoltaica-5-1.jpg\" \/>\n\t<meta property=\"og:image:width\" content=\"1024\" \/>\n\t<meta property=\"og:image:height\" content=\"683\" \/>\n\t<meta property=\"og:image:type\" content=\"image\/jpeg\" \/>\n<meta name=\"author\" content=\"admin\" \/>\n<meta name=\"twitter:card\" content=\"summary_large_image\" \/>\n<meta name=\"twitter:label1\" content=\"Escrito por\" \/>\n\t<meta name=\"twitter:data1\" content=\"admin\" \/>\n\t<meta name=\"twitter:label2\" content=\"Tiempo de lectura\" \/>\n\t<meta name=\"twitter:data2\" content=\"3 minutos\" \/>\n<script type=\"application\/ld+json\" class=\"yoast-schema-graph\">{\"@context\":\"https:\\\/\\\/schema.org\",\"@graph\":[{\"@type\":\"Article\",\"@id\":\"https:\\\/\\\/saltoecologico.es\\\/index.php\\\/2023\\\/02\\\/26\\\/decadencia-de-principios\\\/#article\",\"isPartOf\":{\"@id\":\"https:\\\/\\\/saltoecologico.es\\\/index.php\\\/2023\\\/02\\\/26\\\/decadencia-de-principios\\\/\"},\"author\":{\"name\":\"admin\",\"@id\":\"https:\\\/\\\/saltoecologico.es\\\/#\\\/schema\\\/person\\\/7175eec4b3c123d86c675313c3a01a0b\"},\"headline\":\"Decadencia de principios\",\"datePublished\":\"2023-02-26T07:29:00+00:00\",\"dateModified\":\"2025-04-17T07:35:27+00:00\",\"mainEntityOfPage\":{\"@id\":\"https:\\\/\\\/saltoecologico.es\\\/index.php\\\/2023\\\/02\\\/26\\\/decadencia-de-principios\\\/\"},\"wordCount\":529,\"commentCount\":0,\"publisher\":{\"@id\":\"https:\\\/\\\/saltoecologico.es\\\/#organization\"},\"image\":{\"@id\":\"https:\\\/\\\/saltoecologico.es\\\/index.php\\\/2023\\\/02\\\/26\\\/decadencia-de-principios\\\/#primaryimage\"},\"thumbnailUrl\":\"https:\\\/\\\/saltoecologico.es\\\/wp-content\\\/uploads\\\/2025\\\/04\\\/Fotovoltaica-5-1.jpg\",\"articleSection\":[\"T_Estrategias\",\"Transici\u00f3n\"],\"inLanguage\":\"es\",\"potentialAction\":[{\"@type\":\"CommentAction\",\"name\":\"Comment\",\"target\":[\"https:\\\/\\\/saltoecologico.es\\\/index.php\\\/2023\\\/02\\\/26\\\/decadencia-de-principios\\\/#respond\"]}]},{\"@type\":\"WebPage\",\"@id\":\"https:\\\/\\\/saltoecologico.es\\\/index.php\\\/2023\\\/02\\\/26\\\/decadencia-de-principios\\\/\",\"url\":\"https:\\\/\\\/saltoecologico.es\\\/index.php\\\/2023\\\/02\\\/26\\\/decadencia-de-principios\\\/\",\"name\":\"Decadencia de principios - Salto Ecol\u00f3gico\",\"isPartOf\":{\"@id\":\"https:\\\/\\\/saltoecologico.es\\\/#website\"},\"primaryImageOfPage\":{\"@id\":\"https:\\\/\\\/saltoecologico.es\\\/index.php\\\/2023\\\/02\\\/26\\\/decadencia-de-principios\\\/#primaryimage\"},\"image\":{\"@id\":\"https:\\\/\\\/saltoecologico.es\\\/index.php\\\/2023\\\/02\\\/26\\\/decadencia-de-principios\\\/#primaryimage\"},\"thumbnailUrl\":\"https:\\\/\\\/saltoecologico.es\\\/wp-content\\\/uploads\\\/2025\\\/04\\\/Fotovoltaica-5-1.jpg\",\"datePublished\":\"2023-02-26T07:29:00+00:00\",\"dateModified\":\"2025-04-17T07:35:27+00:00\",\"breadcrumb\":{\"@id\":\"https:\\\/\\\/saltoecologico.es\\\/index.php\\\/2023\\\/02\\\/26\\\/decadencia-de-principios\\\/#breadcrumb\"},\"inLanguage\":\"es\",\"potentialAction\":[{\"@type\":\"ReadAction\",\"target\":[\"https:\\\/\\\/saltoecologico.es\\\/index.php\\\/2023\\\/02\\\/26\\\/decadencia-de-principios\\\/\"]}]},{\"@type\":\"ImageObject\",\"inLanguage\":\"es\",\"@id\":\"https:\\\/\\\/saltoecologico.es\\\/index.php\\\/2023\\\/02\\\/26\\\/decadencia-de-principios\\\/#primaryimage\",\"url\":\"https:\\\/\\\/saltoecologico.es\\\/wp-content\\\/uploads\\\/2025\\\/04\\\/Fotovoltaica-5-1.jpg\",\"contentUrl\":\"https:\\\/\\\/saltoecologico.es\\\/wp-content\\\/uploads\\\/2025\\\/04\\\/Fotovoltaica-5-1.jpg\",\"width\":1024,\"height\":683,\"caption\":\"Service engineer checking solar cell on the roof for maintenance if there is a damaged part. Engineer worker install solar panel. Clean energy concept.\"},{\"@type\":\"BreadcrumbList\",\"@id\":\"https:\\\/\\\/saltoecologico.es\\\/index.php\\\/2023\\\/02\\\/26\\\/decadencia-de-principios\\\/#breadcrumb\",\"itemListElement\":[{\"@type\":\"ListItem\",\"position\":1,\"name\":\"Portada\",\"item\":\"https:\\\/\\\/saltoecologico.es\\\/\"},{\"@type\":\"ListItem\",\"position\":2,\"name\":\"Decadencia de principios\"}]},{\"@type\":\"WebSite\",\"@id\":\"https:\\\/\\\/saltoecologico.es\\\/#website\",\"url\":\"https:\\\/\\\/saltoecologico.es\\\/\",\"name\":\"Salto Ecol\u00f3gico\",\"description\":\"\",\"publisher\":{\"@id\":\"https:\\\/\\\/saltoecologico.es\\\/#organization\"},\"potentialAction\":[{\"@type\":\"SearchAction\",\"target\":{\"@type\":\"EntryPoint\",\"urlTemplate\":\"https:\\\/\\\/saltoecologico.es\\\/?s={search_term_string}\"},\"query-input\":{\"@type\":\"PropertyValueSpecification\",\"valueRequired\":true,\"valueName\":\"search_term_string\"}}],\"inLanguage\":\"es\"},{\"@type\":\"Organization\",\"@id\":\"https:\\\/\\\/saltoecologico.es\\\/#organization\",\"name\":\"Salto a la Transici\u00f3n Ecol\u00f3gica\",\"url\":\"https:\\\/\\\/saltoecologico.es\\\/\",\"logo\":{\"@type\":\"ImageObject\",\"inLanguage\":\"es\",\"@id\":\"https:\\\/\\\/saltoecologico.es\\\/#\\\/schema\\\/logo\\\/image\\\/\",\"url\":\"https:\\\/\\\/saltoecologico.es\\\/wp-content\\\/uploads\\\/2025\\\/04\\\/Logo-STE.jpg\",\"contentUrl\":\"https:\\\/\\\/saltoecologico.es\\\/wp-content\\\/uploads\\\/2025\\\/04\\\/Logo-STE.jpg\",\"width\":435,\"height\":435,\"caption\":\"Salto a la Transici\u00f3n Ecol\u00f3gica\"},\"image\":{\"@id\":\"https:\\\/\\\/saltoecologico.es\\\/#\\\/schema\\\/logo\\\/image\\\/\"},\"sameAs\":[\"https:\\\/\\\/www.facebook.com\\\/Saltotransicionecologica\"]},{\"@type\":\"Person\",\"@id\":\"https:\\\/\\\/saltoecologico.es\\\/#\\\/schema\\\/person\\\/7175eec4b3c123d86c675313c3a01a0b\",\"name\":\"admin\",\"image\":{\"@type\":\"ImageObject\",\"inLanguage\":\"es\",\"@id\":\"https:\\\/\\\/secure.gravatar.com\\\/avatar\\\/4c215dc57bbc7b2f2f470ac9bd197f3f112636a584e575a732d0206a2d9c9806?s=96&d=mm&r=g\",\"url\":\"https:\\\/\\\/secure.gravatar.com\\\/avatar\\\/4c215dc57bbc7b2f2f470ac9bd197f3f112636a584e575a732d0206a2d9c9806?s=96&d=mm&r=g\",\"contentUrl\":\"https:\\\/\\\/secure.gravatar.com\\\/avatar\\\/4c215dc57bbc7b2f2f470ac9bd197f3f112636a584e575a732d0206a2d9c9806?s=96&d=mm&r=g\",\"caption\":\"admin\"},\"sameAs\":[\"https:\\\/\\\/saltoecologico.es\"],\"url\":\"https:\\\/\\\/saltoecologico.es\\\/index.php\\\/author\\\/saltoecologico\\\/\"}]}<\/script>\n<!-- \/ Yoast SEO plugin. -->","yoast_head_json":{"title":"Decadencia de principios - Salto Ecol\u00f3gico","robots":{"index":"index","follow":"follow","max-snippet":"max-snippet:-1","max-image-preview":"max-image-preview:large","max-video-preview":"max-video-preview:-1"},"canonical":"https:\/\/saltoecologico.es\/index.php\/2023\/02\/26\/decadencia-de-principios\/","og_locale":"es_ES","og_type":"article","og_title":"Decadencia de principios - Salto Ecol\u00f3gico","og_description":"En muchas de nuestras intervenciones nos habr\u00e1n o\u00eddo hablar sobre las Estrategias que el Instituto Tecnol\u00f3gico de Canarias ha desarrollado para el Gobierno de Canarias como apoyo al Plan de Transici\u00f3n Energ\u00e9tica de Canarias PTECan-2030. Nuestra insistencia al referirnos a estas estrategias, publicadas en febrero de 2022, consiste en que es el \u00fanico itinerario oficial [&hellip;]","og_url":"https:\/\/saltoecologico.es\/index.php\/2023\/02\/26\/decadencia-de-principios\/","og_site_name":"Salto Ecol\u00f3gico","article_publisher":"https:\/\/www.facebook.com\/Saltotransicionecologica","article_published_time":"2023-02-26T07:29:00+00:00","article_modified_time":"2025-04-17T07:35:27+00:00","og_image":[{"width":1024,"height":683,"url":"https:\/\/saltoecologico.es\/wp-content\/uploads\/2025\/04\/Fotovoltaica-5-1.jpg","type":"image\/jpeg"}],"author":"admin","twitter_card":"summary_large_image","twitter_misc":{"Escrito por":"admin","Tiempo de lectura":"3 minutos"},"schema":{"@context":"https:\/\/schema.org","@graph":[{"@type":"Article","@id":"https:\/\/saltoecologico.es\/index.php\/2023\/02\/26\/decadencia-de-principios\/#article","isPartOf":{"@id":"https:\/\/saltoecologico.es\/index.php\/2023\/02\/26\/decadencia-de-principios\/"},"author":{"name":"admin","@id":"https:\/\/saltoecologico.es\/#\/schema\/person\/7175eec4b3c123d86c675313c3a01a0b"},"headline":"Decadencia de principios","datePublished":"2023-02-26T07:29:00+00:00","dateModified":"2025-04-17T07:35:27+00:00","mainEntityOfPage":{"@id":"https:\/\/saltoecologico.es\/index.php\/2023\/02\/26\/decadencia-de-principios\/"},"wordCount":529,"commentCount":0,"publisher":{"@id":"https:\/\/saltoecologico.es\/#organization"},"image":{"@id":"https:\/\/saltoecologico.es\/index.php\/2023\/02\/26\/decadencia-de-principios\/#primaryimage"},"thumbnailUrl":"https:\/\/saltoecologico.es\/wp-content\/uploads\/2025\/04\/Fotovoltaica-5-1.jpg","articleSection":["T_Estrategias","Transici\u00f3n"],"inLanguage":"es","potentialAction":[{"@type":"CommentAction","name":"Comment","target":["https:\/\/saltoecologico.es\/index.php\/2023\/02\/26\/decadencia-de-principios\/#respond"]}]},{"@type":"WebPage","@id":"https:\/\/saltoecologico.es\/index.php\/2023\/02\/26\/decadencia-de-principios\/","url":"https:\/\/saltoecologico.es\/index.php\/2023\/02\/26\/decadencia-de-principios\/","name":"Decadencia de principios - Salto Ecol\u00f3gico","isPartOf":{"@id":"https:\/\/saltoecologico.es\/#website"},"primaryImageOfPage":{"@id":"https:\/\/saltoecologico.es\/index.php\/2023\/02\/26\/decadencia-de-principios\/#primaryimage"},"image":{"@id":"https:\/\/saltoecologico.es\/index.php\/2023\/02\/26\/decadencia-de-principios\/#primaryimage"},"thumbnailUrl":"https:\/\/saltoecologico.es\/wp-content\/uploads\/2025\/04\/Fotovoltaica-5-1.jpg","datePublished":"2023-02-26T07:29:00+00:00","dateModified":"2025-04-17T07:35:27+00:00","breadcrumb":{"@id":"https:\/\/saltoecologico.es\/index.php\/2023\/02\/26\/decadencia-de-principios\/#breadcrumb"},"inLanguage":"es","potentialAction":[{"@type":"ReadAction","target":["https:\/\/saltoecologico.es\/index.php\/2023\/02\/26\/decadencia-de-principios\/"]}]},{"@type":"ImageObject","inLanguage":"es","@id":"https:\/\/saltoecologico.es\/index.php\/2023\/02\/26\/decadencia-de-principios\/#primaryimage","url":"https:\/\/saltoecologico.es\/wp-content\/uploads\/2025\/04\/Fotovoltaica-5-1.jpg","contentUrl":"https:\/\/saltoecologico.es\/wp-content\/uploads\/2025\/04\/Fotovoltaica-5-1.jpg","width":1024,"height":683,"caption":"Service engineer checking solar cell on the roof for maintenance if there is a damaged part. Engineer worker install solar panel. Clean energy concept."},{"@type":"BreadcrumbList","@id":"https:\/\/saltoecologico.es\/index.php\/2023\/02\/26\/decadencia-de-principios\/#breadcrumb","itemListElement":[{"@type":"ListItem","position":1,"name":"Portada","item":"https:\/\/saltoecologico.es\/"},{"@type":"ListItem","position":2,"name":"Decadencia de principios"}]},{"@type":"WebSite","@id":"https:\/\/saltoecologico.es\/#website","url":"https:\/\/saltoecologico.es\/","name":"Salto Ecol\u00f3gico","description":"","publisher":{"@id":"https:\/\/saltoecologico.es\/#organization"},"potentialAction":[{"@type":"SearchAction","target":{"@type":"EntryPoint","urlTemplate":"https:\/\/saltoecologico.es\/?s={search_term_string}"},"query-input":{"@type":"PropertyValueSpecification","valueRequired":true,"valueName":"search_term_string"}}],"inLanguage":"es"},{"@type":"Organization","@id":"https:\/\/saltoecologico.es\/#organization","name":"Salto a la Transici\u00f3n Ecol\u00f3gica","url":"https:\/\/saltoecologico.es\/","logo":{"@type":"ImageObject","inLanguage":"es","@id":"https:\/\/saltoecologico.es\/#\/schema\/logo\/image\/","url":"https:\/\/saltoecologico.es\/wp-content\/uploads\/2025\/04\/Logo-STE.jpg","contentUrl":"https:\/\/saltoecologico.es\/wp-content\/uploads\/2025\/04\/Logo-STE.jpg","width":435,"height":435,"caption":"Salto a la Transici\u00f3n Ecol\u00f3gica"},"image":{"@id":"https:\/\/saltoecologico.es\/#\/schema\/logo\/image\/"},"sameAs":["https:\/\/www.facebook.com\/Saltotransicionecologica"]},{"@type":"Person","@id":"https:\/\/saltoecologico.es\/#\/schema\/person\/7175eec4b3c123d86c675313c3a01a0b","name":"admin","image":{"@type":"ImageObject","inLanguage":"es","@id":"https:\/\/secure.gravatar.com\/avatar\/4c215dc57bbc7b2f2f470ac9bd197f3f112636a584e575a732d0206a2d9c9806?s=96&d=mm&r=g","url":"https:\/\/secure.gravatar.com\/avatar\/4c215dc57bbc7b2f2f470ac9bd197f3f112636a584e575a732d0206a2d9c9806?s=96&d=mm&r=g","contentUrl":"https:\/\/secure.gravatar.com\/avatar\/4c215dc57bbc7b2f2f470ac9bd197f3f112636a584e575a732d0206a2d9c9806?s=96&d=mm&r=g","caption":"admin"},"sameAs":["https:\/\/saltoecologico.es"],"url":"https:\/\/saltoecologico.es\/index.php\/author\/saltoecologico\/"}]}},"_links":{"self":[{"href":"https:\/\/saltoecologico.es\/index.php\/wp-json\/wp\/v2\/posts\/604","targetHints":{"allow":["GET"]}}],"collection":[{"href":"https:\/\/saltoecologico.es\/index.php\/wp-json\/wp\/v2\/posts"}],"about":[{"href":"https:\/\/saltoecologico.es\/index.php\/wp-json\/wp\/v2\/types\/post"}],"author":[{"embeddable":true,"href":"https:\/\/saltoecologico.es\/index.php\/wp-json\/wp\/v2\/users\/1"}],"replies":[{"embeddable":true,"href":"https:\/\/saltoecologico.es\/index.php\/wp-json\/wp\/v2\/comments?post=604"}],"version-history":[{"count":1,"href":"https:\/\/saltoecologico.es\/index.php\/wp-json\/wp\/v2\/posts\/604\/revisions"}],"predecessor-version":[{"id":606,"href":"https:\/\/saltoecologico.es\/index.php\/wp-json\/wp\/v2\/posts\/604\/revisions\/606"}],"wp:featuredmedia":[{"embeddable":true,"href":"https:\/\/saltoecologico.es\/index.php\/wp-json\/wp\/v2\/media\/605"}],"wp:attachment":[{"href":"https:\/\/saltoecologico.es\/index.php\/wp-json\/wp\/v2\/media?parent=604"}],"wp:term":[{"taxonomy":"category","embeddable":true,"href":"https:\/\/saltoecologico.es\/index.php\/wp-json\/wp\/v2\/categories?post=604"},{"taxonomy":"post_tag","embeddable":true,"href":"https:\/\/saltoecologico.es\/index.php\/wp-json\/wp\/v2\/tags?post=604"}],"curies":[{"name":"wp","href":"https:\/\/api.w.org\/{rel}","templated":true}]}}