{"id":608,"date":"2023-02-27T08:34:00","date_gmt":"2023-02-27T08:34:00","guid":{"rendered":"https:\/\/saltoecologico.es\/?p=608"},"modified":"2025-04-17T08:35:19","modified_gmt":"2025-04-17T08:35:19","slug":"solo-fotovoltaica","status":"publish","type":"post","link":"https:\/\/saltoecologico.es\/index.php\/2023\/02\/27\/solo-fotovoltaica\/","title":{"rendered":"Solo fotovoltaica"},"content":{"rendered":"\n<p class=\"wp-block-paragraph\">El d\u00eda 27 de febrero pudimos leer en este medio, unas declaraciones del Director del Master de Energ\u00edas Renovables de la Universidad de La Laguna, Don Ricardo Guerrero, dentro del art\u00edculo titulado: \u201cD\u00f3nde colocar los molinos de e\u00f3lica marina en Canarias y el reto de no repetir errores del pasado\u201d, donde dec\u00eda lo siguiente: \u201cLa primera opci\u00f3n debe ser el autoconsumo en las cubiertas y en los tejados de las casas. Puede ser el sustento mayoritario de la generaci\u00f3n el\u00e9ctrica de Canarias\u201d. Despu\u00e9s de leer estas palabras se nos ha llenado el alma de gozo al poder comprobar como un se\u00f1or con tanto prestigio, dice a las claras que todo lo concerniente al sistema el\u00e9ctrico que hay montado hoy en d\u00eda, es una aut\u00e9ntica patra\u00f1a y una estafa con may\u00fasculas, porque \u201csi llenamos nuestros tejados de placas fotovoltaicas la mayor parte de nuestras necesidades de electrificaci\u00f3n estar\u00edan cubiertas\u201d. Es enormemente gratificante como con un concepto tan revolucionario, podemos dejar de necesitar, centrales el\u00e9ctricas, subestaciones, estaciones transformadoras, l\u00edneas de todas las tensiones habidas y por haber y cientos de miles de trabajadores que mantienen esta improductiva farsa. Tambi\u00e9n podremos acabar con la e\u00f3lica terrestre y marina que tanto afean nuestros horizontes, as\u00ed como esos macrohuertos fotovoltaicos de miles de placas que acaban con nuestros productivos terrenos agr\u00edcolas. Por supuesto, magaconstrucciones como El Salto de Chira dejar\u00e1n de tener sentido, porque con el autoconsumo solucionaremos todos nuestros problemas.<\/p>\n\n\n\n<p class=\"wp-block-paragraph\">Cuando le\u00edmos estas palabras y cometiendo la osad\u00eda de plantear algunos n\u00fameros, nos dio por pensar en lo que necesitar\u00eda un edificio de 50 viviendas. Suponiendo una electrificaci\u00f3n media, cada vivienda necesitar\u00eda un equivalente a 5.000 vatios en placas fotovoltaicas, lo que nos da un total de 250.000 vatios de demanda total. Si tenemos en cuenta que cada panel proporcionar\u00eda unos 500 vatios, tendr\u00edamos que, para cubrir las necesidades de este edificio, se necesitar\u00edan 500 placas. Si ahora consideramos que cada placa ocupa 2 metros cuadrados, colocando las placas acostadas una al lado de otra, nos supondr\u00eda 1.000 metros cuadrados de cubierta. Como expertos consultados nos indican que las placas deben tener cierta inclinaci\u00f3n y que no puede haber sombras de unas con respecto a otras, esos mil metros cuadrados se nos puede ir f\u00e1cilmente al doble. Por otro lado, como resulta que por la noche no hay sol necesitar\u00edamos bater\u00edas que acumularan durante el d\u00eda. Por tanto, en cada vivienda habr\u00eda que localizar una ubicaci\u00f3n para un banco de bater\u00edas, en un lugar seguro, porque las bater\u00edas poseen elementos corrosivos. A todo esto, habr\u00eda que sumar la posibilidad de que en d\u00edas nublados no se consiga suficiente potencia para abastecer la vivienda y a la vez cargar las bater\u00edas.<\/p>\n\n\n\n<p class=\"wp-block-paragraph\">Como podr\u00e1 comprender el lector, al hacer estos n\u00fameros las cosas no nos terminaban de cuadrar, pero dado que el argumento inicial proviene de quien proviene, tenemos que concluir que debe de haber alguna cuesti\u00f3n que se nos escapa, porque seguro que todo esto ya ha sido tenido en cuenta al plantear lo planteado.<\/p>\n\n\n\n<p class=\"wp-block-paragraph\">Lo que si nos ha quedado claro es el potencial de negocio que tiene este tema. Se podr\u00eda elegir una zona con alto potencial de radiaci\u00f3n solar como puede ser Adeje, se podr\u00eda buscar una empresa fuerte que respaldara el proyecto como por ejemplo EON y conseguir que este municipio fuera autosuficiente, para aquellos incr\u00e9dulos que a\u00fan siguen pensando en la necesidad de un sistema m\u00e1s complejo, cuando simplemente con la fotovoltaica tenemos la soluci\u00f3n.<\/p>\n","protected":false},"excerpt":{"rendered":"<p>El d\u00eda 27 de febrero pudimos leer en este medio, unas declaraciones del Director del Master de Energ\u00edas Renovables de la Universidad de La Laguna, Don Ricardo Guerrero, dentro del art\u00edculo titulado: \u201cD\u00f3nde colocar los molinos de e\u00f3lica marina en Canarias y el reto de no repetir errores del pasado\u201d, donde dec\u00eda lo siguiente: \u201cLa [&hellip;]<\/p>\n","protected":false},"author":1,"featured_media":610,"comment_status":"open","ping_status":"open","sticky":false,"template":"","format":"standard","meta":{"footnotes":""},"categories":[60,39],"tags":[],"class_list":["post-608","post","type-post","status-publish","format-standard","has-post-thumbnail","category-r_fotovoltaica","category-renovables"],"yoast_head":"<!-- This site is optimized with the Yoast SEO plugin v28.2 - https:\/\/yoast.com\/product\/yoast-seo-wordpress\/ -->\n<title>Solo fotovoltaica - Salto Ecol\u00f3gico<\/title>\n<meta name=\"robots\" content=\"index, follow, max-snippet:-1, max-image-preview:large, max-video-preview:-1\" \/>\n<link rel=\"canonical\" href=\"https:\/\/saltoecologico.es\/index.php\/2023\/02\/27\/solo-fotovoltaica\/\" \/>\n<meta property=\"og:locale\" content=\"es_ES\" \/>\n<meta property=\"og:type\" content=\"article\" \/>\n<meta property=\"og:title\" content=\"Solo fotovoltaica - Salto Ecol\u00f3gico\" \/>\n<meta property=\"og:description\" content=\"El d\u00eda 27 de febrero pudimos leer en este medio, unas declaraciones del Director del Master de Energ\u00edas Renovables de la Universidad de La Laguna, Don Ricardo Guerrero, dentro del art\u00edculo titulado: \u201cD\u00f3nde colocar los molinos de e\u00f3lica marina en Canarias y el reto de no repetir errores del pasado\u201d, donde dec\u00eda lo siguiente: \u201cLa [&hellip;]\" \/>\n<meta property=\"og:url\" content=\"https:\/\/saltoecologico.es\/index.php\/2023\/02\/27\/solo-fotovoltaica\/\" \/>\n<meta property=\"og:site_name\" content=\"Salto Ecol\u00f3gico\" \/>\n<meta property=\"article:publisher\" content=\"https:\/\/www.facebook.com\/Saltotransicionecologica\" \/>\n<meta property=\"article:published_time\" content=\"2023-02-27T08:34:00+00:00\" \/>\n<meta property=\"article:modified_time\" content=\"2025-04-17T08:35:19+00:00\" \/>\n<meta property=\"og:image\" content=\"https:\/\/saltoecologico.es\/wp-content\/uploads\/2025\/04\/Fotovoltaica-8.jpg\" \/>\n\t<meta property=\"og:image:width\" content=\"1024\" \/>\n\t<meta property=\"og:image:height\" content=\"683\" \/>\n\t<meta property=\"og:image:type\" content=\"image\/jpeg\" \/>\n<meta name=\"author\" content=\"admin\" \/>\n<meta name=\"twitter:card\" content=\"summary_large_image\" \/>\n<meta name=\"twitter:label1\" content=\"Escrito por\" \/>\n\t<meta name=\"twitter:data1\" content=\"admin\" \/>\n\t<meta name=\"twitter:label2\" content=\"Tiempo de lectura\" \/>\n\t<meta name=\"twitter:data2\" content=\"3 minutos\" \/>\n<script type=\"application\/ld+json\" class=\"yoast-schema-graph\">{\"@context\":\"https:\\\/\\\/schema.org\",\"@graph\":[{\"@type\":\"Article\",\"@id\":\"https:\\\/\\\/saltoecologico.es\\\/index.php\\\/2023\\\/02\\\/27\\\/solo-fotovoltaica\\\/#article\",\"isPartOf\":{\"@id\":\"https:\\\/\\\/saltoecologico.es\\\/index.php\\\/2023\\\/02\\\/27\\\/solo-fotovoltaica\\\/\"},\"author\":{\"name\":\"admin\",\"@id\":\"https:\\\/\\\/saltoecologico.es\\\/#\\\/schema\\\/person\\\/7175eec4b3c123d86c675313c3a01a0b\"},\"headline\":\"Solo fotovoltaica\",\"datePublished\":\"2023-02-27T08:34:00+00:00\",\"dateModified\":\"2025-04-17T08:35:19+00:00\",\"mainEntityOfPage\":{\"@id\":\"https:\\\/\\\/saltoecologico.es\\\/index.php\\\/2023\\\/02\\\/27\\\/solo-fotovoltaica\\\/\"},\"wordCount\":624,\"commentCount\":0,\"publisher\":{\"@id\":\"https:\\\/\\\/saltoecologico.es\\\/#organization\"},\"image\":{\"@id\":\"https:\\\/\\\/saltoecologico.es\\\/index.php\\\/2023\\\/02\\\/27\\\/solo-fotovoltaica\\\/#primaryimage\"},\"thumbnailUrl\":\"https:\\\/\\\/saltoecologico.es\\\/wp-content\\\/uploads\\\/2025\\\/04\\\/Fotovoltaica-8.jpg\",\"articleSection\":[\"R_Fotovoltaica\",\"Renovables\"],\"inLanguage\":\"es\",\"potentialAction\":[{\"@type\":\"CommentAction\",\"name\":\"Comment\",\"target\":[\"https:\\\/\\\/saltoecologico.es\\\/index.php\\\/2023\\\/02\\\/27\\\/solo-fotovoltaica\\\/#respond\"]}]},{\"@type\":\"WebPage\",\"@id\":\"https:\\\/\\\/saltoecologico.es\\\/index.php\\\/2023\\\/02\\\/27\\\/solo-fotovoltaica\\\/\",\"url\":\"https:\\\/\\\/saltoecologico.es\\\/index.php\\\/2023\\\/02\\\/27\\\/solo-fotovoltaica\\\/\",\"name\":\"Solo fotovoltaica - Salto Ecol\u00f3gico\",\"isPartOf\":{\"@id\":\"https:\\\/\\\/saltoecologico.es\\\/#website\"},\"primaryImageOfPage\":{\"@id\":\"https:\\\/\\\/saltoecologico.es\\\/index.php\\\/2023\\\/02\\\/27\\\/solo-fotovoltaica\\\/#primaryimage\"},\"image\":{\"@id\":\"https:\\\/\\\/saltoecologico.es\\\/index.php\\\/2023\\\/02\\\/27\\\/solo-fotovoltaica\\\/#primaryimage\"},\"thumbnailUrl\":\"https:\\\/\\\/saltoecologico.es\\\/wp-content\\\/uploads\\\/2025\\\/04\\\/Fotovoltaica-8.jpg\",\"datePublished\":\"2023-02-27T08:34:00+00:00\",\"dateModified\":\"2025-04-17T08:35:19+00:00\",\"breadcrumb\":{\"@id\":\"https:\\\/\\\/saltoecologico.es\\\/index.php\\\/2023\\\/02\\\/27\\\/solo-fotovoltaica\\\/#breadcrumb\"},\"inLanguage\":\"es\",\"potentialAction\":[{\"@type\":\"ReadAction\",\"target\":[\"https:\\\/\\\/saltoecologico.es\\\/index.php\\\/2023\\\/02\\\/27\\\/solo-fotovoltaica\\\/\"]}]},{\"@type\":\"ImageObject\",\"inLanguage\":\"es\",\"@id\":\"https:\\\/\\\/saltoecologico.es\\\/index.php\\\/2023\\\/02\\\/27\\\/solo-fotovoltaica\\\/#primaryimage\",\"url\":\"https:\\\/\\\/saltoecologico.es\\\/wp-content\\\/uploads\\\/2025\\\/04\\\/Fotovoltaica-8.jpg\",\"contentUrl\":\"https:\\\/\\\/saltoecologico.es\\\/wp-content\\\/uploads\\\/2025\\\/04\\\/Fotovoltaica-8.jpg\",\"width\":1024,\"height\":683},{\"@type\":\"BreadcrumbList\",\"@id\":\"https:\\\/\\\/saltoecologico.es\\\/index.php\\\/2023\\\/02\\\/27\\\/solo-fotovoltaica\\\/#breadcrumb\",\"itemListElement\":[{\"@type\":\"ListItem\",\"position\":1,\"name\":\"Portada\",\"item\":\"https:\\\/\\\/saltoecologico.es\\\/\"},{\"@type\":\"ListItem\",\"position\":2,\"name\":\"Solo fotovoltaica\"}]},{\"@type\":\"WebSite\",\"@id\":\"https:\\\/\\\/saltoecologico.es\\\/#website\",\"url\":\"https:\\\/\\\/saltoecologico.es\\\/\",\"name\":\"Salto Ecol\u00f3gico\",\"description\":\"\",\"publisher\":{\"@id\":\"https:\\\/\\\/saltoecologico.es\\\/#organization\"},\"potentialAction\":[{\"@type\":\"SearchAction\",\"target\":{\"@type\":\"EntryPoint\",\"urlTemplate\":\"https:\\\/\\\/saltoecologico.es\\\/?s={search_term_string}\"},\"query-input\":{\"@type\":\"PropertyValueSpecification\",\"valueRequired\":true,\"valueName\":\"search_term_string\"}}],\"inLanguage\":\"es\"},{\"@type\":\"Organization\",\"@id\":\"https:\\\/\\\/saltoecologico.es\\\/#organization\",\"name\":\"Salto a la Transici\u00f3n Ecol\u00f3gica\",\"url\":\"https:\\\/\\\/saltoecologico.es\\\/\",\"logo\":{\"@type\":\"ImageObject\",\"inLanguage\":\"es\",\"@id\":\"https:\\\/\\\/saltoecologico.es\\\/#\\\/schema\\\/logo\\\/image\\\/\",\"url\":\"https:\\\/\\\/saltoecologico.es\\\/wp-content\\\/uploads\\\/2025\\\/04\\\/Logo-STE.jpg\",\"contentUrl\":\"https:\\\/\\\/saltoecologico.es\\\/wp-content\\\/uploads\\\/2025\\\/04\\\/Logo-STE.jpg\",\"width\":435,\"height\":435,\"caption\":\"Salto a la Transici\u00f3n Ecol\u00f3gica\"},\"image\":{\"@id\":\"https:\\\/\\\/saltoecologico.es\\\/#\\\/schema\\\/logo\\\/image\\\/\"},\"sameAs\":[\"https:\\\/\\\/www.facebook.com\\\/Saltotransicionecologica\"]},{\"@type\":\"Person\",\"@id\":\"https:\\\/\\\/saltoecologico.es\\\/#\\\/schema\\\/person\\\/7175eec4b3c123d86c675313c3a01a0b\",\"name\":\"admin\",\"image\":{\"@type\":\"ImageObject\",\"inLanguage\":\"es\",\"@id\":\"https:\\\/\\\/secure.gravatar.com\\\/avatar\\\/4c215dc57bbc7b2f2f470ac9bd197f3f112636a584e575a732d0206a2d9c9806?s=96&d=mm&r=g\",\"url\":\"https:\\\/\\\/secure.gravatar.com\\\/avatar\\\/4c215dc57bbc7b2f2f470ac9bd197f3f112636a584e575a732d0206a2d9c9806?s=96&d=mm&r=g\",\"contentUrl\":\"https:\\\/\\\/secure.gravatar.com\\\/avatar\\\/4c215dc57bbc7b2f2f470ac9bd197f3f112636a584e575a732d0206a2d9c9806?s=96&d=mm&r=g\",\"caption\":\"admin\"},\"sameAs\":[\"https:\\\/\\\/saltoecologico.es\"],\"url\":\"https:\\\/\\\/saltoecologico.es\\\/index.php\\\/author\\\/saltoecologico\\\/\"}]}<\/script>\n<!-- \/ Yoast SEO plugin. -->","yoast_head_json":{"title":"Solo fotovoltaica - Salto Ecol\u00f3gico","robots":{"index":"index","follow":"follow","max-snippet":"max-snippet:-1","max-image-preview":"max-image-preview:large","max-video-preview":"max-video-preview:-1"},"canonical":"https:\/\/saltoecologico.es\/index.php\/2023\/02\/27\/solo-fotovoltaica\/","og_locale":"es_ES","og_type":"article","og_title":"Solo fotovoltaica - Salto Ecol\u00f3gico","og_description":"El d\u00eda 27 de febrero pudimos leer en este medio, unas declaraciones del Director del Master de Energ\u00edas Renovables de la Universidad de La Laguna, Don Ricardo Guerrero, dentro del art\u00edculo titulado: \u201cD\u00f3nde colocar los molinos de e\u00f3lica marina en Canarias y el reto de no repetir errores del pasado\u201d, donde dec\u00eda lo siguiente: \u201cLa [&hellip;]","og_url":"https:\/\/saltoecologico.es\/index.php\/2023\/02\/27\/solo-fotovoltaica\/","og_site_name":"Salto Ecol\u00f3gico","article_publisher":"https:\/\/www.facebook.com\/Saltotransicionecologica","article_published_time":"2023-02-27T08:34:00+00:00","article_modified_time":"2025-04-17T08:35:19+00:00","og_image":[{"width":1024,"height":683,"url":"https:\/\/saltoecologico.es\/wp-content\/uploads\/2025\/04\/Fotovoltaica-8.jpg","type":"image\/jpeg"}],"author":"admin","twitter_card":"summary_large_image","twitter_misc":{"Escrito por":"admin","Tiempo de lectura":"3 minutos"},"schema":{"@context":"https:\/\/schema.org","@graph":[{"@type":"Article","@id":"https:\/\/saltoecologico.es\/index.php\/2023\/02\/27\/solo-fotovoltaica\/#article","isPartOf":{"@id":"https:\/\/saltoecologico.es\/index.php\/2023\/02\/27\/solo-fotovoltaica\/"},"author":{"name":"admin","@id":"https:\/\/saltoecologico.es\/#\/schema\/person\/7175eec4b3c123d86c675313c3a01a0b"},"headline":"Solo fotovoltaica","datePublished":"2023-02-27T08:34:00+00:00","dateModified":"2025-04-17T08:35:19+00:00","mainEntityOfPage":{"@id":"https:\/\/saltoecologico.es\/index.php\/2023\/02\/27\/solo-fotovoltaica\/"},"wordCount":624,"commentCount":0,"publisher":{"@id":"https:\/\/saltoecologico.es\/#organization"},"image":{"@id":"https:\/\/saltoecologico.es\/index.php\/2023\/02\/27\/solo-fotovoltaica\/#primaryimage"},"thumbnailUrl":"https:\/\/saltoecologico.es\/wp-content\/uploads\/2025\/04\/Fotovoltaica-8.jpg","articleSection":["R_Fotovoltaica","Renovables"],"inLanguage":"es","potentialAction":[{"@type":"CommentAction","name":"Comment","target":["https:\/\/saltoecologico.es\/index.php\/2023\/02\/27\/solo-fotovoltaica\/#respond"]}]},{"@type":"WebPage","@id":"https:\/\/saltoecologico.es\/index.php\/2023\/02\/27\/solo-fotovoltaica\/","url":"https:\/\/saltoecologico.es\/index.php\/2023\/02\/27\/solo-fotovoltaica\/","name":"Solo fotovoltaica - Salto Ecol\u00f3gico","isPartOf":{"@id":"https:\/\/saltoecologico.es\/#website"},"primaryImageOfPage":{"@id":"https:\/\/saltoecologico.es\/index.php\/2023\/02\/27\/solo-fotovoltaica\/#primaryimage"},"image":{"@id":"https:\/\/saltoecologico.es\/index.php\/2023\/02\/27\/solo-fotovoltaica\/#primaryimage"},"thumbnailUrl":"https:\/\/saltoecologico.es\/wp-content\/uploads\/2025\/04\/Fotovoltaica-8.jpg","datePublished":"2023-02-27T08:34:00+00:00","dateModified":"2025-04-17T08:35:19+00:00","breadcrumb":{"@id":"https:\/\/saltoecologico.es\/index.php\/2023\/02\/27\/solo-fotovoltaica\/#breadcrumb"},"inLanguage":"es","potentialAction":[{"@type":"ReadAction","target":["https:\/\/saltoecologico.es\/index.php\/2023\/02\/27\/solo-fotovoltaica\/"]}]},{"@type":"ImageObject","inLanguage":"es","@id":"https:\/\/saltoecologico.es\/index.php\/2023\/02\/27\/solo-fotovoltaica\/#primaryimage","url":"https:\/\/saltoecologico.es\/wp-content\/uploads\/2025\/04\/Fotovoltaica-8.jpg","contentUrl":"https:\/\/saltoecologico.es\/wp-content\/uploads\/2025\/04\/Fotovoltaica-8.jpg","width":1024,"height":683},{"@type":"BreadcrumbList","@id":"https:\/\/saltoecologico.es\/index.php\/2023\/02\/27\/solo-fotovoltaica\/#breadcrumb","itemListElement":[{"@type":"ListItem","position":1,"name":"Portada","item":"https:\/\/saltoecologico.es\/"},{"@type":"ListItem","position":2,"name":"Solo fotovoltaica"}]},{"@type":"WebSite","@id":"https:\/\/saltoecologico.es\/#website","url":"https:\/\/saltoecologico.es\/","name":"Salto Ecol\u00f3gico","description":"","publisher":{"@id":"https:\/\/saltoecologico.es\/#organization"},"potentialAction":[{"@type":"SearchAction","target":{"@type":"EntryPoint","urlTemplate":"https:\/\/saltoecologico.es\/?s={search_term_string}"},"query-input":{"@type":"PropertyValueSpecification","valueRequired":true,"valueName":"search_term_string"}}],"inLanguage":"es"},{"@type":"Organization","@id":"https:\/\/saltoecologico.es\/#organization","name":"Salto a la Transici\u00f3n Ecol\u00f3gica","url":"https:\/\/saltoecologico.es\/","logo":{"@type":"ImageObject","inLanguage":"es","@id":"https:\/\/saltoecologico.es\/#\/schema\/logo\/image\/","url":"https:\/\/saltoecologico.es\/wp-content\/uploads\/2025\/04\/Logo-STE.jpg","contentUrl":"https:\/\/saltoecologico.es\/wp-content\/uploads\/2025\/04\/Logo-STE.jpg","width":435,"height":435,"caption":"Salto a la Transici\u00f3n Ecol\u00f3gica"},"image":{"@id":"https:\/\/saltoecologico.es\/#\/schema\/logo\/image\/"},"sameAs":["https:\/\/www.facebook.com\/Saltotransicionecologica"]},{"@type":"Person","@id":"https:\/\/saltoecologico.es\/#\/schema\/person\/7175eec4b3c123d86c675313c3a01a0b","name":"admin","image":{"@type":"ImageObject","inLanguage":"es","@id":"https:\/\/secure.gravatar.com\/avatar\/4c215dc57bbc7b2f2f470ac9bd197f3f112636a584e575a732d0206a2d9c9806?s=96&d=mm&r=g","url":"https:\/\/secure.gravatar.com\/avatar\/4c215dc57bbc7b2f2f470ac9bd197f3f112636a584e575a732d0206a2d9c9806?s=96&d=mm&r=g","contentUrl":"https:\/\/secure.gravatar.com\/avatar\/4c215dc57bbc7b2f2f470ac9bd197f3f112636a584e575a732d0206a2d9c9806?s=96&d=mm&r=g","caption":"admin"},"sameAs":["https:\/\/saltoecologico.es"],"url":"https:\/\/saltoecologico.es\/index.php\/author\/saltoecologico\/"}]}},"_links":{"self":[{"href":"https:\/\/saltoecologico.es\/index.php\/wp-json\/wp\/v2\/posts\/608","targetHints":{"allow":["GET"]}}],"collection":[{"href":"https:\/\/saltoecologico.es\/index.php\/wp-json\/wp\/v2\/posts"}],"about":[{"href":"https:\/\/saltoecologico.es\/index.php\/wp-json\/wp\/v2\/types\/post"}],"author":[{"embeddable":true,"href":"https:\/\/saltoecologico.es\/index.php\/wp-json\/wp\/v2\/users\/1"}],"replies":[{"embeddable":true,"href":"https:\/\/saltoecologico.es\/index.php\/wp-json\/wp\/v2\/comments?post=608"}],"version-history":[{"count":1,"href":"https:\/\/saltoecologico.es\/index.php\/wp-json\/wp\/v2\/posts\/608\/revisions"}],"predecessor-version":[{"id":611,"href":"https:\/\/saltoecologico.es\/index.php\/wp-json\/wp\/v2\/posts\/608\/revisions\/611"}],"wp:featuredmedia":[{"embeddable":true,"href":"https:\/\/saltoecologico.es\/index.php\/wp-json\/wp\/v2\/media\/610"}],"wp:attachment":[{"href":"https:\/\/saltoecologico.es\/index.php\/wp-json\/wp\/v2\/media?parent=608"}],"wp:term":[{"taxonomy":"category","embeddable":true,"href":"https:\/\/saltoecologico.es\/index.php\/wp-json\/wp\/v2\/categories?post=608"},{"taxonomy":"post_tag","embeddable":true,"href":"https:\/\/saltoecologico.es\/index.php\/wp-json\/wp\/v2\/tags?post=608"}],"curies":[{"name":"wp","href":"https:\/\/api.w.org\/{rel}","templated":true}]}}