{"id":612,"date":"2023-02-27T08:44:00","date_gmt":"2023-02-27T08:44:00","guid":{"rendered":"https:\/\/saltoecologico.es\/?p=612"},"modified":"2025-04-17T08:44:55","modified_gmt":"2025-04-17T08:44:55","slug":"eolica-offshore","status":"publish","type":"post","link":"https:\/\/saltoecologico.es\/index.php\/2023\/02\/27\/eolica-offshore\/","title":{"rendered":"E\u00f3lica offshore"},"content":{"rendered":"\n<p class=\"wp-block-paragraph\">Recientemente se ha puesto de moda en todas las tertulias la e\u00f3lica offshore (e\u00f3lica marina) y no es en vano porque hace muy poco tiempo se aprob\u00f3 la norma estatal que regular\u00e1 su instalaci\u00f3n en el litoral espa\u00f1ol y por supuesto en el canario.<\/p>\n\n\n\n<p class=\"wp-block-paragraph\">Como todos sabemos, el viento es un recurso que es altamente variable y que hay zonas donde este recurso es m\u00e1s abundante que en otras. Pues bien, durante muchos a\u00f1os se han llevado a cabo diferentes estudios que han determinado que zonas son las m\u00e1s propicias para la colocaci\u00f3n de aerogeneradores, tanto en tierra como en mar y por ello, la elecci\u00f3n de un determinado lugar no es un tema menor, sino que viene avalado por muchas consideraciones t\u00e9cnicas anteriores.<\/p>\n\n\n\n<p class=\"wp-block-paragraph\">Por otro lado, los aerogeneradores vienen definidos fundamentalmente por la potencia nominal que es capaz de producir y esto lo podr\u00edamos definir como la potencia que puede producir en un instante de condiciones \u00f3ptimas. Su unidad de medida es el vatio y el rango que se maneja en la actualidad es del orden de los megavatios (MW). Adem\u00e1s, como ya se ha dicho, el viento es variable a lo largo del tiempo y por tanto la producci\u00f3n en diferentes momentos tambi\u00e9n ser\u00e1 variable. De esta forma, aparece otro concepto importante que es la producci\u00f3n anual de energ\u00eda que tiene este aerogenerador y se expresa en megavatios hora (MWh). Pues bien, si comparamos la producci\u00f3n real del aparato con la producci\u00f3n que producir\u00eda si siempre existiera las condiciones ideales, obtenemos una ratio que determina la proporci\u00f3n de la primera en relaci\u00f3n con la segunda. A esta ratio se denomina factor de capacidad y se mide en porcentaje (%). En general podemos decir que el factor de capacidad de un aerogenerador en tierra es de un 20%, mientras que en el de mar este factor de capacidad es del 60%. En otras palabras, un aerogenerador de mar de igual potencia que uno de tierra producir\u00e1 3 veces m\u00e1s energ\u00eda que uno de tierra y esta es la raz\u00f3n fundamental por lo que es tan importante desarrollar la e\u00f3lica marina, precisamente ahora que se han podido solventar los problemas t\u00e9cnicos que no permit\u00edan su instalaci\u00f3n en alta mar.<\/p>\n\n\n\n<p class=\"wp-block-paragraph\">Para hacernos una idea de lo que estamos hablando el aerogenerador marino SG 14-222 DD de Siemens Gamesa posee una potencia nominal de 14 MW, a lo que aplic\u00e1ndole un factor de capacidad del 60%, nos proporcionar\u00eda 73.584 MWh de producci\u00f3n anual. Para conseguir esta producci\u00f3n anual con placas fotovoltaicas tendr\u00edamos que ir a una instalaci\u00f3n de 42 MW, lo que supondr\u00eda 105.000 placas. Considerando que cada placa mide 2 metros cuadrados y que hay que dejar espacio entre ellas, f\u00e1cilmente nos podr\u00edamos ir a una superficie de 300.000 metros cuadrado, es decir, \u00a150 CAMPOS DE FUTBOL!. Resumiendo, un solo aerogenerador marino nos proporciona la misma energ\u00eda que si llenamos 50 campos de futbol de placas fotovoltaicas.<\/p>\n\n\n\n<p class=\"wp-block-paragraph\">&nbsp;Con todo lo dicho se puede comprobar que cuando hablamos de e\u00f3lica marina no lo hacemos de un tema menor, lo hacemos de una cuesti\u00f3n que es vital para nuestra tierra. La lucha contra el cambio clim\u00e1tico antropog\u00e9nico, la independencia energ\u00e9tica de nuestras islas y la solvencia econ\u00f3mica de nuestros sistemas el\u00e9ctricos.<\/p>\n\n\n\n<p class=\"wp-block-paragraph\">El Instituto Tecnol\u00f3gico de Canarias ha desarrollado una hoja de ruta perfectamente estructurada para la implantaci\u00f3n de la e\u00f3lica offshore en el archipi\u00e9lago, hagamos caso de los expertos y por una vez no pongamos en las estrategias electorales las cuestiones centrales de nuestra supervivencia como pueblo.<\/p>\n","protected":false},"excerpt":{"rendered":"<p>Recientemente se ha puesto de moda en todas las tertulias la e\u00f3lica offshore (e\u00f3lica marina) y no es en vano porque hace muy poco tiempo se aprob\u00f3 la norma estatal que regular\u00e1 su instalaci\u00f3n en el litoral espa\u00f1ol y por supuesto en el canario. Como todos sabemos, el viento es un recurso que es altamente [&hellip;]<\/p>\n","protected":false},"author":1,"featured_media":613,"comment_status":"open","ping_status":"open","sticky":false,"template":"","format":"standard","meta":{"footnotes":""},"categories":[51,39],"tags":[],"class_list":["post-612","post","type-post","status-publish","format-standard","has-post-thumbnail","category-r_eolico","category-renovables"],"yoast_head":"<!-- This site is optimized with the Yoast SEO plugin v28.2 - https:\/\/yoast.com\/product\/yoast-seo-wordpress\/ -->\n<title>E\u00f3lica offshore - Salto Ecol\u00f3gico<\/title>\n<meta name=\"robots\" content=\"index, follow, max-snippet:-1, max-image-preview:large, max-video-preview:-1\" \/>\n<link rel=\"canonical\" href=\"https:\/\/saltoecologico.es\/index.php\/2023\/02\/27\/eolica-offshore\/\" \/>\n<meta property=\"og:locale\" content=\"es_ES\" \/>\n<meta property=\"og:type\" content=\"article\" \/>\n<meta property=\"og:title\" content=\"E\u00f3lica offshore - Salto Ecol\u00f3gico\" \/>\n<meta property=\"og:description\" content=\"Recientemente se ha puesto de moda en todas las tertulias la e\u00f3lica offshore (e\u00f3lica marina) y no es en vano porque hace muy poco tiempo se aprob\u00f3 la norma estatal que regular\u00e1 su instalaci\u00f3n en el litoral espa\u00f1ol y por supuesto en el canario. Como todos sabemos, el viento es un recurso que es altamente [&hellip;]\" \/>\n<meta property=\"og:url\" content=\"https:\/\/saltoecologico.es\/index.php\/2023\/02\/27\/eolica-offshore\/\" \/>\n<meta property=\"og:site_name\" content=\"Salto Ecol\u00f3gico\" \/>\n<meta property=\"article:publisher\" content=\"https:\/\/www.facebook.com\/Saltotransicionecologica\" \/>\n<meta property=\"article:published_time\" content=\"2023-02-27T08:44:00+00:00\" \/>\n<meta property=\"article:modified_time\" content=\"2025-04-17T08:44:55+00:00\" \/>\n<meta property=\"og:image\" content=\"https:\/\/saltoecologico.es\/wp-content\/uploads\/2025\/04\/Offshore-1.jpg\" \/>\n\t<meta property=\"og:image:width\" content=\"1024\" \/>\n\t<meta property=\"og:image:height\" content=\"683\" \/>\n\t<meta property=\"og:image:type\" content=\"image\/jpeg\" \/>\n<meta name=\"author\" content=\"admin\" \/>\n<meta name=\"twitter:card\" content=\"summary_large_image\" \/>\n<meta name=\"twitter:label1\" content=\"Escrito por\" \/>\n\t<meta name=\"twitter:data1\" content=\"admin\" \/>\n\t<meta name=\"twitter:label2\" content=\"Tiempo de lectura\" \/>\n\t<meta name=\"twitter:data2\" content=\"3 minutos\" \/>\n<script type=\"application\/ld+json\" class=\"yoast-schema-graph\">{\"@context\":\"https:\\\/\\\/schema.org\",\"@graph\":[{\"@type\":\"Article\",\"@id\":\"https:\\\/\\\/saltoecologico.es\\\/index.php\\\/2023\\\/02\\\/27\\\/eolica-offshore\\\/#article\",\"isPartOf\":{\"@id\":\"https:\\\/\\\/saltoecologico.es\\\/index.php\\\/2023\\\/02\\\/27\\\/eolica-offshore\\\/\"},\"author\":{\"name\":\"admin\",\"@id\":\"https:\\\/\\\/saltoecologico.es\\\/#\\\/schema\\\/person\\\/7175eec4b3c123d86c675313c3a01a0b\"},\"headline\":\"E\u00f3lica offshore\",\"datePublished\":\"2023-02-27T08:44:00+00:00\",\"dateModified\":\"2025-04-17T08:44:55+00:00\",\"mainEntityOfPage\":{\"@id\":\"https:\\\/\\\/saltoecologico.es\\\/index.php\\\/2023\\\/02\\\/27\\\/eolica-offshore\\\/\"},\"wordCount\":624,\"commentCount\":0,\"publisher\":{\"@id\":\"https:\\\/\\\/saltoecologico.es\\\/#organization\"},\"image\":{\"@id\":\"https:\\\/\\\/saltoecologico.es\\\/index.php\\\/2023\\\/02\\\/27\\\/eolica-offshore\\\/#primaryimage\"},\"thumbnailUrl\":\"https:\\\/\\\/saltoecologico.es\\\/wp-content\\\/uploads\\\/2025\\\/04\\\/Offshore-1.jpg\",\"articleSection\":[\"R_E\u00f3lico\",\"Renovables\"],\"inLanguage\":\"es\",\"potentialAction\":[{\"@type\":\"CommentAction\",\"name\":\"Comment\",\"target\":[\"https:\\\/\\\/saltoecologico.es\\\/index.php\\\/2023\\\/02\\\/27\\\/eolica-offshore\\\/#respond\"]}]},{\"@type\":\"WebPage\",\"@id\":\"https:\\\/\\\/saltoecologico.es\\\/index.php\\\/2023\\\/02\\\/27\\\/eolica-offshore\\\/\",\"url\":\"https:\\\/\\\/saltoecologico.es\\\/index.php\\\/2023\\\/02\\\/27\\\/eolica-offshore\\\/\",\"name\":\"E\u00f3lica offshore - Salto Ecol\u00f3gico\",\"isPartOf\":{\"@id\":\"https:\\\/\\\/saltoecologico.es\\\/#website\"},\"primaryImageOfPage\":{\"@id\":\"https:\\\/\\\/saltoecologico.es\\\/index.php\\\/2023\\\/02\\\/27\\\/eolica-offshore\\\/#primaryimage\"},\"image\":{\"@id\":\"https:\\\/\\\/saltoecologico.es\\\/index.php\\\/2023\\\/02\\\/27\\\/eolica-offshore\\\/#primaryimage\"},\"thumbnailUrl\":\"https:\\\/\\\/saltoecologico.es\\\/wp-content\\\/uploads\\\/2025\\\/04\\\/Offshore-1.jpg\",\"datePublished\":\"2023-02-27T08:44:00+00:00\",\"dateModified\":\"2025-04-17T08:44:55+00:00\",\"breadcrumb\":{\"@id\":\"https:\\\/\\\/saltoecologico.es\\\/index.php\\\/2023\\\/02\\\/27\\\/eolica-offshore\\\/#breadcrumb\"},\"inLanguage\":\"es\",\"potentialAction\":[{\"@type\":\"ReadAction\",\"target\":[\"https:\\\/\\\/saltoecologico.es\\\/index.php\\\/2023\\\/02\\\/27\\\/eolica-offshore\\\/\"]}]},{\"@type\":\"ImageObject\",\"inLanguage\":\"es\",\"@id\":\"https:\\\/\\\/saltoecologico.es\\\/index.php\\\/2023\\\/02\\\/27\\\/eolica-offshore\\\/#primaryimage\",\"url\":\"https:\\\/\\\/saltoecologico.es\\\/wp-content\\\/uploads\\\/2025\\\/04\\\/Offshore-1.jpg\",\"contentUrl\":\"https:\\\/\\\/saltoecologico.es\\\/wp-content\\\/uploads\\\/2025\\\/04\\\/Offshore-1.jpg\",\"width\":1024,\"height\":683,\"caption\":\"offshore wind farm at dusk in the east China sea.\"},{\"@type\":\"BreadcrumbList\",\"@id\":\"https:\\\/\\\/saltoecologico.es\\\/index.php\\\/2023\\\/02\\\/27\\\/eolica-offshore\\\/#breadcrumb\",\"itemListElement\":[{\"@type\":\"ListItem\",\"position\":1,\"name\":\"Portada\",\"item\":\"https:\\\/\\\/saltoecologico.es\\\/\"},{\"@type\":\"ListItem\",\"position\":2,\"name\":\"E\u00f3lica offshore\"}]},{\"@type\":\"WebSite\",\"@id\":\"https:\\\/\\\/saltoecologico.es\\\/#website\",\"url\":\"https:\\\/\\\/saltoecologico.es\\\/\",\"name\":\"Salto Ecol\u00f3gico\",\"description\":\"\",\"publisher\":{\"@id\":\"https:\\\/\\\/saltoecologico.es\\\/#organization\"},\"potentialAction\":[{\"@type\":\"SearchAction\",\"target\":{\"@type\":\"EntryPoint\",\"urlTemplate\":\"https:\\\/\\\/saltoecologico.es\\\/?s={search_term_string}\"},\"query-input\":{\"@type\":\"PropertyValueSpecification\",\"valueRequired\":true,\"valueName\":\"search_term_string\"}}],\"inLanguage\":\"es\"},{\"@type\":\"Organization\",\"@id\":\"https:\\\/\\\/saltoecologico.es\\\/#organization\",\"name\":\"Salto a la Transici\u00f3n Ecol\u00f3gica\",\"url\":\"https:\\\/\\\/saltoecologico.es\\\/\",\"logo\":{\"@type\":\"ImageObject\",\"inLanguage\":\"es\",\"@id\":\"https:\\\/\\\/saltoecologico.es\\\/#\\\/schema\\\/logo\\\/image\\\/\",\"url\":\"https:\\\/\\\/saltoecologico.es\\\/wp-content\\\/uploads\\\/2025\\\/04\\\/Logo-STE.jpg\",\"contentUrl\":\"https:\\\/\\\/saltoecologico.es\\\/wp-content\\\/uploads\\\/2025\\\/04\\\/Logo-STE.jpg\",\"width\":435,\"height\":435,\"caption\":\"Salto a la Transici\u00f3n Ecol\u00f3gica\"},\"image\":{\"@id\":\"https:\\\/\\\/saltoecologico.es\\\/#\\\/schema\\\/logo\\\/image\\\/\"},\"sameAs\":[\"https:\\\/\\\/www.facebook.com\\\/Saltotransicionecologica\"]},{\"@type\":\"Person\",\"@id\":\"https:\\\/\\\/saltoecologico.es\\\/#\\\/schema\\\/person\\\/7175eec4b3c123d86c675313c3a01a0b\",\"name\":\"admin\",\"image\":{\"@type\":\"ImageObject\",\"inLanguage\":\"es\",\"@id\":\"https:\\\/\\\/secure.gravatar.com\\\/avatar\\\/4c215dc57bbc7b2f2f470ac9bd197f3f112636a584e575a732d0206a2d9c9806?s=96&d=mm&r=g\",\"url\":\"https:\\\/\\\/secure.gravatar.com\\\/avatar\\\/4c215dc57bbc7b2f2f470ac9bd197f3f112636a584e575a732d0206a2d9c9806?s=96&d=mm&r=g\",\"contentUrl\":\"https:\\\/\\\/secure.gravatar.com\\\/avatar\\\/4c215dc57bbc7b2f2f470ac9bd197f3f112636a584e575a732d0206a2d9c9806?s=96&d=mm&r=g\",\"caption\":\"admin\"},\"sameAs\":[\"https:\\\/\\\/saltoecologico.es\"],\"url\":\"https:\\\/\\\/saltoecologico.es\\\/index.php\\\/author\\\/saltoecologico\\\/\"}]}<\/script>\n<!-- \/ Yoast SEO plugin. -->","yoast_head_json":{"title":"E\u00f3lica offshore - Salto Ecol\u00f3gico","robots":{"index":"index","follow":"follow","max-snippet":"max-snippet:-1","max-image-preview":"max-image-preview:large","max-video-preview":"max-video-preview:-1"},"canonical":"https:\/\/saltoecologico.es\/index.php\/2023\/02\/27\/eolica-offshore\/","og_locale":"es_ES","og_type":"article","og_title":"E\u00f3lica offshore - Salto Ecol\u00f3gico","og_description":"Recientemente se ha puesto de moda en todas las tertulias la e\u00f3lica offshore (e\u00f3lica marina) y no es en vano porque hace muy poco tiempo se aprob\u00f3 la norma estatal que regular\u00e1 su instalaci\u00f3n en el litoral espa\u00f1ol y por supuesto en el canario. Como todos sabemos, el viento es un recurso que es altamente [&hellip;]","og_url":"https:\/\/saltoecologico.es\/index.php\/2023\/02\/27\/eolica-offshore\/","og_site_name":"Salto Ecol\u00f3gico","article_publisher":"https:\/\/www.facebook.com\/Saltotransicionecologica","article_published_time":"2023-02-27T08:44:00+00:00","article_modified_time":"2025-04-17T08:44:55+00:00","og_image":[{"width":1024,"height":683,"url":"https:\/\/saltoecologico.es\/wp-content\/uploads\/2025\/04\/Offshore-1.jpg","type":"image\/jpeg"}],"author":"admin","twitter_card":"summary_large_image","twitter_misc":{"Escrito por":"admin","Tiempo de lectura":"3 minutos"},"schema":{"@context":"https:\/\/schema.org","@graph":[{"@type":"Article","@id":"https:\/\/saltoecologico.es\/index.php\/2023\/02\/27\/eolica-offshore\/#article","isPartOf":{"@id":"https:\/\/saltoecologico.es\/index.php\/2023\/02\/27\/eolica-offshore\/"},"author":{"name":"admin","@id":"https:\/\/saltoecologico.es\/#\/schema\/person\/7175eec4b3c123d86c675313c3a01a0b"},"headline":"E\u00f3lica offshore","datePublished":"2023-02-27T08:44:00+00:00","dateModified":"2025-04-17T08:44:55+00:00","mainEntityOfPage":{"@id":"https:\/\/saltoecologico.es\/index.php\/2023\/02\/27\/eolica-offshore\/"},"wordCount":624,"commentCount":0,"publisher":{"@id":"https:\/\/saltoecologico.es\/#organization"},"image":{"@id":"https:\/\/saltoecologico.es\/index.php\/2023\/02\/27\/eolica-offshore\/#primaryimage"},"thumbnailUrl":"https:\/\/saltoecologico.es\/wp-content\/uploads\/2025\/04\/Offshore-1.jpg","articleSection":["R_E\u00f3lico","Renovables"],"inLanguage":"es","potentialAction":[{"@type":"CommentAction","name":"Comment","target":["https:\/\/saltoecologico.es\/index.php\/2023\/02\/27\/eolica-offshore\/#respond"]}]},{"@type":"WebPage","@id":"https:\/\/saltoecologico.es\/index.php\/2023\/02\/27\/eolica-offshore\/","url":"https:\/\/saltoecologico.es\/index.php\/2023\/02\/27\/eolica-offshore\/","name":"E\u00f3lica offshore - Salto Ecol\u00f3gico","isPartOf":{"@id":"https:\/\/saltoecologico.es\/#website"},"primaryImageOfPage":{"@id":"https:\/\/saltoecologico.es\/index.php\/2023\/02\/27\/eolica-offshore\/#primaryimage"},"image":{"@id":"https:\/\/saltoecologico.es\/index.php\/2023\/02\/27\/eolica-offshore\/#primaryimage"},"thumbnailUrl":"https:\/\/saltoecologico.es\/wp-content\/uploads\/2025\/04\/Offshore-1.jpg","datePublished":"2023-02-27T08:44:00+00:00","dateModified":"2025-04-17T08:44:55+00:00","breadcrumb":{"@id":"https:\/\/saltoecologico.es\/index.php\/2023\/02\/27\/eolica-offshore\/#breadcrumb"},"inLanguage":"es","potentialAction":[{"@type":"ReadAction","target":["https:\/\/saltoecologico.es\/index.php\/2023\/02\/27\/eolica-offshore\/"]}]},{"@type":"ImageObject","inLanguage":"es","@id":"https:\/\/saltoecologico.es\/index.php\/2023\/02\/27\/eolica-offshore\/#primaryimage","url":"https:\/\/saltoecologico.es\/wp-content\/uploads\/2025\/04\/Offshore-1.jpg","contentUrl":"https:\/\/saltoecologico.es\/wp-content\/uploads\/2025\/04\/Offshore-1.jpg","width":1024,"height":683,"caption":"offshore wind farm at dusk in the east China sea."},{"@type":"BreadcrumbList","@id":"https:\/\/saltoecologico.es\/index.php\/2023\/02\/27\/eolica-offshore\/#breadcrumb","itemListElement":[{"@type":"ListItem","position":1,"name":"Portada","item":"https:\/\/saltoecologico.es\/"},{"@type":"ListItem","position":2,"name":"E\u00f3lica offshore"}]},{"@type":"WebSite","@id":"https:\/\/saltoecologico.es\/#website","url":"https:\/\/saltoecologico.es\/","name":"Salto Ecol\u00f3gico","description":"","publisher":{"@id":"https:\/\/saltoecologico.es\/#organization"},"potentialAction":[{"@type":"SearchAction","target":{"@type":"EntryPoint","urlTemplate":"https:\/\/saltoecologico.es\/?s={search_term_string}"},"query-input":{"@type":"PropertyValueSpecification","valueRequired":true,"valueName":"search_term_string"}}],"inLanguage":"es"},{"@type":"Organization","@id":"https:\/\/saltoecologico.es\/#organization","name":"Salto a la Transici\u00f3n Ecol\u00f3gica","url":"https:\/\/saltoecologico.es\/","logo":{"@type":"ImageObject","inLanguage":"es","@id":"https:\/\/saltoecologico.es\/#\/schema\/logo\/image\/","url":"https:\/\/saltoecologico.es\/wp-content\/uploads\/2025\/04\/Logo-STE.jpg","contentUrl":"https:\/\/saltoecologico.es\/wp-content\/uploads\/2025\/04\/Logo-STE.jpg","width":435,"height":435,"caption":"Salto a la Transici\u00f3n Ecol\u00f3gica"},"image":{"@id":"https:\/\/saltoecologico.es\/#\/schema\/logo\/image\/"},"sameAs":["https:\/\/www.facebook.com\/Saltotransicionecologica"]},{"@type":"Person","@id":"https:\/\/saltoecologico.es\/#\/schema\/person\/7175eec4b3c123d86c675313c3a01a0b","name":"admin","image":{"@type":"ImageObject","inLanguage":"es","@id":"https:\/\/secure.gravatar.com\/avatar\/4c215dc57bbc7b2f2f470ac9bd197f3f112636a584e575a732d0206a2d9c9806?s=96&d=mm&r=g","url":"https:\/\/secure.gravatar.com\/avatar\/4c215dc57bbc7b2f2f470ac9bd197f3f112636a584e575a732d0206a2d9c9806?s=96&d=mm&r=g","contentUrl":"https:\/\/secure.gravatar.com\/avatar\/4c215dc57bbc7b2f2f470ac9bd197f3f112636a584e575a732d0206a2d9c9806?s=96&d=mm&r=g","caption":"admin"},"sameAs":["https:\/\/saltoecologico.es"],"url":"https:\/\/saltoecologico.es\/index.php\/author\/saltoecologico\/"}]}},"_links":{"self":[{"href":"https:\/\/saltoecologico.es\/index.php\/wp-json\/wp\/v2\/posts\/612","targetHints":{"allow":["GET"]}}],"collection":[{"href":"https:\/\/saltoecologico.es\/index.php\/wp-json\/wp\/v2\/posts"}],"about":[{"href":"https:\/\/saltoecologico.es\/index.php\/wp-json\/wp\/v2\/types\/post"}],"author":[{"embeddable":true,"href":"https:\/\/saltoecologico.es\/index.php\/wp-json\/wp\/v2\/users\/1"}],"replies":[{"embeddable":true,"href":"https:\/\/saltoecologico.es\/index.php\/wp-json\/wp\/v2\/comments?post=612"}],"version-history":[{"count":1,"href":"https:\/\/saltoecologico.es\/index.php\/wp-json\/wp\/v2\/posts\/612\/revisions"}],"predecessor-version":[{"id":614,"href":"https:\/\/saltoecologico.es\/index.php\/wp-json\/wp\/v2\/posts\/612\/revisions\/614"}],"wp:featuredmedia":[{"embeddable":true,"href":"https:\/\/saltoecologico.es\/index.php\/wp-json\/wp\/v2\/media\/613"}],"wp:attachment":[{"href":"https:\/\/saltoecologico.es\/index.php\/wp-json\/wp\/v2\/media?parent=612"}],"wp:term":[{"taxonomy":"category","embeddable":true,"href":"https:\/\/saltoecologico.es\/index.php\/wp-json\/wp\/v2\/categories?post=612"},{"taxonomy":"post_tag","embeddable":true,"href":"https:\/\/saltoecologico.es\/index.php\/wp-json\/wp\/v2\/tags?post=612"}],"curies":[{"name":"wp","href":"https:\/\/api.w.org\/{rel}","templated":true}]}}