{"id":615,"date":"2023-06-21T08:48:00","date_gmt":"2023-06-21T08:48:00","guid":{"rendered":"https:\/\/saltoecologico.es\/?p=615"},"modified":"2025-04-17T08:48:43","modified_gmt":"2025-04-17T08:48:43","slug":"negacionismo","status":"publish","type":"post","link":"https:\/\/saltoecologico.es\/index.php\/2023\/06\/21\/negacionismo\/","title":{"rendered":"Negacionismo"},"content":{"rendered":"\n<p class=\"wp-block-paragraph\">Todo parece indicar que por una vez y sin que sirva de precedente el raciocinio y el parecer cient\u00edfico se imponen en un mundo donde las \u201cFake News\u201d campan a sus anchas. Me estoy refiriendo a la aceptaci\u00f3n mayoritariamente por parte de la sociedad que el Cambio Clim\u00e1tico Antropog\u00e9nico es una realidad y que tendr\u00e1 consecuencias terribles para la vida en el planeta tierra. Pero he aqu\u00ed que los negacionistas en vez de admitir la derrota y arrimar el hombro para combatirlo, han decidido cambiar de estrategia y apoyados por una legi\u00f3n de ecologistas despistados, han fijado su diana en las medidas para combatirlo.<\/p>\n\n\n\n<p class=\"wp-block-paragraph\">El Cambio Clim\u00e1tico Antropog\u00e9nico tiene dos aspectos fundamentales que lo caracterizan. En primer lugar, es una variaci\u00f3n clim\u00e1tica producida por las acciones descontroladas del ser humano, fundamentalmente por las emisiones de gases de efecto invernadero, procedentes de la quema de combustibles f\u00f3siles. En segundo lugar, esta variaci\u00f3n clim\u00e1tica se est\u00e1 produciendo a una velocidad inusitada, lo que provoca que nos hayamos quedado sin tiempo para intentar revertir esta situaci\u00f3n. Tenemos que dejar de quemar combustibles f\u00f3siles y lo tenemos que hacer para antes de ayer. Por tanto y si no queremos volver a la edad de piedra, tenemos que fundamentar nuestras econom\u00edas bajo el paradigma de las energ\u00edas renovables.<\/p>\n\n\n\n<p class=\"wp-block-paragraph\">Pues bien, es aqu\u00ed donde aparece el neonegacionismo, obstaculizando y poniendo palos en las ruedas al despliegue de estas renovables.<\/p>\n\n\n\n<p class=\"wp-block-paragraph\">La implantaci\u00f3n de las tecnolog\u00edas renovables se tiene que llevar a cabo de una manera masiva, extendida, pero sobre todo de una manera r\u00e1pida, todo lo r\u00e1pida de lo que seamos capaces, porque como hemos dicho, ya estamos en tiempo de descuento y todo lo que consigamos aminorar el tiempo del cambio de los combustibles f\u00f3siles es oro. Por todo ello, es crucial que activemos todos los mecanismos que nuestra sociedad permite, para llevar a cabo esta colosal tarea en tiempo y forma.<\/p>\n\n\n\n<p class=\"wp-block-paragraph\">Pero entonces, utilizando nuestros propios anhelos y ansias, se nos proponen escenarios en los que tenemos que plantearnos viejas disquisiciones que el ser humano ha tenido a lo largo de la historia y que, por viejas, son, lamentablemente, incompatible con los consensos. Las viejas ideas de la democratizaci\u00f3n de los bienes de producci\u00f3n, de las fuentes de riqueza, de la econom\u00eda horizontal, de las transiciones justas, son esl\u00f3ganes que los poderes neonegacionistas exhiben delante de muchos ecologistas, a modo de capote delante de un toro y estos no pueden resistir entrar al embiste.<\/p>\n\n\n\n<p class=\"wp-block-paragraph\">No es cierto que solo con autoconsumo podamos cubrir la demanda el\u00e9ctrica, ni por n\u00fameros, ni por el funcionamiento intr\u00ednseco de estos. Pero, aunque si as\u00ed fuera, no podemos esperar a que cada ciudadano tome la decisi\u00f3n de poner placas fotovoltaicas en sus tejados, ni bater\u00edas en sus despensas. No podemos desechar los macro parques fotovoltaicos o los parques e\u00f3licos porque nos causan impacto visual o porque el capital invertido no proviene de peque\u00f1os ahorradores. No podemos desechar la e\u00f3lica Off-Shore por cuestiones paisaj\u00edsticas en nuestros litorales o porque seg\u00fan ellos, puede afectar a los pescadores de bajura, cuando es un sector que est\u00e1 en pleno retroceso en la actualidad. No podemos rechazar la instalaci\u00f3n de centrales de bombeo reversible con argumentos tan peregrinos de que son tecnolog\u00edas desfasadas y a la vez mantener que con estos sistemas se est\u00e1 vendiendo la soberan\u00eda energ\u00e9tica de los territorios. No podemos plegarnos a la introducci\u00f3n del gas en aquellos territorios donde a\u00fan no est\u00e1, por el simple hecho de que nuestras reservas a la implantaci\u00f3n masiva de renovables, nos deja sin alternativas plausibles.<\/p>\n\n\n\n<p class=\"wp-block-paragraph\">En cualquier pir\u00e1mide de las prioridades humanas, indefectiblemente la que deber\u00eda estar en la c\u00faspide, sin ning\u00fan genero de dudas, deber\u00eda ser la supervivencia de la especie y ante eso no hay disquisici\u00f3n posible. Por tanto, en nuestra humilde opini\u00f3n lo que toca es hacer una reflexi\u00f3n profunda y sosegada de la situaci\u00f3n en la que nos encontramos y si la conclusi\u00f3n es que tenemos todo el tiempo del mundo para tomar decisiones, perfecto, continuemos debatiendo sobre las cuestiones expuestas. Pero si, por el contrario, del an\u00e1lisis emp\u00edrico expuesto por la comunidad cient\u00edfica, llegamos a la conclusi\u00f3n de que ya ni siquiera estamos en la cuenta atr\u00e1s y hay que actuar de manera inminente, decidida y sin titubeos, tenemos que poner todo nuestro potencial al servicio de un fin mayor para acabar cuanto antes con esta amenaza cierta.<\/p>\n","protected":false},"excerpt":{"rendered":"<p>Todo parece indicar que por una vez y sin que sirva de precedente el raciocinio y el parecer cient\u00edfico se imponen en un mundo donde las \u201cFake News\u201d campan a sus anchas. Me estoy refiriendo a la aceptaci\u00f3n mayoritariamente por parte de la sociedad que el Cambio Clim\u00e1tico Antropog\u00e9nico es una realidad y que tendr\u00e1 [&hellip;]<\/p>\n","protected":false},"author":1,"featured_media":616,"comment_status":"open","ping_status":"open","sticky":false,"template":"","format":"standard","meta":{"footnotes":""},"categories":[55],"tags":[],"class_list":["post-615","post","type-post","status-publish","format-standard","has-post-thumbnail","category-general"],"yoast_head":"<!-- This site is optimized with the Yoast SEO plugin v28.2 - https:\/\/yoast.com\/product\/yoast-seo-wordpress\/ -->\n<title>Negacionismo - Salto Ecol\u00f3gico<\/title>\n<meta name=\"robots\" content=\"index, follow, max-snippet:-1, max-image-preview:large, max-video-preview:-1\" \/>\n<link rel=\"canonical\" href=\"https:\/\/saltoecologico.es\/index.php\/2023\/06\/21\/negacionismo\/\" \/>\n<meta property=\"og:locale\" content=\"es_ES\" \/>\n<meta property=\"og:type\" content=\"article\" \/>\n<meta property=\"og:title\" content=\"Negacionismo - Salto Ecol\u00f3gico\" \/>\n<meta property=\"og:description\" content=\"Todo parece indicar que por una vez y sin que sirva de precedente el raciocinio y el parecer cient\u00edfico se imponen en un mundo donde las \u201cFake News\u201d campan a sus anchas. Me estoy refiriendo a la aceptaci\u00f3n mayoritariamente por parte de la sociedad que el Cambio Clim\u00e1tico Antropog\u00e9nico es una realidad y que tendr\u00e1 [&hellip;]\" \/>\n<meta property=\"og:url\" content=\"https:\/\/saltoecologico.es\/index.php\/2023\/06\/21\/negacionismo\/\" \/>\n<meta property=\"og:site_name\" content=\"Salto Ecol\u00f3gico\" \/>\n<meta property=\"article:publisher\" content=\"https:\/\/www.facebook.com\/Saltotransicionecologica\" \/>\n<meta property=\"article:published_time\" content=\"2023-06-21T08:48:00+00:00\" \/>\n<meta property=\"article:modified_time\" content=\"2025-04-17T08:48:43+00:00\" \/>\n<meta property=\"og:image\" content=\"https:\/\/saltoecologico.es\/wp-content\/uploads\/2025\/04\/Fosiles14.jpg\" \/>\n\t<meta property=\"og:image:width\" content=\"1024\" \/>\n\t<meta property=\"og:image:height\" content=\"683\" \/>\n\t<meta property=\"og:image:type\" content=\"image\/jpeg\" \/>\n<meta name=\"author\" content=\"admin\" \/>\n<meta name=\"twitter:card\" content=\"summary_large_image\" \/>\n<meta name=\"twitter:label1\" content=\"Escrito por\" \/>\n\t<meta name=\"twitter:data1\" content=\"admin\" \/>\n\t<meta name=\"twitter:label2\" content=\"Tiempo de lectura\" \/>\n\t<meta name=\"twitter:data2\" content=\"4 minutos\" \/>\n<script type=\"application\/ld+json\" class=\"yoast-schema-graph\">{\"@context\":\"https:\\\/\\\/schema.org\",\"@graph\":[{\"@type\":\"Article\",\"@id\":\"https:\\\/\\\/saltoecologico.es\\\/index.php\\\/2023\\\/06\\\/21\\\/negacionismo\\\/#article\",\"isPartOf\":{\"@id\":\"https:\\\/\\\/saltoecologico.es\\\/index.php\\\/2023\\\/06\\\/21\\\/negacionismo\\\/\"},\"author\":{\"name\":\"admin\",\"@id\":\"https:\\\/\\\/saltoecologico.es\\\/#\\\/schema\\\/person\\\/7175eec4b3c123d86c675313c3a01a0b\"},\"headline\":\"Negacionismo\",\"datePublished\":\"2023-06-21T08:48:00+00:00\",\"dateModified\":\"2025-04-17T08:48:43+00:00\",\"mainEntityOfPage\":{\"@id\":\"https:\\\/\\\/saltoecologico.es\\\/index.php\\\/2023\\\/06\\\/21\\\/negacionismo\\\/\"},\"wordCount\":786,\"commentCount\":0,\"publisher\":{\"@id\":\"https:\\\/\\\/saltoecologico.es\\\/#organization\"},\"image\":{\"@id\":\"https:\\\/\\\/saltoecologico.es\\\/index.php\\\/2023\\\/06\\\/21\\\/negacionismo\\\/#primaryimage\"},\"thumbnailUrl\":\"https:\\\/\\\/saltoecologico.es\\\/wp-content\\\/uploads\\\/2025\\\/04\\\/Fosiles14.jpg\",\"articleSection\":[\"General\"],\"inLanguage\":\"es\",\"potentialAction\":[{\"@type\":\"CommentAction\",\"name\":\"Comment\",\"target\":[\"https:\\\/\\\/saltoecologico.es\\\/index.php\\\/2023\\\/06\\\/21\\\/negacionismo\\\/#respond\"]}]},{\"@type\":\"WebPage\",\"@id\":\"https:\\\/\\\/saltoecologico.es\\\/index.php\\\/2023\\\/06\\\/21\\\/negacionismo\\\/\",\"url\":\"https:\\\/\\\/saltoecologico.es\\\/index.php\\\/2023\\\/06\\\/21\\\/negacionismo\\\/\",\"name\":\"Negacionismo - Salto Ecol\u00f3gico\",\"isPartOf\":{\"@id\":\"https:\\\/\\\/saltoecologico.es\\\/#website\"},\"primaryImageOfPage\":{\"@id\":\"https:\\\/\\\/saltoecologico.es\\\/index.php\\\/2023\\\/06\\\/21\\\/negacionismo\\\/#primaryimage\"},\"image\":{\"@id\":\"https:\\\/\\\/saltoecologico.es\\\/index.php\\\/2023\\\/06\\\/21\\\/negacionismo\\\/#primaryimage\"},\"thumbnailUrl\":\"https:\\\/\\\/saltoecologico.es\\\/wp-content\\\/uploads\\\/2025\\\/04\\\/Fosiles14.jpg\",\"datePublished\":\"2023-06-21T08:48:00+00:00\",\"dateModified\":\"2025-04-17T08:48:43+00:00\",\"breadcrumb\":{\"@id\":\"https:\\\/\\\/saltoecologico.es\\\/index.php\\\/2023\\\/06\\\/21\\\/negacionismo\\\/#breadcrumb\"},\"inLanguage\":\"es\",\"potentialAction\":[{\"@type\":\"ReadAction\",\"target\":[\"https:\\\/\\\/saltoecologico.es\\\/index.php\\\/2023\\\/06\\\/21\\\/negacionismo\\\/\"]}]},{\"@type\":\"ImageObject\",\"inLanguage\":\"es\",\"@id\":\"https:\\\/\\\/saltoecologico.es\\\/index.php\\\/2023\\\/06\\\/21\\\/negacionismo\\\/#primaryimage\",\"url\":\"https:\\\/\\\/saltoecologico.es\\\/wp-content\\\/uploads\\\/2025\\\/04\\\/Fosiles14.jpg\",\"contentUrl\":\"https:\\\/\\\/saltoecologico.es\\\/wp-content\\\/uploads\\\/2025\\\/04\\\/Fosiles14.jpg\",\"width\":1024,\"height\":683,\"caption\":\"Industrial chimneys releasing smoke over trees during sunset, symbolizing environmental pollution and climate change.\"},{\"@type\":\"BreadcrumbList\",\"@id\":\"https:\\\/\\\/saltoecologico.es\\\/index.php\\\/2023\\\/06\\\/21\\\/negacionismo\\\/#breadcrumb\",\"itemListElement\":[{\"@type\":\"ListItem\",\"position\":1,\"name\":\"Portada\",\"item\":\"https:\\\/\\\/saltoecologico.es\\\/\"},{\"@type\":\"ListItem\",\"position\":2,\"name\":\"Negacionismo\"}]},{\"@type\":\"WebSite\",\"@id\":\"https:\\\/\\\/saltoecologico.es\\\/#website\",\"url\":\"https:\\\/\\\/saltoecologico.es\\\/\",\"name\":\"Salto Ecol\u00f3gico\",\"description\":\"\",\"publisher\":{\"@id\":\"https:\\\/\\\/saltoecologico.es\\\/#organization\"},\"potentialAction\":[{\"@type\":\"SearchAction\",\"target\":{\"@type\":\"EntryPoint\",\"urlTemplate\":\"https:\\\/\\\/saltoecologico.es\\\/?s={search_term_string}\"},\"query-input\":{\"@type\":\"PropertyValueSpecification\",\"valueRequired\":true,\"valueName\":\"search_term_string\"}}],\"inLanguage\":\"es\"},{\"@type\":\"Organization\",\"@id\":\"https:\\\/\\\/saltoecologico.es\\\/#organization\",\"name\":\"Salto a la Transici\u00f3n Ecol\u00f3gica\",\"url\":\"https:\\\/\\\/saltoecologico.es\\\/\",\"logo\":{\"@type\":\"ImageObject\",\"inLanguage\":\"es\",\"@id\":\"https:\\\/\\\/saltoecologico.es\\\/#\\\/schema\\\/logo\\\/image\\\/\",\"url\":\"https:\\\/\\\/saltoecologico.es\\\/wp-content\\\/uploads\\\/2025\\\/04\\\/Logo-STE.jpg\",\"contentUrl\":\"https:\\\/\\\/saltoecologico.es\\\/wp-content\\\/uploads\\\/2025\\\/04\\\/Logo-STE.jpg\",\"width\":435,\"height\":435,\"caption\":\"Salto a la Transici\u00f3n Ecol\u00f3gica\"},\"image\":{\"@id\":\"https:\\\/\\\/saltoecologico.es\\\/#\\\/schema\\\/logo\\\/image\\\/\"},\"sameAs\":[\"https:\\\/\\\/www.facebook.com\\\/Saltotransicionecologica\"]},{\"@type\":\"Person\",\"@id\":\"https:\\\/\\\/saltoecologico.es\\\/#\\\/schema\\\/person\\\/7175eec4b3c123d86c675313c3a01a0b\",\"name\":\"admin\",\"image\":{\"@type\":\"ImageObject\",\"inLanguage\":\"es\",\"@id\":\"https:\\\/\\\/secure.gravatar.com\\\/avatar\\\/4c215dc57bbc7b2f2f470ac9bd197f3f112636a584e575a732d0206a2d9c9806?s=96&d=mm&r=g\",\"url\":\"https:\\\/\\\/secure.gravatar.com\\\/avatar\\\/4c215dc57bbc7b2f2f470ac9bd197f3f112636a584e575a732d0206a2d9c9806?s=96&d=mm&r=g\",\"contentUrl\":\"https:\\\/\\\/secure.gravatar.com\\\/avatar\\\/4c215dc57bbc7b2f2f470ac9bd197f3f112636a584e575a732d0206a2d9c9806?s=96&d=mm&r=g\",\"caption\":\"admin\"},\"sameAs\":[\"https:\\\/\\\/saltoecologico.es\"],\"url\":\"https:\\\/\\\/saltoecologico.es\\\/index.php\\\/author\\\/saltoecologico\\\/\"}]}<\/script>\n<!-- \/ Yoast SEO plugin. -->","yoast_head_json":{"title":"Negacionismo - Salto Ecol\u00f3gico","robots":{"index":"index","follow":"follow","max-snippet":"max-snippet:-1","max-image-preview":"max-image-preview:large","max-video-preview":"max-video-preview:-1"},"canonical":"https:\/\/saltoecologico.es\/index.php\/2023\/06\/21\/negacionismo\/","og_locale":"es_ES","og_type":"article","og_title":"Negacionismo - Salto Ecol\u00f3gico","og_description":"Todo parece indicar que por una vez y sin que sirva de precedente el raciocinio y el parecer cient\u00edfico se imponen en un mundo donde las \u201cFake News\u201d campan a sus anchas. Me estoy refiriendo a la aceptaci\u00f3n mayoritariamente por parte de la sociedad que el Cambio Clim\u00e1tico Antropog\u00e9nico es una realidad y que tendr\u00e1 [&hellip;]","og_url":"https:\/\/saltoecologico.es\/index.php\/2023\/06\/21\/negacionismo\/","og_site_name":"Salto Ecol\u00f3gico","article_publisher":"https:\/\/www.facebook.com\/Saltotransicionecologica","article_published_time":"2023-06-21T08:48:00+00:00","article_modified_time":"2025-04-17T08:48:43+00:00","og_image":[{"width":1024,"height":683,"url":"https:\/\/saltoecologico.es\/wp-content\/uploads\/2025\/04\/Fosiles14.jpg","type":"image\/jpeg"}],"author":"admin","twitter_card":"summary_large_image","twitter_misc":{"Escrito por":"admin","Tiempo de lectura":"4 minutos"},"schema":{"@context":"https:\/\/schema.org","@graph":[{"@type":"Article","@id":"https:\/\/saltoecologico.es\/index.php\/2023\/06\/21\/negacionismo\/#article","isPartOf":{"@id":"https:\/\/saltoecologico.es\/index.php\/2023\/06\/21\/negacionismo\/"},"author":{"name":"admin","@id":"https:\/\/saltoecologico.es\/#\/schema\/person\/7175eec4b3c123d86c675313c3a01a0b"},"headline":"Negacionismo","datePublished":"2023-06-21T08:48:00+00:00","dateModified":"2025-04-17T08:48:43+00:00","mainEntityOfPage":{"@id":"https:\/\/saltoecologico.es\/index.php\/2023\/06\/21\/negacionismo\/"},"wordCount":786,"commentCount":0,"publisher":{"@id":"https:\/\/saltoecologico.es\/#organization"},"image":{"@id":"https:\/\/saltoecologico.es\/index.php\/2023\/06\/21\/negacionismo\/#primaryimage"},"thumbnailUrl":"https:\/\/saltoecologico.es\/wp-content\/uploads\/2025\/04\/Fosiles14.jpg","articleSection":["General"],"inLanguage":"es","potentialAction":[{"@type":"CommentAction","name":"Comment","target":["https:\/\/saltoecologico.es\/index.php\/2023\/06\/21\/negacionismo\/#respond"]}]},{"@type":"WebPage","@id":"https:\/\/saltoecologico.es\/index.php\/2023\/06\/21\/negacionismo\/","url":"https:\/\/saltoecologico.es\/index.php\/2023\/06\/21\/negacionismo\/","name":"Negacionismo - Salto Ecol\u00f3gico","isPartOf":{"@id":"https:\/\/saltoecologico.es\/#website"},"primaryImageOfPage":{"@id":"https:\/\/saltoecologico.es\/index.php\/2023\/06\/21\/negacionismo\/#primaryimage"},"image":{"@id":"https:\/\/saltoecologico.es\/index.php\/2023\/06\/21\/negacionismo\/#primaryimage"},"thumbnailUrl":"https:\/\/saltoecologico.es\/wp-content\/uploads\/2025\/04\/Fosiles14.jpg","datePublished":"2023-06-21T08:48:00+00:00","dateModified":"2025-04-17T08:48:43+00:00","breadcrumb":{"@id":"https:\/\/saltoecologico.es\/index.php\/2023\/06\/21\/negacionismo\/#breadcrumb"},"inLanguage":"es","potentialAction":[{"@type":"ReadAction","target":["https:\/\/saltoecologico.es\/index.php\/2023\/06\/21\/negacionismo\/"]}]},{"@type":"ImageObject","inLanguage":"es","@id":"https:\/\/saltoecologico.es\/index.php\/2023\/06\/21\/negacionismo\/#primaryimage","url":"https:\/\/saltoecologico.es\/wp-content\/uploads\/2025\/04\/Fosiles14.jpg","contentUrl":"https:\/\/saltoecologico.es\/wp-content\/uploads\/2025\/04\/Fosiles14.jpg","width":1024,"height":683,"caption":"Industrial chimneys releasing smoke over trees during sunset, symbolizing environmental pollution and climate change."},{"@type":"BreadcrumbList","@id":"https:\/\/saltoecologico.es\/index.php\/2023\/06\/21\/negacionismo\/#breadcrumb","itemListElement":[{"@type":"ListItem","position":1,"name":"Portada","item":"https:\/\/saltoecologico.es\/"},{"@type":"ListItem","position":2,"name":"Negacionismo"}]},{"@type":"WebSite","@id":"https:\/\/saltoecologico.es\/#website","url":"https:\/\/saltoecologico.es\/","name":"Salto Ecol\u00f3gico","description":"","publisher":{"@id":"https:\/\/saltoecologico.es\/#organization"},"potentialAction":[{"@type":"SearchAction","target":{"@type":"EntryPoint","urlTemplate":"https:\/\/saltoecologico.es\/?s={search_term_string}"},"query-input":{"@type":"PropertyValueSpecification","valueRequired":true,"valueName":"search_term_string"}}],"inLanguage":"es"},{"@type":"Organization","@id":"https:\/\/saltoecologico.es\/#organization","name":"Salto a la Transici\u00f3n Ecol\u00f3gica","url":"https:\/\/saltoecologico.es\/","logo":{"@type":"ImageObject","inLanguage":"es","@id":"https:\/\/saltoecologico.es\/#\/schema\/logo\/image\/","url":"https:\/\/saltoecologico.es\/wp-content\/uploads\/2025\/04\/Logo-STE.jpg","contentUrl":"https:\/\/saltoecologico.es\/wp-content\/uploads\/2025\/04\/Logo-STE.jpg","width":435,"height":435,"caption":"Salto a la Transici\u00f3n Ecol\u00f3gica"},"image":{"@id":"https:\/\/saltoecologico.es\/#\/schema\/logo\/image\/"},"sameAs":["https:\/\/www.facebook.com\/Saltotransicionecologica"]},{"@type":"Person","@id":"https:\/\/saltoecologico.es\/#\/schema\/person\/7175eec4b3c123d86c675313c3a01a0b","name":"admin","image":{"@type":"ImageObject","inLanguage":"es","@id":"https:\/\/secure.gravatar.com\/avatar\/4c215dc57bbc7b2f2f470ac9bd197f3f112636a584e575a732d0206a2d9c9806?s=96&d=mm&r=g","url":"https:\/\/secure.gravatar.com\/avatar\/4c215dc57bbc7b2f2f470ac9bd197f3f112636a584e575a732d0206a2d9c9806?s=96&d=mm&r=g","contentUrl":"https:\/\/secure.gravatar.com\/avatar\/4c215dc57bbc7b2f2f470ac9bd197f3f112636a584e575a732d0206a2d9c9806?s=96&d=mm&r=g","caption":"admin"},"sameAs":["https:\/\/saltoecologico.es"],"url":"https:\/\/saltoecologico.es\/index.php\/author\/saltoecologico\/"}]}},"_links":{"self":[{"href":"https:\/\/saltoecologico.es\/index.php\/wp-json\/wp\/v2\/posts\/615","targetHints":{"allow":["GET"]}}],"collection":[{"href":"https:\/\/saltoecologico.es\/index.php\/wp-json\/wp\/v2\/posts"}],"about":[{"href":"https:\/\/saltoecologico.es\/index.php\/wp-json\/wp\/v2\/types\/post"}],"author":[{"embeddable":true,"href":"https:\/\/saltoecologico.es\/index.php\/wp-json\/wp\/v2\/users\/1"}],"replies":[{"embeddable":true,"href":"https:\/\/saltoecologico.es\/index.php\/wp-json\/wp\/v2\/comments?post=615"}],"version-history":[{"count":1,"href":"https:\/\/saltoecologico.es\/index.php\/wp-json\/wp\/v2\/posts\/615\/revisions"}],"predecessor-version":[{"id":617,"href":"https:\/\/saltoecologico.es\/index.php\/wp-json\/wp\/v2\/posts\/615\/revisions\/617"}],"wp:featuredmedia":[{"embeddable":true,"href":"https:\/\/saltoecologico.es\/index.php\/wp-json\/wp\/v2\/media\/616"}],"wp:attachment":[{"href":"https:\/\/saltoecologico.es\/index.php\/wp-json\/wp\/v2\/media?parent=615"}],"wp:term":[{"taxonomy":"category","embeddable":true,"href":"https:\/\/saltoecologico.es\/index.php\/wp-json\/wp\/v2\/categories?post=615"},{"taxonomy":"post_tag","embeddable":true,"href":"https:\/\/saltoecologico.es\/index.php\/wp-json\/wp\/v2\/tags?post=615"}],"curies":[{"name":"wp","href":"https:\/\/api.w.org\/{rel}","templated":true}]}}