{"id":618,"date":"2023-07-16T08:50:00","date_gmt":"2023-07-16T08:50:00","guid":{"rendered":"https:\/\/saltoecologico.es\/?p=618"},"modified":"2025-04-17T08:50:55","modified_gmt":"2025-04-17T08:50:55","slug":"discurso-decepcionante","status":"publish","type":"post","link":"https:\/\/saltoecologico.es\/index.php\/2023\/07\/16\/discurso-decepcionante\/","title":{"rendered":"Discurso decepcionante"},"content":{"rendered":"\n<p class=\"wp-block-paragraph\">En su discurso de investidura el se\u00f1or Clavijo ha dedicado al problema del Cambio Clim\u00e1tico Antropog\u00e9nico el siguiente y lac\u00f3nico p\u00e1rrafo:<\/p>\n\n\n\n<p class=\"wp-block-paragraph\">\u201cEn materia de transici\u00f3n ecol\u00f3gica sumaremos propuestas para lograr pasar del 20% al 45% de energ\u00edas renovables en los pr\u00f3ximos cuatro a\u00f1os y conseguir as\u00ed el reto europeo de emisiones netas en el a\u00f1o 2050; con planificaci\u00f3n energ\u00e9tica y territorial. Con participaci\u00f3n y consenso\u201d.<\/p>\n\n\n\n<p class=\"wp-block-paragraph\">De este p\u00e1rrafo se pueden extraer bastantes conclusiones y la mayor\u00eda barruntan un futuro bastante negro para poder afrontar el reto descomunal al que se enfrenta toda la humanidad y que se convierte, por s\u00ed mismo, en una tarea sin precedentes que pone al ser humano en una situaci\u00f3n apocal\u00edptica y sin retorno posible.<\/p>\n\n\n\n<p class=\"wp-block-paragraph\">En primer lugar, no es necesario partir de cero \u201csumando propuestas\u201d puesto que ya existe un estudio muy concienzudo por parte del Instituto Tecnol\u00f3gico de Canarias (ITC) en el que se realiza un an\u00e1lisis pormenorizado de las necesidades energ\u00e9ticas del archipi\u00e9lago, tanto en su vertiente el\u00e9ctrica, como del trasporte mar\u00edtimo, a\u00e9reo y terrestre, como las necesidades t\u00e9rmicas y de climatizaci\u00f3n, o como las necesidades energ\u00e9ticas de la industria. Partiendo de este an\u00e1lisis se detalla los recursos que se tienen en cuanto a la producci\u00f3n e\u00f3lica, fotovoltaica, geot\u00e9rmica, energ\u00edas marinas y utilizaci\u00f3n del hidr\u00f3geno como vector energ\u00e9tico circular de todo el proceso. Por \u00faltimo se engarza todo en un sistema energ\u00e9tico pleno que garantizar\u00eda el abastecimiento de todas las necesidades de energ\u00eda del archipi\u00e9lago, en un tiempo aceptable y con cero emisiones.<\/p>\n\n\n\n<p class=\"wp-block-paragraph\">En segundo lugar, existe una contradicci\u00f3n exasperante en pretender alcanzar el 45% en solo cuatro a\u00f1os y postergar el otro 55% a m\u00e1s de 23 a\u00f1os. Es un planteamiento absurdo que atenta contra el sentido com\u00fan de cualquiera que lo lea.<\/p>\n\n\n\n<p class=\"wp-block-paragraph\">En tercer lugar, el estudio realizado por el ITC plantea lograr la total descarbonizaci\u00f3n en el 2040 de una manera completamente realizable, por lo que no se entiende el postergar a 2050 esa culminaci\u00f3n, a no ser que se pretenda retardar la entrada de renovables, recurriendo a combustibles f\u00f3siles como el gas natural, con todas las implicaciones perniciosas que ello conlleva.<\/p>\n\n\n\n<p class=\"wp-block-paragraph\">En cuarto lugar, esta una cuesti\u00f3n de convencimiento y compromiso cient\u00edfico. Si se est\u00e1 con la ciencia que mantiene la existencia del Cambio Clim\u00e1tico generado por el hombre, cuya causa principal es las emisiones producidas por la combusti\u00f3n de combustibles f\u00f3siles, se estar\u00eda en el deber \u00e9tico y moral de hacer todo lo que est\u00e9 en nuestra mano, para paliar estas emisiones en el tiempo m\u00e1s corto posible, m\u00e1s all\u00e1 de cumplir un requerimiento a nivel europeo, porque aqu\u00ed no se esta intentando evitar una sanci\u00f3n de la comunidad, aqu\u00ed de lo que se trata es de evitar que nuestros hijos se queden sin futuro.<\/p>\n\n\n\n<p class=\"wp-block-paragraph\">En definitiva, un discurso deficitario, pero ya no solo por lo breve en materia de Cambio Clim\u00e1tico, sino en que las pocas cosas que se dicen, dejan traslucir el negacionismo ya impl\u00edcito en muchas declaraciones anteriores de los componentes del gobierno y que nos abocan a una serie de actuaciones retardistas que es la nueva postura de este negacionismo clim\u00e1tico.<\/p>\n\n\n\n<p class=\"wp-block-paragraph\">Ante esta constataci\u00f3n y de manera lamentable, lo que queda es comenzar a abogar por las pol\u00edticas paliativas contra los efectos de un cambio clim\u00e1tico para el que no hay voluntad de confrontar.<\/p>\n","protected":false},"excerpt":{"rendered":"<p>En su discurso de investidura el se\u00f1or Clavijo ha dedicado al problema del Cambio Clim\u00e1tico Antropog\u00e9nico el siguiente y lac\u00f3nico p\u00e1rrafo: \u201cEn materia de transici\u00f3n ecol\u00f3gica sumaremos propuestas para lograr pasar del 20% al 45% de energ\u00edas renovables en los pr\u00f3ximos cuatro a\u00f1os y conseguir as\u00ed el reto europeo de emisiones netas en el a\u00f1o [&hellip;]<\/p>\n","protected":false},"author":1,"featured_media":619,"comment_status":"open","ping_status":"open","sticky":false,"template":"","format":"standard","meta":{"footnotes":""},"categories":[55],"tags":[],"class_list":["post-618","post","type-post","status-publish","format-standard","has-post-thumbnail","category-general"],"yoast_head":"<!-- This site is optimized with the Yoast SEO plugin v28.2 - https:\/\/yoast.com\/product\/yoast-seo-wordpress\/ -->\n<title>Discurso decepcionante - Salto Ecol\u00f3gico<\/title>\n<meta name=\"robots\" content=\"index, follow, max-snippet:-1, max-image-preview:large, max-video-preview:-1\" \/>\n<link rel=\"canonical\" href=\"https:\/\/saltoecologico.es\/index.php\/2023\/07\/16\/discurso-decepcionante\/\" \/>\n<meta property=\"og:locale\" content=\"es_ES\" \/>\n<meta property=\"og:type\" content=\"article\" \/>\n<meta property=\"og:title\" content=\"Discurso decepcionante - Salto Ecol\u00f3gico\" \/>\n<meta property=\"og:description\" content=\"En su discurso de investidura el se\u00f1or Clavijo ha dedicado al problema del Cambio Clim\u00e1tico Antropog\u00e9nico el siguiente y lac\u00f3nico p\u00e1rrafo: \u201cEn materia de transici\u00f3n ecol\u00f3gica sumaremos propuestas para lograr pasar del 20% al 45% de energ\u00edas renovables en los pr\u00f3ximos cuatro a\u00f1os y conseguir as\u00ed el reto europeo de emisiones netas en el a\u00f1o [&hellip;]\" \/>\n<meta property=\"og:url\" content=\"https:\/\/saltoecologico.es\/index.php\/2023\/07\/16\/discurso-decepcionante\/\" \/>\n<meta property=\"og:site_name\" content=\"Salto Ecol\u00f3gico\" \/>\n<meta property=\"article:publisher\" content=\"https:\/\/www.facebook.com\/Saltotransicionecologica\" \/>\n<meta property=\"article:published_time\" content=\"2023-07-16T08:50:00+00:00\" \/>\n<meta property=\"article:modified_time\" content=\"2025-04-17T08:50:55+00:00\" \/>\n<meta property=\"og:image\" content=\"https:\/\/saltoecologico.es\/wp-content\/uploads\/2025\/04\/Fosiles15.jpg\" \/>\n\t<meta property=\"og:image:width\" content=\"1024\" \/>\n\t<meta property=\"og:image:height\" content=\"683\" \/>\n\t<meta property=\"og:image:type\" content=\"image\/jpeg\" \/>\n<meta name=\"author\" content=\"admin\" \/>\n<meta name=\"twitter:card\" content=\"summary_large_image\" \/>\n<meta name=\"twitter:label1\" content=\"Escrito por\" \/>\n\t<meta name=\"twitter:data1\" content=\"admin\" \/>\n\t<meta name=\"twitter:label2\" content=\"Tiempo de lectura\" \/>\n\t<meta name=\"twitter:data2\" content=\"3 minutos\" \/>\n<script type=\"application\/ld+json\" class=\"yoast-schema-graph\">{\"@context\":\"https:\\\/\\\/schema.org\",\"@graph\":[{\"@type\":\"Article\",\"@id\":\"https:\\\/\\\/saltoecologico.es\\\/index.php\\\/2023\\\/07\\\/16\\\/discurso-decepcionante\\\/#article\",\"isPartOf\":{\"@id\":\"https:\\\/\\\/saltoecologico.es\\\/index.php\\\/2023\\\/07\\\/16\\\/discurso-decepcionante\\\/\"},\"author\":{\"name\":\"admin\",\"@id\":\"https:\\\/\\\/saltoecologico.es\\\/#\\\/schema\\\/person\\\/7175eec4b3c123d86c675313c3a01a0b\"},\"headline\":\"Discurso decepcionante\",\"datePublished\":\"2023-07-16T08:50:00+00:00\",\"dateModified\":\"2025-04-17T08:50:55+00:00\",\"mainEntityOfPage\":{\"@id\":\"https:\\\/\\\/saltoecologico.es\\\/index.php\\\/2023\\\/07\\\/16\\\/discurso-decepcionante\\\/\"},\"wordCount\":607,\"commentCount\":0,\"publisher\":{\"@id\":\"https:\\\/\\\/saltoecologico.es\\\/#organization\"},\"image\":{\"@id\":\"https:\\\/\\\/saltoecologico.es\\\/index.php\\\/2023\\\/07\\\/16\\\/discurso-decepcionante\\\/#primaryimage\"},\"thumbnailUrl\":\"https:\\\/\\\/saltoecologico.es\\\/wp-content\\\/uploads\\\/2025\\\/04\\\/Fosiles15.jpg\",\"articleSection\":[\"General\"],\"inLanguage\":\"es\",\"potentialAction\":[{\"@type\":\"CommentAction\",\"name\":\"Comment\",\"target\":[\"https:\\\/\\\/saltoecologico.es\\\/index.php\\\/2023\\\/07\\\/16\\\/discurso-decepcionante\\\/#respond\"]}]},{\"@type\":\"WebPage\",\"@id\":\"https:\\\/\\\/saltoecologico.es\\\/index.php\\\/2023\\\/07\\\/16\\\/discurso-decepcionante\\\/\",\"url\":\"https:\\\/\\\/saltoecologico.es\\\/index.php\\\/2023\\\/07\\\/16\\\/discurso-decepcionante\\\/\",\"name\":\"Discurso decepcionante - Salto Ecol\u00f3gico\",\"isPartOf\":{\"@id\":\"https:\\\/\\\/saltoecologico.es\\\/#website\"},\"primaryImageOfPage\":{\"@id\":\"https:\\\/\\\/saltoecologico.es\\\/index.php\\\/2023\\\/07\\\/16\\\/discurso-decepcionante\\\/#primaryimage\"},\"image\":{\"@id\":\"https:\\\/\\\/saltoecologico.es\\\/index.php\\\/2023\\\/07\\\/16\\\/discurso-decepcionante\\\/#primaryimage\"},\"thumbnailUrl\":\"https:\\\/\\\/saltoecologico.es\\\/wp-content\\\/uploads\\\/2025\\\/04\\\/Fosiles15.jpg\",\"datePublished\":\"2023-07-16T08:50:00+00:00\",\"dateModified\":\"2025-04-17T08:50:55+00:00\",\"breadcrumb\":{\"@id\":\"https:\\\/\\\/saltoecologico.es\\\/index.php\\\/2023\\\/07\\\/16\\\/discurso-decepcionante\\\/#breadcrumb\"},\"inLanguage\":\"es\",\"potentialAction\":[{\"@type\":\"ReadAction\",\"target\":[\"https:\\\/\\\/saltoecologico.es\\\/index.php\\\/2023\\\/07\\\/16\\\/discurso-decepcionante\\\/\"]}]},{\"@type\":\"ImageObject\",\"inLanguage\":\"es\",\"@id\":\"https:\\\/\\\/saltoecologico.es\\\/index.php\\\/2023\\\/07\\\/16\\\/discurso-decepcionante\\\/#primaryimage\",\"url\":\"https:\\\/\\\/saltoecologico.es\\\/wp-content\\\/uploads\\\/2025\\\/04\\\/Fosiles15.jpg\",\"contentUrl\":\"https:\\\/\\\/saltoecologico.es\\\/wp-content\\\/uploads\\\/2025\\\/04\\\/Fosiles15.jpg\",\"width\":1024,\"height\":683,\"caption\":\"View of working heat station with steam from the pipe at night over the city. Winter landscape\"},{\"@type\":\"BreadcrumbList\",\"@id\":\"https:\\\/\\\/saltoecologico.es\\\/index.php\\\/2023\\\/07\\\/16\\\/discurso-decepcionante\\\/#breadcrumb\",\"itemListElement\":[{\"@type\":\"ListItem\",\"position\":1,\"name\":\"Portada\",\"item\":\"https:\\\/\\\/saltoecologico.es\\\/\"},{\"@type\":\"ListItem\",\"position\":2,\"name\":\"Discurso decepcionante\"}]},{\"@type\":\"WebSite\",\"@id\":\"https:\\\/\\\/saltoecologico.es\\\/#website\",\"url\":\"https:\\\/\\\/saltoecologico.es\\\/\",\"name\":\"Salto Ecol\u00f3gico\",\"description\":\"\",\"publisher\":{\"@id\":\"https:\\\/\\\/saltoecologico.es\\\/#organization\"},\"potentialAction\":[{\"@type\":\"SearchAction\",\"target\":{\"@type\":\"EntryPoint\",\"urlTemplate\":\"https:\\\/\\\/saltoecologico.es\\\/?s={search_term_string}\"},\"query-input\":{\"@type\":\"PropertyValueSpecification\",\"valueRequired\":true,\"valueName\":\"search_term_string\"}}],\"inLanguage\":\"es\"},{\"@type\":\"Organization\",\"@id\":\"https:\\\/\\\/saltoecologico.es\\\/#organization\",\"name\":\"Salto a la Transici\u00f3n Ecol\u00f3gica\",\"url\":\"https:\\\/\\\/saltoecologico.es\\\/\",\"logo\":{\"@type\":\"ImageObject\",\"inLanguage\":\"es\",\"@id\":\"https:\\\/\\\/saltoecologico.es\\\/#\\\/schema\\\/logo\\\/image\\\/\",\"url\":\"https:\\\/\\\/saltoecologico.es\\\/wp-content\\\/uploads\\\/2025\\\/04\\\/Logo-STE.jpg\",\"contentUrl\":\"https:\\\/\\\/saltoecologico.es\\\/wp-content\\\/uploads\\\/2025\\\/04\\\/Logo-STE.jpg\",\"width\":435,\"height\":435,\"caption\":\"Salto a la Transici\u00f3n Ecol\u00f3gica\"},\"image\":{\"@id\":\"https:\\\/\\\/saltoecologico.es\\\/#\\\/schema\\\/logo\\\/image\\\/\"},\"sameAs\":[\"https:\\\/\\\/www.facebook.com\\\/Saltotransicionecologica\"]},{\"@type\":\"Person\",\"@id\":\"https:\\\/\\\/saltoecologico.es\\\/#\\\/schema\\\/person\\\/7175eec4b3c123d86c675313c3a01a0b\",\"name\":\"admin\",\"image\":{\"@type\":\"ImageObject\",\"inLanguage\":\"es\",\"@id\":\"https:\\\/\\\/secure.gravatar.com\\\/avatar\\\/4c215dc57bbc7b2f2f470ac9bd197f3f112636a584e575a732d0206a2d9c9806?s=96&d=mm&r=g\",\"url\":\"https:\\\/\\\/secure.gravatar.com\\\/avatar\\\/4c215dc57bbc7b2f2f470ac9bd197f3f112636a584e575a732d0206a2d9c9806?s=96&d=mm&r=g\",\"contentUrl\":\"https:\\\/\\\/secure.gravatar.com\\\/avatar\\\/4c215dc57bbc7b2f2f470ac9bd197f3f112636a584e575a732d0206a2d9c9806?s=96&d=mm&r=g\",\"caption\":\"admin\"},\"sameAs\":[\"https:\\\/\\\/saltoecologico.es\"],\"url\":\"https:\\\/\\\/saltoecologico.es\\\/index.php\\\/author\\\/saltoecologico\\\/\"}]}<\/script>\n<!-- \/ Yoast SEO plugin. -->","yoast_head_json":{"title":"Discurso decepcionante - Salto Ecol\u00f3gico","robots":{"index":"index","follow":"follow","max-snippet":"max-snippet:-1","max-image-preview":"max-image-preview:large","max-video-preview":"max-video-preview:-1"},"canonical":"https:\/\/saltoecologico.es\/index.php\/2023\/07\/16\/discurso-decepcionante\/","og_locale":"es_ES","og_type":"article","og_title":"Discurso decepcionante - Salto Ecol\u00f3gico","og_description":"En su discurso de investidura el se\u00f1or Clavijo ha dedicado al problema del Cambio Clim\u00e1tico Antropog\u00e9nico el siguiente y lac\u00f3nico p\u00e1rrafo: \u201cEn materia de transici\u00f3n ecol\u00f3gica sumaremos propuestas para lograr pasar del 20% al 45% de energ\u00edas renovables en los pr\u00f3ximos cuatro a\u00f1os y conseguir as\u00ed el reto europeo de emisiones netas en el a\u00f1o [&hellip;]","og_url":"https:\/\/saltoecologico.es\/index.php\/2023\/07\/16\/discurso-decepcionante\/","og_site_name":"Salto Ecol\u00f3gico","article_publisher":"https:\/\/www.facebook.com\/Saltotransicionecologica","article_published_time":"2023-07-16T08:50:00+00:00","article_modified_time":"2025-04-17T08:50:55+00:00","og_image":[{"width":1024,"height":683,"url":"https:\/\/saltoecologico.es\/wp-content\/uploads\/2025\/04\/Fosiles15.jpg","type":"image\/jpeg"}],"author":"admin","twitter_card":"summary_large_image","twitter_misc":{"Escrito por":"admin","Tiempo de lectura":"3 minutos"},"schema":{"@context":"https:\/\/schema.org","@graph":[{"@type":"Article","@id":"https:\/\/saltoecologico.es\/index.php\/2023\/07\/16\/discurso-decepcionante\/#article","isPartOf":{"@id":"https:\/\/saltoecologico.es\/index.php\/2023\/07\/16\/discurso-decepcionante\/"},"author":{"name":"admin","@id":"https:\/\/saltoecologico.es\/#\/schema\/person\/7175eec4b3c123d86c675313c3a01a0b"},"headline":"Discurso decepcionante","datePublished":"2023-07-16T08:50:00+00:00","dateModified":"2025-04-17T08:50:55+00:00","mainEntityOfPage":{"@id":"https:\/\/saltoecologico.es\/index.php\/2023\/07\/16\/discurso-decepcionante\/"},"wordCount":607,"commentCount":0,"publisher":{"@id":"https:\/\/saltoecologico.es\/#organization"},"image":{"@id":"https:\/\/saltoecologico.es\/index.php\/2023\/07\/16\/discurso-decepcionante\/#primaryimage"},"thumbnailUrl":"https:\/\/saltoecologico.es\/wp-content\/uploads\/2025\/04\/Fosiles15.jpg","articleSection":["General"],"inLanguage":"es","potentialAction":[{"@type":"CommentAction","name":"Comment","target":["https:\/\/saltoecologico.es\/index.php\/2023\/07\/16\/discurso-decepcionante\/#respond"]}]},{"@type":"WebPage","@id":"https:\/\/saltoecologico.es\/index.php\/2023\/07\/16\/discurso-decepcionante\/","url":"https:\/\/saltoecologico.es\/index.php\/2023\/07\/16\/discurso-decepcionante\/","name":"Discurso decepcionante - Salto Ecol\u00f3gico","isPartOf":{"@id":"https:\/\/saltoecologico.es\/#website"},"primaryImageOfPage":{"@id":"https:\/\/saltoecologico.es\/index.php\/2023\/07\/16\/discurso-decepcionante\/#primaryimage"},"image":{"@id":"https:\/\/saltoecologico.es\/index.php\/2023\/07\/16\/discurso-decepcionante\/#primaryimage"},"thumbnailUrl":"https:\/\/saltoecologico.es\/wp-content\/uploads\/2025\/04\/Fosiles15.jpg","datePublished":"2023-07-16T08:50:00+00:00","dateModified":"2025-04-17T08:50:55+00:00","breadcrumb":{"@id":"https:\/\/saltoecologico.es\/index.php\/2023\/07\/16\/discurso-decepcionante\/#breadcrumb"},"inLanguage":"es","potentialAction":[{"@type":"ReadAction","target":["https:\/\/saltoecologico.es\/index.php\/2023\/07\/16\/discurso-decepcionante\/"]}]},{"@type":"ImageObject","inLanguage":"es","@id":"https:\/\/saltoecologico.es\/index.php\/2023\/07\/16\/discurso-decepcionante\/#primaryimage","url":"https:\/\/saltoecologico.es\/wp-content\/uploads\/2025\/04\/Fosiles15.jpg","contentUrl":"https:\/\/saltoecologico.es\/wp-content\/uploads\/2025\/04\/Fosiles15.jpg","width":1024,"height":683,"caption":"View of working heat station with steam from the pipe at night over the city. Winter landscape"},{"@type":"BreadcrumbList","@id":"https:\/\/saltoecologico.es\/index.php\/2023\/07\/16\/discurso-decepcionante\/#breadcrumb","itemListElement":[{"@type":"ListItem","position":1,"name":"Portada","item":"https:\/\/saltoecologico.es\/"},{"@type":"ListItem","position":2,"name":"Discurso decepcionante"}]},{"@type":"WebSite","@id":"https:\/\/saltoecologico.es\/#website","url":"https:\/\/saltoecologico.es\/","name":"Salto Ecol\u00f3gico","description":"","publisher":{"@id":"https:\/\/saltoecologico.es\/#organization"},"potentialAction":[{"@type":"SearchAction","target":{"@type":"EntryPoint","urlTemplate":"https:\/\/saltoecologico.es\/?s={search_term_string}"},"query-input":{"@type":"PropertyValueSpecification","valueRequired":true,"valueName":"search_term_string"}}],"inLanguage":"es"},{"@type":"Organization","@id":"https:\/\/saltoecologico.es\/#organization","name":"Salto a la Transici\u00f3n Ecol\u00f3gica","url":"https:\/\/saltoecologico.es\/","logo":{"@type":"ImageObject","inLanguage":"es","@id":"https:\/\/saltoecologico.es\/#\/schema\/logo\/image\/","url":"https:\/\/saltoecologico.es\/wp-content\/uploads\/2025\/04\/Logo-STE.jpg","contentUrl":"https:\/\/saltoecologico.es\/wp-content\/uploads\/2025\/04\/Logo-STE.jpg","width":435,"height":435,"caption":"Salto a la Transici\u00f3n Ecol\u00f3gica"},"image":{"@id":"https:\/\/saltoecologico.es\/#\/schema\/logo\/image\/"},"sameAs":["https:\/\/www.facebook.com\/Saltotransicionecologica"]},{"@type":"Person","@id":"https:\/\/saltoecologico.es\/#\/schema\/person\/7175eec4b3c123d86c675313c3a01a0b","name":"admin","image":{"@type":"ImageObject","inLanguage":"es","@id":"https:\/\/secure.gravatar.com\/avatar\/4c215dc57bbc7b2f2f470ac9bd197f3f112636a584e575a732d0206a2d9c9806?s=96&d=mm&r=g","url":"https:\/\/secure.gravatar.com\/avatar\/4c215dc57bbc7b2f2f470ac9bd197f3f112636a584e575a732d0206a2d9c9806?s=96&d=mm&r=g","contentUrl":"https:\/\/secure.gravatar.com\/avatar\/4c215dc57bbc7b2f2f470ac9bd197f3f112636a584e575a732d0206a2d9c9806?s=96&d=mm&r=g","caption":"admin"},"sameAs":["https:\/\/saltoecologico.es"],"url":"https:\/\/saltoecologico.es\/index.php\/author\/saltoecologico\/"}]}},"_links":{"self":[{"href":"https:\/\/saltoecologico.es\/index.php\/wp-json\/wp\/v2\/posts\/618","targetHints":{"allow":["GET"]}}],"collection":[{"href":"https:\/\/saltoecologico.es\/index.php\/wp-json\/wp\/v2\/posts"}],"about":[{"href":"https:\/\/saltoecologico.es\/index.php\/wp-json\/wp\/v2\/types\/post"}],"author":[{"embeddable":true,"href":"https:\/\/saltoecologico.es\/index.php\/wp-json\/wp\/v2\/users\/1"}],"replies":[{"embeddable":true,"href":"https:\/\/saltoecologico.es\/index.php\/wp-json\/wp\/v2\/comments?post=618"}],"version-history":[{"count":1,"href":"https:\/\/saltoecologico.es\/index.php\/wp-json\/wp\/v2\/posts\/618\/revisions"}],"predecessor-version":[{"id":620,"href":"https:\/\/saltoecologico.es\/index.php\/wp-json\/wp\/v2\/posts\/618\/revisions\/620"}],"wp:featuredmedia":[{"embeddable":true,"href":"https:\/\/saltoecologico.es\/index.php\/wp-json\/wp\/v2\/media\/619"}],"wp:attachment":[{"href":"https:\/\/saltoecologico.es\/index.php\/wp-json\/wp\/v2\/media?parent=618"}],"wp:term":[{"taxonomy":"category","embeddable":true,"href":"https:\/\/saltoecologico.es\/index.php\/wp-json\/wp\/v2\/categories?post=618"},{"taxonomy":"post_tag","embeddable":true,"href":"https:\/\/saltoecologico.es\/index.php\/wp-json\/wp\/v2\/tags?post=618"}],"curies":[{"name":"wp","href":"https:\/\/api.w.org\/{rel}","templated":true}]}}