{"id":621,"date":"2023-07-20T08:53:00","date_gmt":"2023-07-20T08:53:00","guid":{"rendered":"https:\/\/saltoecologico.es\/?p=621"},"modified":"2025-04-17T08:53:49","modified_gmt":"2025-04-17T08:53:49","slug":"orgullo-canario","status":"publish","type":"post","link":"https:\/\/saltoecologico.es\/index.php\/2023\/07\/20\/orgullo-canario\/","title":{"rendered":"Orgullo canario"},"content":{"rendered":"\n<p class=\"wp-block-paragraph\">Recientemente hemos podido o\u00edr en boca alguien que consider\u00e1bamos un experto en la materia tremendos dislates acerca del Plan de Transici\u00f3n Energ\u00e9tica de Canarias (PTECan), en el sentido de afirmar sin rubor que la propuesta para Fuerteventura es m\u00e1s de 2.000 MW en instalaci\u00f3n e\u00f3lica o que esta propuesta no es finalista porque no tiene en cuenta los usos de la energ\u00eda. En nuestra humilde opini\u00f3n, estas afirmaciones nacen m\u00e1s de documentarse de manera insuficiente que de un convencimiento formado acerca de lo que se dice.<\/p>\n\n\n\n<p class=\"wp-block-paragraph\">Para aquellos que no lo sepan, el PTCAN emana de la Ley 6\/2022, de 27 de diciembre, de cambio clim\u00e1tico y transici\u00f3n energ\u00e9tica de Canarias que en su art\u00edculo 18, punto 1 se puede leer: \u201cEl Plan de Transici\u00f3n Energ\u00e9tica de Canarias contendr\u00e1 el conjunto de acciones dirigidas a la consecuci\u00f3n en plazo de los objetivos de reducci\u00f3n de las emisiones de gases de efecto invernadero. Este conjunto de acciones deber\u00e1 ser desarrollo de las directrices que, al efecto, haya establecido la Estrategia Canaria de Acci\u00f3n Clim\u00e1tica\u2026\u2026.\u201d.<\/p>\n\n\n\n<p class=\"wp-block-paragraph\">Evidentemente este Plan no nace de la mente calenturienta de un pol\u00edtico espabilado que en una buena noche de verano comienza a inventarse cifras y datos, vomit\u00e1ndolos de manera arbitraria. Este plan nace de un estudio concienzudo por parte del Instituto Tecnol\u00f3gico de Canarias (ITC) y que fue plasmado en las estrategias que sirven de base al prop\u00f3sito final. Estas estrategias, ocho en total, de apoyo al PTECan se desglosan de la siguiente manera:<\/p>\n\n\n\n<ul class=\"wp-block-list\">\n<li>Estrategia para el autoconsumo fotovoltaico en Canarias.<\/li>\n\n\n\n<li>Estrategia de almacenamiento energ\u00e9tico en Canarias.<\/li>\n\n\n\n<li>Estrategia del veh\u00edculo el\u00e9ctrico en Canarias.<\/li>\n\n\n\n<li>Estrategia de la generaci\u00f3n gestionable de Canarias.<\/li>\n\n\n\n<li>Estrategia de la geotermia de Canarias.<\/li>\n\n\n\n<li>Estrategia de las energ\u00edas renovables marinas de Canarias.<\/li>\n\n\n\n<li>Estrategia del hidr\u00f3geno verde de Canarias.<\/li>\n\n\n\n<li>Estrategia para la gesti\u00f3n de demanda y redes inteligentes de Canarias.<\/li>\n<\/ul>\n\n\n\n<p class=\"wp-block-paragraph\">Conviene decir que el PTECan fija un horizonte hasta el 2030, sin embargo, las estrategias cierran el c\u00edrculo de la descarbonizaci\u00f3n total en el 2040.<\/p>\n\n\n\n<p class=\"wp-block-paragraph\">Estas estrategias hacen un barrido pormenorizado de las necesidades energ\u00e9ticas de Canarias, pero no solo en el sector el\u00e9ctrico sino tambi\u00e9n en sectores como la movilidad terrestre, marina y a\u00e9rea o las necesidades de frio industrial.<\/p>\n\n\n\n<p class=\"wp-block-paragraph\">Por poner algunos ejemplos para el caso de la isla de Fuerteventura en el 2040:<\/p>\n\n\n\n<ul class=\"wp-block-list\">\n<li>El consumo el\u00e9ctrico que va a demandar solo los veh\u00edculos el\u00e9ctricos ser\u00e1 de 326.515 MWh\/a\u00f1o.<\/li>\n\n\n\n<li>Se necesitar\u00e1n 95.951 puntos de recarga de diferentes formatos tales como: viviendas, lugares de trabajo, hoteles, v\u00edas p\u00fablicas, etc.<\/li>\n\n\n\n<li>La demanda de hidr\u00f3geno verde se distribuir\u00e1 de la siguiente forma:<ul><li>Movilidad terrestre: 8.157 toneladas\/a\u00f1o.<\/li><\/ul><ul><li>Transporte a\u00e9reo interinsular: 1.508 toneladas\/a\u00f1o.<\/li><\/ul><ul><li>Reelectrificaci\u00f3n: 689 toneladas\/a\u00f1o.<\/li><\/ul>\n<ul class=\"wp-block-list\">\n<li>Almacenamiento energ\u00e9tico: 4.482 toneladas\/a\u00f1o.<\/li>\n<\/ul>\n<\/li>\n\n\n\n<li>600 MW de e\u00f3lica terrestre.<\/li>\n\n\n\n<li>435 MW de e\u00f3lica marina.<\/li>\n\n\n\n<li>300 MW de fotovoltaica.<\/li>\n\n\n\n<li>124 MW de autoconsumo.<\/li>\n<\/ul>\n\n\n\n<p class=\"wp-block-paragraph\">Estos han sido algunos ejemplos de datos que se pueden obtener en estas estrategias que, una vez le\u00eddas, dejan a las claras el ingente esfuerzo realizado por el ITC que dudamos mucho que se pueda encontrar parang\u00f3n en ning\u00fan otro estudio energ\u00e9tico sobre sistemas aislados del mundo.<\/p>\n\n\n\n<p class=\"wp-block-paragraph\">Somos conocedores del San Benito de aplatanamiento de los canarios, pero si esto fuera verdad, por una vez que se hace un estudio de valor universal, no est\u00e1 nada bien que seamos nosotros mismos los que intentemos denostarlo.<\/p>\n","protected":false},"excerpt":{"rendered":"<p>Recientemente hemos podido o\u00edr en boca alguien que consider\u00e1bamos un experto en la materia tremendos dislates acerca del Plan de Transici\u00f3n Energ\u00e9tica de Canarias (PTECan), en el sentido de afirmar sin rubor que la propuesta para Fuerteventura es m\u00e1s de 2.000 MW en instalaci\u00f3n e\u00f3lica o que esta propuesta no es finalista porque no tiene [&hellip;]<\/p>\n","protected":false},"author":1,"featured_media":622,"comment_status":"open","ping_status":"open","sticky":false,"template":"","format":"standard","meta":{"footnotes":""},"categories":[48,30],"tags":[],"class_list":["post-621","post","type-post","status-publish","format-standard","has-post-thumbnail","category-t_estrategias","category-transicion"],"yoast_head":"<!-- This site is optimized with the Yoast SEO plugin v28.2 - https:\/\/yoast.com\/product\/yoast-seo-wordpress\/ -->\n<title>Orgullo canario - Salto Ecol\u00f3gico<\/title>\n<meta name=\"robots\" content=\"index, follow, max-snippet:-1, max-image-preview:large, max-video-preview:-1\" \/>\n<link rel=\"canonical\" href=\"https:\/\/saltoecologico.es\/index.php\/2023\/07\/20\/orgullo-canario\/\" \/>\n<meta property=\"og:locale\" content=\"es_ES\" \/>\n<meta property=\"og:type\" content=\"article\" \/>\n<meta property=\"og:title\" content=\"Orgullo canario - Salto Ecol\u00f3gico\" \/>\n<meta property=\"og:description\" content=\"Recientemente hemos podido o\u00edr en boca alguien que consider\u00e1bamos un experto en la materia tremendos dislates acerca del Plan de Transici\u00f3n Energ\u00e9tica de Canarias (PTECan), en el sentido de afirmar sin rubor que la propuesta para Fuerteventura es m\u00e1s de 2.000 MW en instalaci\u00f3n e\u00f3lica o que esta propuesta no es finalista porque no tiene [&hellip;]\" \/>\n<meta property=\"og:url\" content=\"https:\/\/saltoecologico.es\/index.php\/2023\/07\/20\/orgullo-canario\/\" \/>\n<meta property=\"og:site_name\" content=\"Salto Ecol\u00f3gico\" \/>\n<meta property=\"article:publisher\" content=\"https:\/\/www.facebook.com\/Saltotransicionecologica\" \/>\n<meta property=\"article:published_time\" content=\"2023-07-20T08:53:00+00:00\" \/>\n<meta property=\"article:modified_time\" content=\"2025-04-17T08:53:49+00:00\" \/>\n<meta property=\"og:image\" content=\"https:\/\/saltoecologico.es\/wp-content\/uploads\/2025\/04\/Fotovoltaica-9.jpg\" \/>\n\t<meta property=\"og:image:width\" content=\"1024\" \/>\n\t<meta property=\"og:image:height\" content=\"681\" \/>\n\t<meta property=\"og:image:type\" content=\"image\/jpeg\" \/>\n<meta name=\"author\" content=\"admin\" \/>\n<meta name=\"twitter:card\" content=\"summary_large_image\" \/>\n<meta name=\"twitter:label1\" content=\"Escrito por\" \/>\n\t<meta name=\"twitter:data1\" content=\"admin\" \/>\n\t<meta name=\"twitter:label2\" content=\"Tiempo de lectura\" \/>\n\t<meta name=\"twitter:data2\" content=\"3 minutos\" \/>\n<script type=\"application\/ld+json\" class=\"yoast-schema-graph\">{\"@context\":\"https:\\\/\\\/schema.org\",\"@graph\":[{\"@type\":\"Article\",\"@id\":\"https:\\\/\\\/saltoecologico.es\\\/index.php\\\/2023\\\/07\\\/20\\\/orgullo-canario\\\/#article\",\"isPartOf\":{\"@id\":\"https:\\\/\\\/saltoecologico.es\\\/index.php\\\/2023\\\/07\\\/20\\\/orgullo-canario\\\/\"},\"author\":{\"name\":\"admin\",\"@id\":\"https:\\\/\\\/saltoecologico.es\\\/#\\\/schema\\\/person\\\/7175eec4b3c123d86c675313c3a01a0b\"},\"headline\":\"Orgullo canario\",\"datePublished\":\"2023-07-20T08:53:00+00:00\",\"dateModified\":\"2025-04-17T08:53:49+00:00\",\"mainEntityOfPage\":{\"@id\":\"https:\\\/\\\/saltoecologico.es\\\/index.php\\\/2023\\\/07\\\/20\\\/orgullo-canario\\\/\"},\"wordCount\":591,\"commentCount\":0,\"publisher\":{\"@id\":\"https:\\\/\\\/saltoecologico.es\\\/#organization\"},\"image\":{\"@id\":\"https:\\\/\\\/saltoecologico.es\\\/index.php\\\/2023\\\/07\\\/20\\\/orgullo-canario\\\/#primaryimage\"},\"thumbnailUrl\":\"https:\\\/\\\/saltoecologico.es\\\/wp-content\\\/uploads\\\/2025\\\/04\\\/Fotovoltaica-9.jpg\",\"articleSection\":[\"T_Estrategias\",\"Transici\u00f3n\"],\"inLanguage\":\"es\",\"potentialAction\":[{\"@type\":\"CommentAction\",\"name\":\"Comment\",\"target\":[\"https:\\\/\\\/saltoecologico.es\\\/index.php\\\/2023\\\/07\\\/20\\\/orgullo-canario\\\/#respond\"]}]},{\"@type\":\"WebPage\",\"@id\":\"https:\\\/\\\/saltoecologico.es\\\/index.php\\\/2023\\\/07\\\/20\\\/orgullo-canario\\\/\",\"url\":\"https:\\\/\\\/saltoecologico.es\\\/index.php\\\/2023\\\/07\\\/20\\\/orgullo-canario\\\/\",\"name\":\"Orgullo canario - Salto Ecol\u00f3gico\",\"isPartOf\":{\"@id\":\"https:\\\/\\\/saltoecologico.es\\\/#website\"},\"primaryImageOfPage\":{\"@id\":\"https:\\\/\\\/saltoecologico.es\\\/index.php\\\/2023\\\/07\\\/20\\\/orgullo-canario\\\/#primaryimage\"},\"image\":{\"@id\":\"https:\\\/\\\/saltoecologico.es\\\/index.php\\\/2023\\\/07\\\/20\\\/orgullo-canario\\\/#primaryimage\"},\"thumbnailUrl\":\"https:\\\/\\\/saltoecologico.es\\\/wp-content\\\/uploads\\\/2025\\\/04\\\/Fotovoltaica-9.jpg\",\"datePublished\":\"2023-07-20T08:53:00+00:00\",\"dateModified\":\"2025-04-17T08:53:49+00:00\",\"breadcrumb\":{\"@id\":\"https:\\\/\\\/saltoecologico.es\\\/index.php\\\/2023\\\/07\\\/20\\\/orgullo-canario\\\/#breadcrumb\"},\"inLanguage\":\"es\",\"potentialAction\":[{\"@type\":\"ReadAction\",\"target\":[\"https:\\\/\\\/saltoecologico.es\\\/index.php\\\/2023\\\/07\\\/20\\\/orgullo-canario\\\/\"]}]},{\"@type\":\"ImageObject\",\"inLanguage\":\"es\",\"@id\":\"https:\\\/\\\/saltoecologico.es\\\/index.php\\\/2023\\\/07\\\/20\\\/orgullo-canario\\\/#primaryimage\",\"url\":\"https:\\\/\\\/saltoecologico.es\\\/wp-content\\\/uploads\\\/2025\\\/04\\\/Fotovoltaica-9.jpg\",\"contentUrl\":\"https:\\\/\\\/saltoecologico.es\\\/wp-content\\\/uploads\\\/2025\\\/04\\\/Fotovoltaica-9.jpg\",\"width\":1024,\"height\":681,\"caption\":\"Happy family near solar panels. Alternative energy source.\"},{\"@type\":\"BreadcrumbList\",\"@id\":\"https:\\\/\\\/saltoecologico.es\\\/index.php\\\/2023\\\/07\\\/20\\\/orgullo-canario\\\/#breadcrumb\",\"itemListElement\":[{\"@type\":\"ListItem\",\"position\":1,\"name\":\"Portada\",\"item\":\"https:\\\/\\\/saltoecologico.es\\\/\"},{\"@type\":\"ListItem\",\"position\":2,\"name\":\"Orgullo canario\"}]},{\"@type\":\"WebSite\",\"@id\":\"https:\\\/\\\/saltoecologico.es\\\/#website\",\"url\":\"https:\\\/\\\/saltoecologico.es\\\/\",\"name\":\"Salto Ecol\u00f3gico\",\"description\":\"\",\"publisher\":{\"@id\":\"https:\\\/\\\/saltoecologico.es\\\/#organization\"},\"potentialAction\":[{\"@type\":\"SearchAction\",\"target\":{\"@type\":\"EntryPoint\",\"urlTemplate\":\"https:\\\/\\\/saltoecologico.es\\\/?s={search_term_string}\"},\"query-input\":{\"@type\":\"PropertyValueSpecification\",\"valueRequired\":true,\"valueName\":\"search_term_string\"}}],\"inLanguage\":\"es\"},{\"@type\":\"Organization\",\"@id\":\"https:\\\/\\\/saltoecologico.es\\\/#organization\",\"name\":\"Salto a la Transici\u00f3n Ecol\u00f3gica\",\"url\":\"https:\\\/\\\/saltoecologico.es\\\/\",\"logo\":{\"@type\":\"ImageObject\",\"inLanguage\":\"es\",\"@id\":\"https:\\\/\\\/saltoecologico.es\\\/#\\\/schema\\\/logo\\\/image\\\/\",\"url\":\"https:\\\/\\\/saltoecologico.es\\\/wp-content\\\/uploads\\\/2025\\\/04\\\/Logo-STE.jpg\",\"contentUrl\":\"https:\\\/\\\/saltoecologico.es\\\/wp-content\\\/uploads\\\/2025\\\/04\\\/Logo-STE.jpg\",\"width\":435,\"height\":435,\"caption\":\"Salto a la Transici\u00f3n Ecol\u00f3gica\"},\"image\":{\"@id\":\"https:\\\/\\\/saltoecologico.es\\\/#\\\/schema\\\/logo\\\/image\\\/\"},\"sameAs\":[\"https:\\\/\\\/www.facebook.com\\\/Saltotransicionecologica\"]},{\"@type\":\"Person\",\"@id\":\"https:\\\/\\\/saltoecologico.es\\\/#\\\/schema\\\/person\\\/7175eec4b3c123d86c675313c3a01a0b\",\"name\":\"admin\",\"image\":{\"@type\":\"ImageObject\",\"inLanguage\":\"es\",\"@id\":\"https:\\\/\\\/secure.gravatar.com\\\/avatar\\\/4c215dc57bbc7b2f2f470ac9bd197f3f112636a584e575a732d0206a2d9c9806?s=96&d=mm&r=g\",\"url\":\"https:\\\/\\\/secure.gravatar.com\\\/avatar\\\/4c215dc57bbc7b2f2f470ac9bd197f3f112636a584e575a732d0206a2d9c9806?s=96&d=mm&r=g\",\"contentUrl\":\"https:\\\/\\\/secure.gravatar.com\\\/avatar\\\/4c215dc57bbc7b2f2f470ac9bd197f3f112636a584e575a732d0206a2d9c9806?s=96&d=mm&r=g\",\"caption\":\"admin\"},\"sameAs\":[\"https:\\\/\\\/saltoecologico.es\"],\"url\":\"https:\\\/\\\/saltoecologico.es\\\/index.php\\\/author\\\/saltoecologico\\\/\"}]}<\/script>\n<!-- \/ Yoast SEO plugin. -->","yoast_head_json":{"title":"Orgullo canario - Salto Ecol\u00f3gico","robots":{"index":"index","follow":"follow","max-snippet":"max-snippet:-1","max-image-preview":"max-image-preview:large","max-video-preview":"max-video-preview:-1"},"canonical":"https:\/\/saltoecologico.es\/index.php\/2023\/07\/20\/orgullo-canario\/","og_locale":"es_ES","og_type":"article","og_title":"Orgullo canario - Salto Ecol\u00f3gico","og_description":"Recientemente hemos podido o\u00edr en boca alguien que consider\u00e1bamos un experto en la materia tremendos dislates acerca del Plan de Transici\u00f3n Energ\u00e9tica de Canarias (PTECan), en el sentido de afirmar sin rubor que la propuesta para Fuerteventura es m\u00e1s de 2.000 MW en instalaci\u00f3n e\u00f3lica o que esta propuesta no es finalista porque no tiene [&hellip;]","og_url":"https:\/\/saltoecologico.es\/index.php\/2023\/07\/20\/orgullo-canario\/","og_site_name":"Salto Ecol\u00f3gico","article_publisher":"https:\/\/www.facebook.com\/Saltotransicionecologica","article_published_time":"2023-07-20T08:53:00+00:00","article_modified_time":"2025-04-17T08:53:49+00:00","og_image":[{"width":1024,"height":681,"url":"https:\/\/saltoecologico.es\/wp-content\/uploads\/2025\/04\/Fotovoltaica-9.jpg","type":"image\/jpeg"}],"author":"admin","twitter_card":"summary_large_image","twitter_misc":{"Escrito por":"admin","Tiempo de lectura":"3 minutos"},"schema":{"@context":"https:\/\/schema.org","@graph":[{"@type":"Article","@id":"https:\/\/saltoecologico.es\/index.php\/2023\/07\/20\/orgullo-canario\/#article","isPartOf":{"@id":"https:\/\/saltoecologico.es\/index.php\/2023\/07\/20\/orgullo-canario\/"},"author":{"name":"admin","@id":"https:\/\/saltoecologico.es\/#\/schema\/person\/7175eec4b3c123d86c675313c3a01a0b"},"headline":"Orgullo canario","datePublished":"2023-07-20T08:53:00+00:00","dateModified":"2025-04-17T08:53:49+00:00","mainEntityOfPage":{"@id":"https:\/\/saltoecologico.es\/index.php\/2023\/07\/20\/orgullo-canario\/"},"wordCount":591,"commentCount":0,"publisher":{"@id":"https:\/\/saltoecologico.es\/#organization"},"image":{"@id":"https:\/\/saltoecologico.es\/index.php\/2023\/07\/20\/orgullo-canario\/#primaryimage"},"thumbnailUrl":"https:\/\/saltoecologico.es\/wp-content\/uploads\/2025\/04\/Fotovoltaica-9.jpg","articleSection":["T_Estrategias","Transici\u00f3n"],"inLanguage":"es","potentialAction":[{"@type":"CommentAction","name":"Comment","target":["https:\/\/saltoecologico.es\/index.php\/2023\/07\/20\/orgullo-canario\/#respond"]}]},{"@type":"WebPage","@id":"https:\/\/saltoecologico.es\/index.php\/2023\/07\/20\/orgullo-canario\/","url":"https:\/\/saltoecologico.es\/index.php\/2023\/07\/20\/orgullo-canario\/","name":"Orgullo canario - Salto Ecol\u00f3gico","isPartOf":{"@id":"https:\/\/saltoecologico.es\/#website"},"primaryImageOfPage":{"@id":"https:\/\/saltoecologico.es\/index.php\/2023\/07\/20\/orgullo-canario\/#primaryimage"},"image":{"@id":"https:\/\/saltoecologico.es\/index.php\/2023\/07\/20\/orgullo-canario\/#primaryimage"},"thumbnailUrl":"https:\/\/saltoecologico.es\/wp-content\/uploads\/2025\/04\/Fotovoltaica-9.jpg","datePublished":"2023-07-20T08:53:00+00:00","dateModified":"2025-04-17T08:53:49+00:00","breadcrumb":{"@id":"https:\/\/saltoecologico.es\/index.php\/2023\/07\/20\/orgullo-canario\/#breadcrumb"},"inLanguage":"es","potentialAction":[{"@type":"ReadAction","target":["https:\/\/saltoecologico.es\/index.php\/2023\/07\/20\/orgullo-canario\/"]}]},{"@type":"ImageObject","inLanguage":"es","@id":"https:\/\/saltoecologico.es\/index.php\/2023\/07\/20\/orgullo-canario\/#primaryimage","url":"https:\/\/saltoecologico.es\/wp-content\/uploads\/2025\/04\/Fotovoltaica-9.jpg","contentUrl":"https:\/\/saltoecologico.es\/wp-content\/uploads\/2025\/04\/Fotovoltaica-9.jpg","width":1024,"height":681,"caption":"Happy family near solar panels. Alternative energy source."},{"@type":"BreadcrumbList","@id":"https:\/\/saltoecologico.es\/index.php\/2023\/07\/20\/orgullo-canario\/#breadcrumb","itemListElement":[{"@type":"ListItem","position":1,"name":"Portada","item":"https:\/\/saltoecologico.es\/"},{"@type":"ListItem","position":2,"name":"Orgullo canario"}]},{"@type":"WebSite","@id":"https:\/\/saltoecologico.es\/#website","url":"https:\/\/saltoecologico.es\/","name":"Salto Ecol\u00f3gico","description":"","publisher":{"@id":"https:\/\/saltoecologico.es\/#organization"},"potentialAction":[{"@type":"SearchAction","target":{"@type":"EntryPoint","urlTemplate":"https:\/\/saltoecologico.es\/?s={search_term_string}"},"query-input":{"@type":"PropertyValueSpecification","valueRequired":true,"valueName":"search_term_string"}}],"inLanguage":"es"},{"@type":"Organization","@id":"https:\/\/saltoecologico.es\/#organization","name":"Salto a la Transici\u00f3n Ecol\u00f3gica","url":"https:\/\/saltoecologico.es\/","logo":{"@type":"ImageObject","inLanguage":"es","@id":"https:\/\/saltoecologico.es\/#\/schema\/logo\/image\/","url":"https:\/\/saltoecologico.es\/wp-content\/uploads\/2025\/04\/Logo-STE.jpg","contentUrl":"https:\/\/saltoecologico.es\/wp-content\/uploads\/2025\/04\/Logo-STE.jpg","width":435,"height":435,"caption":"Salto a la Transici\u00f3n Ecol\u00f3gica"},"image":{"@id":"https:\/\/saltoecologico.es\/#\/schema\/logo\/image\/"},"sameAs":["https:\/\/www.facebook.com\/Saltotransicionecologica"]},{"@type":"Person","@id":"https:\/\/saltoecologico.es\/#\/schema\/person\/7175eec4b3c123d86c675313c3a01a0b","name":"admin","image":{"@type":"ImageObject","inLanguage":"es","@id":"https:\/\/secure.gravatar.com\/avatar\/4c215dc57bbc7b2f2f470ac9bd197f3f112636a584e575a732d0206a2d9c9806?s=96&d=mm&r=g","url":"https:\/\/secure.gravatar.com\/avatar\/4c215dc57bbc7b2f2f470ac9bd197f3f112636a584e575a732d0206a2d9c9806?s=96&d=mm&r=g","contentUrl":"https:\/\/secure.gravatar.com\/avatar\/4c215dc57bbc7b2f2f470ac9bd197f3f112636a584e575a732d0206a2d9c9806?s=96&d=mm&r=g","caption":"admin"},"sameAs":["https:\/\/saltoecologico.es"],"url":"https:\/\/saltoecologico.es\/index.php\/author\/saltoecologico\/"}]}},"_links":{"self":[{"href":"https:\/\/saltoecologico.es\/index.php\/wp-json\/wp\/v2\/posts\/621","targetHints":{"allow":["GET"]}}],"collection":[{"href":"https:\/\/saltoecologico.es\/index.php\/wp-json\/wp\/v2\/posts"}],"about":[{"href":"https:\/\/saltoecologico.es\/index.php\/wp-json\/wp\/v2\/types\/post"}],"author":[{"embeddable":true,"href":"https:\/\/saltoecologico.es\/index.php\/wp-json\/wp\/v2\/users\/1"}],"replies":[{"embeddable":true,"href":"https:\/\/saltoecologico.es\/index.php\/wp-json\/wp\/v2\/comments?post=621"}],"version-history":[{"count":1,"href":"https:\/\/saltoecologico.es\/index.php\/wp-json\/wp\/v2\/posts\/621\/revisions"}],"predecessor-version":[{"id":623,"href":"https:\/\/saltoecologico.es\/index.php\/wp-json\/wp\/v2\/posts\/621\/revisions\/623"}],"wp:featuredmedia":[{"embeddable":true,"href":"https:\/\/saltoecologico.es\/index.php\/wp-json\/wp\/v2\/media\/622"}],"wp:attachment":[{"href":"https:\/\/saltoecologico.es\/index.php\/wp-json\/wp\/v2\/media?parent=621"}],"wp:term":[{"taxonomy":"category","embeddable":true,"href":"https:\/\/saltoecologico.es\/index.php\/wp-json\/wp\/v2\/categories?post=621"},{"taxonomy":"post_tag","embeddable":true,"href":"https:\/\/saltoecologico.es\/index.php\/wp-json\/wp\/v2\/tags?post=621"}],"curies":[{"name":"wp","href":"https:\/\/api.w.org\/{rel}","templated":true}]}}