{"id":624,"date":"2023-07-25T08:56:00","date_gmt":"2023-07-25T08:56:00","guid":{"rendered":"https:\/\/saltoecologico.es\/?p=624"},"modified":"2025-04-17T08:57:05","modified_gmt":"2025-04-17T08:57:05","slug":"informe-demoledor","status":"publish","type":"post","link":"https:\/\/saltoecologico.es\/index.php\/2023\/07\/25\/informe-demoledor\/","title":{"rendered":"Informe demoledor"},"content":{"rendered":"\n<p class=\"wp-block-paragraph\">En fechas recientes, concretamente el 5 de julio de 2023, hemos podido conocer el informe \u201cCarrera clim\u00e1tica contrarreloj. Cambio clim\u00e1tico y eventos meteorol\u00f3gicos extremos en Espa\u00f1a\u201d, elaborado por Greenpeace, en el que se relata una serie de proyecciones de la realidad clim\u00e1tica que est\u00e1 por venir en los pr\u00f3ximos a\u00f1os en el territorio peninsular y en las islas.<\/p>\n\n\n\n<p class=\"wp-block-paragraph\">Con respecto de las islas Canarias se hace la siguiente aseveraci\u00f3n: \u201cSe espera que los cambios del clima, la subida de la temperatura del aire, el aumento del nivel del mar y los cambios en las precipitaciones afecten a los sectores del turismo, de las infraestructuras y de la energ\u00eda en las islas Canarias\u201d.<\/p>\n\n\n\n<p class=\"wp-block-paragraph\">El informe contempla dos escenarios. Un panorama de bajas emisiones donde el aumento de la temperatura del planeta se sit\u00faa por debajo de los 2 grados cent\u00edgrados, y un panorama de altas emisiones donde se supera esta temperatura. En el primer caso se prev\u00e9 que al menos durante trece d\u00edas al a\u00f1o, se alcance los 35 grados cent\u00edgrados de Humidex (en esas condiciones, el individuo sentir\u00e1 malestar y se le recomienda evitar cualquier esfuerzo extremo) y los 27 cent\u00edmetros de subida del mar con una p\u00e9rdida de la superficie de las playas de en torno al 48%. En el segundo caso tendr\u00edamos un escenario de setenta y cinco d\u00edas con 35 grados cent\u00edgrados de Humidex y una p\u00e9rdida del 80% de la superficie de las playas, al subir el nivel del mar 75 cent\u00edmetros.<\/p>\n\n\n\n<p class=\"wp-block-paragraph\">La parte dedicada a Canarias concluye con una frase lapidaria: \u201cLa urgencia y la importancia de alcanzar los objetivos clim\u00e1ticos son evidentes cuando se tienen en cuenta las posibles repercusiones naturales y socioecon\u00f3micas para el archipi\u00e9lago canario\u201d.<\/p>\n\n\n\n<p class=\"wp-block-paragraph\">Los t\u00e9rminos perentorios y de advertencia cierta con la que se manifiesta el informe, contrasta con la actitud parsimoniosa e irresponsable de nuestros pol\u00edticos para los que la urgencia de la lucha contra el Cambio Clim\u00e1tico Antropog\u00e9nico es un tema menor, propio de unos imberbes catastrofistas que est\u00e1n alejados de la realidad. As\u00ed podemos o\u00edr como se anuncia la derogaci\u00f3n de la Ley de Cambio Clim\u00e1tico por parte del gobierno auton\u00f3mico o se pide la derogaci\u00f3n del PTECan por parte del Cabildo de Fuerteventura o m\u00e1s recientemente por parte del Cabildo de Lanzarote.<\/p>\n\n\n\n<p class=\"wp-block-paragraph\">Da la impresi\u00f3n de que estos pol\u00edticos consideran que las urgencias clim\u00e1ticas se pueden plegar a sus intereses populistas, planteando la paralizaci\u00f3n de todas las iniciativas hasta que se consiga un consenso con la ciudadan\u00eda y el paisaje, olvidando que si no se act\u00faa ya ni habr\u00e1 ciudadanos con los que consensuar ni habr\u00e1 paisaje que salvaguardar.<\/p>\n","protected":false},"excerpt":{"rendered":"<p>En fechas recientes, concretamente el 5 de julio de 2023, hemos podido conocer el informe \u201cCarrera clim\u00e1tica contrarreloj. Cambio clim\u00e1tico y eventos meteorol\u00f3gicos extremos en Espa\u00f1a\u201d, elaborado por Greenpeace, en el que se relata una serie de proyecciones de la realidad clim\u00e1tica que est\u00e1 por venir en los pr\u00f3ximos a\u00f1os en el territorio peninsular y [&hellip;]<\/p>\n","protected":false},"author":1,"featured_media":625,"comment_status":"open","ping_status":"open","sticky":false,"template":"","format":"standard","meta":{"footnotes":""},"categories":[55],"tags":[],"class_list":["post-624","post","type-post","status-publish","format-standard","has-post-thumbnail","category-general"],"yoast_head":"<!-- This site is optimized with the Yoast SEO plugin v28.2 - https:\/\/yoast.com\/product\/yoast-seo-wordpress\/ -->\n<title>Informe demoledor - Salto Ecol\u00f3gico<\/title>\n<meta name=\"robots\" content=\"index, follow, max-snippet:-1, max-image-preview:large, max-video-preview:-1\" \/>\n<link rel=\"canonical\" href=\"https:\/\/saltoecologico.es\/index.php\/2023\/07\/25\/informe-demoledor\/\" \/>\n<meta property=\"og:locale\" content=\"es_ES\" \/>\n<meta property=\"og:type\" content=\"article\" \/>\n<meta property=\"og:title\" content=\"Informe demoledor - Salto Ecol\u00f3gico\" \/>\n<meta property=\"og:description\" content=\"En fechas recientes, concretamente el 5 de julio de 2023, hemos podido conocer el informe \u201cCarrera clim\u00e1tica contrarreloj. Cambio clim\u00e1tico y eventos meteorol\u00f3gicos extremos en Espa\u00f1a\u201d, elaborado por Greenpeace, en el que se relata una serie de proyecciones de la realidad clim\u00e1tica que est\u00e1 por venir en los pr\u00f3ximos a\u00f1os en el territorio peninsular y [&hellip;]\" \/>\n<meta property=\"og:url\" content=\"https:\/\/saltoecologico.es\/index.php\/2023\/07\/25\/informe-demoledor\/\" \/>\n<meta property=\"og:site_name\" content=\"Salto Ecol\u00f3gico\" \/>\n<meta property=\"article:publisher\" content=\"https:\/\/www.facebook.com\/Saltotransicionecologica\" \/>\n<meta property=\"article:published_time\" content=\"2023-07-25T08:56:00+00:00\" \/>\n<meta property=\"article:modified_time\" content=\"2025-04-17T08:57:05+00:00\" \/>\n<meta property=\"og:image\" content=\"https:\/\/saltoecologico.es\/wp-content\/uploads\/2025\/04\/Fosiles16.jpg\" \/>\n\t<meta property=\"og:image:width\" content=\"1024\" \/>\n\t<meta property=\"og:image:height\" content=\"683\" \/>\n\t<meta property=\"og:image:type\" content=\"image\/jpeg\" \/>\n<meta name=\"author\" content=\"admin\" \/>\n<meta name=\"twitter:card\" content=\"summary_large_image\" \/>\n<meta name=\"twitter:label1\" content=\"Escrito por\" \/>\n\t<meta name=\"twitter:data1\" content=\"admin\" \/>\n\t<meta name=\"twitter:label2\" content=\"Tiempo de lectura\" \/>\n\t<meta name=\"twitter:data2\" content=\"3 minutos\" \/>\n<script type=\"application\/ld+json\" class=\"yoast-schema-graph\">{\"@context\":\"https:\\\/\\\/schema.org\",\"@graph\":[{\"@type\":\"Article\",\"@id\":\"https:\\\/\\\/saltoecologico.es\\\/index.php\\\/2023\\\/07\\\/25\\\/informe-demoledor\\\/#article\",\"isPartOf\":{\"@id\":\"https:\\\/\\\/saltoecologico.es\\\/index.php\\\/2023\\\/07\\\/25\\\/informe-demoledor\\\/\"},\"author\":{\"name\":\"admin\",\"@id\":\"https:\\\/\\\/saltoecologico.es\\\/#\\\/schema\\\/person\\\/7175eec4b3c123d86c675313c3a01a0b\"},\"headline\":\"Informe demoledor\",\"datePublished\":\"2023-07-25T08:56:00+00:00\",\"dateModified\":\"2025-04-17T08:57:05+00:00\",\"mainEntityOfPage\":{\"@id\":\"https:\\\/\\\/saltoecologico.es\\\/index.php\\\/2023\\\/07\\\/25\\\/informe-demoledor\\\/\"},\"wordCount\":467,\"commentCount\":0,\"publisher\":{\"@id\":\"https:\\\/\\\/saltoecologico.es\\\/#organization\"},\"image\":{\"@id\":\"https:\\\/\\\/saltoecologico.es\\\/index.php\\\/2023\\\/07\\\/25\\\/informe-demoledor\\\/#primaryimage\"},\"thumbnailUrl\":\"https:\\\/\\\/saltoecologico.es\\\/wp-content\\\/uploads\\\/2025\\\/04\\\/Fosiles16.jpg\",\"articleSection\":[\"General\"],\"inLanguage\":\"es\",\"potentialAction\":[{\"@type\":\"CommentAction\",\"name\":\"Comment\",\"target\":[\"https:\\\/\\\/saltoecologico.es\\\/index.php\\\/2023\\\/07\\\/25\\\/informe-demoledor\\\/#respond\"]}]},{\"@type\":\"WebPage\",\"@id\":\"https:\\\/\\\/saltoecologico.es\\\/index.php\\\/2023\\\/07\\\/25\\\/informe-demoledor\\\/\",\"url\":\"https:\\\/\\\/saltoecologico.es\\\/index.php\\\/2023\\\/07\\\/25\\\/informe-demoledor\\\/\",\"name\":\"Informe demoledor - Salto Ecol\u00f3gico\",\"isPartOf\":{\"@id\":\"https:\\\/\\\/saltoecologico.es\\\/#website\"},\"primaryImageOfPage\":{\"@id\":\"https:\\\/\\\/saltoecologico.es\\\/index.php\\\/2023\\\/07\\\/25\\\/informe-demoledor\\\/#primaryimage\"},\"image\":{\"@id\":\"https:\\\/\\\/saltoecologico.es\\\/index.php\\\/2023\\\/07\\\/25\\\/informe-demoledor\\\/#primaryimage\"},\"thumbnailUrl\":\"https:\\\/\\\/saltoecologico.es\\\/wp-content\\\/uploads\\\/2025\\\/04\\\/Fosiles16.jpg\",\"datePublished\":\"2023-07-25T08:56:00+00:00\",\"dateModified\":\"2025-04-17T08:57:05+00:00\",\"breadcrumb\":{\"@id\":\"https:\\\/\\\/saltoecologico.es\\\/index.php\\\/2023\\\/07\\\/25\\\/informe-demoledor\\\/#breadcrumb\"},\"inLanguage\":\"es\",\"potentialAction\":[{\"@type\":\"ReadAction\",\"target\":[\"https:\\\/\\\/saltoecologico.es\\\/index.php\\\/2023\\\/07\\\/25\\\/informe-demoledor\\\/\"]}]},{\"@type\":\"ImageObject\",\"inLanguage\":\"es\",\"@id\":\"https:\\\/\\\/saltoecologico.es\\\/index.php\\\/2023\\\/07\\\/25\\\/informe-demoledor\\\/#primaryimage\",\"url\":\"https:\\\/\\\/saltoecologico.es\\\/wp-content\\\/uploads\\\/2025\\\/04\\\/Fosiles16.jpg\",\"contentUrl\":\"https:\\\/\\\/saltoecologico.es\\\/wp-content\\\/uploads\\\/2025\\\/04\\\/Fosiles16.jpg\",\"width\":1024,\"height\":683,\"caption\":\"Aerial view of coal power plant high pipes with black smoke moving up polluting atmosphere at sunrise.\"},{\"@type\":\"BreadcrumbList\",\"@id\":\"https:\\\/\\\/saltoecologico.es\\\/index.php\\\/2023\\\/07\\\/25\\\/informe-demoledor\\\/#breadcrumb\",\"itemListElement\":[{\"@type\":\"ListItem\",\"position\":1,\"name\":\"Portada\",\"item\":\"https:\\\/\\\/saltoecologico.es\\\/\"},{\"@type\":\"ListItem\",\"position\":2,\"name\":\"Informe demoledor\"}]},{\"@type\":\"WebSite\",\"@id\":\"https:\\\/\\\/saltoecologico.es\\\/#website\",\"url\":\"https:\\\/\\\/saltoecologico.es\\\/\",\"name\":\"Salto Ecol\u00f3gico\",\"description\":\"\",\"publisher\":{\"@id\":\"https:\\\/\\\/saltoecologico.es\\\/#organization\"},\"potentialAction\":[{\"@type\":\"SearchAction\",\"target\":{\"@type\":\"EntryPoint\",\"urlTemplate\":\"https:\\\/\\\/saltoecologico.es\\\/?s={search_term_string}\"},\"query-input\":{\"@type\":\"PropertyValueSpecification\",\"valueRequired\":true,\"valueName\":\"search_term_string\"}}],\"inLanguage\":\"es\"},{\"@type\":\"Organization\",\"@id\":\"https:\\\/\\\/saltoecologico.es\\\/#organization\",\"name\":\"Salto a la Transici\u00f3n Ecol\u00f3gica\",\"url\":\"https:\\\/\\\/saltoecologico.es\\\/\",\"logo\":{\"@type\":\"ImageObject\",\"inLanguage\":\"es\",\"@id\":\"https:\\\/\\\/saltoecologico.es\\\/#\\\/schema\\\/logo\\\/image\\\/\",\"url\":\"https:\\\/\\\/saltoecologico.es\\\/wp-content\\\/uploads\\\/2025\\\/04\\\/Logo-STE.jpg\",\"contentUrl\":\"https:\\\/\\\/saltoecologico.es\\\/wp-content\\\/uploads\\\/2025\\\/04\\\/Logo-STE.jpg\",\"width\":435,\"height\":435,\"caption\":\"Salto a la Transici\u00f3n Ecol\u00f3gica\"},\"image\":{\"@id\":\"https:\\\/\\\/saltoecologico.es\\\/#\\\/schema\\\/logo\\\/image\\\/\"},\"sameAs\":[\"https:\\\/\\\/www.facebook.com\\\/Saltotransicionecologica\"]},{\"@type\":\"Person\",\"@id\":\"https:\\\/\\\/saltoecologico.es\\\/#\\\/schema\\\/person\\\/7175eec4b3c123d86c675313c3a01a0b\",\"name\":\"admin\",\"image\":{\"@type\":\"ImageObject\",\"inLanguage\":\"es\",\"@id\":\"https:\\\/\\\/secure.gravatar.com\\\/avatar\\\/4c215dc57bbc7b2f2f470ac9bd197f3f112636a584e575a732d0206a2d9c9806?s=96&d=mm&r=g\",\"url\":\"https:\\\/\\\/secure.gravatar.com\\\/avatar\\\/4c215dc57bbc7b2f2f470ac9bd197f3f112636a584e575a732d0206a2d9c9806?s=96&d=mm&r=g\",\"contentUrl\":\"https:\\\/\\\/secure.gravatar.com\\\/avatar\\\/4c215dc57bbc7b2f2f470ac9bd197f3f112636a584e575a732d0206a2d9c9806?s=96&d=mm&r=g\",\"caption\":\"admin\"},\"sameAs\":[\"https:\\\/\\\/saltoecologico.es\"],\"url\":\"https:\\\/\\\/saltoecologico.es\\\/index.php\\\/author\\\/saltoecologico\\\/\"}]}<\/script>\n<!-- \/ Yoast SEO plugin. -->","yoast_head_json":{"title":"Informe demoledor - Salto Ecol\u00f3gico","robots":{"index":"index","follow":"follow","max-snippet":"max-snippet:-1","max-image-preview":"max-image-preview:large","max-video-preview":"max-video-preview:-1"},"canonical":"https:\/\/saltoecologico.es\/index.php\/2023\/07\/25\/informe-demoledor\/","og_locale":"es_ES","og_type":"article","og_title":"Informe demoledor - Salto Ecol\u00f3gico","og_description":"En fechas recientes, concretamente el 5 de julio de 2023, hemos podido conocer el informe \u201cCarrera clim\u00e1tica contrarreloj. Cambio clim\u00e1tico y eventos meteorol\u00f3gicos extremos en Espa\u00f1a\u201d, elaborado por Greenpeace, en el que se relata una serie de proyecciones de la realidad clim\u00e1tica que est\u00e1 por venir en los pr\u00f3ximos a\u00f1os en el territorio peninsular y [&hellip;]","og_url":"https:\/\/saltoecologico.es\/index.php\/2023\/07\/25\/informe-demoledor\/","og_site_name":"Salto Ecol\u00f3gico","article_publisher":"https:\/\/www.facebook.com\/Saltotransicionecologica","article_published_time":"2023-07-25T08:56:00+00:00","article_modified_time":"2025-04-17T08:57:05+00:00","og_image":[{"width":1024,"height":683,"url":"https:\/\/saltoecologico.es\/wp-content\/uploads\/2025\/04\/Fosiles16.jpg","type":"image\/jpeg"}],"author":"admin","twitter_card":"summary_large_image","twitter_misc":{"Escrito por":"admin","Tiempo de lectura":"3 minutos"},"schema":{"@context":"https:\/\/schema.org","@graph":[{"@type":"Article","@id":"https:\/\/saltoecologico.es\/index.php\/2023\/07\/25\/informe-demoledor\/#article","isPartOf":{"@id":"https:\/\/saltoecologico.es\/index.php\/2023\/07\/25\/informe-demoledor\/"},"author":{"name":"admin","@id":"https:\/\/saltoecologico.es\/#\/schema\/person\/7175eec4b3c123d86c675313c3a01a0b"},"headline":"Informe demoledor","datePublished":"2023-07-25T08:56:00+00:00","dateModified":"2025-04-17T08:57:05+00:00","mainEntityOfPage":{"@id":"https:\/\/saltoecologico.es\/index.php\/2023\/07\/25\/informe-demoledor\/"},"wordCount":467,"commentCount":0,"publisher":{"@id":"https:\/\/saltoecologico.es\/#organization"},"image":{"@id":"https:\/\/saltoecologico.es\/index.php\/2023\/07\/25\/informe-demoledor\/#primaryimage"},"thumbnailUrl":"https:\/\/saltoecologico.es\/wp-content\/uploads\/2025\/04\/Fosiles16.jpg","articleSection":["General"],"inLanguage":"es","potentialAction":[{"@type":"CommentAction","name":"Comment","target":["https:\/\/saltoecologico.es\/index.php\/2023\/07\/25\/informe-demoledor\/#respond"]}]},{"@type":"WebPage","@id":"https:\/\/saltoecologico.es\/index.php\/2023\/07\/25\/informe-demoledor\/","url":"https:\/\/saltoecologico.es\/index.php\/2023\/07\/25\/informe-demoledor\/","name":"Informe demoledor - Salto Ecol\u00f3gico","isPartOf":{"@id":"https:\/\/saltoecologico.es\/#website"},"primaryImageOfPage":{"@id":"https:\/\/saltoecologico.es\/index.php\/2023\/07\/25\/informe-demoledor\/#primaryimage"},"image":{"@id":"https:\/\/saltoecologico.es\/index.php\/2023\/07\/25\/informe-demoledor\/#primaryimage"},"thumbnailUrl":"https:\/\/saltoecologico.es\/wp-content\/uploads\/2025\/04\/Fosiles16.jpg","datePublished":"2023-07-25T08:56:00+00:00","dateModified":"2025-04-17T08:57:05+00:00","breadcrumb":{"@id":"https:\/\/saltoecologico.es\/index.php\/2023\/07\/25\/informe-demoledor\/#breadcrumb"},"inLanguage":"es","potentialAction":[{"@type":"ReadAction","target":["https:\/\/saltoecologico.es\/index.php\/2023\/07\/25\/informe-demoledor\/"]}]},{"@type":"ImageObject","inLanguage":"es","@id":"https:\/\/saltoecologico.es\/index.php\/2023\/07\/25\/informe-demoledor\/#primaryimage","url":"https:\/\/saltoecologico.es\/wp-content\/uploads\/2025\/04\/Fosiles16.jpg","contentUrl":"https:\/\/saltoecologico.es\/wp-content\/uploads\/2025\/04\/Fosiles16.jpg","width":1024,"height":683,"caption":"Aerial view of coal power plant high pipes with black smoke moving up polluting atmosphere at sunrise."},{"@type":"BreadcrumbList","@id":"https:\/\/saltoecologico.es\/index.php\/2023\/07\/25\/informe-demoledor\/#breadcrumb","itemListElement":[{"@type":"ListItem","position":1,"name":"Portada","item":"https:\/\/saltoecologico.es\/"},{"@type":"ListItem","position":2,"name":"Informe demoledor"}]},{"@type":"WebSite","@id":"https:\/\/saltoecologico.es\/#website","url":"https:\/\/saltoecologico.es\/","name":"Salto Ecol\u00f3gico","description":"","publisher":{"@id":"https:\/\/saltoecologico.es\/#organization"},"potentialAction":[{"@type":"SearchAction","target":{"@type":"EntryPoint","urlTemplate":"https:\/\/saltoecologico.es\/?s={search_term_string}"},"query-input":{"@type":"PropertyValueSpecification","valueRequired":true,"valueName":"search_term_string"}}],"inLanguage":"es"},{"@type":"Organization","@id":"https:\/\/saltoecologico.es\/#organization","name":"Salto a la Transici\u00f3n Ecol\u00f3gica","url":"https:\/\/saltoecologico.es\/","logo":{"@type":"ImageObject","inLanguage":"es","@id":"https:\/\/saltoecologico.es\/#\/schema\/logo\/image\/","url":"https:\/\/saltoecologico.es\/wp-content\/uploads\/2025\/04\/Logo-STE.jpg","contentUrl":"https:\/\/saltoecologico.es\/wp-content\/uploads\/2025\/04\/Logo-STE.jpg","width":435,"height":435,"caption":"Salto a la Transici\u00f3n Ecol\u00f3gica"},"image":{"@id":"https:\/\/saltoecologico.es\/#\/schema\/logo\/image\/"},"sameAs":["https:\/\/www.facebook.com\/Saltotransicionecologica"]},{"@type":"Person","@id":"https:\/\/saltoecologico.es\/#\/schema\/person\/7175eec4b3c123d86c675313c3a01a0b","name":"admin","image":{"@type":"ImageObject","inLanguage":"es","@id":"https:\/\/secure.gravatar.com\/avatar\/4c215dc57bbc7b2f2f470ac9bd197f3f112636a584e575a732d0206a2d9c9806?s=96&d=mm&r=g","url":"https:\/\/secure.gravatar.com\/avatar\/4c215dc57bbc7b2f2f470ac9bd197f3f112636a584e575a732d0206a2d9c9806?s=96&d=mm&r=g","contentUrl":"https:\/\/secure.gravatar.com\/avatar\/4c215dc57bbc7b2f2f470ac9bd197f3f112636a584e575a732d0206a2d9c9806?s=96&d=mm&r=g","caption":"admin"},"sameAs":["https:\/\/saltoecologico.es"],"url":"https:\/\/saltoecologico.es\/index.php\/author\/saltoecologico\/"}]}},"_links":{"self":[{"href":"https:\/\/saltoecologico.es\/index.php\/wp-json\/wp\/v2\/posts\/624","targetHints":{"allow":["GET"]}}],"collection":[{"href":"https:\/\/saltoecologico.es\/index.php\/wp-json\/wp\/v2\/posts"}],"about":[{"href":"https:\/\/saltoecologico.es\/index.php\/wp-json\/wp\/v2\/types\/post"}],"author":[{"embeddable":true,"href":"https:\/\/saltoecologico.es\/index.php\/wp-json\/wp\/v2\/users\/1"}],"replies":[{"embeddable":true,"href":"https:\/\/saltoecologico.es\/index.php\/wp-json\/wp\/v2\/comments?post=624"}],"version-history":[{"count":1,"href":"https:\/\/saltoecologico.es\/index.php\/wp-json\/wp\/v2\/posts\/624\/revisions"}],"predecessor-version":[{"id":626,"href":"https:\/\/saltoecologico.es\/index.php\/wp-json\/wp\/v2\/posts\/624\/revisions\/626"}],"wp:featuredmedia":[{"embeddable":true,"href":"https:\/\/saltoecologico.es\/index.php\/wp-json\/wp\/v2\/media\/625"}],"wp:attachment":[{"href":"https:\/\/saltoecologico.es\/index.php\/wp-json\/wp\/v2\/media?parent=624"}],"wp:term":[{"taxonomy":"category","embeddable":true,"href":"https:\/\/saltoecologico.es\/index.php\/wp-json\/wp\/v2\/categories?post=624"},{"taxonomy":"post_tag","embeddable":true,"href":"https:\/\/saltoecologico.es\/index.php\/wp-json\/wp\/v2\/tags?post=624"}],"curies":[{"name":"wp","href":"https:\/\/api.w.org\/{rel}","templated":true}]}}