{"id":627,"date":"2023-07-27T09:08:00","date_gmt":"2023-07-27T09:08:00","guid":{"rendered":"https:\/\/saltoecologico.es\/?p=627"},"modified":"2025-04-17T09:09:20","modified_gmt":"2025-04-17T09:09:20","slug":"discurso-irresponsable","status":"publish","type":"post","link":"https:\/\/saltoecologico.es\/index.php\/2023\/07\/27\/discurso-irresponsable\/","title":{"rendered":"Discurso irresponsable"},"content":{"rendered":"\n<p class=\"wp-block-paragraph\">Es muy de agradecer que cuando alguien desecha una iniciativa explique cu\u00e1l es la raz\u00f3n y a continuaci\u00f3n plantee cual es la alternativa. En el caso de la lucha contra el Cambio Clim\u00e1tico Antropog\u00e9nico el argumento planteado es m\u00e1s ag\u00f3nico si cabe, dado que la urgencia e irreversibilidad de lo que ya est\u00e1 ocurriendo, el plantear que se va a estudiar una soluci\u00f3n, no est\u00e1 dentro de lo aceptable.<\/p>\n\n\n\n<p class=\"wp-block-paragraph\">Efectivamente, descartar la hoja de ruta que el Gobierno de Canarias saliente hab\u00eda trazado con el PTECan y sus estrategias y fiarlo todo a una alternativa a estudiar en un futuro no definido, es de una irresponsabilidad tal, que no puede ser ni siquiera contemplado. Por eso es de agradecer cuando se hacen planteamientos alternativos, aunque solo est\u00e9n compuestos de un p\u00e1rrafo al estilo: \u201cSe propone como alternativa al modelo presentado un sistema distribuido de autoconsumo y de sistemas hibridados con bater\u00edas y centrales t\u00e9rmicas flexibles que operen con hidr\u00f3geno\u201d.<\/p>\n\n\n\n<p class=\"wp-block-paragraph\">A falta de un estudio exhaustivo como el realizado con las estrategias del PTECan, donde en m\u00e1s de un millar de p\u00e1ginas se desglosa todo lo planteado, intentaremos analizar lo expresado en 26 palabras, intentando encontrarle un sentido t\u00e9cnico m\u00e1s all\u00e1 de un eslogan populista.<\/p>\n\n\n\n<p class=\"wp-block-paragraph\">Un \u201csistema distribuido de autoconsumo\u201d es la \u00fanica posibilidad de autoconsumo posible, porque se entiende que no se va a centralizar en una sola azotea el montante de placas necesarias. Por lo tanto, ya estamos ante una \u201chip\u00e9rbole narrativa\u201d para darle m\u00e1s empaque a algo que no lo tiene y por lo tanto se deber\u00eda quedar en \u201cun sistema de autoconsumo\u201d a secas.<\/p>\n\n\n\n<p class=\"wp-block-paragraph\">Lo primero que tendr\u00edan que haber hecho los defensores de este planteamiento es valorar la generaci\u00f3n posible que se pudiera obtener de este \u201csistema de autoconsumo\u201d y no se hace porque aparte de valoraciones m\u00e1s o menos ocurrentes, obtener este dato es pr\u00e1cticamente imposible. A d\u00eda de hoy y que nosotros sepamos, solo existe un estudio con el suficiente rigor cient\u00edfico y que es el desarrollado por el Instituto Tecnol\u00f3gico de Canarias (ITC), estudio precisamente desarrollado por la estrategia de autoconsumo del denostado PTECan. Para este estudio \u201cse ha contado con informaci\u00f3n catastral y un Modelo Digital de Terreno (MDT) de alta resoluci\u00f3n (0.5&#215;0.5 metros), generado por el ITC mediante el uso de datos LIDAR disponibles en el Sistema de Informaci\u00f3n sobre Ocupaci\u00f3n del Suelo de Espa\u00f1a (SIOSE). Adem\u00e1s, se hizo uso tambi\u00e9n de series temporales horarias de radiaci\u00f3n solar, temperatura y velocidad del viento (mallado de 250&#215;250 metros), que junto con los datos cartogr\u00e1ficos extra\u00eddos del MDT (por ejemplo, orientaci\u00f3n e inclinaci\u00f3n) permitieron el desarrollo de balances energ\u00e9ticos horarios para a\u00f1os tipo en todas las referencias catastrales de Canarias\u201d.<\/p>\n\n\n\n<p class=\"wp-block-paragraph\">Seg\u00fan el estudio indicado en una isla como Gran Canaria la superficie de cubiertas proclives a instalar placas fotovoltaicas ser\u00eda de 37.271.153 metros cuadrados, lo que, si se aprovechara hasta el \u00faltimo cent\u00edmetro, se podr\u00edan instalar 3.691 MW. Esto supondr\u00eda que se tendr\u00eda que obligar a cada propietario a instalar placas m\u00e1s all\u00e1 de sus necesidades particulares. El estudio va m\u00e1s all\u00e1 y plantea un dimensionamiento por \u201ccobertura de demanda\u201d llegando a la conclusi\u00f3n de que lo \u00f3ptimo ser\u00eda instalar 484 MW. Estos 484 MW nos dar\u00edan una producci\u00f3n anual del orden de 847.968 MWh. Para tomar una referencia La isla de Gran Canaria necesit\u00f3 3.340.886 MWh en el a\u00f1o 2020 lo que indica que podr\u00edamos cubrir con autoconsumo el 25% de las necesidades, asumiendo que no se produzcan vertidos, es decir, que todo lo que se produzca en las placas se consume instant\u00e1neamente o se almacena en las bater\u00edas.<\/p>\n\n\n\n<p class=\"wp-block-paragraph\">Sin entrar en consideraciones de gestionabilidad, reserva rodante, estabilidades din\u00e1micas y todo lo que conlleva el funcionamiento de un sistema el\u00e9ctrico seguro y estable, ya podemos anticipar que tan solo con autoconsumo no se cubren las necesidades.<\/p>\n\n\n\n<p class=\"wp-block-paragraph\">Por otro lado, se alude a \u201ccentrales t\u00e9rmicas flexibles que operen con hidr\u00f3geno\u201d y aqu\u00ed encontramos la segunda hip\u00e9rbole, porque todas las centrales t\u00e9rmicas por su propia definici\u00f3n son flexibles, porque tienen que ajustar en todo momento las variaciones de la demanda. Aparte de la hip\u00e9rbole se\u00f1alada, tenemos que indicar un d\u00e9ficit muy importante en un adjetivo y que no es otro que el del hidr\u00f3geno, que para contribuir a la descarbonizaci\u00f3n debe ser necesariamente \u201cverde\u201d. Efectivamente, si estamos dise\u00f1ando un sistema para descarbonizar nuestra generaci\u00f3n el hidr\u00f3geno a utilizar no puede ser un hidr\u00f3geno cualquiera, necesariamente debe de ser verde y para conseguir esto, el m\u00e9todo a aplicar para su obtenci\u00f3n debe de ser la electr\u00f3lisis del agua, alimentada con electricidad renovable.<\/p>\n\n\n\n<p class=\"wp-block-paragraph\">Pero he aqu\u00ed que tenemos un grave problema. La obtenci\u00f3n de este hidr\u00f3geno verde a d\u00eda de hoy es un proceso muy costoso e ineficiente. Para obtener 1 MW en una turbina de hidr\u00f3geno hace falta gastar m\u00e1s de 10 MW de generaci\u00f3n renovable. Como se podr\u00e1 entender este proceso es altamente ineficiente y es inaceptable desde el punto de vista econ\u00f3mico y solo se podr\u00eda justificar si la energ\u00eda renovable destinada a este proceso, fuera la que se iba a perder por cuestiones de vertidos, al tener un dimensionamiento de esta por encima de las necesidades del sistema el\u00e9ctrico que abastece.<\/p>\n\n\n\n<p class=\"wp-block-paragraph\">Si nosotros tenemos que alimentar una demanda de 1 MW permanentemente que necesita 8.760 MWh en un a\u00f1o, no podemos poner unas placas de 1 MW, porque necesitamos un extra para alimentar las bater\u00edas y porque habr\u00e1 momentos del d\u00eda donde debido a nubes baje la producci\u00f3n. Pues bien, si nosotros dimensionamos las placas a 5 MW y aplicamos el factor de capacidad, podemos observar que alcanzamos lo necesario, pero ahora tenemos el problema de que cuando tengamos las placas a pleno rendimiento y las bater\u00edas cargadas, tendremos que desechar buena parte de la producci\u00f3n. Es ese desecho el que tiene sentido utilizarlo para generar hidr\u00f3geno verde.<\/p>\n\n\n\n<p class=\"wp-block-paragraph\">Con todo lo comentado, aplicando el sentido com\u00fan y sin entrar en detalles excesivamente t\u00e9cnicos y complejos, se puede ver claramente lo f\u00e1cil que es desmontar un discurso populista, que puede sonar bien a los o\u00eddos de personas poco versadas en estos temas, pero que denotan una irresponsabilidad suprema en aquellos que los esgrimen.<\/p>\n","protected":false},"excerpt":{"rendered":"<p>Es muy de agradecer que cuando alguien desecha una iniciativa explique cu\u00e1l es la raz\u00f3n y a continuaci\u00f3n plantee cual es la alternativa. En el caso de la lucha contra el Cambio Clim\u00e1tico Antropog\u00e9nico el argumento planteado es m\u00e1s ag\u00f3nico si cabe, dado que la urgencia e irreversibilidad de lo que ya est\u00e1 ocurriendo, el [&hellip;]<\/p>\n","protected":false},"author":1,"featured_media":628,"comment_status":"open","ping_status":"open","sticky":false,"template":"","format":"standard","meta":{"footnotes":""},"categories":[45,39],"tags":[],"class_list":["post-627","post","type-post","status-publish","format-standard","has-post-thumbnail","category-r_autoconsumo","category-renovables"],"yoast_head":"<!-- This site is optimized with the Yoast SEO plugin v28.2 - https:\/\/yoast.com\/product\/yoast-seo-wordpress\/ -->\n<title>Discurso irresponsable - Salto Ecol\u00f3gico<\/title>\n<meta name=\"robots\" content=\"index, follow, max-snippet:-1, max-image-preview:large, max-video-preview:-1\" \/>\n<link rel=\"canonical\" href=\"https:\/\/saltoecologico.es\/index.php\/2023\/07\/27\/discurso-irresponsable\/\" \/>\n<meta property=\"og:locale\" content=\"es_ES\" \/>\n<meta property=\"og:type\" content=\"article\" \/>\n<meta property=\"og:title\" content=\"Discurso irresponsable - Salto Ecol\u00f3gico\" \/>\n<meta property=\"og:description\" content=\"Es muy de agradecer que cuando alguien desecha una iniciativa explique cu\u00e1l es la raz\u00f3n y a continuaci\u00f3n plantee cual es la alternativa. En el caso de la lucha contra el Cambio Clim\u00e1tico Antropog\u00e9nico el argumento planteado es m\u00e1s ag\u00f3nico si cabe, dado que la urgencia e irreversibilidad de lo que ya est\u00e1 ocurriendo, el [&hellip;]\" \/>\n<meta property=\"og:url\" content=\"https:\/\/saltoecologico.es\/index.php\/2023\/07\/27\/discurso-irresponsable\/\" \/>\n<meta property=\"og:site_name\" content=\"Salto Ecol\u00f3gico\" \/>\n<meta property=\"article:publisher\" content=\"https:\/\/www.facebook.com\/Saltotransicionecologica\" \/>\n<meta property=\"article:published_time\" content=\"2023-07-27T09:08:00+00:00\" \/>\n<meta property=\"article:modified_time\" content=\"2025-04-17T09:09:20+00:00\" \/>\n<meta property=\"og:image\" content=\"https:\/\/saltoecologico.es\/wp-content\/uploads\/2025\/04\/Fotovoltaica-12.jpg\" \/>\n\t<meta property=\"og:image:width\" content=\"1024\" \/>\n\t<meta property=\"og:image:height\" content=\"683\" \/>\n\t<meta property=\"og:image:type\" content=\"image\/jpeg\" \/>\n<meta name=\"author\" content=\"admin\" \/>\n<meta name=\"twitter:card\" content=\"summary_large_image\" \/>\n<meta name=\"twitter:label1\" content=\"Escrito por\" \/>\n\t<meta name=\"twitter:data1\" content=\"admin\" \/>\n\t<meta name=\"twitter:label2\" content=\"Tiempo de lectura\" \/>\n\t<meta name=\"twitter:data2\" content=\"5 minutos\" \/>\n<script type=\"application\/ld+json\" class=\"yoast-schema-graph\">{\"@context\":\"https:\\\/\\\/schema.org\",\"@graph\":[{\"@type\":\"Article\",\"@id\":\"https:\\\/\\\/saltoecologico.es\\\/index.php\\\/2023\\\/07\\\/27\\\/discurso-irresponsable\\\/#article\",\"isPartOf\":{\"@id\":\"https:\\\/\\\/saltoecologico.es\\\/index.php\\\/2023\\\/07\\\/27\\\/discurso-irresponsable\\\/\"},\"author\":{\"name\":\"admin\",\"@id\":\"https:\\\/\\\/saltoecologico.es\\\/#\\\/schema\\\/person\\\/7175eec4b3c123d86c675313c3a01a0b\"},\"headline\":\"Discurso irresponsable\",\"datePublished\":\"2023-07-27T09:08:00+00:00\",\"dateModified\":\"2025-04-17T09:09:20+00:00\",\"mainEntityOfPage\":{\"@id\":\"https:\\\/\\\/saltoecologico.es\\\/index.php\\\/2023\\\/07\\\/27\\\/discurso-irresponsable\\\/\"},\"wordCount\":1105,\"commentCount\":0,\"publisher\":{\"@id\":\"https:\\\/\\\/saltoecologico.es\\\/#organization\"},\"image\":{\"@id\":\"https:\\\/\\\/saltoecologico.es\\\/index.php\\\/2023\\\/07\\\/27\\\/discurso-irresponsable\\\/#primaryimage\"},\"thumbnailUrl\":\"https:\\\/\\\/saltoecologico.es\\\/wp-content\\\/uploads\\\/2025\\\/04\\\/Fotovoltaica-12.jpg\",\"articleSection\":[\"R_Autoconsumo\",\"Renovables\"],\"inLanguage\":\"es\",\"potentialAction\":[{\"@type\":\"CommentAction\",\"name\":\"Comment\",\"target\":[\"https:\\\/\\\/saltoecologico.es\\\/index.php\\\/2023\\\/07\\\/27\\\/discurso-irresponsable\\\/#respond\"]}]},{\"@type\":\"WebPage\",\"@id\":\"https:\\\/\\\/saltoecologico.es\\\/index.php\\\/2023\\\/07\\\/27\\\/discurso-irresponsable\\\/\",\"url\":\"https:\\\/\\\/saltoecologico.es\\\/index.php\\\/2023\\\/07\\\/27\\\/discurso-irresponsable\\\/\",\"name\":\"Discurso irresponsable - Salto Ecol\u00f3gico\",\"isPartOf\":{\"@id\":\"https:\\\/\\\/saltoecologico.es\\\/#website\"},\"primaryImageOfPage\":{\"@id\":\"https:\\\/\\\/saltoecologico.es\\\/index.php\\\/2023\\\/07\\\/27\\\/discurso-irresponsable\\\/#primaryimage\"},\"image\":{\"@id\":\"https:\\\/\\\/saltoecologico.es\\\/index.php\\\/2023\\\/07\\\/27\\\/discurso-irresponsable\\\/#primaryimage\"},\"thumbnailUrl\":\"https:\\\/\\\/saltoecologico.es\\\/wp-content\\\/uploads\\\/2025\\\/04\\\/Fotovoltaica-12.jpg\",\"datePublished\":\"2023-07-27T09:08:00+00:00\",\"dateModified\":\"2025-04-17T09:09:20+00:00\",\"breadcrumb\":{\"@id\":\"https:\\\/\\\/saltoecologico.es\\\/index.php\\\/2023\\\/07\\\/27\\\/discurso-irresponsable\\\/#breadcrumb\"},\"inLanguage\":\"es\",\"potentialAction\":[{\"@type\":\"ReadAction\",\"target\":[\"https:\\\/\\\/saltoecologico.es\\\/index.php\\\/2023\\\/07\\\/27\\\/discurso-irresponsable\\\/\"]}]},{\"@type\":\"ImageObject\",\"inLanguage\":\"es\",\"@id\":\"https:\\\/\\\/saltoecologico.es\\\/index.php\\\/2023\\\/07\\\/27\\\/discurso-irresponsable\\\/#primaryimage\",\"url\":\"https:\\\/\\\/saltoecologico.es\\\/wp-content\\\/uploads\\\/2025\\\/04\\\/Fotovoltaica-12.jpg\",\"contentUrl\":\"https:\\\/\\\/saltoecologico.es\\\/wp-content\\\/uploads\\\/2025\\\/04\\\/Fotovoltaica-12.jpg\",\"width\":1024,\"height\":683,\"caption\":\"Technology solar cell, Engineer service check installation solar cell on the roof of factory. technician checks the maintenance of the solar panels\"},{\"@type\":\"BreadcrumbList\",\"@id\":\"https:\\\/\\\/saltoecologico.es\\\/index.php\\\/2023\\\/07\\\/27\\\/discurso-irresponsable\\\/#breadcrumb\",\"itemListElement\":[{\"@type\":\"ListItem\",\"position\":1,\"name\":\"Portada\",\"item\":\"https:\\\/\\\/saltoecologico.es\\\/\"},{\"@type\":\"ListItem\",\"position\":2,\"name\":\"Discurso irresponsable\"}]},{\"@type\":\"WebSite\",\"@id\":\"https:\\\/\\\/saltoecologico.es\\\/#website\",\"url\":\"https:\\\/\\\/saltoecologico.es\\\/\",\"name\":\"Salto Ecol\u00f3gico\",\"description\":\"\",\"publisher\":{\"@id\":\"https:\\\/\\\/saltoecologico.es\\\/#organization\"},\"potentialAction\":[{\"@type\":\"SearchAction\",\"target\":{\"@type\":\"EntryPoint\",\"urlTemplate\":\"https:\\\/\\\/saltoecologico.es\\\/?s={search_term_string}\"},\"query-input\":{\"@type\":\"PropertyValueSpecification\",\"valueRequired\":true,\"valueName\":\"search_term_string\"}}],\"inLanguage\":\"es\"},{\"@type\":\"Organization\",\"@id\":\"https:\\\/\\\/saltoecologico.es\\\/#organization\",\"name\":\"Salto a la Transici\u00f3n Ecol\u00f3gica\",\"url\":\"https:\\\/\\\/saltoecologico.es\\\/\",\"logo\":{\"@type\":\"ImageObject\",\"inLanguage\":\"es\",\"@id\":\"https:\\\/\\\/saltoecologico.es\\\/#\\\/schema\\\/logo\\\/image\\\/\",\"url\":\"https:\\\/\\\/saltoecologico.es\\\/wp-content\\\/uploads\\\/2025\\\/04\\\/Logo-STE.jpg\",\"contentUrl\":\"https:\\\/\\\/saltoecologico.es\\\/wp-content\\\/uploads\\\/2025\\\/04\\\/Logo-STE.jpg\",\"width\":435,\"height\":435,\"caption\":\"Salto a la Transici\u00f3n Ecol\u00f3gica\"},\"image\":{\"@id\":\"https:\\\/\\\/saltoecologico.es\\\/#\\\/schema\\\/logo\\\/image\\\/\"},\"sameAs\":[\"https:\\\/\\\/www.facebook.com\\\/Saltotransicionecologica\"]},{\"@type\":\"Person\",\"@id\":\"https:\\\/\\\/saltoecologico.es\\\/#\\\/schema\\\/person\\\/7175eec4b3c123d86c675313c3a01a0b\",\"name\":\"admin\",\"image\":{\"@type\":\"ImageObject\",\"inLanguage\":\"es\",\"@id\":\"https:\\\/\\\/secure.gravatar.com\\\/avatar\\\/4c215dc57bbc7b2f2f470ac9bd197f3f112636a584e575a732d0206a2d9c9806?s=96&d=mm&r=g\",\"url\":\"https:\\\/\\\/secure.gravatar.com\\\/avatar\\\/4c215dc57bbc7b2f2f470ac9bd197f3f112636a584e575a732d0206a2d9c9806?s=96&d=mm&r=g\",\"contentUrl\":\"https:\\\/\\\/secure.gravatar.com\\\/avatar\\\/4c215dc57bbc7b2f2f470ac9bd197f3f112636a584e575a732d0206a2d9c9806?s=96&d=mm&r=g\",\"caption\":\"admin\"},\"sameAs\":[\"https:\\\/\\\/saltoecologico.es\"],\"url\":\"https:\\\/\\\/saltoecologico.es\\\/index.php\\\/author\\\/saltoecologico\\\/\"}]}<\/script>\n<!-- \/ Yoast SEO plugin. -->","yoast_head_json":{"title":"Discurso irresponsable - Salto Ecol\u00f3gico","robots":{"index":"index","follow":"follow","max-snippet":"max-snippet:-1","max-image-preview":"max-image-preview:large","max-video-preview":"max-video-preview:-1"},"canonical":"https:\/\/saltoecologico.es\/index.php\/2023\/07\/27\/discurso-irresponsable\/","og_locale":"es_ES","og_type":"article","og_title":"Discurso irresponsable - Salto Ecol\u00f3gico","og_description":"Es muy de agradecer que cuando alguien desecha una iniciativa explique cu\u00e1l es la raz\u00f3n y a continuaci\u00f3n plantee cual es la alternativa. En el caso de la lucha contra el Cambio Clim\u00e1tico Antropog\u00e9nico el argumento planteado es m\u00e1s ag\u00f3nico si cabe, dado que la urgencia e irreversibilidad de lo que ya est\u00e1 ocurriendo, el [&hellip;]","og_url":"https:\/\/saltoecologico.es\/index.php\/2023\/07\/27\/discurso-irresponsable\/","og_site_name":"Salto Ecol\u00f3gico","article_publisher":"https:\/\/www.facebook.com\/Saltotransicionecologica","article_published_time":"2023-07-27T09:08:00+00:00","article_modified_time":"2025-04-17T09:09:20+00:00","og_image":[{"width":1024,"height":683,"url":"https:\/\/saltoecologico.es\/wp-content\/uploads\/2025\/04\/Fotovoltaica-12.jpg","type":"image\/jpeg"}],"author":"admin","twitter_card":"summary_large_image","twitter_misc":{"Escrito por":"admin","Tiempo de lectura":"5 minutos"},"schema":{"@context":"https:\/\/schema.org","@graph":[{"@type":"Article","@id":"https:\/\/saltoecologico.es\/index.php\/2023\/07\/27\/discurso-irresponsable\/#article","isPartOf":{"@id":"https:\/\/saltoecologico.es\/index.php\/2023\/07\/27\/discurso-irresponsable\/"},"author":{"name":"admin","@id":"https:\/\/saltoecologico.es\/#\/schema\/person\/7175eec4b3c123d86c675313c3a01a0b"},"headline":"Discurso irresponsable","datePublished":"2023-07-27T09:08:00+00:00","dateModified":"2025-04-17T09:09:20+00:00","mainEntityOfPage":{"@id":"https:\/\/saltoecologico.es\/index.php\/2023\/07\/27\/discurso-irresponsable\/"},"wordCount":1105,"commentCount":0,"publisher":{"@id":"https:\/\/saltoecologico.es\/#organization"},"image":{"@id":"https:\/\/saltoecologico.es\/index.php\/2023\/07\/27\/discurso-irresponsable\/#primaryimage"},"thumbnailUrl":"https:\/\/saltoecologico.es\/wp-content\/uploads\/2025\/04\/Fotovoltaica-12.jpg","articleSection":["R_Autoconsumo","Renovables"],"inLanguage":"es","potentialAction":[{"@type":"CommentAction","name":"Comment","target":["https:\/\/saltoecologico.es\/index.php\/2023\/07\/27\/discurso-irresponsable\/#respond"]}]},{"@type":"WebPage","@id":"https:\/\/saltoecologico.es\/index.php\/2023\/07\/27\/discurso-irresponsable\/","url":"https:\/\/saltoecologico.es\/index.php\/2023\/07\/27\/discurso-irresponsable\/","name":"Discurso irresponsable - Salto Ecol\u00f3gico","isPartOf":{"@id":"https:\/\/saltoecologico.es\/#website"},"primaryImageOfPage":{"@id":"https:\/\/saltoecologico.es\/index.php\/2023\/07\/27\/discurso-irresponsable\/#primaryimage"},"image":{"@id":"https:\/\/saltoecologico.es\/index.php\/2023\/07\/27\/discurso-irresponsable\/#primaryimage"},"thumbnailUrl":"https:\/\/saltoecologico.es\/wp-content\/uploads\/2025\/04\/Fotovoltaica-12.jpg","datePublished":"2023-07-27T09:08:00+00:00","dateModified":"2025-04-17T09:09:20+00:00","breadcrumb":{"@id":"https:\/\/saltoecologico.es\/index.php\/2023\/07\/27\/discurso-irresponsable\/#breadcrumb"},"inLanguage":"es","potentialAction":[{"@type":"ReadAction","target":["https:\/\/saltoecologico.es\/index.php\/2023\/07\/27\/discurso-irresponsable\/"]}]},{"@type":"ImageObject","inLanguage":"es","@id":"https:\/\/saltoecologico.es\/index.php\/2023\/07\/27\/discurso-irresponsable\/#primaryimage","url":"https:\/\/saltoecologico.es\/wp-content\/uploads\/2025\/04\/Fotovoltaica-12.jpg","contentUrl":"https:\/\/saltoecologico.es\/wp-content\/uploads\/2025\/04\/Fotovoltaica-12.jpg","width":1024,"height":683,"caption":"Technology solar cell, Engineer service check installation solar cell on the roof of factory. technician checks the maintenance of the solar panels"},{"@type":"BreadcrumbList","@id":"https:\/\/saltoecologico.es\/index.php\/2023\/07\/27\/discurso-irresponsable\/#breadcrumb","itemListElement":[{"@type":"ListItem","position":1,"name":"Portada","item":"https:\/\/saltoecologico.es\/"},{"@type":"ListItem","position":2,"name":"Discurso irresponsable"}]},{"@type":"WebSite","@id":"https:\/\/saltoecologico.es\/#website","url":"https:\/\/saltoecologico.es\/","name":"Salto Ecol\u00f3gico","description":"","publisher":{"@id":"https:\/\/saltoecologico.es\/#organization"},"potentialAction":[{"@type":"SearchAction","target":{"@type":"EntryPoint","urlTemplate":"https:\/\/saltoecologico.es\/?s={search_term_string}"},"query-input":{"@type":"PropertyValueSpecification","valueRequired":true,"valueName":"search_term_string"}}],"inLanguage":"es"},{"@type":"Organization","@id":"https:\/\/saltoecologico.es\/#organization","name":"Salto a la Transici\u00f3n Ecol\u00f3gica","url":"https:\/\/saltoecologico.es\/","logo":{"@type":"ImageObject","inLanguage":"es","@id":"https:\/\/saltoecologico.es\/#\/schema\/logo\/image\/","url":"https:\/\/saltoecologico.es\/wp-content\/uploads\/2025\/04\/Logo-STE.jpg","contentUrl":"https:\/\/saltoecologico.es\/wp-content\/uploads\/2025\/04\/Logo-STE.jpg","width":435,"height":435,"caption":"Salto a la Transici\u00f3n Ecol\u00f3gica"},"image":{"@id":"https:\/\/saltoecologico.es\/#\/schema\/logo\/image\/"},"sameAs":["https:\/\/www.facebook.com\/Saltotransicionecologica"]},{"@type":"Person","@id":"https:\/\/saltoecologico.es\/#\/schema\/person\/7175eec4b3c123d86c675313c3a01a0b","name":"admin","image":{"@type":"ImageObject","inLanguage":"es","@id":"https:\/\/secure.gravatar.com\/avatar\/4c215dc57bbc7b2f2f470ac9bd197f3f112636a584e575a732d0206a2d9c9806?s=96&d=mm&r=g","url":"https:\/\/secure.gravatar.com\/avatar\/4c215dc57bbc7b2f2f470ac9bd197f3f112636a584e575a732d0206a2d9c9806?s=96&d=mm&r=g","contentUrl":"https:\/\/secure.gravatar.com\/avatar\/4c215dc57bbc7b2f2f470ac9bd197f3f112636a584e575a732d0206a2d9c9806?s=96&d=mm&r=g","caption":"admin"},"sameAs":["https:\/\/saltoecologico.es"],"url":"https:\/\/saltoecologico.es\/index.php\/author\/saltoecologico\/"}]}},"_links":{"self":[{"href":"https:\/\/saltoecologico.es\/index.php\/wp-json\/wp\/v2\/posts\/627","targetHints":{"allow":["GET"]}}],"collection":[{"href":"https:\/\/saltoecologico.es\/index.php\/wp-json\/wp\/v2\/posts"}],"about":[{"href":"https:\/\/saltoecologico.es\/index.php\/wp-json\/wp\/v2\/types\/post"}],"author":[{"embeddable":true,"href":"https:\/\/saltoecologico.es\/index.php\/wp-json\/wp\/v2\/users\/1"}],"replies":[{"embeddable":true,"href":"https:\/\/saltoecologico.es\/index.php\/wp-json\/wp\/v2\/comments?post=627"}],"version-history":[{"count":1,"href":"https:\/\/saltoecologico.es\/index.php\/wp-json\/wp\/v2\/posts\/627\/revisions"}],"predecessor-version":[{"id":629,"href":"https:\/\/saltoecologico.es\/index.php\/wp-json\/wp\/v2\/posts\/627\/revisions\/629"}],"wp:featuredmedia":[{"embeddable":true,"href":"https:\/\/saltoecologico.es\/index.php\/wp-json\/wp\/v2\/media\/628"}],"wp:attachment":[{"href":"https:\/\/saltoecologico.es\/index.php\/wp-json\/wp\/v2\/media?parent=627"}],"wp:term":[{"taxonomy":"category","embeddable":true,"href":"https:\/\/saltoecologico.es\/index.php\/wp-json\/wp\/v2\/categories?post=627"},{"taxonomy":"post_tag","embeddable":true,"href":"https:\/\/saltoecologico.es\/index.php\/wp-json\/wp\/v2\/tags?post=627"}],"curies":[{"name":"wp","href":"https:\/\/api.w.org\/{rel}","templated":true}]}}