{"id":630,"date":"2023-07-30T09:13:00","date_gmt":"2023-07-30T09:13:00","guid":{"rendered":"https:\/\/saltoecologico.es\/?p=630"},"modified":"2025-04-17T09:13:48","modified_gmt":"2025-04-17T09:13:48","slug":"mal-endemico","status":"publish","type":"post","link":"https:\/\/saltoecologico.es\/index.php\/2023\/07\/30\/mal-endemico\/","title":{"rendered":"Mal end\u00e9mico"},"content":{"rendered":"\n<p class=\"wp-block-paragraph\">El pasado domingo 30 de julio y de madrugada se produjo un \u201ccero\u201d en La central del Palmar en La Isla de La gomera. Esta circunstancia motiv\u00f3 que sus mas de 22.000 habitantes se quedaran sin fluido el\u00e9ctrico, lo que l\u00f3gicamente despert\u00f3 la indignaci\u00f3n de los gomeros y la sorpresa del resto de los canarios, al comprobar que este fen\u00f3meno, lejos de haber quedado en el pasado, contin\u00faa con total vigencia y notoriedad.<\/p>\n\n\n\n<p class=\"wp-block-paragraph\">Evidentemente el hecho de que sucedan apagones totales en las islas no responde a cuestiones circunstanciales sino a un fen\u00f3meno sist\u00e9mico que ha consistido en dise\u00f1ar los sistemas el\u00e9ctricos insulares, pensando m\u00e1s en la eficiencia econ\u00f3mica que en la seguridad energ\u00e9tica.<\/p>\n\n\n\n<p class=\"wp-block-paragraph\">Los sistemas el\u00e9ctricos de Canarias han sido dise\u00f1ados de una forma radial, en la que suele existir un solo punto de generaci\u00f3n importante y de ese punto salen todas las l\u00edneas que proporcionan el servicio a las islas. De esta forma tenemos las centrales de Guinchos en La Palma, Llanos Blancos en el Hierro, El Palmar en La Gomera, Las Salinas en Fuerteventura y Punta Grande en Lanzarote que responden exactamente a este esquema. Mientras que en Tenerife y Gran Canaria se comenz\u00f3 con Candelaria y Jin\u00e1mar, se diversific\u00f3 con Granadilla y Barranco de Tirajana, pero se est\u00e1 volviendo al sistema radial al potenciar enormemente estas \u00faltimas en detrimento de las primeras.<\/p>\n\n\n\n<p class=\"wp-block-paragraph\">No cabe duda de que el ahorro de costes y eficiencia econ\u00f3mica es importante, pero tambi\u00e9n el riesgo que se asume no se puede obviar. Cualquier incidente m\u00e1s o menos grave en una de estas centrales, condena a la isla que alimenta a un apag\u00f3n prolongado en el tiempo.<\/p>\n\n\n\n<p class=\"wp-block-paragraph\">Obviamente el plan que se tiene de renovar grupos en las centrales actuales no soluciona el problema, sino que persiste en \u00e9l de una manera denodada y pone en tela de juicio la racionalidad de quienes est\u00e1n tomando esas decisiones.<\/p>\n\n\n\n<p class=\"wp-block-paragraph\">Naturalmente la soluci\u00f3n pasa por una generaci\u00f3n descentralizada, donde tengamos muchos aportes de generaci\u00f3n en distintos sitios de tal forma que una incidencia en uno determinado de ellos es r\u00e1pidamente suplida con la acci\u00f3n de los dem\u00e1s. Si a esto le sumamos utilizar generaci\u00f3n con recursos aut\u00f3ctonos, tenemos la piedra filosofal de la seguridad energ\u00e9tica para nuestros sistemas el\u00e9ctricos.<\/p>\n\n\n\n<p class=\"wp-block-paragraph\">Si adem\u00e1s enunciamos la enorme sorpresa de los habitantes de la gomera al verse sin electricidad y sin embargo comprobar como los e\u00f3licos y muchos autoconsumos conectados a red no pod\u00edan funcionar, por necesitar la referencia de una red troncal, tenemos los argumentos necesarios para abogar por la soluci\u00f3n id\u00f3nea para estos problemas.<\/p>\n\n\n\n<p class=\"wp-block-paragraph\">Esta soluci\u00f3n pasa necesariamente por utilizar las energ\u00edas renovables no gestionables como la e\u00f3lica y la fotovoltaica que ya proporcionan la necesaria generaci\u00f3n distribuida. Pero tambi\u00e9n por dos cuestiones fundamentales: la necesaria gestionabilidad aportada por las centrales hidroel\u00e9ctricas reversibles y por la m\u00e1s que recomendable interconexi\u00f3n de aquellos sistemas que se pueden interconectar.<\/p>\n\n\n\n<p class=\"wp-block-paragraph\">Huelga decir que, si el doble circuito submarino de 66 KV que se est\u00e1 construyendo entre Tenerife y La Gomera hubiese estado operativo, el cero no hubiese tenido lugar.<\/p>\n\n\n\n<p class=\"wp-block-paragraph\">En resumidas cuentas, los ceros energ\u00e9ticos no son una cuesti\u00f3n del pasado ni mucho menos, por eso solo queda esperar a ver donde tiene lugar el siguiente.<\/p>\n","protected":false},"excerpt":{"rendered":"<p>El pasado domingo 30 de julio y de madrugada se produjo un \u201ccero\u201d en La central del Palmar en La Isla de La gomera. Esta circunstancia motiv\u00f3 que sus mas de 22.000 habitantes se quedaran sin fluido el\u00e9ctrico, lo que l\u00f3gicamente despert\u00f3 la indignaci\u00f3n de los gomeros y la sorpresa del resto de los canarios, [&hellip;]<\/p>\n","protected":false},"author":1,"featured_media":631,"comment_status":"open","ping_status":"open","sticky":false,"template":"","format":"standard","meta":{"footnotes":""},"categories":[55],"tags":[],"class_list":["post-630","post","type-post","status-publish","format-standard","has-post-thumbnail","category-general"],"yoast_head":"<!-- This site is optimized with the Yoast SEO plugin v28.2 - https:\/\/yoast.com\/product\/yoast-seo-wordpress\/ -->\n<title>Mal end\u00e9mico - Salto Ecol\u00f3gico<\/title>\n<meta name=\"robots\" content=\"index, follow, max-snippet:-1, max-image-preview:large, max-video-preview:-1\" \/>\n<link rel=\"canonical\" href=\"https:\/\/saltoecologico.es\/index.php\/2023\/07\/30\/mal-endemico\/\" \/>\n<meta property=\"og:locale\" content=\"es_ES\" \/>\n<meta property=\"og:type\" content=\"article\" \/>\n<meta property=\"og:title\" content=\"Mal end\u00e9mico - Salto Ecol\u00f3gico\" \/>\n<meta property=\"og:description\" content=\"El pasado domingo 30 de julio y de madrugada se produjo un \u201ccero\u201d en La central del Palmar en La Isla de La gomera. Esta circunstancia motiv\u00f3 que sus mas de 22.000 habitantes se quedaran sin fluido el\u00e9ctrico, lo que l\u00f3gicamente despert\u00f3 la indignaci\u00f3n de los gomeros y la sorpresa del resto de los canarios, [&hellip;]\" \/>\n<meta property=\"og:url\" content=\"https:\/\/saltoecologico.es\/index.php\/2023\/07\/30\/mal-endemico\/\" \/>\n<meta property=\"og:site_name\" content=\"Salto Ecol\u00f3gico\" \/>\n<meta property=\"article:publisher\" content=\"https:\/\/www.facebook.com\/Saltotransicionecologica\" \/>\n<meta property=\"article:published_time\" content=\"2023-07-30T09:13:00+00:00\" \/>\n<meta property=\"article:modified_time\" content=\"2025-04-17T09:13:48+00:00\" \/>\n<meta property=\"og:image\" content=\"https:\/\/saltoecologico.es\/wp-content\/uploads\/2025\/04\/Eolico-3.jpg\" \/>\n\t<meta property=\"og:image:width\" content=\"1024\" \/>\n\t<meta property=\"og:image:height\" content=\"683\" \/>\n\t<meta property=\"og:image:type\" content=\"image\/jpeg\" \/>\n<meta name=\"author\" content=\"admin\" \/>\n<meta name=\"twitter:card\" content=\"summary_large_image\" \/>\n<meta name=\"twitter:label1\" content=\"Escrito por\" \/>\n\t<meta name=\"twitter:data1\" content=\"admin\" \/>\n\t<meta name=\"twitter:label2\" content=\"Tiempo de lectura\" \/>\n\t<meta name=\"twitter:data2\" content=\"3 minutos\" \/>\n<script type=\"application\/ld+json\" class=\"yoast-schema-graph\">{\"@context\":\"https:\\\/\\\/schema.org\",\"@graph\":[{\"@type\":\"Article\",\"@id\":\"https:\\\/\\\/saltoecologico.es\\\/index.php\\\/2023\\\/07\\\/30\\\/mal-endemico\\\/#article\",\"isPartOf\":{\"@id\":\"https:\\\/\\\/saltoecologico.es\\\/index.php\\\/2023\\\/07\\\/30\\\/mal-endemico\\\/\"},\"author\":{\"name\":\"admin\",\"@id\":\"https:\\\/\\\/saltoecologico.es\\\/#\\\/schema\\\/person\\\/7175eec4b3c123d86c675313c3a01a0b\"},\"headline\":\"Mal end\u00e9mico\",\"datePublished\":\"2023-07-30T09:13:00+00:00\",\"dateModified\":\"2025-04-17T09:13:48+00:00\",\"mainEntityOfPage\":{\"@id\":\"https:\\\/\\\/saltoecologico.es\\\/index.php\\\/2023\\\/07\\\/30\\\/mal-endemico\\\/\"},\"wordCount\":583,\"commentCount\":0,\"publisher\":{\"@id\":\"https:\\\/\\\/saltoecologico.es\\\/#organization\"},\"image\":{\"@id\":\"https:\\\/\\\/saltoecologico.es\\\/index.php\\\/2023\\\/07\\\/30\\\/mal-endemico\\\/#primaryimage\"},\"thumbnailUrl\":\"https:\\\/\\\/saltoecologico.es\\\/wp-content\\\/uploads\\\/2025\\\/04\\\/Eolico-3.jpg\",\"articleSection\":[\"General\"],\"inLanguage\":\"es\",\"potentialAction\":[{\"@type\":\"CommentAction\",\"name\":\"Comment\",\"target\":[\"https:\\\/\\\/saltoecologico.es\\\/index.php\\\/2023\\\/07\\\/30\\\/mal-endemico\\\/#respond\"]}]},{\"@type\":\"WebPage\",\"@id\":\"https:\\\/\\\/saltoecologico.es\\\/index.php\\\/2023\\\/07\\\/30\\\/mal-endemico\\\/\",\"url\":\"https:\\\/\\\/saltoecologico.es\\\/index.php\\\/2023\\\/07\\\/30\\\/mal-endemico\\\/\",\"name\":\"Mal end\u00e9mico - Salto Ecol\u00f3gico\",\"isPartOf\":{\"@id\":\"https:\\\/\\\/saltoecologico.es\\\/#website\"},\"primaryImageOfPage\":{\"@id\":\"https:\\\/\\\/saltoecologico.es\\\/index.php\\\/2023\\\/07\\\/30\\\/mal-endemico\\\/#primaryimage\"},\"image\":{\"@id\":\"https:\\\/\\\/saltoecologico.es\\\/index.php\\\/2023\\\/07\\\/30\\\/mal-endemico\\\/#primaryimage\"},\"thumbnailUrl\":\"https:\\\/\\\/saltoecologico.es\\\/wp-content\\\/uploads\\\/2025\\\/04\\\/Eolico-3.jpg\",\"datePublished\":\"2023-07-30T09:13:00+00:00\",\"dateModified\":\"2025-04-17T09:13:48+00:00\",\"breadcrumb\":{\"@id\":\"https:\\\/\\\/saltoecologico.es\\\/index.php\\\/2023\\\/07\\\/30\\\/mal-endemico\\\/#breadcrumb\"},\"inLanguage\":\"es\",\"potentialAction\":[{\"@type\":\"ReadAction\",\"target\":[\"https:\\\/\\\/saltoecologico.es\\\/index.php\\\/2023\\\/07\\\/30\\\/mal-endemico\\\/\"]}]},{\"@type\":\"ImageObject\",\"inLanguage\":\"es\",\"@id\":\"https:\\\/\\\/saltoecologico.es\\\/index.php\\\/2023\\\/07\\\/30\\\/mal-endemico\\\/#primaryimage\",\"url\":\"https:\\\/\\\/saltoecologico.es\\\/wp-content\\\/uploads\\\/2025\\\/04\\\/Eolico-3.jpg\",\"contentUrl\":\"https:\\\/\\\/saltoecologico.es\\\/wp-content\\\/uploads\\\/2025\\\/04\\\/Eolico-3.jpg\",\"width\":1024,\"height\":683,\"caption\":\"A mesmerizing shot of wind turbines under a cloudy sky\"},{\"@type\":\"BreadcrumbList\",\"@id\":\"https:\\\/\\\/saltoecologico.es\\\/index.php\\\/2023\\\/07\\\/30\\\/mal-endemico\\\/#breadcrumb\",\"itemListElement\":[{\"@type\":\"ListItem\",\"position\":1,\"name\":\"Portada\",\"item\":\"https:\\\/\\\/saltoecologico.es\\\/\"},{\"@type\":\"ListItem\",\"position\":2,\"name\":\"Mal end\u00e9mico\"}]},{\"@type\":\"WebSite\",\"@id\":\"https:\\\/\\\/saltoecologico.es\\\/#website\",\"url\":\"https:\\\/\\\/saltoecologico.es\\\/\",\"name\":\"Salto Ecol\u00f3gico\",\"description\":\"\",\"publisher\":{\"@id\":\"https:\\\/\\\/saltoecologico.es\\\/#organization\"},\"potentialAction\":[{\"@type\":\"SearchAction\",\"target\":{\"@type\":\"EntryPoint\",\"urlTemplate\":\"https:\\\/\\\/saltoecologico.es\\\/?s={search_term_string}\"},\"query-input\":{\"@type\":\"PropertyValueSpecification\",\"valueRequired\":true,\"valueName\":\"search_term_string\"}}],\"inLanguage\":\"es\"},{\"@type\":\"Organization\",\"@id\":\"https:\\\/\\\/saltoecologico.es\\\/#organization\",\"name\":\"Salto a la Transici\u00f3n Ecol\u00f3gica\",\"url\":\"https:\\\/\\\/saltoecologico.es\\\/\",\"logo\":{\"@type\":\"ImageObject\",\"inLanguage\":\"es\",\"@id\":\"https:\\\/\\\/saltoecologico.es\\\/#\\\/schema\\\/logo\\\/image\\\/\",\"url\":\"https:\\\/\\\/saltoecologico.es\\\/wp-content\\\/uploads\\\/2025\\\/04\\\/Logo-STE.jpg\",\"contentUrl\":\"https:\\\/\\\/saltoecologico.es\\\/wp-content\\\/uploads\\\/2025\\\/04\\\/Logo-STE.jpg\",\"width\":435,\"height\":435,\"caption\":\"Salto a la Transici\u00f3n Ecol\u00f3gica\"},\"image\":{\"@id\":\"https:\\\/\\\/saltoecologico.es\\\/#\\\/schema\\\/logo\\\/image\\\/\"},\"sameAs\":[\"https:\\\/\\\/www.facebook.com\\\/Saltotransicionecologica\"]},{\"@type\":\"Person\",\"@id\":\"https:\\\/\\\/saltoecologico.es\\\/#\\\/schema\\\/person\\\/7175eec4b3c123d86c675313c3a01a0b\",\"name\":\"admin\",\"image\":{\"@type\":\"ImageObject\",\"inLanguage\":\"es\",\"@id\":\"https:\\\/\\\/secure.gravatar.com\\\/avatar\\\/4c215dc57bbc7b2f2f470ac9bd197f3f112636a584e575a732d0206a2d9c9806?s=96&d=mm&r=g\",\"url\":\"https:\\\/\\\/secure.gravatar.com\\\/avatar\\\/4c215dc57bbc7b2f2f470ac9bd197f3f112636a584e575a732d0206a2d9c9806?s=96&d=mm&r=g\",\"contentUrl\":\"https:\\\/\\\/secure.gravatar.com\\\/avatar\\\/4c215dc57bbc7b2f2f470ac9bd197f3f112636a584e575a732d0206a2d9c9806?s=96&d=mm&r=g\",\"caption\":\"admin\"},\"sameAs\":[\"https:\\\/\\\/saltoecologico.es\"],\"url\":\"https:\\\/\\\/saltoecologico.es\\\/index.php\\\/author\\\/saltoecologico\\\/\"}]}<\/script>\n<!-- \/ Yoast SEO plugin. -->","yoast_head_json":{"title":"Mal end\u00e9mico - Salto Ecol\u00f3gico","robots":{"index":"index","follow":"follow","max-snippet":"max-snippet:-1","max-image-preview":"max-image-preview:large","max-video-preview":"max-video-preview:-1"},"canonical":"https:\/\/saltoecologico.es\/index.php\/2023\/07\/30\/mal-endemico\/","og_locale":"es_ES","og_type":"article","og_title":"Mal end\u00e9mico - Salto Ecol\u00f3gico","og_description":"El pasado domingo 30 de julio y de madrugada se produjo un \u201ccero\u201d en La central del Palmar en La Isla de La gomera. Esta circunstancia motiv\u00f3 que sus mas de 22.000 habitantes se quedaran sin fluido el\u00e9ctrico, lo que l\u00f3gicamente despert\u00f3 la indignaci\u00f3n de los gomeros y la sorpresa del resto de los canarios, [&hellip;]","og_url":"https:\/\/saltoecologico.es\/index.php\/2023\/07\/30\/mal-endemico\/","og_site_name":"Salto Ecol\u00f3gico","article_publisher":"https:\/\/www.facebook.com\/Saltotransicionecologica","article_published_time":"2023-07-30T09:13:00+00:00","article_modified_time":"2025-04-17T09:13:48+00:00","og_image":[{"width":1024,"height":683,"url":"https:\/\/saltoecologico.es\/wp-content\/uploads\/2025\/04\/Eolico-3.jpg","type":"image\/jpeg"}],"author":"admin","twitter_card":"summary_large_image","twitter_misc":{"Escrito por":"admin","Tiempo de lectura":"3 minutos"},"schema":{"@context":"https:\/\/schema.org","@graph":[{"@type":"Article","@id":"https:\/\/saltoecologico.es\/index.php\/2023\/07\/30\/mal-endemico\/#article","isPartOf":{"@id":"https:\/\/saltoecologico.es\/index.php\/2023\/07\/30\/mal-endemico\/"},"author":{"name":"admin","@id":"https:\/\/saltoecologico.es\/#\/schema\/person\/7175eec4b3c123d86c675313c3a01a0b"},"headline":"Mal end\u00e9mico","datePublished":"2023-07-30T09:13:00+00:00","dateModified":"2025-04-17T09:13:48+00:00","mainEntityOfPage":{"@id":"https:\/\/saltoecologico.es\/index.php\/2023\/07\/30\/mal-endemico\/"},"wordCount":583,"commentCount":0,"publisher":{"@id":"https:\/\/saltoecologico.es\/#organization"},"image":{"@id":"https:\/\/saltoecologico.es\/index.php\/2023\/07\/30\/mal-endemico\/#primaryimage"},"thumbnailUrl":"https:\/\/saltoecologico.es\/wp-content\/uploads\/2025\/04\/Eolico-3.jpg","articleSection":["General"],"inLanguage":"es","potentialAction":[{"@type":"CommentAction","name":"Comment","target":["https:\/\/saltoecologico.es\/index.php\/2023\/07\/30\/mal-endemico\/#respond"]}]},{"@type":"WebPage","@id":"https:\/\/saltoecologico.es\/index.php\/2023\/07\/30\/mal-endemico\/","url":"https:\/\/saltoecologico.es\/index.php\/2023\/07\/30\/mal-endemico\/","name":"Mal end\u00e9mico - Salto Ecol\u00f3gico","isPartOf":{"@id":"https:\/\/saltoecologico.es\/#website"},"primaryImageOfPage":{"@id":"https:\/\/saltoecologico.es\/index.php\/2023\/07\/30\/mal-endemico\/#primaryimage"},"image":{"@id":"https:\/\/saltoecologico.es\/index.php\/2023\/07\/30\/mal-endemico\/#primaryimage"},"thumbnailUrl":"https:\/\/saltoecologico.es\/wp-content\/uploads\/2025\/04\/Eolico-3.jpg","datePublished":"2023-07-30T09:13:00+00:00","dateModified":"2025-04-17T09:13:48+00:00","breadcrumb":{"@id":"https:\/\/saltoecologico.es\/index.php\/2023\/07\/30\/mal-endemico\/#breadcrumb"},"inLanguage":"es","potentialAction":[{"@type":"ReadAction","target":["https:\/\/saltoecologico.es\/index.php\/2023\/07\/30\/mal-endemico\/"]}]},{"@type":"ImageObject","inLanguage":"es","@id":"https:\/\/saltoecologico.es\/index.php\/2023\/07\/30\/mal-endemico\/#primaryimage","url":"https:\/\/saltoecologico.es\/wp-content\/uploads\/2025\/04\/Eolico-3.jpg","contentUrl":"https:\/\/saltoecologico.es\/wp-content\/uploads\/2025\/04\/Eolico-3.jpg","width":1024,"height":683,"caption":"A mesmerizing shot of wind turbines under a cloudy sky"},{"@type":"BreadcrumbList","@id":"https:\/\/saltoecologico.es\/index.php\/2023\/07\/30\/mal-endemico\/#breadcrumb","itemListElement":[{"@type":"ListItem","position":1,"name":"Portada","item":"https:\/\/saltoecologico.es\/"},{"@type":"ListItem","position":2,"name":"Mal end\u00e9mico"}]},{"@type":"WebSite","@id":"https:\/\/saltoecologico.es\/#website","url":"https:\/\/saltoecologico.es\/","name":"Salto Ecol\u00f3gico","description":"","publisher":{"@id":"https:\/\/saltoecologico.es\/#organization"},"potentialAction":[{"@type":"SearchAction","target":{"@type":"EntryPoint","urlTemplate":"https:\/\/saltoecologico.es\/?s={search_term_string}"},"query-input":{"@type":"PropertyValueSpecification","valueRequired":true,"valueName":"search_term_string"}}],"inLanguage":"es"},{"@type":"Organization","@id":"https:\/\/saltoecologico.es\/#organization","name":"Salto a la Transici\u00f3n Ecol\u00f3gica","url":"https:\/\/saltoecologico.es\/","logo":{"@type":"ImageObject","inLanguage":"es","@id":"https:\/\/saltoecologico.es\/#\/schema\/logo\/image\/","url":"https:\/\/saltoecologico.es\/wp-content\/uploads\/2025\/04\/Logo-STE.jpg","contentUrl":"https:\/\/saltoecologico.es\/wp-content\/uploads\/2025\/04\/Logo-STE.jpg","width":435,"height":435,"caption":"Salto a la Transici\u00f3n Ecol\u00f3gica"},"image":{"@id":"https:\/\/saltoecologico.es\/#\/schema\/logo\/image\/"},"sameAs":["https:\/\/www.facebook.com\/Saltotransicionecologica"]},{"@type":"Person","@id":"https:\/\/saltoecologico.es\/#\/schema\/person\/7175eec4b3c123d86c675313c3a01a0b","name":"admin","image":{"@type":"ImageObject","inLanguage":"es","@id":"https:\/\/secure.gravatar.com\/avatar\/4c215dc57bbc7b2f2f470ac9bd197f3f112636a584e575a732d0206a2d9c9806?s=96&d=mm&r=g","url":"https:\/\/secure.gravatar.com\/avatar\/4c215dc57bbc7b2f2f470ac9bd197f3f112636a584e575a732d0206a2d9c9806?s=96&d=mm&r=g","contentUrl":"https:\/\/secure.gravatar.com\/avatar\/4c215dc57bbc7b2f2f470ac9bd197f3f112636a584e575a732d0206a2d9c9806?s=96&d=mm&r=g","caption":"admin"},"sameAs":["https:\/\/saltoecologico.es"],"url":"https:\/\/saltoecologico.es\/index.php\/author\/saltoecologico\/"}]}},"_links":{"self":[{"href":"https:\/\/saltoecologico.es\/index.php\/wp-json\/wp\/v2\/posts\/630","targetHints":{"allow":["GET"]}}],"collection":[{"href":"https:\/\/saltoecologico.es\/index.php\/wp-json\/wp\/v2\/posts"}],"about":[{"href":"https:\/\/saltoecologico.es\/index.php\/wp-json\/wp\/v2\/types\/post"}],"author":[{"embeddable":true,"href":"https:\/\/saltoecologico.es\/index.php\/wp-json\/wp\/v2\/users\/1"}],"replies":[{"embeddable":true,"href":"https:\/\/saltoecologico.es\/index.php\/wp-json\/wp\/v2\/comments?post=630"}],"version-history":[{"count":1,"href":"https:\/\/saltoecologico.es\/index.php\/wp-json\/wp\/v2\/posts\/630\/revisions"}],"predecessor-version":[{"id":632,"href":"https:\/\/saltoecologico.es\/index.php\/wp-json\/wp\/v2\/posts\/630\/revisions\/632"}],"wp:featuredmedia":[{"embeddable":true,"href":"https:\/\/saltoecologico.es\/index.php\/wp-json\/wp\/v2\/media\/631"}],"wp:attachment":[{"href":"https:\/\/saltoecologico.es\/index.php\/wp-json\/wp\/v2\/media?parent=630"}],"wp:term":[{"taxonomy":"category","embeddable":true,"href":"https:\/\/saltoecologico.es\/index.php\/wp-json\/wp\/v2\/categories?post=630"},{"taxonomy":"post_tag","embeddable":true,"href":"https:\/\/saltoecologico.es\/index.php\/wp-json\/wp\/v2\/tags?post=630"}],"curies":[{"name":"wp","href":"https:\/\/api.w.org\/{rel}","templated":true}]}}