{"id":633,"date":"2023-07-31T09:15:00","date_gmt":"2023-07-31T09:15:00","guid":{"rendered":"https:\/\/saltoecologico.es\/?p=633"},"modified":"2025-04-17T09:16:03","modified_gmt":"2025-04-17T09:16:03","slug":"fuerteventura","status":"publish","type":"post","link":"https:\/\/saltoecologico.es\/index.php\/2023\/07\/31\/fuerteventura\/","title":{"rendered":"Fuerteventura"},"content":{"rendered":"\n<p class=\"wp-block-paragraph\">\u00abHemos pasado de la era del calentamiento global a la de la ebullici\u00f3n global\u00bb. Estas palabras fueron pronunciadas por el secretario general de la ONU, Antonio Guterres, el pasado jueves 27 de julio en Nueva York. Con ellas se quiere resaltar los tintes dram\u00e1ticos que el Cambio Clim\u00e1tico Antropog\u00e9nico ya est\u00e1n dejando sentir en todo el planeta y cuando decimos todo el planeta nos estamos refiriendo tambi\u00e9n al conjunto de las islas canarias y por supuesto a la isla de Fuerteventura. En esta isla concretamente las repercusiones que se van a tener son el aumento de la temperatura, la p\u00e9rdida de playas y la erosi\u00f3n de la costa.<\/p>\n\n\n\n<p class=\"wp-block-paragraph\">En un escenario moderado de la subida del mar las perdidas de playas y costas en Fuerteventura para el 2050, seg\u00fan el visor del Plan de Impulso del Medio Ambiente (PIMA), ser\u00edan las siguientes: 950 metros de la Playa de Gran Tarajal enfrente de la Avenida Paco Hierro, 550 metros de costa en la localidad de Giniginamar, 1.100 metros de costa en la localidad de Tarajalejo, 3.000 metros de costa en la Urbanizaci\u00f3n Costa Calma, 6.000 metros de costa en la Playa de Sotavento de Jand\u00eda, 4.000 metros de costa en la Playa del Matorral, 6.000 metros de costa en El Cotillo, desde Playa del Castillo hasta Caleta del Marrajo, 5.000 metros de costa en la localidad de Corralejo, 6.700 metros de costa en el Parque Nacional de la Dunas de Corralejo, 3.000 metros de costa desde Playa de La Calera a Playa de Las Lagunitas en la Isla de Lobos, 1.700 metros de costa desde el muelle de Puerto del Rosario hasta la zona industrial Las Salinas, 3.700 metros de costa en Caleta de Fuste, desde Caleta de Espino hasta Casas de La Guirra.<\/p>\n\n\n\n<p class=\"wp-block-paragraph\">Se prefiere no enumerar las p\u00e9rdidas de costa para el 2100 porque ya se imaginar\u00e1 el lector que la lista sube considerablemente y se aleja del objetivo de este art\u00edculo.<\/p>\n\n\n\n<p class=\"wp-block-paragraph\">Todo esto viene motivado porque el clima est\u00e1 cambiando, pero no como en otras ocasiones del pasado, sino a una velocidad de v\u00e9rtigo, provocado fundamentalmente por las emisiones de gases de efecto invernadero que emanan de la quema de combustibles f\u00f3siles que est\u00e1n teniendo, si es verdad, por todo el planeta. Pero tambi\u00e9n es verdad que la isla de fuerteventura tambi\u00e9n contribuye negativamente con sus emisiones propias. De esta forma y en el Anuario Energ\u00e9tico de Canarias de 2020 se puede ver que las emisiones de la Central T\u00e9rmica de Salinas ascendieron a 364.492 toneladas de CO2 equivalente durante el a\u00f1o. Por otro lado, en Fuerteventura tenemos 57.060 veh\u00edculos de gasolina y 32.950 veh\u00edculos de gasoil. Si tenemos en cuenta que las emisiones medias de estos veh\u00edculos son alrededor de 2,35 y 2,54 kg de CO2, por cada litro de combustible, podemos hacernos una idea de lo que se emite a la atmosfera por estos conceptos.<\/p>\n\n\n\n<p class=\"wp-block-paragraph\">Lo m\u00e1s preocupante no son los datos aportados, que lo son, sino el hecho de que tenemos la manera de paliar estos efectos nocivos en el medio ambiente y por unos u otros motivos no terminamos de decidirnos a ponerlos en marcha.<\/p>\n\n\n\n<p class=\"wp-block-paragraph\">Efectivamente, el Instituto Tecnol\u00f3gico de Canarias ha desarrollado un inmenso estudio plasmado en siete estrategias que, con un cronograma cre\u00edble y realista, lleva a la econom\u00eda canaria de la situaci\u00f3n actual hasta una situaci\u00f3n totalmente descarbonizada en el 2040. Este estudio, como no pod\u00eda ser de otra manera, tambi\u00e9n contempla el caso de Fuerteventura en el que con una adecuada combinaci\u00f3n de renovables no gestionables y la utilizaci\u00f3n fundamental del hidr\u00f3geno como vector energ\u00e9tico, esboza un escenario de emisiones cero y con un sistema energ\u00e9tico totalmente sostenible.<\/p>\n\n\n\n<p class=\"wp-block-paragraph\">Lo \u00fanico que quedar\u00eda ser\u00eda que las autoridades competentes de Canarias y de la propia isla, consideren esta valios\u00edsima aportaci\u00f3n y con todos aquellos cambios que se consideren oportunos se pongan manos a la obra, pero con la premisa fundamental de que llegamos tarde y que ya no estamos en un escenario de \u201ccalentamiento global\u201d sino en uno de \u201cEBULLICI\u00d3N GLOBAL\u201d.<\/p>\n","protected":false},"excerpt":{"rendered":"<p>\u00abHemos pasado de la era del calentamiento global a la de la ebullici\u00f3n global\u00bb. Estas palabras fueron pronunciadas por el secretario general de la ONU, Antonio Guterres, el pasado jueves 27 de julio en Nueva York. Con ellas se quiere resaltar los tintes dram\u00e1ticos que el Cambio Clim\u00e1tico Antropog\u00e9nico ya est\u00e1n dejando sentir en todo [&hellip;]<\/p>\n","protected":false},"author":1,"featured_media":634,"comment_status":"open","ping_status":"open","sticky":false,"template":"","format":"standard","meta":{"footnotes":""},"categories":[55],"tags":[],"class_list":["post-633","post","type-post","status-publish","format-standard","has-post-thumbnail","category-general"],"yoast_head":"<!-- This site is optimized with the Yoast SEO plugin v28.2 - https:\/\/yoast.com\/product\/yoast-seo-wordpress\/ -->\n<title>Fuerteventura - Salto Ecol\u00f3gico<\/title>\n<meta name=\"robots\" content=\"index, follow, max-snippet:-1, max-image-preview:large, max-video-preview:-1\" \/>\n<link rel=\"canonical\" href=\"https:\/\/saltoecologico.es\/index.php\/2023\/07\/31\/fuerteventura\/\" \/>\n<meta property=\"og:locale\" content=\"es_ES\" \/>\n<meta property=\"og:type\" content=\"article\" \/>\n<meta property=\"og:title\" content=\"Fuerteventura - Salto Ecol\u00f3gico\" \/>\n<meta property=\"og:description\" content=\"\u00abHemos pasado de la era del calentamiento global a la de la ebullici\u00f3n global\u00bb. Estas palabras fueron pronunciadas por el secretario general de la ONU, Antonio Guterres, el pasado jueves 27 de julio en Nueva York. Con ellas se quiere resaltar los tintes dram\u00e1ticos que el Cambio Clim\u00e1tico Antropog\u00e9nico ya est\u00e1n dejando sentir en todo [&hellip;]\" \/>\n<meta property=\"og:url\" content=\"https:\/\/saltoecologico.es\/index.php\/2023\/07\/31\/fuerteventura\/\" \/>\n<meta property=\"og:site_name\" content=\"Salto Ecol\u00f3gico\" \/>\n<meta property=\"article:publisher\" content=\"https:\/\/www.facebook.com\/Saltotransicionecologica\" \/>\n<meta property=\"article:published_time\" content=\"2023-07-31T09:15:00+00:00\" \/>\n<meta property=\"article:modified_time\" content=\"2025-04-17T09:16:03+00:00\" \/>\n<meta property=\"og:image\" content=\"https:\/\/saltoecologico.es\/wp-content\/uploads\/2025\/04\/Eolico-4.jpg\" \/>\n\t<meta property=\"og:image:width\" content=\"1024\" \/>\n\t<meta property=\"og:image:height\" content=\"683\" \/>\n\t<meta property=\"og:image:type\" content=\"image\/jpeg\" \/>\n<meta name=\"author\" content=\"admin\" \/>\n<meta name=\"twitter:card\" content=\"summary_large_image\" \/>\n<meta name=\"twitter:label1\" content=\"Escrito por\" \/>\n\t<meta name=\"twitter:data1\" content=\"admin\" \/>\n\t<meta name=\"twitter:label2\" content=\"Tiempo de lectura\" \/>\n\t<meta name=\"twitter:data2\" content=\"4 minutos\" \/>\n<script type=\"application\/ld+json\" class=\"yoast-schema-graph\">{\"@context\":\"https:\\\/\\\/schema.org\",\"@graph\":[{\"@type\":\"Article\",\"@id\":\"https:\\\/\\\/saltoecologico.es\\\/index.php\\\/2023\\\/07\\\/31\\\/fuerteventura\\\/#article\",\"isPartOf\":{\"@id\":\"https:\\\/\\\/saltoecologico.es\\\/index.php\\\/2023\\\/07\\\/31\\\/fuerteventura\\\/\"},\"author\":{\"name\":\"admin\",\"@id\":\"https:\\\/\\\/saltoecologico.es\\\/#\\\/schema\\\/person\\\/7175eec4b3c123d86c675313c3a01a0b\"},\"headline\":\"Fuerteventura\",\"datePublished\":\"2023-07-31T09:15:00+00:00\",\"dateModified\":\"2025-04-17T09:16:03+00:00\",\"mainEntityOfPage\":{\"@id\":\"https:\\\/\\\/saltoecologico.es\\\/index.php\\\/2023\\\/07\\\/31\\\/fuerteventura\\\/\"},\"wordCount\":691,\"commentCount\":0,\"publisher\":{\"@id\":\"https:\\\/\\\/saltoecologico.es\\\/#organization\"},\"image\":{\"@id\":\"https:\\\/\\\/saltoecologico.es\\\/index.php\\\/2023\\\/07\\\/31\\\/fuerteventura\\\/#primaryimage\"},\"thumbnailUrl\":\"https:\\\/\\\/saltoecologico.es\\\/wp-content\\\/uploads\\\/2025\\\/04\\\/Eolico-4.jpg\",\"articleSection\":[\"General\"],\"inLanguage\":\"es\",\"potentialAction\":[{\"@type\":\"CommentAction\",\"name\":\"Comment\",\"target\":[\"https:\\\/\\\/saltoecologico.es\\\/index.php\\\/2023\\\/07\\\/31\\\/fuerteventura\\\/#respond\"]}]},{\"@type\":\"WebPage\",\"@id\":\"https:\\\/\\\/saltoecologico.es\\\/index.php\\\/2023\\\/07\\\/31\\\/fuerteventura\\\/\",\"url\":\"https:\\\/\\\/saltoecologico.es\\\/index.php\\\/2023\\\/07\\\/31\\\/fuerteventura\\\/\",\"name\":\"Fuerteventura - Salto Ecol\u00f3gico\",\"isPartOf\":{\"@id\":\"https:\\\/\\\/saltoecologico.es\\\/#website\"},\"primaryImageOfPage\":{\"@id\":\"https:\\\/\\\/saltoecologico.es\\\/index.php\\\/2023\\\/07\\\/31\\\/fuerteventura\\\/#primaryimage\"},\"image\":{\"@id\":\"https:\\\/\\\/saltoecologico.es\\\/index.php\\\/2023\\\/07\\\/31\\\/fuerteventura\\\/#primaryimage\"},\"thumbnailUrl\":\"https:\\\/\\\/saltoecologico.es\\\/wp-content\\\/uploads\\\/2025\\\/04\\\/Eolico-4.jpg\",\"datePublished\":\"2023-07-31T09:15:00+00:00\",\"dateModified\":\"2025-04-17T09:16:03+00:00\",\"breadcrumb\":{\"@id\":\"https:\\\/\\\/saltoecologico.es\\\/index.php\\\/2023\\\/07\\\/31\\\/fuerteventura\\\/#breadcrumb\"},\"inLanguage\":\"es\",\"potentialAction\":[{\"@type\":\"ReadAction\",\"target\":[\"https:\\\/\\\/saltoecologico.es\\\/index.php\\\/2023\\\/07\\\/31\\\/fuerteventura\\\/\"]}]},{\"@type\":\"ImageObject\",\"inLanguage\":\"es\",\"@id\":\"https:\\\/\\\/saltoecologico.es\\\/index.php\\\/2023\\\/07\\\/31\\\/fuerteventura\\\/#primaryimage\",\"url\":\"https:\\\/\\\/saltoecologico.es\\\/wp-content\\\/uploads\\\/2025\\\/04\\\/Eolico-4.jpg\",\"contentUrl\":\"https:\\\/\\\/saltoecologico.es\\\/wp-content\\\/uploads\\\/2025\\\/04\\\/Eolico-4.jpg\",\"width\":1024,\"height\":683},{\"@type\":\"BreadcrumbList\",\"@id\":\"https:\\\/\\\/saltoecologico.es\\\/index.php\\\/2023\\\/07\\\/31\\\/fuerteventura\\\/#breadcrumb\",\"itemListElement\":[{\"@type\":\"ListItem\",\"position\":1,\"name\":\"Portada\",\"item\":\"https:\\\/\\\/saltoecologico.es\\\/\"},{\"@type\":\"ListItem\",\"position\":2,\"name\":\"Fuerteventura\"}]},{\"@type\":\"WebSite\",\"@id\":\"https:\\\/\\\/saltoecologico.es\\\/#website\",\"url\":\"https:\\\/\\\/saltoecologico.es\\\/\",\"name\":\"Salto Ecol\u00f3gico\",\"description\":\"\",\"publisher\":{\"@id\":\"https:\\\/\\\/saltoecologico.es\\\/#organization\"},\"potentialAction\":[{\"@type\":\"SearchAction\",\"target\":{\"@type\":\"EntryPoint\",\"urlTemplate\":\"https:\\\/\\\/saltoecologico.es\\\/?s={search_term_string}\"},\"query-input\":{\"@type\":\"PropertyValueSpecification\",\"valueRequired\":true,\"valueName\":\"search_term_string\"}}],\"inLanguage\":\"es\"},{\"@type\":\"Organization\",\"@id\":\"https:\\\/\\\/saltoecologico.es\\\/#organization\",\"name\":\"Salto a la Transici\u00f3n Ecol\u00f3gica\",\"url\":\"https:\\\/\\\/saltoecologico.es\\\/\",\"logo\":{\"@type\":\"ImageObject\",\"inLanguage\":\"es\",\"@id\":\"https:\\\/\\\/saltoecologico.es\\\/#\\\/schema\\\/logo\\\/image\\\/\",\"url\":\"https:\\\/\\\/saltoecologico.es\\\/wp-content\\\/uploads\\\/2025\\\/04\\\/Logo-STE.jpg\",\"contentUrl\":\"https:\\\/\\\/saltoecologico.es\\\/wp-content\\\/uploads\\\/2025\\\/04\\\/Logo-STE.jpg\",\"width\":435,\"height\":435,\"caption\":\"Salto a la Transici\u00f3n Ecol\u00f3gica\"},\"image\":{\"@id\":\"https:\\\/\\\/saltoecologico.es\\\/#\\\/schema\\\/logo\\\/image\\\/\"},\"sameAs\":[\"https:\\\/\\\/www.facebook.com\\\/Saltotransicionecologica\"]},{\"@type\":\"Person\",\"@id\":\"https:\\\/\\\/saltoecologico.es\\\/#\\\/schema\\\/person\\\/7175eec4b3c123d86c675313c3a01a0b\",\"name\":\"admin\",\"image\":{\"@type\":\"ImageObject\",\"inLanguage\":\"es\",\"@id\":\"https:\\\/\\\/secure.gravatar.com\\\/avatar\\\/4c215dc57bbc7b2f2f470ac9bd197f3f112636a584e575a732d0206a2d9c9806?s=96&d=mm&r=g\",\"url\":\"https:\\\/\\\/secure.gravatar.com\\\/avatar\\\/4c215dc57bbc7b2f2f470ac9bd197f3f112636a584e575a732d0206a2d9c9806?s=96&d=mm&r=g\",\"contentUrl\":\"https:\\\/\\\/secure.gravatar.com\\\/avatar\\\/4c215dc57bbc7b2f2f470ac9bd197f3f112636a584e575a732d0206a2d9c9806?s=96&d=mm&r=g\",\"caption\":\"admin\"},\"sameAs\":[\"https:\\\/\\\/saltoecologico.es\"],\"url\":\"https:\\\/\\\/saltoecologico.es\\\/index.php\\\/author\\\/saltoecologico\\\/\"}]}<\/script>\n<!-- \/ Yoast SEO plugin. -->","yoast_head_json":{"title":"Fuerteventura - Salto Ecol\u00f3gico","robots":{"index":"index","follow":"follow","max-snippet":"max-snippet:-1","max-image-preview":"max-image-preview:large","max-video-preview":"max-video-preview:-1"},"canonical":"https:\/\/saltoecologico.es\/index.php\/2023\/07\/31\/fuerteventura\/","og_locale":"es_ES","og_type":"article","og_title":"Fuerteventura - Salto Ecol\u00f3gico","og_description":"\u00abHemos pasado de la era del calentamiento global a la de la ebullici\u00f3n global\u00bb. Estas palabras fueron pronunciadas por el secretario general de la ONU, Antonio Guterres, el pasado jueves 27 de julio en Nueva York. Con ellas se quiere resaltar los tintes dram\u00e1ticos que el Cambio Clim\u00e1tico Antropog\u00e9nico ya est\u00e1n dejando sentir en todo [&hellip;]","og_url":"https:\/\/saltoecologico.es\/index.php\/2023\/07\/31\/fuerteventura\/","og_site_name":"Salto Ecol\u00f3gico","article_publisher":"https:\/\/www.facebook.com\/Saltotransicionecologica","article_published_time":"2023-07-31T09:15:00+00:00","article_modified_time":"2025-04-17T09:16:03+00:00","og_image":[{"width":1024,"height":683,"url":"https:\/\/saltoecologico.es\/wp-content\/uploads\/2025\/04\/Eolico-4.jpg","type":"image\/jpeg"}],"author":"admin","twitter_card":"summary_large_image","twitter_misc":{"Escrito por":"admin","Tiempo de lectura":"4 minutos"},"schema":{"@context":"https:\/\/schema.org","@graph":[{"@type":"Article","@id":"https:\/\/saltoecologico.es\/index.php\/2023\/07\/31\/fuerteventura\/#article","isPartOf":{"@id":"https:\/\/saltoecologico.es\/index.php\/2023\/07\/31\/fuerteventura\/"},"author":{"name":"admin","@id":"https:\/\/saltoecologico.es\/#\/schema\/person\/7175eec4b3c123d86c675313c3a01a0b"},"headline":"Fuerteventura","datePublished":"2023-07-31T09:15:00+00:00","dateModified":"2025-04-17T09:16:03+00:00","mainEntityOfPage":{"@id":"https:\/\/saltoecologico.es\/index.php\/2023\/07\/31\/fuerteventura\/"},"wordCount":691,"commentCount":0,"publisher":{"@id":"https:\/\/saltoecologico.es\/#organization"},"image":{"@id":"https:\/\/saltoecologico.es\/index.php\/2023\/07\/31\/fuerteventura\/#primaryimage"},"thumbnailUrl":"https:\/\/saltoecologico.es\/wp-content\/uploads\/2025\/04\/Eolico-4.jpg","articleSection":["General"],"inLanguage":"es","potentialAction":[{"@type":"CommentAction","name":"Comment","target":["https:\/\/saltoecologico.es\/index.php\/2023\/07\/31\/fuerteventura\/#respond"]}]},{"@type":"WebPage","@id":"https:\/\/saltoecologico.es\/index.php\/2023\/07\/31\/fuerteventura\/","url":"https:\/\/saltoecologico.es\/index.php\/2023\/07\/31\/fuerteventura\/","name":"Fuerteventura - Salto Ecol\u00f3gico","isPartOf":{"@id":"https:\/\/saltoecologico.es\/#website"},"primaryImageOfPage":{"@id":"https:\/\/saltoecologico.es\/index.php\/2023\/07\/31\/fuerteventura\/#primaryimage"},"image":{"@id":"https:\/\/saltoecologico.es\/index.php\/2023\/07\/31\/fuerteventura\/#primaryimage"},"thumbnailUrl":"https:\/\/saltoecologico.es\/wp-content\/uploads\/2025\/04\/Eolico-4.jpg","datePublished":"2023-07-31T09:15:00+00:00","dateModified":"2025-04-17T09:16:03+00:00","breadcrumb":{"@id":"https:\/\/saltoecologico.es\/index.php\/2023\/07\/31\/fuerteventura\/#breadcrumb"},"inLanguage":"es","potentialAction":[{"@type":"ReadAction","target":["https:\/\/saltoecologico.es\/index.php\/2023\/07\/31\/fuerteventura\/"]}]},{"@type":"ImageObject","inLanguage":"es","@id":"https:\/\/saltoecologico.es\/index.php\/2023\/07\/31\/fuerteventura\/#primaryimage","url":"https:\/\/saltoecologico.es\/wp-content\/uploads\/2025\/04\/Eolico-4.jpg","contentUrl":"https:\/\/saltoecologico.es\/wp-content\/uploads\/2025\/04\/Eolico-4.jpg","width":1024,"height":683},{"@type":"BreadcrumbList","@id":"https:\/\/saltoecologico.es\/index.php\/2023\/07\/31\/fuerteventura\/#breadcrumb","itemListElement":[{"@type":"ListItem","position":1,"name":"Portada","item":"https:\/\/saltoecologico.es\/"},{"@type":"ListItem","position":2,"name":"Fuerteventura"}]},{"@type":"WebSite","@id":"https:\/\/saltoecologico.es\/#website","url":"https:\/\/saltoecologico.es\/","name":"Salto Ecol\u00f3gico","description":"","publisher":{"@id":"https:\/\/saltoecologico.es\/#organization"},"potentialAction":[{"@type":"SearchAction","target":{"@type":"EntryPoint","urlTemplate":"https:\/\/saltoecologico.es\/?s={search_term_string}"},"query-input":{"@type":"PropertyValueSpecification","valueRequired":true,"valueName":"search_term_string"}}],"inLanguage":"es"},{"@type":"Organization","@id":"https:\/\/saltoecologico.es\/#organization","name":"Salto a la Transici\u00f3n Ecol\u00f3gica","url":"https:\/\/saltoecologico.es\/","logo":{"@type":"ImageObject","inLanguage":"es","@id":"https:\/\/saltoecologico.es\/#\/schema\/logo\/image\/","url":"https:\/\/saltoecologico.es\/wp-content\/uploads\/2025\/04\/Logo-STE.jpg","contentUrl":"https:\/\/saltoecologico.es\/wp-content\/uploads\/2025\/04\/Logo-STE.jpg","width":435,"height":435,"caption":"Salto a la Transici\u00f3n Ecol\u00f3gica"},"image":{"@id":"https:\/\/saltoecologico.es\/#\/schema\/logo\/image\/"},"sameAs":["https:\/\/www.facebook.com\/Saltotransicionecologica"]},{"@type":"Person","@id":"https:\/\/saltoecologico.es\/#\/schema\/person\/7175eec4b3c123d86c675313c3a01a0b","name":"admin","image":{"@type":"ImageObject","inLanguage":"es","@id":"https:\/\/secure.gravatar.com\/avatar\/4c215dc57bbc7b2f2f470ac9bd197f3f112636a584e575a732d0206a2d9c9806?s=96&d=mm&r=g","url":"https:\/\/secure.gravatar.com\/avatar\/4c215dc57bbc7b2f2f470ac9bd197f3f112636a584e575a732d0206a2d9c9806?s=96&d=mm&r=g","contentUrl":"https:\/\/secure.gravatar.com\/avatar\/4c215dc57bbc7b2f2f470ac9bd197f3f112636a584e575a732d0206a2d9c9806?s=96&d=mm&r=g","caption":"admin"},"sameAs":["https:\/\/saltoecologico.es"],"url":"https:\/\/saltoecologico.es\/index.php\/author\/saltoecologico\/"}]}},"_links":{"self":[{"href":"https:\/\/saltoecologico.es\/index.php\/wp-json\/wp\/v2\/posts\/633","targetHints":{"allow":["GET"]}}],"collection":[{"href":"https:\/\/saltoecologico.es\/index.php\/wp-json\/wp\/v2\/posts"}],"about":[{"href":"https:\/\/saltoecologico.es\/index.php\/wp-json\/wp\/v2\/types\/post"}],"author":[{"embeddable":true,"href":"https:\/\/saltoecologico.es\/index.php\/wp-json\/wp\/v2\/users\/1"}],"replies":[{"embeddable":true,"href":"https:\/\/saltoecologico.es\/index.php\/wp-json\/wp\/v2\/comments?post=633"}],"version-history":[{"count":1,"href":"https:\/\/saltoecologico.es\/index.php\/wp-json\/wp\/v2\/posts\/633\/revisions"}],"predecessor-version":[{"id":635,"href":"https:\/\/saltoecologico.es\/index.php\/wp-json\/wp\/v2\/posts\/633\/revisions\/635"}],"wp:featuredmedia":[{"embeddable":true,"href":"https:\/\/saltoecologico.es\/index.php\/wp-json\/wp\/v2\/media\/634"}],"wp:attachment":[{"href":"https:\/\/saltoecologico.es\/index.php\/wp-json\/wp\/v2\/media?parent=633"}],"wp:term":[{"taxonomy":"category","embeddable":true,"href":"https:\/\/saltoecologico.es\/index.php\/wp-json\/wp\/v2\/categories?post=633"},{"taxonomy":"post_tag","embeddable":true,"href":"https:\/\/saltoecologico.es\/index.php\/wp-json\/wp\/v2\/tags?post=633"}],"curies":[{"name":"wp","href":"https:\/\/api.w.org\/{rel}","templated":true}]}}