{"id":636,"date":"2023-08-04T09:18:00","date_gmt":"2023-08-04T09:18:00","guid":{"rendered":"https:\/\/saltoecologico.es\/?p=636"},"modified":"2025-04-17T09:18:48","modified_gmt":"2025-04-17T09:18:48","slug":"apagones-climaticos","status":"publish","type":"post","link":"https:\/\/saltoecologico.es\/index.php\/2023\/08\/04\/apagones-climaticos\/","title":{"rendered":"Apagones clim\u00e1ticos"},"content":{"rendered":"\n<p class=\"wp-block-paragraph\">No cabe duda de que la tarea de un cargo p\u00fablico sea ayuntamiento, cabildo o comunidad aut\u00f3noma y est\u00e9n en el gobierno o en la oposici\u00f3n, se nos antoja harto dif\u00edcil. Es materialmente imposible que una persona domine la cantidad de normativa, estudios, informes y trabajos relacionados con su \u00e1rea de actuaci\u00f3n. Se podr\u00eda pensar que una parte de este problema se podr\u00eda mitigar rode\u00e1ndose de asesores que, si dominen cuestiones concretas, pero es com\u00fan ver como esta figura se utiliza m\u00e1s para compensar requerimientos y lealtades pol\u00edticas que para garantizar un marco profesional que sirva de arropamiento para este cargo p\u00fablico.<\/p>\n\n\n\n<p class=\"wp-block-paragraph\">Desde nuestra ignorancia en las cuestiones pol\u00edticas se nos ocurre pensar que quiz\u00e1s lo adecuado ser\u00eda que paralelamente al grupo de gobierno, cada grupo de la oposici\u00f3n tuviera un equipo donde cada miembro fuera como el negativo de su hom\u00f3logo que est\u00e1 gobernando y de esa forma, cuando se consiga ganar las elecciones se tienen a personas que dominan las \u00e1reas pertinentes.<\/p>\n\n\n\n<p class=\"wp-block-paragraph\">Toda esta introducci\u00f3n viene a cuento por el apag\u00f3n generalizado de la Gomera y las declaraciones posteriores de los responsables pol\u00edticos acerca de ese asunto.<\/p>\n\n\n\n<p class=\"wp-block-paragraph\">Da la impresi\u00f3n de que la mayor\u00eda de ellos han descubierto ahora que un alto porcentaje de la flota de grupos de generaci\u00f3n de nuestras centrales canarias est\u00e1n obsoletos, con su vida \u00fatil terminada y pendientes de una soluci\u00f3n.<\/p>\n\n\n\n<p class=\"wp-block-paragraph\">Es f\u00e1cilmente entendible que pedirles a estos mandatarios que est\u00e9n al d\u00eda del hecho de que: \u201cSeg\u00fan se establece con el Real Decreto 738\/2015, para el c\u00e1lculo de la cobertura probabil\u00edstica de la demanda s\u00f3lo se pueden considerar aquellos generadores que se encuentren dentro de su vida \u00fatil regulatoria, hecho bastante importante en la situaci\u00f3n de Canarias ya que existen varias unidades que han excedido su vida \u00fatil regulatoria o que se acercan al final de esta. De igual forma, existen determinados generadores que tienen un funcionamiento limitado dado que no cumplen con los criterios establecidos en la Directiva 2010\/75\/CE en lo relativo a emisiones industriales\u201d. O bien que existe un registro denominado RAIPEE del ministerio donde se puede recabar esta informaci\u00f3n, puede resultar excesivo para sus se\u00f1or\u00edas, pero si el gobierno auton\u00f3mico se gasta una buena suma en completar un inmenso estudio como son las estrategias desarrolladas para elaborar el Plan de Transici\u00f3n Energ\u00e9tica de Canarias (PTECan), llevado a cabo por el Instituto Tecnol\u00f3gico de Canarias, lo suyo ser\u00eda que al menos lo ojearan o cuando menos, que alguien de su equipo lo leyera y luego le hiciera un resumen. Si esto hubiese ocurrido con todos nuestros responsables pol\u00edticos, tanto del gobierno como de la oposici\u00f3n, el cero de La Gomera no hubiese extra\u00f1ado a nadie y se hubiese tenido que entonar los \u201cmea culpa\u201d correspondientes por la responsabilidad que tambi\u00e9n les corresponde.<\/p>\n\n\n\n<p class=\"wp-block-paragraph\">El estudio mencionado tiene fecha de publicaci\u00f3n de febrero de 2021 y el se da todo lujo de detalles de la fecha en que fueron instalados los grupos, su \u201cvida \u00fatil regulatoria\u201d, cuando termina esta, pero lo m\u00e1s importante se pone el \u00e9nfasis necesario de que este hecho (el que tengamos multitud de grupos obsoletos) debe de ser el acicate para un cambio de paradigma en el que de una forma decidida se pone negro sobre blanco el como se puede pasar de una situaci\u00f3n calamitosa de grupos viejos, obsoletos, caducos y altamente contaminantes, a una situaci\u00f3n de absoluta descarbonizaci\u00f3n de nuestra econom\u00eda.<\/p>\n\n\n\n<p class=\"wp-block-paragraph\">Creemos que no es de recibo que ahora con el cero de la Gomera nos rasguemos las vestiduras por la situaci\u00f3n de las centrales, como no es de recibo que despu\u00e9s de varios a\u00f1os de la publicaci\u00f3n de las estrategias planteemos derribar todo lo realizado y comenzar de nuevo con una consulta ciudadana a ver como distribuimos las renovables.<\/p>\n\n\n\n<p class=\"wp-block-paragraph\">Mucho nos tememos que los negacionistas clim\u00e1ticos y de las renovables que curiosamente son los mismos enamorados de la introducci\u00f3n del gas natural en las islas, aprovechen la coyuntura para dar un golpe de tim\u00f3n, tirar por la borda todo lo caminado en la lucha contra el cambio clim\u00e1tico antropog\u00e9nico y con las escusa de actualizar el parque de grupos generadores de nuestras centrales, sustituyan los grupos obsoletos por nuevos grupos de gas y de esa forma salvan a Canarias de los apagones, aunque dentro de poco no importen los apagones el\u00e9ctricos sino los apagones clim\u00e1ticos.<\/p>\n","protected":false},"excerpt":{"rendered":"<p>No cabe duda de que la tarea de un cargo p\u00fablico sea ayuntamiento, cabildo o comunidad aut\u00f3noma y est\u00e9n en el gobierno o en la oposici\u00f3n, se nos antoja harto dif\u00edcil. Es materialmente imposible que una persona domine la cantidad de normativa, estudios, informes y trabajos relacionados con su \u00e1rea de actuaci\u00f3n. Se podr\u00eda pensar [&hellip;]<\/p>\n","protected":false},"author":1,"featured_media":637,"comment_status":"open","ping_status":"open","sticky":false,"template":"","format":"standard","meta":{"footnotes":""},"categories":[55],"tags":[],"class_list":["post-636","post","type-post","status-publish","format-standard","has-post-thumbnail","category-general"],"yoast_head":"<!-- This site is optimized with the Yoast SEO plugin v28.2 - https:\/\/yoast.com\/product\/yoast-seo-wordpress\/ -->\n<title>Apagones clim\u00e1ticos - Salto Ecol\u00f3gico<\/title>\n<meta name=\"robots\" content=\"index, follow, max-snippet:-1, max-image-preview:large, max-video-preview:-1\" \/>\n<link rel=\"canonical\" href=\"https:\/\/saltoecologico.es\/index.php\/2023\/08\/04\/apagones-climaticos\/\" \/>\n<meta property=\"og:locale\" content=\"es_ES\" \/>\n<meta property=\"og:type\" content=\"article\" \/>\n<meta property=\"og:title\" content=\"Apagones clim\u00e1ticos - Salto Ecol\u00f3gico\" \/>\n<meta property=\"og:description\" content=\"No cabe duda de que la tarea de un cargo p\u00fablico sea ayuntamiento, cabildo o comunidad aut\u00f3noma y est\u00e9n en el gobierno o en la oposici\u00f3n, se nos antoja harto dif\u00edcil. Es materialmente imposible que una persona domine la cantidad de normativa, estudios, informes y trabajos relacionados con su \u00e1rea de actuaci\u00f3n. Se podr\u00eda pensar [&hellip;]\" \/>\n<meta property=\"og:url\" content=\"https:\/\/saltoecologico.es\/index.php\/2023\/08\/04\/apagones-climaticos\/\" \/>\n<meta property=\"og:site_name\" content=\"Salto Ecol\u00f3gico\" \/>\n<meta property=\"article:publisher\" content=\"https:\/\/www.facebook.com\/Saltotransicionecologica\" \/>\n<meta property=\"article:published_time\" content=\"2023-08-04T09:18:00+00:00\" \/>\n<meta property=\"article:modified_time\" content=\"2025-04-17T09:18:48+00:00\" \/>\n<meta property=\"og:image\" content=\"https:\/\/saltoecologico.es\/wp-content\/uploads\/2025\/04\/Eolico-5.jpg\" \/>\n\t<meta property=\"og:image:width\" content=\"1024\" \/>\n\t<meta property=\"og:image:height\" content=\"576\" \/>\n\t<meta property=\"og:image:type\" content=\"image\/jpeg\" \/>\n<meta name=\"author\" content=\"admin\" \/>\n<meta name=\"twitter:card\" content=\"summary_large_image\" \/>\n<meta name=\"twitter:label1\" content=\"Escrito por\" \/>\n\t<meta name=\"twitter:data1\" content=\"admin\" \/>\n\t<meta name=\"twitter:label2\" content=\"Tiempo de lectura\" \/>\n\t<meta name=\"twitter:data2\" content=\"4 minutos\" \/>\n<script type=\"application\/ld+json\" class=\"yoast-schema-graph\">{\"@context\":\"https:\\\/\\\/schema.org\",\"@graph\":[{\"@type\":\"Article\",\"@id\":\"https:\\\/\\\/saltoecologico.es\\\/index.php\\\/2023\\\/08\\\/04\\\/apagones-climaticos\\\/#article\",\"isPartOf\":{\"@id\":\"https:\\\/\\\/saltoecologico.es\\\/index.php\\\/2023\\\/08\\\/04\\\/apagones-climaticos\\\/\"},\"author\":{\"name\":\"admin\",\"@id\":\"https:\\\/\\\/saltoecologico.es\\\/#\\\/schema\\\/person\\\/7175eec4b3c123d86c675313c3a01a0b\"},\"headline\":\"Apagones clim\u00e1ticos\",\"datePublished\":\"2023-08-04T09:18:00+00:00\",\"dateModified\":\"2025-04-17T09:18:48+00:00\",\"mainEntityOfPage\":{\"@id\":\"https:\\\/\\\/saltoecologico.es\\\/index.php\\\/2023\\\/08\\\/04\\\/apagones-climaticos\\\/\"},\"wordCount\":784,\"commentCount\":0,\"publisher\":{\"@id\":\"https:\\\/\\\/saltoecologico.es\\\/#organization\"},\"image\":{\"@id\":\"https:\\\/\\\/saltoecologico.es\\\/index.php\\\/2023\\\/08\\\/04\\\/apagones-climaticos\\\/#primaryimage\"},\"thumbnailUrl\":\"https:\\\/\\\/saltoecologico.es\\\/wp-content\\\/uploads\\\/2025\\\/04\\\/Eolico-5.jpg\",\"articleSection\":[\"General\"],\"inLanguage\":\"es\",\"potentialAction\":[{\"@type\":\"CommentAction\",\"name\":\"Comment\",\"target\":[\"https:\\\/\\\/saltoecologico.es\\\/index.php\\\/2023\\\/08\\\/04\\\/apagones-climaticos\\\/#respond\"]}]},{\"@type\":\"WebPage\",\"@id\":\"https:\\\/\\\/saltoecologico.es\\\/index.php\\\/2023\\\/08\\\/04\\\/apagones-climaticos\\\/\",\"url\":\"https:\\\/\\\/saltoecologico.es\\\/index.php\\\/2023\\\/08\\\/04\\\/apagones-climaticos\\\/\",\"name\":\"Apagones clim\u00e1ticos - Salto Ecol\u00f3gico\",\"isPartOf\":{\"@id\":\"https:\\\/\\\/saltoecologico.es\\\/#website\"},\"primaryImageOfPage\":{\"@id\":\"https:\\\/\\\/saltoecologico.es\\\/index.php\\\/2023\\\/08\\\/04\\\/apagones-climaticos\\\/#primaryimage\"},\"image\":{\"@id\":\"https:\\\/\\\/saltoecologico.es\\\/index.php\\\/2023\\\/08\\\/04\\\/apagones-climaticos\\\/#primaryimage\"},\"thumbnailUrl\":\"https:\\\/\\\/saltoecologico.es\\\/wp-content\\\/uploads\\\/2025\\\/04\\\/Eolico-5.jpg\",\"datePublished\":\"2023-08-04T09:18:00+00:00\",\"dateModified\":\"2025-04-17T09:18:48+00:00\",\"breadcrumb\":{\"@id\":\"https:\\\/\\\/saltoecologico.es\\\/index.php\\\/2023\\\/08\\\/04\\\/apagones-climaticos\\\/#breadcrumb\"},\"inLanguage\":\"es\",\"potentialAction\":[{\"@type\":\"ReadAction\",\"target\":[\"https:\\\/\\\/saltoecologico.es\\\/index.php\\\/2023\\\/08\\\/04\\\/apagones-climaticos\\\/\"]}]},{\"@type\":\"ImageObject\",\"inLanguage\":\"es\",\"@id\":\"https:\\\/\\\/saltoecologico.es\\\/index.php\\\/2023\\\/08\\\/04\\\/apagones-climaticos\\\/#primaryimage\",\"url\":\"https:\\\/\\\/saltoecologico.es\\\/wp-content\\\/uploads\\\/2025\\\/04\\\/Eolico-5.jpg\",\"contentUrl\":\"https:\\\/\\\/saltoecologico.es\\\/wp-content\\\/uploads\\\/2025\\\/04\\\/Eolico-5.jpg\",\"width\":1024,\"height\":576,\"caption\":\"Aerial view of wind turbines in sunny day\"},{\"@type\":\"BreadcrumbList\",\"@id\":\"https:\\\/\\\/saltoecologico.es\\\/index.php\\\/2023\\\/08\\\/04\\\/apagones-climaticos\\\/#breadcrumb\",\"itemListElement\":[{\"@type\":\"ListItem\",\"position\":1,\"name\":\"Portada\",\"item\":\"https:\\\/\\\/saltoecologico.es\\\/\"},{\"@type\":\"ListItem\",\"position\":2,\"name\":\"Apagones clim\u00e1ticos\"}]},{\"@type\":\"WebSite\",\"@id\":\"https:\\\/\\\/saltoecologico.es\\\/#website\",\"url\":\"https:\\\/\\\/saltoecologico.es\\\/\",\"name\":\"Salto Ecol\u00f3gico\",\"description\":\"\",\"publisher\":{\"@id\":\"https:\\\/\\\/saltoecologico.es\\\/#organization\"},\"potentialAction\":[{\"@type\":\"SearchAction\",\"target\":{\"@type\":\"EntryPoint\",\"urlTemplate\":\"https:\\\/\\\/saltoecologico.es\\\/?s={search_term_string}\"},\"query-input\":{\"@type\":\"PropertyValueSpecification\",\"valueRequired\":true,\"valueName\":\"search_term_string\"}}],\"inLanguage\":\"es\"},{\"@type\":\"Organization\",\"@id\":\"https:\\\/\\\/saltoecologico.es\\\/#organization\",\"name\":\"Salto a la Transici\u00f3n Ecol\u00f3gica\",\"url\":\"https:\\\/\\\/saltoecologico.es\\\/\",\"logo\":{\"@type\":\"ImageObject\",\"inLanguage\":\"es\",\"@id\":\"https:\\\/\\\/saltoecologico.es\\\/#\\\/schema\\\/logo\\\/image\\\/\",\"url\":\"https:\\\/\\\/saltoecologico.es\\\/wp-content\\\/uploads\\\/2025\\\/04\\\/Logo-STE.jpg\",\"contentUrl\":\"https:\\\/\\\/saltoecologico.es\\\/wp-content\\\/uploads\\\/2025\\\/04\\\/Logo-STE.jpg\",\"width\":435,\"height\":435,\"caption\":\"Salto a la Transici\u00f3n Ecol\u00f3gica\"},\"image\":{\"@id\":\"https:\\\/\\\/saltoecologico.es\\\/#\\\/schema\\\/logo\\\/image\\\/\"},\"sameAs\":[\"https:\\\/\\\/www.facebook.com\\\/Saltotransicionecologica\"]},{\"@type\":\"Person\",\"@id\":\"https:\\\/\\\/saltoecologico.es\\\/#\\\/schema\\\/person\\\/7175eec4b3c123d86c675313c3a01a0b\",\"name\":\"admin\",\"image\":{\"@type\":\"ImageObject\",\"inLanguage\":\"es\",\"@id\":\"https:\\\/\\\/secure.gravatar.com\\\/avatar\\\/4c215dc57bbc7b2f2f470ac9bd197f3f112636a584e575a732d0206a2d9c9806?s=96&d=mm&r=g\",\"url\":\"https:\\\/\\\/secure.gravatar.com\\\/avatar\\\/4c215dc57bbc7b2f2f470ac9bd197f3f112636a584e575a732d0206a2d9c9806?s=96&d=mm&r=g\",\"contentUrl\":\"https:\\\/\\\/secure.gravatar.com\\\/avatar\\\/4c215dc57bbc7b2f2f470ac9bd197f3f112636a584e575a732d0206a2d9c9806?s=96&d=mm&r=g\",\"caption\":\"admin\"},\"sameAs\":[\"https:\\\/\\\/saltoecologico.es\"],\"url\":\"https:\\\/\\\/saltoecologico.es\\\/index.php\\\/author\\\/saltoecologico\\\/\"}]}<\/script>\n<!-- \/ Yoast SEO plugin. -->","yoast_head_json":{"title":"Apagones clim\u00e1ticos - Salto Ecol\u00f3gico","robots":{"index":"index","follow":"follow","max-snippet":"max-snippet:-1","max-image-preview":"max-image-preview:large","max-video-preview":"max-video-preview:-1"},"canonical":"https:\/\/saltoecologico.es\/index.php\/2023\/08\/04\/apagones-climaticos\/","og_locale":"es_ES","og_type":"article","og_title":"Apagones clim\u00e1ticos - Salto Ecol\u00f3gico","og_description":"No cabe duda de que la tarea de un cargo p\u00fablico sea ayuntamiento, cabildo o comunidad aut\u00f3noma y est\u00e9n en el gobierno o en la oposici\u00f3n, se nos antoja harto dif\u00edcil. Es materialmente imposible que una persona domine la cantidad de normativa, estudios, informes y trabajos relacionados con su \u00e1rea de actuaci\u00f3n. Se podr\u00eda pensar [&hellip;]","og_url":"https:\/\/saltoecologico.es\/index.php\/2023\/08\/04\/apagones-climaticos\/","og_site_name":"Salto Ecol\u00f3gico","article_publisher":"https:\/\/www.facebook.com\/Saltotransicionecologica","article_published_time":"2023-08-04T09:18:00+00:00","article_modified_time":"2025-04-17T09:18:48+00:00","og_image":[{"width":1024,"height":576,"url":"https:\/\/saltoecologico.es\/wp-content\/uploads\/2025\/04\/Eolico-5.jpg","type":"image\/jpeg"}],"author":"admin","twitter_card":"summary_large_image","twitter_misc":{"Escrito por":"admin","Tiempo de lectura":"4 minutos"},"schema":{"@context":"https:\/\/schema.org","@graph":[{"@type":"Article","@id":"https:\/\/saltoecologico.es\/index.php\/2023\/08\/04\/apagones-climaticos\/#article","isPartOf":{"@id":"https:\/\/saltoecologico.es\/index.php\/2023\/08\/04\/apagones-climaticos\/"},"author":{"name":"admin","@id":"https:\/\/saltoecologico.es\/#\/schema\/person\/7175eec4b3c123d86c675313c3a01a0b"},"headline":"Apagones clim\u00e1ticos","datePublished":"2023-08-04T09:18:00+00:00","dateModified":"2025-04-17T09:18:48+00:00","mainEntityOfPage":{"@id":"https:\/\/saltoecologico.es\/index.php\/2023\/08\/04\/apagones-climaticos\/"},"wordCount":784,"commentCount":0,"publisher":{"@id":"https:\/\/saltoecologico.es\/#organization"},"image":{"@id":"https:\/\/saltoecologico.es\/index.php\/2023\/08\/04\/apagones-climaticos\/#primaryimage"},"thumbnailUrl":"https:\/\/saltoecologico.es\/wp-content\/uploads\/2025\/04\/Eolico-5.jpg","articleSection":["General"],"inLanguage":"es","potentialAction":[{"@type":"CommentAction","name":"Comment","target":["https:\/\/saltoecologico.es\/index.php\/2023\/08\/04\/apagones-climaticos\/#respond"]}]},{"@type":"WebPage","@id":"https:\/\/saltoecologico.es\/index.php\/2023\/08\/04\/apagones-climaticos\/","url":"https:\/\/saltoecologico.es\/index.php\/2023\/08\/04\/apagones-climaticos\/","name":"Apagones clim\u00e1ticos - Salto Ecol\u00f3gico","isPartOf":{"@id":"https:\/\/saltoecologico.es\/#website"},"primaryImageOfPage":{"@id":"https:\/\/saltoecologico.es\/index.php\/2023\/08\/04\/apagones-climaticos\/#primaryimage"},"image":{"@id":"https:\/\/saltoecologico.es\/index.php\/2023\/08\/04\/apagones-climaticos\/#primaryimage"},"thumbnailUrl":"https:\/\/saltoecologico.es\/wp-content\/uploads\/2025\/04\/Eolico-5.jpg","datePublished":"2023-08-04T09:18:00+00:00","dateModified":"2025-04-17T09:18:48+00:00","breadcrumb":{"@id":"https:\/\/saltoecologico.es\/index.php\/2023\/08\/04\/apagones-climaticos\/#breadcrumb"},"inLanguage":"es","potentialAction":[{"@type":"ReadAction","target":["https:\/\/saltoecologico.es\/index.php\/2023\/08\/04\/apagones-climaticos\/"]}]},{"@type":"ImageObject","inLanguage":"es","@id":"https:\/\/saltoecologico.es\/index.php\/2023\/08\/04\/apagones-climaticos\/#primaryimage","url":"https:\/\/saltoecologico.es\/wp-content\/uploads\/2025\/04\/Eolico-5.jpg","contentUrl":"https:\/\/saltoecologico.es\/wp-content\/uploads\/2025\/04\/Eolico-5.jpg","width":1024,"height":576,"caption":"Aerial view of wind turbines in sunny day"},{"@type":"BreadcrumbList","@id":"https:\/\/saltoecologico.es\/index.php\/2023\/08\/04\/apagones-climaticos\/#breadcrumb","itemListElement":[{"@type":"ListItem","position":1,"name":"Portada","item":"https:\/\/saltoecologico.es\/"},{"@type":"ListItem","position":2,"name":"Apagones clim\u00e1ticos"}]},{"@type":"WebSite","@id":"https:\/\/saltoecologico.es\/#website","url":"https:\/\/saltoecologico.es\/","name":"Salto Ecol\u00f3gico","description":"","publisher":{"@id":"https:\/\/saltoecologico.es\/#organization"},"potentialAction":[{"@type":"SearchAction","target":{"@type":"EntryPoint","urlTemplate":"https:\/\/saltoecologico.es\/?s={search_term_string}"},"query-input":{"@type":"PropertyValueSpecification","valueRequired":true,"valueName":"search_term_string"}}],"inLanguage":"es"},{"@type":"Organization","@id":"https:\/\/saltoecologico.es\/#organization","name":"Salto a la Transici\u00f3n Ecol\u00f3gica","url":"https:\/\/saltoecologico.es\/","logo":{"@type":"ImageObject","inLanguage":"es","@id":"https:\/\/saltoecologico.es\/#\/schema\/logo\/image\/","url":"https:\/\/saltoecologico.es\/wp-content\/uploads\/2025\/04\/Logo-STE.jpg","contentUrl":"https:\/\/saltoecologico.es\/wp-content\/uploads\/2025\/04\/Logo-STE.jpg","width":435,"height":435,"caption":"Salto a la Transici\u00f3n Ecol\u00f3gica"},"image":{"@id":"https:\/\/saltoecologico.es\/#\/schema\/logo\/image\/"},"sameAs":["https:\/\/www.facebook.com\/Saltotransicionecologica"]},{"@type":"Person","@id":"https:\/\/saltoecologico.es\/#\/schema\/person\/7175eec4b3c123d86c675313c3a01a0b","name":"admin","image":{"@type":"ImageObject","inLanguage":"es","@id":"https:\/\/secure.gravatar.com\/avatar\/4c215dc57bbc7b2f2f470ac9bd197f3f112636a584e575a732d0206a2d9c9806?s=96&d=mm&r=g","url":"https:\/\/secure.gravatar.com\/avatar\/4c215dc57bbc7b2f2f470ac9bd197f3f112636a584e575a732d0206a2d9c9806?s=96&d=mm&r=g","contentUrl":"https:\/\/secure.gravatar.com\/avatar\/4c215dc57bbc7b2f2f470ac9bd197f3f112636a584e575a732d0206a2d9c9806?s=96&d=mm&r=g","caption":"admin"},"sameAs":["https:\/\/saltoecologico.es"],"url":"https:\/\/saltoecologico.es\/index.php\/author\/saltoecologico\/"}]}},"_links":{"self":[{"href":"https:\/\/saltoecologico.es\/index.php\/wp-json\/wp\/v2\/posts\/636","targetHints":{"allow":["GET"]}}],"collection":[{"href":"https:\/\/saltoecologico.es\/index.php\/wp-json\/wp\/v2\/posts"}],"about":[{"href":"https:\/\/saltoecologico.es\/index.php\/wp-json\/wp\/v2\/types\/post"}],"author":[{"embeddable":true,"href":"https:\/\/saltoecologico.es\/index.php\/wp-json\/wp\/v2\/users\/1"}],"replies":[{"embeddable":true,"href":"https:\/\/saltoecologico.es\/index.php\/wp-json\/wp\/v2\/comments?post=636"}],"version-history":[{"count":1,"href":"https:\/\/saltoecologico.es\/index.php\/wp-json\/wp\/v2\/posts\/636\/revisions"}],"predecessor-version":[{"id":638,"href":"https:\/\/saltoecologico.es\/index.php\/wp-json\/wp\/v2\/posts\/636\/revisions\/638"}],"wp:featuredmedia":[{"embeddable":true,"href":"https:\/\/saltoecologico.es\/index.php\/wp-json\/wp\/v2\/media\/637"}],"wp:attachment":[{"href":"https:\/\/saltoecologico.es\/index.php\/wp-json\/wp\/v2\/media?parent=636"}],"wp:term":[{"taxonomy":"category","embeddable":true,"href":"https:\/\/saltoecologico.es\/index.php\/wp-json\/wp\/v2\/categories?post=636"},{"taxonomy":"post_tag","embeddable":true,"href":"https:\/\/saltoecologico.es\/index.php\/wp-json\/wp\/v2\/tags?post=636"}],"curies":[{"name":"wp","href":"https:\/\/api.w.org\/{rel}","templated":true}]}}