{"id":639,"date":"2023-08-06T09:20:00","date_gmt":"2023-08-06T09:20:00","guid":{"rendered":"https:\/\/saltoecologico.es\/?p=639"},"modified":"2025-04-17T09:21:14","modified_gmt":"2025-04-17T09:21:14","slug":"no-hay-otra-manera","status":"publish","type":"post","link":"https:\/\/saltoecologico.es\/index.php\/2023\/08\/06\/no-hay-otra-manera\/","title":{"rendered":"No hay otra manera"},"content":{"rendered":"\n<p class=\"wp-block-paragraph\">Existe un falso debate que hay que contextualizar adecuadamente para poder sacar algo pr\u00e1ctico para la sociedad en general. Nos estamos refiriendo a \u201crenovables si, pero no de esa manera\u201d. Si abordamos esta discusi\u00f3n desde el todo no se va a conseguir alcanzar ning\u00fan consenso y esta discusi\u00f3n se puede eternizar indefinidamente. Por tanto, conviene desmenuzar esta cuesti\u00f3n en disyuntivas mucho m\u00e1s simples y tasadas que nos permitan ser m\u00e1s certeros<\/p>\n\n\n\n<p class=\"wp-block-paragraph\">En primer lugar, hay que discernir si estamos ante un cambio clim\u00e1tico o no, porque si concluimos que no estamos ante un cambio clim\u00e1tico pues simplemente no hay nada que debatir. Pero si concluimos que, si estamos ante un cambio clim\u00e1tico, deberemos delimitar las consecuencias previsibles de ese cambio clim\u00e1tico y sus repercusiones para el ser humano. Si estas repercusiones no tienen trascendencia, nuevamente nos quedamos sin debate, pero si las tiene deberemos determinar si las causas son completamente naturales y por tanto inevitables o si por el contrario est\u00e1 teniendo alguna repercusi\u00f3n la acci\u00f3n del hombre. Si la respuesta es la naturalidad de todo lo que acontece, nuestras acciones deber\u00edan ir exclusivamente a intentar amortiguar esas repercusiones y adaptarnos a ellas. Si nuestra respuesta es que el cambio clim\u00e1tico es antropog\u00e9nico estaremos en un estadio de ver cuales son esas causas, el grado de deterioro en el que nos encontramos, si hay manera de revertirlo y el grado de implicaci\u00f3n que hay que poner.<\/p>\n\n\n\n<p class=\"wp-block-paragraph\">Llegado este punto cabe decir que hay un 1% (siendo generosos) de la comunidad cient\u00edfica que considera que todo esto del cambio clim\u00e1tico son invenciones de una cierta aristocracia cient\u00edfica y t\u00e9cnica para conseguir un fil\u00f3n econ\u00f3mico digno de explotar. Por otro lado, tenemos un 9% (aproximadamente) de cient\u00edficos que admiten que hay un cambio clim\u00e1tico, que hay visos de que pueda tener repercusiones muy serias para la especie humana, pero que ponen en tela de juicio que detr\u00e1s de \u00e9l est\u00e9n las acciones humanas, dejando en manos de las cuestiones naturales la ra\u00edz de la cuesti\u00f3n. Por \u00faltimo, tenemos al 90% de la comunidad de la ciencia que dejan claro, muy claro, que estamos ante un cambio clim\u00e1tico, ocasionado por el hombre, concretamente debido a las emisiones de gases de efecto invernadero, de consecuencias dram\u00e1ticas y dantescas para el ser humano y que tendr\u00e1n lugar en un plazo muy corto de tiempo. Para este \u00faltimo colectivo es altamente imperioso que disminuyamos las emisiones de gases de efecto invernadero de manera fulminante porque ya estamos llegando tarde y para hacerlo sin volver al neol\u00edtico, la \u00fanica soluci\u00f3n es cambiar una econom\u00eda basada en combustibles f\u00f3siles en otra basada en energ\u00edas sostenibles, renovables y no contaminantes. Para llevar a cabo este plan es necesario desplegar cuanto antes un parque de renovables suficiente para poder nutrir de energ\u00eda todo nuestro tejido industrial, econ\u00f3mico y familiar.<\/p>\n\n\n\n<p class=\"wp-block-paragraph\">Despu\u00e9s de haber analizado lo comentado volvemos al enunciado inicial \u201cRenovables si, pero no de esa manera\u201d. Cuando hablamos de \u201cesa manera\u201d nos estamos refiriendo a la manera que nuestros t\u00e9cnicos y cient\u00edficos han decido distribuir esas instalaciones. Es decir, cuando se coloca un parque e\u00f3lico se coloca donde el recurso del viento es el m\u00e1s id\u00f3neo, donde la infraestructura de la red permite conectarla al sistema el\u00e9ctrico y donde el terreno es apropiado para estos menesteres. Cuando se monta un huerto fotovoltaico se tiene en cuenta la cantidad de horas y la calidad lum\u00ednica del lugar, que exista un punto de conexi\u00f3n a la red de transporte cercano, que las infraestructuras de los alrededores permitan un mantenimiento y una operaci\u00f3n adecuada.<\/p>\n\n\n\n<p class=\"wp-block-paragraph\">Estamos hablando de que hay que mitigar en el menor tiempo posibles unas practicas da\u00f1inas para el medio ambiente, que de no hacerlo nos llevar\u00eda a situaciones esperp\u00e9nticas y calamitosas, cuando no terminales y estamos poniendo en tela de juicio a los m\u00e1s cualificados para llevar a cabo el proceso en tiempo y forma, porque al parecer existe una alternativa a todo esto que consistir\u00eda que entre todos decidamos donde tienen que ir esas instalaciones de renovables para que causen un supuesto menor impacto visual (fundamentalmente), dejando en un segundo t\u00e9rmino su eficiencia energ\u00e9tica y por tanto su capacidad de mitigar la acci\u00f3n del viejo y caduco modelo basado en combustibles f\u00f3siles.<\/p>\n\n\n\n<p class=\"wp-block-paragraph\">Llevamos mas de un siglo intentando ponernos de acuerdo en las democracias occidentales entre el liberalismo y la socialdemocracia, entre el libre mercado y el mercado regulado, entre la libertad individual o la libertad colectiva, entre un estado fuerte o un estado bajo m\u00ednimos, entre la privatizaci\u00f3n de los servicios o el fortalecimiento de lo p\u00fablico, sin alcanzar ning\u00fan consenso y ahora pretendemos que nos pongamos de acuerdo en donde colocamos un parque e\u00f3lico o un huerto solar, si obligamos a todos los propietarios de viviendas con azoteas a llenarlas de placas por encima de sus necesidades para fortalecer el autoconsumo, o si nos ponemos de acuerdo en que propietario tiene que aceptar que una l\u00ednea de evacuaci\u00f3n pase por su terreno.<\/p>\n\n\n\n<p class=\"wp-block-paragraph\">Como ejercicio democr\u00e1tico en un mundo id\u00edlico estar\u00eda muy bien, pero en un planeta terminal con una urgencia clim\u00e1tica sin parang\u00f3n a lo largo de la historia, creemos que est\u00e1 completamente fuera de lugar.<\/p>\n","protected":false},"excerpt":{"rendered":"<p>Existe un falso debate que hay que contextualizar adecuadamente para poder sacar algo pr\u00e1ctico para la sociedad en general. Nos estamos refiriendo a \u201crenovables si, pero no de esa manera\u201d. Si abordamos esta discusi\u00f3n desde el todo no se va a conseguir alcanzar ning\u00fan consenso y esta discusi\u00f3n se puede eternizar indefinidamente. Por tanto, conviene [&hellip;]<\/p>\n","protected":false},"author":1,"featured_media":641,"comment_status":"open","ping_status":"open","sticky":false,"template":"","format":"standard","meta":{"footnotes":""},"categories":[55],"tags":[],"class_list":["post-639","post","type-post","status-publish","format-standard","has-post-thumbnail","category-general"],"yoast_head":"<!-- This site is optimized with the Yoast SEO plugin v28.2 - https:\/\/yoast.com\/product\/yoast-seo-wordpress\/ -->\n<title>No hay otra manera - Salto Ecol\u00f3gico<\/title>\n<meta name=\"robots\" content=\"index, follow, max-snippet:-1, max-image-preview:large, max-video-preview:-1\" \/>\n<link rel=\"canonical\" href=\"https:\/\/saltoecologico.es\/index.php\/2023\/08\/06\/no-hay-otra-manera\/\" \/>\n<meta property=\"og:locale\" content=\"es_ES\" \/>\n<meta property=\"og:type\" content=\"article\" \/>\n<meta property=\"og:title\" content=\"No hay otra manera - Salto Ecol\u00f3gico\" \/>\n<meta property=\"og:description\" content=\"Existe un falso debate que hay que contextualizar adecuadamente para poder sacar algo pr\u00e1ctico para la sociedad en general. Nos estamos refiriendo a \u201crenovables si, pero no de esa manera\u201d. Si abordamos esta discusi\u00f3n desde el todo no se va a conseguir alcanzar ning\u00fan consenso y esta discusi\u00f3n se puede eternizar indefinidamente. Por tanto, conviene [&hellip;]\" \/>\n<meta property=\"og:url\" content=\"https:\/\/saltoecologico.es\/index.php\/2023\/08\/06\/no-hay-otra-manera\/\" \/>\n<meta property=\"og:site_name\" content=\"Salto Ecol\u00f3gico\" \/>\n<meta property=\"article:publisher\" content=\"https:\/\/www.facebook.com\/Saltotransicionecologica\" \/>\n<meta property=\"article:published_time\" content=\"2023-08-06T09:20:00+00:00\" \/>\n<meta property=\"article:modified_time\" content=\"2025-04-17T09:21:14+00:00\" \/>\n<meta property=\"og:image\" content=\"https:\/\/saltoecologico.es\/wp-content\/uploads\/2025\/04\/Eolico-6.jpg\" \/>\n\t<meta property=\"og:image:width\" content=\"1024\" \/>\n\t<meta property=\"og:image:height\" content=\"683\" \/>\n\t<meta property=\"og:image:type\" content=\"image\/jpeg\" \/>\n<meta name=\"author\" content=\"admin\" \/>\n<meta name=\"twitter:card\" content=\"summary_large_image\" \/>\n<meta name=\"twitter:label1\" content=\"Escrito por\" \/>\n\t<meta name=\"twitter:data1\" content=\"admin\" \/>\n\t<meta name=\"twitter:label2\" content=\"Tiempo de lectura\" \/>\n\t<meta name=\"twitter:data2\" content=\"5 minutos\" \/>\n<script type=\"application\/ld+json\" class=\"yoast-schema-graph\">{\"@context\":\"https:\\\/\\\/schema.org\",\"@graph\":[{\"@type\":\"Article\",\"@id\":\"https:\\\/\\\/saltoecologico.es\\\/index.php\\\/2023\\\/08\\\/06\\\/no-hay-otra-manera\\\/#article\",\"isPartOf\":{\"@id\":\"https:\\\/\\\/saltoecologico.es\\\/index.php\\\/2023\\\/08\\\/06\\\/no-hay-otra-manera\\\/\"},\"author\":{\"name\":\"admin\",\"@id\":\"https:\\\/\\\/saltoecologico.es\\\/#\\\/schema\\\/person\\\/7175eec4b3c123d86c675313c3a01a0b\"},\"headline\":\"No hay otra manera\",\"datePublished\":\"2023-08-06T09:20:00+00:00\",\"dateModified\":\"2025-04-17T09:21:14+00:00\",\"mainEntityOfPage\":{\"@id\":\"https:\\\/\\\/saltoecologico.es\\\/index.php\\\/2023\\\/08\\\/06\\\/no-hay-otra-manera\\\/\"},\"wordCount\":930,\"commentCount\":0,\"publisher\":{\"@id\":\"https:\\\/\\\/saltoecologico.es\\\/#organization\"},\"image\":{\"@id\":\"https:\\\/\\\/saltoecologico.es\\\/index.php\\\/2023\\\/08\\\/06\\\/no-hay-otra-manera\\\/#primaryimage\"},\"thumbnailUrl\":\"https:\\\/\\\/saltoecologico.es\\\/wp-content\\\/uploads\\\/2025\\\/04\\\/Eolico-6.jpg\",\"articleSection\":[\"General\"],\"inLanguage\":\"es\",\"potentialAction\":[{\"@type\":\"CommentAction\",\"name\":\"Comment\",\"target\":[\"https:\\\/\\\/saltoecologico.es\\\/index.php\\\/2023\\\/08\\\/06\\\/no-hay-otra-manera\\\/#respond\"]}]},{\"@type\":\"WebPage\",\"@id\":\"https:\\\/\\\/saltoecologico.es\\\/index.php\\\/2023\\\/08\\\/06\\\/no-hay-otra-manera\\\/\",\"url\":\"https:\\\/\\\/saltoecologico.es\\\/index.php\\\/2023\\\/08\\\/06\\\/no-hay-otra-manera\\\/\",\"name\":\"No hay otra manera - Salto Ecol\u00f3gico\",\"isPartOf\":{\"@id\":\"https:\\\/\\\/saltoecologico.es\\\/#website\"},\"primaryImageOfPage\":{\"@id\":\"https:\\\/\\\/saltoecologico.es\\\/index.php\\\/2023\\\/08\\\/06\\\/no-hay-otra-manera\\\/#primaryimage\"},\"image\":{\"@id\":\"https:\\\/\\\/saltoecologico.es\\\/index.php\\\/2023\\\/08\\\/06\\\/no-hay-otra-manera\\\/#primaryimage\"},\"thumbnailUrl\":\"https:\\\/\\\/saltoecologico.es\\\/wp-content\\\/uploads\\\/2025\\\/04\\\/Eolico-6.jpg\",\"datePublished\":\"2023-08-06T09:20:00+00:00\",\"dateModified\":\"2025-04-17T09:21:14+00:00\",\"breadcrumb\":{\"@id\":\"https:\\\/\\\/saltoecologico.es\\\/index.php\\\/2023\\\/08\\\/06\\\/no-hay-otra-manera\\\/#breadcrumb\"},\"inLanguage\":\"es\",\"potentialAction\":[{\"@type\":\"ReadAction\",\"target\":[\"https:\\\/\\\/saltoecologico.es\\\/index.php\\\/2023\\\/08\\\/06\\\/no-hay-otra-manera\\\/\"]}]},{\"@type\":\"ImageObject\",\"inLanguage\":\"es\",\"@id\":\"https:\\\/\\\/saltoecologico.es\\\/index.php\\\/2023\\\/08\\\/06\\\/no-hay-otra-manera\\\/#primaryimage\",\"url\":\"https:\\\/\\\/saltoecologico.es\\\/wp-content\\\/uploads\\\/2025\\\/04\\\/Eolico-6.jpg\",\"contentUrl\":\"https:\\\/\\\/saltoecologico.es\\\/wp-content\\\/uploads\\\/2025\\\/04\\\/Eolico-6.jpg\",\"width\":1024,\"height\":683,\"caption\":\"Engineers working on an alternative renewable wind energy farm, ecological power energy generation wind sustainable energy concept.\"},{\"@type\":\"BreadcrumbList\",\"@id\":\"https:\\\/\\\/saltoecologico.es\\\/index.php\\\/2023\\\/08\\\/06\\\/no-hay-otra-manera\\\/#breadcrumb\",\"itemListElement\":[{\"@type\":\"ListItem\",\"position\":1,\"name\":\"Portada\",\"item\":\"https:\\\/\\\/saltoecologico.es\\\/\"},{\"@type\":\"ListItem\",\"position\":2,\"name\":\"No hay otra manera\"}]},{\"@type\":\"WebSite\",\"@id\":\"https:\\\/\\\/saltoecologico.es\\\/#website\",\"url\":\"https:\\\/\\\/saltoecologico.es\\\/\",\"name\":\"Salto Ecol\u00f3gico\",\"description\":\"\",\"publisher\":{\"@id\":\"https:\\\/\\\/saltoecologico.es\\\/#organization\"},\"potentialAction\":[{\"@type\":\"SearchAction\",\"target\":{\"@type\":\"EntryPoint\",\"urlTemplate\":\"https:\\\/\\\/saltoecologico.es\\\/?s={search_term_string}\"},\"query-input\":{\"@type\":\"PropertyValueSpecification\",\"valueRequired\":true,\"valueName\":\"search_term_string\"}}],\"inLanguage\":\"es\"},{\"@type\":\"Organization\",\"@id\":\"https:\\\/\\\/saltoecologico.es\\\/#organization\",\"name\":\"Salto a la Transici\u00f3n Ecol\u00f3gica\",\"url\":\"https:\\\/\\\/saltoecologico.es\\\/\",\"logo\":{\"@type\":\"ImageObject\",\"inLanguage\":\"es\",\"@id\":\"https:\\\/\\\/saltoecologico.es\\\/#\\\/schema\\\/logo\\\/image\\\/\",\"url\":\"https:\\\/\\\/saltoecologico.es\\\/wp-content\\\/uploads\\\/2025\\\/04\\\/Logo-STE.jpg\",\"contentUrl\":\"https:\\\/\\\/saltoecologico.es\\\/wp-content\\\/uploads\\\/2025\\\/04\\\/Logo-STE.jpg\",\"width\":435,\"height\":435,\"caption\":\"Salto a la Transici\u00f3n Ecol\u00f3gica\"},\"image\":{\"@id\":\"https:\\\/\\\/saltoecologico.es\\\/#\\\/schema\\\/logo\\\/image\\\/\"},\"sameAs\":[\"https:\\\/\\\/www.facebook.com\\\/Saltotransicionecologica\"]},{\"@type\":\"Person\",\"@id\":\"https:\\\/\\\/saltoecologico.es\\\/#\\\/schema\\\/person\\\/7175eec4b3c123d86c675313c3a01a0b\",\"name\":\"admin\",\"image\":{\"@type\":\"ImageObject\",\"inLanguage\":\"es\",\"@id\":\"https:\\\/\\\/secure.gravatar.com\\\/avatar\\\/4c215dc57bbc7b2f2f470ac9bd197f3f112636a584e575a732d0206a2d9c9806?s=96&d=mm&r=g\",\"url\":\"https:\\\/\\\/secure.gravatar.com\\\/avatar\\\/4c215dc57bbc7b2f2f470ac9bd197f3f112636a584e575a732d0206a2d9c9806?s=96&d=mm&r=g\",\"contentUrl\":\"https:\\\/\\\/secure.gravatar.com\\\/avatar\\\/4c215dc57bbc7b2f2f470ac9bd197f3f112636a584e575a732d0206a2d9c9806?s=96&d=mm&r=g\",\"caption\":\"admin\"},\"sameAs\":[\"https:\\\/\\\/saltoecologico.es\"],\"url\":\"https:\\\/\\\/saltoecologico.es\\\/index.php\\\/author\\\/saltoecologico\\\/\"}]}<\/script>\n<!-- \/ Yoast SEO plugin. -->","yoast_head_json":{"title":"No hay otra manera - Salto Ecol\u00f3gico","robots":{"index":"index","follow":"follow","max-snippet":"max-snippet:-1","max-image-preview":"max-image-preview:large","max-video-preview":"max-video-preview:-1"},"canonical":"https:\/\/saltoecologico.es\/index.php\/2023\/08\/06\/no-hay-otra-manera\/","og_locale":"es_ES","og_type":"article","og_title":"No hay otra manera - Salto Ecol\u00f3gico","og_description":"Existe un falso debate que hay que contextualizar adecuadamente para poder sacar algo pr\u00e1ctico para la sociedad en general. Nos estamos refiriendo a \u201crenovables si, pero no de esa manera\u201d. Si abordamos esta discusi\u00f3n desde el todo no se va a conseguir alcanzar ning\u00fan consenso y esta discusi\u00f3n se puede eternizar indefinidamente. Por tanto, conviene [&hellip;]","og_url":"https:\/\/saltoecologico.es\/index.php\/2023\/08\/06\/no-hay-otra-manera\/","og_site_name":"Salto Ecol\u00f3gico","article_publisher":"https:\/\/www.facebook.com\/Saltotransicionecologica","article_published_time":"2023-08-06T09:20:00+00:00","article_modified_time":"2025-04-17T09:21:14+00:00","og_image":[{"width":1024,"height":683,"url":"https:\/\/saltoecologico.es\/wp-content\/uploads\/2025\/04\/Eolico-6.jpg","type":"image\/jpeg"}],"author":"admin","twitter_card":"summary_large_image","twitter_misc":{"Escrito por":"admin","Tiempo de lectura":"5 minutos"},"schema":{"@context":"https:\/\/schema.org","@graph":[{"@type":"Article","@id":"https:\/\/saltoecologico.es\/index.php\/2023\/08\/06\/no-hay-otra-manera\/#article","isPartOf":{"@id":"https:\/\/saltoecologico.es\/index.php\/2023\/08\/06\/no-hay-otra-manera\/"},"author":{"name":"admin","@id":"https:\/\/saltoecologico.es\/#\/schema\/person\/7175eec4b3c123d86c675313c3a01a0b"},"headline":"No hay otra manera","datePublished":"2023-08-06T09:20:00+00:00","dateModified":"2025-04-17T09:21:14+00:00","mainEntityOfPage":{"@id":"https:\/\/saltoecologico.es\/index.php\/2023\/08\/06\/no-hay-otra-manera\/"},"wordCount":930,"commentCount":0,"publisher":{"@id":"https:\/\/saltoecologico.es\/#organization"},"image":{"@id":"https:\/\/saltoecologico.es\/index.php\/2023\/08\/06\/no-hay-otra-manera\/#primaryimage"},"thumbnailUrl":"https:\/\/saltoecologico.es\/wp-content\/uploads\/2025\/04\/Eolico-6.jpg","articleSection":["General"],"inLanguage":"es","potentialAction":[{"@type":"CommentAction","name":"Comment","target":["https:\/\/saltoecologico.es\/index.php\/2023\/08\/06\/no-hay-otra-manera\/#respond"]}]},{"@type":"WebPage","@id":"https:\/\/saltoecologico.es\/index.php\/2023\/08\/06\/no-hay-otra-manera\/","url":"https:\/\/saltoecologico.es\/index.php\/2023\/08\/06\/no-hay-otra-manera\/","name":"No hay otra manera - Salto Ecol\u00f3gico","isPartOf":{"@id":"https:\/\/saltoecologico.es\/#website"},"primaryImageOfPage":{"@id":"https:\/\/saltoecologico.es\/index.php\/2023\/08\/06\/no-hay-otra-manera\/#primaryimage"},"image":{"@id":"https:\/\/saltoecologico.es\/index.php\/2023\/08\/06\/no-hay-otra-manera\/#primaryimage"},"thumbnailUrl":"https:\/\/saltoecologico.es\/wp-content\/uploads\/2025\/04\/Eolico-6.jpg","datePublished":"2023-08-06T09:20:00+00:00","dateModified":"2025-04-17T09:21:14+00:00","breadcrumb":{"@id":"https:\/\/saltoecologico.es\/index.php\/2023\/08\/06\/no-hay-otra-manera\/#breadcrumb"},"inLanguage":"es","potentialAction":[{"@type":"ReadAction","target":["https:\/\/saltoecologico.es\/index.php\/2023\/08\/06\/no-hay-otra-manera\/"]}]},{"@type":"ImageObject","inLanguage":"es","@id":"https:\/\/saltoecologico.es\/index.php\/2023\/08\/06\/no-hay-otra-manera\/#primaryimage","url":"https:\/\/saltoecologico.es\/wp-content\/uploads\/2025\/04\/Eolico-6.jpg","contentUrl":"https:\/\/saltoecologico.es\/wp-content\/uploads\/2025\/04\/Eolico-6.jpg","width":1024,"height":683,"caption":"Engineers working on an alternative renewable wind energy farm, ecological power energy generation wind sustainable energy concept."},{"@type":"BreadcrumbList","@id":"https:\/\/saltoecologico.es\/index.php\/2023\/08\/06\/no-hay-otra-manera\/#breadcrumb","itemListElement":[{"@type":"ListItem","position":1,"name":"Portada","item":"https:\/\/saltoecologico.es\/"},{"@type":"ListItem","position":2,"name":"No hay otra manera"}]},{"@type":"WebSite","@id":"https:\/\/saltoecologico.es\/#website","url":"https:\/\/saltoecologico.es\/","name":"Salto Ecol\u00f3gico","description":"","publisher":{"@id":"https:\/\/saltoecologico.es\/#organization"},"potentialAction":[{"@type":"SearchAction","target":{"@type":"EntryPoint","urlTemplate":"https:\/\/saltoecologico.es\/?s={search_term_string}"},"query-input":{"@type":"PropertyValueSpecification","valueRequired":true,"valueName":"search_term_string"}}],"inLanguage":"es"},{"@type":"Organization","@id":"https:\/\/saltoecologico.es\/#organization","name":"Salto a la Transici\u00f3n Ecol\u00f3gica","url":"https:\/\/saltoecologico.es\/","logo":{"@type":"ImageObject","inLanguage":"es","@id":"https:\/\/saltoecologico.es\/#\/schema\/logo\/image\/","url":"https:\/\/saltoecologico.es\/wp-content\/uploads\/2025\/04\/Logo-STE.jpg","contentUrl":"https:\/\/saltoecologico.es\/wp-content\/uploads\/2025\/04\/Logo-STE.jpg","width":435,"height":435,"caption":"Salto a la Transici\u00f3n Ecol\u00f3gica"},"image":{"@id":"https:\/\/saltoecologico.es\/#\/schema\/logo\/image\/"},"sameAs":["https:\/\/www.facebook.com\/Saltotransicionecologica"]},{"@type":"Person","@id":"https:\/\/saltoecologico.es\/#\/schema\/person\/7175eec4b3c123d86c675313c3a01a0b","name":"admin","image":{"@type":"ImageObject","inLanguage":"es","@id":"https:\/\/secure.gravatar.com\/avatar\/4c215dc57bbc7b2f2f470ac9bd197f3f112636a584e575a732d0206a2d9c9806?s=96&d=mm&r=g","url":"https:\/\/secure.gravatar.com\/avatar\/4c215dc57bbc7b2f2f470ac9bd197f3f112636a584e575a732d0206a2d9c9806?s=96&d=mm&r=g","contentUrl":"https:\/\/secure.gravatar.com\/avatar\/4c215dc57bbc7b2f2f470ac9bd197f3f112636a584e575a732d0206a2d9c9806?s=96&d=mm&r=g","caption":"admin"},"sameAs":["https:\/\/saltoecologico.es"],"url":"https:\/\/saltoecologico.es\/index.php\/author\/saltoecologico\/"}]}},"_links":{"self":[{"href":"https:\/\/saltoecologico.es\/index.php\/wp-json\/wp\/v2\/posts\/639","targetHints":{"allow":["GET"]}}],"collection":[{"href":"https:\/\/saltoecologico.es\/index.php\/wp-json\/wp\/v2\/posts"}],"about":[{"href":"https:\/\/saltoecologico.es\/index.php\/wp-json\/wp\/v2\/types\/post"}],"author":[{"embeddable":true,"href":"https:\/\/saltoecologico.es\/index.php\/wp-json\/wp\/v2\/users\/1"}],"replies":[{"embeddable":true,"href":"https:\/\/saltoecologico.es\/index.php\/wp-json\/wp\/v2\/comments?post=639"}],"version-history":[{"count":1,"href":"https:\/\/saltoecologico.es\/index.php\/wp-json\/wp\/v2\/posts\/639\/revisions"}],"predecessor-version":[{"id":642,"href":"https:\/\/saltoecologico.es\/index.php\/wp-json\/wp\/v2\/posts\/639\/revisions\/642"}],"wp:featuredmedia":[{"embeddable":true,"href":"https:\/\/saltoecologico.es\/index.php\/wp-json\/wp\/v2\/media\/641"}],"wp:attachment":[{"href":"https:\/\/saltoecologico.es\/index.php\/wp-json\/wp\/v2\/media?parent=639"}],"wp:term":[{"taxonomy":"category","embeddable":true,"href":"https:\/\/saltoecologico.es\/index.php\/wp-json\/wp\/v2\/categories?post=639"},{"taxonomy":"post_tag","embeddable":true,"href":"https:\/\/saltoecologico.es\/index.php\/wp-json\/wp\/v2\/tags?post=639"}],"curies":[{"name":"wp","href":"https:\/\/api.w.org\/{rel}","templated":true}]}}