{"id":643,"date":"2023-08-08T09:22:00","date_gmt":"2023-08-08T09:22:00","guid":{"rendered":"https:\/\/saltoecologico.es\/?p=643"},"modified":"2025-04-17T09:23:16","modified_gmt":"2025-04-17T09:23:16","slug":"eolicos-en-lanzarote","status":"publish","type":"post","link":"https:\/\/saltoecologico.es\/index.php\/2023\/08\/08\/eolicos-en-lanzarote\/","title":{"rendered":"E\u00f3licos en Lanzarote"},"content":{"rendered":"\n<p class=\"wp-block-paragraph\">La cuesti\u00f3n de la tramitaci\u00f3n de renovables no deja de ser un calvario para los promotores de estos proyectos. Para poner un ejemplo y obteniendo la informaci\u00f3n del Gobierno de Canarias, en la isla de Lanzarote tenemos los siguientes parques e\u00f3licos instalados:<\/p>\n\n\n\n<ul class=\"wp-block-list\">\n<li>Monta\u00f1a Mina, en el municipio de San Bartolom\u00e9, con fecha de aprobaci\u00f3n del 20-03-1992 y una potencia nominal de 1,125 MW<\/li>\n\n\n\n<li>Los Valles, en el municipio de Teguise, con fecha de aprobaci\u00f3n del 06-03-2007 y con una potencia nominal de 8,5 MW.<\/li>\n\n\n\n<li>CA Punta Grande, en el municipio de Arrecife, con fecha de aprobaci\u00f3n del 03-11-2016 y con una potencia nominal de 4,6 MW.<\/li>\n\n\n\n<li>Teguise, en el municipio de Arrecife, con fecha de aprobaci\u00f3n del 12-04-2018 y con una potencia nominal de 9,2 MW.<\/li>\n<\/ul>\n\n\n\n<p class=\"wp-block-paragraph\">Es decir, una media de 10 a\u00f1os entre la aprobaci\u00f3n de un parque y de otro. Con respecto a los parques en tr\u00e1mite tenemos lo siguiente:<\/p>\n\n\n\n<ul class=\"wp-block-list\">\n<li>CA Punta de los Vientos, en el municipio de Teguise, con fecha de tramitaci\u00f3n 07-08-2012 y con una potencia nominal de 12 MW<\/li>\n\n\n\n<li>San Bartolom\u00e9, en el municipio de San Bartolom\u00e9, con fecha de tramitaci\u00f3n del 06-10-2014 y con una potencia nominal de 9,2 MW.<\/li>\n\n\n\n<li>\u00a0<\/li>\n\n\n\n<li>Mares\u00eda I, en el municipio de T\u00edas, con fecha de tramitaci\u00f3n del 10-03-2016 y con una potencia nominal de 2,5 MW.<\/li>\n\n\n\n<li>Mares\u00eda II, en el municipio de T\u00edas, con fecha de tramitaci\u00f3n del 10-03-2016 y con una potencia nominal de 5 MW.<\/li>\n\n\n\n<li>Vista Mar, en el municipio de Teguise, con fecha de tramitaci\u00f3n del 30-10-2018 y con una potencia nominal de 6 MW.<\/li>\n<\/ul>\n","protected":false},"excerpt":{"rendered":"<p>La cuesti\u00f3n de la tramitaci\u00f3n de renovables no deja de ser un calvario para los promotores de estos proyectos. Para poner un ejemplo y obteniendo la informaci\u00f3n del Gobierno de Canarias, en la isla de Lanzarote tenemos los siguientes parques e\u00f3licos instalados: Es decir, una media de 10 a\u00f1os entre la aprobaci\u00f3n de un parque [&hellip;]<\/p>\n","protected":false},"author":1,"featured_media":644,"comment_status":"open","ping_status":"open","sticky":false,"template":"","format":"standard","meta":{"footnotes":""},"categories":[51,39],"tags":[],"class_list":["post-643","post","type-post","status-publish","format-standard","has-post-thumbnail","category-r_eolico","category-renovables"],"yoast_head":"<!-- This site is optimized with the Yoast SEO plugin v28.2 - https:\/\/yoast.com\/product\/yoast-seo-wordpress\/ -->\n<title>E\u00f3licos en Lanzarote - Salto Ecol\u00f3gico<\/title>\n<meta name=\"robots\" content=\"index, follow, max-snippet:-1, max-image-preview:large, max-video-preview:-1\" \/>\n<link rel=\"canonical\" href=\"https:\/\/saltoecologico.es\/index.php\/2023\/08\/08\/eolicos-en-lanzarote\/\" \/>\n<meta property=\"og:locale\" content=\"es_ES\" \/>\n<meta property=\"og:type\" content=\"article\" \/>\n<meta property=\"og:title\" content=\"E\u00f3licos en Lanzarote - Salto Ecol\u00f3gico\" \/>\n<meta property=\"og:description\" content=\"La cuesti\u00f3n de la tramitaci\u00f3n de renovables no deja de ser un calvario para los promotores de estos proyectos. Para poner un ejemplo y obteniendo la informaci\u00f3n del Gobierno de Canarias, en la isla de Lanzarote tenemos los siguientes parques e\u00f3licos instalados: Es decir, una media de 10 a\u00f1os entre la aprobaci\u00f3n de un parque [&hellip;]\" \/>\n<meta property=\"og:url\" content=\"https:\/\/saltoecologico.es\/index.php\/2023\/08\/08\/eolicos-en-lanzarote\/\" \/>\n<meta property=\"og:site_name\" content=\"Salto Ecol\u00f3gico\" \/>\n<meta property=\"article:publisher\" content=\"https:\/\/www.facebook.com\/Saltotransicionecologica\" \/>\n<meta property=\"article:published_time\" content=\"2023-08-08T09:22:00+00:00\" \/>\n<meta property=\"article:modified_time\" content=\"2025-04-17T09:23:16+00:00\" \/>\n<meta property=\"og:image\" content=\"https:\/\/saltoecologico.es\/wp-content\/uploads\/2025\/04\/Eolico-7.jpg\" \/>\n\t<meta property=\"og:image:width\" content=\"1024\" \/>\n\t<meta property=\"og:image:height\" content=\"768\" \/>\n\t<meta property=\"og:image:type\" content=\"image\/jpeg\" \/>\n<meta name=\"author\" content=\"admin\" \/>\n<meta name=\"twitter:card\" content=\"summary_large_image\" \/>\n<meta name=\"twitter:label1\" content=\"Escrito por\" \/>\n\t<meta name=\"twitter:data1\" content=\"admin\" \/>\n\t<meta name=\"twitter:label2\" content=\"Tiempo de lectura\" \/>\n\t<meta name=\"twitter:data2\" content=\"2 minutos\" \/>\n<script type=\"application\/ld+json\" class=\"yoast-schema-graph\">{\"@context\":\"https:\\\/\\\/schema.org\",\"@graph\":[{\"@type\":\"Article\",\"@id\":\"https:\\\/\\\/saltoecologico.es\\\/index.php\\\/2023\\\/08\\\/08\\\/eolicos-en-lanzarote\\\/#article\",\"isPartOf\":{\"@id\":\"https:\\\/\\\/saltoecologico.es\\\/index.php\\\/2023\\\/08\\\/08\\\/eolicos-en-lanzarote\\\/\"},\"author\":{\"name\":\"admin\",\"@id\":\"https:\\\/\\\/saltoecologico.es\\\/#\\\/schema\\\/person\\\/7175eec4b3c123d86c675313c3a01a0b\"},\"headline\":\"E\u00f3licos en Lanzarote\",\"datePublished\":\"2023-08-08T09:22:00+00:00\",\"dateModified\":\"2025-04-17T09:23:16+00:00\",\"mainEntityOfPage\":{\"@id\":\"https:\\\/\\\/saltoecologico.es\\\/index.php\\\/2023\\\/08\\\/08\\\/eolicos-en-lanzarote\\\/\"},\"wordCount\":284,\"commentCount\":0,\"publisher\":{\"@id\":\"https:\\\/\\\/saltoecologico.es\\\/#organization\"},\"image\":{\"@id\":\"https:\\\/\\\/saltoecologico.es\\\/index.php\\\/2023\\\/08\\\/08\\\/eolicos-en-lanzarote\\\/#primaryimage\"},\"thumbnailUrl\":\"https:\\\/\\\/saltoecologico.es\\\/wp-content\\\/uploads\\\/2025\\\/04\\\/Eolico-7.jpg\",\"articleSection\":[\"R_E\u00f3lico\",\"Renovables\"],\"inLanguage\":\"es\",\"potentialAction\":[{\"@type\":\"CommentAction\",\"name\":\"Comment\",\"target\":[\"https:\\\/\\\/saltoecologico.es\\\/index.php\\\/2023\\\/08\\\/08\\\/eolicos-en-lanzarote\\\/#respond\"]}]},{\"@type\":\"WebPage\",\"@id\":\"https:\\\/\\\/saltoecologico.es\\\/index.php\\\/2023\\\/08\\\/08\\\/eolicos-en-lanzarote\\\/\",\"url\":\"https:\\\/\\\/saltoecologico.es\\\/index.php\\\/2023\\\/08\\\/08\\\/eolicos-en-lanzarote\\\/\",\"name\":\"E\u00f3licos en Lanzarote - Salto Ecol\u00f3gico\",\"isPartOf\":{\"@id\":\"https:\\\/\\\/saltoecologico.es\\\/#website\"},\"primaryImageOfPage\":{\"@id\":\"https:\\\/\\\/saltoecologico.es\\\/index.php\\\/2023\\\/08\\\/08\\\/eolicos-en-lanzarote\\\/#primaryimage\"},\"image\":{\"@id\":\"https:\\\/\\\/saltoecologico.es\\\/index.php\\\/2023\\\/08\\\/08\\\/eolicos-en-lanzarote\\\/#primaryimage\"},\"thumbnailUrl\":\"https:\\\/\\\/saltoecologico.es\\\/wp-content\\\/uploads\\\/2025\\\/04\\\/Eolico-7.jpg\",\"datePublished\":\"2023-08-08T09:22:00+00:00\",\"dateModified\":\"2025-04-17T09:23:16+00:00\",\"breadcrumb\":{\"@id\":\"https:\\\/\\\/saltoecologico.es\\\/index.php\\\/2023\\\/08\\\/08\\\/eolicos-en-lanzarote\\\/#breadcrumb\"},\"inLanguage\":\"es\",\"potentialAction\":[{\"@type\":\"ReadAction\",\"target\":[\"https:\\\/\\\/saltoecologico.es\\\/index.php\\\/2023\\\/08\\\/08\\\/eolicos-en-lanzarote\\\/\"]}]},{\"@type\":\"ImageObject\",\"inLanguage\":\"es\",\"@id\":\"https:\\\/\\\/saltoecologico.es\\\/index.php\\\/2023\\\/08\\\/08\\\/eolicos-en-lanzarote\\\/#primaryimage\",\"url\":\"https:\\\/\\\/saltoecologico.es\\\/wp-content\\\/uploads\\\/2025\\\/04\\\/Eolico-7.jpg\",\"contentUrl\":\"https:\\\/\\\/saltoecologico.es\\\/wp-content\\\/uploads\\\/2025\\\/04\\\/Eolico-7.jpg\",\"width\":1024,\"height\":768,\"caption\":\"A cyclist enjoys a scenic journey alongside towering windmills, harnessing sustainable energy under a vibrant sky in the Netherlands. road to a windmill park in Urk Flevoland\"},{\"@type\":\"BreadcrumbList\",\"@id\":\"https:\\\/\\\/saltoecologico.es\\\/index.php\\\/2023\\\/08\\\/08\\\/eolicos-en-lanzarote\\\/#breadcrumb\",\"itemListElement\":[{\"@type\":\"ListItem\",\"position\":1,\"name\":\"Portada\",\"item\":\"https:\\\/\\\/saltoecologico.es\\\/\"},{\"@type\":\"ListItem\",\"position\":2,\"name\":\"E\u00f3licos en Lanzarote\"}]},{\"@type\":\"WebSite\",\"@id\":\"https:\\\/\\\/saltoecologico.es\\\/#website\",\"url\":\"https:\\\/\\\/saltoecologico.es\\\/\",\"name\":\"Salto Ecol\u00f3gico\",\"description\":\"\",\"publisher\":{\"@id\":\"https:\\\/\\\/saltoecologico.es\\\/#organization\"},\"potentialAction\":[{\"@type\":\"SearchAction\",\"target\":{\"@type\":\"EntryPoint\",\"urlTemplate\":\"https:\\\/\\\/saltoecologico.es\\\/?s={search_term_string}\"},\"query-input\":{\"@type\":\"PropertyValueSpecification\",\"valueRequired\":true,\"valueName\":\"search_term_string\"}}],\"inLanguage\":\"es\"},{\"@type\":\"Organization\",\"@id\":\"https:\\\/\\\/saltoecologico.es\\\/#organization\",\"name\":\"Salto a la Transici\u00f3n Ecol\u00f3gica\",\"url\":\"https:\\\/\\\/saltoecologico.es\\\/\",\"logo\":{\"@type\":\"ImageObject\",\"inLanguage\":\"es\",\"@id\":\"https:\\\/\\\/saltoecologico.es\\\/#\\\/schema\\\/logo\\\/image\\\/\",\"url\":\"https:\\\/\\\/saltoecologico.es\\\/wp-content\\\/uploads\\\/2025\\\/04\\\/Logo-STE.jpg\",\"contentUrl\":\"https:\\\/\\\/saltoecologico.es\\\/wp-content\\\/uploads\\\/2025\\\/04\\\/Logo-STE.jpg\",\"width\":435,\"height\":435,\"caption\":\"Salto a la Transici\u00f3n Ecol\u00f3gica\"},\"image\":{\"@id\":\"https:\\\/\\\/saltoecologico.es\\\/#\\\/schema\\\/logo\\\/image\\\/\"},\"sameAs\":[\"https:\\\/\\\/www.facebook.com\\\/Saltotransicionecologica\"]},{\"@type\":\"Person\",\"@id\":\"https:\\\/\\\/saltoecologico.es\\\/#\\\/schema\\\/person\\\/7175eec4b3c123d86c675313c3a01a0b\",\"name\":\"admin\",\"image\":{\"@type\":\"ImageObject\",\"inLanguage\":\"es\",\"@id\":\"https:\\\/\\\/secure.gravatar.com\\\/avatar\\\/4c215dc57bbc7b2f2f470ac9bd197f3f112636a584e575a732d0206a2d9c9806?s=96&d=mm&r=g\",\"url\":\"https:\\\/\\\/secure.gravatar.com\\\/avatar\\\/4c215dc57bbc7b2f2f470ac9bd197f3f112636a584e575a732d0206a2d9c9806?s=96&d=mm&r=g\",\"contentUrl\":\"https:\\\/\\\/secure.gravatar.com\\\/avatar\\\/4c215dc57bbc7b2f2f470ac9bd197f3f112636a584e575a732d0206a2d9c9806?s=96&d=mm&r=g\",\"caption\":\"admin\"},\"sameAs\":[\"https:\\\/\\\/saltoecologico.es\"],\"url\":\"https:\\\/\\\/saltoecologico.es\\\/index.php\\\/author\\\/saltoecologico\\\/\"}]}<\/script>\n<!-- \/ Yoast SEO plugin. -->","yoast_head_json":{"title":"E\u00f3licos en Lanzarote - Salto Ecol\u00f3gico","robots":{"index":"index","follow":"follow","max-snippet":"max-snippet:-1","max-image-preview":"max-image-preview:large","max-video-preview":"max-video-preview:-1"},"canonical":"https:\/\/saltoecologico.es\/index.php\/2023\/08\/08\/eolicos-en-lanzarote\/","og_locale":"es_ES","og_type":"article","og_title":"E\u00f3licos en Lanzarote - Salto Ecol\u00f3gico","og_description":"La cuesti\u00f3n de la tramitaci\u00f3n de renovables no deja de ser un calvario para los promotores de estos proyectos. Para poner un ejemplo y obteniendo la informaci\u00f3n del Gobierno de Canarias, en la isla de Lanzarote tenemos los siguientes parques e\u00f3licos instalados: Es decir, una media de 10 a\u00f1os entre la aprobaci\u00f3n de un parque [&hellip;]","og_url":"https:\/\/saltoecologico.es\/index.php\/2023\/08\/08\/eolicos-en-lanzarote\/","og_site_name":"Salto Ecol\u00f3gico","article_publisher":"https:\/\/www.facebook.com\/Saltotransicionecologica","article_published_time":"2023-08-08T09:22:00+00:00","article_modified_time":"2025-04-17T09:23:16+00:00","og_image":[{"width":1024,"height":768,"url":"https:\/\/saltoecologico.es\/wp-content\/uploads\/2025\/04\/Eolico-7.jpg","type":"image\/jpeg"}],"author":"admin","twitter_card":"summary_large_image","twitter_misc":{"Escrito por":"admin","Tiempo de lectura":"2 minutos"},"schema":{"@context":"https:\/\/schema.org","@graph":[{"@type":"Article","@id":"https:\/\/saltoecologico.es\/index.php\/2023\/08\/08\/eolicos-en-lanzarote\/#article","isPartOf":{"@id":"https:\/\/saltoecologico.es\/index.php\/2023\/08\/08\/eolicos-en-lanzarote\/"},"author":{"name":"admin","@id":"https:\/\/saltoecologico.es\/#\/schema\/person\/7175eec4b3c123d86c675313c3a01a0b"},"headline":"E\u00f3licos en Lanzarote","datePublished":"2023-08-08T09:22:00+00:00","dateModified":"2025-04-17T09:23:16+00:00","mainEntityOfPage":{"@id":"https:\/\/saltoecologico.es\/index.php\/2023\/08\/08\/eolicos-en-lanzarote\/"},"wordCount":284,"commentCount":0,"publisher":{"@id":"https:\/\/saltoecologico.es\/#organization"},"image":{"@id":"https:\/\/saltoecologico.es\/index.php\/2023\/08\/08\/eolicos-en-lanzarote\/#primaryimage"},"thumbnailUrl":"https:\/\/saltoecologico.es\/wp-content\/uploads\/2025\/04\/Eolico-7.jpg","articleSection":["R_E\u00f3lico","Renovables"],"inLanguage":"es","potentialAction":[{"@type":"CommentAction","name":"Comment","target":["https:\/\/saltoecologico.es\/index.php\/2023\/08\/08\/eolicos-en-lanzarote\/#respond"]}]},{"@type":"WebPage","@id":"https:\/\/saltoecologico.es\/index.php\/2023\/08\/08\/eolicos-en-lanzarote\/","url":"https:\/\/saltoecologico.es\/index.php\/2023\/08\/08\/eolicos-en-lanzarote\/","name":"E\u00f3licos en Lanzarote - Salto Ecol\u00f3gico","isPartOf":{"@id":"https:\/\/saltoecologico.es\/#website"},"primaryImageOfPage":{"@id":"https:\/\/saltoecologico.es\/index.php\/2023\/08\/08\/eolicos-en-lanzarote\/#primaryimage"},"image":{"@id":"https:\/\/saltoecologico.es\/index.php\/2023\/08\/08\/eolicos-en-lanzarote\/#primaryimage"},"thumbnailUrl":"https:\/\/saltoecologico.es\/wp-content\/uploads\/2025\/04\/Eolico-7.jpg","datePublished":"2023-08-08T09:22:00+00:00","dateModified":"2025-04-17T09:23:16+00:00","breadcrumb":{"@id":"https:\/\/saltoecologico.es\/index.php\/2023\/08\/08\/eolicos-en-lanzarote\/#breadcrumb"},"inLanguage":"es","potentialAction":[{"@type":"ReadAction","target":["https:\/\/saltoecologico.es\/index.php\/2023\/08\/08\/eolicos-en-lanzarote\/"]}]},{"@type":"ImageObject","inLanguage":"es","@id":"https:\/\/saltoecologico.es\/index.php\/2023\/08\/08\/eolicos-en-lanzarote\/#primaryimage","url":"https:\/\/saltoecologico.es\/wp-content\/uploads\/2025\/04\/Eolico-7.jpg","contentUrl":"https:\/\/saltoecologico.es\/wp-content\/uploads\/2025\/04\/Eolico-7.jpg","width":1024,"height":768,"caption":"A cyclist enjoys a scenic journey alongside towering windmills, harnessing sustainable energy under a vibrant sky in the Netherlands. road to a windmill park in Urk Flevoland"},{"@type":"BreadcrumbList","@id":"https:\/\/saltoecologico.es\/index.php\/2023\/08\/08\/eolicos-en-lanzarote\/#breadcrumb","itemListElement":[{"@type":"ListItem","position":1,"name":"Portada","item":"https:\/\/saltoecologico.es\/"},{"@type":"ListItem","position":2,"name":"E\u00f3licos en Lanzarote"}]},{"@type":"WebSite","@id":"https:\/\/saltoecologico.es\/#website","url":"https:\/\/saltoecologico.es\/","name":"Salto Ecol\u00f3gico","description":"","publisher":{"@id":"https:\/\/saltoecologico.es\/#organization"},"potentialAction":[{"@type":"SearchAction","target":{"@type":"EntryPoint","urlTemplate":"https:\/\/saltoecologico.es\/?s={search_term_string}"},"query-input":{"@type":"PropertyValueSpecification","valueRequired":true,"valueName":"search_term_string"}}],"inLanguage":"es"},{"@type":"Organization","@id":"https:\/\/saltoecologico.es\/#organization","name":"Salto a la Transici\u00f3n Ecol\u00f3gica","url":"https:\/\/saltoecologico.es\/","logo":{"@type":"ImageObject","inLanguage":"es","@id":"https:\/\/saltoecologico.es\/#\/schema\/logo\/image\/","url":"https:\/\/saltoecologico.es\/wp-content\/uploads\/2025\/04\/Logo-STE.jpg","contentUrl":"https:\/\/saltoecologico.es\/wp-content\/uploads\/2025\/04\/Logo-STE.jpg","width":435,"height":435,"caption":"Salto a la Transici\u00f3n Ecol\u00f3gica"},"image":{"@id":"https:\/\/saltoecologico.es\/#\/schema\/logo\/image\/"},"sameAs":["https:\/\/www.facebook.com\/Saltotransicionecologica"]},{"@type":"Person","@id":"https:\/\/saltoecologico.es\/#\/schema\/person\/7175eec4b3c123d86c675313c3a01a0b","name":"admin","image":{"@type":"ImageObject","inLanguage":"es","@id":"https:\/\/secure.gravatar.com\/avatar\/4c215dc57bbc7b2f2f470ac9bd197f3f112636a584e575a732d0206a2d9c9806?s=96&d=mm&r=g","url":"https:\/\/secure.gravatar.com\/avatar\/4c215dc57bbc7b2f2f470ac9bd197f3f112636a584e575a732d0206a2d9c9806?s=96&d=mm&r=g","contentUrl":"https:\/\/secure.gravatar.com\/avatar\/4c215dc57bbc7b2f2f470ac9bd197f3f112636a584e575a732d0206a2d9c9806?s=96&d=mm&r=g","caption":"admin"},"sameAs":["https:\/\/saltoecologico.es"],"url":"https:\/\/saltoecologico.es\/index.php\/author\/saltoecologico\/"}]}},"_links":{"self":[{"href":"https:\/\/saltoecologico.es\/index.php\/wp-json\/wp\/v2\/posts\/643","targetHints":{"allow":["GET"]}}],"collection":[{"href":"https:\/\/saltoecologico.es\/index.php\/wp-json\/wp\/v2\/posts"}],"about":[{"href":"https:\/\/saltoecologico.es\/index.php\/wp-json\/wp\/v2\/types\/post"}],"author":[{"embeddable":true,"href":"https:\/\/saltoecologico.es\/index.php\/wp-json\/wp\/v2\/users\/1"}],"replies":[{"embeddable":true,"href":"https:\/\/saltoecologico.es\/index.php\/wp-json\/wp\/v2\/comments?post=643"}],"version-history":[{"count":1,"href":"https:\/\/saltoecologico.es\/index.php\/wp-json\/wp\/v2\/posts\/643\/revisions"}],"predecessor-version":[{"id":645,"href":"https:\/\/saltoecologico.es\/index.php\/wp-json\/wp\/v2\/posts\/643\/revisions\/645"}],"wp:featuredmedia":[{"embeddable":true,"href":"https:\/\/saltoecologico.es\/index.php\/wp-json\/wp\/v2\/media\/644"}],"wp:attachment":[{"href":"https:\/\/saltoecologico.es\/index.php\/wp-json\/wp\/v2\/media?parent=643"}],"wp:term":[{"taxonomy":"category","embeddable":true,"href":"https:\/\/saltoecologico.es\/index.php\/wp-json\/wp\/v2\/categories?post=643"},{"taxonomy":"post_tag","embeddable":true,"href":"https:\/\/saltoecologico.es\/index.php\/wp-json\/wp\/v2\/tags?post=643"}],"curies":[{"name":"wp","href":"https:\/\/api.w.org\/{rel}","templated":true}]}}