{"id":646,"date":"2023-08-09T09:24:00","date_gmt":"2023-08-09T09:24:00","guid":{"rendered":"https:\/\/saltoecologico.es\/?p=646"},"modified":"2025-04-17T09:25:16","modified_gmt":"2025-04-17T09:25:16","slug":"vision-de-lanzarote","status":"publish","type":"post","link":"https:\/\/saltoecologico.es\/index.php\/2023\/08\/09\/vision-de-lanzarote\/","title":{"rendered":"Visi\u00f3n de Lanzarote"},"content":{"rendered":"\n<p class=\"wp-block-paragraph\">Seg\u00fan el 95% de la comunidad cient\u00edfica el Cambio Clim\u00e1tico Antropog\u00e9nico, es decir originado por la acci\u00f3n del hombre, se presenta como el mayor reto que ha tenido nunca que afrontar la humanidad desde que apareci\u00f3 en la faz del planeta Tierra, caracterizado por un aumento de las temperaturas del planeta que traer\u00e1, entre otros efectos catastr\u00f3ficos, la subida del nivel del mar.<\/p>\n\n\n\n<p class=\"wp-block-paragraph\">Seg\u00fan nos dicen estos expertos, el origen de todo el problema se encuentra fundamentalmente en las emisiones de gases de efecto invernadero por la quema de combustibles de origen f\u00f3sil, que abastecen todo el sistema energ\u00e9tico de nuestra sociedad. Por tanto, nuestra \u00fanica posibilidad de contrarrestar esta acci\u00f3n consiste en descarbonizar nuestra econom\u00eda y transitar lo m\u00e1s r\u00e1pidamente posible a una que base su energ\u00eda en tecnolog\u00edas sostenibles, renovables y no contaminantes.<\/p>\n\n\n\n<p class=\"wp-block-paragraph\">En el caso de las islas Canarias y seg\u00fan el Anuario Energ\u00e9tico de Canarias 2021, las emisiones totales del archipi\u00e9lago en el a\u00f1o 2020 fueron de 11.365,53 Gg de CO2 equivalente. De estos, 9.912,44 Gg de CO2 equivalente corresponden al procesado de la energ\u00eda y de estos, 4.696,67 Gg corresponden a las centrales t\u00e9rmicas y 4.711,92 Gg corresponden al transporte. Es decir, de todas las emisiones que se producen en Canarias el 41% corresponden a las centrales t\u00e9rmicas y el 42% corresponde al transporte. En definitiva, si consigui\u00e9ramos que la generaci\u00f3n el\u00e9ctrica fuera 100% renovables y descarboniz\u00e1ramos completamente el transporte, nos quedar\u00edamos emitiendo tan solo el 17% de lo que emitimos en la actualidad.<\/p>\n\n\n\n<p class=\"wp-block-paragraph\">En el caso concreto de Lanzarote seg\u00fan las proyecciones clim\u00e1ticas del grupo de Observaci\u00f3n de la Tierra y la Atmosfera (GOTA) en las Islas Canarias de la Universidad de La Laguna: \u201cEn el escenario n\u00famero dos, con un porcentaje de emisiones de efecto invernadero similar al actual, el verano en Lanzarote sufrir\u00e1 un aumento de tres grados a finales de siglo; 2,6 en primavera; 3,1 grados en oto\u00f1o y 2,7 grados en invierno\u201d.<\/p>\n\n\n\n<p class=\"wp-block-paragraph\">Tambi\u00e9n la perdida de costas y playas ser\u00e1 un efecto para considerar. De esta forma las afecciones previstas para el 2050 en este sentido y seg\u00fan el visor de datos del PIMA Adapta Costas Canarias, ser\u00e1n las siguientes: Tramo de costa de aproximadamente 2,5 km en Costa Teguise, de Playa del Jablillo a Playa de los Charcos (este de Lanzarote), tramo de costa de aproximadamente 1,5 km en Las Caletas (oeste de Lanzarote), tramo de costa de aproximadamente 2,7 km en Arrecife, desde La Bufona hasta el Islote del Franc\u00e9s (este de Lanzarote), tramo de costa de aproximadamente 2 km en la Urbanizaci\u00f3n Playa Honda (este de Lanzarote), tramo de costa de aproximadamente 6,1 km en el Puerto del Carmen, desde Playa del Cangrejo hasta Playa de Matagorda (este de Lanzarote), tramo de costa de aproximadamente 1,3 km desde Casas del Golfo hasta Playa del Golfo (oeste de Lanzarote), tramo de costa de aproximadamente 8,3 km en La Santa, entre las localidades de La Santa y Caleta de Caballo (norte de Lanzarote), Tramo de costa de aproximadamente 4,3 km desde Caleta de Famara hasta Playa de Famara (norte de Lanzarote), tramo de costa de aproximadamente 4,5 km desde Caleta de Sebo hasta Playa Francesa (La Graciosa), tramo de costa de aproximadamente 3,2 km entre las localidades de Punta Mujeres y Arrieta (oeste de Lanzarote).<\/p>\n\n\n\n<p class=\"wp-block-paragraph\">Las contribuciones de emisiones de gases de efectos invernadero de la isla conejera van en l\u00ednea de las emisiones del resto del archipi\u00e9lago. De esta manera nos encontramos con el siguiente parque de veh\u00edculos terrestres a junio de 2023: 31.249 camiones y furgonetas, 491 guaguas, 94.789 turismos, 9.631 motocicletas, 283 tractores industriales, 1.008 remolques y semirremolques y 2.614 otros tipos. La inmensa mayor\u00eda de ellos alimentados por combustibles de origen f\u00f3sil. Por otro lado, nos encontramos con un transito por el aeropuerto cifrado en unos 7.350.451 pasajeros, con un trasiego de carga de 589.211 Kg, lo que supone 63.764 operaciones durante el a\u00f1o 2022. Adem\u00e1s, tenemos la Central T\u00e9rmica de Punta Grande en Arrecife con unas emisiones en el a\u00f1o 2021 de 445.527 toneladas de CO2 equivalente. Si a estos sumamos la contribuci\u00f3n del resto de sectores nos encontramos que las estimaciones de las emisiones de gases de efecto invernadero de Lanzarote ascienden a 937.607 toneladas de CO2 equivalente en el a\u00f1o 2021.<\/p>\n\n\n\n<p class=\"wp-block-paragraph\">Con toda la informaci\u00f3n aportada se ve claramente que el panorama futuro no es nada halag\u00fce\u00f1o, pero desde Nueva Canaria somos optimistas y lo somos por varias razones. En primer lugar, porque el problema ha sido certeramente se\u00f1alado. En segundo lugar, porque la causa del mal ha sido perfectamente aislada e identificada y en tercer lugar porque tenemos la soluci\u00f3n en nuestro punto de mira y que no es otra que el sue\u00f1o de una sociedad descarbonizada, es decir, una sociedad en la que el motor de nuestra econom\u00eda sean las energ\u00edas renovables.<\/p>\n\n\n\n<p class=\"wp-block-paragraph\">Este sue\u00f1o que, en principio podr\u00eda parecer ut\u00f3pico, tiene una plasmaci\u00f3n real en un inmenso estudio llevado a cabo por el Instituto Tecnol\u00f3gico de Canarias (ITC) que ha sido explicitado en ocho documentos denominados estrat\u00e9gicas y que han servido como base te\u00f3rica para el desarrollo del Plan de Transici\u00f3n Energ\u00e9tica de Canarias (PTEcan). En este estudio se relata con todo lujo de detalles como puede la econom\u00eda canaria pasar de la situaci\u00f3n actual a una situaci\u00f3n completamente descarbonizada en el horizonte de 2040. Comienza el relato por convertir la generaci\u00f3n el\u00e9ctrica del archipi\u00e9lago en 100% renovable, desglosando isla por isla el despliegue de renovables que habr\u00eda que hacer, teniendo en cuenta que se va a electrificar el transporte de veh\u00edculos peque\u00f1os por carretera y todos los sectores susceptibles de hacerlo. Este despliegue no solo tiene en cuenta cubrir las necesidades de electricidad, sino tambi\u00e9n la de producci\u00f3n de hidr\u00f3geno verde que posteriormente ser\u00e1 utilizado para veh\u00edculos pesados del transporte terrestre, como componente esencial de la fabricaci\u00f3n de amoniaco que ser\u00e1 utilizado como combustibles para el sector naval, tambi\u00e9n como componente en la fabricaci\u00f3n de queroseno sint\u00e9tico para los aviones, como pilas de combustible o como combustible para generadores s\u00edncronos que ser\u00e1n utilizados como generaci\u00f3n de respaldo o en aquellos lugares donde las interconexiones o las centrales hidroel\u00e9ctricas reversibles no aporten el necesario soporte de generaci\u00f3n tipo A.<\/p>\n","protected":false},"excerpt":{"rendered":"<p>Seg\u00fan el 95% de la comunidad cient\u00edfica el Cambio Clim\u00e1tico Antropog\u00e9nico, es decir originado por la acci\u00f3n del hombre, se presenta como el mayor reto que ha tenido nunca que afrontar la humanidad desde que apareci\u00f3 en la faz del planeta Tierra, caracterizado por un aumento de las temperaturas del planeta que traer\u00e1, entre otros [&hellip;]<\/p>\n","protected":false},"author":1,"featured_media":647,"comment_status":"open","ping_status":"open","sticky":false,"template":"","format":"standard","meta":{"footnotes":""},"categories":[55],"tags":[],"class_list":["post-646","post","type-post","status-publish","format-standard","has-post-thumbnail","category-general"],"yoast_head":"<!-- This site is optimized with the Yoast SEO plugin v28.2 - https:\/\/yoast.com\/product\/yoast-seo-wordpress\/ -->\n<title>Visi\u00f3n de Lanzarote - Salto Ecol\u00f3gico<\/title>\n<meta name=\"robots\" content=\"index, follow, max-snippet:-1, max-image-preview:large, max-video-preview:-1\" \/>\n<link rel=\"canonical\" href=\"https:\/\/saltoecologico.es\/index.php\/2023\/08\/09\/vision-de-lanzarote\/\" \/>\n<meta property=\"og:locale\" content=\"es_ES\" \/>\n<meta property=\"og:type\" content=\"article\" \/>\n<meta property=\"og:title\" content=\"Visi\u00f3n de Lanzarote - Salto Ecol\u00f3gico\" \/>\n<meta property=\"og:description\" content=\"Seg\u00fan el 95% de la comunidad cient\u00edfica el Cambio Clim\u00e1tico Antropog\u00e9nico, es decir originado por la acci\u00f3n del hombre, se presenta como el mayor reto que ha tenido nunca que afrontar la humanidad desde que apareci\u00f3 en la faz del planeta Tierra, caracterizado por un aumento de las temperaturas del planeta que traer\u00e1, entre otros [&hellip;]\" \/>\n<meta property=\"og:url\" content=\"https:\/\/saltoecologico.es\/index.php\/2023\/08\/09\/vision-de-lanzarote\/\" \/>\n<meta property=\"og:site_name\" content=\"Salto Ecol\u00f3gico\" \/>\n<meta property=\"article:publisher\" content=\"https:\/\/www.facebook.com\/Saltotransicionecologica\" \/>\n<meta property=\"article:published_time\" content=\"2023-08-09T09:24:00+00:00\" \/>\n<meta property=\"article:modified_time\" content=\"2025-04-17T09:25:16+00:00\" \/>\n<meta property=\"og:image\" content=\"https:\/\/saltoecologico.es\/wp-content\/uploads\/2025\/04\/Eolico-8.jpg\" \/>\n\t<meta property=\"og:image:width\" content=\"1024\" \/>\n\t<meta property=\"og:image:height\" content=\"683\" \/>\n\t<meta property=\"og:image:type\" content=\"image\/jpeg\" \/>\n<meta name=\"author\" content=\"admin\" \/>\n<meta name=\"twitter:card\" content=\"summary_large_image\" \/>\n<meta name=\"twitter:label1\" content=\"Escrito por\" \/>\n\t<meta name=\"twitter:data1\" content=\"admin\" \/>\n\t<meta name=\"twitter:label2\" content=\"Tiempo de lectura\" \/>\n\t<meta name=\"twitter:data2\" content=\"5 minutos\" \/>\n<script type=\"application\/ld+json\" class=\"yoast-schema-graph\">{\"@context\":\"https:\\\/\\\/schema.org\",\"@graph\":[{\"@type\":\"Article\",\"@id\":\"https:\\\/\\\/saltoecologico.es\\\/index.php\\\/2023\\\/08\\\/09\\\/vision-de-lanzarote\\\/#article\",\"isPartOf\":{\"@id\":\"https:\\\/\\\/saltoecologico.es\\\/index.php\\\/2023\\\/08\\\/09\\\/vision-de-lanzarote\\\/\"},\"author\":{\"name\":\"admin\",\"@id\":\"https:\\\/\\\/saltoecologico.es\\\/#\\\/schema\\\/person\\\/7175eec4b3c123d86c675313c3a01a0b\"},\"headline\":\"Visi\u00f3n de Lanzarote\",\"datePublished\":\"2023-08-09T09:24:00+00:00\",\"dateModified\":\"2025-04-17T09:25:16+00:00\",\"mainEntityOfPage\":{\"@id\":\"https:\\\/\\\/saltoecologico.es\\\/index.php\\\/2023\\\/08\\\/09\\\/vision-de-lanzarote\\\/\"},\"wordCount\":1077,\"commentCount\":0,\"publisher\":{\"@id\":\"https:\\\/\\\/saltoecologico.es\\\/#organization\"},\"image\":{\"@id\":\"https:\\\/\\\/saltoecologico.es\\\/index.php\\\/2023\\\/08\\\/09\\\/vision-de-lanzarote\\\/#primaryimage\"},\"thumbnailUrl\":\"https:\\\/\\\/saltoecologico.es\\\/wp-content\\\/uploads\\\/2025\\\/04\\\/Eolico-8.jpg\",\"articleSection\":[\"General\"],\"inLanguage\":\"es\",\"potentialAction\":[{\"@type\":\"CommentAction\",\"name\":\"Comment\",\"target\":[\"https:\\\/\\\/saltoecologico.es\\\/index.php\\\/2023\\\/08\\\/09\\\/vision-de-lanzarote\\\/#respond\"]}]},{\"@type\":\"WebPage\",\"@id\":\"https:\\\/\\\/saltoecologico.es\\\/index.php\\\/2023\\\/08\\\/09\\\/vision-de-lanzarote\\\/\",\"url\":\"https:\\\/\\\/saltoecologico.es\\\/index.php\\\/2023\\\/08\\\/09\\\/vision-de-lanzarote\\\/\",\"name\":\"Visi\u00f3n de Lanzarote - Salto Ecol\u00f3gico\",\"isPartOf\":{\"@id\":\"https:\\\/\\\/saltoecologico.es\\\/#website\"},\"primaryImageOfPage\":{\"@id\":\"https:\\\/\\\/saltoecologico.es\\\/index.php\\\/2023\\\/08\\\/09\\\/vision-de-lanzarote\\\/#primaryimage\"},\"image\":{\"@id\":\"https:\\\/\\\/saltoecologico.es\\\/index.php\\\/2023\\\/08\\\/09\\\/vision-de-lanzarote\\\/#primaryimage\"},\"thumbnailUrl\":\"https:\\\/\\\/saltoecologico.es\\\/wp-content\\\/uploads\\\/2025\\\/04\\\/Eolico-8.jpg\",\"datePublished\":\"2023-08-09T09:24:00+00:00\",\"dateModified\":\"2025-04-17T09:25:16+00:00\",\"breadcrumb\":{\"@id\":\"https:\\\/\\\/saltoecologico.es\\\/index.php\\\/2023\\\/08\\\/09\\\/vision-de-lanzarote\\\/#breadcrumb\"},\"inLanguage\":\"es\",\"potentialAction\":[{\"@type\":\"ReadAction\",\"target\":[\"https:\\\/\\\/saltoecologico.es\\\/index.php\\\/2023\\\/08\\\/09\\\/vision-de-lanzarote\\\/\"]}]},{\"@type\":\"ImageObject\",\"inLanguage\":\"es\",\"@id\":\"https:\\\/\\\/saltoecologico.es\\\/index.php\\\/2023\\\/08\\\/09\\\/vision-de-lanzarote\\\/#primaryimage\",\"url\":\"https:\\\/\\\/saltoecologico.es\\\/wp-content\\\/uploads\\\/2025\\\/04\\\/Eolico-8.jpg\",\"contentUrl\":\"https:\\\/\\\/saltoecologico.es\\\/wp-content\\\/uploads\\\/2025\\\/04\\\/Eolico-8.jpg\",\"width\":1024,\"height\":683,\"caption\":\"A front view of multigeneration family walking on field on wind farm.\"},{\"@type\":\"BreadcrumbList\",\"@id\":\"https:\\\/\\\/saltoecologico.es\\\/index.php\\\/2023\\\/08\\\/09\\\/vision-de-lanzarote\\\/#breadcrumb\",\"itemListElement\":[{\"@type\":\"ListItem\",\"position\":1,\"name\":\"Portada\",\"item\":\"https:\\\/\\\/saltoecologico.es\\\/\"},{\"@type\":\"ListItem\",\"position\":2,\"name\":\"Visi\u00f3n de Lanzarote\"}]},{\"@type\":\"WebSite\",\"@id\":\"https:\\\/\\\/saltoecologico.es\\\/#website\",\"url\":\"https:\\\/\\\/saltoecologico.es\\\/\",\"name\":\"Salto Ecol\u00f3gico\",\"description\":\"\",\"publisher\":{\"@id\":\"https:\\\/\\\/saltoecologico.es\\\/#organization\"},\"potentialAction\":[{\"@type\":\"SearchAction\",\"target\":{\"@type\":\"EntryPoint\",\"urlTemplate\":\"https:\\\/\\\/saltoecologico.es\\\/?s={search_term_string}\"},\"query-input\":{\"@type\":\"PropertyValueSpecification\",\"valueRequired\":true,\"valueName\":\"search_term_string\"}}],\"inLanguage\":\"es\"},{\"@type\":\"Organization\",\"@id\":\"https:\\\/\\\/saltoecologico.es\\\/#organization\",\"name\":\"Salto a la Transici\u00f3n Ecol\u00f3gica\",\"url\":\"https:\\\/\\\/saltoecologico.es\\\/\",\"logo\":{\"@type\":\"ImageObject\",\"inLanguage\":\"es\",\"@id\":\"https:\\\/\\\/saltoecologico.es\\\/#\\\/schema\\\/logo\\\/image\\\/\",\"url\":\"https:\\\/\\\/saltoecologico.es\\\/wp-content\\\/uploads\\\/2025\\\/04\\\/Logo-STE.jpg\",\"contentUrl\":\"https:\\\/\\\/saltoecologico.es\\\/wp-content\\\/uploads\\\/2025\\\/04\\\/Logo-STE.jpg\",\"width\":435,\"height\":435,\"caption\":\"Salto a la Transici\u00f3n Ecol\u00f3gica\"},\"image\":{\"@id\":\"https:\\\/\\\/saltoecologico.es\\\/#\\\/schema\\\/logo\\\/image\\\/\"},\"sameAs\":[\"https:\\\/\\\/www.facebook.com\\\/Saltotransicionecologica\"]},{\"@type\":\"Person\",\"@id\":\"https:\\\/\\\/saltoecologico.es\\\/#\\\/schema\\\/person\\\/7175eec4b3c123d86c675313c3a01a0b\",\"name\":\"admin\",\"image\":{\"@type\":\"ImageObject\",\"inLanguage\":\"es\",\"@id\":\"https:\\\/\\\/secure.gravatar.com\\\/avatar\\\/4c215dc57bbc7b2f2f470ac9bd197f3f112636a584e575a732d0206a2d9c9806?s=96&d=mm&r=g\",\"url\":\"https:\\\/\\\/secure.gravatar.com\\\/avatar\\\/4c215dc57bbc7b2f2f470ac9bd197f3f112636a584e575a732d0206a2d9c9806?s=96&d=mm&r=g\",\"contentUrl\":\"https:\\\/\\\/secure.gravatar.com\\\/avatar\\\/4c215dc57bbc7b2f2f470ac9bd197f3f112636a584e575a732d0206a2d9c9806?s=96&d=mm&r=g\",\"caption\":\"admin\"},\"sameAs\":[\"https:\\\/\\\/saltoecologico.es\"],\"url\":\"https:\\\/\\\/saltoecologico.es\\\/index.php\\\/author\\\/saltoecologico\\\/\"}]}<\/script>\n<!-- \/ Yoast SEO plugin. -->","yoast_head_json":{"title":"Visi\u00f3n de Lanzarote - Salto Ecol\u00f3gico","robots":{"index":"index","follow":"follow","max-snippet":"max-snippet:-1","max-image-preview":"max-image-preview:large","max-video-preview":"max-video-preview:-1"},"canonical":"https:\/\/saltoecologico.es\/index.php\/2023\/08\/09\/vision-de-lanzarote\/","og_locale":"es_ES","og_type":"article","og_title":"Visi\u00f3n de Lanzarote - Salto Ecol\u00f3gico","og_description":"Seg\u00fan el 95% de la comunidad cient\u00edfica el Cambio Clim\u00e1tico Antropog\u00e9nico, es decir originado por la acci\u00f3n del hombre, se presenta como el mayor reto que ha tenido nunca que afrontar la humanidad desde que apareci\u00f3 en la faz del planeta Tierra, caracterizado por un aumento de las temperaturas del planeta que traer\u00e1, entre otros [&hellip;]","og_url":"https:\/\/saltoecologico.es\/index.php\/2023\/08\/09\/vision-de-lanzarote\/","og_site_name":"Salto Ecol\u00f3gico","article_publisher":"https:\/\/www.facebook.com\/Saltotransicionecologica","article_published_time":"2023-08-09T09:24:00+00:00","article_modified_time":"2025-04-17T09:25:16+00:00","og_image":[{"width":1024,"height":683,"url":"https:\/\/saltoecologico.es\/wp-content\/uploads\/2025\/04\/Eolico-8.jpg","type":"image\/jpeg"}],"author":"admin","twitter_card":"summary_large_image","twitter_misc":{"Escrito por":"admin","Tiempo de lectura":"5 minutos"},"schema":{"@context":"https:\/\/schema.org","@graph":[{"@type":"Article","@id":"https:\/\/saltoecologico.es\/index.php\/2023\/08\/09\/vision-de-lanzarote\/#article","isPartOf":{"@id":"https:\/\/saltoecologico.es\/index.php\/2023\/08\/09\/vision-de-lanzarote\/"},"author":{"name":"admin","@id":"https:\/\/saltoecologico.es\/#\/schema\/person\/7175eec4b3c123d86c675313c3a01a0b"},"headline":"Visi\u00f3n de Lanzarote","datePublished":"2023-08-09T09:24:00+00:00","dateModified":"2025-04-17T09:25:16+00:00","mainEntityOfPage":{"@id":"https:\/\/saltoecologico.es\/index.php\/2023\/08\/09\/vision-de-lanzarote\/"},"wordCount":1077,"commentCount":0,"publisher":{"@id":"https:\/\/saltoecologico.es\/#organization"},"image":{"@id":"https:\/\/saltoecologico.es\/index.php\/2023\/08\/09\/vision-de-lanzarote\/#primaryimage"},"thumbnailUrl":"https:\/\/saltoecologico.es\/wp-content\/uploads\/2025\/04\/Eolico-8.jpg","articleSection":["General"],"inLanguage":"es","potentialAction":[{"@type":"CommentAction","name":"Comment","target":["https:\/\/saltoecologico.es\/index.php\/2023\/08\/09\/vision-de-lanzarote\/#respond"]}]},{"@type":"WebPage","@id":"https:\/\/saltoecologico.es\/index.php\/2023\/08\/09\/vision-de-lanzarote\/","url":"https:\/\/saltoecologico.es\/index.php\/2023\/08\/09\/vision-de-lanzarote\/","name":"Visi\u00f3n de Lanzarote - Salto Ecol\u00f3gico","isPartOf":{"@id":"https:\/\/saltoecologico.es\/#website"},"primaryImageOfPage":{"@id":"https:\/\/saltoecologico.es\/index.php\/2023\/08\/09\/vision-de-lanzarote\/#primaryimage"},"image":{"@id":"https:\/\/saltoecologico.es\/index.php\/2023\/08\/09\/vision-de-lanzarote\/#primaryimage"},"thumbnailUrl":"https:\/\/saltoecologico.es\/wp-content\/uploads\/2025\/04\/Eolico-8.jpg","datePublished":"2023-08-09T09:24:00+00:00","dateModified":"2025-04-17T09:25:16+00:00","breadcrumb":{"@id":"https:\/\/saltoecologico.es\/index.php\/2023\/08\/09\/vision-de-lanzarote\/#breadcrumb"},"inLanguage":"es","potentialAction":[{"@type":"ReadAction","target":["https:\/\/saltoecologico.es\/index.php\/2023\/08\/09\/vision-de-lanzarote\/"]}]},{"@type":"ImageObject","inLanguage":"es","@id":"https:\/\/saltoecologico.es\/index.php\/2023\/08\/09\/vision-de-lanzarote\/#primaryimage","url":"https:\/\/saltoecologico.es\/wp-content\/uploads\/2025\/04\/Eolico-8.jpg","contentUrl":"https:\/\/saltoecologico.es\/wp-content\/uploads\/2025\/04\/Eolico-8.jpg","width":1024,"height":683,"caption":"A front view of multigeneration family walking on field on wind farm."},{"@type":"BreadcrumbList","@id":"https:\/\/saltoecologico.es\/index.php\/2023\/08\/09\/vision-de-lanzarote\/#breadcrumb","itemListElement":[{"@type":"ListItem","position":1,"name":"Portada","item":"https:\/\/saltoecologico.es\/"},{"@type":"ListItem","position":2,"name":"Visi\u00f3n de Lanzarote"}]},{"@type":"WebSite","@id":"https:\/\/saltoecologico.es\/#website","url":"https:\/\/saltoecologico.es\/","name":"Salto Ecol\u00f3gico","description":"","publisher":{"@id":"https:\/\/saltoecologico.es\/#organization"},"potentialAction":[{"@type":"SearchAction","target":{"@type":"EntryPoint","urlTemplate":"https:\/\/saltoecologico.es\/?s={search_term_string}"},"query-input":{"@type":"PropertyValueSpecification","valueRequired":true,"valueName":"search_term_string"}}],"inLanguage":"es"},{"@type":"Organization","@id":"https:\/\/saltoecologico.es\/#organization","name":"Salto a la Transici\u00f3n Ecol\u00f3gica","url":"https:\/\/saltoecologico.es\/","logo":{"@type":"ImageObject","inLanguage":"es","@id":"https:\/\/saltoecologico.es\/#\/schema\/logo\/image\/","url":"https:\/\/saltoecologico.es\/wp-content\/uploads\/2025\/04\/Logo-STE.jpg","contentUrl":"https:\/\/saltoecologico.es\/wp-content\/uploads\/2025\/04\/Logo-STE.jpg","width":435,"height":435,"caption":"Salto a la Transici\u00f3n Ecol\u00f3gica"},"image":{"@id":"https:\/\/saltoecologico.es\/#\/schema\/logo\/image\/"},"sameAs":["https:\/\/www.facebook.com\/Saltotransicionecologica"]},{"@type":"Person","@id":"https:\/\/saltoecologico.es\/#\/schema\/person\/7175eec4b3c123d86c675313c3a01a0b","name":"admin","image":{"@type":"ImageObject","inLanguage":"es","@id":"https:\/\/secure.gravatar.com\/avatar\/4c215dc57bbc7b2f2f470ac9bd197f3f112636a584e575a732d0206a2d9c9806?s=96&d=mm&r=g","url":"https:\/\/secure.gravatar.com\/avatar\/4c215dc57bbc7b2f2f470ac9bd197f3f112636a584e575a732d0206a2d9c9806?s=96&d=mm&r=g","contentUrl":"https:\/\/secure.gravatar.com\/avatar\/4c215dc57bbc7b2f2f470ac9bd197f3f112636a584e575a732d0206a2d9c9806?s=96&d=mm&r=g","caption":"admin"},"sameAs":["https:\/\/saltoecologico.es"],"url":"https:\/\/saltoecologico.es\/index.php\/author\/saltoecologico\/"}]}},"_links":{"self":[{"href":"https:\/\/saltoecologico.es\/index.php\/wp-json\/wp\/v2\/posts\/646","targetHints":{"allow":["GET"]}}],"collection":[{"href":"https:\/\/saltoecologico.es\/index.php\/wp-json\/wp\/v2\/posts"}],"about":[{"href":"https:\/\/saltoecologico.es\/index.php\/wp-json\/wp\/v2\/types\/post"}],"author":[{"embeddable":true,"href":"https:\/\/saltoecologico.es\/index.php\/wp-json\/wp\/v2\/users\/1"}],"replies":[{"embeddable":true,"href":"https:\/\/saltoecologico.es\/index.php\/wp-json\/wp\/v2\/comments?post=646"}],"version-history":[{"count":1,"href":"https:\/\/saltoecologico.es\/index.php\/wp-json\/wp\/v2\/posts\/646\/revisions"}],"predecessor-version":[{"id":648,"href":"https:\/\/saltoecologico.es\/index.php\/wp-json\/wp\/v2\/posts\/646\/revisions\/648"}],"wp:featuredmedia":[{"embeddable":true,"href":"https:\/\/saltoecologico.es\/index.php\/wp-json\/wp\/v2\/media\/647"}],"wp:attachment":[{"href":"https:\/\/saltoecologico.es\/index.php\/wp-json\/wp\/v2\/media?parent=646"}],"wp:term":[{"taxonomy":"category","embeddable":true,"href":"https:\/\/saltoecologico.es\/index.php\/wp-json\/wp\/v2\/categories?post=646"},{"taxonomy":"post_tag","embeddable":true,"href":"https:\/\/saltoecologico.es\/index.php\/wp-json\/wp\/v2\/tags?post=646"}],"curies":[{"name":"wp","href":"https:\/\/api.w.org\/{rel}","templated":true}]}}