{"id":649,"date":"2023-08-13T09:27:00","date_gmt":"2023-08-13T09:27:00","guid":{"rendered":"https:\/\/saltoecologico.es\/?p=649"},"modified":"2025-04-17T09:28:36","modified_gmt":"2025-04-17T09:28:36","slug":"demanda-razonable","status":"publish","type":"post","link":"https:\/\/saltoecologico.es\/index.php\/2023\/08\/13\/demanda-razonable\/","title":{"rendered":"Demanda razonable"},"content":{"rendered":"\n<p class=\"wp-block-paragraph\">Desde Salto a la Transici\u00f3n Ecol\u00f3gica queremos denunciar el clima que se est\u00e1 creando de exoneraci\u00f3n de responsabilidades en caso de apagones generalizados y de larga duraci\u00f3n o incluso \u201cceros energ\u00e9ticos\u201d, en los sistemas el\u00e9ctricos canarios. Leyendo y oyendo las declaraciones de ciertos pol\u00edticos, determinados empresarios y profesionales del sector el\u00e9ctrico, pareciera que ha existido una conspiraci\u00f3n \u201cjudeomas\u00f3nica\u201d que ha impedido que los grupos de generaci\u00f3n pudieran ser renovados y que estos han llegado al final de su vida \u00fatil regulatoria teniendo que continuar funcionando muy a pesar de la empresa propietaria. Seg\u00fan cuentan, una \u201clegislaci\u00f3n perniciosa\u201d y una \u201cpol\u00edtica energ\u00e9tica endiablada\u201d, dentro de la que se encuentra una \u201cca\u00f3tica e innecesaria transici\u00f3n a las energ\u00edas renovables\u201d, han puesto en peligro, sin soluci\u00f3n de continuidad, la generaci\u00f3n y con ello todo el sistema el\u00e9ctrico.<\/p>\n\n\n\n<p class=\"wp-block-paragraph\">Comenzando por lo obvio, un equipo que alcanza su vida \u00fatil no es otra cosa que un equipo ha alcanzado lo que su fabricante considera id\u00f3neo para un funcionamiento \u00f3ptimo, pero para nada significa que ese equipo tenga que fallar, tener aver\u00edas o estropearse al d\u00eda siguiente de cumplir esa fecha. Si ese equipo ha tenido las revisiones exigidas por el fabricante, cambiado los componentes necesarios seg\u00fan sus horas de funcionamiento, realizado los rectificados oportunos en caso de necesitarse y actualizados convenientemente sus elementos accesorios, fundamentalmente en sus servicios auxiliares, ese equipo puede estar funcionando sine die. De hecho, suele ser muy com\u00fan, que generadores del primer mundo de peque\u00f1a potencia sean enviados a terceros pa\u00edses donde contin\u00faan funcionando sin mayores problemas. Si esto es as\u00ed, que lo es, y el propietario del grupo generador est\u00e1 recibiendo los emolumentos correspondientes por ese grupo, es l\u00f3gico exigirle la misma responsabilidad que por cualquier otro grupo nuevo. Para m\u00e1s inri, solo hay que tener en cuenta que la principal beneficiaria por estas practicas es precisamente la empresa propietaria, porque est\u00e1 recibiendo pingues beneficios por un grupo que est\u00e1 m\u00e1s que amortizado y m\u00e1s en Canarias con el R\u00e9gimen Retributivo Adicional.<\/p>\n\n\n\n<p class=\"wp-block-paragraph\">Continuando por esa \u201clegislaci\u00f3n perniciosa\u201d tenemos que referirnos necesariamente a la Ley 17\/2013, de 29 de octubre, para la garant\u00eda del suministro e incremento de la competencia en los sistemas el\u00e9ctricos insulares y extrapeninsulares que intenta conseguir algo tan \u201cdemencial\u201d como es el acabar con un monopolio de facto que existe en la generaci\u00f3n en Canarias por parte de Endesa. No es cierto que esta Ley proh\u00edba la instalaci\u00f3n de nuevos grupos lo que dice textualmente es: \u201cNo se podr\u00e1 otorgar el r\u00e9gimen retributivo adicional destinado a la actividad de producci\u00f3n en los territorios insulares y extrapeninsulares previsto en el art\u00edculo 12.2, ni el r\u00e9gimen econ\u00f3mico primado previsto en los apartados 4 y 5 del art\u00edculo 30 de la Ley 54\/1997, de 27 de noviembre, del Sector El\u00e9ctrico, a nuevas instalaciones en los sistemas insulares y extrapeninsulares que sean titularidad de una empresa o grupo empresarial, definido seg\u00fan lo establecido en art\u00edculo 42 del C\u00f3digo de Comercio, que posea un porcentaje de potencia de generaci\u00f3n de energ\u00eda el\u00e9ctrica superior al 40 por ciento en ese sistema\u201d. Pero acto seguido si manifiesta con claridad meridiana algo que entronca totalmente con el contenido de este art\u00edculo: \u201cQuedan exceptuadas de la limitaci\u00f3n regulada en este apartado, las inversiones de renovaci\u00f3n y mejora de la eficiencia que no supongan aumento de capacidad que se realicen en una central en explotaci\u00f3n, en los t\u00e9rminos que se establezcan reglamentariamente, previa aplicaci\u00f3n del procedimiento previsto en el art\u00edculo 2 de esta Ley\u201d.<\/p>\n\n\n\n<p class=\"wp-block-paragraph\">En definitiva, tal y como lo vemos nosotros, no encontramos razones legales fundadas para que los grupos de generaci\u00f3n de las centrales canarias, no se encuentren en perfecto \u201cestado de revista\u201d y que garanticen el servicio por el que se le retribuye.<\/p>\n\n\n\n<p class=\"wp-block-paragraph\">Teniendo en cuenta las razones esgrimidas y dado que la actualizaci\u00f3n por grupos nuevos nos puede llevar entre siete u ocho a\u00f1os, desde Salto a la Transici\u00f3n Ecol\u00f3gica queremos exigirle a las administraciones auton\u00f3mica y estatal que se articulen los siguientes mecanismos:<\/p>\n\n\n\n<ol class=\"wp-block-list\">\n<li>Una auditor\u00eda exhaustiva de los grupos de nuestras centrales con especial hincapi\u00e9 en los servicios auxiliares. Esta auditor\u00eda no puede ser adjudicada, como suele ser costumbre, ni a nuestras universidades ni a empresas locales, dado que, a pesar de tener excelentes profesionales y expertos en todas ellas, el car\u00e1cter sumamente especializado de lo que se pide, exige personal que est\u00e9 continuamente trabajando en la materia.<\/li>\n\n\n\n<li>Fruto de la auditor\u00eda anterior aparecer\u00e1n diferentes anomal\u00edas que se deber\u00e1n subsanar de manera inmediata y con plazos muy acotados, que solo se puedan dilatar por causas muy justificadas.<\/li>\n\n\n\n<li>Exigirle desde ya, a la empresa propietaria, que no se limite a realizar mantenimientos correctivos como es p\u00fablico y notorio que viene realizando, sino debido a la importancia vital del servicio que proporciona, deber\u00e1 incluir los mantenimientos predictivos y preventivos que la empresa auditora crea conveniente.<\/li>\n<\/ol>\n\n\n\n<p class=\"wp-block-paragraph\">Sinceramente creemos que estas exigencias est\u00e1n del todo justificadas, la notoriedad del servicio que se pretende salvaguardar lo requiere y el derecho a un suministro el\u00e9ctrico sin interrupciones y de calidad, de los canarios lo precisa.<\/p>\n","protected":false},"excerpt":{"rendered":"<p>Desde Salto a la Transici\u00f3n Ecol\u00f3gica queremos denunciar el clima que se est\u00e1 creando de exoneraci\u00f3n de responsabilidades en caso de apagones generalizados y de larga duraci\u00f3n o incluso \u201cceros energ\u00e9ticos\u201d, en los sistemas el\u00e9ctricos canarios. Leyendo y oyendo las declaraciones de ciertos pol\u00edticos, determinados empresarios y profesionales del sector el\u00e9ctrico, pareciera que ha existido [&hellip;]<\/p>\n","protected":false},"author":1,"featured_media":650,"comment_status":"open","ping_status":"open","sticky":false,"template":"","format":"standard","meta":{"footnotes":""},"categories":[55],"tags":[],"class_list":["post-649","post","type-post","status-publish","format-standard","has-post-thumbnail","category-general"],"yoast_head":"<!-- This site is optimized with the Yoast SEO plugin v28.2 - https:\/\/yoast.com\/product\/yoast-seo-wordpress\/ -->\n<title>Demanda razonable - Salto Ecol\u00f3gico<\/title>\n<meta name=\"robots\" content=\"index, follow, max-snippet:-1, max-image-preview:large, max-video-preview:-1\" \/>\n<link rel=\"canonical\" href=\"https:\/\/saltoecologico.es\/index.php\/2023\/08\/13\/demanda-razonable\/\" \/>\n<meta property=\"og:locale\" content=\"es_ES\" \/>\n<meta property=\"og:type\" content=\"article\" \/>\n<meta property=\"og:title\" content=\"Demanda razonable - Salto Ecol\u00f3gico\" \/>\n<meta property=\"og:description\" content=\"Desde Salto a la Transici\u00f3n Ecol\u00f3gica queremos denunciar el clima que se est\u00e1 creando de exoneraci\u00f3n de responsabilidades en caso de apagones generalizados y de larga duraci\u00f3n o incluso \u201cceros energ\u00e9ticos\u201d, en los sistemas el\u00e9ctricos canarios. Leyendo y oyendo las declaraciones de ciertos pol\u00edticos, determinados empresarios y profesionales del sector el\u00e9ctrico, pareciera que ha existido [&hellip;]\" \/>\n<meta property=\"og:url\" content=\"https:\/\/saltoecologico.es\/index.php\/2023\/08\/13\/demanda-razonable\/\" \/>\n<meta property=\"og:site_name\" content=\"Salto Ecol\u00f3gico\" \/>\n<meta property=\"article:publisher\" content=\"https:\/\/www.facebook.com\/Saltotransicionecologica\" \/>\n<meta property=\"article:published_time\" content=\"2023-08-13T09:27:00+00:00\" \/>\n<meta property=\"article:modified_time\" content=\"2025-04-17T09:28:36+00:00\" \/>\n<meta property=\"og:image\" content=\"https:\/\/saltoecologico.es\/wp-content\/uploads\/2025\/04\/Fosiles17.jpg\" \/>\n\t<meta property=\"og:image:width\" content=\"1024\" \/>\n\t<meta property=\"og:image:height\" content=\"683\" \/>\n\t<meta property=\"og:image:type\" content=\"image\/jpeg\" \/>\n<meta name=\"author\" content=\"admin\" \/>\n<meta name=\"twitter:card\" content=\"summary_large_image\" \/>\n<meta name=\"twitter:label1\" content=\"Escrito por\" \/>\n\t<meta name=\"twitter:data1\" content=\"admin\" \/>\n\t<meta name=\"twitter:label2\" content=\"Tiempo de lectura\" \/>\n\t<meta name=\"twitter:data2\" content=\"5 minutos\" \/>\n<script type=\"application\/ld+json\" class=\"yoast-schema-graph\">{\"@context\":\"https:\\\/\\\/schema.org\",\"@graph\":[{\"@type\":\"Article\",\"@id\":\"https:\\\/\\\/saltoecologico.es\\\/index.php\\\/2023\\\/08\\\/13\\\/demanda-razonable\\\/#article\",\"isPartOf\":{\"@id\":\"https:\\\/\\\/saltoecologico.es\\\/index.php\\\/2023\\\/08\\\/13\\\/demanda-razonable\\\/\"},\"author\":{\"name\":\"admin\",\"@id\":\"https:\\\/\\\/saltoecologico.es\\\/#\\\/schema\\\/person\\\/7175eec4b3c123d86c675313c3a01a0b\"},\"headline\":\"Demanda razonable\",\"datePublished\":\"2023-08-13T09:27:00+00:00\",\"dateModified\":\"2025-04-17T09:28:36+00:00\",\"mainEntityOfPage\":{\"@id\":\"https:\\\/\\\/saltoecologico.es\\\/index.php\\\/2023\\\/08\\\/13\\\/demanda-razonable\\\/\"},\"wordCount\":904,\"commentCount\":0,\"publisher\":{\"@id\":\"https:\\\/\\\/saltoecologico.es\\\/#organization\"},\"image\":{\"@id\":\"https:\\\/\\\/saltoecologico.es\\\/index.php\\\/2023\\\/08\\\/13\\\/demanda-razonable\\\/#primaryimage\"},\"thumbnailUrl\":\"https:\\\/\\\/saltoecologico.es\\\/wp-content\\\/uploads\\\/2025\\\/04\\\/Fosiles17.jpg\",\"articleSection\":[\"General\"],\"inLanguage\":\"es\",\"potentialAction\":[{\"@type\":\"CommentAction\",\"name\":\"Comment\",\"target\":[\"https:\\\/\\\/saltoecologico.es\\\/index.php\\\/2023\\\/08\\\/13\\\/demanda-razonable\\\/#respond\"]}]},{\"@type\":\"WebPage\",\"@id\":\"https:\\\/\\\/saltoecologico.es\\\/index.php\\\/2023\\\/08\\\/13\\\/demanda-razonable\\\/\",\"url\":\"https:\\\/\\\/saltoecologico.es\\\/index.php\\\/2023\\\/08\\\/13\\\/demanda-razonable\\\/\",\"name\":\"Demanda razonable - Salto Ecol\u00f3gico\",\"isPartOf\":{\"@id\":\"https:\\\/\\\/saltoecologico.es\\\/#website\"},\"primaryImageOfPage\":{\"@id\":\"https:\\\/\\\/saltoecologico.es\\\/index.php\\\/2023\\\/08\\\/13\\\/demanda-razonable\\\/#primaryimage\"},\"image\":{\"@id\":\"https:\\\/\\\/saltoecologico.es\\\/index.php\\\/2023\\\/08\\\/13\\\/demanda-razonable\\\/#primaryimage\"},\"thumbnailUrl\":\"https:\\\/\\\/saltoecologico.es\\\/wp-content\\\/uploads\\\/2025\\\/04\\\/Fosiles17.jpg\",\"datePublished\":\"2023-08-13T09:27:00+00:00\",\"dateModified\":\"2025-04-17T09:28:36+00:00\",\"breadcrumb\":{\"@id\":\"https:\\\/\\\/saltoecologico.es\\\/index.php\\\/2023\\\/08\\\/13\\\/demanda-razonable\\\/#breadcrumb\"},\"inLanguage\":\"es\",\"potentialAction\":[{\"@type\":\"ReadAction\",\"target\":[\"https:\\\/\\\/saltoecologico.es\\\/index.php\\\/2023\\\/08\\\/13\\\/demanda-razonable\\\/\"]}]},{\"@type\":\"ImageObject\",\"inLanguage\":\"es\",\"@id\":\"https:\\\/\\\/saltoecologico.es\\\/index.php\\\/2023\\\/08\\\/13\\\/demanda-razonable\\\/#primaryimage\",\"url\":\"https:\\\/\\\/saltoecologico.es\\\/wp-content\\\/uploads\\\/2025\\\/04\\\/Fosiles17.jpg\",\"contentUrl\":\"https:\\\/\\\/saltoecologico.es\\\/wp-content\\\/uploads\\\/2025\\\/04\\\/Fosiles17.jpg\",\"width\":1024,\"height\":683,\"caption\":\"A factory emitting smoke and polluting the air on the sunset\"},{\"@type\":\"BreadcrumbList\",\"@id\":\"https:\\\/\\\/saltoecologico.es\\\/index.php\\\/2023\\\/08\\\/13\\\/demanda-razonable\\\/#breadcrumb\",\"itemListElement\":[{\"@type\":\"ListItem\",\"position\":1,\"name\":\"Portada\",\"item\":\"https:\\\/\\\/saltoecologico.es\\\/\"},{\"@type\":\"ListItem\",\"position\":2,\"name\":\"Demanda razonable\"}]},{\"@type\":\"WebSite\",\"@id\":\"https:\\\/\\\/saltoecologico.es\\\/#website\",\"url\":\"https:\\\/\\\/saltoecologico.es\\\/\",\"name\":\"Salto Ecol\u00f3gico\",\"description\":\"\",\"publisher\":{\"@id\":\"https:\\\/\\\/saltoecologico.es\\\/#organization\"},\"potentialAction\":[{\"@type\":\"SearchAction\",\"target\":{\"@type\":\"EntryPoint\",\"urlTemplate\":\"https:\\\/\\\/saltoecologico.es\\\/?s={search_term_string}\"},\"query-input\":{\"@type\":\"PropertyValueSpecification\",\"valueRequired\":true,\"valueName\":\"search_term_string\"}}],\"inLanguage\":\"es\"},{\"@type\":\"Organization\",\"@id\":\"https:\\\/\\\/saltoecologico.es\\\/#organization\",\"name\":\"Salto a la Transici\u00f3n Ecol\u00f3gica\",\"url\":\"https:\\\/\\\/saltoecologico.es\\\/\",\"logo\":{\"@type\":\"ImageObject\",\"inLanguage\":\"es\",\"@id\":\"https:\\\/\\\/saltoecologico.es\\\/#\\\/schema\\\/logo\\\/image\\\/\",\"url\":\"https:\\\/\\\/saltoecologico.es\\\/wp-content\\\/uploads\\\/2025\\\/04\\\/Logo-STE.jpg\",\"contentUrl\":\"https:\\\/\\\/saltoecologico.es\\\/wp-content\\\/uploads\\\/2025\\\/04\\\/Logo-STE.jpg\",\"width\":435,\"height\":435,\"caption\":\"Salto a la Transici\u00f3n Ecol\u00f3gica\"},\"image\":{\"@id\":\"https:\\\/\\\/saltoecologico.es\\\/#\\\/schema\\\/logo\\\/image\\\/\"},\"sameAs\":[\"https:\\\/\\\/www.facebook.com\\\/Saltotransicionecologica\"]},{\"@type\":\"Person\",\"@id\":\"https:\\\/\\\/saltoecologico.es\\\/#\\\/schema\\\/person\\\/7175eec4b3c123d86c675313c3a01a0b\",\"name\":\"admin\",\"image\":{\"@type\":\"ImageObject\",\"inLanguage\":\"es\",\"@id\":\"https:\\\/\\\/secure.gravatar.com\\\/avatar\\\/4c215dc57bbc7b2f2f470ac9bd197f3f112636a584e575a732d0206a2d9c9806?s=96&d=mm&r=g\",\"url\":\"https:\\\/\\\/secure.gravatar.com\\\/avatar\\\/4c215dc57bbc7b2f2f470ac9bd197f3f112636a584e575a732d0206a2d9c9806?s=96&d=mm&r=g\",\"contentUrl\":\"https:\\\/\\\/secure.gravatar.com\\\/avatar\\\/4c215dc57bbc7b2f2f470ac9bd197f3f112636a584e575a732d0206a2d9c9806?s=96&d=mm&r=g\",\"caption\":\"admin\"},\"sameAs\":[\"https:\\\/\\\/saltoecologico.es\"],\"url\":\"https:\\\/\\\/saltoecologico.es\\\/index.php\\\/author\\\/saltoecologico\\\/\"}]}<\/script>\n<!-- \/ Yoast SEO plugin. -->","yoast_head_json":{"title":"Demanda razonable - Salto Ecol\u00f3gico","robots":{"index":"index","follow":"follow","max-snippet":"max-snippet:-1","max-image-preview":"max-image-preview:large","max-video-preview":"max-video-preview:-1"},"canonical":"https:\/\/saltoecologico.es\/index.php\/2023\/08\/13\/demanda-razonable\/","og_locale":"es_ES","og_type":"article","og_title":"Demanda razonable - Salto Ecol\u00f3gico","og_description":"Desde Salto a la Transici\u00f3n Ecol\u00f3gica queremos denunciar el clima que se est\u00e1 creando de exoneraci\u00f3n de responsabilidades en caso de apagones generalizados y de larga duraci\u00f3n o incluso \u201cceros energ\u00e9ticos\u201d, en los sistemas el\u00e9ctricos canarios. Leyendo y oyendo las declaraciones de ciertos pol\u00edticos, determinados empresarios y profesionales del sector el\u00e9ctrico, pareciera que ha existido [&hellip;]","og_url":"https:\/\/saltoecologico.es\/index.php\/2023\/08\/13\/demanda-razonable\/","og_site_name":"Salto Ecol\u00f3gico","article_publisher":"https:\/\/www.facebook.com\/Saltotransicionecologica","article_published_time":"2023-08-13T09:27:00+00:00","article_modified_time":"2025-04-17T09:28:36+00:00","og_image":[{"width":1024,"height":683,"url":"https:\/\/saltoecologico.es\/wp-content\/uploads\/2025\/04\/Fosiles17.jpg","type":"image\/jpeg"}],"author":"admin","twitter_card":"summary_large_image","twitter_misc":{"Escrito por":"admin","Tiempo de lectura":"5 minutos"},"schema":{"@context":"https:\/\/schema.org","@graph":[{"@type":"Article","@id":"https:\/\/saltoecologico.es\/index.php\/2023\/08\/13\/demanda-razonable\/#article","isPartOf":{"@id":"https:\/\/saltoecologico.es\/index.php\/2023\/08\/13\/demanda-razonable\/"},"author":{"name":"admin","@id":"https:\/\/saltoecologico.es\/#\/schema\/person\/7175eec4b3c123d86c675313c3a01a0b"},"headline":"Demanda razonable","datePublished":"2023-08-13T09:27:00+00:00","dateModified":"2025-04-17T09:28:36+00:00","mainEntityOfPage":{"@id":"https:\/\/saltoecologico.es\/index.php\/2023\/08\/13\/demanda-razonable\/"},"wordCount":904,"commentCount":0,"publisher":{"@id":"https:\/\/saltoecologico.es\/#organization"},"image":{"@id":"https:\/\/saltoecologico.es\/index.php\/2023\/08\/13\/demanda-razonable\/#primaryimage"},"thumbnailUrl":"https:\/\/saltoecologico.es\/wp-content\/uploads\/2025\/04\/Fosiles17.jpg","articleSection":["General"],"inLanguage":"es","potentialAction":[{"@type":"CommentAction","name":"Comment","target":["https:\/\/saltoecologico.es\/index.php\/2023\/08\/13\/demanda-razonable\/#respond"]}]},{"@type":"WebPage","@id":"https:\/\/saltoecologico.es\/index.php\/2023\/08\/13\/demanda-razonable\/","url":"https:\/\/saltoecologico.es\/index.php\/2023\/08\/13\/demanda-razonable\/","name":"Demanda razonable - Salto Ecol\u00f3gico","isPartOf":{"@id":"https:\/\/saltoecologico.es\/#website"},"primaryImageOfPage":{"@id":"https:\/\/saltoecologico.es\/index.php\/2023\/08\/13\/demanda-razonable\/#primaryimage"},"image":{"@id":"https:\/\/saltoecologico.es\/index.php\/2023\/08\/13\/demanda-razonable\/#primaryimage"},"thumbnailUrl":"https:\/\/saltoecologico.es\/wp-content\/uploads\/2025\/04\/Fosiles17.jpg","datePublished":"2023-08-13T09:27:00+00:00","dateModified":"2025-04-17T09:28:36+00:00","breadcrumb":{"@id":"https:\/\/saltoecologico.es\/index.php\/2023\/08\/13\/demanda-razonable\/#breadcrumb"},"inLanguage":"es","potentialAction":[{"@type":"ReadAction","target":["https:\/\/saltoecologico.es\/index.php\/2023\/08\/13\/demanda-razonable\/"]}]},{"@type":"ImageObject","inLanguage":"es","@id":"https:\/\/saltoecologico.es\/index.php\/2023\/08\/13\/demanda-razonable\/#primaryimage","url":"https:\/\/saltoecologico.es\/wp-content\/uploads\/2025\/04\/Fosiles17.jpg","contentUrl":"https:\/\/saltoecologico.es\/wp-content\/uploads\/2025\/04\/Fosiles17.jpg","width":1024,"height":683,"caption":"A factory emitting smoke and polluting the air on the sunset"},{"@type":"BreadcrumbList","@id":"https:\/\/saltoecologico.es\/index.php\/2023\/08\/13\/demanda-razonable\/#breadcrumb","itemListElement":[{"@type":"ListItem","position":1,"name":"Portada","item":"https:\/\/saltoecologico.es\/"},{"@type":"ListItem","position":2,"name":"Demanda razonable"}]},{"@type":"WebSite","@id":"https:\/\/saltoecologico.es\/#website","url":"https:\/\/saltoecologico.es\/","name":"Salto Ecol\u00f3gico","description":"","publisher":{"@id":"https:\/\/saltoecologico.es\/#organization"},"potentialAction":[{"@type":"SearchAction","target":{"@type":"EntryPoint","urlTemplate":"https:\/\/saltoecologico.es\/?s={search_term_string}"},"query-input":{"@type":"PropertyValueSpecification","valueRequired":true,"valueName":"search_term_string"}}],"inLanguage":"es"},{"@type":"Organization","@id":"https:\/\/saltoecologico.es\/#organization","name":"Salto a la Transici\u00f3n Ecol\u00f3gica","url":"https:\/\/saltoecologico.es\/","logo":{"@type":"ImageObject","inLanguage":"es","@id":"https:\/\/saltoecologico.es\/#\/schema\/logo\/image\/","url":"https:\/\/saltoecologico.es\/wp-content\/uploads\/2025\/04\/Logo-STE.jpg","contentUrl":"https:\/\/saltoecologico.es\/wp-content\/uploads\/2025\/04\/Logo-STE.jpg","width":435,"height":435,"caption":"Salto a la Transici\u00f3n Ecol\u00f3gica"},"image":{"@id":"https:\/\/saltoecologico.es\/#\/schema\/logo\/image\/"},"sameAs":["https:\/\/www.facebook.com\/Saltotransicionecologica"]},{"@type":"Person","@id":"https:\/\/saltoecologico.es\/#\/schema\/person\/7175eec4b3c123d86c675313c3a01a0b","name":"admin","image":{"@type":"ImageObject","inLanguage":"es","@id":"https:\/\/secure.gravatar.com\/avatar\/4c215dc57bbc7b2f2f470ac9bd197f3f112636a584e575a732d0206a2d9c9806?s=96&d=mm&r=g","url":"https:\/\/secure.gravatar.com\/avatar\/4c215dc57bbc7b2f2f470ac9bd197f3f112636a584e575a732d0206a2d9c9806?s=96&d=mm&r=g","contentUrl":"https:\/\/secure.gravatar.com\/avatar\/4c215dc57bbc7b2f2f470ac9bd197f3f112636a584e575a732d0206a2d9c9806?s=96&d=mm&r=g","caption":"admin"},"sameAs":["https:\/\/saltoecologico.es"],"url":"https:\/\/saltoecologico.es\/index.php\/author\/saltoecologico\/"}]}},"_links":{"self":[{"href":"https:\/\/saltoecologico.es\/index.php\/wp-json\/wp\/v2\/posts\/649","targetHints":{"allow":["GET"]}}],"collection":[{"href":"https:\/\/saltoecologico.es\/index.php\/wp-json\/wp\/v2\/posts"}],"about":[{"href":"https:\/\/saltoecologico.es\/index.php\/wp-json\/wp\/v2\/types\/post"}],"author":[{"embeddable":true,"href":"https:\/\/saltoecologico.es\/index.php\/wp-json\/wp\/v2\/users\/1"}],"replies":[{"embeddable":true,"href":"https:\/\/saltoecologico.es\/index.php\/wp-json\/wp\/v2\/comments?post=649"}],"version-history":[{"count":1,"href":"https:\/\/saltoecologico.es\/index.php\/wp-json\/wp\/v2\/posts\/649\/revisions"}],"predecessor-version":[{"id":651,"href":"https:\/\/saltoecologico.es\/index.php\/wp-json\/wp\/v2\/posts\/649\/revisions\/651"}],"wp:featuredmedia":[{"embeddable":true,"href":"https:\/\/saltoecologico.es\/index.php\/wp-json\/wp\/v2\/media\/650"}],"wp:attachment":[{"href":"https:\/\/saltoecologico.es\/index.php\/wp-json\/wp\/v2\/media?parent=649"}],"wp:term":[{"taxonomy":"category","embeddable":true,"href":"https:\/\/saltoecologico.es\/index.php\/wp-json\/wp\/v2\/categories?post=649"},{"taxonomy":"post_tag","embeddable":true,"href":"https:\/\/saltoecologico.es\/index.php\/wp-json\/wp\/v2\/tags?post=649"}],"curies":[{"name":"wp","href":"https:\/\/api.w.org\/{rel}","templated":true}]}}