{"id":652,"date":"2023-08-16T09:30:00","date_gmt":"2023-08-16T09:30:00","guid":{"rendered":"https:\/\/saltoecologico.es\/?p=652"},"modified":"2025-04-17T09:31:06","modified_gmt":"2025-04-17T09:31:06","slug":"ptecan-y-lanzarote","status":"publish","type":"post","link":"https:\/\/saltoecologico.es\/index.php\/2023\/08\/16\/ptecan-y-lanzarote\/","title":{"rendered":"PTECAN y Lanzarote"},"content":{"rendered":"\n<p class=\"wp-block-paragraph\">\u201cEl Plan de Transici\u00f3n Energ\u00e9tica de Canarias establecer\u00e1 los criterios de localizaci\u00f3n de las instalaciones de energ\u00eda renovable conforme a las previsiones que al respecto se prevean\u201d. En este sentido, en el marco del PTECan se ha definido una zonificaci\u00f3n ORIENTATIVA la cual marca las regiones del archipi\u00e9lago canario donde A FALTA DE UN ESTUDIO ESPEC\u00cdFICO POR PROYECTO SINGULAR, ser\u00eda plausible la instalaci\u00f3n de estas tecnolog\u00edas\u201d.<\/p>\n\n\n\n<p class=\"wp-block-paragraph\">De esta forma comienza el Anexo 1 del PTECan que tanta controversia ha causado y bajo nuestro modesto punto de vista, sin justificaci\u00f3n alguna, por la sencilla raz\u00f3n de que este estudi\u00f3 no determina, de ninguna de las maneras, zonas concretas de ubicaci\u00f3n de determinadas instalaciones de renovables, solo da, de una manera ORIENTATIVA, indicaciones de cuales son las zonas que, a priori, pudieran ser m\u00e1s proclives para su instalaci\u00f3n, quedando en manos de las administraciones competentes la aprobaci\u00f3n o no de los proyectos concretos.<\/p>\n\n\n\n<p class=\"wp-block-paragraph\">El mismo Anexo 1 explica el motivo de llevar a cabo esta ZONIFICACI\u00d3N Orientativa: \u201cLa principal raz\u00f3n por la que se lleva a cabo este an\u00e1lisis es para asegurar que los objetivos de potencia establecidos en la planificaci\u00f3n son viables desde el punto de vista territorial, sirviendo esta informaci\u00f3n para que los Cabildos Insulares puedan adaptar sus determinaciones ante el reto de descarbonizaci\u00f3n de Canarias en el a\u00f1o 2040\u201d.<\/p>\n\n\n\n<p class=\"wp-block-paragraph\">A la hora de proyectar una instalaci\u00f3n de renovables hay que tener en cuenta muchas consideraciones, pero hay tres que son capitales:<\/p>\n\n\n\n<ol class=\"wp-block-list\">\n<li>Debe de existir el recurso renovable apropiado para esa instalaci\u00f3n. Si se monta un parque e\u00f3lico en un lugar de baja incidencia del viento se estar\u00e1 tirando el dinero.<\/li>\n\n\n\n<li>Debe de existir infraestructuras cercanas que nos permitan conectarnos a la red el\u00e9ctrica.<\/li>\n\n\n\n<li>No deben de existir exclusiones medioambientales o territoriales que impidan la instalaci\u00f3n.<\/li>\n<\/ol>\n\n\n\n<p class=\"wp-block-paragraph\">Cualquiera que quisiera instalar una infraestructura de renovables en cualquier territorio tendr\u00eda que llevar a cabo una investigaci\u00f3n exhaustiva de todo el territorio para ver cual es el lugar propicio para ello. El PTECan trata de agilizar ese proceso indicando ya determinadas zonas que a priori podr\u00edan servir, a falta de llevar a cabo un ajuste fino con las administraciones locales y grupos de inter\u00e9s.<\/p>\n\n\n\n<p class=\"wp-block-paragraph\">Por otro lado, el PTECan no pone en riesgo el que se instalen aerogeneradores en el 10% del territorio de Lanzarote, ni huertos solares en el 23%, este estudio tasa de una manera concreta la ocupaci\u00f3n de e\u00f3licos, en la opci\u00f3n mas extendida, de 33,5 kil\u00f3metros cuadrado lo que supone un 4% del territorio, eso s\u00ed, de un \u00e1rea DISPONIBLE, de 89,3 kil\u00f3metros cuadrados, que nadie esta diciendo que se vayan a utilizar en su totalidad. Con respecto a la fotovoltaica la desproporci\u00f3n de cifras es abismal. Frente a un \u00e1rea disponible de 196 kil\u00f3metros cuadrados, tan solo se usar\u00e1n 1,80 kil\u00f3metros cuadrados, lo que viene a suponer el 0,2% del territorio.<\/p>\n\n\n\n<p class=\"wp-block-paragraph\">Otra de las cuestiones controversiales que se han puesto en la palestra es el hecho de que si la central de Punta Grande tiene una potencia instalada de 232,26 MW, como es que se dimensionan parques e\u00f3licos por valor de 500 MW y parques fotovoltaicos por valor de 180 MW para el 2040. En primer lugar, hay que decir que en un sistema el\u00e9ctrico la potencia instalada indica lo m\u00e1ximo que podr\u00eda dar la central en un momento dado, pero hay otro dato que es fundamental y es la energ\u00eda producida en un a\u00f1o. En el caso de Lanzarote la energ\u00eda producida en el a\u00f1o 2021 fue de 721.251 MWh. Como quiera que un e\u00f3lico no puede producir cuando no hay viento y disminuye su producci\u00f3n al disminuir este, existe lo que se denomina factor de capacidad que en el caso de los e\u00f3licos es del 20%. Este factor hace que una instalaci\u00f3n de 500 MW que deber\u00eda producir 4.380.000 MWh, tan solo nos pueda producir 876.000 MWh. Aun as\u00ed, con esto y la fotovoltaica, que tambi\u00e9n tiene un 20% de factor de capacidad, los n\u00fameros superan lo que se necesita desde el punto de vista de la demanda el\u00e9ctrica. La explicaci\u00f3n viene porque el PTECan no se contenta con descarbonizar el sistema el\u00e9ctrico, sino que va m\u00e1s all\u00e1 e intenta planificar una descarbonizaci\u00f3n de la econom\u00eda en general. Para ello utiliza un vector energ\u00e9tico como es el hidr\u00f3geno para lo cual se plantea que Lanzarote deber\u00e1 de producir mediante electrolizadores 13.577 toneladas de hidr\u00f3geno verde a partir de una potencia de 74,6 MW de electrolizadores instalados. Este hidr\u00f3geno verde no solo ser\u00e1 utilizado en el sistema el\u00e9ctrico, sino en el transporte pesado por carretera, en la fabricaci\u00f3n de amoniaco como combustible para los barcos o en la fabricaci\u00f3n de queroseno sint\u00e9tico como combustible de la aviaci\u00f3n.<\/p>\n\n\n\n<p class=\"wp-block-paragraph\">Despu\u00e9s de estos peque\u00f1os retazos no podemos sino apesadumbrarnos ante la nefasta acogida que ha tenido en determinados sectores un estudio tan completo y beneficioso para las islas, que marca un antes y un despu\u00e9s en las planificaciones de la descarbonizaci\u00f3n de sistemas el\u00e9ctricos aislados.<\/p>\n\n\n\n<p class=\"wp-block-paragraph\">Creemos que ese rechazo es debido a una falta de comprensi\u00f3n de todo lo que se indica en el PTECan y a un desconocimiento en la materia que se est\u00e1 tratando y como muestra un bot\u00f3n. \u00bfC\u00f3mo se puede plantear \u201cel derecho a decidir el modelo energ\u00e9tico que quiere y acordar c\u00f3mo se va a desarrollar cada territorio\u201d dentro de un marco normativo y competencial como en el que estamos en este pa\u00eds?.<\/p>\n","protected":false},"excerpt":{"rendered":"<p>\u201cEl Plan de Transici\u00f3n Energ\u00e9tica de Canarias establecer\u00e1 los criterios de localizaci\u00f3n de las instalaciones de energ\u00eda renovable conforme a las previsiones que al respecto se prevean\u201d. En este sentido, en el marco del PTECan se ha definido una zonificaci\u00f3n ORIENTATIVA la cual marca las regiones del archipi\u00e9lago canario donde A FALTA DE UN ESTUDIO [&hellip;]<\/p>\n","protected":false},"author":1,"featured_media":653,"comment_status":"open","ping_status":"open","sticky":false,"template":"","format":"standard","meta":{"footnotes":""},"categories":[48,30],"tags":[],"class_list":["post-652","post","type-post","status-publish","format-standard","has-post-thumbnail","category-t_estrategias","category-transicion"],"yoast_head":"<!-- This site is optimized with the Yoast SEO plugin v28.2 - https:\/\/yoast.com\/product\/yoast-seo-wordpress\/ -->\n<title>PTECAN y Lanzarote - Salto Ecol\u00f3gico<\/title>\n<meta name=\"robots\" content=\"index, follow, max-snippet:-1, max-image-preview:large, max-video-preview:-1\" \/>\n<link rel=\"canonical\" href=\"https:\/\/saltoecologico.es\/index.php\/2023\/08\/16\/ptecan-y-lanzarote\/\" \/>\n<meta property=\"og:locale\" content=\"es_ES\" \/>\n<meta property=\"og:type\" content=\"article\" \/>\n<meta property=\"og:title\" content=\"PTECAN y Lanzarote - Salto Ecol\u00f3gico\" \/>\n<meta property=\"og:description\" content=\"\u201cEl Plan de Transici\u00f3n Energ\u00e9tica de Canarias establecer\u00e1 los criterios de localizaci\u00f3n de las instalaciones de energ\u00eda renovable conforme a las previsiones que al respecto se prevean\u201d. En este sentido, en el marco del PTECan se ha definido una zonificaci\u00f3n ORIENTATIVA la cual marca las regiones del archipi\u00e9lago canario donde A FALTA DE UN ESTUDIO [&hellip;]\" \/>\n<meta property=\"og:url\" content=\"https:\/\/saltoecologico.es\/index.php\/2023\/08\/16\/ptecan-y-lanzarote\/\" \/>\n<meta property=\"og:site_name\" content=\"Salto Ecol\u00f3gico\" \/>\n<meta property=\"article:publisher\" content=\"https:\/\/www.facebook.com\/Saltotransicionecologica\" \/>\n<meta property=\"article:published_time\" content=\"2023-08-16T09:30:00+00:00\" \/>\n<meta property=\"article:modified_time\" content=\"2025-04-17T09:31:06+00:00\" \/>\n<meta property=\"og:image\" content=\"https:\/\/saltoecologico.es\/wp-content\/uploads\/2025\/04\/Eolico-9.jpg\" \/>\n\t<meta property=\"og:image:width\" content=\"1024\" \/>\n\t<meta property=\"og:image:height\" content=\"683\" \/>\n\t<meta property=\"og:image:type\" content=\"image\/jpeg\" \/>\n<meta name=\"author\" content=\"admin\" \/>\n<meta name=\"twitter:card\" content=\"summary_large_image\" \/>\n<meta name=\"twitter:label1\" content=\"Escrito por\" \/>\n\t<meta name=\"twitter:data1\" content=\"admin\" \/>\n\t<meta name=\"twitter:label2\" content=\"Tiempo de lectura\" \/>\n\t<meta name=\"twitter:data2\" content=\"5 minutos\" \/>\n<script type=\"application\/ld+json\" class=\"yoast-schema-graph\">{\"@context\":\"https:\\\/\\\/schema.org\",\"@graph\":[{\"@type\":\"Article\",\"@id\":\"https:\\\/\\\/saltoecologico.es\\\/index.php\\\/2023\\\/08\\\/16\\\/ptecan-y-lanzarote\\\/#article\",\"isPartOf\":{\"@id\":\"https:\\\/\\\/saltoecologico.es\\\/index.php\\\/2023\\\/08\\\/16\\\/ptecan-y-lanzarote\\\/\"},\"author\":{\"name\":\"admin\",\"@id\":\"https:\\\/\\\/saltoecologico.es\\\/#\\\/schema\\\/person\\\/7175eec4b3c123d86c675313c3a01a0b\"},\"headline\":\"PTECAN y Lanzarote\",\"datePublished\":\"2023-08-16T09:30:00+00:00\",\"dateModified\":\"2025-04-17T09:31:06+00:00\",\"mainEntityOfPage\":{\"@id\":\"https:\\\/\\\/saltoecologico.es\\\/index.php\\\/2023\\\/08\\\/16\\\/ptecan-y-lanzarote\\\/\"},\"wordCount\":959,\"commentCount\":0,\"publisher\":{\"@id\":\"https:\\\/\\\/saltoecologico.es\\\/#organization\"},\"image\":{\"@id\":\"https:\\\/\\\/saltoecologico.es\\\/index.php\\\/2023\\\/08\\\/16\\\/ptecan-y-lanzarote\\\/#primaryimage\"},\"thumbnailUrl\":\"https:\\\/\\\/saltoecologico.es\\\/wp-content\\\/uploads\\\/2025\\\/04\\\/Eolico-9.jpg\",\"articleSection\":[\"T_Estrategias\",\"Transici\u00f3n\"],\"inLanguage\":\"es\",\"potentialAction\":[{\"@type\":\"CommentAction\",\"name\":\"Comment\",\"target\":[\"https:\\\/\\\/saltoecologico.es\\\/index.php\\\/2023\\\/08\\\/16\\\/ptecan-y-lanzarote\\\/#respond\"]}]},{\"@type\":\"WebPage\",\"@id\":\"https:\\\/\\\/saltoecologico.es\\\/index.php\\\/2023\\\/08\\\/16\\\/ptecan-y-lanzarote\\\/\",\"url\":\"https:\\\/\\\/saltoecologico.es\\\/index.php\\\/2023\\\/08\\\/16\\\/ptecan-y-lanzarote\\\/\",\"name\":\"PTECAN y Lanzarote - Salto Ecol\u00f3gico\",\"isPartOf\":{\"@id\":\"https:\\\/\\\/saltoecologico.es\\\/#website\"},\"primaryImageOfPage\":{\"@id\":\"https:\\\/\\\/saltoecologico.es\\\/index.php\\\/2023\\\/08\\\/16\\\/ptecan-y-lanzarote\\\/#primaryimage\"},\"image\":{\"@id\":\"https:\\\/\\\/saltoecologico.es\\\/index.php\\\/2023\\\/08\\\/16\\\/ptecan-y-lanzarote\\\/#primaryimage\"},\"thumbnailUrl\":\"https:\\\/\\\/saltoecologico.es\\\/wp-content\\\/uploads\\\/2025\\\/04\\\/Eolico-9.jpg\",\"datePublished\":\"2023-08-16T09:30:00+00:00\",\"dateModified\":\"2025-04-17T09:31:06+00:00\",\"breadcrumb\":{\"@id\":\"https:\\\/\\\/saltoecologico.es\\\/index.php\\\/2023\\\/08\\\/16\\\/ptecan-y-lanzarote\\\/#breadcrumb\"},\"inLanguage\":\"es\",\"potentialAction\":[{\"@type\":\"ReadAction\",\"target\":[\"https:\\\/\\\/saltoecologico.es\\\/index.php\\\/2023\\\/08\\\/16\\\/ptecan-y-lanzarote\\\/\"]}]},{\"@type\":\"ImageObject\",\"inLanguage\":\"es\",\"@id\":\"https:\\\/\\\/saltoecologico.es\\\/index.php\\\/2023\\\/08\\\/16\\\/ptecan-y-lanzarote\\\/#primaryimage\",\"url\":\"https:\\\/\\\/saltoecologico.es\\\/wp-content\\\/uploads\\\/2025\\\/04\\\/Eolico-9.jpg\",\"contentUrl\":\"https:\\\/\\\/saltoecologico.es\\\/wp-content\\\/uploads\\\/2025\\\/04\\\/Eolico-9.jpg\",\"width\":1024,\"height\":683,\"caption\":\"Engineer and technician greet each other in wind turbine farm with blue sky background\"},{\"@type\":\"BreadcrumbList\",\"@id\":\"https:\\\/\\\/saltoecologico.es\\\/index.php\\\/2023\\\/08\\\/16\\\/ptecan-y-lanzarote\\\/#breadcrumb\",\"itemListElement\":[{\"@type\":\"ListItem\",\"position\":1,\"name\":\"Portada\",\"item\":\"https:\\\/\\\/saltoecologico.es\\\/\"},{\"@type\":\"ListItem\",\"position\":2,\"name\":\"PTECAN y Lanzarote\"}]},{\"@type\":\"WebSite\",\"@id\":\"https:\\\/\\\/saltoecologico.es\\\/#website\",\"url\":\"https:\\\/\\\/saltoecologico.es\\\/\",\"name\":\"Salto Ecol\u00f3gico\",\"description\":\"\",\"publisher\":{\"@id\":\"https:\\\/\\\/saltoecologico.es\\\/#organization\"},\"potentialAction\":[{\"@type\":\"SearchAction\",\"target\":{\"@type\":\"EntryPoint\",\"urlTemplate\":\"https:\\\/\\\/saltoecologico.es\\\/?s={search_term_string}\"},\"query-input\":{\"@type\":\"PropertyValueSpecification\",\"valueRequired\":true,\"valueName\":\"search_term_string\"}}],\"inLanguage\":\"es\"},{\"@type\":\"Organization\",\"@id\":\"https:\\\/\\\/saltoecologico.es\\\/#organization\",\"name\":\"Salto a la Transici\u00f3n Ecol\u00f3gica\",\"url\":\"https:\\\/\\\/saltoecologico.es\\\/\",\"logo\":{\"@type\":\"ImageObject\",\"inLanguage\":\"es\",\"@id\":\"https:\\\/\\\/saltoecologico.es\\\/#\\\/schema\\\/logo\\\/image\\\/\",\"url\":\"https:\\\/\\\/saltoecologico.es\\\/wp-content\\\/uploads\\\/2025\\\/04\\\/Logo-STE.jpg\",\"contentUrl\":\"https:\\\/\\\/saltoecologico.es\\\/wp-content\\\/uploads\\\/2025\\\/04\\\/Logo-STE.jpg\",\"width\":435,\"height\":435,\"caption\":\"Salto a la Transici\u00f3n Ecol\u00f3gica\"},\"image\":{\"@id\":\"https:\\\/\\\/saltoecologico.es\\\/#\\\/schema\\\/logo\\\/image\\\/\"},\"sameAs\":[\"https:\\\/\\\/www.facebook.com\\\/Saltotransicionecologica\"]},{\"@type\":\"Person\",\"@id\":\"https:\\\/\\\/saltoecologico.es\\\/#\\\/schema\\\/person\\\/7175eec4b3c123d86c675313c3a01a0b\",\"name\":\"admin\",\"image\":{\"@type\":\"ImageObject\",\"inLanguage\":\"es\",\"@id\":\"https:\\\/\\\/secure.gravatar.com\\\/avatar\\\/4c215dc57bbc7b2f2f470ac9bd197f3f112636a584e575a732d0206a2d9c9806?s=96&d=mm&r=g\",\"url\":\"https:\\\/\\\/secure.gravatar.com\\\/avatar\\\/4c215dc57bbc7b2f2f470ac9bd197f3f112636a584e575a732d0206a2d9c9806?s=96&d=mm&r=g\",\"contentUrl\":\"https:\\\/\\\/secure.gravatar.com\\\/avatar\\\/4c215dc57bbc7b2f2f470ac9bd197f3f112636a584e575a732d0206a2d9c9806?s=96&d=mm&r=g\",\"caption\":\"admin\"},\"sameAs\":[\"https:\\\/\\\/saltoecologico.es\"],\"url\":\"https:\\\/\\\/saltoecologico.es\\\/index.php\\\/author\\\/saltoecologico\\\/\"}]}<\/script>\n<!-- \/ Yoast SEO plugin. -->","yoast_head_json":{"title":"PTECAN y Lanzarote - Salto Ecol\u00f3gico","robots":{"index":"index","follow":"follow","max-snippet":"max-snippet:-1","max-image-preview":"max-image-preview:large","max-video-preview":"max-video-preview:-1"},"canonical":"https:\/\/saltoecologico.es\/index.php\/2023\/08\/16\/ptecan-y-lanzarote\/","og_locale":"es_ES","og_type":"article","og_title":"PTECAN y Lanzarote - Salto Ecol\u00f3gico","og_description":"\u201cEl Plan de Transici\u00f3n Energ\u00e9tica de Canarias establecer\u00e1 los criterios de localizaci\u00f3n de las instalaciones de energ\u00eda renovable conforme a las previsiones que al respecto se prevean\u201d. En este sentido, en el marco del PTECan se ha definido una zonificaci\u00f3n ORIENTATIVA la cual marca las regiones del archipi\u00e9lago canario donde A FALTA DE UN ESTUDIO [&hellip;]","og_url":"https:\/\/saltoecologico.es\/index.php\/2023\/08\/16\/ptecan-y-lanzarote\/","og_site_name":"Salto Ecol\u00f3gico","article_publisher":"https:\/\/www.facebook.com\/Saltotransicionecologica","article_published_time":"2023-08-16T09:30:00+00:00","article_modified_time":"2025-04-17T09:31:06+00:00","og_image":[{"width":1024,"height":683,"url":"https:\/\/saltoecologico.es\/wp-content\/uploads\/2025\/04\/Eolico-9.jpg","type":"image\/jpeg"}],"author":"admin","twitter_card":"summary_large_image","twitter_misc":{"Escrito por":"admin","Tiempo de lectura":"5 minutos"},"schema":{"@context":"https:\/\/schema.org","@graph":[{"@type":"Article","@id":"https:\/\/saltoecologico.es\/index.php\/2023\/08\/16\/ptecan-y-lanzarote\/#article","isPartOf":{"@id":"https:\/\/saltoecologico.es\/index.php\/2023\/08\/16\/ptecan-y-lanzarote\/"},"author":{"name":"admin","@id":"https:\/\/saltoecologico.es\/#\/schema\/person\/7175eec4b3c123d86c675313c3a01a0b"},"headline":"PTECAN y Lanzarote","datePublished":"2023-08-16T09:30:00+00:00","dateModified":"2025-04-17T09:31:06+00:00","mainEntityOfPage":{"@id":"https:\/\/saltoecologico.es\/index.php\/2023\/08\/16\/ptecan-y-lanzarote\/"},"wordCount":959,"commentCount":0,"publisher":{"@id":"https:\/\/saltoecologico.es\/#organization"},"image":{"@id":"https:\/\/saltoecologico.es\/index.php\/2023\/08\/16\/ptecan-y-lanzarote\/#primaryimage"},"thumbnailUrl":"https:\/\/saltoecologico.es\/wp-content\/uploads\/2025\/04\/Eolico-9.jpg","articleSection":["T_Estrategias","Transici\u00f3n"],"inLanguage":"es","potentialAction":[{"@type":"CommentAction","name":"Comment","target":["https:\/\/saltoecologico.es\/index.php\/2023\/08\/16\/ptecan-y-lanzarote\/#respond"]}]},{"@type":"WebPage","@id":"https:\/\/saltoecologico.es\/index.php\/2023\/08\/16\/ptecan-y-lanzarote\/","url":"https:\/\/saltoecologico.es\/index.php\/2023\/08\/16\/ptecan-y-lanzarote\/","name":"PTECAN y Lanzarote - Salto Ecol\u00f3gico","isPartOf":{"@id":"https:\/\/saltoecologico.es\/#website"},"primaryImageOfPage":{"@id":"https:\/\/saltoecologico.es\/index.php\/2023\/08\/16\/ptecan-y-lanzarote\/#primaryimage"},"image":{"@id":"https:\/\/saltoecologico.es\/index.php\/2023\/08\/16\/ptecan-y-lanzarote\/#primaryimage"},"thumbnailUrl":"https:\/\/saltoecologico.es\/wp-content\/uploads\/2025\/04\/Eolico-9.jpg","datePublished":"2023-08-16T09:30:00+00:00","dateModified":"2025-04-17T09:31:06+00:00","breadcrumb":{"@id":"https:\/\/saltoecologico.es\/index.php\/2023\/08\/16\/ptecan-y-lanzarote\/#breadcrumb"},"inLanguage":"es","potentialAction":[{"@type":"ReadAction","target":["https:\/\/saltoecologico.es\/index.php\/2023\/08\/16\/ptecan-y-lanzarote\/"]}]},{"@type":"ImageObject","inLanguage":"es","@id":"https:\/\/saltoecologico.es\/index.php\/2023\/08\/16\/ptecan-y-lanzarote\/#primaryimage","url":"https:\/\/saltoecologico.es\/wp-content\/uploads\/2025\/04\/Eolico-9.jpg","contentUrl":"https:\/\/saltoecologico.es\/wp-content\/uploads\/2025\/04\/Eolico-9.jpg","width":1024,"height":683,"caption":"Engineer and technician greet each other in wind turbine farm with blue sky background"},{"@type":"BreadcrumbList","@id":"https:\/\/saltoecologico.es\/index.php\/2023\/08\/16\/ptecan-y-lanzarote\/#breadcrumb","itemListElement":[{"@type":"ListItem","position":1,"name":"Portada","item":"https:\/\/saltoecologico.es\/"},{"@type":"ListItem","position":2,"name":"PTECAN y Lanzarote"}]},{"@type":"WebSite","@id":"https:\/\/saltoecologico.es\/#website","url":"https:\/\/saltoecologico.es\/","name":"Salto Ecol\u00f3gico","description":"","publisher":{"@id":"https:\/\/saltoecologico.es\/#organization"},"potentialAction":[{"@type":"SearchAction","target":{"@type":"EntryPoint","urlTemplate":"https:\/\/saltoecologico.es\/?s={search_term_string}"},"query-input":{"@type":"PropertyValueSpecification","valueRequired":true,"valueName":"search_term_string"}}],"inLanguage":"es"},{"@type":"Organization","@id":"https:\/\/saltoecologico.es\/#organization","name":"Salto a la Transici\u00f3n Ecol\u00f3gica","url":"https:\/\/saltoecologico.es\/","logo":{"@type":"ImageObject","inLanguage":"es","@id":"https:\/\/saltoecologico.es\/#\/schema\/logo\/image\/","url":"https:\/\/saltoecologico.es\/wp-content\/uploads\/2025\/04\/Logo-STE.jpg","contentUrl":"https:\/\/saltoecologico.es\/wp-content\/uploads\/2025\/04\/Logo-STE.jpg","width":435,"height":435,"caption":"Salto a la Transici\u00f3n Ecol\u00f3gica"},"image":{"@id":"https:\/\/saltoecologico.es\/#\/schema\/logo\/image\/"},"sameAs":["https:\/\/www.facebook.com\/Saltotransicionecologica"]},{"@type":"Person","@id":"https:\/\/saltoecologico.es\/#\/schema\/person\/7175eec4b3c123d86c675313c3a01a0b","name":"admin","image":{"@type":"ImageObject","inLanguage":"es","@id":"https:\/\/secure.gravatar.com\/avatar\/4c215dc57bbc7b2f2f470ac9bd197f3f112636a584e575a732d0206a2d9c9806?s=96&d=mm&r=g","url":"https:\/\/secure.gravatar.com\/avatar\/4c215dc57bbc7b2f2f470ac9bd197f3f112636a584e575a732d0206a2d9c9806?s=96&d=mm&r=g","contentUrl":"https:\/\/secure.gravatar.com\/avatar\/4c215dc57bbc7b2f2f470ac9bd197f3f112636a584e575a732d0206a2d9c9806?s=96&d=mm&r=g","caption":"admin"},"sameAs":["https:\/\/saltoecologico.es"],"url":"https:\/\/saltoecologico.es\/index.php\/author\/saltoecologico\/"}]}},"_links":{"self":[{"href":"https:\/\/saltoecologico.es\/index.php\/wp-json\/wp\/v2\/posts\/652","targetHints":{"allow":["GET"]}}],"collection":[{"href":"https:\/\/saltoecologico.es\/index.php\/wp-json\/wp\/v2\/posts"}],"about":[{"href":"https:\/\/saltoecologico.es\/index.php\/wp-json\/wp\/v2\/types\/post"}],"author":[{"embeddable":true,"href":"https:\/\/saltoecologico.es\/index.php\/wp-json\/wp\/v2\/users\/1"}],"replies":[{"embeddable":true,"href":"https:\/\/saltoecologico.es\/index.php\/wp-json\/wp\/v2\/comments?post=652"}],"version-history":[{"count":1,"href":"https:\/\/saltoecologico.es\/index.php\/wp-json\/wp\/v2\/posts\/652\/revisions"}],"predecessor-version":[{"id":654,"href":"https:\/\/saltoecologico.es\/index.php\/wp-json\/wp\/v2\/posts\/652\/revisions\/654"}],"wp:featuredmedia":[{"embeddable":true,"href":"https:\/\/saltoecologico.es\/index.php\/wp-json\/wp\/v2\/media\/653"}],"wp:attachment":[{"href":"https:\/\/saltoecologico.es\/index.php\/wp-json\/wp\/v2\/media?parent=652"}],"wp:term":[{"taxonomy":"category","embeddable":true,"href":"https:\/\/saltoecologico.es\/index.php\/wp-json\/wp\/v2\/categories?post=652"},{"taxonomy":"post_tag","embeddable":true,"href":"https:\/\/saltoecologico.es\/index.php\/wp-json\/wp\/v2\/tags?post=652"}],"curies":[{"name":"wp","href":"https:\/\/api.w.org\/{rel}","templated":true}]}}