{"id":679,"date":"2023-08-19T07:53:00","date_gmt":"2023-08-19T07:53:00","guid":{"rendered":"https:\/\/saltoecologico.es\/?p=679"},"modified":"2026-04-10T11:41:04","modified_gmt":"2026-04-10T11:41:04","slug":"a-vuelta-con-el-gas-2","status":"publish","type":"post","link":"https:\/\/saltoecologico.es\/index.php\/2023\/08\/19\/a-vuelta-con-el-gas-2\/","title":{"rendered":"A vuelta con el gas"},"content":{"rendered":"\n<p class=\"wp-block-paragraph\">Con la entrada del nuevo gobierno auton\u00f3mico, vuelven a poner sobre la mesa la entrada del gas en Canarias, al menos en la generaci\u00f3n el\u00e9ctrica. Esta nueva apertura del debate acerca de este combustible no es balad\u00ed, sino responde a toda una concepci\u00f3n estructurada que tienen determinadas formaciones pol\u00edticas de la econom\u00eda canaria y m\u00e1s concretamente de sus fuentes energ\u00e9ticas.<\/p>\n\n\n\n<p class=\"wp-block-paragraph\">Desde nuestro modesto punto de vista, si se pretende modificar alg\u00fan sistema, se deber\u00eda poner sobre el tapete, los puntos d\u00e9biles de ese sistema, para acto seguido plantear como mejora esos puntos d\u00e9biles, la modificaci\u00f3n planteada. Por ello y siendo fieles a nuestro razonamiento vamos a desarrollar lo expuesto.<\/p>\n\n\n\n<p class=\"wp-block-paragraph\">El sistema el\u00e9ctrico canario, mejor dicho, los sistemas el\u00e9ctricos de canarias, porque en realidad son seis, uno por isla, salvo Lanzarote y Fuerteventura que est\u00e1n unidos por un cable submarino, presentan los siguientes d\u00e9ficits fundamentales:<\/p>\n\n\n\n<ol class=\"wp-block-list\">\n<li>Dificultades de interconexi\u00f3n entre los distintos sistemas o con sistemas mayores. La lejan\u00eda de las islas del territorio continental y la profundidad que hay entre ellas hace muy complicada la interconexi\u00f3n, lo que redunda en una precaria estabilidad de este.<\/li>\n\n\n\n<li>Al usar fundamentalmente combustibles f\u00f3siles, la generaci\u00f3n el\u00e9ctrica es excesivamente contaminante, hasta el punto de que m\u00e1s del 40% de las emisiones que se producen en el archipi\u00e9lago son de las centrales el\u00e9ctricas.<\/li>\n\n\n\n<li>Inasumible dependencia del exterior al tener que importar m\u00e1s del 80% de los combustibles usados. Esto implica que los vaivenes geopol\u00edticos y econ\u00f3micos tienen una enorme influencia en las islas.<\/li>\n\n\n\n<li>La generaci\u00f3n el\u00e9ctrica en Canarias es altamente costosa lleg\u00e1ndose en determinadas ocasiones a quintuplicar el valor del MWh con respecto al de la pen\u00ednsula. Afortunadamente esta carga no descansa sobre el usuario canario, sino que se distribuye entre todos los usuarios espa\u00f1oles v\u00eda factura el\u00e9ctrica y v\u00eda presupuestos generales del estado.<\/li>\n\n\n\n<li>A la elevada fragilidad de los sistemas aislados hay que a\u00f1adir la centralizaci\u00f3n de la generaci\u00f3n, lo que implica unas centrales donde se ubican el total de la generaci\u00f3n convencional, de donde salen las l\u00edneas el\u00e9ctricas de manera radial para abastecer a los usuarios. Evidentemente un problema en estas localizaciones supone un apag\u00f3n generalizado, como recientemente en la isla de La Gomera.<\/li>\n\n\n\n<li>Se podr\u00eda a\u00f1adir el problema de la caducidad de la vida \u00fatil de muchos grupos de nuestras centrales, pero nosotros no lo haremos por considerar que es una cuesti\u00f3n coyuntural, achacable a los intereses de la empresa propietaria excusada en unos supuestos vac\u00edos legales, que desde nuestro punto de vista no existen.<\/li>\n<\/ol>\n\n\n\n<p class=\"wp-block-paragraph\">Vistas las debilidades veamos como la entrada del gas aporta soluciones a estos problemas:<\/p>\n\n\n\n<ol class=\"wp-block-list\">\n<li>La entrada del gas no va a solucionar los problemas de conectividad porque es una cuesti\u00f3n tecnol\u00f3gica de la industria de los cables submarinos.<\/li>\n\n\n\n<li>Cuentan las leyendas urbanas que el gas natural contamina un 20% menos en el momento de la combusti\u00f3n. Pero lo que no se dice es que, si analizamos toda la cadena desde la extracci\u00f3n, el transporte, el almacenamiento y el consumo, las emisiones se disparan de manera exponencial. Emisiones que no son precisamente CO2, sino que son gas metano que es un 80% mas contaminante que el CO2. Por tanto, no solo es que no reduce las emisiones, sino que las agrava considerablemente.<\/li>\n\n\n\n<li>Creemos que no hace falta recordar el \u201cproblem\u00f3n\u201d en el que se meti\u00f3 Alemania con la guerra de Ucrania y su infortunada dependencia del gas ruso. Dejar de depender del petr\u00f3leo para hacerlo del gas, no es una buena pol\u00edtica de independencia energ\u00e9tica para nuestras islas.<\/li>\n\n\n\n<li>La generaci\u00f3n el\u00e9ctrica en Canarias a supuesto un sobrecoste para el erario nacional del orden de hasta cinco veces, hasta el 2021 en el que el MWh en Canarias se fij\u00f3 en 162 euros mientras que en la pen\u00ednsula fue de 112 euros. Est\u00e1 anomal\u00eda econ\u00f3mica se produjo debido al encarecimiento precisamente del gas natural. Si en Canarias hubi\u00e9semos estado consumiendo gas natural y manteniendo las proporciones indicadas, hubi\u00e9semos pagado el MWh a raz\u00f3n de \u201c560\u201d euros de media.<\/li>\n\n\n\n<li>Para que los costes sean asumibles los grupos de gas natural no podr\u00e1n estar dispersos, sino concentrados en una misma ubicaci\u00f3n, por cuestiones de transporte y almacenamiento de este combustible. Por tanto, las estructuras centralizadas de nuestros sistemas el\u00e9ctrico se perpetuar\u00e1n \u201csine die\u201d.<\/li>\n<\/ol>\n\n\n\n<p class=\"wp-block-paragraph\">Creemos que hemos podido argumentar de una manera clara y concisa por qu\u00e9 pensamos que la entrada del gas en los sistemas de generaci\u00f3n el\u00e9ctrica de Canarias no viene a solucionar ninguno de los problemas end\u00e9micos que arrastra, sino m\u00e1s bien los empeora. Es por esto por lo que toda la ciudadan\u00eda deber\u00eda plantearse el porque ese empe\u00f1o en introducir un combustible que no suma sino todo lo contrario, resta y mucho, sobre todo porque si se hace una inversi\u00f3n de las dimensiones necesarias para quemar gas en el archipi\u00e9lago, significara que las instalaciones construidas estar\u00e1n en producci\u00f3n por m\u00e1s de treinta a\u00f1os y por tanto no habr\u00e1 hueco para las renovables.<\/p>\n\n\n\n<p class=\"wp-block-paragraph\">Alguien deber\u00eda recordar que ahora mismo la prioridad es la lucha contra el cambio clim\u00e1tico antropog\u00e9nico y la UNICA posici\u00f3n posible para ello es un cambio acelerado a una econom\u00eda descarbonizada. Los tiempos de las transiciones han quedado muy atr\u00e1s.<\/p>\n","protected":false},"excerpt":{"rendered":"<p>Con la entrada del nuevo gobierno auton\u00f3mico, vuelven a poner sobre la mesa la entrada del gas en Canarias, al menos en la generaci\u00f3n el\u00e9ctrica. Esta nueva apertura del debate acerca de este combustible no es balad\u00ed, sino responde a toda una concepci\u00f3n estructurada que tienen determinadas formaciones pol\u00edticas de la econom\u00eda canaria y m\u00e1s [&hellip;]<\/p>\n","protected":false},"author":1,"featured_media":681,"comment_status":"open","ping_status":"open","sticky":false,"template":"","format":"standard","meta":{"footnotes":""},"categories":[44],"tags":[],"class_list":["post-679","post","type-post","status-publish","format-standard","has-post-thumbnail","category-g_varios"],"yoast_head":"<!-- This site is optimized with the Yoast SEO plugin v28.2 - https:\/\/yoast.com\/product\/yoast-seo-wordpress\/ -->\n<title>A vuelta con el gas - Salto Ecol\u00f3gico<\/title>\n<meta name=\"robots\" content=\"index, follow, max-snippet:-1, max-image-preview:large, max-video-preview:-1\" \/>\n<link rel=\"canonical\" href=\"https:\/\/saltoecologico.es\/index.php\/2023\/08\/19\/a-vuelta-con-el-gas-2\/\" \/>\n<meta property=\"og:locale\" content=\"es_ES\" \/>\n<meta property=\"og:type\" content=\"article\" \/>\n<meta property=\"og:title\" content=\"A vuelta con el gas - Salto Ecol\u00f3gico\" \/>\n<meta property=\"og:description\" content=\"Con la entrada del nuevo gobierno auton\u00f3mico, vuelven a poner sobre la mesa la entrada del gas en Canarias, al menos en la generaci\u00f3n el\u00e9ctrica. Esta nueva apertura del debate acerca de este combustible no es balad\u00ed, sino responde a toda una concepci\u00f3n estructurada que tienen determinadas formaciones pol\u00edticas de la econom\u00eda canaria y m\u00e1s [&hellip;]\" \/>\n<meta property=\"og:url\" content=\"https:\/\/saltoecologico.es\/index.php\/2023\/08\/19\/a-vuelta-con-el-gas-2\/\" \/>\n<meta property=\"og:site_name\" content=\"Salto Ecol\u00f3gico\" \/>\n<meta property=\"article:publisher\" content=\"https:\/\/www.facebook.com\/Saltotransicionecologica\" \/>\n<meta property=\"article:published_time\" content=\"2023-08-19T07:53:00+00:00\" \/>\n<meta property=\"article:modified_time\" content=\"2026-04-10T11:41:04+00:00\" \/>\n<meta property=\"og:image\" content=\"https:\/\/saltoecologico.es\/wp-content\/uploads\/2025\/04\/GNL12.jpg\" \/>\n\t<meta property=\"og:image:width\" content=\"1024\" \/>\n\t<meta property=\"og:image:height\" content=\"575\" \/>\n\t<meta property=\"og:image:type\" content=\"image\/jpeg\" \/>\n<meta name=\"author\" content=\"admin\" \/>\n<meta name=\"twitter:card\" content=\"summary_large_image\" \/>\n<meta name=\"twitter:label1\" content=\"Escrito por\" \/>\n\t<meta name=\"twitter:data1\" content=\"admin\" \/>\n\t<meta name=\"twitter:label2\" content=\"Tiempo de lectura\" \/>\n\t<meta name=\"twitter:data2\" content=\"5 minutos\" \/>\n<script type=\"application\/ld+json\" class=\"yoast-schema-graph\">{\"@context\":\"https:\\\/\\\/schema.org\",\"@graph\":[{\"@type\":\"Article\",\"@id\":\"https:\\\/\\\/saltoecologico.es\\\/index.php\\\/2023\\\/08\\\/19\\\/a-vuelta-con-el-gas-2\\\/#article\",\"isPartOf\":{\"@id\":\"https:\\\/\\\/saltoecologico.es\\\/index.php\\\/2023\\\/08\\\/19\\\/a-vuelta-con-el-gas-2\\\/\"},\"author\":{\"name\":\"admin\",\"@id\":\"https:\\\/\\\/saltoecologico.es\\\/#\\\/schema\\\/person\\\/7175eec4b3c123d86c675313c3a01a0b\"},\"headline\":\"A vuelta con el gas\",\"datePublished\":\"2023-08-19T07:53:00+00:00\",\"dateModified\":\"2026-04-10T11:41:04+00:00\",\"mainEntityOfPage\":{\"@id\":\"https:\\\/\\\/saltoecologico.es\\\/index.php\\\/2023\\\/08\\\/19\\\/a-vuelta-con-el-gas-2\\\/\"},\"wordCount\":937,\"commentCount\":0,\"publisher\":{\"@id\":\"https:\\\/\\\/saltoecologico.es\\\/#organization\"},\"image\":{\"@id\":\"https:\\\/\\\/saltoecologico.es\\\/index.php\\\/2023\\\/08\\\/19\\\/a-vuelta-con-el-gas-2\\\/#primaryimage\"},\"thumbnailUrl\":\"https:\\\/\\\/saltoecologico.es\\\/wp-content\\\/uploads\\\/2025\\\/04\\\/GNL12.jpg\",\"articleSection\":[\"G_Varios\"],\"inLanguage\":\"es\",\"potentialAction\":[{\"@type\":\"CommentAction\",\"name\":\"Comment\",\"target\":[\"https:\\\/\\\/saltoecologico.es\\\/index.php\\\/2023\\\/08\\\/19\\\/a-vuelta-con-el-gas-2\\\/#respond\"]}]},{\"@type\":\"WebPage\",\"@id\":\"https:\\\/\\\/saltoecologico.es\\\/index.php\\\/2023\\\/08\\\/19\\\/a-vuelta-con-el-gas-2\\\/\",\"url\":\"https:\\\/\\\/saltoecologico.es\\\/index.php\\\/2023\\\/08\\\/19\\\/a-vuelta-con-el-gas-2\\\/\",\"name\":\"A vuelta con el gas - Salto Ecol\u00f3gico\",\"isPartOf\":{\"@id\":\"https:\\\/\\\/saltoecologico.es\\\/#website\"},\"primaryImageOfPage\":{\"@id\":\"https:\\\/\\\/saltoecologico.es\\\/index.php\\\/2023\\\/08\\\/19\\\/a-vuelta-con-el-gas-2\\\/#primaryimage\"},\"image\":{\"@id\":\"https:\\\/\\\/saltoecologico.es\\\/index.php\\\/2023\\\/08\\\/19\\\/a-vuelta-con-el-gas-2\\\/#primaryimage\"},\"thumbnailUrl\":\"https:\\\/\\\/saltoecologico.es\\\/wp-content\\\/uploads\\\/2025\\\/04\\\/GNL12.jpg\",\"datePublished\":\"2023-08-19T07:53:00+00:00\",\"dateModified\":\"2026-04-10T11:41:04+00:00\",\"breadcrumb\":{\"@id\":\"https:\\\/\\\/saltoecologico.es\\\/index.php\\\/2023\\\/08\\\/19\\\/a-vuelta-con-el-gas-2\\\/#breadcrumb\"},\"inLanguage\":\"es\",\"potentialAction\":[{\"@type\":\"ReadAction\",\"target\":[\"https:\\\/\\\/saltoecologico.es\\\/index.php\\\/2023\\\/08\\\/19\\\/a-vuelta-con-el-gas-2\\\/\"]}]},{\"@type\":\"ImageObject\",\"inLanguage\":\"es\",\"@id\":\"https:\\\/\\\/saltoecologico.es\\\/index.php\\\/2023\\\/08\\\/19\\\/a-vuelta-con-el-gas-2\\\/#primaryimage\",\"url\":\"https:\\\/\\\/saltoecologico.es\\\/wp-content\\\/uploads\\\/2025\\\/04\\\/GNL12.jpg\",\"contentUrl\":\"https:\\\/\\\/saltoecologico.es\\\/wp-content\\\/uploads\\\/2025\\\/04\\\/GNL12.jpg\",\"width\":1024,\"height\":575,\"caption\":\"LNG (Liquefied natural gas) tanker anchored in Gas terminal gas tanks for storage. Oil Crude Gas Tanker Ship. LPG at Tanker Bay Petroleum Chemical or Methane freighter export import transportation\"},{\"@type\":\"BreadcrumbList\",\"@id\":\"https:\\\/\\\/saltoecologico.es\\\/index.php\\\/2023\\\/08\\\/19\\\/a-vuelta-con-el-gas-2\\\/#breadcrumb\",\"itemListElement\":[{\"@type\":\"ListItem\",\"position\":1,\"name\":\"Portada\",\"item\":\"https:\\\/\\\/saltoecologico.es\\\/\"},{\"@type\":\"ListItem\",\"position\":2,\"name\":\"A vuelta con el gas\"}]},{\"@type\":\"WebSite\",\"@id\":\"https:\\\/\\\/saltoecologico.es\\\/#website\",\"url\":\"https:\\\/\\\/saltoecologico.es\\\/\",\"name\":\"Salto Ecol\u00f3gico\",\"description\":\"\",\"publisher\":{\"@id\":\"https:\\\/\\\/saltoecologico.es\\\/#organization\"},\"potentialAction\":[{\"@type\":\"SearchAction\",\"target\":{\"@type\":\"EntryPoint\",\"urlTemplate\":\"https:\\\/\\\/saltoecologico.es\\\/?s={search_term_string}\"},\"query-input\":{\"@type\":\"PropertyValueSpecification\",\"valueRequired\":true,\"valueName\":\"search_term_string\"}}],\"inLanguage\":\"es\"},{\"@type\":\"Organization\",\"@id\":\"https:\\\/\\\/saltoecologico.es\\\/#organization\",\"name\":\"Salto a la Transici\u00f3n Ecol\u00f3gica\",\"url\":\"https:\\\/\\\/saltoecologico.es\\\/\",\"logo\":{\"@type\":\"ImageObject\",\"inLanguage\":\"es\",\"@id\":\"https:\\\/\\\/saltoecologico.es\\\/#\\\/schema\\\/logo\\\/image\\\/\",\"url\":\"https:\\\/\\\/saltoecologico.es\\\/wp-content\\\/uploads\\\/2025\\\/04\\\/Logo-STE.jpg\",\"contentUrl\":\"https:\\\/\\\/saltoecologico.es\\\/wp-content\\\/uploads\\\/2025\\\/04\\\/Logo-STE.jpg\",\"width\":435,\"height\":435,\"caption\":\"Salto a la Transici\u00f3n Ecol\u00f3gica\"},\"image\":{\"@id\":\"https:\\\/\\\/saltoecologico.es\\\/#\\\/schema\\\/logo\\\/image\\\/\"},\"sameAs\":[\"https:\\\/\\\/www.facebook.com\\\/Saltotransicionecologica\"]},{\"@type\":\"Person\",\"@id\":\"https:\\\/\\\/saltoecologico.es\\\/#\\\/schema\\\/person\\\/7175eec4b3c123d86c675313c3a01a0b\",\"name\":\"admin\",\"image\":{\"@type\":\"ImageObject\",\"inLanguage\":\"es\",\"@id\":\"https:\\\/\\\/secure.gravatar.com\\\/avatar\\\/4c215dc57bbc7b2f2f470ac9bd197f3f112636a584e575a732d0206a2d9c9806?s=96&d=mm&r=g\",\"url\":\"https:\\\/\\\/secure.gravatar.com\\\/avatar\\\/4c215dc57bbc7b2f2f470ac9bd197f3f112636a584e575a732d0206a2d9c9806?s=96&d=mm&r=g\",\"contentUrl\":\"https:\\\/\\\/secure.gravatar.com\\\/avatar\\\/4c215dc57bbc7b2f2f470ac9bd197f3f112636a584e575a732d0206a2d9c9806?s=96&d=mm&r=g\",\"caption\":\"admin\"},\"sameAs\":[\"https:\\\/\\\/saltoecologico.es\"],\"url\":\"https:\\\/\\\/saltoecologico.es\\\/index.php\\\/author\\\/saltoecologico\\\/\"}]}<\/script>\n<!-- \/ Yoast SEO plugin. -->","yoast_head_json":{"title":"A vuelta con el gas - Salto Ecol\u00f3gico","robots":{"index":"index","follow":"follow","max-snippet":"max-snippet:-1","max-image-preview":"max-image-preview:large","max-video-preview":"max-video-preview:-1"},"canonical":"https:\/\/saltoecologico.es\/index.php\/2023\/08\/19\/a-vuelta-con-el-gas-2\/","og_locale":"es_ES","og_type":"article","og_title":"A vuelta con el gas - Salto Ecol\u00f3gico","og_description":"Con la entrada del nuevo gobierno auton\u00f3mico, vuelven a poner sobre la mesa la entrada del gas en Canarias, al menos en la generaci\u00f3n el\u00e9ctrica. Esta nueva apertura del debate acerca de este combustible no es balad\u00ed, sino responde a toda una concepci\u00f3n estructurada que tienen determinadas formaciones pol\u00edticas de la econom\u00eda canaria y m\u00e1s [&hellip;]","og_url":"https:\/\/saltoecologico.es\/index.php\/2023\/08\/19\/a-vuelta-con-el-gas-2\/","og_site_name":"Salto Ecol\u00f3gico","article_publisher":"https:\/\/www.facebook.com\/Saltotransicionecologica","article_published_time":"2023-08-19T07:53:00+00:00","article_modified_time":"2026-04-10T11:41:04+00:00","og_image":[{"width":1024,"height":575,"url":"https:\/\/saltoecologico.es\/wp-content\/uploads\/2025\/04\/GNL12.jpg","type":"image\/jpeg"}],"author":"admin","twitter_card":"summary_large_image","twitter_misc":{"Escrito por":"admin","Tiempo de lectura":"5 minutos"},"schema":{"@context":"https:\/\/schema.org","@graph":[{"@type":"Article","@id":"https:\/\/saltoecologico.es\/index.php\/2023\/08\/19\/a-vuelta-con-el-gas-2\/#article","isPartOf":{"@id":"https:\/\/saltoecologico.es\/index.php\/2023\/08\/19\/a-vuelta-con-el-gas-2\/"},"author":{"name":"admin","@id":"https:\/\/saltoecologico.es\/#\/schema\/person\/7175eec4b3c123d86c675313c3a01a0b"},"headline":"A vuelta con el gas","datePublished":"2023-08-19T07:53:00+00:00","dateModified":"2026-04-10T11:41:04+00:00","mainEntityOfPage":{"@id":"https:\/\/saltoecologico.es\/index.php\/2023\/08\/19\/a-vuelta-con-el-gas-2\/"},"wordCount":937,"commentCount":0,"publisher":{"@id":"https:\/\/saltoecologico.es\/#organization"},"image":{"@id":"https:\/\/saltoecologico.es\/index.php\/2023\/08\/19\/a-vuelta-con-el-gas-2\/#primaryimage"},"thumbnailUrl":"https:\/\/saltoecologico.es\/wp-content\/uploads\/2025\/04\/GNL12.jpg","articleSection":["G_Varios"],"inLanguage":"es","potentialAction":[{"@type":"CommentAction","name":"Comment","target":["https:\/\/saltoecologico.es\/index.php\/2023\/08\/19\/a-vuelta-con-el-gas-2\/#respond"]}]},{"@type":"WebPage","@id":"https:\/\/saltoecologico.es\/index.php\/2023\/08\/19\/a-vuelta-con-el-gas-2\/","url":"https:\/\/saltoecologico.es\/index.php\/2023\/08\/19\/a-vuelta-con-el-gas-2\/","name":"A vuelta con el gas - Salto Ecol\u00f3gico","isPartOf":{"@id":"https:\/\/saltoecologico.es\/#website"},"primaryImageOfPage":{"@id":"https:\/\/saltoecologico.es\/index.php\/2023\/08\/19\/a-vuelta-con-el-gas-2\/#primaryimage"},"image":{"@id":"https:\/\/saltoecologico.es\/index.php\/2023\/08\/19\/a-vuelta-con-el-gas-2\/#primaryimage"},"thumbnailUrl":"https:\/\/saltoecologico.es\/wp-content\/uploads\/2025\/04\/GNL12.jpg","datePublished":"2023-08-19T07:53:00+00:00","dateModified":"2026-04-10T11:41:04+00:00","breadcrumb":{"@id":"https:\/\/saltoecologico.es\/index.php\/2023\/08\/19\/a-vuelta-con-el-gas-2\/#breadcrumb"},"inLanguage":"es","potentialAction":[{"@type":"ReadAction","target":["https:\/\/saltoecologico.es\/index.php\/2023\/08\/19\/a-vuelta-con-el-gas-2\/"]}]},{"@type":"ImageObject","inLanguage":"es","@id":"https:\/\/saltoecologico.es\/index.php\/2023\/08\/19\/a-vuelta-con-el-gas-2\/#primaryimage","url":"https:\/\/saltoecologico.es\/wp-content\/uploads\/2025\/04\/GNL12.jpg","contentUrl":"https:\/\/saltoecologico.es\/wp-content\/uploads\/2025\/04\/GNL12.jpg","width":1024,"height":575,"caption":"LNG (Liquefied natural gas) tanker anchored in Gas terminal gas tanks for storage. Oil Crude Gas Tanker Ship. LPG at Tanker Bay Petroleum Chemical or Methane freighter export import transportation"},{"@type":"BreadcrumbList","@id":"https:\/\/saltoecologico.es\/index.php\/2023\/08\/19\/a-vuelta-con-el-gas-2\/#breadcrumb","itemListElement":[{"@type":"ListItem","position":1,"name":"Portada","item":"https:\/\/saltoecologico.es\/"},{"@type":"ListItem","position":2,"name":"A vuelta con el gas"}]},{"@type":"WebSite","@id":"https:\/\/saltoecologico.es\/#website","url":"https:\/\/saltoecologico.es\/","name":"Salto Ecol\u00f3gico","description":"","publisher":{"@id":"https:\/\/saltoecologico.es\/#organization"},"potentialAction":[{"@type":"SearchAction","target":{"@type":"EntryPoint","urlTemplate":"https:\/\/saltoecologico.es\/?s={search_term_string}"},"query-input":{"@type":"PropertyValueSpecification","valueRequired":true,"valueName":"search_term_string"}}],"inLanguage":"es"},{"@type":"Organization","@id":"https:\/\/saltoecologico.es\/#organization","name":"Salto a la Transici\u00f3n Ecol\u00f3gica","url":"https:\/\/saltoecologico.es\/","logo":{"@type":"ImageObject","inLanguage":"es","@id":"https:\/\/saltoecologico.es\/#\/schema\/logo\/image\/","url":"https:\/\/saltoecologico.es\/wp-content\/uploads\/2025\/04\/Logo-STE.jpg","contentUrl":"https:\/\/saltoecologico.es\/wp-content\/uploads\/2025\/04\/Logo-STE.jpg","width":435,"height":435,"caption":"Salto a la Transici\u00f3n Ecol\u00f3gica"},"image":{"@id":"https:\/\/saltoecologico.es\/#\/schema\/logo\/image\/"},"sameAs":["https:\/\/www.facebook.com\/Saltotransicionecologica"]},{"@type":"Person","@id":"https:\/\/saltoecologico.es\/#\/schema\/person\/7175eec4b3c123d86c675313c3a01a0b","name":"admin","image":{"@type":"ImageObject","inLanguage":"es","@id":"https:\/\/secure.gravatar.com\/avatar\/4c215dc57bbc7b2f2f470ac9bd197f3f112636a584e575a732d0206a2d9c9806?s=96&d=mm&r=g","url":"https:\/\/secure.gravatar.com\/avatar\/4c215dc57bbc7b2f2f470ac9bd197f3f112636a584e575a732d0206a2d9c9806?s=96&d=mm&r=g","contentUrl":"https:\/\/secure.gravatar.com\/avatar\/4c215dc57bbc7b2f2f470ac9bd197f3f112636a584e575a732d0206a2d9c9806?s=96&d=mm&r=g","caption":"admin"},"sameAs":["https:\/\/saltoecologico.es"],"url":"https:\/\/saltoecologico.es\/index.php\/author\/saltoecologico\/"}]}},"_links":{"self":[{"href":"https:\/\/saltoecologico.es\/index.php\/wp-json\/wp\/v2\/posts\/679","targetHints":{"allow":["GET"]}}],"collection":[{"href":"https:\/\/saltoecologico.es\/index.php\/wp-json\/wp\/v2\/posts"}],"about":[{"href":"https:\/\/saltoecologico.es\/index.php\/wp-json\/wp\/v2\/types\/post"}],"author":[{"embeddable":true,"href":"https:\/\/saltoecologico.es\/index.php\/wp-json\/wp\/v2\/users\/1"}],"replies":[{"embeddable":true,"href":"https:\/\/saltoecologico.es\/index.php\/wp-json\/wp\/v2\/comments?post=679"}],"version-history":[{"count":1,"href":"https:\/\/saltoecologico.es\/index.php\/wp-json\/wp\/v2\/posts\/679\/revisions"}],"predecessor-version":[{"id":680,"href":"https:\/\/saltoecologico.es\/index.php\/wp-json\/wp\/v2\/posts\/679\/revisions\/680"}],"wp:featuredmedia":[{"embeddable":true,"href":"https:\/\/saltoecologico.es\/index.php\/wp-json\/wp\/v2\/media\/681"}],"wp:attachment":[{"href":"https:\/\/saltoecologico.es\/index.php\/wp-json\/wp\/v2\/media?parent=679"}],"wp:term":[{"taxonomy":"category","embeddable":true,"href":"https:\/\/saltoecologico.es\/index.php\/wp-json\/wp\/v2\/categories?post=679"},{"taxonomy":"post_tag","embeddable":true,"href":"https:\/\/saltoecologico.es\/index.php\/wp-json\/wp\/v2\/tags?post=679"}],"curies":[{"name":"wp","href":"https:\/\/api.w.org\/{rel}","templated":true}]}}