{"id":682,"date":"2023-08-26T07:57:00","date_gmt":"2023-08-26T07:57:00","guid":{"rendered":"https:\/\/saltoecologico.es\/?p=682"},"modified":"2025-04-18T07:58:30","modified_gmt":"2025-04-18T07:58:30","slug":"lanzarote-y-fuerteventura","status":"publish","type":"post","link":"https:\/\/saltoecologico.es\/index.php\/2023\/08\/26\/lanzarote-y-fuerteventura\/","title":{"rendered":"Lanzarote y Fuerteventura"},"content":{"rendered":"\n<p class=\"wp-block-paragraph\">SITUACI\u00d3N DE LA GENERACI\u00d3N EN LANZAROTE<\/p>\n\n\n\n<p class=\"wp-block-paragraph\">Seg\u00fan el Anuario Energ\u00e9tico de Canarias 2021 (\u00faltimo publicado hasta la fecha), Lanzarote presenta una potencia instalada en su parque de generaci\u00f3n el\u00e9ctrica de 273,4 MW en el a\u00f1o 2021, lo que supone un aumento del 1,8% con respecto a 2011. De estos 273,4 MW, 232,26 corresponde a la Central T\u00e9rmica de Punta Grande (un 85%), 31,5 MW a instalaciones e\u00f3licas (11,5%), 7,5 MW a instalaciones fotovoltaicas (2,7%) y 2,1 MW de biogas.<\/p>\n\n\n\n<p class=\"wp-block-paragraph\">El desglose por grupos instalados en la central es el siguiente:<\/p>\n\n\n\n<figure class=\"wp-block-table\"><table class=\"has-fixed-layout\"><tbody><tr><td>Grupo<\/td><td>Potencia unitaria<\/td><td>A\u00f1o fin de vida \u00fatil<\/td><\/tr><tr><td>Di\u00e9sel 1, 2 y 3<\/td><td>7,5 MW<\/td><td>2011<\/td><\/tr><tr><td>Di\u00e9sel 4 y 5<\/td><td>15,5 MW<\/td><td>2014<\/td><\/tr><tr><td>Di\u00e9sel 6<\/td><td>24.0 MW<\/td><td>2017<\/td><\/tr><tr><td>Di\u00e9sel 7 y 8<\/td><td>18,4 MW<\/td><td>2027<\/td><\/tr><tr><td>Di\u00e9sel 9 y 10<\/td><td>18,5 MW<\/td><td>2031<\/td><\/tr><tr><td>Di\u00e9sel 11<\/td><td>18,4 MW<\/td><td>2038<\/td><\/tr><tr><td>Gas 1<\/td><td>25.0 MW<\/td><td>2013<\/td><\/tr><tr><td>Gas 2<\/td><td>37,5 MW<\/td><td>2023<\/td><\/tr><\/tbody><\/table><\/figure>\n\n\n\n<p class=\"wp-block-paragraph\">La energ\u00eda producida en 2021 se desglosa de la siguiente forma:<\/p>\n\n\n\n<p class=\"wp-block-paragraph\">Motores di\u00e9sel&nbsp;&nbsp;&nbsp;&nbsp;&nbsp;&nbsp;&nbsp;&nbsp;&nbsp;&nbsp;&nbsp;&nbsp;&nbsp;&nbsp;&nbsp;&nbsp;&nbsp;&nbsp;&nbsp;&nbsp;&nbsp;&nbsp;&nbsp;&nbsp;&nbsp;&nbsp;&nbsp;&nbsp;&nbsp;&nbsp;&nbsp; 632.746 MWh (88%)<\/p>\n\n\n\n<p class=\"wp-block-paragraph\">Turbina de gas&nbsp;&nbsp;&nbsp;&nbsp;&nbsp;&nbsp;&nbsp;&nbsp;&nbsp;&nbsp;&nbsp;&nbsp;&nbsp;&nbsp;&nbsp;&nbsp;&nbsp;&nbsp;&nbsp;&nbsp;&nbsp;&nbsp;&nbsp;&nbsp;&nbsp;&nbsp;&nbsp;&nbsp;&nbsp;&nbsp;&nbsp;&nbsp;&nbsp; 12.581 MWh (1,7%)<\/p>\n\n\n\n<p class=\"wp-block-paragraph\">E\u00f3lica&nbsp;&nbsp;&nbsp;&nbsp;&nbsp;&nbsp;&nbsp;&nbsp;&nbsp;&nbsp;&nbsp;&nbsp;&nbsp;&nbsp;&nbsp;&nbsp;&nbsp;&nbsp;&nbsp;&nbsp;&nbsp;&nbsp;&nbsp;&nbsp;&nbsp;&nbsp;&nbsp;&nbsp;&nbsp;&nbsp;&nbsp;&nbsp;&nbsp;&nbsp;&nbsp;&nbsp;&nbsp;&nbsp;&nbsp;&nbsp;&nbsp;&nbsp;&nbsp;&nbsp;&nbsp;&nbsp;&nbsp;&nbsp;&nbsp; 65.696 MWh (9,1%)<\/p>\n\n\n\n<p class=\"wp-block-paragraph\">Fotovoltaica&nbsp;&nbsp;&nbsp;&nbsp;&nbsp;&nbsp;&nbsp;&nbsp;&nbsp;&nbsp;&nbsp;&nbsp;&nbsp;&nbsp;&nbsp;&nbsp;&nbsp;&nbsp;&nbsp;&nbsp;&nbsp;&nbsp;&nbsp;&nbsp;&nbsp;&nbsp;&nbsp;&nbsp;&nbsp;&nbsp;&nbsp;&nbsp;&nbsp;&nbsp;&nbsp;&nbsp;&nbsp;&nbsp;&nbsp; 9.753 MWh (1,4%)<\/p>\n\n\n\n<p class=\"wp-block-paragraph\">Biog\u00e1s&nbsp;&nbsp;&nbsp;&nbsp;&nbsp;&nbsp;&nbsp;&nbsp;&nbsp;&nbsp;&nbsp;&nbsp;&nbsp;&nbsp;&nbsp;&nbsp;&nbsp;&nbsp;&nbsp;&nbsp;&nbsp;&nbsp;&nbsp;&nbsp;&nbsp;&nbsp;&nbsp;&nbsp;&nbsp;&nbsp;&nbsp;&nbsp;&nbsp;&nbsp;&nbsp;&nbsp;&nbsp;&nbsp;&nbsp;&nbsp;&nbsp;&nbsp;&nbsp;&nbsp;&nbsp;&nbsp;&nbsp;&nbsp;&nbsp;&nbsp;&nbsp;&nbsp;&nbsp;&nbsp; 475 MWh (0,07%)<\/p>\n\n\n\n<p class=\"wp-block-paragraph\">Total&nbsp;&nbsp;&nbsp;&nbsp;&nbsp;&nbsp;&nbsp;&nbsp;&nbsp;&nbsp;&nbsp;&nbsp;&nbsp;&nbsp;&nbsp;&nbsp;&nbsp;&nbsp;&nbsp;&nbsp;&nbsp;&nbsp;&nbsp;&nbsp;&nbsp;&nbsp;&nbsp;&nbsp;&nbsp;&nbsp;&nbsp;&nbsp;&nbsp;&nbsp; 721.251 MWh<\/p>\n\n\n\n<p class=\"wp-block-paragraph\">La punta de potencia instant\u00e1nea m\u00e1xima en Lanzarote durante el 2021 fue de 130 MW, con un porcentaje de perdidas por transporte y distribuci\u00f3n del 3,5% que supuso una cantidad de 23.729 MWh (3,96 millones de euros). Las emisiones totales por la generaci\u00f3n el\u00e9ctrica convencional en Lanzarote supusieron <a>445.527 Toneladas de CO2 equivalentes<\/a>.<\/p>\n\n\n\n<p class=\"wp-block-paragraph\">El precio medio de la energ\u00eda generada en Lanzarote fue de 167 \u20ac el a\u00f1o 2021 y por lo tanto generar los 721.251 MWh supuso 120,5 millones de euros. Con lo que respecta al combustible consumido en la central de Punta Grande tenemos 116.103 Tm Fuel (320 euros por TM) y 20.336 (450 euros por Tm) Tm Gas\u00f3leo. Esto supone un montante de 46,3 millones de euros, es decir cerca del 40% del coste que supone generar electricidad en Lanzarote se lo lleva el combustible.<\/p>\n\n\n\n<p class=\"wp-block-paragraph\">SITUACI\u00d3N DE LA GENERACI\u00d3N EN FUERTEVENTURA<\/p>\n\n\n\n<p class=\"wp-block-paragraph\">Seg\u00fan el Anuario Energ\u00e9tico de Canarias 2021 (\u00faltimo publicado hasta la fecha), Fuerteventura presenta una potencia instalada en su parque de generaci\u00f3n el\u00e9ctrica de 256,9 MW en el a\u00f1o 2021, lo que supone un aumento del 2% con respecto a 2011. De estos 256,9 MW, 187 corresponde a la Central T\u00e9rmica de Las Salinas (un 73%), 57,9 MW a instalaciones e\u00f3licas (22,3%) y 11,97 MW a instalaciones fotovoltaicas (4,7%%).<\/p>\n\n\n\n<p class=\"wp-block-paragraph\">El desglose por grupos instalados en la central es el siguiente:<\/p>\n\n\n\n<figure class=\"wp-block-table\"><table class=\"has-fixed-layout\"><tbody><tr><td>Grupo<\/td><td>Potencia unitaria<\/td><td>A\u00f1o fin de vida \u00fatil<\/td><\/tr><tr><td>Di\u00e9sel 1 y 2<\/td><td>4,3 MW<\/td><td>2000<\/td><\/tr><tr><td>Di\u00e9sel 3<\/td><td>&nbsp; 5,0 MW<\/td><td>2005<\/td><\/tr><tr><td>Di\u00e9sel 4 y 5<\/td><td>&nbsp; 7,5 MW<\/td><td>2006<\/td><\/tr><tr><td>Di\u00e9sel 6<\/td><td>24,0 MW<\/td><td>2015<\/td><\/tr><tr><td>Di\u00e9sel 7, 8 y 9<\/td><td>18,4 MW<\/td><td>2030<\/td><\/tr><tr><td>Gas 1<\/td><td>25.0 MW<\/td><td>2017<\/td><\/tr><tr><td>Gas 2<\/td><td>37,5 MW<\/td><td>2025<\/td><\/tr><tr><td>Gas m\u00f3vil 1<\/td><td>16,6 MW<\/td><td>2013<\/td><\/tr><\/tbody><\/table><\/figure>\n\n\n\n<p class=\"wp-block-paragraph\">La energ\u00eda producida en 2021 se desglosa de la siguiente forma:<\/p>\n\n\n\n<p class=\"wp-block-paragraph\">Motores di\u00e9sel&nbsp;&nbsp;&nbsp;&nbsp;&nbsp;&nbsp;&nbsp;&nbsp;&nbsp;&nbsp;&nbsp;&nbsp;&nbsp;&nbsp;&nbsp;&nbsp;&nbsp;&nbsp;&nbsp;&nbsp;&nbsp;&nbsp;&nbsp;&nbsp;&nbsp;&nbsp;&nbsp;&nbsp;&nbsp;&nbsp;&nbsp; 508.727 MWh (82%)<\/p>\n\n\n\n<p class=\"wp-block-paragraph\">Turbina de gas&nbsp;&nbsp;&nbsp;&nbsp;&nbsp;&nbsp;&nbsp;&nbsp;&nbsp;&nbsp;&nbsp;&nbsp;&nbsp;&nbsp;&nbsp;&nbsp;&nbsp;&nbsp;&nbsp;&nbsp;&nbsp;&nbsp;&nbsp;&nbsp;&nbsp;&nbsp;&nbsp;&nbsp;&nbsp;&nbsp;&nbsp;&nbsp;&nbsp; 31.563 MWh (5%)<\/p>\n\n\n\n<p class=\"wp-block-paragraph\">E\u00f3lica&nbsp;&nbsp;&nbsp;&nbsp;&nbsp;&nbsp;&nbsp;&nbsp;&nbsp;&nbsp;&nbsp;&nbsp;&nbsp;&nbsp;&nbsp;&nbsp;&nbsp;&nbsp;&nbsp;&nbsp;&nbsp;&nbsp;&nbsp;&nbsp;&nbsp;&nbsp;&nbsp;&nbsp;&nbsp;&nbsp;&nbsp;&nbsp;&nbsp;&nbsp;&nbsp;&nbsp;&nbsp;&nbsp;&nbsp;&nbsp;&nbsp;&nbsp;&nbsp;&nbsp;&nbsp;&nbsp;&nbsp;&nbsp;&nbsp; 97.696 MWh (15,7%)<\/p>\n\n\n\n<p class=\"wp-block-paragraph\">Fotovoltaica&nbsp;&nbsp;&nbsp;&nbsp;&nbsp;&nbsp;&nbsp;&nbsp;&nbsp;&nbsp;&nbsp;&nbsp;&nbsp;&nbsp;&nbsp;&nbsp;&nbsp;&nbsp;&nbsp;&nbsp;&nbsp;&nbsp;&nbsp;&nbsp;&nbsp;&nbsp;&nbsp;&nbsp;&nbsp;&nbsp;&nbsp;&nbsp;&nbsp;&nbsp;&nbsp;&nbsp; 15.685 MWh (2,5%)<\/p>\n\n\n\n<p class=\"wp-block-paragraph\">Total&nbsp;&nbsp;&nbsp;&nbsp;&nbsp;&nbsp;&nbsp;&nbsp;&nbsp;&nbsp;&nbsp;&nbsp;&nbsp;&nbsp;&nbsp;&nbsp;&nbsp;&nbsp;&nbsp;&nbsp;&nbsp;&nbsp;&nbsp;&nbsp;&nbsp;&nbsp;&nbsp;&nbsp;&nbsp;&nbsp;&nbsp;&nbsp;&nbsp;&nbsp; 622.108 MWh<\/p>\n\n\n\n<p class=\"wp-block-paragraph\">La punta de potencia instant\u00e1nea m\u00e1xima en Fuerteventura durante el 2021 fue de 113 MW, con un porcentaje de perdidas por transporte y distribuci\u00f3n del 4,3% que supuso una cantidad de 25.158 MWh (4,2 millones de euros). Las emisiones totales por la generaci\u00f3n el\u00e9ctrica convencional en Fuerteventura supusieron <a>365.206 Toneladas de CO2 equivalentes<\/a>.<\/p>\n\n\n\n<p class=\"wp-block-paragraph\">El precio medio de la energ\u00eda generada en Fuerteventura fue de 167 \u20ac el MWh en el a\u00f1o 2021 y por lo tanto generar los 622.108 MWh supuso 103,9 millones de euros. Con lo que respecta al combustible consumido en la central de Las Salinas tenemos 100.308 Tm Fuel (320 euros por TM) y 21.550 (450 euros por Tm) Tm Gas\u00f3leo. Esto supone un montante de <a>41,8 millones de euros<\/a>, es decir cerca del 40% del coste que supone generar electricidad en Fuerteventura se lo lleva el combustible.<\/p>\n\n\n\n<p class=\"wp-block-paragraph\">PREGUNTA.<\/p>\n\n\n\n<p class=\"wp-block-paragraph\">Teniendo en cuenta que la penetraci\u00f3n de renovables en el sistema de Lanzarote-Fuerteventura solo alcanza un 20%.<\/p>\n\n\n\n<p class=\"wp-block-paragraph\">Teniendo en cuenta que la mayor parte de los grupos de las centrales de Punta Grande y Las Salina tienen su vida \u00fatil caducada, algunos desde hace m\u00e1s de 20 a\u00f1os.<\/p>\n\n\n\n<p class=\"wp-block-paragraph\">Teniendo en cuenta que en dichas centrales se quema fundamentalmente fueloil lo que hace que se emitan ingentes cantidades de gases de efecto invernadero a la atmosfera que en primera instancia lo sufren los ciudadanos que viven en las cercan\u00edas de estas centrales, concretamente 445.527 Toneladas de CO2 equivalentes por parte de Punta Grande y 365.206 Toneladas de CO2 equivalentes por parte de Las Salinas en el a\u00f1o 2021.<\/p>\n\n\n\n<p class=\"wp-block-paragraph\">Teniendo en cuenta que, si no fuera suficiente la contaminaci\u00f3n producida y sus efectos en el Cambio Clim\u00e1tico Antropog\u00e9nico, as\u00ed como la fuerte dependencia de terceros para el suministro el\u00e9ctrico de estas islas, cerca del 40% del gasto de producir la electricidad en Lanzarote y Fuerteventura se lo lleva el combustible. Concretamente en el a\u00f1o 2021 la producci\u00f3n de la energ\u00eda el\u00e9ctrica en Lanzarote cost\u00f3 120,5 millones de euros de los cuales 46,3 millones de euros correspondieron al combustible. En el caso de Fuerteventura de los m\u00e1s de 103,9 millones de euros, 41,8 millones de euros los utilizamos en derivados del petr\u00f3leo.<\/p>\n\n\n\n<p class=\"wp-block-paragraph\">Teniendo en cuenta que en p\u00e9rdida en las redes de transporte y distribuci\u00f3n en Lanzarote se dilapidan en perdidas 3,96 millones de euros al a\u00f1o, mientras que en Fuerteventura la cantidad perdida es de 4,2 millones de euros al a\u00f1o.<\/p>\n\n\n\n<p class=\"wp-block-paragraph\">Teniendo en cuenta toda esta problem\u00e1tica, \u00bfQu\u00e9 piensa su gobierno hacer para mitigar estos problemas?.<\/p>\n","protected":false},"excerpt":{"rendered":"<p>SITUACI\u00d3N DE LA GENERACI\u00d3N EN LANZAROTE Seg\u00fan el Anuario Energ\u00e9tico de Canarias 2021 (\u00faltimo publicado hasta la fecha), Lanzarote presenta una potencia instalada en su parque de generaci\u00f3n el\u00e9ctrica de 273,4 MW en el a\u00f1o 2021, lo que supone un aumento del 1,8% con respecto a 2011. De estos 273,4 MW, 232,26 corresponde a la [&hellip;]<\/p>\n","protected":false},"author":1,"featured_media":684,"comment_status":"open","ping_status":"open","sticky":false,"template":"","format":"standard","meta":{"footnotes":""},"categories":[36],"tags":[],"class_list":["post-682","post","type-post","status-publish","format-standard","has-post-thumbnail","category-sistema-electrico"],"yoast_head":"<!-- This site is optimized with the Yoast SEO plugin v28.2 - https:\/\/yoast.com\/product\/yoast-seo-wordpress\/ -->\n<title>Lanzarote y Fuerteventura - Salto Ecol\u00f3gico<\/title>\n<meta name=\"robots\" content=\"index, follow, max-snippet:-1, max-image-preview:large, max-video-preview:-1\" \/>\n<link rel=\"canonical\" href=\"https:\/\/saltoecologico.es\/index.php\/2023\/08\/26\/lanzarote-y-fuerteventura\/\" \/>\n<meta property=\"og:locale\" content=\"es_ES\" \/>\n<meta property=\"og:type\" content=\"article\" \/>\n<meta property=\"og:title\" content=\"Lanzarote y Fuerteventura - Salto Ecol\u00f3gico\" \/>\n<meta property=\"og:description\" content=\"SITUACI\u00d3N DE LA GENERACI\u00d3N EN LANZAROTE Seg\u00fan el Anuario Energ\u00e9tico de Canarias 2021 (\u00faltimo publicado hasta la fecha), Lanzarote presenta una potencia instalada en su parque de generaci\u00f3n el\u00e9ctrica de 273,4 MW en el a\u00f1o 2021, lo que supone un aumento del 1,8% con respecto a 2011. De estos 273,4 MW, 232,26 corresponde a la [&hellip;]\" \/>\n<meta property=\"og:url\" content=\"https:\/\/saltoecologico.es\/index.php\/2023\/08\/26\/lanzarote-y-fuerteventura\/\" \/>\n<meta property=\"og:site_name\" content=\"Salto Ecol\u00f3gico\" \/>\n<meta property=\"article:publisher\" content=\"https:\/\/www.facebook.com\/Saltotransicionecologica\" \/>\n<meta property=\"article:published_time\" content=\"2023-08-26T07:57:00+00:00\" \/>\n<meta property=\"article:modified_time\" content=\"2025-04-18T07:58:30+00:00\" \/>\n<meta property=\"og:image\" content=\"https:\/\/saltoecologico.es\/wp-content\/uploads\/2025\/04\/Fosiles18.jpg\" \/>\n\t<meta property=\"og:image:width\" content=\"1024\" \/>\n\t<meta property=\"og:image:height\" content=\"576\" \/>\n\t<meta property=\"og:image:type\" content=\"image\/jpeg\" \/>\n<meta name=\"author\" content=\"admin\" \/>\n<meta name=\"twitter:card\" content=\"summary_large_image\" \/>\n<meta name=\"twitter:label1\" content=\"Escrito por\" \/>\n\t<meta name=\"twitter:data1\" content=\"admin\" \/>\n\t<meta name=\"twitter:label2\" content=\"Tiempo de lectura\" \/>\n\t<meta name=\"twitter:data2\" content=\"5 minutos\" \/>\n<script type=\"application\/ld+json\" class=\"yoast-schema-graph\">{\"@context\":\"https:\\\/\\\/schema.org\",\"@graph\":[{\"@type\":\"Article\",\"@id\":\"https:\\\/\\\/saltoecologico.es\\\/index.php\\\/2023\\\/08\\\/26\\\/lanzarote-y-fuerteventura\\\/#article\",\"isPartOf\":{\"@id\":\"https:\\\/\\\/saltoecologico.es\\\/index.php\\\/2023\\\/08\\\/26\\\/lanzarote-y-fuerteventura\\\/\"},\"author\":{\"name\":\"admin\",\"@id\":\"https:\\\/\\\/saltoecologico.es\\\/#\\\/schema\\\/person\\\/7175eec4b3c123d86c675313c3a01a0b\"},\"headline\":\"Lanzarote y Fuerteventura\",\"datePublished\":\"2023-08-26T07:57:00+00:00\",\"dateModified\":\"2025-04-18T07:58:30+00:00\",\"mainEntityOfPage\":{\"@id\":\"https:\\\/\\\/saltoecologico.es\\\/index.php\\\/2023\\\/08\\\/26\\\/lanzarote-y-fuerteventura\\\/\"},\"wordCount\":1265,\"commentCount\":0,\"publisher\":{\"@id\":\"https:\\\/\\\/saltoecologico.es\\\/#organization\"},\"image\":{\"@id\":\"https:\\\/\\\/saltoecologico.es\\\/index.php\\\/2023\\\/08\\\/26\\\/lanzarote-y-fuerteventura\\\/#primaryimage\"},\"thumbnailUrl\":\"https:\\\/\\\/saltoecologico.es\\\/wp-content\\\/uploads\\\/2025\\\/04\\\/Fosiles18.jpg\",\"articleSection\":[\"Sistema el\u00e9ctrico\"],\"inLanguage\":\"es\",\"potentialAction\":[{\"@type\":\"CommentAction\",\"name\":\"Comment\",\"target\":[\"https:\\\/\\\/saltoecologico.es\\\/index.php\\\/2023\\\/08\\\/26\\\/lanzarote-y-fuerteventura\\\/#respond\"]}]},{\"@type\":\"WebPage\",\"@id\":\"https:\\\/\\\/saltoecologico.es\\\/index.php\\\/2023\\\/08\\\/26\\\/lanzarote-y-fuerteventura\\\/\",\"url\":\"https:\\\/\\\/saltoecologico.es\\\/index.php\\\/2023\\\/08\\\/26\\\/lanzarote-y-fuerteventura\\\/\",\"name\":\"Lanzarote y Fuerteventura - Salto Ecol\u00f3gico\",\"isPartOf\":{\"@id\":\"https:\\\/\\\/saltoecologico.es\\\/#website\"},\"primaryImageOfPage\":{\"@id\":\"https:\\\/\\\/saltoecologico.es\\\/index.php\\\/2023\\\/08\\\/26\\\/lanzarote-y-fuerteventura\\\/#primaryimage\"},\"image\":{\"@id\":\"https:\\\/\\\/saltoecologico.es\\\/index.php\\\/2023\\\/08\\\/26\\\/lanzarote-y-fuerteventura\\\/#primaryimage\"},\"thumbnailUrl\":\"https:\\\/\\\/saltoecologico.es\\\/wp-content\\\/uploads\\\/2025\\\/04\\\/Fosiles18.jpg\",\"datePublished\":\"2023-08-26T07:57:00+00:00\",\"dateModified\":\"2025-04-18T07:58:30+00:00\",\"breadcrumb\":{\"@id\":\"https:\\\/\\\/saltoecologico.es\\\/index.php\\\/2023\\\/08\\\/26\\\/lanzarote-y-fuerteventura\\\/#breadcrumb\"},\"inLanguage\":\"es\",\"potentialAction\":[{\"@type\":\"ReadAction\",\"target\":[\"https:\\\/\\\/saltoecologico.es\\\/index.php\\\/2023\\\/08\\\/26\\\/lanzarote-y-fuerteventura\\\/\"]}]},{\"@type\":\"ImageObject\",\"inLanguage\":\"es\",\"@id\":\"https:\\\/\\\/saltoecologico.es\\\/index.php\\\/2023\\\/08\\\/26\\\/lanzarote-y-fuerteventura\\\/#primaryimage\",\"url\":\"https:\\\/\\\/saltoecologico.es\\\/wp-content\\\/uploads\\\/2025\\\/04\\\/Fosiles18.jpg\",\"contentUrl\":\"https:\\\/\\\/saltoecologico.es\\\/wp-content\\\/uploads\\\/2025\\\/04\\\/Fosiles18.jpg\",\"width\":1024,\"height\":576,\"caption\":\"Cityscape of Bucharest from a drone, rows of residential buildings, thermal station with fog getting out and other the ground, ecology idea, Romania\"},{\"@type\":\"BreadcrumbList\",\"@id\":\"https:\\\/\\\/saltoecologico.es\\\/index.php\\\/2023\\\/08\\\/26\\\/lanzarote-y-fuerteventura\\\/#breadcrumb\",\"itemListElement\":[{\"@type\":\"ListItem\",\"position\":1,\"name\":\"Portada\",\"item\":\"https:\\\/\\\/saltoecologico.es\\\/\"},{\"@type\":\"ListItem\",\"position\":2,\"name\":\"Lanzarote y Fuerteventura\"}]},{\"@type\":\"WebSite\",\"@id\":\"https:\\\/\\\/saltoecologico.es\\\/#website\",\"url\":\"https:\\\/\\\/saltoecologico.es\\\/\",\"name\":\"Salto Ecol\u00f3gico\",\"description\":\"\",\"publisher\":{\"@id\":\"https:\\\/\\\/saltoecologico.es\\\/#organization\"},\"potentialAction\":[{\"@type\":\"SearchAction\",\"target\":{\"@type\":\"EntryPoint\",\"urlTemplate\":\"https:\\\/\\\/saltoecologico.es\\\/?s={search_term_string}\"},\"query-input\":{\"@type\":\"PropertyValueSpecification\",\"valueRequired\":true,\"valueName\":\"search_term_string\"}}],\"inLanguage\":\"es\"},{\"@type\":\"Organization\",\"@id\":\"https:\\\/\\\/saltoecologico.es\\\/#organization\",\"name\":\"Salto a la Transici\u00f3n Ecol\u00f3gica\",\"url\":\"https:\\\/\\\/saltoecologico.es\\\/\",\"logo\":{\"@type\":\"ImageObject\",\"inLanguage\":\"es\",\"@id\":\"https:\\\/\\\/saltoecologico.es\\\/#\\\/schema\\\/logo\\\/image\\\/\",\"url\":\"https:\\\/\\\/saltoecologico.es\\\/wp-content\\\/uploads\\\/2025\\\/04\\\/Logo-STE.jpg\",\"contentUrl\":\"https:\\\/\\\/saltoecologico.es\\\/wp-content\\\/uploads\\\/2025\\\/04\\\/Logo-STE.jpg\",\"width\":435,\"height\":435,\"caption\":\"Salto a la Transici\u00f3n Ecol\u00f3gica\"},\"image\":{\"@id\":\"https:\\\/\\\/saltoecologico.es\\\/#\\\/schema\\\/logo\\\/image\\\/\"},\"sameAs\":[\"https:\\\/\\\/www.facebook.com\\\/Saltotransicionecologica\"]},{\"@type\":\"Person\",\"@id\":\"https:\\\/\\\/saltoecologico.es\\\/#\\\/schema\\\/person\\\/7175eec4b3c123d86c675313c3a01a0b\",\"name\":\"admin\",\"image\":{\"@type\":\"ImageObject\",\"inLanguage\":\"es\",\"@id\":\"https:\\\/\\\/secure.gravatar.com\\\/avatar\\\/4c215dc57bbc7b2f2f470ac9bd197f3f112636a584e575a732d0206a2d9c9806?s=96&d=mm&r=g\",\"url\":\"https:\\\/\\\/secure.gravatar.com\\\/avatar\\\/4c215dc57bbc7b2f2f470ac9bd197f3f112636a584e575a732d0206a2d9c9806?s=96&d=mm&r=g\",\"contentUrl\":\"https:\\\/\\\/secure.gravatar.com\\\/avatar\\\/4c215dc57bbc7b2f2f470ac9bd197f3f112636a584e575a732d0206a2d9c9806?s=96&d=mm&r=g\",\"caption\":\"admin\"},\"sameAs\":[\"https:\\\/\\\/saltoecologico.es\"],\"url\":\"https:\\\/\\\/saltoecologico.es\\\/index.php\\\/author\\\/saltoecologico\\\/\"}]}<\/script>\n<!-- \/ Yoast SEO plugin. -->","yoast_head_json":{"title":"Lanzarote y Fuerteventura - Salto Ecol\u00f3gico","robots":{"index":"index","follow":"follow","max-snippet":"max-snippet:-1","max-image-preview":"max-image-preview:large","max-video-preview":"max-video-preview:-1"},"canonical":"https:\/\/saltoecologico.es\/index.php\/2023\/08\/26\/lanzarote-y-fuerteventura\/","og_locale":"es_ES","og_type":"article","og_title":"Lanzarote y Fuerteventura - Salto Ecol\u00f3gico","og_description":"SITUACI\u00d3N DE LA GENERACI\u00d3N EN LANZAROTE Seg\u00fan el Anuario Energ\u00e9tico de Canarias 2021 (\u00faltimo publicado hasta la fecha), Lanzarote presenta una potencia instalada en su parque de generaci\u00f3n el\u00e9ctrica de 273,4 MW en el a\u00f1o 2021, lo que supone un aumento del 1,8% con respecto a 2011. De estos 273,4 MW, 232,26 corresponde a la [&hellip;]","og_url":"https:\/\/saltoecologico.es\/index.php\/2023\/08\/26\/lanzarote-y-fuerteventura\/","og_site_name":"Salto Ecol\u00f3gico","article_publisher":"https:\/\/www.facebook.com\/Saltotransicionecologica","article_published_time":"2023-08-26T07:57:00+00:00","article_modified_time":"2025-04-18T07:58:30+00:00","og_image":[{"width":1024,"height":576,"url":"https:\/\/saltoecologico.es\/wp-content\/uploads\/2025\/04\/Fosiles18.jpg","type":"image\/jpeg"}],"author":"admin","twitter_card":"summary_large_image","twitter_misc":{"Escrito por":"admin","Tiempo de lectura":"5 minutos"},"schema":{"@context":"https:\/\/schema.org","@graph":[{"@type":"Article","@id":"https:\/\/saltoecologico.es\/index.php\/2023\/08\/26\/lanzarote-y-fuerteventura\/#article","isPartOf":{"@id":"https:\/\/saltoecologico.es\/index.php\/2023\/08\/26\/lanzarote-y-fuerteventura\/"},"author":{"name":"admin","@id":"https:\/\/saltoecologico.es\/#\/schema\/person\/7175eec4b3c123d86c675313c3a01a0b"},"headline":"Lanzarote y Fuerteventura","datePublished":"2023-08-26T07:57:00+00:00","dateModified":"2025-04-18T07:58:30+00:00","mainEntityOfPage":{"@id":"https:\/\/saltoecologico.es\/index.php\/2023\/08\/26\/lanzarote-y-fuerteventura\/"},"wordCount":1265,"commentCount":0,"publisher":{"@id":"https:\/\/saltoecologico.es\/#organization"},"image":{"@id":"https:\/\/saltoecologico.es\/index.php\/2023\/08\/26\/lanzarote-y-fuerteventura\/#primaryimage"},"thumbnailUrl":"https:\/\/saltoecologico.es\/wp-content\/uploads\/2025\/04\/Fosiles18.jpg","articleSection":["Sistema el\u00e9ctrico"],"inLanguage":"es","potentialAction":[{"@type":"CommentAction","name":"Comment","target":["https:\/\/saltoecologico.es\/index.php\/2023\/08\/26\/lanzarote-y-fuerteventura\/#respond"]}]},{"@type":"WebPage","@id":"https:\/\/saltoecologico.es\/index.php\/2023\/08\/26\/lanzarote-y-fuerteventura\/","url":"https:\/\/saltoecologico.es\/index.php\/2023\/08\/26\/lanzarote-y-fuerteventura\/","name":"Lanzarote y Fuerteventura - Salto Ecol\u00f3gico","isPartOf":{"@id":"https:\/\/saltoecologico.es\/#website"},"primaryImageOfPage":{"@id":"https:\/\/saltoecologico.es\/index.php\/2023\/08\/26\/lanzarote-y-fuerteventura\/#primaryimage"},"image":{"@id":"https:\/\/saltoecologico.es\/index.php\/2023\/08\/26\/lanzarote-y-fuerteventura\/#primaryimage"},"thumbnailUrl":"https:\/\/saltoecologico.es\/wp-content\/uploads\/2025\/04\/Fosiles18.jpg","datePublished":"2023-08-26T07:57:00+00:00","dateModified":"2025-04-18T07:58:30+00:00","breadcrumb":{"@id":"https:\/\/saltoecologico.es\/index.php\/2023\/08\/26\/lanzarote-y-fuerteventura\/#breadcrumb"},"inLanguage":"es","potentialAction":[{"@type":"ReadAction","target":["https:\/\/saltoecologico.es\/index.php\/2023\/08\/26\/lanzarote-y-fuerteventura\/"]}]},{"@type":"ImageObject","inLanguage":"es","@id":"https:\/\/saltoecologico.es\/index.php\/2023\/08\/26\/lanzarote-y-fuerteventura\/#primaryimage","url":"https:\/\/saltoecologico.es\/wp-content\/uploads\/2025\/04\/Fosiles18.jpg","contentUrl":"https:\/\/saltoecologico.es\/wp-content\/uploads\/2025\/04\/Fosiles18.jpg","width":1024,"height":576,"caption":"Cityscape of Bucharest from a drone, rows of residential buildings, thermal station with fog getting out and other the ground, ecology idea, Romania"},{"@type":"BreadcrumbList","@id":"https:\/\/saltoecologico.es\/index.php\/2023\/08\/26\/lanzarote-y-fuerteventura\/#breadcrumb","itemListElement":[{"@type":"ListItem","position":1,"name":"Portada","item":"https:\/\/saltoecologico.es\/"},{"@type":"ListItem","position":2,"name":"Lanzarote y Fuerteventura"}]},{"@type":"WebSite","@id":"https:\/\/saltoecologico.es\/#website","url":"https:\/\/saltoecologico.es\/","name":"Salto Ecol\u00f3gico","description":"","publisher":{"@id":"https:\/\/saltoecologico.es\/#organization"},"potentialAction":[{"@type":"SearchAction","target":{"@type":"EntryPoint","urlTemplate":"https:\/\/saltoecologico.es\/?s={search_term_string}"},"query-input":{"@type":"PropertyValueSpecification","valueRequired":true,"valueName":"search_term_string"}}],"inLanguage":"es"},{"@type":"Organization","@id":"https:\/\/saltoecologico.es\/#organization","name":"Salto a la Transici\u00f3n Ecol\u00f3gica","url":"https:\/\/saltoecologico.es\/","logo":{"@type":"ImageObject","inLanguage":"es","@id":"https:\/\/saltoecologico.es\/#\/schema\/logo\/image\/","url":"https:\/\/saltoecologico.es\/wp-content\/uploads\/2025\/04\/Logo-STE.jpg","contentUrl":"https:\/\/saltoecologico.es\/wp-content\/uploads\/2025\/04\/Logo-STE.jpg","width":435,"height":435,"caption":"Salto a la Transici\u00f3n Ecol\u00f3gica"},"image":{"@id":"https:\/\/saltoecologico.es\/#\/schema\/logo\/image\/"},"sameAs":["https:\/\/www.facebook.com\/Saltotransicionecologica"]},{"@type":"Person","@id":"https:\/\/saltoecologico.es\/#\/schema\/person\/7175eec4b3c123d86c675313c3a01a0b","name":"admin","image":{"@type":"ImageObject","inLanguage":"es","@id":"https:\/\/secure.gravatar.com\/avatar\/4c215dc57bbc7b2f2f470ac9bd197f3f112636a584e575a732d0206a2d9c9806?s=96&d=mm&r=g","url":"https:\/\/secure.gravatar.com\/avatar\/4c215dc57bbc7b2f2f470ac9bd197f3f112636a584e575a732d0206a2d9c9806?s=96&d=mm&r=g","contentUrl":"https:\/\/secure.gravatar.com\/avatar\/4c215dc57bbc7b2f2f470ac9bd197f3f112636a584e575a732d0206a2d9c9806?s=96&d=mm&r=g","caption":"admin"},"sameAs":["https:\/\/saltoecologico.es"],"url":"https:\/\/saltoecologico.es\/index.php\/author\/saltoecologico\/"}]}},"_links":{"self":[{"href":"https:\/\/saltoecologico.es\/index.php\/wp-json\/wp\/v2\/posts\/682","targetHints":{"allow":["GET"]}}],"collection":[{"href":"https:\/\/saltoecologico.es\/index.php\/wp-json\/wp\/v2\/posts"}],"about":[{"href":"https:\/\/saltoecologico.es\/index.php\/wp-json\/wp\/v2\/types\/post"}],"author":[{"embeddable":true,"href":"https:\/\/saltoecologico.es\/index.php\/wp-json\/wp\/v2\/users\/1"}],"replies":[{"embeddable":true,"href":"https:\/\/saltoecologico.es\/index.php\/wp-json\/wp\/v2\/comments?post=682"}],"version-history":[{"count":1,"href":"https:\/\/saltoecologico.es\/index.php\/wp-json\/wp\/v2\/posts\/682\/revisions"}],"predecessor-version":[{"id":683,"href":"https:\/\/saltoecologico.es\/index.php\/wp-json\/wp\/v2\/posts\/682\/revisions\/683"}],"wp:featuredmedia":[{"embeddable":true,"href":"https:\/\/saltoecologico.es\/index.php\/wp-json\/wp\/v2\/media\/684"}],"wp:attachment":[{"href":"https:\/\/saltoecologico.es\/index.php\/wp-json\/wp\/v2\/media?parent=682"}],"wp:term":[{"taxonomy":"category","embeddable":true,"href":"https:\/\/saltoecologico.es\/index.php\/wp-json\/wp\/v2\/categories?post=682"},{"taxonomy":"post_tag","embeddable":true,"href":"https:\/\/saltoecologico.es\/index.php\/wp-json\/wp\/v2\/tags?post=682"}],"curies":[{"name":"wp","href":"https:\/\/api.w.org\/{rel}","templated":true}]}}