{"id":685,"date":"2023-08-28T08:00:00","date_gmt":"2023-08-28T08:00:00","guid":{"rendered":"https:\/\/saltoecologico.es\/?p=685"},"modified":"2025-04-18T08:01:31","modified_gmt":"2025-04-18T08:01:31","slug":"cabildo-de-fuerteventura","status":"publish","type":"post","link":"https:\/\/saltoecologico.es\/index.php\/2023\/08\/28\/cabildo-de-fuerteventura\/","title":{"rendered":"Cabildo de Fuerteventura"},"content":{"rendered":"\n<p class=\"wp-block-paragraph\">En un estado de derecho ante la ley solo hay dos situaciones posibles o se cumple o con las mayor\u00edas adecuadas se cambia.<\/p>\n\n\n\n<p class=\"wp-block-paragraph\">\u201cEl Cabildo de Fuerteventura exige al Gobierno de Canarias que se suspendan todos los proyectos en materia energ\u00e9tica solicitados en la Isla a trav\u00e9s del procedimiento excepcional previsto en el art\u00edculo 6 bis de la Ley del Sector El\u00e9ctrico de Canarias, al entender que se utiliza de forma injustificada. Adem\u00e1s, se solicita que no se inicien nuevos procedimientos utilizando la v\u00eda de inter\u00e9s general para ninguna nueva infraestructura energ\u00e9tica hasta que se culmine la planificaci\u00f3n energ\u00e9tica insular en tramitaci\u00f3n\u201d.<\/p>\n\n\n\n<p class=\"wp-block-paragraph\">Seg\u00fan la Ley 11\/1997, de 2 de diciembre, de regulaci\u00f3n del sector el\u00e9ctrico canario y en su art\u00edculo 5 se dice:<\/p>\n\n\n\n<p class=\"wp-block-paragraph\">\u201c1.\u2003Corresponde a la Administraci\u00f3n auton\u00f3mica:<\/p>\n\n\n\n<p class=\"wp-block-paragraph\">a)\u2003La planificaci\u00f3n a largo y corto plazo de las instalaciones de producci\u00f3n, transporte y distribuci\u00f3n de energ\u00eda, de acuerdo con las bases del r\u00e9gimen energ\u00e9tico en el \u00e1mbito estatal.<\/p>\n\n\n\n<p class=\"wp-block-paragraph\">b)\u2003El desarrollo y la ejecuci\u00f3n de la normativa b\u00e1sica sobre la generaci\u00f3n, el transporte, la distribuci\u00f3n y la comercializaci\u00f3n de energ\u00eda el\u00e9ctrica, as\u00ed como la promulgaci\u00f3n de normas adicionales.<\/p>\n\n\n\n<p class=\"wp-block-paragraph\">c)\u2003El otorgamiento de las autorizaciones en los t\u00e9rminos establecidos en esta ley y en las disposiciones de desarrollo reglamentario.<\/p>\n\n\n\n<p class=\"wp-block-paragraph\">d)\u2003El establecimiento de las condiciones t\u00e9cnicas a que deben acomodarse las instalaciones de generaci\u00f3n, transporte y distribuci\u00f3n, en especial los condicionantes medioambientales. En particular las reglamentaciones t\u00e9cnicas se dirigir\u00e1n a obtener la mayor racionalidad de las instalaciones y su fiabilidad, la prestaci\u00f3n del servicio con seguridad para personas y bienes, a la vez que con regularidad y eficiencia.<\/p>\n\n\n\n<p class=\"wp-block-paragraph\">e)\u2003La inspecci\u00f3n del cumplimiento de las especificaciones t\u00e9cnicas y econ\u00f3micas, as\u00ed como otras adicionales que se hubieran establecido al conceder las autorizaciones administrativas, en particular las de servicio p\u00fablico, en su caso.<\/p>\n\n\n\n<p class=\"wp-block-paragraph\">f)\u2003La sanci\u00f3n, de acuerdo con lo establecido en esta ley y en la legislaci\u00f3n estatal aplicable, de las infracciones tipificadas cometidas\u201d.<\/p>\n\n\n\n<p class=\"wp-block-paragraph\">Como se puede observar queda plasmado de una forma n\u00edtida y di\u00e1fana de quien es la competencia en cuestiones de planificaci\u00f3n de las instalaciones de producci\u00f3n, transporte i distribuci\u00f3n de energ\u00eda, por lo que el cabildo de Fuerteventura pueda hacer todos los estudios que considere, pero no tendr\u00e1n car\u00e1cter vinculante desde un punto de vista ni normativo, ni administrativo.<\/p>\n\n\n\n<p class=\"wp-block-paragraph\">Esto a todas luces es de pura l\u00f3gica, porque si bien en Canarias los sistemas el\u00e9ctricos son independiente por islas, la idea es ir poco a poco uni\u00e9ndolos. Es m\u00e1s, ya en la actualidad, Lanzarote y Fuerteventura son un \u00fanico sistema el\u00e9ctrico, por lo que cualquier decisi\u00f3n que se tomara de manera descoordinada en Fuerteventura, repercutir\u00eda en Lanzarote y viceversa.<\/p>\n\n\n\n<p class=\"wp-block-paragraph\">Es m\u00e1s, tanto la generaci\u00f3n, como el transporte y distribuci\u00f3n de los sistemas el\u00e9ctricos de Canarias se controlan desde un \u00fanico centro de control para todas las islas. En el caso de la generaci\u00f3n y el transporte por el Centro de Control de REE ubicado en Gran Canaria y en el caso de la distribuci\u00f3n por el Centro de Control de Endesa ubicado tambi\u00e9n en Gran Canaria.<\/p>\n\n\n\n<p class=\"wp-block-paragraph\">Al parecer y seg\u00fan dice el Cabildo de Fuerteventura, \u201cLos diferentes servicios del Cabildo han analizado cada uno de los proyectos tramitados o que se encuentran en tramitaci\u00f3n por esta v\u00eda, concluyendo que la mayor\u00eda de ellos, que corresponde a plantas solares o parque e\u00f3licos, no responde a motivos de urgencia o excepcionalidad\u201d.<\/p>\n\n\n\n<p class=\"wp-block-paragraph\">Seg\u00fa lo expresado, no estamos en una crisis clim\u00e1tica, no estamos en una situaci\u00f3n en la que hay que revertir urgentemente todas las emisiones de gases de efecto invernadero producida por la quema de combustibles f\u00f3siles, donde las centrales t\u00e9rmicas son el principal foco. La situaci\u00f3n de excepcionalidad clim\u00e1tica en la que ya estamos inmersos es simplemente una ocurrencia de una minor\u00eda de cient\u00edficos que no saben lo que dicen y por consiguiente podemos cruzarnos de brazos tranquilamente hasta que los \u00f3rganos del Cabido de Fuerteventura tengan a bien sacar una planificaci\u00f3n para la que nos son competentes, por lo que ser\u00e1 impugnada en caso de querer ir m\u00e1s all\u00e1, pero mientras tanto se habr\u00e1 conseguido el objetivo que no es otro sino paralizar la penetraci\u00f3n de renovables.<\/p>\n\n\n\n<p class=\"wp-block-paragraph\">Por otro lado, se tiene que considerar que de los doce grupos que tiene la Central de Las Salinas ocho tienen su vida \u00fatil cumplida, algunos desde hace m\u00e1s de veinte a\u00f1os, por lo que es el momento adecuado, para sustituir este modelo caduco, costoso, dependiente y contaminante por uno m\u00e1s barato, independiente del exterior y con cero emisiones. Pero claro el grupo de gobierno auton\u00f3mico esta formado por partidos que dudan del Cambio Clim\u00e1tico Antropog\u00e9nico y ante la imperiosa necesidad de renovar las fuentes de generaci\u00f3n y como las renovables no est\u00e1n maduras ni t\u00e9cnicamente, ni administrativamente, ni paisajistamente, no les va a quedar m\u00e1s remedio que buscar una soluci\u00f3n de consenso y miren por donde tenemos un combustible que se ha estado blanqueando como menos contaminante que va a ser la soluci\u00f3n y que es el gas.<\/p>\n","protected":false},"excerpt":{"rendered":"<p>En un estado de derecho ante la ley solo hay dos situaciones posibles o se cumple o con las mayor\u00edas adecuadas se cambia. \u201cEl Cabildo de Fuerteventura exige al Gobierno de Canarias que se suspendan todos los proyectos en materia energ\u00e9tica solicitados en la Isla a trav\u00e9s del procedimiento excepcional previsto en el art\u00edculo 6 [&hellip;]<\/p>\n","protected":false},"author":1,"featured_media":686,"comment_status":"open","ping_status":"open","sticky":false,"template":"","format":"standard","meta":{"footnotes":""},"categories":[55],"tags":[],"class_list":["post-685","post","type-post","status-publish","format-standard","has-post-thumbnail","category-general"],"yoast_head":"<!-- This site is optimized with the Yoast SEO plugin v28.2 - https:\/\/yoast.com\/product\/yoast-seo-wordpress\/ -->\n<title>Cabildo de Fuerteventura - Salto Ecol\u00f3gico<\/title>\n<meta name=\"robots\" content=\"index, follow, max-snippet:-1, max-image-preview:large, max-video-preview:-1\" \/>\n<link rel=\"canonical\" href=\"https:\/\/saltoecologico.es\/index.php\/2023\/08\/28\/cabildo-de-fuerteventura\/\" \/>\n<meta property=\"og:locale\" content=\"es_ES\" \/>\n<meta property=\"og:type\" content=\"article\" \/>\n<meta property=\"og:title\" content=\"Cabildo de Fuerteventura - Salto Ecol\u00f3gico\" \/>\n<meta property=\"og:description\" content=\"En un estado de derecho ante la ley solo hay dos situaciones posibles o se cumple o con las mayor\u00edas adecuadas se cambia. \u201cEl Cabildo de Fuerteventura exige al Gobierno de Canarias que se suspendan todos los proyectos en materia energ\u00e9tica solicitados en la Isla a trav\u00e9s del procedimiento excepcional previsto en el art\u00edculo 6 [&hellip;]\" \/>\n<meta property=\"og:url\" content=\"https:\/\/saltoecologico.es\/index.php\/2023\/08\/28\/cabildo-de-fuerteventura\/\" \/>\n<meta property=\"og:site_name\" content=\"Salto Ecol\u00f3gico\" \/>\n<meta property=\"article:publisher\" content=\"https:\/\/www.facebook.com\/Saltotransicionecologica\" \/>\n<meta property=\"article:published_time\" content=\"2023-08-28T08:00:00+00:00\" \/>\n<meta property=\"article:modified_time\" content=\"2025-04-18T08:01:31+00:00\" \/>\n<meta property=\"og:image\" content=\"https:\/\/saltoecologico.es\/wp-content\/uploads\/2025\/04\/Fosiles19.jpg\" \/>\n\t<meta property=\"og:image:width\" content=\"1024\" \/>\n\t<meta property=\"og:image:height\" content=\"638\" \/>\n\t<meta property=\"og:image:type\" content=\"image\/jpeg\" \/>\n<meta name=\"author\" content=\"admin\" \/>\n<meta name=\"twitter:card\" content=\"summary_large_image\" \/>\n<meta name=\"twitter:label1\" content=\"Escrito por\" \/>\n\t<meta name=\"twitter:data1\" content=\"admin\" \/>\n\t<meta name=\"twitter:label2\" content=\"Tiempo de lectura\" \/>\n\t<meta name=\"twitter:data2\" content=\"5 minutos\" \/>\n<script type=\"application\/ld+json\" class=\"yoast-schema-graph\">{\"@context\":\"https:\\\/\\\/schema.org\",\"@graph\":[{\"@type\":\"Article\",\"@id\":\"https:\\\/\\\/saltoecologico.es\\\/index.php\\\/2023\\\/08\\\/28\\\/cabildo-de-fuerteventura\\\/#article\",\"isPartOf\":{\"@id\":\"https:\\\/\\\/saltoecologico.es\\\/index.php\\\/2023\\\/08\\\/28\\\/cabildo-de-fuerteventura\\\/\"},\"author\":{\"name\":\"admin\",\"@id\":\"https:\\\/\\\/saltoecologico.es\\\/#\\\/schema\\\/person\\\/7175eec4b3c123d86c675313c3a01a0b\"},\"headline\":\"Cabildo de Fuerteventura\",\"datePublished\":\"2023-08-28T08:00:00+00:00\",\"dateModified\":\"2025-04-18T08:01:31+00:00\",\"mainEntityOfPage\":{\"@id\":\"https:\\\/\\\/saltoecologico.es\\\/index.php\\\/2023\\\/08\\\/28\\\/cabildo-de-fuerteventura\\\/\"},\"wordCount\":922,\"commentCount\":0,\"publisher\":{\"@id\":\"https:\\\/\\\/saltoecologico.es\\\/#organization\"},\"image\":{\"@id\":\"https:\\\/\\\/saltoecologico.es\\\/index.php\\\/2023\\\/08\\\/28\\\/cabildo-de-fuerteventura\\\/#primaryimage\"},\"thumbnailUrl\":\"https:\\\/\\\/saltoecologico.es\\\/wp-content\\\/uploads\\\/2025\\\/04\\\/Fosiles19.jpg\",\"articleSection\":[\"General\"],\"inLanguage\":\"es\",\"potentialAction\":[{\"@type\":\"CommentAction\",\"name\":\"Comment\",\"target\":[\"https:\\\/\\\/saltoecologico.es\\\/index.php\\\/2023\\\/08\\\/28\\\/cabildo-de-fuerteventura\\\/#respond\"]}]},{\"@type\":\"WebPage\",\"@id\":\"https:\\\/\\\/saltoecologico.es\\\/index.php\\\/2023\\\/08\\\/28\\\/cabildo-de-fuerteventura\\\/\",\"url\":\"https:\\\/\\\/saltoecologico.es\\\/index.php\\\/2023\\\/08\\\/28\\\/cabildo-de-fuerteventura\\\/\",\"name\":\"Cabildo de Fuerteventura - Salto Ecol\u00f3gico\",\"isPartOf\":{\"@id\":\"https:\\\/\\\/saltoecologico.es\\\/#website\"},\"primaryImageOfPage\":{\"@id\":\"https:\\\/\\\/saltoecologico.es\\\/index.php\\\/2023\\\/08\\\/28\\\/cabildo-de-fuerteventura\\\/#primaryimage\"},\"image\":{\"@id\":\"https:\\\/\\\/saltoecologico.es\\\/index.php\\\/2023\\\/08\\\/28\\\/cabildo-de-fuerteventura\\\/#primaryimage\"},\"thumbnailUrl\":\"https:\\\/\\\/saltoecologico.es\\\/wp-content\\\/uploads\\\/2025\\\/04\\\/Fosiles19.jpg\",\"datePublished\":\"2023-08-28T08:00:00+00:00\",\"dateModified\":\"2025-04-18T08:01:31+00:00\",\"breadcrumb\":{\"@id\":\"https:\\\/\\\/saltoecologico.es\\\/index.php\\\/2023\\\/08\\\/28\\\/cabildo-de-fuerteventura\\\/#breadcrumb\"},\"inLanguage\":\"es\",\"potentialAction\":[{\"@type\":\"ReadAction\",\"target\":[\"https:\\\/\\\/saltoecologico.es\\\/index.php\\\/2023\\\/08\\\/28\\\/cabildo-de-fuerteventura\\\/\"]}]},{\"@type\":\"ImageObject\",\"inLanguage\":\"es\",\"@id\":\"https:\\\/\\\/saltoecologico.es\\\/index.php\\\/2023\\\/08\\\/28\\\/cabildo-de-fuerteventura\\\/#primaryimage\",\"url\":\"https:\\\/\\\/saltoecologico.es\\\/wp-content\\\/uploads\\\/2025\\\/04\\\/Fosiles19.jpg\",\"contentUrl\":\"https:\\\/\\\/saltoecologico.es\\\/wp-content\\\/uploads\\\/2025\\\/04\\\/Fosiles19.jpg\",\"width\":1024,\"height\":638,\"caption\":\"Silhouette of a researcher wearing a white coverall and gas mask standing on a hill, smoking pipes of thermal power plant are on background, copy space, side view. Concept of environmental pollution.\"},{\"@type\":\"BreadcrumbList\",\"@id\":\"https:\\\/\\\/saltoecologico.es\\\/index.php\\\/2023\\\/08\\\/28\\\/cabildo-de-fuerteventura\\\/#breadcrumb\",\"itemListElement\":[{\"@type\":\"ListItem\",\"position\":1,\"name\":\"Portada\",\"item\":\"https:\\\/\\\/saltoecologico.es\\\/\"},{\"@type\":\"ListItem\",\"position\":2,\"name\":\"Cabildo de Fuerteventura\"}]},{\"@type\":\"WebSite\",\"@id\":\"https:\\\/\\\/saltoecologico.es\\\/#website\",\"url\":\"https:\\\/\\\/saltoecologico.es\\\/\",\"name\":\"Salto Ecol\u00f3gico\",\"description\":\"\",\"publisher\":{\"@id\":\"https:\\\/\\\/saltoecologico.es\\\/#organization\"},\"potentialAction\":[{\"@type\":\"SearchAction\",\"target\":{\"@type\":\"EntryPoint\",\"urlTemplate\":\"https:\\\/\\\/saltoecologico.es\\\/?s={search_term_string}\"},\"query-input\":{\"@type\":\"PropertyValueSpecification\",\"valueRequired\":true,\"valueName\":\"search_term_string\"}}],\"inLanguage\":\"es\"},{\"@type\":\"Organization\",\"@id\":\"https:\\\/\\\/saltoecologico.es\\\/#organization\",\"name\":\"Salto a la Transici\u00f3n Ecol\u00f3gica\",\"url\":\"https:\\\/\\\/saltoecologico.es\\\/\",\"logo\":{\"@type\":\"ImageObject\",\"inLanguage\":\"es\",\"@id\":\"https:\\\/\\\/saltoecologico.es\\\/#\\\/schema\\\/logo\\\/image\\\/\",\"url\":\"https:\\\/\\\/saltoecologico.es\\\/wp-content\\\/uploads\\\/2025\\\/04\\\/Logo-STE.jpg\",\"contentUrl\":\"https:\\\/\\\/saltoecologico.es\\\/wp-content\\\/uploads\\\/2025\\\/04\\\/Logo-STE.jpg\",\"width\":435,\"height\":435,\"caption\":\"Salto a la Transici\u00f3n Ecol\u00f3gica\"},\"image\":{\"@id\":\"https:\\\/\\\/saltoecologico.es\\\/#\\\/schema\\\/logo\\\/image\\\/\"},\"sameAs\":[\"https:\\\/\\\/www.facebook.com\\\/Saltotransicionecologica\"]},{\"@type\":\"Person\",\"@id\":\"https:\\\/\\\/saltoecologico.es\\\/#\\\/schema\\\/person\\\/7175eec4b3c123d86c675313c3a01a0b\",\"name\":\"admin\",\"image\":{\"@type\":\"ImageObject\",\"inLanguage\":\"es\",\"@id\":\"https:\\\/\\\/secure.gravatar.com\\\/avatar\\\/4c215dc57bbc7b2f2f470ac9bd197f3f112636a584e575a732d0206a2d9c9806?s=96&d=mm&r=g\",\"url\":\"https:\\\/\\\/secure.gravatar.com\\\/avatar\\\/4c215dc57bbc7b2f2f470ac9bd197f3f112636a584e575a732d0206a2d9c9806?s=96&d=mm&r=g\",\"contentUrl\":\"https:\\\/\\\/secure.gravatar.com\\\/avatar\\\/4c215dc57bbc7b2f2f470ac9bd197f3f112636a584e575a732d0206a2d9c9806?s=96&d=mm&r=g\",\"caption\":\"admin\"},\"sameAs\":[\"https:\\\/\\\/saltoecologico.es\"],\"url\":\"https:\\\/\\\/saltoecologico.es\\\/index.php\\\/author\\\/saltoecologico\\\/\"}]}<\/script>\n<!-- \/ Yoast SEO plugin. -->","yoast_head_json":{"title":"Cabildo de Fuerteventura - Salto Ecol\u00f3gico","robots":{"index":"index","follow":"follow","max-snippet":"max-snippet:-1","max-image-preview":"max-image-preview:large","max-video-preview":"max-video-preview:-1"},"canonical":"https:\/\/saltoecologico.es\/index.php\/2023\/08\/28\/cabildo-de-fuerteventura\/","og_locale":"es_ES","og_type":"article","og_title":"Cabildo de Fuerteventura - Salto Ecol\u00f3gico","og_description":"En un estado de derecho ante la ley solo hay dos situaciones posibles o se cumple o con las mayor\u00edas adecuadas se cambia. \u201cEl Cabildo de Fuerteventura exige al Gobierno de Canarias que se suspendan todos los proyectos en materia energ\u00e9tica solicitados en la Isla a trav\u00e9s del procedimiento excepcional previsto en el art\u00edculo 6 [&hellip;]","og_url":"https:\/\/saltoecologico.es\/index.php\/2023\/08\/28\/cabildo-de-fuerteventura\/","og_site_name":"Salto Ecol\u00f3gico","article_publisher":"https:\/\/www.facebook.com\/Saltotransicionecologica","article_published_time":"2023-08-28T08:00:00+00:00","article_modified_time":"2025-04-18T08:01:31+00:00","og_image":[{"width":1024,"height":638,"url":"https:\/\/saltoecologico.es\/wp-content\/uploads\/2025\/04\/Fosiles19.jpg","type":"image\/jpeg"}],"author":"admin","twitter_card":"summary_large_image","twitter_misc":{"Escrito por":"admin","Tiempo de lectura":"5 minutos"},"schema":{"@context":"https:\/\/schema.org","@graph":[{"@type":"Article","@id":"https:\/\/saltoecologico.es\/index.php\/2023\/08\/28\/cabildo-de-fuerteventura\/#article","isPartOf":{"@id":"https:\/\/saltoecologico.es\/index.php\/2023\/08\/28\/cabildo-de-fuerteventura\/"},"author":{"name":"admin","@id":"https:\/\/saltoecologico.es\/#\/schema\/person\/7175eec4b3c123d86c675313c3a01a0b"},"headline":"Cabildo de Fuerteventura","datePublished":"2023-08-28T08:00:00+00:00","dateModified":"2025-04-18T08:01:31+00:00","mainEntityOfPage":{"@id":"https:\/\/saltoecologico.es\/index.php\/2023\/08\/28\/cabildo-de-fuerteventura\/"},"wordCount":922,"commentCount":0,"publisher":{"@id":"https:\/\/saltoecologico.es\/#organization"},"image":{"@id":"https:\/\/saltoecologico.es\/index.php\/2023\/08\/28\/cabildo-de-fuerteventura\/#primaryimage"},"thumbnailUrl":"https:\/\/saltoecologico.es\/wp-content\/uploads\/2025\/04\/Fosiles19.jpg","articleSection":["General"],"inLanguage":"es","potentialAction":[{"@type":"CommentAction","name":"Comment","target":["https:\/\/saltoecologico.es\/index.php\/2023\/08\/28\/cabildo-de-fuerteventura\/#respond"]}]},{"@type":"WebPage","@id":"https:\/\/saltoecologico.es\/index.php\/2023\/08\/28\/cabildo-de-fuerteventura\/","url":"https:\/\/saltoecologico.es\/index.php\/2023\/08\/28\/cabildo-de-fuerteventura\/","name":"Cabildo de Fuerteventura - Salto Ecol\u00f3gico","isPartOf":{"@id":"https:\/\/saltoecologico.es\/#website"},"primaryImageOfPage":{"@id":"https:\/\/saltoecologico.es\/index.php\/2023\/08\/28\/cabildo-de-fuerteventura\/#primaryimage"},"image":{"@id":"https:\/\/saltoecologico.es\/index.php\/2023\/08\/28\/cabildo-de-fuerteventura\/#primaryimage"},"thumbnailUrl":"https:\/\/saltoecologico.es\/wp-content\/uploads\/2025\/04\/Fosiles19.jpg","datePublished":"2023-08-28T08:00:00+00:00","dateModified":"2025-04-18T08:01:31+00:00","breadcrumb":{"@id":"https:\/\/saltoecologico.es\/index.php\/2023\/08\/28\/cabildo-de-fuerteventura\/#breadcrumb"},"inLanguage":"es","potentialAction":[{"@type":"ReadAction","target":["https:\/\/saltoecologico.es\/index.php\/2023\/08\/28\/cabildo-de-fuerteventura\/"]}]},{"@type":"ImageObject","inLanguage":"es","@id":"https:\/\/saltoecologico.es\/index.php\/2023\/08\/28\/cabildo-de-fuerteventura\/#primaryimage","url":"https:\/\/saltoecologico.es\/wp-content\/uploads\/2025\/04\/Fosiles19.jpg","contentUrl":"https:\/\/saltoecologico.es\/wp-content\/uploads\/2025\/04\/Fosiles19.jpg","width":1024,"height":638,"caption":"Silhouette of a researcher wearing a white coverall and gas mask standing on a hill, smoking pipes of thermal power plant are on background, copy space, side view. Concept of environmental pollution."},{"@type":"BreadcrumbList","@id":"https:\/\/saltoecologico.es\/index.php\/2023\/08\/28\/cabildo-de-fuerteventura\/#breadcrumb","itemListElement":[{"@type":"ListItem","position":1,"name":"Portada","item":"https:\/\/saltoecologico.es\/"},{"@type":"ListItem","position":2,"name":"Cabildo de Fuerteventura"}]},{"@type":"WebSite","@id":"https:\/\/saltoecologico.es\/#website","url":"https:\/\/saltoecologico.es\/","name":"Salto Ecol\u00f3gico","description":"","publisher":{"@id":"https:\/\/saltoecologico.es\/#organization"},"potentialAction":[{"@type":"SearchAction","target":{"@type":"EntryPoint","urlTemplate":"https:\/\/saltoecologico.es\/?s={search_term_string}"},"query-input":{"@type":"PropertyValueSpecification","valueRequired":true,"valueName":"search_term_string"}}],"inLanguage":"es"},{"@type":"Organization","@id":"https:\/\/saltoecologico.es\/#organization","name":"Salto a la Transici\u00f3n Ecol\u00f3gica","url":"https:\/\/saltoecologico.es\/","logo":{"@type":"ImageObject","inLanguage":"es","@id":"https:\/\/saltoecologico.es\/#\/schema\/logo\/image\/","url":"https:\/\/saltoecologico.es\/wp-content\/uploads\/2025\/04\/Logo-STE.jpg","contentUrl":"https:\/\/saltoecologico.es\/wp-content\/uploads\/2025\/04\/Logo-STE.jpg","width":435,"height":435,"caption":"Salto a la Transici\u00f3n Ecol\u00f3gica"},"image":{"@id":"https:\/\/saltoecologico.es\/#\/schema\/logo\/image\/"},"sameAs":["https:\/\/www.facebook.com\/Saltotransicionecologica"]},{"@type":"Person","@id":"https:\/\/saltoecologico.es\/#\/schema\/person\/7175eec4b3c123d86c675313c3a01a0b","name":"admin","image":{"@type":"ImageObject","inLanguage":"es","@id":"https:\/\/secure.gravatar.com\/avatar\/4c215dc57bbc7b2f2f470ac9bd197f3f112636a584e575a732d0206a2d9c9806?s=96&d=mm&r=g","url":"https:\/\/secure.gravatar.com\/avatar\/4c215dc57bbc7b2f2f470ac9bd197f3f112636a584e575a732d0206a2d9c9806?s=96&d=mm&r=g","contentUrl":"https:\/\/secure.gravatar.com\/avatar\/4c215dc57bbc7b2f2f470ac9bd197f3f112636a584e575a732d0206a2d9c9806?s=96&d=mm&r=g","caption":"admin"},"sameAs":["https:\/\/saltoecologico.es"],"url":"https:\/\/saltoecologico.es\/index.php\/author\/saltoecologico\/"}]}},"_links":{"self":[{"href":"https:\/\/saltoecologico.es\/index.php\/wp-json\/wp\/v2\/posts\/685","targetHints":{"allow":["GET"]}}],"collection":[{"href":"https:\/\/saltoecologico.es\/index.php\/wp-json\/wp\/v2\/posts"}],"about":[{"href":"https:\/\/saltoecologico.es\/index.php\/wp-json\/wp\/v2\/types\/post"}],"author":[{"embeddable":true,"href":"https:\/\/saltoecologico.es\/index.php\/wp-json\/wp\/v2\/users\/1"}],"replies":[{"embeddable":true,"href":"https:\/\/saltoecologico.es\/index.php\/wp-json\/wp\/v2\/comments?post=685"}],"version-history":[{"count":1,"href":"https:\/\/saltoecologico.es\/index.php\/wp-json\/wp\/v2\/posts\/685\/revisions"}],"predecessor-version":[{"id":687,"href":"https:\/\/saltoecologico.es\/index.php\/wp-json\/wp\/v2\/posts\/685\/revisions\/687"}],"wp:featuredmedia":[{"embeddable":true,"href":"https:\/\/saltoecologico.es\/index.php\/wp-json\/wp\/v2\/media\/686"}],"wp:attachment":[{"href":"https:\/\/saltoecologico.es\/index.php\/wp-json\/wp\/v2\/media?parent=685"}],"wp:term":[{"taxonomy":"category","embeddable":true,"href":"https:\/\/saltoecologico.es\/index.php\/wp-json\/wp\/v2\/categories?post=685"},{"taxonomy":"post_tag","embeddable":true,"href":"https:\/\/saltoecologico.es\/index.php\/wp-json\/wp\/v2\/tags?post=685"}],"curies":[{"name":"wp","href":"https:\/\/api.w.org\/{rel}","templated":true}]}}