{"id":688,"date":"2023-09-22T08:03:00","date_gmt":"2023-09-22T08:03:00","guid":{"rendered":"https:\/\/saltoecologico.es\/?p=688"},"modified":"2025-04-18T08:04:36","modified_gmt":"2025-04-18T08:04:36","slug":"impresiones","status":"publish","type":"post","link":"https:\/\/saltoecologico.es\/index.php\/2023\/09\/22\/impresiones\/","title":{"rendered":"Imprecisiones"},"content":{"rendered":"\n<p class=\"wp-block-paragraph\">Creemos que f\u00e1cilmente podemos convenir que un pol\u00edtico no puede ser conocedor de todos los temas que ata\u00f1en a su \u00e1mbito, pero si se le debe exigir tener la ecuanimidad necesaria para rodearse de un grupo de asesores que si controlen esos temas. Si adem\u00e1s ese pol\u00edtico tiene la trascendencia y notoriedad de Antonio Morales hay ciertas declaraciones que no se puede permitir realizar, ya no solo por el prestigio personal, que tambi\u00e9n, sino porque al tener tanta repercusi\u00f3n sus palabras, puede inducir a error a muchas personas.<\/p>\n\n\n\n<p class=\"wp-block-paragraph\">Esto es lo que ha ocurrido con las declaraciones del d\u00eda 20 de septiembre y que El Diario.es recoge con el t\u00edtulo: \u201cGran Canaria avisa del \u201cclaro riesgo de cero energ\u00e9tico\u201d en la isla y pide al Estado tomar medidas urgentes\u201d.<\/p>\n\n\n\n<p class=\"wp-block-paragraph\">El se\u00f1or Morales no puede aducir desconocimiento de la situaci\u00f3n de los grupos de generaci\u00f3n el\u00e9ctrica en el archipi\u00e9lago en general y en Gran Canaria en particular, cuando existe una publicaci\u00f3n de febrero de 2022 denominada \u201cEstrategia de la generaci\u00f3n gestionable\u201d, elaborada por el Instituto Tecnol\u00f3gico de Canarias para el Gobierno de Canarias (mismo gobierno del que su partido formaba parte) y que pone negro sobre blanco la situaci\u00f3n de esos grupos de todas y cada una de las centrales del archipi\u00e9lago, con respecto a su vida \u00fatil regulatoria. Concretamente en la p\u00e1gina 47, del documento citado y despu\u00e9s de una exhaustiva tabla, se puede leer: \u201cLa suma de las potencias de las unidades que s\u00ed podr\u00edan estar operativas hasta el 2030 es de 375,48 MW frente a los 880,72 MW de las unidades que estaban en funcionamiento durante el a\u00f1o 2019. Esto supone una reducci\u00f3n de la potencia aportada por generadores de categor\u00eda A del 57%.\u201d<\/p>\n\n\n\n<p class=\"wp-block-paragraph\">Por lo tanto, no es cierto se\u00f1or Morales su expresi\u00f3n: \u201cUn hecho que se ocult\u00f3 a los cabildos insulares, que tuvieron conocimiento de ello este verano, tras el apag\u00f3n que se produjo en La Gomera\u201d.<\/p>\n\n\n\n<p class=\"wp-block-paragraph\">Tampoco es cierto cuando habla de: \u201cY este panorama se agrava por el hecho de que se hace mucho m\u00e1s complicado el mantenimiento de los equipos existentes y operativos, porque Red El\u00e9ctrica de Espa\u00f1a (REE) informa negativamente, ya que, si los paran para mantenerlos, dejar\u00edan de generar lo que necesita la Isla. \u201cEndesa se salta estos informes negativos, porque su cumplimiento pondr\u00eda en riesgo las infraestructuras energ\u00e9ticas y las vidas de los operarios\u201d\u201d.<\/p>\n\n\n\n<p class=\"wp-block-paragraph\">En este caso el desconocimiento sobre lo que se expone es de grado superlativo, porque seg\u00fan sus palabras pareciera que las centrales est\u00e1n dimensionadas con la potencia justa para cubrir la demanda. Obviamente esto no es cierto y para darle algunos datos Gran Canaria que tiene una punta sobre los 500 MW, posee un parque de 880 MW, Tenerife con una punta similar posee 919 MW de potencia instalada y as\u00ed el resto de las islas. Hist\u00f3ricamente Endesa viene parando todos y cada uno de sus grupos para hacerle mantenimiento de manera regular, porque a igual que un coche, los mantenimientos seg\u00fan horas de funcionamiento, vienen pautados por el fabricante.<\/p>\n\n\n\n<p class=\"wp-block-paragraph\">Por otro lado, deber\u00eda ser asesorado mejor de como funcionan las relaciones entre Endesa y REE, porque si lo hiciera, estar\u00eda informado de que Endesa no se puede saltar nada, porque en \u00faltima instancia, la que da \u201cla orden\u201d de arranque de grupos, cuando acopla y cuanta carga debe de coger en cada momento es REE. Por tanto, Endesa no puede decidir de manera unilateral saltarse nada. Lo que si puede ocurrir es que, si Endesa considera que un grupo no est\u00e1 operativo, declararlo \u201cindisponible\u201d para que REE no lo pueda usar.<\/p>\n\n\n\n<p class=\"wp-block-paragraph\">Continuando con la l\u00ednea de desprop\u00f3sitos se dice en el art\u00edculo lo siguiente: \u201cMorales explic\u00f3 que esta situaci\u00f3n parte de la Ley 17\/2013 de 29 de octubre, para la garant\u00eda de suministro e incremento de la competencia en los sistemas el\u00e9ctricos extrapeninsulares, con la que \u201cse impide\u201d a Endesa incorporar nueva potencia e invertir en nuevos grupos\u201d. La Ley citada no impide hacer nada de lo que se dice, lo que ocurre es que, si se quiere acceder al \u201cr\u00e9gimen retributivo adicional\u201d, que es el que convierte en un aut\u00e9ntico \u201cchollo\u201d, dejando descomunales beneficios a esta empresa, se debe de atener a ciertos requisitos. No existe ninguna ley que impida a Endesa montar una central nueva y cobrar seg\u00fan precio de mercado.<\/p>\n\n\n\n<p class=\"wp-block-paragraph\">Pero continuando con el argumento legal y si se hubiera le\u00eddo completamente esta ley, se hubiera descubierto que tambi\u00e9n se dice: \u201cQuedan exceptuadas de la limitaci\u00f3n regulada en este apartado, las inversiones de renovaci\u00f3n y mejora de la eficiencia que no supongan aumento de capacidad que se realicen en una central en explotaci\u00f3n, en los t\u00e9rminos que se establezcan reglamentariamente, previa aplicaci\u00f3n del procedimiento previsto en el art\u00edculo 2 de esta Ley\u201d.<\/p>\n\n\n\n<p class=\"wp-block-paragraph\">En otro salto al vac\u00edo se expone lo siguiente: \u201cDespu\u00e9s de 25 a\u00f1os, estos grupos dejan de estar en las mejores condiciones y muchos pasan a estar inoperativos y, en esos casos, Endesa los da de baja\u201d, describi\u00f3. \u201cEl Ministerio los deber\u00eda reponer a trav\u00e9s de un concurso p\u00fablico, pero eso no se ha hecho\u201d, sentenci\u00f3\u201d. Para su conocimiento el grupo Gas 1 de Barranco de Tirajana se puso en marcha en 1992, el Gas 2 de Barranco de Tirajana se puso en marcha en 1995, el grupo Gas 1 de Jin\u00e1mar en 1981, haciendo un simple c\u00e1lculo se puede ver cuanto llevan funcionando.<\/p>\n\n\n\n<p class=\"wp-block-paragraph\">Por \u00faltimo, se vuelve a distorsionar la verdad al decir: \u201cAun as\u00ed, el Gobierno de Espa\u00f1a se sigue negando a autorizar inversiones directas de Endesa en el sistema canario e insiste en un concurso p\u00fablico que no llevar\u00eda menos de 5 a 6 a\u00f1os para alcanzar el objetivo de cubrir las necesidades, lo que profundiza adem\u00e1s en la dependencia de los combustibles f\u00f3siles\u201d. Una vez m\u00e1s volvemos a recordar el texto de la Ley, donde se aclara que si no hay un aumento de potencia las inversiones no tienen limitaci\u00f3n alguna.<\/p>\n\n\n\n<p class=\"wp-block-paragraph\">En definitiva, el se\u00f1or Morales hace un flaco favor a los sistemas el\u00e9ctricos de canarias en general y al de Gran Canaria en particular, al poner en el centro de la responsabilidad a una normativa y a un ministerio que, si bien no son inocentes del todo, tampoco son los aut\u00e9nticos culpables. Es una lastima que el se\u00f1or Morales clame por la seguridad y la estabilidad de nuestros sistemas el\u00e9ctricos, cuando nadie, absolutamente nadie, ni siquiera la todopoderosa REE saben en que condiciones est\u00e1n los grupos de Endesa.<\/p>\n\n\n\n<p class=\"wp-block-paragraph\">Todo esto ha venido motivado por el cero de La Gomera y que seg\u00fan parece, porque a\u00fan no se tiene el resultado de la supuesta investigaci\u00f3n que se est\u00e1 llevando a cabo, se debi\u00f3 a un incendio en los servicios auxiliares de los grupos, servicios auxiliares que podr\u00edan haber sido remozados convenientemente, de manera independiente a la posible obsolescencia de los grupos. Decimos esto porque se ha utilizado este hecho para elaborar un relato que nos lleve necesariamente a la renovaci\u00f3n de los grupos, a pesar de que ninguno de los ceros producidos en el archipi\u00e9lago, desde 1980 para ac\u00e1 se debieran a esta supuesta obsolescencia.<\/p>\n\n\n\n<p class=\"wp-block-paragraph\">Los ceros se producen debido a los sistemas aislado, por lo que es imperioso interconectarlos. Los ceros se producen por no tener sistemas de respuesta r\u00e1pidos ante desequilibrios accidentales, como puedan ser los bombeos. Los ceros se producen por tener sistemas de generaci\u00f3n concentrados, que ante la ca\u00edda de un elemento arrastra con los dem\u00e1s, es vez de tener generaci\u00f3n distribuida como nos podr\u00edan dar la instalaci\u00f3n masiva de renovables.<\/p>\n\n\n\n<p class=\"wp-block-paragraph\">Pero desde luego, los ceros no se van a evitar con la introducci\u00f3n callada del gas en la generaci\u00f3n canaria, que es lo que realmente se encuentra detr\u00e1s de todo este relato, al que incomprensiblemente se ha sumado un pol\u00edtico de la relevancia del se\u00f1or Morales.<\/p>\n","protected":false},"excerpt":{"rendered":"<p>Creemos que f\u00e1cilmente podemos convenir que un pol\u00edtico no puede ser conocedor de todos los temas que ata\u00f1en a su \u00e1mbito, pero si se le debe exigir tener la ecuanimidad necesaria para rodearse de un grupo de asesores que si controlen esos temas. Si adem\u00e1s ese pol\u00edtico tiene la trascendencia y notoriedad de Antonio Morales [&hellip;]<\/p>\n","protected":false},"author":1,"featured_media":366,"comment_status":"open","ping_status":"open","sticky":false,"template":"","format":"standard","meta":{"footnotes":""},"categories":[55],"tags":[],"class_list":["post-688","post","type-post","status-publish","format-standard","has-post-thumbnail","category-general"],"yoast_head":"<!-- This site is optimized with the Yoast SEO plugin v28.2 - https:\/\/yoast.com\/product\/yoast-seo-wordpress\/ -->\n<title>Imprecisiones - Salto Ecol\u00f3gico<\/title>\n<meta name=\"robots\" content=\"index, follow, max-snippet:-1, max-image-preview:large, max-video-preview:-1\" \/>\n<link rel=\"canonical\" href=\"https:\/\/saltoecologico.es\/index.php\/2023\/09\/22\/impresiones\/\" \/>\n<meta property=\"og:locale\" content=\"es_ES\" \/>\n<meta property=\"og:type\" content=\"article\" \/>\n<meta property=\"og:title\" content=\"Imprecisiones - Salto Ecol\u00f3gico\" \/>\n<meta property=\"og:description\" content=\"Creemos que f\u00e1cilmente podemos convenir que un pol\u00edtico no puede ser conocedor de todos los temas que ata\u00f1en a su \u00e1mbito, pero si se le debe exigir tener la ecuanimidad necesaria para rodearse de un grupo de asesores que si controlen esos temas. Si adem\u00e1s ese pol\u00edtico tiene la trascendencia y notoriedad de Antonio Morales [&hellip;]\" \/>\n<meta property=\"og:url\" content=\"https:\/\/saltoecologico.es\/index.php\/2023\/09\/22\/impresiones\/\" \/>\n<meta property=\"og:site_name\" content=\"Salto Ecol\u00f3gico\" \/>\n<meta property=\"article:publisher\" content=\"https:\/\/www.facebook.com\/Saltotransicionecologica\" \/>\n<meta property=\"article:published_time\" content=\"2023-09-22T08:03:00+00:00\" \/>\n<meta property=\"article:modified_time\" content=\"2025-04-18T08:04:36+00:00\" \/>\n<meta property=\"og:image\" content=\"https:\/\/saltoecologico.es\/wp-content\/uploads\/2022\/05\/Chimeneas.jpg\" \/>\n\t<meta property=\"og:image:width\" content=\"1024\" \/>\n\t<meta property=\"og:image:height\" content=\"683\" \/>\n\t<meta property=\"og:image:type\" content=\"image\/jpeg\" \/>\n<meta name=\"author\" content=\"admin\" \/>\n<meta name=\"twitter:card\" content=\"summary_large_image\" \/>\n<meta name=\"twitter:label1\" content=\"Escrito por\" \/>\n\t<meta name=\"twitter:data1\" content=\"admin\" \/>\n\t<meta name=\"twitter:label2\" content=\"Tiempo de lectura\" \/>\n\t<meta name=\"twitter:data2\" content=\"7 minutos\" \/>\n<script type=\"application\/ld+json\" class=\"yoast-schema-graph\">{\"@context\":\"https:\\\/\\\/schema.org\",\"@graph\":[{\"@type\":\"Article\",\"@id\":\"https:\\\/\\\/saltoecologico.es\\\/index.php\\\/2023\\\/09\\\/22\\\/impresiones\\\/#article\",\"isPartOf\":{\"@id\":\"https:\\\/\\\/saltoecologico.es\\\/index.php\\\/2023\\\/09\\\/22\\\/impresiones\\\/\"},\"author\":{\"name\":\"admin\",\"@id\":\"https:\\\/\\\/saltoecologico.es\\\/#\\\/schema\\\/person\\\/7175eec4b3c123d86c675313c3a01a0b\"},\"headline\":\"Imprecisiones\",\"datePublished\":\"2023-09-22T08:03:00+00:00\",\"dateModified\":\"2025-04-18T08:04:36+00:00\",\"mainEntityOfPage\":{\"@id\":\"https:\\\/\\\/saltoecologico.es\\\/index.php\\\/2023\\\/09\\\/22\\\/impresiones\\\/\"},\"wordCount\":1371,\"commentCount\":0,\"publisher\":{\"@id\":\"https:\\\/\\\/saltoecologico.es\\\/#organization\"},\"image\":{\"@id\":\"https:\\\/\\\/saltoecologico.es\\\/index.php\\\/2023\\\/09\\\/22\\\/impresiones\\\/#primaryimage\"},\"thumbnailUrl\":\"https:\\\/\\\/saltoecologico.es\\\/wp-content\\\/uploads\\\/2022\\\/05\\\/Chimeneas.jpg\",\"articleSection\":[\"General\"],\"inLanguage\":\"es\",\"potentialAction\":[{\"@type\":\"CommentAction\",\"name\":\"Comment\",\"target\":[\"https:\\\/\\\/saltoecologico.es\\\/index.php\\\/2023\\\/09\\\/22\\\/impresiones\\\/#respond\"]}]},{\"@type\":\"WebPage\",\"@id\":\"https:\\\/\\\/saltoecologico.es\\\/index.php\\\/2023\\\/09\\\/22\\\/impresiones\\\/\",\"url\":\"https:\\\/\\\/saltoecologico.es\\\/index.php\\\/2023\\\/09\\\/22\\\/impresiones\\\/\",\"name\":\"Imprecisiones - Salto Ecol\u00f3gico\",\"isPartOf\":{\"@id\":\"https:\\\/\\\/saltoecologico.es\\\/#website\"},\"primaryImageOfPage\":{\"@id\":\"https:\\\/\\\/saltoecologico.es\\\/index.php\\\/2023\\\/09\\\/22\\\/impresiones\\\/#primaryimage\"},\"image\":{\"@id\":\"https:\\\/\\\/saltoecologico.es\\\/index.php\\\/2023\\\/09\\\/22\\\/impresiones\\\/#primaryimage\"},\"thumbnailUrl\":\"https:\\\/\\\/saltoecologico.es\\\/wp-content\\\/uploads\\\/2022\\\/05\\\/Chimeneas.jpg\",\"datePublished\":\"2023-09-22T08:03:00+00:00\",\"dateModified\":\"2025-04-18T08:04:36+00:00\",\"breadcrumb\":{\"@id\":\"https:\\\/\\\/saltoecologico.es\\\/index.php\\\/2023\\\/09\\\/22\\\/impresiones\\\/#breadcrumb\"},\"inLanguage\":\"es\",\"potentialAction\":[{\"@type\":\"ReadAction\",\"target\":[\"https:\\\/\\\/saltoecologico.es\\\/index.php\\\/2023\\\/09\\\/22\\\/impresiones\\\/\"]}]},{\"@type\":\"ImageObject\",\"inLanguage\":\"es\",\"@id\":\"https:\\\/\\\/saltoecologico.es\\\/index.php\\\/2023\\\/09\\\/22\\\/impresiones\\\/#primaryimage\",\"url\":\"https:\\\/\\\/saltoecologico.es\\\/wp-content\\\/uploads\\\/2022\\\/05\\\/Chimeneas.jpg\",\"contentUrl\":\"https:\\\/\\\/saltoecologico.es\\\/wp-content\\\/uploads\\\/2022\\\/05\\\/Chimeneas.jpg\",\"width\":1024,\"height\":683,\"caption\":\"Aerial view of coal power plant high pipes with black smoke moving up polluting atmosphere at sunset.\"},{\"@type\":\"BreadcrumbList\",\"@id\":\"https:\\\/\\\/saltoecologico.es\\\/index.php\\\/2023\\\/09\\\/22\\\/impresiones\\\/#breadcrumb\",\"itemListElement\":[{\"@type\":\"ListItem\",\"position\":1,\"name\":\"Portada\",\"item\":\"https:\\\/\\\/saltoecologico.es\\\/\"},{\"@type\":\"ListItem\",\"position\":2,\"name\":\"Imprecisiones\"}]},{\"@type\":\"WebSite\",\"@id\":\"https:\\\/\\\/saltoecologico.es\\\/#website\",\"url\":\"https:\\\/\\\/saltoecologico.es\\\/\",\"name\":\"Salto Ecol\u00f3gico\",\"description\":\"\",\"publisher\":{\"@id\":\"https:\\\/\\\/saltoecologico.es\\\/#organization\"},\"potentialAction\":[{\"@type\":\"SearchAction\",\"target\":{\"@type\":\"EntryPoint\",\"urlTemplate\":\"https:\\\/\\\/saltoecologico.es\\\/?s={search_term_string}\"},\"query-input\":{\"@type\":\"PropertyValueSpecification\",\"valueRequired\":true,\"valueName\":\"search_term_string\"}}],\"inLanguage\":\"es\"},{\"@type\":\"Organization\",\"@id\":\"https:\\\/\\\/saltoecologico.es\\\/#organization\",\"name\":\"Salto a la Transici\u00f3n Ecol\u00f3gica\",\"url\":\"https:\\\/\\\/saltoecologico.es\\\/\",\"logo\":{\"@type\":\"ImageObject\",\"inLanguage\":\"es\",\"@id\":\"https:\\\/\\\/saltoecologico.es\\\/#\\\/schema\\\/logo\\\/image\\\/\",\"url\":\"https:\\\/\\\/saltoecologico.es\\\/wp-content\\\/uploads\\\/2025\\\/04\\\/Logo-STE.jpg\",\"contentUrl\":\"https:\\\/\\\/saltoecologico.es\\\/wp-content\\\/uploads\\\/2025\\\/04\\\/Logo-STE.jpg\",\"width\":435,\"height\":435,\"caption\":\"Salto a la Transici\u00f3n Ecol\u00f3gica\"},\"image\":{\"@id\":\"https:\\\/\\\/saltoecologico.es\\\/#\\\/schema\\\/logo\\\/image\\\/\"},\"sameAs\":[\"https:\\\/\\\/www.facebook.com\\\/Saltotransicionecologica\"]},{\"@type\":\"Person\",\"@id\":\"https:\\\/\\\/saltoecologico.es\\\/#\\\/schema\\\/person\\\/7175eec4b3c123d86c675313c3a01a0b\",\"name\":\"admin\",\"image\":{\"@type\":\"ImageObject\",\"inLanguage\":\"es\",\"@id\":\"https:\\\/\\\/secure.gravatar.com\\\/avatar\\\/4c215dc57bbc7b2f2f470ac9bd197f3f112636a584e575a732d0206a2d9c9806?s=96&d=mm&r=g\",\"url\":\"https:\\\/\\\/secure.gravatar.com\\\/avatar\\\/4c215dc57bbc7b2f2f470ac9bd197f3f112636a584e575a732d0206a2d9c9806?s=96&d=mm&r=g\",\"contentUrl\":\"https:\\\/\\\/secure.gravatar.com\\\/avatar\\\/4c215dc57bbc7b2f2f470ac9bd197f3f112636a584e575a732d0206a2d9c9806?s=96&d=mm&r=g\",\"caption\":\"admin\"},\"sameAs\":[\"https:\\\/\\\/saltoecologico.es\"],\"url\":\"https:\\\/\\\/saltoecologico.es\\\/index.php\\\/author\\\/saltoecologico\\\/\"}]}<\/script>\n<!-- \/ Yoast SEO plugin. -->","yoast_head_json":{"title":"Imprecisiones - Salto Ecol\u00f3gico","robots":{"index":"index","follow":"follow","max-snippet":"max-snippet:-1","max-image-preview":"max-image-preview:large","max-video-preview":"max-video-preview:-1"},"canonical":"https:\/\/saltoecologico.es\/index.php\/2023\/09\/22\/impresiones\/","og_locale":"es_ES","og_type":"article","og_title":"Imprecisiones - Salto Ecol\u00f3gico","og_description":"Creemos que f\u00e1cilmente podemos convenir que un pol\u00edtico no puede ser conocedor de todos los temas que ata\u00f1en a su \u00e1mbito, pero si se le debe exigir tener la ecuanimidad necesaria para rodearse de un grupo de asesores que si controlen esos temas. Si adem\u00e1s ese pol\u00edtico tiene la trascendencia y notoriedad de Antonio Morales [&hellip;]","og_url":"https:\/\/saltoecologico.es\/index.php\/2023\/09\/22\/impresiones\/","og_site_name":"Salto Ecol\u00f3gico","article_publisher":"https:\/\/www.facebook.com\/Saltotransicionecologica","article_published_time":"2023-09-22T08:03:00+00:00","article_modified_time":"2025-04-18T08:04:36+00:00","og_image":[{"width":1024,"height":683,"url":"https:\/\/saltoecologico.es\/wp-content\/uploads\/2022\/05\/Chimeneas.jpg","type":"image\/jpeg"}],"author":"admin","twitter_card":"summary_large_image","twitter_misc":{"Escrito por":"admin","Tiempo de lectura":"7 minutos"},"schema":{"@context":"https:\/\/schema.org","@graph":[{"@type":"Article","@id":"https:\/\/saltoecologico.es\/index.php\/2023\/09\/22\/impresiones\/#article","isPartOf":{"@id":"https:\/\/saltoecologico.es\/index.php\/2023\/09\/22\/impresiones\/"},"author":{"name":"admin","@id":"https:\/\/saltoecologico.es\/#\/schema\/person\/7175eec4b3c123d86c675313c3a01a0b"},"headline":"Imprecisiones","datePublished":"2023-09-22T08:03:00+00:00","dateModified":"2025-04-18T08:04:36+00:00","mainEntityOfPage":{"@id":"https:\/\/saltoecologico.es\/index.php\/2023\/09\/22\/impresiones\/"},"wordCount":1371,"commentCount":0,"publisher":{"@id":"https:\/\/saltoecologico.es\/#organization"},"image":{"@id":"https:\/\/saltoecologico.es\/index.php\/2023\/09\/22\/impresiones\/#primaryimage"},"thumbnailUrl":"https:\/\/saltoecologico.es\/wp-content\/uploads\/2022\/05\/Chimeneas.jpg","articleSection":["General"],"inLanguage":"es","potentialAction":[{"@type":"CommentAction","name":"Comment","target":["https:\/\/saltoecologico.es\/index.php\/2023\/09\/22\/impresiones\/#respond"]}]},{"@type":"WebPage","@id":"https:\/\/saltoecologico.es\/index.php\/2023\/09\/22\/impresiones\/","url":"https:\/\/saltoecologico.es\/index.php\/2023\/09\/22\/impresiones\/","name":"Imprecisiones - Salto Ecol\u00f3gico","isPartOf":{"@id":"https:\/\/saltoecologico.es\/#website"},"primaryImageOfPage":{"@id":"https:\/\/saltoecologico.es\/index.php\/2023\/09\/22\/impresiones\/#primaryimage"},"image":{"@id":"https:\/\/saltoecologico.es\/index.php\/2023\/09\/22\/impresiones\/#primaryimage"},"thumbnailUrl":"https:\/\/saltoecologico.es\/wp-content\/uploads\/2022\/05\/Chimeneas.jpg","datePublished":"2023-09-22T08:03:00+00:00","dateModified":"2025-04-18T08:04:36+00:00","breadcrumb":{"@id":"https:\/\/saltoecologico.es\/index.php\/2023\/09\/22\/impresiones\/#breadcrumb"},"inLanguage":"es","potentialAction":[{"@type":"ReadAction","target":["https:\/\/saltoecologico.es\/index.php\/2023\/09\/22\/impresiones\/"]}]},{"@type":"ImageObject","inLanguage":"es","@id":"https:\/\/saltoecologico.es\/index.php\/2023\/09\/22\/impresiones\/#primaryimage","url":"https:\/\/saltoecologico.es\/wp-content\/uploads\/2022\/05\/Chimeneas.jpg","contentUrl":"https:\/\/saltoecologico.es\/wp-content\/uploads\/2022\/05\/Chimeneas.jpg","width":1024,"height":683,"caption":"Aerial view of coal power plant high pipes with black smoke moving up polluting atmosphere at sunset."},{"@type":"BreadcrumbList","@id":"https:\/\/saltoecologico.es\/index.php\/2023\/09\/22\/impresiones\/#breadcrumb","itemListElement":[{"@type":"ListItem","position":1,"name":"Portada","item":"https:\/\/saltoecologico.es\/"},{"@type":"ListItem","position":2,"name":"Imprecisiones"}]},{"@type":"WebSite","@id":"https:\/\/saltoecologico.es\/#website","url":"https:\/\/saltoecologico.es\/","name":"Salto Ecol\u00f3gico","description":"","publisher":{"@id":"https:\/\/saltoecologico.es\/#organization"},"potentialAction":[{"@type":"SearchAction","target":{"@type":"EntryPoint","urlTemplate":"https:\/\/saltoecologico.es\/?s={search_term_string}"},"query-input":{"@type":"PropertyValueSpecification","valueRequired":true,"valueName":"search_term_string"}}],"inLanguage":"es"},{"@type":"Organization","@id":"https:\/\/saltoecologico.es\/#organization","name":"Salto a la Transici\u00f3n Ecol\u00f3gica","url":"https:\/\/saltoecologico.es\/","logo":{"@type":"ImageObject","inLanguage":"es","@id":"https:\/\/saltoecologico.es\/#\/schema\/logo\/image\/","url":"https:\/\/saltoecologico.es\/wp-content\/uploads\/2025\/04\/Logo-STE.jpg","contentUrl":"https:\/\/saltoecologico.es\/wp-content\/uploads\/2025\/04\/Logo-STE.jpg","width":435,"height":435,"caption":"Salto a la Transici\u00f3n Ecol\u00f3gica"},"image":{"@id":"https:\/\/saltoecologico.es\/#\/schema\/logo\/image\/"},"sameAs":["https:\/\/www.facebook.com\/Saltotransicionecologica"]},{"@type":"Person","@id":"https:\/\/saltoecologico.es\/#\/schema\/person\/7175eec4b3c123d86c675313c3a01a0b","name":"admin","image":{"@type":"ImageObject","inLanguage":"es","@id":"https:\/\/secure.gravatar.com\/avatar\/4c215dc57bbc7b2f2f470ac9bd197f3f112636a584e575a732d0206a2d9c9806?s=96&d=mm&r=g","url":"https:\/\/secure.gravatar.com\/avatar\/4c215dc57bbc7b2f2f470ac9bd197f3f112636a584e575a732d0206a2d9c9806?s=96&d=mm&r=g","contentUrl":"https:\/\/secure.gravatar.com\/avatar\/4c215dc57bbc7b2f2f470ac9bd197f3f112636a584e575a732d0206a2d9c9806?s=96&d=mm&r=g","caption":"admin"},"sameAs":["https:\/\/saltoecologico.es"],"url":"https:\/\/saltoecologico.es\/index.php\/author\/saltoecologico\/"}]}},"_links":{"self":[{"href":"https:\/\/saltoecologico.es\/index.php\/wp-json\/wp\/v2\/posts\/688","targetHints":{"allow":["GET"]}}],"collection":[{"href":"https:\/\/saltoecologico.es\/index.php\/wp-json\/wp\/v2\/posts"}],"about":[{"href":"https:\/\/saltoecologico.es\/index.php\/wp-json\/wp\/v2\/types\/post"}],"author":[{"embeddable":true,"href":"https:\/\/saltoecologico.es\/index.php\/wp-json\/wp\/v2\/users\/1"}],"replies":[{"embeddable":true,"href":"https:\/\/saltoecologico.es\/index.php\/wp-json\/wp\/v2\/comments?post=688"}],"version-history":[{"count":2,"href":"https:\/\/saltoecologico.es\/index.php\/wp-json\/wp\/v2\/posts\/688\/revisions"}],"predecessor-version":[{"id":690,"href":"https:\/\/saltoecologico.es\/index.php\/wp-json\/wp\/v2\/posts\/688\/revisions\/690"}],"wp:featuredmedia":[{"embeddable":true,"href":"https:\/\/saltoecologico.es\/index.php\/wp-json\/wp\/v2\/media\/366"}],"wp:attachment":[{"href":"https:\/\/saltoecologico.es\/index.php\/wp-json\/wp\/v2\/media?parent=688"}],"wp:term":[{"taxonomy":"category","embeddable":true,"href":"https:\/\/saltoecologico.es\/index.php\/wp-json\/wp\/v2\/categories?post=688"},{"taxonomy":"post_tag","embeddable":true,"href":"https:\/\/saltoecologico.es\/index.php\/wp-json\/wp\/v2\/tags?post=688"}],"curies":[{"name":"wp","href":"https:\/\/api.w.org\/{rel}","templated":true}]}}