{"id":691,"date":"2023-10-08T08:53:00","date_gmt":"2023-10-08T08:53:00","guid":{"rendered":"https:\/\/saltoecologico.es\/?p=691"},"modified":"2025-04-18T08:54:15","modified_gmt":"2025-04-18T08:54:15","slug":"regimen-retributivo-adicional","status":"publish","type":"post","link":"https:\/\/saltoecologico.es\/index.php\/2023\/10\/08\/regimen-retributivo-adicional\/","title":{"rendered":"R\u00e9gimen retributivo adicional"},"content":{"rendered":"\n<p class=\"wp-block-paragraph\">Vivimos una suerte de realidad que a veces es trascendida por la ficci\u00f3n y donde las medias verdades y muchas veces mentiras se convierten en el pan nuestro de cada d\u00eda.<\/p>\n\n\n\n<p class=\"wp-block-paragraph\">A ra\u00edz del \u201ccero\u201d de La Gomera se ha creado un discurso en el que se da por sentado que todos nuestros males en el sector el\u00e9ctrico se deben a una burocracia legislativa y administrativa perversa, que ha impedido que los grupos de generaci\u00f3n el\u00e9ctrica de nuestras centrales se hayan podido renovar de forma adecuada. Al parecer no se sabe bien que entes han mantenido oculto a las administraciones canarias el fin de la vida \u00fatil regulatoria de muchos de los grupos que conforman nuestras centrales el\u00e9ctricas y por arte de \u201cbirlibirloque\u201d con el apag\u00f3n de la Gomera todo esto ha salido a la luz. Adem\u00e1s, en un af\u00e1n de \u201cechar balones fuera\u201d se ha constituido un coro histri\u00f3nico y un\u00e1nime que se ha encargado de cargar las tintas sobre \u201cpap\u00e1 estado\u201d, olvidando que es la Comunidad Aut\u00f3noma donde residen las competencias oportunas para abordar la cuesti\u00f3n. Como bien respondi\u00f3 el ministerio de Transici\u00f3n Ecol\u00f3gica de la naci\u00f3n a estas demandas: \u201ctanto la selecci\u00f3n de las medidas como su implantaci\u00f3n en el territorio es competencia del Gobierno auton\u00f3mico, mientras que el Ministerio solo es responsable de autorizar la cobertura de costes con cargo al sistema el\u00e9ctrico\u201d.<\/p>\n\n\n\n<p class=\"wp-block-paragraph\">Pero vayamos por partes. La Ley 24\/2013, de 26 de diciembre, del Sector El\u00e9ctrico, dispone en su art\u00edculo 14 que la actividad de producci\u00f3n de energ\u00eda el\u00e9ctrica en los territorios extrapeninsulares pueda percibir una retribuci\u00f3n adicional. La Ley 17\/2013, de 29 de octubre, para la garant\u00eda del suministro e incremento de la competencia en los sistemas el\u00e9ctricos insulares y extrapeninsulares, establece que, para tener derecho al r\u00e9gimen retributivo adicional, las nuevas instalaciones de producci\u00f3n de energ\u00eda el\u00e9ctrica o renovaciones de las existentes requerir\u00e1n, con car\u00e1cter previo a la autorizaci\u00f3n administrativa, resoluci\u00f3n favorable de compatibilidad dictada por la Direcci\u00f3n General de Pol\u00edtica Energ\u00e9tica y Minas. Posteriormente, en desarrollo de la Ley 17\/2013, de 29 de octubre y de la Ley 24\/2013, de 26 de diciembre se aprob\u00f3 el Real Decreto 738\/2015, de 31 de julio, por el que se regula la actividad de producci\u00f3n de energ\u00eda el\u00e9ctrica y el procedimiento de despacho en los sistemas el\u00e9ctricos de los territorios no peninsulares que se notific\u00f3 con car\u00e1cter previo a su aprobaci\u00f3n a la Comisi\u00f3n Europea la cual no present\u00f3 objeciones (SA.42270). En este real decreto se establece un procedimiento de concurrencia competitiva para la concesi\u00f3n de la resoluci\u00f3n de compatibilidad prevista en la Ley 17\/2013, de 29 de octubre.<\/p>\n\n\n\n<p class=\"wp-block-paragraph\">Por tanto, si cualquiera se dedica a leer atentamente las normas indicadas podr\u00e1 concluir f\u00e1cilmente que el proceso de concurrencia competitiva no es en absoluto para autorizar la instalaci\u00f3n de nuevos grupos, como se ha dicho hasta la saciedad, sino para \u201cLA CONSECI\u00d3N DEL R\u00c9GIMEN RETRIBUTIVO ADICIONAL\u201d, pudiendo perfectamente existir grupos de producci\u00f3n, perfectamente legales, sin que reciban el r\u00e9gimen retributivo adicional. Es m\u00e1s, el art\u00edculo 8 del Real Decreto 738\/2015, de 31 de julio, por el que se regula la actividad de producci\u00f3n de energ\u00eda el\u00e9ctrica y el procedimiento de despacho en los sistemas el\u00e9ctricos de los territorios no peninsulares y que se titula: \u201cR\u00e9gimen econ\u00f3mico de las instalaciones sin derecho a la percepci\u00f3n de r\u00e9gimen retributivo adicional o espec\u00edfico\u201d, indica claramente lo siguiente: \u201c1. Las instalaciones de generaci\u00f3n ubicadas en los sistemas el\u00e9ctricos aislados de los territorios no peninsulares a las que no se les haya reconocido el r\u00e9gimen retributivo adicional o el r\u00e9gimen retributivo espec\u00edfico, obtendr\u00e1n por su energ\u00eda generada medida en barras de central el precio horario de venta de la energ\u00eda en el despacho del sistema aislado j, Phventa(j), definido en el anexo I\u201d.<\/p>\n\n\n\n<p class=\"wp-block-paragraph\">Por tanto, cualquier empresa que hubiese querido podr\u00eda haber solicitado la instalaci\u00f3n de nuevos grupos, en cualquier momento del pasado, pero eso s\u00ed, sin recibir las retribuciones del r\u00e9gimen retributivo adicional.<\/p>\n\n\n\n<p class=\"wp-block-paragraph\">En consecuencia, no estamos hablando de un impedimento normativo a la instalaci\u00f3n de nuevos grupos en Canarias, estamos hablando simple y llanamente que las empresas que lo podr\u00edan haber hecho, no lo hicieron porque no iban a obtener todos los beneficios que podr\u00edan con el r\u00e9gimen retributivo adecuado.<\/p>\n\n\n\n<p class=\"wp-block-paragraph\">Debemos tener presente que por cada euro que costaba la generaci\u00f3n el\u00e9ctrica en la pen\u00ednsula, en Canarias se ha pagado entre 4 y 5 euros y obviamente una empresa no va a solventar un problema ganando un euro, sin puede volverlo cr\u00f3nico, para al final ganar cinco.<\/p>\n\n\n\n<p class=\"wp-block-paragraph\">Esto no es ni m\u00e1s ni menos lo que ha ocurrido con el \u00faltimo movimiento de la Consejer\u00eda de Transici\u00f3n Ecol\u00f3gica y Energ\u00eda en su \u201cINVITACI\u00d3N PARA LA PRESENTACI\u00d3N DE PROPUESTAS PARA LA INSTALACI\u00d3N DE POTENCIA DE GENERACI\u00d3N ADICIONAL CON EL FIN DE CUBRIR LAS NECESIDADES DE EMERGENCIA EN LOS SISTEMAS EL\u00c9CTRICOS DE CANARIAS\u201d. Este procedimiento comenzado y la b\u00fasqueda de la autorizaci\u00f3n del Ministerio, trata de que las empresas que acudan a \u00e9l, puedan recibir el R\u00e9gimen Retributivo Adicional, durante la vigencia del periodo establecido y sus posibles ampliaciones. El R\u00e9gimen Retributivo Adicional es una bendici\u00f3n para los canarios porque se sobreretribuye a las empresas de generaci\u00f3n el\u00e9ctrica para que le sea atractivo instalarse en Canarias, pero no puede convertirse en el elemento coacionador para que estas mismas empresas puedan<\/p>\n","protected":false},"excerpt":{"rendered":"<p>Vivimos una suerte de realidad que a veces es trascendida por la ficci\u00f3n y donde las medias verdades y muchas veces mentiras se convierten en el pan nuestro de cada d\u00eda. A ra\u00edz del \u201ccero\u201d de La Gomera se ha creado un discurso en el que se da por sentado que todos nuestros males en [&hellip;]<\/p>\n","protected":false},"author":1,"featured_media":692,"comment_status":"open","ping_status":"open","sticky":false,"template":"","format":"standard","meta":{"footnotes":""},"categories":[55],"tags":[],"class_list":["post-691","post","type-post","status-publish","format-standard","has-post-thumbnail","category-general"],"yoast_head":"<!-- This site is optimized with the Yoast SEO plugin v28.2 - https:\/\/yoast.com\/product\/yoast-seo-wordpress\/ -->\n<title>R\u00e9gimen retributivo adicional - Salto Ecol\u00f3gico<\/title>\n<meta name=\"robots\" content=\"index, follow, max-snippet:-1, max-image-preview:large, max-video-preview:-1\" \/>\n<link rel=\"canonical\" href=\"https:\/\/saltoecologico.es\/index.php\/2023\/10\/08\/regimen-retributivo-adicional\/\" \/>\n<meta property=\"og:locale\" content=\"es_ES\" \/>\n<meta property=\"og:type\" content=\"article\" \/>\n<meta property=\"og:title\" content=\"R\u00e9gimen retributivo adicional - Salto Ecol\u00f3gico\" \/>\n<meta property=\"og:description\" content=\"Vivimos una suerte de realidad que a veces es trascendida por la ficci\u00f3n y donde las medias verdades y muchas veces mentiras se convierten en el pan nuestro de cada d\u00eda. A ra\u00edz del \u201ccero\u201d de La Gomera se ha creado un discurso en el que se da por sentado que todos nuestros males en [&hellip;]\" \/>\n<meta property=\"og:url\" content=\"https:\/\/saltoecologico.es\/index.php\/2023\/10\/08\/regimen-retributivo-adicional\/\" \/>\n<meta property=\"og:site_name\" content=\"Salto Ecol\u00f3gico\" \/>\n<meta property=\"article:publisher\" content=\"https:\/\/www.facebook.com\/Saltotransicionecologica\" \/>\n<meta property=\"article:published_time\" content=\"2023-10-08T08:53:00+00:00\" \/>\n<meta property=\"article:modified_time\" content=\"2025-04-18T08:54:15+00:00\" \/>\n<meta property=\"og:image\" content=\"https:\/\/saltoecologico.es\/wp-content\/uploads\/2025\/04\/Fosiles20.jpg\" \/>\n\t<meta property=\"og:image:width\" content=\"1024\" \/>\n\t<meta property=\"og:image:height\" content=\"576\" \/>\n\t<meta property=\"og:image:type\" content=\"image\/jpeg\" \/>\n<meta name=\"author\" content=\"admin\" \/>\n<meta name=\"twitter:card\" content=\"summary_large_image\" \/>\n<meta name=\"twitter:label1\" content=\"Escrito por\" \/>\n\t<meta name=\"twitter:data1\" content=\"admin\" \/>\n\t<meta name=\"twitter:label2\" content=\"Tiempo de lectura\" \/>\n\t<meta name=\"twitter:data2\" content=\"5 minutos\" \/>\n<script type=\"application\/ld+json\" class=\"yoast-schema-graph\">{\"@context\":\"https:\\\/\\\/schema.org\",\"@graph\":[{\"@type\":\"Article\",\"@id\":\"https:\\\/\\\/saltoecologico.es\\\/index.php\\\/2023\\\/10\\\/08\\\/regimen-retributivo-adicional\\\/#article\",\"isPartOf\":{\"@id\":\"https:\\\/\\\/saltoecologico.es\\\/index.php\\\/2023\\\/10\\\/08\\\/regimen-retributivo-adicional\\\/\"},\"author\":{\"name\":\"admin\",\"@id\":\"https:\\\/\\\/saltoecologico.es\\\/#\\\/schema\\\/person\\\/7175eec4b3c123d86c675313c3a01a0b\"},\"headline\":\"R\u00e9gimen retributivo adicional\",\"datePublished\":\"2023-10-08T08:53:00+00:00\",\"dateModified\":\"2025-04-18T08:54:15+00:00\",\"mainEntityOfPage\":{\"@id\":\"https:\\\/\\\/saltoecologico.es\\\/index.php\\\/2023\\\/10\\\/08\\\/regimen-retributivo-adicional\\\/\"},\"wordCount\":968,\"commentCount\":0,\"publisher\":{\"@id\":\"https:\\\/\\\/saltoecologico.es\\\/#organization\"},\"image\":{\"@id\":\"https:\\\/\\\/saltoecologico.es\\\/index.php\\\/2023\\\/10\\\/08\\\/regimen-retributivo-adicional\\\/#primaryimage\"},\"thumbnailUrl\":\"https:\\\/\\\/saltoecologico.es\\\/wp-content\\\/uploads\\\/2025\\\/04\\\/Fosiles20.jpg\",\"articleSection\":[\"General\"],\"inLanguage\":\"es\",\"potentialAction\":[{\"@type\":\"CommentAction\",\"name\":\"Comment\",\"target\":[\"https:\\\/\\\/saltoecologico.es\\\/index.php\\\/2023\\\/10\\\/08\\\/regimen-retributivo-adicional\\\/#respond\"]}]},{\"@type\":\"WebPage\",\"@id\":\"https:\\\/\\\/saltoecologico.es\\\/index.php\\\/2023\\\/10\\\/08\\\/regimen-retributivo-adicional\\\/\",\"url\":\"https:\\\/\\\/saltoecologico.es\\\/index.php\\\/2023\\\/10\\\/08\\\/regimen-retributivo-adicional\\\/\",\"name\":\"R\u00e9gimen retributivo adicional - Salto Ecol\u00f3gico\",\"isPartOf\":{\"@id\":\"https:\\\/\\\/saltoecologico.es\\\/#website\"},\"primaryImageOfPage\":{\"@id\":\"https:\\\/\\\/saltoecologico.es\\\/index.php\\\/2023\\\/10\\\/08\\\/regimen-retributivo-adicional\\\/#primaryimage\"},\"image\":{\"@id\":\"https:\\\/\\\/saltoecologico.es\\\/index.php\\\/2023\\\/10\\\/08\\\/regimen-retributivo-adicional\\\/#primaryimage\"},\"thumbnailUrl\":\"https:\\\/\\\/saltoecologico.es\\\/wp-content\\\/uploads\\\/2025\\\/04\\\/Fosiles20.jpg\",\"datePublished\":\"2023-10-08T08:53:00+00:00\",\"dateModified\":\"2025-04-18T08:54:15+00:00\",\"breadcrumb\":{\"@id\":\"https:\\\/\\\/saltoecologico.es\\\/index.php\\\/2023\\\/10\\\/08\\\/regimen-retributivo-adicional\\\/#breadcrumb\"},\"inLanguage\":\"es\",\"potentialAction\":[{\"@type\":\"ReadAction\",\"target\":[\"https:\\\/\\\/saltoecologico.es\\\/index.php\\\/2023\\\/10\\\/08\\\/regimen-retributivo-adicional\\\/\"]}]},{\"@type\":\"ImageObject\",\"inLanguage\":\"es\",\"@id\":\"https:\\\/\\\/saltoecologico.es\\\/index.php\\\/2023\\\/10\\\/08\\\/regimen-retributivo-adicional\\\/#primaryimage\",\"url\":\"https:\\\/\\\/saltoecologico.es\\\/wp-content\\\/uploads\\\/2025\\\/04\\\/Fosiles20.jpg\",\"contentUrl\":\"https:\\\/\\\/saltoecologico.es\\\/wp-content\\\/uploads\\\/2025\\\/04\\\/Fosiles20.jpg\",\"width\":1024,\"height\":576,\"caption\":\"Smoking factory chimneys. Environmental problem of pollution of environment and air in large cities. View of large plant with Smoking pipes. Timelapse.\"},{\"@type\":\"BreadcrumbList\",\"@id\":\"https:\\\/\\\/saltoecologico.es\\\/index.php\\\/2023\\\/10\\\/08\\\/regimen-retributivo-adicional\\\/#breadcrumb\",\"itemListElement\":[{\"@type\":\"ListItem\",\"position\":1,\"name\":\"Portada\",\"item\":\"https:\\\/\\\/saltoecologico.es\\\/\"},{\"@type\":\"ListItem\",\"position\":2,\"name\":\"R\u00e9gimen retributivo adicional\"}]},{\"@type\":\"WebSite\",\"@id\":\"https:\\\/\\\/saltoecologico.es\\\/#website\",\"url\":\"https:\\\/\\\/saltoecologico.es\\\/\",\"name\":\"Salto Ecol\u00f3gico\",\"description\":\"\",\"publisher\":{\"@id\":\"https:\\\/\\\/saltoecologico.es\\\/#organization\"},\"potentialAction\":[{\"@type\":\"SearchAction\",\"target\":{\"@type\":\"EntryPoint\",\"urlTemplate\":\"https:\\\/\\\/saltoecologico.es\\\/?s={search_term_string}\"},\"query-input\":{\"@type\":\"PropertyValueSpecification\",\"valueRequired\":true,\"valueName\":\"search_term_string\"}}],\"inLanguage\":\"es\"},{\"@type\":\"Organization\",\"@id\":\"https:\\\/\\\/saltoecologico.es\\\/#organization\",\"name\":\"Salto a la Transici\u00f3n Ecol\u00f3gica\",\"url\":\"https:\\\/\\\/saltoecologico.es\\\/\",\"logo\":{\"@type\":\"ImageObject\",\"inLanguage\":\"es\",\"@id\":\"https:\\\/\\\/saltoecologico.es\\\/#\\\/schema\\\/logo\\\/image\\\/\",\"url\":\"https:\\\/\\\/saltoecologico.es\\\/wp-content\\\/uploads\\\/2025\\\/04\\\/Logo-STE.jpg\",\"contentUrl\":\"https:\\\/\\\/saltoecologico.es\\\/wp-content\\\/uploads\\\/2025\\\/04\\\/Logo-STE.jpg\",\"width\":435,\"height\":435,\"caption\":\"Salto a la Transici\u00f3n Ecol\u00f3gica\"},\"image\":{\"@id\":\"https:\\\/\\\/saltoecologico.es\\\/#\\\/schema\\\/logo\\\/image\\\/\"},\"sameAs\":[\"https:\\\/\\\/www.facebook.com\\\/Saltotransicionecologica\"]},{\"@type\":\"Person\",\"@id\":\"https:\\\/\\\/saltoecologico.es\\\/#\\\/schema\\\/person\\\/7175eec4b3c123d86c675313c3a01a0b\",\"name\":\"admin\",\"image\":{\"@type\":\"ImageObject\",\"inLanguage\":\"es\",\"@id\":\"https:\\\/\\\/secure.gravatar.com\\\/avatar\\\/4c215dc57bbc7b2f2f470ac9bd197f3f112636a584e575a732d0206a2d9c9806?s=96&d=mm&r=g\",\"url\":\"https:\\\/\\\/secure.gravatar.com\\\/avatar\\\/4c215dc57bbc7b2f2f470ac9bd197f3f112636a584e575a732d0206a2d9c9806?s=96&d=mm&r=g\",\"contentUrl\":\"https:\\\/\\\/secure.gravatar.com\\\/avatar\\\/4c215dc57bbc7b2f2f470ac9bd197f3f112636a584e575a732d0206a2d9c9806?s=96&d=mm&r=g\",\"caption\":\"admin\"},\"sameAs\":[\"https:\\\/\\\/saltoecologico.es\"],\"url\":\"https:\\\/\\\/saltoecologico.es\\\/index.php\\\/author\\\/saltoecologico\\\/\"}]}<\/script>\n<!-- \/ Yoast SEO plugin. -->","yoast_head_json":{"title":"R\u00e9gimen retributivo adicional - Salto Ecol\u00f3gico","robots":{"index":"index","follow":"follow","max-snippet":"max-snippet:-1","max-image-preview":"max-image-preview:large","max-video-preview":"max-video-preview:-1"},"canonical":"https:\/\/saltoecologico.es\/index.php\/2023\/10\/08\/regimen-retributivo-adicional\/","og_locale":"es_ES","og_type":"article","og_title":"R\u00e9gimen retributivo adicional - Salto Ecol\u00f3gico","og_description":"Vivimos una suerte de realidad que a veces es trascendida por la ficci\u00f3n y donde las medias verdades y muchas veces mentiras se convierten en el pan nuestro de cada d\u00eda. A ra\u00edz del \u201ccero\u201d de La Gomera se ha creado un discurso en el que se da por sentado que todos nuestros males en [&hellip;]","og_url":"https:\/\/saltoecologico.es\/index.php\/2023\/10\/08\/regimen-retributivo-adicional\/","og_site_name":"Salto Ecol\u00f3gico","article_publisher":"https:\/\/www.facebook.com\/Saltotransicionecologica","article_published_time":"2023-10-08T08:53:00+00:00","article_modified_time":"2025-04-18T08:54:15+00:00","og_image":[{"width":1024,"height":576,"url":"https:\/\/saltoecologico.es\/wp-content\/uploads\/2025\/04\/Fosiles20.jpg","type":"image\/jpeg"}],"author":"admin","twitter_card":"summary_large_image","twitter_misc":{"Escrito por":"admin","Tiempo de lectura":"5 minutos"},"schema":{"@context":"https:\/\/schema.org","@graph":[{"@type":"Article","@id":"https:\/\/saltoecologico.es\/index.php\/2023\/10\/08\/regimen-retributivo-adicional\/#article","isPartOf":{"@id":"https:\/\/saltoecologico.es\/index.php\/2023\/10\/08\/regimen-retributivo-adicional\/"},"author":{"name":"admin","@id":"https:\/\/saltoecologico.es\/#\/schema\/person\/7175eec4b3c123d86c675313c3a01a0b"},"headline":"R\u00e9gimen retributivo adicional","datePublished":"2023-10-08T08:53:00+00:00","dateModified":"2025-04-18T08:54:15+00:00","mainEntityOfPage":{"@id":"https:\/\/saltoecologico.es\/index.php\/2023\/10\/08\/regimen-retributivo-adicional\/"},"wordCount":968,"commentCount":0,"publisher":{"@id":"https:\/\/saltoecologico.es\/#organization"},"image":{"@id":"https:\/\/saltoecologico.es\/index.php\/2023\/10\/08\/regimen-retributivo-adicional\/#primaryimage"},"thumbnailUrl":"https:\/\/saltoecologico.es\/wp-content\/uploads\/2025\/04\/Fosiles20.jpg","articleSection":["General"],"inLanguage":"es","potentialAction":[{"@type":"CommentAction","name":"Comment","target":["https:\/\/saltoecologico.es\/index.php\/2023\/10\/08\/regimen-retributivo-adicional\/#respond"]}]},{"@type":"WebPage","@id":"https:\/\/saltoecologico.es\/index.php\/2023\/10\/08\/regimen-retributivo-adicional\/","url":"https:\/\/saltoecologico.es\/index.php\/2023\/10\/08\/regimen-retributivo-adicional\/","name":"R\u00e9gimen retributivo adicional - Salto Ecol\u00f3gico","isPartOf":{"@id":"https:\/\/saltoecologico.es\/#website"},"primaryImageOfPage":{"@id":"https:\/\/saltoecologico.es\/index.php\/2023\/10\/08\/regimen-retributivo-adicional\/#primaryimage"},"image":{"@id":"https:\/\/saltoecologico.es\/index.php\/2023\/10\/08\/regimen-retributivo-adicional\/#primaryimage"},"thumbnailUrl":"https:\/\/saltoecologico.es\/wp-content\/uploads\/2025\/04\/Fosiles20.jpg","datePublished":"2023-10-08T08:53:00+00:00","dateModified":"2025-04-18T08:54:15+00:00","breadcrumb":{"@id":"https:\/\/saltoecologico.es\/index.php\/2023\/10\/08\/regimen-retributivo-adicional\/#breadcrumb"},"inLanguage":"es","potentialAction":[{"@type":"ReadAction","target":["https:\/\/saltoecologico.es\/index.php\/2023\/10\/08\/regimen-retributivo-adicional\/"]}]},{"@type":"ImageObject","inLanguage":"es","@id":"https:\/\/saltoecologico.es\/index.php\/2023\/10\/08\/regimen-retributivo-adicional\/#primaryimage","url":"https:\/\/saltoecologico.es\/wp-content\/uploads\/2025\/04\/Fosiles20.jpg","contentUrl":"https:\/\/saltoecologico.es\/wp-content\/uploads\/2025\/04\/Fosiles20.jpg","width":1024,"height":576,"caption":"Smoking factory chimneys. Environmental problem of pollution of environment and air in large cities. View of large plant with Smoking pipes. Timelapse."},{"@type":"BreadcrumbList","@id":"https:\/\/saltoecologico.es\/index.php\/2023\/10\/08\/regimen-retributivo-adicional\/#breadcrumb","itemListElement":[{"@type":"ListItem","position":1,"name":"Portada","item":"https:\/\/saltoecologico.es\/"},{"@type":"ListItem","position":2,"name":"R\u00e9gimen retributivo adicional"}]},{"@type":"WebSite","@id":"https:\/\/saltoecologico.es\/#website","url":"https:\/\/saltoecologico.es\/","name":"Salto Ecol\u00f3gico","description":"","publisher":{"@id":"https:\/\/saltoecologico.es\/#organization"},"potentialAction":[{"@type":"SearchAction","target":{"@type":"EntryPoint","urlTemplate":"https:\/\/saltoecologico.es\/?s={search_term_string}"},"query-input":{"@type":"PropertyValueSpecification","valueRequired":true,"valueName":"search_term_string"}}],"inLanguage":"es"},{"@type":"Organization","@id":"https:\/\/saltoecologico.es\/#organization","name":"Salto a la Transici\u00f3n Ecol\u00f3gica","url":"https:\/\/saltoecologico.es\/","logo":{"@type":"ImageObject","inLanguage":"es","@id":"https:\/\/saltoecologico.es\/#\/schema\/logo\/image\/","url":"https:\/\/saltoecologico.es\/wp-content\/uploads\/2025\/04\/Logo-STE.jpg","contentUrl":"https:\/\/saltoecologico.es\/wp-content\/uploads\/2025\/04\/Logo-STE.jpg","width":435,"height":435,"caption":"Salto a la Transici\u00f3n Ecol\u00f3gica"},"image":{"@id":"https:\/\/saltoecologico.es\/#\/schema\/logo\/image\/"},"sameAs":["https:\/\/www.facebook.com\/Saltotransicionecologica"]},{"@type":"Person","@id":"https:\/\/saltoecologico.es\/#\/schema\/person\/7175eec4b3c123d86c675313c3a01a0b","name":"admin","image":{"@type":"ImageObject","inLanguage":"es","@id":"https:\/\/secure.gravatar.com\/avatar\/4c215dc57bbc7b2f2f470ac9bd197f3f112636a584e575a732d0206a2d9c9806?s=96&d=mm&r=g","url":"https:\/\/secure.gravatar.com\/avatar\/4c215dc57bbc7b2f2f470ac9bd197f3f112636a584e575a732d0206a2d9c9806?s=96&d=mm&r=g","contentUrl":"https:\/\/secure.gravatar.com\/avatar\/4c215dc57bbc7b2f2f470ac9bd197f3f112636a584e575a732d0206a2d9c9806?s=96&d=mm&r=g","caption":"admin"},"sameAs":["https:\/\/saltoecologico.es"],"url":"https:\/\/saltoecologico.es\/index.php\/author\/saltoecologico\/"}]}},"_links":{"self":[{"href":"https:\/\/saltoecologico.es\/index.php\/wp-json\/wp\/v2\/posts\/691","targetHints":{"allow":["GET"]}}],"collection":[{"href":"https:\/\/saltoecologico.es\/index.php\/wp-json\/wp\/v2\/posts"}],"about":[{"href":"https:\/\/saltoecologico.es\/index.php\/wp-json\/wp\/v2\/types\/post"}],"author":[{"embeddable":true,"href":"https:\/\/saltoecologico.es\/index.php\/wp-json\/wp\/v2\/users\/1"}],"replies":[{"embeddable":true,"href":"https:\/\/saltoecologico.es\/index.php\/wp-json\/wp\/v2\/comments?post=691"}],"version-history":[{"count":1,"href":"https:\/\/saltoecologico.es\/index.php\/wp-json\/wp\/v2\/posts\/691\/revisions"}],"predecessor-version":[{"id":693,"href":"https:\/\/saltoecologico.es\/index.php\/wp-json\/wp\/v2\/posts\/691\/revisions\/693"}],"wp:featuredmedia":[{"embeddable":true,"href":"https:\/\/saltoecologico.es\/index.php\/wp-json\/wp\/v2\/media\/692"}],"wp:attachment":[{"href":"https:\/\/saltoecologico.es\/index.php\/wp-json\/wp\/v2\/media?parent=691"}],"wp:term":[{"taxonomy":"category","embeddable":true,"href":"https:\/\/saltoecologico.es\/index.php\/wp-json\/wp\/v2\/categories?post=691"},{"taxonomy":"post_tag","embeddable":true,"href":"https:\/\/saltoecologico.es\/index.php\/wp-json\/wp\/v2\/tags?post=691"}],"curies":[{"name":"wp","href":"https:\/\/api.w.org\/{rel}","templated":true}]}}