{"id":694,"date":"2023-10-10T08:55:00","date_gmt":"2023-10-10T08:55:00","guid":{"rendered":"https:\/\/saltoecologico.es\/?p=694"},"modified":"2025-04-18T08:56:16","modified_gmt":"2025-04-18T08:56:16","slug":"retribucion-adicional","status":"publish","type":"post","link":"https:\/\/saltoecologico.es\/index.php\/2023\/10\/10\/retribucion-adicional\/","title":{"rendered":"Retribuci\u00f3n adicional"},"content":{"rendered":"\n<p class=\"wp-block-paragraph\">No cabe duda de que cuando desde el sector pol\u00edtico se intenta explicar a la ciudadan\u00eda temas complejos, es muy loable que se intente hacer un ejercicio de simplificaci\u00f3n para que el mensaje a trasmitir alcance al mayor n\u00famero de personas posibles. El problema aparece cuando ese ejercicio de simplificaci\u00f3n pervierte el mensaje inicial y la informaci\u00f3n trasmitida produce confusi\u00f3n e interpretaciones err\u00f3neas. El problema se vuelve cr\u00f3nico cuando el conjunto del mundo pol\u00edtico y los medios de comunicaci\u00f3n comienzan a manejar esa exposici\u00f3n simplificada como el hecho cierto de lo que acontece.<\/p>\n\n\n\n<p class=\"wp-block-paragraph\">En el caso de la \u201cEmergencia Energ\u00e9tica\u201d declarada por el Gobierno de Canarias, ha ocurrido exactamente lo descrito. Para comenzar no existe un problema que afecte a todo el sector energ\u00e9tico, de existir, lo que existe es un desajuste en el sector el\u00e9ctrico, concretamente en la generaci\u00f3n el\u00e9ctrica. Concretamente y a ra\u00edz del \u201ccero\u201d de La Gomera, se ha puesto el grito en el cielo, porque al parecer las administraciones han descubierto, ahora, que muchos de los grupos de generaci\u00f3n el\u00e9ctrica, perteneciente a Unelco, tienen su vida \u00fatil regulatoria vencida y muchos de los que a\u00fan no la tienen lo har\u00e1n en breve. Seg\u00fan parece los grupos Diesel 1 y 2 de Las Salinas en Fuerteventura llevan 20 a\u00f1os con su vida \u00fatil regulatoria vencida y ninguna administraci\u00f3n lo hab\u00eda detectado. Seg\u00fan parece el hecho de que los Di\u00e9sel 6, 7, 8 y 9 de Guinchos en La Palma tambi\u00e9n llevaran m\u00e1s de 20 a\u00f1os con su vida \u00fatil regulatoria vencida, es otro hecho inexplicable que ha pasado inadvertido para todos nuestros mandatarios.<\/p>\n\n\n\n<p class=\"wp-block-paragraph\">Pues bien, a la hora de explicar porque se ha producido este hecho y de camino exonerar de cualquier tipo de responsabilidad a la empresa propietaria, se ha conseguido instalar en el imaginario colectivo la idea de que una legislaci\u00f3n perversa ha \u201cIMPEDIDO\u201d que bien Unelco o cualquier otra empresa, instalara grupos nuevos, porque exist\u00eda una \u201cPROHIBICI\u00d3N EXPRESA\u201d para que esto no ocurriera sin el llamado \u201cproceso de concurrencia competitiva\u201d que se\u00f1alaba la normativa correspondiente.<\/p>\n\n\n\n<p class=\"wp-block-paragraph\">Antes de continuar conviene aclarar que la Ley 24\/2013, de 26 de diciembre, del Sector El\u00e9ctrico dispone en su art\u00edculo 14 que la actividad de producci\u00f3n de energ\u00eda el\u00e9ctrica en los territorios extrapeninsulares pueda percibir una retribuci\u00f3n adicional. Esto es comprensible dado el car\u00e1cter insular, la lejan\u00eda y los sistemas aislados que provocan que generar electricidad en estas condiciones sea mucho m\u00e1s complejo y por tanto hay que incentivar a las empresas para que lo hagan.<\/p>\n\n\n\n<p class=\"wp-block-paragraph\">Continuando con el argumento, ninguna normativa asocia el instalar un grupo de generaci\u00f3n el\u00e9ctrica en Canarias con un proceso de concurrencia competitiva, lo que, si hace la Ley 17\/2013 y el Real Decreto 738\/2015, es fijar un proceso de concurrencia competitiva, PARA PODER ACCEDER A LA RETRIBUCI\u00d3N ADICIONAL. En otras palabras, si yo monto un grupo y quiero acceder a la retribuci\u00f3n adicional tengo que ir a un proceso de concurrencia competitiva, porque si no lo hago me quedo cobrando a precio de mercado, que por otro lado es lo que ocurre en el resto de Espa\u00f1a.<\/p>\n\n\n\n<p class=\"wp-block-paragraph\">Para cuantificar de lo que estamos hablando en el a\u00f1o 2014 se gener\u00f3 alrededor de 9.000.000 de MWh en toda Canarias. Esta generaci\u00f3n fue retribuida pr\u00e1cticamente en su totalidad con el r\u00e9gimen adicional y supuso unos 1.800 millones de euros. Si esta misma generaci\u00f3n hubiese sido retribuida con valores peninsulares el coste no hubiese pasado de los 380 millones de euros. Es decir, el sobrecoste que se produjo fue de algo m\u00e1s de 1.400 millones de euros.<\/p>\n\n\n\n<p class=\"wp-block-paragraph\">\u00bfPor tanto una empresa privada va a renovar grupos para cobrar tan solo 380 millones, cuando podr\u00eda cobrar por el mismo desempe\u00f1o 1.800 millones?.<\/p>\n\n\n\n<p class=\"wp-block-paragraph\">A ra\u00edz de esta declaraci\u00f3n de emergencia energ\u00e9tica existe una INVITACI\u00d3N PARA LA PRESENTACI\u00d3N DE PROPUESTAS PARA LA INSTALACI\u00d3N DE POTENCIA DE GENERACI\u00d3N ADICIONAL CON EL FIN DE CUBRIR LAS NECESIDADES DE EMERGENCIA EN LOS SISTEMAS EL\u00c9CTRICOS DE CANARIAS que precisa de una Orden Ministerial. Pero una vez m\u00e1s este pronunciamiento del Gobierno Central no ser\u00e1 para autorizar la instalaci\u00f3n de los grupos que es competencia del Gobierno de Canarias, ser\u00e1 para que estos grupos de emergencia se puedan acoger al r\u00e9gimen adicional que obviamente es mucho m\u00e1s rentables para las empresas interesadas.<\/p>\n\n\n\n<p class=\"wp-block-paragraph\">Nosotros no estamos en contra de la retribuci\u00f3n adicional, hasta hay podr\u00edamos llegar, de lo que estamos en contra es de que se utilice la retribuci\u00f3n adicional como \u00fanica forma de instalar grupos de generaci\u00f3n el\u00e9ctrica en Canarias.<\/p>\n\n\n\n<p class=\"wp-block-paragraph\">Creemos que los ciudadanos tienen el derecho a recibir una informaci\u00f3n veraz y cierta de sus mandatarios para que puedan obrar en consecuencia y si una empresa o varias, est\u00e1n haciendo el agosto en Canarias, con un servicio b\u00e1sico como es la generaci\u00f3n el\u00e9ctrica y es un hecho que no se puede evitar, en caso de que as\u00ed sea, tienen el derecho a saberlo por boca de sus representantes elegidos democr\u00e1ticamente en las urnas y no a recibir un relato m\u00e1s o menos camuflado de una realidad cruda pero tangible.<\/p>\n","protected":false},"excerpt":{"rendered":"<p>No cabe duda de que cuando desde el sector pol\u00edtico se intenta explicar a la ciudadan\u00eda temas complejos, es muy loable que se intente hacer un ejercicio de simplificaci\u00f3n para que el mensaje a trasmitir alcance al mayor n\u00famero de personas posibles. El problema aparece cuando ese ejercicio de simplificaci\u00f3n pervierte el mensaje inicial y [&hellip;]<\/p>\n","protected":false},"author":1,"featured_media":695,"comment_status":"open","ping_status":"open","sticky":false,"template":"","format":"standard","meta":{"footnotes":""},"categories":[55],"tags":[],"class_list":["post-694","post","type-post","status-publish","format-standard","has-post-thumbnail","category-general"],"yoast_head":"<!-- This site is optimized with the Yoast SEO plugin v28.2 - https:\/\/yoast.com\/product\/yoast-seo-wordpress\/ -->\n<title>Retribuci\u00f3n adicional - Salto Ecol\u00f3gico<\/title>\n<meta name=\"robots\" content=\"index, follow, max-snippet:-1, max-image-preview:large, max-video-preview:-1\" \/>\n<link rel=\"canonical\" href=\"https:\/\/saltoecologico.es\/index.php\/2023\/10\/10\/retribucion-adicional\/\" \/>\n<meta property=\"og:locale\" content=\"es_ES\" \/>\n<meta property=\"og:type\" content=\"article\" \/>\n<meta property=\"og:title\" content=\"Retribuci\u00f3n adicional - Salto Ecol\u00f3gico\" \/>\n<meta property=\"og:description\" content=\"No cabe duda de que cuando desde el sector pol\u00edtico se intenta explicar a la ciudadan\u00eda temas complejos, es muy loable que se intente hacer un ejercicio de simplificaci\u00f3n para que el mensaje a trasmitir alcance al mayor n\u00famero de personas posibles. El problema aparece cuando ese ejercicio de simplificaci\u00f3n pervierte el mensaje inicial y [&hellip;]\" \/>\n<meta property=\"og:url\" content=\"https:\/\/saltoecologico.es\/index.php\/2023\/10\/10\/retribucion-adicional\/\" \/>\n<meta property=\"og:site_name\" content=\"Salto Ecol\u00f3gico\" \/>\n<meta property=\"article:publisher\" content=\"https:\/\/www.facebook.com\/Saltotransicionecologica\" \/>\n<meta property=\"article:published_time\" content=\"2023-10-10T08:55:00+00:00\" \/>\n<meta property=\"article:modified_time\" content=\"2025-04-18T08:56:16+00:00\" \/>\n<meta property=\"og:image\" content=\"https:\/\/saltoecologico.es\/wp-content\/uploads\/2025\/04\/Fosiles21.jpg\" \/>\n\t<meta property=\"og:image:width\" content=\"1024\" \/>\n\t<meta property=\"og:image:height\" content=\"683\" \/>\n\t<meta property=\"og:image:type\" content=\"image\/jpeg\" \/>\n<meta name=\"author\" content=\"admin\" \/>\n<meta name=\"twitter:card\" content=\"summary_large_image\" \/>\n<meta name=\"twitter:label1\" content=\"Escrito por\" \/>\n\t<meta name=\"twitter:data1\" content=\"admin\" \/>\n\t<meta name=\"twitter:label2\" content=\"Tiempo de lectura\" \/>\n\t<meta name=\"twitter:data2\" content=\"5 minutos\" \/>\n<script type=\"application\/ld+json\" class=\"yoast-schema-graph\">{\"@context\":\"https:\\\/\\\/schema.org\",\"@graph\":[{\"@type\":\"Article\",\"@id\":\"https:\\\/\\\/saltoecologico.es\\\/index.php\\\/2023\\\/10\\\/10\\\/retribucion-adicional\\\/#article\",\"isPartOf\":{\"@id\":\"https:\\\/\\\/saltoecologico.es\\\/index.php\\\/2023\\\/10\\\/10\\\/retribucion-adicional\\\/\"},\"author\":{\"name\":\"admin\",\"@id\":\"https:\\\/\\\/saltoecologico.es\\\/#\\\/schema\\\/person\\\/7175eec4b3c123d86c675313c3a01a0b\"},\"headline\":\"Retribuci\u00f3n adicional\",\"datePublished\":\"2023-10-10T08:55:00+00:00\",\"dateModified\":\"2025-04-18T08:56:16+00:00\",\"mainEntityOfPage\":{\"@id\":\"https:\\\/\\\/saltoecologico.es\\\/index.php\\\/2023\\\/10\\\/10\\\/retribucion-adicional\\\/\"},\"wordCount\":900,\"commentCount\":0,\"publisher\":{\"@id\":\"https:\\\/\\\/saltoecologico.es\\\/#organization\"},\"image\":{\"@id\":\"https:\\\/\\\/saltoecologico.es\\\/index.php\\\/2023\\\/10\\\/10\\\/retribucion-adicional\\\/#primaryimage\"},\"thumbnailUrl\":\"https:\\\/\\\/saltoecologico.es\\\/wp-content\\\/uploads\\\/2025\\\/04\\\/Fosiles21.jpg\",\"articleSection\":[\"General\"],\"inLanguage\":\"es\",\"potentialAction\":[{\"@type\":\"CommentAction\",\"name\":\"Comment\",\"target\":[\"https:\\\/\\\/saltoecologico.es\\\/index.php\\\/2023\\\/10\\\/10\\\/retribucion-adicional\\\/#respond\"]}]},{\"@type\":\"WebPage\",\"@id\":\"https:\\\/\\\/saltoecologico.es\\\/index.php\\\/2023\\\/10\\\/10\\\/retribucion-adicional\\\/\",\"url\":\"https:\\\/\\\/saltoecologico.es\\\/index.php\\\/2023\\\/10\\\/10\\\/retribucion-adicional\\\/\",\"name\":\"Retribuci\u00f3n adicional - Salto Ecol\u00f3gico\",\"isPartOf\":{\"@id\":\"https:\\\/\\\/saltoecologico.es\\\/#website\"},\"primaryImageOfPage\":{\"@id\":\"https:\\\/\\\/saltoecologico.es\\\/index.php\\\/2023\\\/10\\\/10\\\/retribucion-adicional\\\/#primaryimage\"},\"image\":{\"@id\":\"https:\\\/\\\/saltoecologico.es\\\/index.php\\\/2023\\\/10\\\/10\\\/retribucion-adicional\\\/#primaryimage\"},\"thumbnailUrl\":\"https:\\\/\\\/saltoecologico.es\\\/wp-content\\\/uploads\\\/2025\\\/04\\\/Fosiles21.jpg\",\"datePublished\":\"2023-10-10T08:55:00+00:00\",\"dateModified\":\"2025-04-18T08:56:16+00:00\",\"breadcrumb\":{\"@id\":\"https:\\\/\\\/saltoecologico.es\\\/index.php\\\/2023\\\/10\\\/10\\\/retribucion-adicional\\\/#breadcrumb\"},\"inLanguage\":\"es\",\"potentialAction\":[{\"@type\":\"ReadAction\",\"target\":[\"https:\\\/\\\/saltoecologico.es\\\/index.php\\\/2023\\\/10\\\/10\\\/retribucion-adicional\\\/\"]}]},{\"@type\":\"ImageObject\",\"inLanguage\":\"es\",\"@id\":\"https:\\\/\\\/saltoecologico.es\\\/index.php\\\/2023\\\/10\\\/10\\\/retribucion-adicional\\\/#primaryimage\",\"url\":\"https:\\\/\\\/saltoecologico.es\\\/wp-content\\\/uploads\\\/2025\\\/04\\\/Fosiles21.jpg\",\"contentUrl\":\"https:\\\/\\\/saltoecologico.es\\\/wp-content\\\/uploads\\\/2025\\\/04\\\/Fosiles21.jpg\",\"width\":1024,\"height\":683,\"caption\":\"Factory chimneys release dense dark smoke into the air, colored by sunset hues. Industrial pollution of a metropolis.\"},{\"@type\":\"BreadcrumbList\",\"@id\":\"https:\\\/\\\/saltoecologico.es\\\/index.php\\\/2023\\\/10\\\/10\\\/retribucion-adicional\\\/#breadcrumb\",\"itemListElement\":[{\"@type\":\"ListItem\",\"position\":1,\"name\":\"Portada\",\"item\":\"https:\\\/\\\/saltoecologico.es\\\/\"},{\"@type\":\"ListItem\",\"position\":2,\"name\":\"Retribuci\u00f3n adicional\"}]},{\"@type\":\"WebSite\",\"@id\":\"https:\\\/\\\/saltoecologico.es\\\/#website\",\"url\":\"https:\\\/\\\/saltoecologico.es\\\/\",\"name\":\"Salto Ecol\u00f3gico\",\"description\":\"\",\"publisher\":{\"@id\":\"https:\\\/\\\/saltoecologico.es\\\/#organization\"},\"potentialAction\":[{\"@type\":\"SearchAction\",\"target\":{\"@type\":\"EntryPoint\",\"urlTemplate\":\"https:\\\/\\\/saltoecologico.es\\\/?s={search_term_string}\"},\"query-input\":{\"@type\":\"PropertyValueSpecification\",\"valueRequired\":true,\"valueName\":\"search_term_string\"}}],\"inLanguage\":\"es\"},{\"@type\":\"Organization\",\"@id\":\"https:\\\/\\\/saltoecologico.es\\\/#organization\",\"name\":\"Salto a la Transici\u00f3n Ecol\u00f3gica\",\"url\":\"https:\\\/\\\/saltoecologico.es\\\/\",\"logo\":{\"@type\":\"ImageObject\",\"inLanguage\":\"es\",\"@id\":\"https:\\\/\\\/saltoecologico.es\\\/#\\\/schema\\\/logo\\\/image\\\/\",\"url\":\"https:\\\/\\\/saltoecologico.es\\\/wp-content\\\/uploads\\\/2025\\\/04\\\/Logo-STE.jpg\",\"contentUrl\":\"https:\\\/\\\/saltoecologico.es\\\/wp-content\\\/uploads\\\/2025\\\/04\\\/Logo-STE.jpg\",\"width\":435,\"height\":435,\"caption\":\"Salto a la Transici\u00f3n Ecol\u00f3gica\"},\"image\":{\"@id\":\"https:\\\/\\\/saltoecologico.es\\\/#\\\/schema\\\/logo\\\/image\\\/\"},\"sameAs\":[\"https:\\\/\\\/www.facebook.com\\\/Saltotransicionecologica\"]},{\"@type\":\"Person\",\"@id\":\"https:\\\/\\\/saltoecologico.es\\\/#\\\/schema\\\/person\\\/7175eec4b3c123d86c675313c3a01a0b\",\"name\":\"admin\",\"image\":{\"@type\":\"ImageObject\",\"inLanguage\":\"es\",\"@id\":\"https:\\\/\\\/secure.gravatar.com\\\/avatar\\\/4c215dc57bbc7b2f2f470ac9bd197f3f112636a584e575a732d0206a2d9c9806?s=96&d=mm&r=g\",\"url\":\"https:\\\/\\\/secure.gravatar.com\\\/avatar\\\/4c215dc57bbc7b2f2f470ac9bd197f3f112636a584e575a732d0206a2d9c9806?s=96&d=mm&r=g\",\"contentUrl\":\"https:\\\/\\\/secure.gravatar.com\\\/avatar\\\/4c215dc57bbc7b2f2f470ac9bd197f3f112636a584e575a732d0206a2d9c9806?s=96&d=mm&r=g\",\"caption\":\"admin\"},\"sameAs\":[\"https:\\\/\\\/saltoecologico.es\"],\"url\":\"https:\\\/\\\/saltoecologico.es\\\/index.php\\\/author\\\/saltoecologico\\\/\"}]}<\/script>\n<!-- \/ Yoast SEO plugin. -->","yoast_head_json":{"title":"Retribuci\u00f3n adicional - Salto Ecol\u00f3gico","robots":{"index":"index","follow":"follow","max-snippet":"max-snippet:-1","max-image-preview":"max-image-preview:large","max-video-preview":"max-video-preview:-1"},"canonical":"https:\/\/saltoecologico.es\/index.php\/2023\/10\/10\/retribucion-adicional\/","og_locale":"es_ES","og_type":"article","og_title":"Retribuci\u00f3n adicional - Salto Ecol\u00f3gico","og_description":"No cabe duda de que cuando desde el sector pol\u00edtico se intenta explicar a la ciudadan\u00eda temas complejos, es muy loable que se intente hacer un ejercicio de simplificaci\u00f3n para que el mensaje a trasmitir alcance al mayor n\u00famero de personas posibles. El problema aparece cuando ese ejercicio de simplificaci\u00f3n pervierte el mensaje inicial y [&hellip;]","og_url":"https:\/\/saltoecologico.es\/index.php\/2023\/10\/10\/retribucion-adicional\/","og_site_name":"Salto Ecol\u00f3gico","article_publisher":"https:\/\/www.facebook.com\/Saltotransicionecologica","article_published_time":"2023-10-10T08:55:00+00:00","article_modified_time":"2025-04-18T08:56:16+00:00","og_image":[{"width":1024,"height":683,"url":"https:\/\/saltoecologico.es\/wp-content\/uploads\/2025\/04\/Fosiles21.jpg","type":"image\/jpeg"}],"author":"admin","twitter_card":"summary_large_image","twitter_misc":{"Escrito por":"admin","Tiempo de lectura":"5 minutos"},"schema":{"@context":"https:\/\/schema.org","@graph":[{"@type":"Article","@id":"https:\/\/saltoecologico.es\/index.php\/2023\/10\/10\/retribucion-adicional\/#article","isPartOf":{"@id":"https:\/\/saltoecologico.es\/index.php\/2023\/10\/10\/retribucion-adicional\/"},"author":{"name":"admin","@id":"https:\/\/saltoecologico.es\/#\/schema\/person\/7175eec4b3c123d86c675313c3a01a0b"},"headline":"Retribuci\u00f3n adicional","datePublished":"2023-10-10T08:55:00+00:00","dateModified":"2025-04-18T08:56:16+00:00","mainEntityOfPage":{"@id":"https:\/\/saltoecologico.es\/index.php\/2023\/10\/10\/retribucion-adicional\/"},"wordCount":900,"commentCount":0,"publisher":{"@id":"https:\/\/saltoecologico.es\/#organization"},"image":{"@id":"https:\/\/saltoecologico.es\/index.php\/2023\/10\/10\/retribucion-adicional\/#primaryimage"},"thumbnailUrl":"https:\/\/saltoecologico.es\/wp-content\/uploads\/2025\/04\/Fosiles21.jpg","articleSection":["General"],"inLanguage":"es","potentialAction":[{"@type":"CommentAction","name":"Comment","target":["https:\/\/saltoecologico.es\/index.php\/2023\/10\/10\/retribucion-adicional\/#respond"]}]},{"@type":"WebPage","@id":"https:\/\/saltoecologico.es\/index.php\/2023\/10\/10\/retribucion-adicional\/","url":"https:\/\/saltoecologico.es\/index.php\/2023\/10\/10\/retribucion-adicional\/","name":"Retribuci\u00f3n adicional - Salto Ecol\u00f3gico","isPartOf":{"@id":"https:\/\/saltoecologico.es\/#website"},"primaryImageOfPage":{"@id":"https:\/\/saltoecologico.es\/index.php\/2023\/10\/10\/retribucion-adicional\/#primaryimage"},"image":{"@id":"https:\/\/saltoecologico.es\/index.php\/2023\/10\/10\/retribucion-adicional\/#primaryimage"},"thumbnailUrl":"https:\/\/saltoecologico.es\/wp-content\/uploads\/2025\/04\/Fosiles21.jpg","datePublished":"2023-10-10T08:55:00+00:00","dateModified":"2025-04-18T08:56:16+00:00","breadcrumb":{"@id":"https:\/\/saltoecologico.es\/index.php\/2023\/10\/10\/retribucion-adicional\/#breadcrumb"},"inLanguage":"es","potentialAction":[{"@type":"ReadAction","target":["https:\/\/saltoecologico.es\/index.php\/2023\/10\/10\/retribucion-adicional\/"]}]},{"@type":"ImageObject","inLanguage":"es","@id":"https:\/\/saltoecologico.es\/index.php\/2023\/10\/10\/retribucion-adicional\/#primaryimage","url":"https:\/\/saltoecologico.es\/wp-content\/uploads\/2025\/04\/Fosiles21.jpg","contentUrl":"https:\/\/saltoecologico.es\/wp-content\/uploads\/2025\/04\/Fosiles21.jpg","width":1024,"height":683,"caption":"Factory chimneys release dense dark smoke into the air, colored by sunset hues. Industrial pollution of a metropolis."},{"@type":"BreadcrumbList","@id":"https:\/\/saltoecologico.es\/index.php\/2023\/10\/10\/retribucion-adicional\/#breadcrumb","itemListElement":[{"@type":"ListItem","position":1,"name":"Portada","item":"https:\/\/saltoecologico.es\/"},{"@type":"ListItem","position":2,"name":"Retribuci\u00f3n adicional"}]},{"@type":"WebSite","@id":"https:\/\/saltoecologico.es\/#website","url":"https:\/\/saltoecologico.es\/","name":"Salto Ecol\u00f3gico","description":"","publisher":{"@id":"https:\/\/saltoecologico.es\/#organization"},"potentialAction":[{"@type":"SearchAction","target":{"@type":"EntryPoint","urlTemplate":"https:\/\/saltoecologico.es\/?s={search_term_string}"},"query-input":{"@type":"PropertyValueSpecification","valueRequired":true,"valueName":"search_term_string"}}],"inLanguage":"es"},{"@type":"Organization","@id":"https:\/\/saltoecologico.es\/#organization","name":"Salto a la Transici\u00f3n Ecol\u00f3gica","url":"https:\/\/saltoecologico.es\/","logo":{"@type":"ImageObject","inLanguage":"es","@id":"https:\/\/saltoecologico.es\/#\/schema\/logo\/image\/","url":"https:\/\/saltoecologico.es\/wp-content\/uploads\/2025\/04\/Logo-STE.jpg","contentUrl":"https:\/\/saltoecologico.es\/wp-content\/uploads\/2025\/04\/Logo-STE.jpg","width":435,"height":435,"caption":"Salto a la Transici\u00f3n Ecol\u00f3gica"},"image":{"@id":"https:\/\/saltoecologico.es\/#\/schema\/logo\/image\/"},"sameAs":["https:\/\/www.facebook.com\/Saltotransicionecologica"]},{"@type":"Person","@id":"https:\/\/saltoecologico.es\/#\/schema\/person\/7175eec4b3c123d86c675313c3a01a0b","name":"admin","image":{"@type":"ImageObject","inLanguage":"es","@id":"https:\/\/secure.gravatar.com\/avatar\/4c215dc57bbc7b2f2f470ac9bd197f3f112636a584e575a732d0206a2d9c9806?s=96&d=mm&r=g","url":"https:\/\/secure.gravatar.com\/avatar\/4c215dc57bbc7b2f2f470ac9bd197f3f112636a584e575a732d0206a2d9c9806?s=96&d=mm&r=g","contentUrl":"https:\/\/secure.gravatar.com\/avatar\/4c215dc57bbc7b2f2f470ac9bd197f3f112636a584e575a732d0206a2d9c9806?s=96&d=mm&r=g","caption":"admin"},"sameAs":["https:\/\/saltoecologico.es"],"url":"https:\/\/saltoecologico.es\/index.php\/author\/saltoecologico\/"}]}},"_links":{"self":[{"href":"https:\/\/saltoecologico.es\/index.php\/wp-json\/wp\/v2\/posts\/694","targetHints":{"allow":["GET"]}}],"collection":[{"href":"https:\/\/saltoecologico.es\/index.php\/wp-json\/wp\/v2\/posts"}],"about":[{"href":"https:\/\/saltoecologico.es\/index.php\/wp-json\/wp\/v2\/types\/post"}],"author":[{"embeddable":true,"href":"https:\/\/saltoecologico.es\/index.php\/wp-json\/wp\/v2\/users\/1"}],"replies":[{"embeddable":true,"href":"https:\/\/saltoecologico.es\/index.php\/wp-json\/wp\/v2\/comments?post=694"}],"version-history":[{"count":1,"href":"https:\/\/saltoecologico.es\/index.php\/wp-json\/wp\/v2\/posts\/694\/revisions"}],"predecessor-version":[{"id":696,"href":"https:\/\/saltoecologico.es\/index.php\/wp-json\/wp\/v2\/posts\/694\/revisions\/696"}],"wp:featuredmedia":[{"embeddable":true,"href":"https:\/\/saltoecologico.es\/index.php\/wp-json\/wp\/v2\/media\/695"}],"wp:attachment":[{"href":"https:\/\/saltoecologico.es\/index.php\/wp-json\/wp\/v2\/media?parent=694"}],"wp:term":[{"taxonomy":"category","embeddable":true,"href":"https:\/\/saltoecologico.es\/index.php\/wp-json\/wp\/v2\/categories?post=694"},{"taxonomy":"post_tag","embeddable":true,"href":"https:\/\/saltoecologico.es\/index.php\/wp-json\/wp\/v2\/tags?post=694"}],"curies":[{"name":"wp","href":"https:\/\/api.w.org\/{rel}","templated":true}]}}